{"id":14417,"date":"2020-11-16T17:39:16","date_gmt":"2020-11-16T16:39:16","guid":{"rendered":"http:\/\/www.planetel.it\/2020\/11\/planetel-diventa-s-p-a\/"},"modified":"2024-06-27T14:48:06","modified_gmt":"2024-06-27T12:48:06","slug":"planetel-diventa-s-p-a","status":"publish","type":"post","link":"https:\/\/www.planetel.it\/en\/2020\/11\/planetel-diventa-s-p-a\/","title":{"rendered":"Planetel diventa S.p.A."},"content":{"rendered":"<h4>Oggi si realizza un passaggio storico per Planetel, che consolida le fondamenta della societ\u00e0, pronta a rilanciare al futuro : la trasformazione da S.r.l. a S.p.A.<\/h4>\n<p>La trasformazione in Societ\u00e0 per Azioni rappresenta la naturale evoluzione del percorso di crescita che l&#8217;azienda ha intrapreso sin dai primi anni di vita, con l\u2019acquisizione di alcune societ\u00e0 lombarde e venete attive nel mercato della connettivit\u00e0 a banda ultralarga e dei servizi web, l\u2019avvio dei progetti di posa in opera di reti proprietarie in fibra ottica e la successiva apertura, nel 2016, della filiale di Bussolengo (VR).<\/p>\n<p>Nel 2019, l\u2019ammissione al programma internazionale Elite del London Stock Exchange Group e la sottoscrizione da parte di Unicredit di minibond per 1,5 milioni di Euro hanno ulteriormente convalidato il successo di Planetel, che oggi vanta una significativa copertura del territorio e una rete di 1.400 Km di cavi in fibra ottica.<\/p>\n<p>Bruno Pianetti, CEO e founder di Planetel, dichiara: \u201cStiamo per chiudere un 2020 assolutamente positivo, con un fatturato di Gruppo decisamente incoraggiante, 10 nuove assunzioni e il numero di Comuni da noi cablati che ha raggiunto quota 100: 80 in provincia di Bergamo, 17 in provincia di Verona, 2 in quella di Brescia e uno nel Mantovano. Siamo una realt\u00e0 in piena espansione e con una forte solidit\u00e0 economica. Questo passo conferma e rinforza il nostro ruolo nel mercato delle TLC: \u00e8 il primo step all\u2019interno di un piano strategico a lungo termine, che orienter\u00e0 l\u2019azienda al futuro con nuove prospettive e investimenti sempre crescenti nel segno dell\u2019innovazione e del miglioramento costante di processi, prodotti e servizi tecnologici\u201d.<\/p>\n<p>La trasformazione dell\u2019assetto societario esprime la volont\u00e0 di Planetel di confermare la propria leadership nel settore dei servizi TLC e rappresenta per clienti e partner un\u2019ulteriore garanzia di affidabilit\u00e0. \u201cLa nuova forma giuridica \u2013 afferma Pianetti &#8211; \u00e8 per noi un nodo strategico per assicurare il continuo sviluppo della nostra infrastruttura e irradiare il territorio con la connettivit\u00e0 della fibra. In un mondo in cui scambiarsi dati \u00e8 un\u2019attivit\u00e0 fondamentale e incessante, una sorta di motore invisibile che sospinge economia, cultura e relazioni, noi del Gruppo Planetel abbiamo un compito prezioso: mantenere in contatto le comunit\u00e0 e rispondere ai bisogni emergenti con sicurezza, efficienza e rapidit\u00e0. Perch\u00e9 la fibra \u00e8 il driver dell\u2019innovazione digitale che trasformer\u00e0 i nostri centri urbani nelle smart city di domani, e questo salto era necessario per prepararci alle evoluzioni a cui saremo chiamati in un futuro molto prossimo\u201d.<\/p>\n<p>Con questa operazione, Planetel consolida anche la propria posizione di capofila del Gruppo omonimo, che comprende un pool integrato di societ\u00e0 specializzate in grado di offrire una gamma di servizi che spaziano dal networking ai centralini virtuali in cloud, passando per l\u2019office automation, l\u2019arredamento per ufficio, l\u2019erogazione di servizi Internet come hosting, housing e server di posta, per arrivare alla fibra ottica. A tutti gli effetti un System Integrator a 360\u00b0 nel mondo ICT con soluzioni sia per clienti pubblici che privati.<\/p>\n","protected":false},"excerpt":{"rendered":"<p>Oggi si realizza un passaggio storico per Planetel, che consolida le fondamenta della societ\u00e0, pronta a rilanciare al futuro : la trasformazione da S.r.l. a S.p.A. La trasformazione in Societ\u00e0 per Azioni rappresenta la naturale evoluzione del percorso di crescita che l&#8217;azienda ha intrapreso sin dai primi anni di vita, con l\u2019acquisizione di alcune societ\u00e0 [&hellip;]<\/p>\n","protected":false},"author":1,"featured_media":14418,"comment_status":"closed","ping_status":"closed","sticky":false,"template":"","format":"standard","meta":{"_acf_changed":false,"footnotes":""},"categories":[672,734],"tags":[],"service_category":[],"class_list":["post-14417","post","type-post","status-publish","format-standard","has-post-thumbnail","hentry","category-planetel","category-investitori"],"acf":[],"yoast_head":"<!-- This site is optimized with the Yoast SEO plugin v27.3 - https:\/\/yoast.com\/product\/yoast-seo-wordpress\/ -->\n<title>Planetel diventa S.p.A. | Planetel<\/title>\n<meta name=\"description\" content=\"Plantel in prima fila per l\u2019erogazione di servizi Internet come hosting, housing e server di posta, fibra ottica veloce\" \/>\n<meta name=\"robots\" content=\"index, follow, max-snippet:-1, max-image-preview:large, max-video-preview:-1\" \/>\n<link rel=\"canonical\" href=\"https:\/\/www.planetel.it\/en\/2020\/11\/planetel-diventa-s-p-a\/\" \/>\n<meta property=\"og:locale\" content=\"en_US\" \/>\n<meta property=\"og:type\" content=\"article\" \/>\n<meta property=\"og:title\" content=\"Planetel diventa S.p.A. | Planetel\" \/>\n<meta property=\"og:description\" content=\"Plantel in prima fila per l\u2019erogazione di servizi Internet come hosting, housing e server di posta, fibra ottica veloce\" \/>\n<meta property=\"og:url\" content=\"https:\/\/www.planetel.it\/en\/2020\/11\/planetel-diventa-s-p-a\/\" \/>\n<meta property=\"og:site_name\" content=\"Planetel\" \/>\n<meta property=\"article:publisher\" content=\"https:\/\/www.facebook.com\/planetelspa\" \/>\n<meta property=\"article:published_time\" content=\"2020-11-16T16:39:16+00:00\" \/>\n<meta property=\"article:modified_time\" content=\"2024-06-27T12:48:06+00:00\" \/>\n<meta property=\"og:image\" content=\"https:\/\/preprod-www.planetel.it\/wp-content\/uploads\/2024\/05\/Comunicato-Stampa_Cabinet-02.png\" \/>\n\t<meta property=\"og:image:width\" content=\"3336\" \/>\n\t<meta property=\"og:image:height\" content=\"2613\" \/>\n\t<meta property=\"og:image:type\" content=\"image\/png\" \/>\n<meta name=\"twitter:card\" content=\"summary_large_image\" \/>\n<meta name=\"twitter:label1\" content=\"Written by\" \/>\n\t<meta name=\"twitter:data1\" content=\"Valeo Studio\" \/>\n\t<meta name=\"twitter:label2\" content=\"Est. reading time\" \/>\n\t<meta name=\"twitter:data2\" content=\"3 minutes\" \/>\n<script type=\"application\/ld+json\" class=\"yoast-schema-graph\">{\"@context\":\"https:\\\/\\\/schema.org\",\"@graph\":[{\"@type\":\"Article\",\"@id\":\"https:\\\/\\\/www.planetel.it\\\/en\\\/2020\\\/11\\\/planetel-diventa-s-p-a\\\/#article\",\"isPartOf\":{\"@id\":\"https:\\\/\\\/www.planetel.it\\\/en\\\/2020\\\/11\\\/planetel-diventa-s-p-a\\\/\"},\"author\":{\"name\":\"Valeo Studio\",\"@id\":\"https:\\\/\\\/www.planetel.it\\\/en\\\/#\\\/schema\\\/person\\\/78108bf36c2d4d915437e2a764b23c5b\"},\"headline\":\"Planetel diventa S.p.A.\",\"datePublished\":\"2020-11-16T16:39:16+00:00\",\"dateModified\":\"2024-06-27T12:48:06+00:00\",\"mainEntityOfPage\":{\"@id\":\"https:\\\/\\\/www.planetel.it\\\/en\\\/2020\\\/11\\\/planetel-diventa-s-p-a\\\/\"},\"wordCount\":495,\"publisher\":{\"@id\":\"https:\\\/\\\/www.planetel.it\\\/en\\\/#organization\"},\"image\":{\"@id\":\"https:\\\/\\\/www.planetel.it\\\/en\\\/2020\\\/11\\\/planetel-diventa-s-p-a\\\/#primaryimage\"},\"thumbnailUrl\":\"https:\\\/\\\/www.planetel.it\\\/wp-content\\\/uploads\\\/2024\\\/05\\\/Comunicato-Stampa_Cabinet-02.png\",\"articleSection\":[\"Planetel\",\"Investitori\"],\"inLanguage\":\"en-US\"},{\"@type\":\"WebPage\",\"@id\":\"https:\\\/\\\/www.planetel.it\\\/en\\\/2020\\\/11\\\/planetel-diventa-s-p-a\\\/\",\"url\":\"https:\\\/\\\/www.planetel.it\\\/en\\\/2020\\\/11\\\/planetel-diventa-s-p-a\\\/\",\"name\":\"Planetel diventa S.p.A. | Planetel\",\"isPartOf\":{\"@id\":\"https:\\\/\\\/www.planetel.it\\\/en\\\/#website\"},\"primaryImageOfPage\":{\"@id\":\"https:\\\/\\\/www.planetel.it\\\/en\\\/2020\\\/11\\\/planetel-diventa-s-p-a\\\/#primaryimage\"},\"image\":{\"@id\":\"https:\\\/\\\/www.planetel.it\\\/en\\\/2020\\\/11\\\/planetel-diventa-s-p-a\\\/#primaryimage\"},\"thumbnailUrl\":\"https:\\\/\\\/www.planetel.it\\\/wp-content\\\/uploads\\\/2024\\\/05\\\/Comunicato-Stampa_Cabinet-02.png\",\"datePublished\":\"2020-11-16T16:39:16+00:00\",\"dateModified\":\"2024-06-27T12:48:06+00:00\",\"description\":\"Plantel in prima fila per l\u2019erogazione di servizi Internet come hosting, housing e server di posta, fibra ottica veloce\",\"breadcrumb\":{\"@id\":\"https:\\\/\\\/www.planetel.it\\\/en\\\/2020\\\/11\\\/planetel-diventa-s-p-a\\\/#breadcrumb\"},\"inLanguage\":\"en-US\",\"potentialAction\":[{\"@type\":\"ReadAction\",\"target\":[\"https:\\\/\\\/www.planetel.it\\\/en\\\/2020\\\/11\\\/planetel-diventa-s-p-a\\\/\"]}]},{\"@type\":\"ImageObject\",\"inLanguage\":\"en-US\",\"@id\":\"https:\\\/\\\/www.planetel.it\\\/en\\\/2020\\\/11\\\/planetel-diventa-s-p-a\\\/#primaryimage\",\"url\":\"https:\\\/\\\/www.planetel.it\\\/wp-content\\\/uploads\\\/2024\\\/05\\\/Comunicato-Stampa_Cabinet-02.png\",\"contentUrl\":\"https:\\\/\\\/www.planetel.it\\\/wp-content\\\/uploads\\\/2024\\\/05\\\/Comunicato-Stampa_Cabinet-02.png\",\"width\":3336,\"height\":2613},{\"@type\":\"BreadcrumbList\",\"@id\":\"https:\\\/\\\/www.planetel.it\\\/en\\\/2020\\\/11\\\/planetel-diventa-s-p-a\\\/#breadcrumb\",\"itemListElement\":[{\"@type\":\"ListItem\",\"position\":1,\"name\":\"Home\",\"item\":\"https:\\\/\\\/www.planetel.it\\\/en\\\/\"},{\"@type\":\"ListItem\",\"position\":2,\"name\":\"Azienda\",\"item\":\"https:\\\/\\\/www.planetel.it\\\/news\\\/blog\\\/categoria\\\/azienda\\\/\"},{\"@type\":\"ListItem\",\"position\":3,\"name\":\"Planetel\",\"item\":\"https:\\\/\\\/www.planetel.it\\\/news\\\/blog\\\/categoria\\\/planetel\\\/\"},{\"@type\":\"ListItem\",\"position\":4,\"name\":\"Planetel diventa S.p.A.\"}]},{\"@type\":\"WebSite\",\"@id\":\"https:\\\/\\\/www.planetel.it\\\/en\\\/#website\",\"url\":\"https:\\\/\\\/www.planetel.it\\\/en\\\/\",\"name\":\"Planetel\",\"description\":\"Pi\u00f9 che una connessione\",\"publisher\":{\"@id\":\"https:\\\/\\\/www.planetel.it\\\/en\\\/#organization\"},\"potentialAction\":[{\"@type\":\"SearchAction\",\"target\":{\"@type\":\"EntryPoint\",\"urlTemplate\":\"https:\\\/\\\/www.planetel.it\\\/en\\\/?s={search_term_string}\"},\"query-input\":{\"@type\":\"PropertyValueSpecification\",\"valueRequired\":true,\"valueName\":\"search_term_string\"}}],\"inLanguage\":\"en-US\"},{\"@type\":\"Organization\",\"@id\":\"https:\\\/\\\/www.planetel.it\\\/en\\\/#organization\",\"name\":\"Planetel S.p.A.\",\"url\":\"https:\\\/\\\/www.planetel.it\\\/en\\\/\",\"logo\":{\"@type\":\"ImageObject\",\"inLanguage\":\"en-US\",\"@id\":\"https:\\\/\\\/www.planetel.it\\\/en\\\/#\\\/schema\\\/logo\\\/image\\\/\",\"url\":\"https:\\\/\\\/www.planetel.it\\\/wp-content\\\/uploads\\\/2024\\\/04\\\/logo-group-planetel.svg\",\"contentUrl\":\"https:\\\/\\\/www.planetel.it\\\/wp-content\\\/uploads\\\/2024\\\/04\\\/logo-group-planetel.svg\",\"width\":1,\"height\":1,\"caption\":\"Planetel S.p.A.\"},\"image\":{\"@id\":\"https:\\\/\\\/www.planetel.it\\\/en\\\/#\\\/schema\\\/logo\\\/image\\\/\"},\"sameAs\":[\"https:\\\/\\\/www.facebook.com\\\/planetelspa\",\"https:\\\/\\\/www.linkedin.com\\\/company\\\/planetel\",\"https:\\\/\\\/www.instagram.com\\\/planetelspa\"]},{\"@type\":\"Person\",\"@id\":\"https:\\\/\\\/www.planetel.it\\\/en\\\/#\\\/schema\\\/person\\\/78108bf36c2d4d915437e2a764b23c5b\",\"name\":\"Valeo Studio\",\"image\":{\"@type\":\"ImageObject\",\"inLanguage\":\"en-US\",\"@id\":\"https:\\\/\\\/secure.gravatar.com\\\/avatar\\\/88068e3c1c333ac6148552a85f9cd8101e7dbb839218c5008b55bcaedfb62793?s=96&d=mm&r=g\",\"url\":\"https:\\\/\\\/secure.gravatar.com\\\/avatar\\\/88068e3c1c333ac6148552a85f9cd8101e7dbb839218c5008b55bcaedfb62793?s=96&d=mm&r=g\",\"contentUrl\":\"https:\\\/\\\/secure.gravatar.com\\\/avatar\\\/88068e3c1c333ac6148552a85f9cd8101e7dbb839218c5008b55bcaedfb62793?s=96&d=mm&r=g\",\"caption\":\"Valeo Studio\"},\"sameAs\":[\"http:\\\/\\\/www.planetel.it\"],\"url\":\"https:\\\/\\\/www.planetel.it\\\/en\\\/author\\\/vale0studio0\\\/\"}]}<\/script>\n<!-- \/ Yoast SEO plugin. -->","yoast_head_json":{"title":"Planetel diventa S.p.A. | Planetel","description":"Plantel in prima fila per l\u2019erogazione di servizi Internet come hosting, housing e server di posta, fibra ottica veloce","robots":{"index":"index","follow":"follow","max-snippet":"max-snippet:-1","max-image-preview":"max-image-preview:large","max-video-preview":"max-video-preview:-1"},"canonical":"https:\/\/www.planetel.it\/en\/2020\/11\/planetel-diventa-s-p-a\/","og_locale":"en_US","og_type":"article","og_title":"Planetel diventa S.p.A. | Planetel","og_description":"Plantel in prima fila per l\u2019erogazione di servizi Internet come hosting, housing e server di posta, fibra ottica veloce","og_url":"https:\/\/www.planetel.it\/en\/2020\/11\/planetel-diventa-s-p-a\/","og_site_name":"Planetel","article_publisher":"https:\/\/www.facebook.com\/planetelspa","article_published_time":"2020-11-16T16:39:16+00:00","article_modified_time":"2024-06-27T12:48:06+00:00","og_image":[{"width":3336,"height":2613,"url":"https:\/\/preprod-www.planetel.it\/wp-content\/uploads\/2024\/05\/Comunicato-Stampa_Cabinet-02.png","type":"image\/png"}],"twitter_card":"summary_large_image","twitter_misc":{"Written by":"Valeo Studio","Est. reading time":"3 minutes"},"schema":{"@context":"https:\/\/schema.org","@graph":[{"@type":"Article","@id":"https:\/\/www.planetel.it\/en\/2020\/11\/planetel-diventa-s-p-a\/#article","isPartOf":{"@id":"https:\/\/www.planetel.it\/en\/2020\/11\/planetel-diventa-s-p-a\/"},"author":{"name":"Valeo Studio","@id":"https:\/\/www.planetel.it\/en\/#\/schema\/person\/78108bf36c2d4d915437e2a764b23c5b"},"headline":"Planetel diventa S.p.A.","datePublished":"2020-11-16T16:39:16+00:00","dateModified":"2024-06-27T12:48:06+00:00","mainEntityOfPage":{"@id":"https:\/\/www.planetel.it\/en\/2020\/11\/planetel-diventa-s-p-a\/"},"wordCount":495,"publisher":{"@id":"https:\/\/www.planetel.it\/en\/#organization"},"image":{"@id":"https:\/\/www.planetel.it\/en\/2020\/11\/planetel-diventa-s-p-a\/#primaryimage"},"thumbnailUrl":"https:\/\/www.planetel.it\/wp-content\/uploads\/2024\/05\/Comunicato-Stampa_Cabinet-02.png","articleSection":["Planetel","Investitori"],"inLanguage":"en-US"},{"@type":"WebPage","@id":"https:\/\/www.planetel.it\/en\/2020\/11\/planetel-diventa-s-p-a\/","url":"https:\/\/www.planetel.it\/en\/2020\/11\/planetel-diventa-s-p-a\/","name":"Planetel diventa S.p.A. | Planetel","isPartOf":{"@id":"https:\/\/www.planetel.it\/en\/#website"},"primaryImageOfPage":{"@id":"https:\/\/www.planetel.it\/en\/2020\/11\/planetel-diventa-s-p-a\/#primaryimage"},"image":{"@id":"https:\/\/www.planetel.it\/en\/2020\/11\/planetel-diventa-s-p-a\/#primaryimage"},"thumbnailUrl":"https:\/\/www.planetel.it\/wp-content\/uploads\/2024\/05\/Comunicato-Stampa_Cabinet-02.png","datePublished":"2020-11-16T16:39:16+00:00","dateModified":"2024-06-27T12:48:06+00:00","description":"Plantel in prima fila per l\u2019erogazione di servizi Internet come hosting, housing e server di posta, fibra ottica veloce","breadcrumb":{"@id":"https:\/\/www.planetel.it\/en\/2020\/11\/planetel-diventa-s-p-a\/#breadcrumb"},"inLanguage":"en-US","potentialAction":[{"@type":"ReadAction","target":["https:\/\/www.planetel.it\/en\/2020\/11\/planetel-diventa-s-p-a\/"]}]},{"@type":"ImageObject","inLanguage":"en-US","@id":"https:\/\/www.planetel.it\/en\/2020\/11\/planetel-diventa-s-p-a\/#primaryimage","url":"https:\/\/www.planetel.it\/wp-content\/uploads\/2024\/05\/Comunicato-Stampa_Cabinet-02.png","contentUrl":"https:\/\/www.planetel.it\/wp-content\/uploads\/2024\/05\/Comunicato-Stampa_Cabinet-02.png","width":3336,"height":2613},{"@type":"BreadcrumbList","@id":"https:\/\/www.planetel.it\/en\/2020\/11\/planetel-diventa-s-p-a\/#breadcrumb","itemListElement":[{"@type":"ListItem","position":1,"name":"Home","item":"https:\/\/www.planetel.it\/en\/"},{"@type":"ListItem","position":2,"name":"Azienda","item":"https:\/\/www.planetel.it\/news\/blog\/categoria\/azienda\/"},{"@type":"ListItem","position":3,"name":"Planetel","item":"https:\/\/www.planetel.it\/news\/blog\/categoria\/planetel\/"},{"@type":"ListItem","position":4,"name":"Planetel diventa S.p.A."}]},{"@type":"WebSite","@id":"https:\/\/www.planetel.it\/en\/#website","url":"https:\/\/www.planetel.it\/en\/","name":"Planetel","description":"Pi\u00f9 che una connessione","publisher":{"@id":"https:\/\/www.planetel.it\/en\/#organization"},"potentialAction":[{"@type":"SearchAction","target":{"@type":"EntryPoint","urlTemplate":"https:\/\/www.planetel.it\/en\/?s={search_term_string}"},"query-input":{"@type":"PropertyValueSpecification","valueRequired":true,"valueName":"search_term_string"}}],"inLanguage":"en-US"},{"@type":"Organization","@id":"https:\/\/www.planetel.it\/en\/#organization","name":"Planetel S.p.A.","url":"https:\/\/www.planetel.it\/en\/","logo":{"@type":"ImageObject","inLanguage":"en-US","@id":"https:\/\/www.planetel.it\/en\/#\/schema\/logo\/image\/","url":"https:\/\/www.planetel.it\/wp-content\/uploads\/2024\/04\/logo-group-planetel.svg","contentUrl":"https:\/\/www.planetel.it\/wp-content\/uploads\/2024\/04\/logo-group-planetel.svg","width":1,"height":1,"caption":"Planetel S.p.A."},"image":{"@id":"https:\/\/www.planetel.it\/en\/#\/schema\/logo\/image\/"},"sameAs":["https:\/\/www.facebook.com\/planetelspa","https:\/\/www.linkedin.com\/company\/planetel","https:\/\/www.instagram.com\/planetelspa"]},{"@type":"Person","@id":"https:\/\/www.planetel.it\/en\/#\/schema\/person\/78108bf36c2d4d915437e2a764b23c5b","name":"Valeo Studio","image":{"@type":"ImageObject","inLanguage":"en-US","@id":"https:\/\/secure.gravatar.com\/avatar\/88068e3c1c333ac6148552a85f9cd8101e7dbb839218c5008b55bcaedfb62793?s=96&d=mm&r=g","url":"https:\/\/secure.gravatar.com\/avatar\/88068e3c1c333ac6148552a85f9cd8101e7dbb839218c5008b55bcaedfb62793?s=96&d=mm&r=g","contentUrl":"https:\/\/secure.gravatar.com\/avatar\/88068e3c1c333ac6148552a85f9cd8101e7dbb839218c5008b55bcaedfb62793?s=96&d=mm&r=g","caption":"Valeo Studio"},"sameAs":["http:\/\/www.planetel.it"],"url":"https:\/\/www.planetel.it\/en\/author\/vale0studio0\/"}]}},"_links":{"self":[{"href":"https:\/\/www.planetel.it\/en\/wp-json\/wp\/v2\/posts\/14417","targetHints":{"allow":["GET"]}}],"collection":[{"href":"https:\/\/www.planetel.it\/en\/wp-json\/wp\/v2\/posts"}],"about":[{"href":"https:\/\/www.planetel.it\/en\/wp-json\/wp\/v2\/types\/post"}],"author":[{"embeddable":true,"href":"https:\/\/www.planetel.it\/en\/wp-json\/wp\/v2\/users\/1"}],"replies":[{"embeddable":true,"href":"https:\/\/www.planetel.it\/en\/wp-json\/wp\/v2\/comments?post=14417"}],"version-history":[{"count":1,"href":"https:\/\/www.planetel.it\/en\/wp-json\/wp\/v2\/posts\/14417\/revisions"}],"predecessor-version":[{"id":17738,"href":"https:\/\/www.planetel.it\/en\/wp-json\/wp\/v2\/posts\/14417\/revisions\/17738"}],"wp:featuredmedia":[{"embeddable":true,"href":"https:\/\/www.planetel.it\/en\/wp-json\/wp\/v2\/media\/14418"}],"wp:attachment":[{"href":"https:\/\/www.planetel.it\/en\/wp-json\/wp\/v2\/media?parent=14417"}],"wp:term":[{"taxonomy":"category","embeddable":true,"href":"https:\/\/www.planetel.it\/en\/wp-json\/wp\/v2\/categories?post=14417"},{"taxonomy":"post_tag","embeddable":true,"href":"https:\/\/www.planetel.it\/en\/wp-json\/wp\/v2\/tags?post=14417"},{"taxonomy":"service_category","embeddable":true,"href":"https:\/\/www.planetel.it\/en\/wp-json\/wp\/v2\/service_category?post=14417"}],"curies":[{"name":"wp","href":"https:\/\/api.w.org\/{rel}","templated":true}]}}