{"id":14438,"date":"2021-11-24T09:32:11","date_gmt":"2021-11-24T08:32:11","guid":{"rendered":"http:\/\/www.planetel.it\/2021\/11\/118875-2\/"},"modified":"2024-06-27T14:20:02","modified_gmt":"2024-06-27T12:20:02","slug":"118875-2","status":"publish","type":"post","link":"https:\/\/www.planetel.it\/en\/2021\/11\/118875-2\/","title":{"rendered":"Planetel consolida il suo sviluppo sul territorio con l&#8217;accordo con DiRete"},"content":{"rendered":"<p><strong>Grazie all\u2019accordo vincolante sottoscritto il 18 novembre con la <a href=\"https:\/\/www.direte.it\" target=\"_blank\" rel=\"nofollow noopener\" data-tracking-control-name=\"public_post_share-update_update-text\" data-tracking-will-navigate=\"\">DiRete soc. coop.<\/a> e i suoi soci fondatori Stefano Costantini e Cristiano Belli<\/strong>, a seguito di alcuni perfezionamenti societari e burocratici acquisir\u00e0 il 100% della Direte S.r.l., societ\u00e0 attiva in <strong>Lombardia e Veneto, in particolare, nell\u2019area del Lago di Garda<\/strong>.<\/p>\n<p>Saranno in tutto<strong> 35.000 i clienti che potranno cos\u00ec avere accesso alla qualit\u00e0 e alle tecnologie Planetel<\/strong> nella fornitura di connettivit\u00e0 a ultra banda larga, telefonia fissa, connettivit\u00e0 radio FWA , servizi WI-FI, servizi di sicurezza informatica e vari servizi digitali.<\/p>\n<p><a href=\"https:\/\/it.linkedin.com\/in\/bruno-pianetti-5917b316?trk=public_post_share-update_update-text\" target=\"_blank\" rel=\"nofollow noopener\" data-tracking-control-name=\"public_post_share-update_update-text\" data-tracking-will-navigate=\"\">Bruno Pianetti<\/a>, Presidente e AD di Planetel, dichiara: <em>\u201cA poco meno di un anno dalla nostra quotazione in Borsa, chiudiamo l\u2019esercizio 2021 con la prima acquisizione di Planetel, finalizzata a consolidare ancor pi\u00f9 la nostra rete commerciale su un territorio sul quale siamo gi\u00e0 presenti con la nostra rete di connettivit\u00e0 a banda larga e ultra-larga. <\/em><\/p>\n<p><em>Alla chiusura dell\u2019operazione potremo anche contare sul team di esperti di Direte, forte di un\u2019esperienza ventennale nella gestione e vendita di servizi a valore aggiunto, che ci consentir\u00e0 di integrare la rete commerciale di Planetel migrando sul nostro network 9.000 nuovi clienti. Saremo inoltre lieti di avere in Planetel i soci fondatori di Direte con ruoli manageriali per affrontare insieme le sfide future\u201d<\/em>.<\/p>\n<p>Trovate ulteriori dettagli nel <a href=\"https:\/\/www.planetel.it\/wp-content\/uploads\/2021\/11\/CS-Acquisto-Direte-2021-11-18.pdf\" target=\"_blank\" rel=\"noopener\">Comunicato Stampa del 18\/11\/2021<\/a><\/p>\n","protected":false},"excerpt":{"rendered":"<p>Grazie all\u2019accordo vincolante sottoscritto il 18 novembre con la DiRete soc. coop. e i suoi soci fondatori Stefano Costantini e Cristiano Belli, a seguito di alcuni perfezionamenti societari e burocratici acquisir\u00e0 il 100% della Direte S.r.l., societ\u00e0 attiva in Lombardia e Veneto, in particolare, nell\u2019area del Lago di Garda. Saranno in tutto 35.000 i clienti [&hellip;]<\/p>\n","protected":false},"author":1,"featured_media":14435,"comment_status":"closed","ping_status":"closed","sticky":false,"template":"","format":"standard","meta":{"_acf_changed":false,"footnotes":""},"categories":[672,723,734],"tags":[],"service_category":[],"class_list":["post-14438","post","type-post","status-publish","format-standard","has-post-thumbnail","hentry","category-planetel","category-il-gruppo","category-investitori"],"acf":[],"yoast_head":"<!-- This site is optimized with the Yoast SEO plugin v27.3 - https:\/\/yoast.com\/product\/yoast-seo-wordpress\/ -->\n<title>Planetel consolida il suo sviluppo con l&#039;accordo con DiRete<\/title>\n<meta name=\"description\" content=\"Planetel consolida il suo sviluppo sul territorio con l&#039;accordo con DiRete, banda larga, telefonia fissa, connettivit\u00e0 radio FWA\" \/>\n<meta name=\"robots\" content=\"index, follow, max-snippet:-1, max-image-preview:large, max-video-preview:-1\" \/>\n<link rel=\"canonical\" href=\"https:\/\/www.planetel.it\/en\/2021\/11\/118875-2\/\" \/>\n<meta property=\"og:locale\" content=\"en_US\" \/>\n<meta property=\"og:type\" content=\"article\" \/>\n<meta property=\"og:title\" content=\"Planetel consolida il suo sviluppo con l&#039;accordo con DiRete\" \/>\n<meta property=\"og:description\" content=\"Planetel consolida il suo sviluppo sul territorio con l&#039;accordo con DiRete, banda larga, telefonia fissa, connettivit\u00e0 radio FWA\" \/>\n<meta property=\"og:url\" content=\"https:\/\/www.planetel.it\/en\/2021\/11\/118875-2\/\" \/>\n<meta property=\"og:site_name\" content=\"Planetel\" \/>\n<meta property=\"article:publisher\" content=\"https:\/\/www.facebook.com\/planetelspa\" \/>\n<meta property=\"article:published_time\" content=\"2021-11-24T08:32:11+00:00\" \/>\n<meta property=\"article:modified_time\" content=\"2024-06-27T12:20:02+00:00\" \/>\n<meta property=\"og:image\" content=\"https:\/\/preprod-www.planetel.it\/wp-content\/uploads\/2024\/05\/Planetel-Direte_01.png\" \/>\n\t<meta property=\"og:image:width\" content=\"5001\" \/>\n\t<meta property=\"og:image:height\" content=\"2613\" \/>\n\t<meta property=\"og:image:type\" content=\"image\/png\" \/>\n<meta name=\"twitter:card\" content=\"summary_large_image\" \/>\n<meta name=\"twitter:label1\" content=\"Written by\" \/>\n\t<meta name=\"twitter:data1\" content=\"Valeo Studio\" \/>\n\t<meta name=\"twitter:label2\" content=\"Est. reading time\" \/>\n\t<meta name=\"twitter:data2\" content=\"2 minutes\" \/>\n<script type=\"application\/ld+json\" class=\"yoast-schema-graph\">{\"@context\":\"https:\\\/\\\/schema.org\",\"@graph\":[{\"@type\":\"Article\",\"@id\":\"https:\\\/\\\/www.planetel.it\\\/en\\\/2021\\\/11\\\/118875-2\\\/#article\",\"isPartOf\":{\"@id\":\"https:\\\/\\\/www.planetel.it\\\/en\\\/2021\\\/11\\\/118875-2\\\/\"},\"author\":{\"name\":\"Valeo Studio\",\"@id\":\"https:\\\/\\\/www.planetel.it\\\/en\\\/#\\\/schema\\\/person\\\/78108bf36c2d4d915437e2a764b23c5b\"},\"headline\":\"Planetel consolida il suo sviluppo sul territorio con l&#8217;accordo con DiRete\",\"datePublished\":\"2021-11-24T08:32:11+00:00\",\"dateModified\":\"2024-06-27T12:20:02+00:00\",\"mainEntityOfPage\":{\"@id\":\"https:\\\/\\\/www.planetel.it\\\/en\\\/2021\\\/11\\\/118875-2\\\/\"},\"wordCount\":229,\"publisher\":{\"@id\":\"https:\\\/\\\/www.planetel.it\\\/en\\\/#organization\"},\"image\":{\"@id\":\"https:\\\/\\\/www.planetel.it\\\/en\\\/2021\\\/11\\\/118875-2\\\/#primaryimage\"},\"thumbnailUrl\":\"https:\\\/\\\/www.planetel.it\\\/wp-content\\\/uploads\\\/2024\\\/05\\\/Planetel-Direte_01.png\",\"articleSection\":[\"Planetel\",\"Il gruppo\",\"Investitori\"],\"inLanguage\":\"en-US\"},{\"@type\":\"WebPage\",\"@id\":\"https:\\\/\\\/www.planetel.it\\\/en\\\/2021\\\/11\\\/118875-2\\\/\",\"url\":\"https:\\\/\\\/www.planetel.it\\\/en\\\/2021\\\/11\\\/118875-2\\\/\",\"name\":\"Planetel consolida il suo sviluppo con l'accordo con DiRete\",\"isPartOf\":{\"@id\":\"https:\\\/\\\/www.planetel.it\\\/en\\\/#website\"},\"primaryImageOfPage\":{\"@id\":\"https:\\\/\\\/www.planetel.it\\\/en\\\/2021\\\/11\\\/118875-2\\\/#primaryimage\"},\"image\":{\"@id\":\"https:\\\/\\\/www.planetel.it\\\/en\\\/2021\\\/11\\\/118875-2\\\/#primaryimage\"},\"thumbnailUrl\":\"https:\\\/\\\/www.planetel.it\\\/wp-content\\\/uploads\\\/2024\\\/05\\\/Planetel-Direte_01.png\",\"datePublished\":\"2021-11-24T08:32:11+00:00\",\"dateModified\":\"2024-06-27T12:20:02+00:00\",\"description\":\"Planetel consolida il suo sviluppo sul territorio con l'accordo con DiRete, banda larga, telefonia fissa, connettivit\u00e0 radio FWA\",\"breadcrumb\":{\"@id\":\"https:\\\/\\\/www.planetel.it\\\/en\\\/2021\\\/11\\\/118875-2\\\/#breadcrumb\"},\"inLanguage\":\"en-US\",\"potentialAction\":[{\"@type\":\"ReadAction\",\"target\":[\"https:\\\/\\\/www.planetel.it\\\/en\\\/2021\\\/11\\\/118875-2\\\/\"]}]},{\"@type\":\"ImageObject\",\"inLanguage\":\"en-US\",\"@id\":\"https:\\\/\\\/www.planetel.it\\\/en\\\/2021\\\/11\\\/118875-2\\\/#primaryimage\",\"url\":\"https:\\\/\\\/www.planetel.it\\\/wp-content\\\/uploads\\\/2024\\\/05\\\/Planetel-Direte_01.png\",\"contentUrl\":\"https:\\\/\\\/www.planetel.it\\\/wp-content\\\/uploads\\\/2024\\\/05\\\/Planetel-Direte_01.png\",\"width\":5001,\"height\":2613},{\"@type\":\"BreadcrumbList\",\"@id\":\"https:\\\/\\\/www.planetel.it\\\/en\\\/2021\\\/11\\\/118875-2\\\/#breadcrumb\",\"itemListElement\":[{\"@type\":\"ListItem\",\"position\":1,\"name\":\"Home\",\"item\":\"https:\\\/\\\/www.planetel.it\\\/en\\\/\"},{\"@type\":\"ListItem\",\"position\":2,\"name\":\"Azienda\",\"item\":\"https:\\\/\\\/www.planetel.it\\\/news\\\/blog\\\/categoria\\\/azienda\\\/\"},{\"@type\":\"ListItem\",\"position\":3,\"name\":\"Planetel\",\"item\":\"https:\\\/\\\/www.planetel.it\\\/news\\\/blog\\\/categoria\\\/planetel\\\/\"},{\"@type\":\"ListItem\",\"position\":4,\"name\":\"Planetel consolida il suo sviluppo sul territorio con l&#8217;accordo con DiRete\"}]},{\"@type\":\"WebSite\",\"@id\":\"https:\\\/\\\/www.planetel.it\\\/en\\\/#website\",\"url\":\"https:\\\/\\\/www.planetel.it\\\/en\\\/\",\"name\":\"Planetel\",\"description\":\"Pi\u00f9 che una connessione\",\"publisher\":{\"@id\":\"https:\\\/\\\/www.planetel.it\\\/en\\\/#organization\"},\"potentialAction\":[{\"@type\":\"SearchAction\",\"target\":{\"@type\":\"EntryPoint\",\"urlTemplate\":\"https:\\\/\\\/www.planetel.it\\\/en\\\/?s={search_term_string}\"},\"query-input\":{\"@type\":\"PropertyValueSpecification\",\"valueRequired\":true,\"valueName\":\"search_term_string\"}}],\"inLanguage\":\"en-US\"},{\"@type\":\"Organization\",\"@id\":\"https:\\\/\\\/www.planetel.it\\\/en\\\/#organization\",\"name\":\"Planetel S.p.A.\",\"url\":\"https:\\\/\\\/www.planetel.it\\\/en\\\/\",\"logo\":{\"@type\":\"ImageObject\",\"inLanguage\":\"en-US\",\"@id\":\"https:\\\/\\\/www.planetel.it\\\/en\\\/#\\\/schema\\\/logo\\\/image\\\/\",\"url\":\"https:\\\/\\\/www.planetel.it\\\/wp-content\\\/uploads\\\/2024\\\/04\\\/logo-group-planetel.svg\",\"contentUrl\":\"https:\\\/\\\/www.planetel.it\\\/wp-content\\\/uploads\\\/2024\\\/04\\\/logo-group-planetel.svg\",\"width\":1,\"height\":1,\"caption\":\"Planetel S.p.A.\"},\"image\":{\"@id\":\"https:\\\/\\\/www.planetel.it\\\/en\\\/#\\\/schema\\\/logo\\\/image\\\/\"},\"sameAs\":[\"https:\\\/\\\/www.facebook.com\\\/planetelspa\",\"https:\\\/\\\/www.linkedin.com\\\/company\\\/planetel\",\"https:\\\/\\\/www.instagram.com\\\/planetelspa\"]},{\"@type\":\"Person\",\"@id\":\"https:\\\/\\\/www.planetel.it\\\/en\\\/#\\\/schema\\\/person\\\/78108bf36c2d4d915437e2a764b23c5b\",\"name\":\"Valeo Studio\",\"image\":{\"@type\":\"ImageObject\",\"inLanguage\":\"en-US\",\"@id\":\"https:\\\/\\\/secure.gravatar.com\\\/avatar\\\/88068e3c1c333ac6148552a85f9cd8101e7dbb839218c5008b55bcaedfb62793?s=96&d=mm&r=g\",\"url\":\"https:\\\/\\\/secure.gravatar.com\\\/avatar\\\/88068e3c1c333ac6148552a85f9cd8101e7dbb839218c5008b55bcaedfb62793?s=96&d=mm&r=g\",\"contentUrl\":\"https:\\\/\\\/secure.gravatar.com\\\/avatar\\\/88068e3c1c333ac6148552a85f9cd8101e7dbb839218c5008b55bcaedfb62793?s=96&d=mm&r=g\",\"caption\":\"Valeo Studio\"},\"sameAs\":[\"http:\\\/\\\/www.planetel.it\"],\"url\":\"https:\\\/\\\/www.planetel.it\\\/en\\\/author\\\/vale0studio0\\\/\"}]}<\/script>\n<!-- \/ Yoast SEO plugin. -->","yoast_head_json":{"title":"Planetel consolida il suo sviluppo con l'accordo con DiRete","description":"Planetel consolida il suo sviluppo sul territorio con l'accordo con DiRete, banda larga, telefonia fissa, connettivit\u00e0 radio FWA","robots":{"index":"index","follow":"follow","max-snippet":"max-snippet:-1","max-image-preview":"max-image-preview:large","max-video-preview":"max-video-preview:-1"},"canonical":"https:\/\/www.planetel.it\/en\/2021\/11\/118875-2\/","og_locale":"en_US","og_type":"article","og_title":"Planetel consolida il suo sviluppo con l'accordo con DiRete","og_description":"Planetel consolida il suo sviluppo sul territorio con l'accordo con DiRete, banda larga, telefonia fissa, connettivit\u00e0 radio FWA","og_url":"https:\/\/www.planetel.it\/en\/2021\/11\/118875-2\/","og_site_name":"Planetel","article_publisher":"https:\/\/www.facebook.com\/planetelspa","article_published_time":"2021-11-24T08:32:11+00:00","article_modified_time":"2024-06-27T12:20:02+00:00","og_image":[{"width":5001,"height":2613,"url":"https:\/\/preprod-www.planetel.it\/wp-content\/uploads\/2024\/05\/Planetel-Direte_01.png","type":"image\/png"}],"twitter_card":"summary_large_image","twitter_misc":{"Written by":"Valeo Studio","Est. reading time":"2 minutes"},"schema":{"@context":"https:\/\/schema.org","@graph":[{"@type":"Article","@id":"https:\/\/www.planetel.it\/en\/2021\/11\/118875-2\/#article","isPartOf":{"@id":"https:\/\/www.planetel.it\/en\/2021\/11\/118875-2\/"},"author":{"name":"Valeo Studio","@id":"https:\/\/www.planetel.it\/en\/#\/schema\/person\/78108bf36c2d4d915437e2a764b23c5b"},"headline":"Planetel consolida il suo sviluppo sul territorio con l&#8217;accordo con DiRete","datePublished":"2021-11-24T08:32:11+00:00","dateModified":"2024-06-27T12:20:02+00:00","mainEntityOfPage":{"@id":"https:\/\/www.planetel.it\/en\/2021\/11\/118875-2\/"},"wordCount":229,"publisher":{"@id":"https:\/\/www.planetel.it\/en\/#organization"},"image":{"@id":"https:\/\/www.planetel.it\/en\/2021\/11\/118875-2\/#primaryimage"},"thumbnailUrl":"https:\/\/www.planetel.it\/wp-content\/uploads\/2024\/05\/Planetel-Direte_01.png","articleSection":["Planetel","Il gruppo","Investitori"],"inLanguage":"en-US"},{"@type":"WebPage","@id":"https:\/\/www.planetel.it\/en\/2021\/11\/118875-2\/","url":"https:\/\/www.planetel.it\/en\/2021\/11\/118875-2\/","name":"Planetel consolida il suo sviluppo con l'accordo con DiRete","isPartOf":{"@id":"https:\/\/www.planetel.it\/en\/#website"},"primaryImageOfPage":{"@id":"https:\/\/www.planetel.it\/en\/2021\/11\/118875-2\/#primaryimage"},"image":{"@id":"https:\/\/www.planetel.it\/en\/2021\/11\/118875-2\/#primaryimage"},"thumbnailUrl":"https:\/\/www.planetel.it\/wp-content\/uploads\/2024\/05\/Planetel-Direte_01.png","datePublished":"2021-11-24T08:32:11+00:00","dateModified":"2024-06-27T12:20:02+00:00","description":"Planetel consolida il suo sviluppo sul territorio con l'accordo con DiRete, banda larga, telefonia fissa, connettivit\u00e0 radio FWA","breadcrumb":{"@id":"https:\/\/www.planetel.it\/en\/2021\/11\/118875-2\/#breadcrumb"},"inLanguage":"en-US","potentialAction":[{"@type":"ReadAction","target":["https:\/\/www.planetel.it\/en\/2021\/11\/118875-2\/"]}]},{"@type":"ImageObject","inLanguage":"en-US","@id":"https:\/\/www.planetel.it\/en\/2021\/11\/118875-2\/#primaryimage","url":"https:\/\/www.planetel.it\/wp-content\/uploads\/2024\/05\/Planetel-Direte_01.png","contentUrl":"https:\/\/www.planetel.it\/wp-content\/uploads\/2024\/05\/Planetel-Direte_01.png","width":5001,"height":2613},{"@type":"BreadcrumbList","@id":"https:\/\/www.planetel.it\/en\/2021\/11\/118875-2\/#breadcrumb","itemListElement":[{"@type":"ListItem","position":1,"name":"Home","item":"https:\/\/www.planetel.it\/en\/"},{"@type":"ListItem","position":2,"name":"Azienda","item":"https:\/\/www.planetel.it\/news\/blog\/categoria\/azienda\/"},{"@type":"ListItem","position":3,"name":"Planetel","item":"https:\/\/www.planetel.it\/news\/blog\/categoria\/planetel\/"},{"@type":"ListItem","position":4,"name":"Planetel consolida il suo sviluppo sul territorio con l&#8217;accordo con DiRete"}]},{"@type":"WebSite","@id":"https:\/\/www.planetel.it\/en\/#website","url":"https:\/\/www.planetel.it\/en\/","name":"Planetel","description":"Pi\u00f9 che una connessione","publisher":{"@id":"https:\/\/www.planetel.it\/en\/#organization"},"potentialAction":[{"@type":"SearchAction","target":{"@type":"EntryPoint","urlTemplate":"https:\/\/www.planetel.it\/en\/?s={search_term_string}"},"query-input":{"@type":"PropertyValueSpecification","valueRequired":true,"valueName":"search_term_string"}}],"inLanguage":"en-US"},{"@type":"Organization","@id":"https:\/\/www.planetel.it\/en\/#organization","name":"Planetel S.p.A.","url":"https:\/\/www.planetel.it\/en\/","logo":{"@type":"ImageObject","inLanguage":"en-US","@id":"https:\/\/www.planetel.it\/en\/#\/schema\/logo\/image\/","url":"https:\/\/www.planetel.it\/wp-content\/uploads\/2024\/04\/logo-group-planetel.svg","contentUrl":"https:\/\/www.planetel.it\/wp-content\/uploads\/2024\/04\/logo-group-planetel.svg","width":1,"height":1,"caption":"Planetel S.p.A."},"image":{"@id":"https:\/\/www.planetel.it\/en\/#\/schema\/logo\/image\/"},"sameAs":["https:\/\/www.facebook.com\/planetelspa","https:\/\/www.linkedin.com\/company\/planetel","https:\/\/www.instagram.com\/planetelspa"]},{"@type":"Person","@id":"https:\/\/www.planetel.it\/en\/#\/schema\/person\/78108bf36c2d4d915437e2a764b23c5b","name":"Valeo Studio","image":{"@type":"ImageObject","inLanguage":"en-US","@id":"https:\/\/secure.gravatar.com\/avatar\/88068e3c1c333ac6148552a85f9cd8101e7dbb839218c5008b55bcaedfb62793?s=96&d=mm&r=g","url":"https:\/\/secure.gravatar.com\/avatar\/88068e3c1c333ac6148552a85f9cd8101e7dbb839218c5008b55bcaedfb62793?s=96&d=mm&r=g","contentUrl":"https:\/\/secure.gravatar.com\/avatar\/88068e3c1c333ac6148552a85f9cd8101e7dbb839218c5008b55bcaedfb62793?s=96&d=mm&r=g","caption":"Valeo Studio"},"sameAs":["http:\/\/www.planetel.it"],"url":"https:\/\/www.planetel.it\/en\/author\/vale0studio0\/"}]}},"_links":{"self":[{"href":"https:\/\/www.planetel.it\/en\/wp-json\/wp\/v2\/posts\/14438","targetHints":{"allow":["GET"]}}],"collection":[{"href":"https:\/\/www.planetel.it\/en\/wp-json\/wp\/v2\/posts"}],"about":[{"href":"https:\/\/www.planetel.it\/en\/wp-json\/wp\/v2\/types\/post"}],"author":[{"embeddable":true,"href":"https:\/\/www.planetel.it\/en\/wp-json\/wp\/v2\/users\/1"}],"replies":[{"embeddable":true,"href":"https:\/\/www.planetel.it\/en\/wp-json\/wp\/v2\/comments?post=14438"}],"version-history":[{"count":1,"href":"https:\/\/www.planetel.it\/en\/wp-json\/wp\/v2\/posts\/14438\/revisions"}],"predecessor-version":[{"id":17732,"href":"https:\/\/www.planetel.it\/en\/wp-json\/wp\/v2\/posts\/14438\/revisions\/17732"}],"wp:featuredmedia":[{"embeddable":true,"href":"https:\/\/www.planetel.it\/en\/wp-json\/wp\/v2\/media\/14435"}],"wp:attachment":[{"href":"https:\/\/www.planetel.it\/en\/wp-json\/wp\/v2\/media?parent=14438"}],"wp:term":[{"taxonomy":"category","embeddable":true,"href":"https:\/\/www.planetel.it\/en\/wp-json\/wp\/v2\/categories?post=14438"},{"taxonomy":"post_tag","embeddable":true,"href":"https:\/\/www.planetel.it\/en\/wp-json\/wp\/v2\/tags?post=14438"},{"taxonomy":"service_category","embeddable":true,"href":"https:\/\/www.planetel.it\/en\/wp-json\/wp\/v2\/service_category?post=14438"}],"curies":[{"name":"wp","href":"https:\/\/api.w.org\/{rel}","templated":true}]}}