{"id":14523,"date":"2022-11-24T17:06:35","date_gmt":"2022-11-24T16:06:35","guid":{"rendered":"http:\/\/www.planetel.it\/2022\/11\/promoserio-digitalizzazione-planetel\/"},"modified":"2024-06-27T12:21:18","modified_gmt":"2024-06-27T10:21:18","slug":"promoserio-digitalizzazione-planetel","status":"publish","type":"post","link":"https:\/\/www.planetel.it\/en\/2022\/11\/promoserio-digitalizzazione-planetel\/","title":{"rendered":"Successo per l&#8217;evento Promoserio sulla \u201cDigitalizzazione Aziendale\u201d"},"content":{"rendered":"<p>Il 10 novembre scorso, presso la Sala Consiliare del Comune di Cene, si \u00e8 tenuto il secondo incontro del ciclo \u201c<strong>Imprese e territorio<\/strong>\u201d, organizzato dal <a href=\"https:\/\/www.valseriana.eu\/promoserio\/\" target=\"_blank\" rel=\"noopener\">settore Industry di Promoserio<\/a>, che ha presentato le <strong>soluzioni di connettivit\u00e0 e la trasformazione digitale come vantaggio competitivo per le imprese<\/strong>.<\/p>\n<p>Nel corso dell\u2019evento, dal titolo \u201cDigitalizzazione Aziendale\u201d, organizzato in partnership con il Gruppo Planetel, <strong>sono state illustrate le caratteristiche e i benefici per le aziende nel dotarsi delle pi\u00f9 innovative tecnologie di connettivit\u00e0 a banda ultra-larga, di sistemi Cloud affidabili e di soluzioni innovative di Cybersecurity per proteggere infrastrutture e dati da attacchi esterni<\/strong>.<\/p>\n<p>Numerosi gli esperti e imprenditori del territorio che hanno preso parte all&#8217;incontro, a conferma di quanto il tema della digitalizzazione sia di interesse per le aziende.<\/p>\n<p><strong>Massimo Borgnini<\/strong>, Direttore Commerciale di Planetel, ha parlato della necessit\u00e0, per le aziende, di <strong>prendere<\/strong> <strong>consapevolezza dei vantaggi competitivi derivanti da una connettivit\u00e0 a banda ultra-larga<\/strong>. Dotarsi delle cosiddette Next Generation Access, ossia quelle reti con banda di almeno 30 Mbit\/s, \u00e8 cruciale per stravolgere, in modo del tutto positivo, l\u2019operativit\u00e0 aziendale. Garantendo, innanzitutto, maggiore velocit\u00e0 e affidabilit\u00e0, cos\u00ec da incrementare la produttivit\u00e0 e fronteggiare qualsiasi downtime non pianificato. In secondo luogo, potenza del segnale e larghezza di banda sono assicurate. Infine, una connettivit\u00e0 di questo genere \u00e8 sicura, ovvero capace di resistere maggiormente alle intercettazioni e a eventuali interferenze elettromagnetiche. In sintesi, investire in una connettivit\u00e0 a banda ultra-larga significa investire nella facilitazione delle attivit\u00e0 d\u2019impresa, nell\u2019ottimizzazione dei processi e in una gestione virtuosa dei dati aziendali.<\/p>\n<p><strong>Marcello Lupo<\/strong>, Specialista senior infrastruttura, reti e sicurezza di Planetel, ha evidenziato come <strong>la crescita dei servizi debba portare a una conseguente crescita dell\u2019attenzione alla cybersicurezza e di quanto sia essenziale avere dei referenti competenti che possano costruire soluzioni su misura<\/strong> alle reali condizioni di rischio aziendale, i quali non riguardano solo la sicurezza del dato, ma spaziano <strong>dall\u2019attenzione ai dispositivi aziendali alla protezione della rete, dalla formazione del personale alla difesa dell\u2019identit\u00e0<\/strong>.<\/p>\n<p>Infine, <strong>Bruno Pianetti<\/strong>, Presidente e Amministratore delegato di Planetel, ha sottolineato <strong>l\u2019impegno quotidiano dell\u2019azienda nello sviluppo tecnologico del territorio e nel costante ampliamento del proprio portfolio di soluzioni per rispondere alla domanda crescente di servizi digitali da parte delle imprese<\/strong>.<\/p>\n<p>Avere un&#8217;azienda che non \u00e8 solo mero fornitore di servizi, ma anche \u00e8 partner a 360\u00b0. Affiancandoti nella definizione delle tue peculiarit\u00e0 e ritagliando sartorialmente ogni strumento sulle reali esigenze, \u00e8 essenziale per ottimizzare la tua crescita organizzativa e strutturale.<\/p>\n<p>La testata \u201c<em>Antenna 2 TV<\/em>\u201d ha dedicato un servizio giornalistico all&#8217;evento.<\/p>\n<p><a class=\"btn btn-primary\" href=\"https:\/\/www.youtube.com\/watch?v=U-3YLoJENk0\" target=\"_blank\" rel=\"noopener\">GUARDA IL VIDEO<\/a><\/p>\n","protected":false},"excerpt":{"rendered":"<p>Il 10 novembre scorso, presso la Sala Consiliare del Comune di Cene, si \u00e8 tenuto il secondo incontro del ciclo \u201cImprese e territorio\u201d, organizzato dal settore Industry di Promoserio, che ha presentato le soluzioni di connettivit\u00e0 e la trasformazione digitale come vantaggio competitivo per le imprese. Nel corso dell\u2019evento, dal titolo \u201cDigitalizzazione Aziendale\u201d, organizzato in [&hellip;]<\/p>\n","protected":false},"author":6,"featured_media":14524,"comment_status":"closed","ping_status":"closed","sticky":false,"template":"","format":"standard","meta":{"_acf_changed":false,"footnotes":""},"categories":[691,692,716,717,718,672,731],"tags":[383,368],"service_category":[312],"class_list":["post-14523","post","type-post","status-publish","format-standard","has-post-thumbnail","hentry","category-telecomunicazioni","category-connettivita-fibra-ottica","category-privati","category-attivita-commerciali","category-medie-e-grandi-imprese","category-planetel","category-digital-divide","tag-promoserio","tag-evento","service_category-telecomunicazioni"],"acf":[],"yoast_head":"<!-- This site is optimized with the Yoast SEO plugin v27.3 - https:\/\/yoast.com\/product\/yoast-seo-wordpress\/ -->\n<title>Successo per l&#039;evento Promoserio sulla \u201cDigitalizzazione Aziendale\u201d<\/title>\n<meta name=\"description\" content=\"Numerosi gli esperti e imprenditori all&#039;evento che ha presentato le soluzioni digitali come vantaggio per le imprese. Scopri di pi\u00f9.\" \/>\n<meta name=\"robots\" content=\"index, follow, max-snippet:-1, max-image-preview:large, max-video-preview:-1\" \/>\n<link rel=\"canonical\" href=\"https:\/\/www.planetel.it\/en\/2022\/11\/promoserio-digitalizzazione-planetel\/\" \/>\n<meta property=\"og:locale\" content=\"en_US\" \/>\n<meta property=\"og:type\" content=\"article\" \/>\n<meta property=\"og:title\" content=\"Successo per l&#039;evento Promoserio sulla \u201cDigitalizzazione Aziendale\u201d\" \/>\n<meta property=\"og:description\" content=\"Numerosi gli esperti e imprenditori all&#039;evento che ha presentato le soluzioni digitali come vantaggio per le imprese. Scopri di pi\u00f9.\" \/>\n<meta property=\"og:url\" content=\"https:\/\/www.planetel.it\/en\/2022\/11\/promoserio-digitalizzazione-planetel\/\" \/>\n<meta property=\"og:site_name\" content=\"Planetel\" \/>\n<meta property=\"article:publisher\" content=\"https:\/\/www.facebook.com\/planetelspa\" \/>\n<meta property=\"article:published_time\" content=\"2022-11-24T16:06:35+00:00\" \/>\n<meta property=\"article:modified_time\" content=\"2024-06-27T10:21:18+00:00\" \/>\n<meta property=\"og:image\" content=\"https:\/\/preprod-www.planetel.it\/wp-content\/uploads\/2024\/05\/Promoserio-Planetel-evento-Digitalizzazione-Aziendale.jpg\" \/>\n\t<meta property=\"og:image:width\" content=\"1920\" \/>\n\t<meta property=\"og:image:height\" content=\"1080\" \/>\n\t<meta property=\"og:image:type\" content=\"image\/jpeg\" \/>\n<meta name=\"twitter:card\" content=\"summary_large_image\" \/>\n<meta name=\"twitter:label1\" content=\"Written by\" \/>\n\t<meta name=\"twitter:data1\" content=\"Planetel Publisher\" \/>\n\t<meta name=\"twitter:label2\" content=\"Est. reading time\" \/>\n\t<meta name=\"twitter:data2\" content=\"3 minutes\" \/>\n<script type=\"application\/ld+json\" class=\"yoast-schema-graph\">{\"@context\":\"https:\\\/\\\/schema.org\",\"@graph\":[{\"@type\":\"Article\",\"@id\":\"https:\\\/\\\/www.planetel.it\\\/en\\\/2022\\\/11\\\/promoserio-digitalizzazione-planetel\\\/#article\",\"isPartOf\":{\"@id\":\"https:\\\/\\\/www.planetel.it\\\/en\\\/2022\\\/11\\\/promoserio-digitalizzazione-planetel\\\/\"},\"author\":{\"name\":\"Planetel Publisher\",\"@id\":\"https:\\\/\\\/www.planetel.it\\\/en\\\/#\\\/schema\\\/person\\\/ac2a23d0a866aa02a40c8250f17af801\"},\"headline\":\"Successo per l&#8217;evento Promoserio sulla \u201cDigitalizzazione Aziendale\u201d\",\"datePublished\":\"2022-11-24T16:06:35+00:00\",\"dateModified\":\"2024-06-27T10:21:18+00:00\",\"mainEntityOfPage\":{\"@id\":\"https:\\\/\\\/www.planetel.it\\\/en\\\/2022\\\/11\\\/promoserio-digitalizzazione-planetel\\\/\"},\"wordCount\":432,\"publisher\":{\"@id\":\"https:\\\/\\\/www.planetel.it\\\/en\\\/#organization\"},\"image\":{\"@id\":\"https:\\\/\\\/www.planetel.it\\\/en\\\/2022\\\/11\\\/promoserio-digitalizzazione-planetel\\\/#primaryimage\"},\"thumbnailUrl\":\"https:\\\/\\\/www.planetel.it\\\/wp-content\\\/uploads\\\/2024\\\/05\\\/Promoserio-Planetel-evento-Digitalizzazione-Aziendale.jpg\",\"keywords\":[\"promoserio\",\"#evento\"],\"articleSection\":[\"Telecomunicazioni\",\"Connettivit\u00e0 Fibra ottica\",\"Privati\",\"Attivit\u00e0 commerciali\",\"Medie e grandi Imprese\",\"Planetel\",\"Digital Divide\"],\"inLanguage\":\"en-US\"},{\"@type\":\"WebPage\",\"@id\":\"https:\\\/\\\/www.planetel.it\\\/en\\\/2022\\\/11\\\/promoserio-digitalizzazione-planetel\\\/\",\"url\":\"https:\\\/\\\/www.planetel.it\\\/en\\\/2022\\\/11\\\/promoserio-digitalizzazione-planetel\\\/\",\"name\":\"Successo per l'evento Promoserio sulla \u201cDigitalizzazione Aziendale\u201d\",\"isPartOf\":{\"@id\":\"https:\\\/\\\/www.planetel.it\\\/en\\\/#website\"},\"primaryImageOfPage\":{\"@id\":\"https:\\\/\\\/www.planetel.it\\\/en\\\/2022\\\/11\\\/promoserio-digitalizzazione-planetel\\\/#primaryimage\"},\"image\":{\"@id\":\"https:\\\/\\\/www.planetel.it\\\/en\\\/2022\\\/11\\\/promoserio-digitalizzazione-planetel\\\/#primaryimage\"},\"thumbnailUrl\":\"https:\\\/\\\/www.planetel.it\\\/wp-content\\\/uploads\\\/2024\\\/05\\\/Promoserio-Planetel-evento-Digitalizzazione-Aziendale.jpg\",\"datePublished\":\"2022-11-24T16:06:35+00:00\",\"dateModified\":\"2024-06-27T10:21:18+00:00\",\"description\":\"Numerosi gli esperti e imprenditori all'evento che ha presentato le soluzioni digitali come vantaggio per le imprese. Scopri di pi\u00f9.\",\"breadcrumb\":{\"@id\":\"https:\\\/\\\/www.planetel.it\\\/en\\\/2022\\\/11\\\/promoserio-digitalizzazione-planetel\\\/#breadcrumb\"},\"inLanguage\":\"en-US\",\"potentialAction\":[{\"@type\":\"ReadAction\",\"target\":[\"https:\\\/\\\/www.planetel.it\\\/en\\\/2022\\\/11\\\/promoserio-digitalizzazione-planetel\\\/\"]}]},{\"@type\":\"ImageObject\",\"inLanguage\":\"en-US\",\"@id\":\"https:\\\/\\\/www.planetel.it\\\/en\\\/2022\\\/11\\\/promoserio-digitalizzazione-planetel\\\/#primaryimage\",\"url\":\"https:\\\/\\\/www.planetel.it\\\/wp-content\\\/uploads\\\/2024\\\/05\\\/Promoserio-Planetel-evento-Digitalizzazione-Aziendale.jpg\",\"contentUrl\":\"https:\\\/\\\/www.planetel.it\\\/wp-content\\\/uploads\\\/2024\\\/05\\\/Promoserio-Planetel-evento-Digitalizzazione-Aziendale.jpg\",\"width\":1920,\"height\":1080},{\"@type\":\"BreadcrumbList\",\"@id\":\"https:\\\/\\\/www.planetel.it\\\/en\\\/2022\\\/11\\\/promoserio-digitalizzazione-planetel\\\/#breadcrumb\",\"itemListElement\":[{\"@type\":\"ListItem\",\"position\":1,\"name\":\"Home\",\"item\":\"https:\\\/\\\/www.planetel.it\\\/en\\\/\"},{\"@type\":\"ListItem\",\"position\":2,\"name\":\"Servizi\",\"item\":\"https:\\\/\\\/www.planetel.it\\\/news\\\/blog\\\/categoria\\\/servizi\\\/\"},{\"@type\":\"ListItem\",\"position\":3,\"name\":\"Telecomunicazioni\",\"item\":\"https:\\\/\\\/www.planetel.it\\\/news\\\/blog\\\/categoria\\\/telecomunicazioni\\\/\"},{\"@type\":\"ListItem\",\"position\":4,\"name\":\"Successo per l&#8217;evento Promoserio sulla \u201cDigitalizzazione Aziendale\u201d\"}]},{\"@type\":\"WebSite\",\"@id\":\"https:\\\/\\\/www.planetel.it\\\/en\\\/#website\",\"url\":\"https:\\\/\\\/www.planetel.it\\\/en\\\/\",\"name\":\"Planetel\",\"description\":\"Pi\u00f9 che una connessione\",\"publisher\":{\"@id\":\"https:\\\/\\\/www.planetel.it\\\/en\\\/#organization\"},\"potentialAction\":[{\"@type\":\"SearchAction\",\"target\":{\"@type\":\"EntryPoint\",\"urlTemplate\":\"https:\\\/\\\/www.planetel.it\\\/en\\\/?s={search_term_string}\"},\"query-input\":{\"@type\":\"PropertyValueSpecification\",\"valueRequired\":true,\"valueName\":\"search_term_string\"}}],\"inLanguage\":\"en-US\"},{\"@type\":\"Organization\",\"@id\":\"https:\\\/\\\/www.planetel.it\\\/en\\\/#organization\",\"name\":\"Planetel S.p.A.\",\"url\":\"https:\\\/\\\/www.planetel.it\\\/en\\\/\",\"logo\":{\"@type\":\"ImageObject\",\"inLanguage\":\"en-US\",\"@id\":\"https:\\\/\\\/www.planetel.it\\\/en\\\/#\\\/schema\\\/logo\\\/image\\\/\",\"url\":\"https:\\\/\\\/www.planetel.it\\\/wp-content\\\/uploads\\\/2024\\\/04\\\/logo-group-planetel.svg\",\"contentUrl\":\"https:\\\/\\\/www.planetel.it\\\/wp-content\\\/uploads\\\/2024\\\/04\\\/logo-group-planetel.svg\",\"width\":1,\"height\":1,\"caption\":\"Planetel S.p.A.\"},\"image\":{\"@id\":\"https:\\\/\\\/www.planetel.it\\\/en\\\/#\\\/schema\\\/logo\\\/image\\\/\"},\"sameAs\":[\"https:\\\/\\\/www.facebook.com\\\/planetelspa\",\"https:\\\/\\\/www.linkedin.com\\\/company\\\/planetel\",\"https:\\\/\\\/www.instagram.com\\\/planetelspa\"]},{\"@type\":\"Person\",\"@id\":\"https:\\\/\\\/www.planetel.it\\\/en\\\/#\\\/schema\\\/person\\\/ac2a23d0a866aa02a40c8250f17af801\",\"name\":\"Planetel Publisher\",\"image\":{\"@type\":\"ImageObject\",\"inLanguage\":\"en-US\",\"@id\":\"https:\\\/\\\/secure.gravatar.com\\\/avatar\\\/fb7724b9324f849eec277f4a500aa89e2b0af7fbae894491a58cc6b3cb1e7f4a?s=96&d=mm&r=g\",\"url\":\"https:\\\/\\\/secure.gravatar.com\\\/avatar\\\/fb7724b9324f849eec277f4a500aa89e2b0af7fbae894491a58cc6b3cb1e7f4a?s=96&d=mm&r=g\",\"contentUrl\":\"https:\\\/\\\/secure.gravatar.com\\\/avatar\\\/fb7724b9324f849eec277f4a500aa89e2b0af7fbae894491a58cc6b3cb1e7f4a?s=96&d=mm&r=g\",\"caption\":\"Planetel Publisher\"},\"url\":\"https:\\\/\\\/www.planetel.it\\\/en\\\/author\\\/adminplanetel\\\/\"}]}<\/script>\n<!-- \/ Yoast SEO plugin. -->","yoast_head_json":{"title":"Successo per l'evento Promoserio sulla \u201cDigitalizzazione Aziendale\u201d","description":"Numerosi gli esperti e imprenditori all'evento che ha presentato le soluzioni digitali come vantaggio per le imprese. Scopri di pi\u00f9.","robots":{"index":"index","follow":"follow","max-snippet":"max-snippet:-1","max-image-preview":"max-image-preview:large","max-video-preview":"max-video-preview:-1"},"canonical":"https:\/\/www.planetel.it\/en\/2022\/11\/promoserio-digitalizzazione-planetel\/","og_locale":"en_US","og_type":"article","og_title":"Successo per l'evento Promoserio sulla \u201cDigitalizzazione Aziendale\u201d","og_description":"Numerosi gli esperti e imprenditori all'evento che ha presentato le soluzioni digitali come vantaggio per le imprese. Scopri di pi\u00f9.","og_url":"https:\/\/www.planetel.it\/en\/2022\/11\/promoserio-digitalizzazione-planetel\/","og_site_name":"Planetel","article_publisher":"https:\/\/www.facebook.com\/planetelspa","article_published_time":"2022-11-24T16:06:35+00:00","article_modified_time":"2024-06-27T10:21:18+00:00","og_image":[{"width":1920,"height":1080,"url":"https:\/\/preprod-www.planetel.it\/wp-content\/uploads\/2024\/05\/Promoserio-Planetel-evento-Digitalizzazione-Aziendale.jpg","type":"image\/jpeg"}],"twitter_card":"summary_large_image","twitter_misc":{"Written by":"Planetel Publisher","Est. reading time":"3 minutes"},"schema":{"@context":"https:\/\/schema.org","@graph":[{"@type":"Article","@id":"https:\/\/www.planetel.it\/en\/2022\/11\/promoserio-digitalizzazione-planetel\/#article","isPartOf":{"@id":"https:\/\/www.planetel.it\/en\/2022\/11\/promoserio-digitalizzazione-planetel\/"},"author":{"name":"Planetel Publisher","@id":"https:\/\/www.planetel.it\/en\/#\/schema\/person\/ac2a23d0a866aa02a40c8250f17af801"},"headline":"Successo per l&#8217;evento Promoserio sulla \u201cDigitalizzazione Aziendale\u201d","datePublished":"2022-11-24T16:06:35+00:00","dateModified":"2024-06-27T10:21:18+00:00","mainEntityOfPage":{"@id":"https:\/\/www.planetel.it\/en\/2022\/11\/promoserio-digitalizzazione-planetel\/"},"wordCount":432,"publisher":{"@id":"https:\/\/www.planetel.it\/en\/#organization"},"image":{"@id":"https:\/\/www.planetel.it\/en\/2022\/11\/promoserio-digitalizzazione-planetel\/#primaryimage"},"thumbnailUrl":"https:\/\/www.planetel.it\/wp-content\/uploads\/2024\/05\/Promoserio-Planetel-evento-Digitalizzazione-Aziendale.jpg","keywords":["promoserio","#evento"],"articleSection":["Telecomunicazioni","Connettivit\u00e0 Fibra ottica","Privati","Attivit\u00e0 commerciali","Medie e grandi Imprese","Planetel","Digital Divide"],"inLanguage":"en-US"},{"@type":"WebPage","@id":"https:\/\/www.planetel.it\/en\/2022\/11\/promoserio-digitalizzazione-planetel\/","url":"https:\/\/www.planetel.it\/en\/2022\/11\/promoserio-digitalizzazione-planetel\/","name":"Successo per l'evento Promoserio sulla \u201cDigitalizzazione Aziendale\u201d","isPartOf":{"@id":"https:\/\/www.planetel.it\/en\/#website"},"primaryImageOfPage":{"@id":"https:\/\/www.planetel.it\/en\/2022\/11\/promoserio-digitalizzazione-planetel\/#primaryimage"},"image":{"@id":"https:\/\/www.planetel.it\/en\/2022\/11\/promoserio-digitalizzazione-planetel\/#primaryimage"},"thumbnailUrl":"https:\/\/www.planetel.it\/wp-content\/uploads\/2024\/05\/Promoserio-Planetel-evento-Digitalizzazione-Aziendale.jpg","datePublished":"2022-11-24T16:06:35+00:00","dateModified":"2024-06-27T10:21:18+00:00","description":"Numerosi gli esperti e imprenditori all'evento che ha presentato le soluzioni digitali come vantaggio per le imprese. Scopri di pi\u00f9.","breadcrumb":{"@id":"https:\/\/www.planetel.it\/en\/2022\/11\/promoserio-digitalizzazione-planetel\/#breadcrumb"},"inLanguage":"en-US","potentialAction":[{"@type":"ReadAction","target":["https:\/\/www.planetel.it\/en\/2022\/11\/promoserio-digitalizzazione-planetel\/"]}]},{"@type":"ImageObject","inLanguage":"en-US","@id":"https:\/\/www.planetel.it\/en\/2022\/11\/promoserio-digitalizzazione-planetel\/#primaryimage","url":"https:\/\/www.planetel.it\/wp-content\/uploads\/2024\/05\/Promoserio-Planetel-evento-Digitalizzazione-Aziendale.jpg","contentUrl":"https:\/\/www.planetel.it\/wp-content\/uploads\/2024\/05\/Promoserio-Planetel-evento-Digitalizzazione-Aziendale.jpg","width":1920,"height":1080},{"@type":"BreadcrumbList","@id":"https:\/\/www.planetel.it\/en\/2022\/11\/promoserio-digitalizzazione-planetel\/#breadcrumb","itemListElement":[{"@type":"ListItem","position":1,"name":"Home","item":"https:\/\/www.planetel.it\/en\/"},{"@type":"ListItem","position":2,"name":"Servizi","item":"https:\/\/www.planetel.it\/news\/blog\/categoria\/servizi\/"},{"@type":"ListItem","position":3,"name":"Telecomunicazioni","item":"https:\/\/www.planetel.it\/news\/blog\/categoria\/telecomunicazioni\/"},{"@type":"ListItem","position":4,"name":"Successo per l&#8217;evento Promoserio sulla \u201cDigitalizzazione Aziendale\u201d"}]},{"@type":"WebSite","@id":"https:\/\/www.planetel.it\/en\/#website","url":"https:\/\/www.planetel.it\/en\/","name":"Planetel","description":"Pi\u00f9 che una connessione","publisher":{"@id":"https:\/\/www.planetel.it\/en\/#organization"},"potentialAction":[{"@type":"SearchAction","target":{"@type":"EntryPoint","urlTemplate":"https:\/\/www.planetel.it\/en\/?s={search_term_string}"},"query-input":{"@type":"PropertyValueSpecification","valueRequired":true,"valueName":"search_term_string"}}],"inLanguage":"en-US"},{"@type":"Organization","@id":"https:\/\/www.planetel.it\/en\/#organization","name":"Planetel S.p.A.","url":"https:\/\/www.planetel.it\/en\/","logo":{"@type":"ImageObject","inLanguage":"en-US","@id":"https:\/\/www.planetel.it\/en\/#\/schema\/logo\/image\/","url":"https:\/\/www.planetel.it\/wp-content\/uploads\/2024\/04\/logo-group-planetel.svg","contentUrl":"https:\/\/www.planetel.it\/wp-content\/uploads\/2024\/04\/logo-group-planetel.svg","width":1,"height":1,"caption":"Planetel S.p.A."},"image":{"@id":"https:\/\/www.planetel.it\/en\/#\/schema\/logo\/image\/"},"sameAs":["https:\/\/www.facebook.com\/planetelspa","https:\/\/www.linkedin.com\/company\/planetel","https:\/\/www.instagram.com\/planetelspa"]},{"@type":"Person","@id":"https:\/\/www.planetel.it\/en\/#\/schema\/person\/ac2a23d0a866aa02a40c8250f17af801","name":"Planetel Publisher","image":{"@type":"ImageObject","inLanguage":"en-US","@id":"https:\/\/secure.gravatar.com\/avatar\/fb7724b9324f849eec277f4a500aa89e2b0af7fbae894491a58cc6b3cb1e7f4a?s=96&d=mm&r=g","url":"https:\/\/secure.gravatar.com\/avatar\/fb7724b9324f849eec277f4a500aa89e2b0af7fbae894491a58cc6b3cb1e7f4a?s=96&d=mm&r=g","contentUrl":"https:\/\/secure.gravatar.com\/avatar\/fb7724b9324f849eec277f4a500aa89e2b0af7fbae894491a58cc6b3cb1e7f4a?s=96&d=mm&r=g","caption":"Planetel Publisher"},"url":"https:\/\/www.planetel.it\/en\/author\/adminplanetel\/"}]}},"_links":{"self":[{"href":"https:\/\/www.planetel.it\/en\/wp-json\/wp\/v2\/posts\/14523","targetHints":{"allow":["GET"]}}],"collection":[{"href":"https:\/\/www.planetel.it\/en\/wp-json\/wp\/v2\/posts"}],"about":[{"href":"https:\/\/www.planetel.it\/en\/wp-json\/wp\/v2\/types\/post"}],"author":[{"embeddable":true,"href":"https:\/\/www.planetel.it\/en\/wp-json\/wp\/v2\/users\/6"}],"replies":[{"embeddable":true,"href":"https:\/\/www.planetel.it\/en\/wp-json\/wp\/v2\/comments?post=14523"}],"version-history":[{"count":2,"href":"https:\/\/www.planetel.it\/en\/wp-json\/wp\/v2\/posts\/14523\/revisions"}],"predecessor-version":[{"id":14848,"href":"https:\/\/www.planetel.it\/en\/wp-json\/wp\/v2\/posts\/14523\/revisions\/14848"}],"wp:featuredmedia":[{"embeddable":true,"href":"https:\/\/www.planetel.it\/en\/wp-json\/wp\/v2\/media\/14524"}],"wp:attachment":[{"href":"https:\/\/www.planetel.it\/en\/wp-json\/wp\/v2\/media?parent=14523"}],"wp:term":[{"taxonomy":"category","embeddable":true,"href":"https:\/\/www.planetel.it\/en\/wp-json\/wp\/v2\/categories?post=14523"},{"taxonomy":"post_tag","embeddable":true,"href":"https:\/\/www.planetel.it\/en\/wp-json\/wp\/v2\/tags?post=14523"},{"taxonomy":"service_category","embeddable":true,"href":"https:\/\/www.planetel.it\/en\/wp-json\/wp\/v2\/service_category?post=14523"}],"curies":[{"name":"wp","href":"https:\/\/api.w.org\/{rel}","templated":true}]}}