{"id":14543,"date":"2023-02-23T10:22:49","date_gmt":"2023-02-23T09:22:49","guid":{"rendered":"http:\/\/www.planetel.it\/2023\/02\/nuova-pec-europea-2fa\/"},"modified":"2024-06-27T12:14:23","modified_gmt":"2024-06-27T10:14:23","slug":"nuova-pec-europea-2fa","status":"publish","type":"post","link":"https:\/\/www.planetel.it\/en\/2023\/02\/nuova-pec-europea-2fa\/","title":{"rendered":"2FA come primo cambiamento della nuova PEC europea"},"content":{"rendered":"<h2>PEC europea, ora con la verifica di accesso in due passaggi<\/h2>\n<p>La Posta Elettronica Certificata, come si evince dal nome stesso, \u00e8 uno strumento di grande importanza poich\u00e9 conferisce valore legale alle comunicazioni. Proprio per questo, diventa fondamentale <strong>tutelare la sua sicurezza in toto<\/strong>.<\/p>\n<p>Prima che fosse proposto lo standard ETSI (<span style=\"font-size: 14px;\"><em>approvato a giugno 2022, consente ai cittadini e alle imprese facenti parte dell\u2019Unione Europea di comunicare in modo sicuro e con pieno valore legale, rendendo valida in tutta Europa la PEC<\/em><\/span>),\u00a0ci\u00f2 che veniva salvaguardato nella posta elettronica tradizionale era l\u2019intero processo di comunicazione (contenuto, data e ora dell\u2019invio del messaggio), ma non l\u2019identit\u00e0 degli individui che vi accedevano. In questo senso, l\u2019attenzione va posta su un fattore critico importante: i dati rilevano che, quando un sistema informatico si interfaccia con le persone, sono proprio queste ultime, nella maggior parte dei casi, ad essere l\u2019anello debole dell\u2019intera catena. Ecco perch\u00e9, <strong>con il passaggio alla PEC europea, la protezione dell\u2019identit\u00e0 acquisisce un ruolo centrale<\/strong> attraverso l\u2019adozione di un sistema di verifica a due passaggi che consente di irrobustire le policy di gestione dell\u2019accesso e, conseguentemente, dell\u2019identit\u00e0.<\/p>\n<h2>L\u2019attivazione del duplice fattore di autenticazione per la PEC europea<\/h2>\n<p>La verifica in due passaggi, detta anche <strong>autenticazione a due fattori (2FA)<\/strong>, \u00e8 un meccanismo tanto funzionale quanto semplice che ha come obiettivo quello di proteggere gli account e tutelare l\u2019identit\u00e0 dell\u2019utente da accessi non autorizzati.<\/p>\n<p>\u00c8 una soluzione ampiamente diffusa, che la maggior parte delle persone gi\u00e0 utilizza per accedere a moltissime piattaforme e servizi (conto bancario, posta, prenotazione passaporto, fascicolo sanitario, etc.). In sostanza, consiste nell\u2019integrare le classiche credenziali di username e password con un secondo sistema di sicurezza, in modo che i passaggi da fare per poter accedere alla propria casella PEC siano, appunto, due. Da qui, dunque, l\u2019accezione di 2FA, ossia 2 fattori di autenticazione.<\/p>\n<p>L\u2019utente, quindi, \u00e8 obbligato a superare due step per riuscire ad utilizzare la propria Posta Elettronica Certificata:<\/p>\n<ul>\n<li><strong>Lo step classico<\/strong>, caratterizzato dall\u2019inserimento dell\u2019indirizzo della casella PEC e della password;<\/li>\n<li><strong> Lo step aggiuntivo<\/strong>, costituito o da una notifica di tipo Push su applicazione specifica o dall\u2019inserimento di un OTP (messaggio con codice \u201cusa e getta\u201d da approvare).<\/li>\n<\/ul>\n<h2>Perch\u00e9 \u00e8 importante?<\/h2>\n<p>Dati sensibili, contratti, comunicazioni legali, documenti aziendali: tutto ci\u00f2 che viene comunicato attraverso la PEC veicola contenuti di grande rilevanza. Pertanto, \u00e8 necessario integrare sistemi di sicurezza aggiuntivi, come l\u2019autenticazione a due fattori, che possano garantire un perimetro di sorveglianza ulteriore.<\/p>\n<p>Appare, dunque, evidente che la verifica a due passaggi sia, a tutti gli effetti, lo strumento perfetto per tale fine, poich\u00e9 opera un doppio controllo dell\u2019identit\u00e0 in modo semplice e agevole. Risulta, cos\u00ec, estremamente pi\u00f9 complesso accedere in maniera indesiderata alla PEC.<\/p>\n<p>\u00c8 vero che, da un lato, questa procedura richiede qualche secondo in pi\u00f9 per poter accedere alla propria casella, tuttavia, dall\u2019altro lato, si acquisisce conformit\u00e0 con gli standard pensati per la PEC europea e con le tematiche di cybersecurity attuali.<\/p>\n<p>&nbsp;<\/p>\n<h1 style=\"text-align: center;\"><strong>Vuoi conoscere le novit\u00e0 della PEC europea?<\/strong><\/h1>\n<h1 style=\"text-align: center;\"><a class=\"btn btn-success btn-warning\" href=\"https:\/\/www.planetel.it\/wp-content\/uploads\/2023\/02\/White-paper_PEC.pdf\" target=\"_blank\" rel=\"noopener\">SCARICA IL WHITE PAPER<\/a><\/h1>\n","protected":false},"excerpt":{"rendered":"<p>PEC europea, ora con la verifica di accesso in due passaggi La Posta Elettronica Certificata, come si evince dal nome stesso, \u00e8 uno strumento di grande importanza poich\u00e9 conferisce valore legale alle comunicazioni. Proprio per questo, diventa fondamentale tutelare la sua sicurezza in toto. Prima che fosse proposto lo standard ETSI (approvato a giugno 2022, [&hellip;]<\/p>\n","protected":false},"author":4,"featured_media":16598,"comment_status":"closed","ping_status":"closed","sticky":false,"template":"","format":"standard","meta":{"_acf_changed":false,"footnotes":""},"categories":[703,712,716,717,718,719,672],"tags":[350,384,398,399,400,401],"service_category":[313],"class_list":["post-14543","post","type-post","status-publish","format-standard","has-post-thumbnail","hentry","category-servizi-web","category-gespec","category-privati","category-attivita-commerciali","category-medie-e-grandi-imprese","category-pubblica-amministrazione","category-planetel","tag-pec","tag-cybersecurity","tag-2fa","tag-autenticazione","tag-identita","tag-pec-europea","service_category-servizi-it-cloud"],"acf":[],"yoast_head":"<!-- This site is optimized with the Yoast SEO plugin v27.3 - https:\/\/yoast.com\/product\/yoast-seo-wordpress\/ -->\n<title>2FA Come Primo Cambiamento Della Nuova PEC Europea<\/title>\n<meta name=\"description\" content=\"I dettami europei in materia di sicurezza informatica introducono la nuova PEC europea con l&#039;obbligo dell&#039;autenticazione a due fattori.\" \/>\n<meta name=\"robots\" content=\"index, follow, max-snippet:-1, max-image-preview:large, max-video-preview:-1\" \/>\n<link rel=\"canonical\" href=\"https:\/\/www.planetel.it\/en\/2023\/02\/nuova-pec-europea-2fa\/\" \/>\n<meta property=\"og:locale\" content=\"en_US\" \/>\n<meta property=\"og:type\" content=\"article\" \/>\n<meta property=\"og:title\" content=\"2FA Come Primo Cambiamento Della Nuova PEC Europea\" \/>\n<meta property=\"og:description\" content=\"I dettami europei in materia di sicurezza informatica introducono la nuova PEC europea con l&#039;obbligo dell&#039;autenticazione a due fattori.\" \/>\n<meta property=\"og:url\" content=\"https:\/\/www.planetel.it\/en\/2023\/02\/nuova-pec-europea-2fa\/\" \/>\n<meta property=\"og:site_name\" content=\"Planetel\" \/>\n<meta property=\"article:publisher\" content=\"https:\/\/www.facebook.com\/planetelspa\" \/>\n<meta property=\"article:published_time\" content=\"2023-02-23T09:22:49+00:00\" \/>\n<meta property=\"article:modified_time\" content=\"2024-06-27T10:14:23+00:00\" \/>\n<meta property=\"og:image\" content=\"https:\/\/preprod-www.planetel.it\/wp-content\/uploads\/2023\/02\/MicrosoftTeams-image-13-580x285-1.png\" \/>\n\t<meta property=\"og:image:width\" content=\"580\" \/>\n\t<meta property=\"og:image:height\" content=\"285\" \/>\n\t<meta property=\"og:image:type\" content=\"image\/png\" \/>\n<meta name=\"twitter:card\" content=\"summary_large_image\" \/>\n<meta name=\"twitter:label1\" content=\"Written by\" \/>\n\t<meta name=\"twitter:data1\" content=\"Andrea Brumana\" \/>\n\t<meta name=\"twitter:label2\" content=\"Est. reading time\" \/>\n\t<meta name=\"twitter:data2\" content=\"3 minutes\" \/>\n<script type=\"application\/ld+json\" class=\"yoast-schema-graph\">{\"@context\":\"https:\\\/\\\/schema.org\",\"@graph\":[{\"@type\":\"Article\",\"@id\":\"https:\\\/\\\/www.planetel.it\\\/en\\\/2023\\\/02\\\/nuova-pec-europea-2fa\\\/#article\",\"isPartOf\":{\"@id\":\"https:\\\/\\\/www.planetel.it\\\/en\\\/2023\\\/02\\\/nuova-pec-europea-2fa\\\/\"},\"author\":{\"name\":\"Andrea Brumana\",\"@id\":\"https:\\\/\\\/www.planetel.it\\\/en\\\/#\\\/schema\\\/person\\\/8e74703d23ff222042246a845bb004fa\"},\"headline\":\"2FA come primo cambiamento della nuova PEC europea\",\"datePublished\":\"2023-02-23T09:22:49+00:00\",\"dateModified\":\"2024-06-27T10:14:23+00:00\",\"mainEntityOfPage\":{\"@id\":\"https:\\\/\\\/www.planetel.it\\\/en\\\/2023\\\/02\\\/nuova-pec-europea-2fa\\\/\"},\"wordCount\":521,\"publisher\":{\"@id\":\"https:\\\/\\\/www.planetel.it\\\/en\\\/#organization\"},\"image\":{\"@id\":\"https:\\\/\\\/www.planetel.it\\\/en\\\/2023\\\/02\\\/nuova-pec-europea-2fa\\\/#primaryimage\"},\"thumbnailUrl\":\"https:\\\/\\\/www.planetel.it\\\/wp-content\\\/uploads\\\/2023\\\/02\\\/MicrosoftTeams-image-13-580x285-1.png\",\"keywords\":[\"pec\",\"cybersecurity\",\"2FA\",\"Autenticazione\",\"identit\u00e0\",\"PEC europea\"],\"articleSection\":[\"Servizi Web\",\"GesPEC\",\"Privati\",\"Attivit\u00e0 commerciali\",\"Medie e grandi Imprese\",\"Pubblica Amministrazione\",\"Planetel\"],\"inLanguage\":\"en-US\"},{\"@type\":\"WebPage\",\"@id\":\"https:\\\/\\\/www.planetel.it\\\/en\\\/2023\\\/02\\\/nuova-pec-europea-2fa\\\/\",\"url\":\"https:\\\/\\\/www.planetel.it\\\/en\\\/2023\\\/02\\\/nuova-pec-europea-2fa\\\/\",\"name\":\"2FA Come Primo Cambiamento Della Nuova PEC Europea\",\"isPartOf\":{\"@id\":\"https:\\\/\\\/www.planetel.it\\\/en\\\/#website\"},\"primaryImageOfPage\":{\"@id\":\"https:\\\/\\\/www.planetel.it\\\/en\\\/2023\\\/02\\\/nuova-pec-europea-2fa\\\/#primaryimage\"},\"image\":{\"@id\":\"https:\\\/\\\/www.planetel.it\\\/en\\\/2023\\\/02\\\/nuova-pec-europea-2fa\\\/#primaryimage\"},\"thumbnailUrl\":\"https:\\\/\\\/www.planetel.it\\\/wp-content\\\/uploads\\\/2023\\\/02\\\/MicrosoftTeams-image-13-580x285-1.png\",\"datePublished\":\"2023-02-23T09:22:49+00:00\",\"dateModified\":\"2024-06-27T10:14:23+00:00\",\"description\":\"I dettami europei in materia di sicurezza informatica introducono la nuova PEC europea con l'obbligo dell'autenticazione a due fattori.\",\"breadcrumb\":{\"@id\":\"https:\\\/\\\/www.planetel.it\\\/en\\\/2023\\\/02\\\/nuova-pec-europea-2fa\\\/#breadcrumb\"},\"inLanguage\":\"en-US\",\"potentialAction\":[{\"@type\":\"ReadAction\",\"target\":[\"https:\\\/\\\/www.planetel.it\\\/en\\\/2023\\\/02\\\/nuova-pec-europea-2fa\\\/\"]}]},{\"@type\":\"ImageObject\",\"inLanguage\":\"en-US\",\"@id\":\"https:\\\/\\\/www.planetel.it\\\/en\\\/2023\\\/02\\\/nuova-pec-europea-2fa\\\/#primaryimage\",\"url\":\"https:\\\/\\\/www.planetel.it\\\/wp-content\\\/uploads\\\/2023\\\/02\\\/MicrosoftTeams-image-13-580x285-1.png\",\"contentUrl\":\"https:\\\/\\\/www.planetel.it\\\/wp-content\\\/uploads\\\/2023\\\/02\\\/MicrosoftTeams-image-13-580x285-1.png\",\"width\":580,\"height\":285},{\"@type\":\"BreadcrumbList\",\"@id\":\"https:\\\/\\\/www.planetel.it\\\/en\\\/2023\\\/02\\\/nuova-pec-europea-2fa\\\/#breadcrumb\",\"itemListElement\":[{\"@type\":\"ListItem\",\"position\":1,\"name\":\"Home\",\"item\":\"https:\\\/\\\/www.planetel.it\\\/en\\\/\"},{\"@type\":\"ListItem\",\"position\":2,\"name\":\"Servizi\",\"item\":\"https:\\\/\\\/www.planetel.it\\\/news\\\/blog\\\/categoria\\\/servizi\\\/\"},{\"@type\":\"ListItem\",\"position\":3,\"name\":\"Servizi Web\",\"item\":\"https:\\\/\\\/www.planetel.it\\\/news\\\/blog\\\/categoria\\\/servizi-web\\\/\"},{\"@type\":\"ListItem\",\"position\":4,\"name\":\"2FA come primo cambiamento della nuova PEC europea\"}]},{\"@type\":\"WebSite\",\"@id\":\"https:\\\/\\\/www.planetel.it\\\/en\\\/#website\",\"url\":\"https:\\\/\\\/www.planetel.it\\\/en\\\/\",\"name\":\"Planetel\",\"description\":\"Pi\u00f9 che una connessione\",\"publisher\":{\"@id\":\"https:\\\/\\\/www.planetel.it\\\/en\\\/#organization\"},\"potentialAction\":[{\"@type\":\"SearchAction\",\"target\":{\"@type\":\"EntryPoint\",\"urlTemplate\":\"https:\\\/\\\/www.planetel.it\\\/en\\\/?s={search_term_string}\"},\"query-input\":{\"@type\":\"PropertyValueSpecification\",\"valueRequired\":true,\"valueName\":\"search_term_string\"}}],\"inLanguage\":\"en-US\"},{\"@type\":\"Organization\",\"@id\":\"https:\\\/\\\/www.planetel.it\\\/en\\\/#organization\",\"name\":\"Planetel S.p.A.\",\"url\":\"https:\\\/\\\/www.planetel.it\\\/en\\\/\",\"logo\":{\"@type\":\"ImageObject\",\"inLanguage\":\"en-US\",\"@id\":\"https:\\\/\\\/www.planetel.it\\\/en\\\/#\\\/schema\\\/logo\\\/image\\\/\",\"url\":\"https:\\\/\\\/www.planetel.it\\\/wp-content\\\/uploads\\\/2024\\\/04\\\/logo-group-planetel.svg\",\"contentUrl\":\"https:\\\/\\\/www.planetel.it\\\/wp-content\\\/uploads\\\/2024\\\/04\\\/logo-group-planetel.svg\",\"width\":1,\"height\":1,\"caption\":\"Planetel S.p.A.\"},\"image\":{\"@id\":\"https:\\\/\\\/www.planetel.it\\\/en\\\/#\\\/schema\\\/logo\\\/image\\\/\"},\"sameAs\":[\"https:\\\/\\\/www.facebook.com\\\/planetelspa\",\"https:\\\/\\\/www.linkedin.com\\\/company\\\/planetel\",\"https:\\\/\\\/www.instagram.com\\\/planetelspa\"]},{\"@type\":\"Person\",\"@id\":\"https:\\\/\\\/www.planetel.it\\\/en\\\/#\\\/schema\\\/person\\\/8e74703d23ff222042246a845bb004fa\",\"name\":\"Andrea Brumana\",\"image\":{\"@type\":\"ImageObject\",\"inLanguage\":\"en-US\",\"@id\":\"https:\\\/\\\/secure.gravatar.com\\\/avatar\\\/9a839884f24513d8bf063a907c74d8d2483fb1c4bbbf7cf7222c3e08581e4219?s=96&d=mm&r=g\",\"url\":\"https:\\\/\\\/secure.gravatar.com\\\/avatar\\\/9a839884f24513d8bf063a907c74d8d2483fb1c4bbbf7cf7222c3e08581e4219?s=96&d=mm&r=g\",\"contentUrl\":\"https:\\\/\\\/secure.gravatar.com\\\/avatar\\\/9a839884f24513d8bf063a907c74d8d2483fb1c4bbbf7cf7222c3e08581e4219?s=96&d=mm&r=g\",\"caption\":\"Andrea Brumana\"},\"url\":\"https:\\\/\\\/www.planetel.it\\\/en\\\/author\\\/a-brumana\\\/\"}]}<\/script>\n<!-- \/ Yoast SEO plugin. -->","yoast_head_json":{"title":"2FA Come Primo Cambiamento Della Nuova PEC Europea","description":"I dettami europei in materia di sicurezza informatica introducono la nuova PEC europea con l'obbligo dell'autenticazione a due fattori.","robots":{"index":"index","follow":"follow","max-snippet":"max-snippet:-1","max-image-preview":"max-image-preview:large","max-video-preview":"max-video-preview:-1"},"canonical":"https:\/\/www.planetel.it\/en\/2023\/02\/nuova-pec-europea-2fa\/","og_locale":"en_US","og_type":"article","og_title":"2FA Come Primo Cambiamento Della Nuova PEC Europea","og_description":"I dettami europei in materia di sicurezza informatica introducono la nuova PEC europea con l'obbligo dell'autenticazione a due fattori.","og_url":"https:\/\/www.planetel.it\/en\/2023\/02\/nuova-pec-europea-2fa\/","og_site_name":"Planetel","article_publisher":"https:\/\/www.facebook.com\/planetelspa","article_published_time":"2023-02-23T09:22:49+00:00","article_modified_time":"2024-06-27T10:14:23+00:00","og_image":[{"width":580,"height":285,"url":"https:\/\/preprod-www.planetel.it\/wp-content\/uploads\/2023\/02\/MicrosoftTeams-image-13-580x285-1.png","type":"image\/png"}],"twitter_card":"summary_large_image","twitter_misc":{"Written by":"Andrea Brumana","Est. reading time":"3 minutes"},"schema":{"@context":"https:\/\/schema.org","@graph":[{"@type":"Article","@id":"https:\/\/www.planetel.it\/en\/2023\/02\/nuova-pec-europea-2fa\/#article","isPartOf":{"@id":"https:\/\/www.planetel.it\/en\/2023\/02\/nuova-pec-europea-2fa\/"},"author":{"name":"Andrea Brumana","@id":"https:\/\/www.planetel.it\/en\/#\/schema\/person\/8e74703d23ff222042246a845bb004fa"},"headline":"2FA come primo cambiamento della nuova PEC europea","datePublished":"2023-02-23T09:22:49+00:00","dateModified":"2024-06-27T10:14:23+00:00","mainEntityOfPage":{"@id":"https:\/\/www.planetel.it\/en\/2023\/02\/nuova-pec-europea-2fa\/"},"wordCount":521,"publisher":{"@id":"https:\/\/www.planetel.it\/en\/#organization"},"image":{"@id":"https:\/\/www.planetel.it\/en\/2023\/02\/nuova-pec-europea-2fa\/#primaryimage"},"thumbnailUrl":"https:\/\/www.planetel.it\/wp-content\/uploads\/2023\/02\/MicrosoftTeams-image-13-580x285-1.png","keywords":["pec","cybersecurity","2FA","Autenticazione","identit\u00e0","PEC europea"],"articleSection":["Servizi Web","GesPEC","Privati","Attivit\u00e0 commerciali","Medie e grandi Imprese","Pubblica Amministrazione","Planetel"],"inLanguage":"en-US"},{"@type":"WebPage","@id":"https:\/\/www.planetel.it\/en\/2023\/02\/nuova-pec-europea-2fa\/","url":"https:\/\/www.planetel.it\/en\/2023\/02\/nuova-pec-europea-2fa\/","name":"2FA Come Primo Cambiamento Della Nuova PEC Europea","isPartOf":{"@id":"https:\/\/www.planetel.it\/en\/#website"},"primaryImageOfPage":{"@id":"https:\/\/www.planetel.it\/en\/2023\/02\/nuova-pec-europea-2fa\/#primaryimage"},"image":{"@id":"https:\/\/www.planetel.it\/en\/2023\/02\/nuova-pec-europea-2fa\/#primaryimage"},"thumbnailUrl":"https:\/\/www.planetel.it\/wp-content\/uploads\/2023\/02\/MicrosoftTeams-image-13-580x285-1.png","datePublished":"2023-02-23T09:22:49+00:00","dateModified":"2024-06-27T10:14:23+00:00","description":"I dettami europei in materia di sicurezza informatica introducono la nuova PEC europea con l'obbligo dell'autenticazione a due fattori.","breadcrumb":{"@id":"https:\/\/www.planetel.it\/en\/2023\/02\/nuova-pec-europea-2fa\/#breadcrumb"},"inLanguage":"en-US","potentialAction":[{"@type":"ReadAction","target":["https:\/\/www.planetel.it\/en\/2023\/02\/nuova-pec-europea-2fa\/"]}]},{"@type":"ImageObject","inLanguage":"en-US","@id":"https:\/\/www.planetel.it\/en\/2023\/02\/nuova-pec-europea-2fa\/#primaryimage","url":"https:\/\/www.planetel.it\/wp-content\/uploads\/2023\/02\/MicrosoftTeams-image-13-580x285-1.png","contentUrl":"https:\/\/www.planetel.it\/wp-content\/uploads\/2023\/02\/MicrosoftTeams-image-13-580x285-1.png","width":580,"height":285},{"@type":"BreadcrumbList","@id":"https:\/\/www.planetel.it\/en\/2023\/02\/nuova-pec-europea-2fa\/#breadcrumb","itemListElement":[{"@type":"ListItem","position":1,"name":"Home","item":"https:\/\/www.planetel.it\/en\/"},{"@type":"ListItem","position":2,"name":"Servizi","item":"https:\/\/www.planetel.it\/news\/blog\/categoria\/servizi\/"},{"@type":"ListItem","position":3,"name":"Servizi Web","item":"https:\/\/www.planetel.it\/news\/blog\/categoria\/servizi-web\/"},{"@type":"ListItem","position":4,"name":"2FA come primo cambiamento della nuova PEC europea"}]},{"@type":"WebSite","@id":"https:\/\/www.planetel.it\/en\/#website","url":"https:\/\/www.planetel.it\/en\/","name":"Planetel","description":"Pi\u00f9 che una connessione","publisher":{"@id":"https:\/\/www.planetel.it\/en\/#organization"},"potentialAction":[{"@type":"SearchAction","target":{"@type":"EntryPoint","urlTemplate":"https:\/\/www.planetel.it\/en\/?s={search_term_string}"},"query-input":{"@type":"PropertyValueSpecification","valueRequired":true,"valueName":"search_term_string"}}],"inLanguage":"en-US"},{"@type":"Organization","@id":"https:\/\/www.planetel.it\/en\/#organization","name":"Planetel S.p.A.","url":"https:\/\/www.planetel.it\/en\/","logo":{"@type":"ImageObject","inLanguage":"en-US","@id":"https:\/\/www.planetel.it\/en\/#\/schema\/logo\/image\/","url":"https:\/\/www.planetel.it\/wp-content\/uploads\/2024\/04\/logo-group-planetel.svg","contentUrl":"https:\/\/www.planetel.it\/wp-content\/uploads\/2024\/04\/logo-group-planetel.svg","width":1,"height":1,"caption":"Planetel S.p.A."},"image":{"@id":"https:\/\/www.planetel.it\/en\/#\/schema\/logo\/image\/"},"sameAs":["https:\/\/www.facebook.com\/planetelspa","https:\/\/www.linkedin.com\/company\/planetel","https:\/\/www.instagram.com\/planetelspa"]},{"@type":"Person","@id":"https:\/\/www.planetel.it\/en\/#\/schema\/person\/8e74703d23ff222042246a845bb004fa","name":"Andrea Brumana","image":{"@type":"ImageObject","inLanguage":"en-US","@id":"https:\/\/secure.gravatar.com\/avatar\/9a839884f24513d8bf063a907c74d8d2483fb1c4bbbf7cf7222c3e08581e4219?s=96&d=mm&r=g","url":"https:\/\/secure.gravatar.com\/avatar\/9a839884f24513d8bf063a907c74d8d2483fb1c4bbbf7cf7222c3e08581e4219?s=96&d=mm&r=g","contentUrl":"https:\/\/secure.gravatar.com\/avatar\/9a839884f24513d8bf063a907c74d8d2483fb1c4bbbf7cf7222c3e08581e4219?s=96&d=mm&r=g","caption":"Andrea Brumana"},"url":"https:\/\/www.planetel.it\/en\/author\/a-brumana\/"}]}},"_links":{"self":[{"href":"https:\/\/www.planetel.it\/en\/wp-json\/wp\/v2\/posts\/14543","targetHints":{"allow":["GET"]}}],"collection":[{"href":"https:\/\/www.planetel.it\/en\/wp-json\/wp\/v2\/posts"}],"about":[{"href":"https:\/\/www.planetel.it\/en\/wp-json\/wp\/v2\/types\/post"}],"author":[{"embeddable":true,"href":"https:\/\/www.planetel.it\/en\/wp-json\/wp\/v2\/users\/4"}],"replies":[{"embeddable":true,"href":"https:\/\/www.planetel.it\/en\/wp-json\/wp\/v2\/comments?post=14543"}],"version-history":[{"count":1,"href":"https:\/\/www.planetel.it\/en\/wp-json\/wp\/v2\/posts\/14543\/revisions"}],"predecessor-version":[{"id":16599,"href":"https:\/\/www.planetel.it\/en\/wp-json\/wp\/v2\/posts\/14543\/revisions\/16599"}],"wp:featuredmedia":[{"embeddable":true,"href":"https:\/\/www.planetel.it\/en\/wp-json\/wp\/v2\/media\/16598"}],"wp:attachment":[{"href":"https:\/\/www.planetel.it\/en\/wp-json\/wp\/v2\/media?parent=14543"}],"wp:term":[{"taxonomy":"category","embeddable":true,"href":"https:\/\/www.planetel.it\/en\/wp-json\/wp\/v2\/categories?post=14543"},{"taxonomy":"post_tag","embeddable":true,"href":"https:\/\/www.planetel.it\/en\/wp-json\/wp\/v2\/tags?post=14543"},{"taxonomy":"service_category","embeddable":true,"href":"https:\/\/www.planetel.it\/en\/wp-json\/wp\/v2\/service_category?post=14543"}],"curies":[{"name":"wp","href":"https:\/\/api.w.org\/{rel}","templated":true}]}}