{"id":14548,"date":"2023-03-09T11:16:40","date_gmt":"2023-03-09T10:16:40","guid":{"rendered":"http:\/\/www.planetel.it\/2023\/03\/wepoint-experience-planetel-donizetti-di-bergamo\/"},"modified":"2024-06-27T12:12:52","modified_gmt":"2024-06-27T10:12:52","slug":"wepoint-experience-planetel-donizetti-di-bergamo","status":"publish","type":"post","link":"https:\/\/www.planetel.it\/en\/2023\/03\/wepoint-experience-planetel-donizetti-di-bergamo\/","title":{"rendered":"Planetel WePoint Experience 2023 al Donizetti di Bergamo"},"content":{"rendered":"<p>\u201c<em>Persone per le persone<\/em>\u201d \u00e8 un\u2019espressione carica di significato che fa della sua ridondanza il punto fondamentale del concetto. Naturalmente si colloca nel contesto di un rapporto ed assume un valore ancor pi\u00f9 carico se tale rapporto si declina nel costante dialogo tra un\u2019azienda e i suoi interlocutori.<\/p>\n<p>Non a caso \u00e8 stata identificata come locuzione chiave della <strong>WePoint Experience del 2023<\/strong>, l\u2019evento dedicato ai Planetel Point organizzato <strong>luned\u00ec 27 febbraio<\/strong> <strong>presso l\u2019elegante cornice del Teatro Donizetti di Bergamo.<\/strong><\/p>\n<p>Una serata come al solito stimolante, organizzata per fare il punto sui risultati ottenuti lo scorso anno, per tracciare gli obiettivi futuri e per sottolineare il legame proficuo, professionale e, soprattutto, umano tra Planetel e i suoi Point.<\/p>\n<div class=\"row flex justify-content-center\"><div class=\"col-xs-12 col-sm-6 col-md-3\"><a class=\"d-inline-block mb-1\" data-fancybox=\"inner-gallery\" href=https:\/\/www.planetel.it\/wp-content\/uploads\/2024\/05\/PLANETEL_EVENTO_DONIZETTI_HR-20-scaled-1.jpg><img class=\"w-100 img-reponsive\" src='https:\/\/www.planetel.it\/wp-content\/uploads\/2024\/05\/PLANETEL_EVENTO_DONIZETTI_HR-20-scaled-1.jpg' \/><\/a><\/div><div class=\"col-xs-12 col-sm-6 col-md-3\"><a class=\"d-inline-block mb-1\" data-fancybox=\"inner-gallery\" href=https:\/\/www.planetel.it\/wp-content\/uploads\/2024\/05\/PLANETEL_EVENTO_DONIZETTI_HR-26-scaled-1.jpg><img class=\"w-100 img-reponsive\" src='https:\/\/www.planetel.it\/wp-content\/uploads\/2024\/05\/PLANETEL_EVENTO_DONIZETTI_HR-26-scaled-1.jpg' \/><\/a><\/div><div class=\"col-xs-12 col-sm-6 col-md-3\"><a class=\"d-inline-block mb-1\" data-fancybox=\"inner-gallery\" href=https:\/\/www.planetel.it\/wp-content\/uploads\/2024\/05\/PLANETEL_EVENTO_DONIZETTI_HR-66-scaled-1.jpg><img class=\"w-100 img-reponsive\" src='https:\/\/www.planetel.it\/wp-content\/uploads\/2024\/05\/PLANETEL_EVENTO_DONIZETTI_HR-66-scaled-1.jpg' \/><\/a><\/div><div class=\"col-xs-12 col-sm-6 col-md-3\"><a class=\"d-inline-block mb-1\" data-fancybox=\"inner-gallery\" href=https:\/\/www.planetel.it\/wp-content\/uploads\/2024\/05\/PLANETEL_EVENTO_DONIZETTI_HR-146-scaled-1.jpg><img class=\"w-100 img-reponsive\" src='https:\/\/www.planetel.it\/wp-content\/uploads\/2024\/05\/PLANETEL_EVENTO_DONIZETTI_HR-146-scaled-1.jpg' \/><\/a><\/div><\/div>\n<h2>Planetel cresce, la sua identit\u00e0 resta.<\/h2>\n<p>Oltre ai numeri, ai dati e ai premi, il fulcro della manifestazione sono state, appunto, le persone. In particolare, si \u00e8 voluto premere con forza sul tasto della prossimit\u00e0 tra Planetel e il territorio, e quale miglior occasione di questa per farlo.<\/p>\n<p>Lo <em>speech<\/em> aziendale, infatti, si \u00e8 concentrato quasi nella sua interezza su questo fattore differenziante dell\u2019identit\u00e0 di Planetel, ossia il suo essere una realt\u00e0 fatta di nomi, volti e storie a disposizione diretta e costante dei vari interlocutori. Per i clienti, per i fornitori o per i Point stessi, avere la consapevolezza di trovare dall\u2019altro lato del telefono o della e-mail una persona conosciuta, fidata, a completa disposizione e inserita nel territorio accresce, indubbiamente, quel senso di fiducia, sicurezza e garanzia che da decenni, ormai, regola la relazione tra le parti. <strong>Era cos\u00ec qualche anno fa ed \u00e8 cos\u00ec anche oggi, con il numero di dipendenti salito a pi\u00f9 di 150 e con l\u2019azienda divenuta una S.p.A. quotata in borsa.<\/strong><\/p>\n<p>Nel <em>foyer<\/em> del teatro Donizetti, pertanto, i Point hanno avuto modo di conoscere ancor pi\u00f9 da vicino tutti i team di Planetel con cui quotidianamente si rapportano. Dall\u2019ufficio Privati a quello amministrativo, dall\u2019Assurance al Marketing, dai commerciali a tutto lo staff che si occupa di Provisioning, Delivery e Appuntamenti.<\/p>\n<div class=\"row flex justify-content-center\"><div class=\"col-xs-12 col-sm-6 col-md-3\"><a class=\"d-inline-block mb-1\" data-fancybox=\"inner-gallery\" href=https:\/\/www.planetel.it\/wp-content\/uploads\/2024\/05\/PLANETEL_EVENTO_DONIZETTI_HR-1-scaled-1.jpg><img class=\"w-100 img-reponsive\" src='https:\/\/www.planetel.it\/wp-content\/uploads\/2024\/05\/PLANETEL_EVENTO_DONIZETTI_HR-1-scaled-1.jpg' \/><\/a><\/div><div class=\"col-xs-12 col-sm-6 col-md-3\"><a class=\"d-inline-block mb-1\" data-fancybox=\"inner-gallery\" href=https:\/\/www.planetel.it\/wp-content\/uploads\/2024\/05\/PLANETEL_EVENTO_DONIZETTI_HR-166-scaled-1.jpg><img class=\"w-100 img-reponsive\" src='https:\/\/www.planetel.it\/wp-content\/uploads\/2024\/05\/PLANETEL_EVENTO_DONIZETTI_HR-166-scaled-1.jpg' \/><\/a><\/div><div class=\"col-xs-12 col-sm-6 col-md-3\"><a class=\"d-inline-block mb-1\" data-fancybox=\"inner-gallery\" href=https:\/\/www.planetel.it\/wp-content\/uploads\/2024\/05\/PLANETEL_EVENTO_DONIZETTI_HR-150-scaled-1.jpg><img class=\"w-100 img-reponsive\" src='https:\/\/www.planetel.it\/wp-content\/uploads\/2024\/05\/PLANETEL_EVENTO_DONIZETTI_HR-150-scaled-1.jpg' \/><\/a><\/div><div class=\"col-xs-12 col-sm-6 col-md-3\"><a class=\"d-inline-block mb-1\" data-fancybox=\"inner-gallery\" href=https:\/\/www.planetel.it\/wp-content\/uploads\/2024\/05\/PLANETEL_EVENTO_DONIZETTI_HR-142-scaled-1.jpg><img class=\"w-100 img-reponsive\" src='https:\/\/www.planetel.it\/wp-content\/uploads\/2024\/05\/PLANETEL_EVENTO_DONIZETTI_HR-142-scaled-1.jpg' \/><\/a><\/div><\/div>\n<h2>Il programma della serata in una location speciale.<\/h2>\n<p>Un evento cos\u00ec bello e importante non poteva che collocarsi in un luogo altrettanto evocativo. In quest\u2019ottica, la scelta del Teatro Donizetti non \u00e8 stata casuale. Si \u00e8 voluto, infatti, organizzare qui la prima delle due WePoint Experience annuali sia per ripagare la professionalit\u00e0 e la fedelt\u00e0 dei Point con un\u2019esperienza esclusiva, immersiva ed emozionante sia per valorizzare, nell\u2019anno di Bergamo e Brescia Capitali della Cultura, uno dei luoghi simbolo della vivacit\u00e0, della bellezza e dell\u2019eleganza di questo territorio.<\/p>\n<p>In tale contesto, la serata si \u00e8 sviluppata lungo tre momenti principali. Il primo, ha visto gli invitati prendere parte a una visita a 360 gradi del teatro, guidati dalla personificazione del teatro stesso che, attraverso le cuffie, spiegava la storia e i segreti dei suoi luoghi e delle sue stanze. Un modo senza dubbio leggero, interessante e coinvolgente per saperne di pi\u00f9 su questo luogo, sedersi nei palchetti, salire sul palco ed accedere all\u2019atmosfera del dietro le quinte.<\/p>\n<p>Il secondo momento, invece, ha riguardato pi\u00f9 da vicino il rapporto tra Planetel e i Point con il consueto<em> speech<\/em> aziendale. Un intervento, come detto, che non ha presentato soltanto dati e numeri, ma si \u00e8 concentrato, piuttosto, sui volti che compongono l\u2019azienda. Chiamati uno alla volta sul palco insieme ai componenti dei propri team, i vari responsabili hanno illustrato ai presenti il loro lavoro e, soprattutto, il legame che costruiscono nel quotidiano con i Point stessi, con i clienti e con i vari i interlocutori.<\/p>\n<p>Infine, il terzo momento ha portato in tavola il buffet, creando una situazione perfetta per confrontarsi, dialogare, approfondire la conoscenza e, ovviamente, rafforzare il rapporto tra Planetel e i suoi Point.<\/p>\n<div class=\"row flex justify-content-center\"><div class=\"col-xs-12 col-sm-6 col-md-3\"><a class=\"d-inline-block mb-1\" data-fancybox=\"inner-gallery\" href=https:\/\/www.planetel.it\/wp-content\/uploads\/2024\/05\/PLANETEL_EVENTO_DONIZETTI_HR-101-scaled-1.jpg><img class=\"w-100 img-reponsive\" src='https:\/\/www.planetel.it\/wp-content\/uploads\/2024\/05\/PLANETEL_EVENTO_DONIZETTI_HR-101-scaled-1.jpg' \/><\/a><\/div><div class=\"col-xs-12 col-sm-6 col-md-3\"><a class=\"d-inline-block mb-1\" data-fancybox=\"inner-gallery\" href=https:\/\/www.planetel.it\/wp-content\/uploads\/2024\/05\/PLANETEL_EVENTO_DONIZETTI_HR-136-scaled-1.jpg><img class=\"w-100 img-reponsive\" src='https:\/\/www.planetel.it\/wp-content\/uploads\/2024\/05\/PLANETEL_EVENTO_DONIZETTI_HR-136-scaled-1.jpg' \/><\/a><\/div><div class=\"col-xs-12 col-sm-6 col-md-3\"><a class=\"d-inline-block mb-1\" data-fancybox=\"inner-gallery\" href=https:\/\/www.planetel.it\/wp-content\/uploads\/2024\/05\/PLANETEL_EVENTO_DONIZETTI_HR-92-scaled-1.jpg><img class=\"w-100 img-reponsive\" src='https:\/\/www.planetel.it\/wp-content\/uploads\/2024\/05\/PLANETEL_EVENTO_DONIZETTI_HR-92-scaled-1.jpg' \/><\/a><\/div><div class=\"col-xs-12 col-sm-6 col-md-3\"><a class=\"d-inline-block mb-1\" data-fancybox=\"inner-gallery\" href=https:\/\/www.planetel.it\/wp-content\/uploads\/2024\/05\/PLANETEL_EVENTO_DONIZETTI_HR-196-scaled-1.jpg><img class=\"w-100 img-reponsive\" src='https:\/\/www.planetel.it\/wp-content\/uploads\/2024\/05\/PLANETEL_EVENTO_DONIZETTI_HR-196-scaled-1.jpg' \/><\/a><\/div><\/div>\n<h2 style=\"text-align: center;\">Guarda il video della serata<\/h2>\n<p style=\"text-align: center;\"><a class=\"btn btn-success btn-default\" href=\"https:\/\/www.youtube.com\/watch?v=DW4FpU37J-c\" target=\"_blank\" rel=\"noopener\">Video<\/a><\/p>\n<h2>Il premio alla professionalit\u00e0, alla fedelt\u00e0 e all\u2019impegno costante.<\/h2>\n<p>Nel corso della WePoint Experience, poi, sono stati assegnati ai Point pi\u00f9 meritevoli otto premi. Sei di questi hanno riguardato le loro performance durante il secondo semestre dello scorso anno, mentre due hanno valorizzato il lavoro dell\u2019intero 2022.<\/p>\n<p>PREMIO BEST PERORMER SEGNALAZIONI BUSINESS<\/p>\n<ol>\n<li>PC Center (Stezzano, BG)<\/li>\n<li>DS Informatica (Mozzanica, BG)<\/li>\n<li>Ewide (Castelnuovo del Garda, VR)<\/li>\n<\/ol>\n<p>PREMIO BEST QUALITY AREA OVEST<\/p>\n<ol>\n<li>Mediaplanet (Vigano S. Martino, BG)<\/li>\n<li>PC Elettronic (Almenno S. Bartolomeo, BG)<\/li>\n<li>Tecnology Club (Urgnano, BG)<\/li>\n<\/ol>\n<p>PREMIO BEST QUALITY AREA EST<\/p>\n<ol>\n<li>Ferramenta Ragazzo (Palazzolo di Sona, VR)<\/li>\n<li>DB Elettronica (Bardolino, VR)<\/li>\n<li>Digital Idea (Bussolengo, VR)<\/li>\n<\/ol>\n<p>BEST NEW ENTRY<\/p>\n<ol>\n<li>Radiogianni (Romano di Lombardia, BG)<\/li>\n<li>Premarini<\/li>\n<li>Nicenet (Stradella, PV)<\/li>\n<\/ol>\n<p>BEST PERFORMER 2\u00b0 SEMESTRE 2022 AREA OVEST<\/p>\n<ol>\n<li>Tecnology Club (Urgnano, BG)<\/li>\n<li>Mediaplanet (Vigano S. Martino, BG)<\/li>\n<li>Rigamonti (Dalmine, BG)<\/li>\n<\/ol>\n<p>BEST PERFORMER 2\u00b0 SEMESTRE 2022 AREA EST<\/p>\n<ol>\n<li>DB Elettronica (Bardolino, VR)<\/li>\n<li>Easycomp (Garda, VR)<\/li>\n<li>Compucenter (Lugagnano di Sona, VR)<\/li>\n<\/ol>\n<p><strong>BEST PERFORMER ANNO 2022 AREA EST<\/strong><\/p>\n<ol>\n<li><strong>Digital Idea (Bussolengo, VR)<\/strong><\/li>\n<li><strong>Compucenter (Lugagnano di Sona, VR)<\/strong><\/li>\n<li><strong>DB Elettronica (Bardolino, VR)<\/strong><\/li>\n<\/ol>\n<p><strong>BEST PERFORMER ANNO 2022 AREA OVEST<\/strong><\/p>\n<ol>\n<li><strong>Mediaplanet (Vigano S. Martino, BG)<\/strong><\/li>\n<li><strong>Tecnology Club (Urgnano, BG)<\/strong><\/li>\n<li><strong>Rigamonti (Dalmine, BG)<\/strong><\/li>\n<\/ol>\n<div class=\"row flex justify-content-center\"><div class=\"col-xs-12 col-sm-6 col-md-3\"><a class=\"d-inline-block mb-1\" data-fancybox=\"inner-gallery\" href=https:\/\/www.planetel.it\/wp-content\/uploads\/2024\/05\/PLANETEL_EVENTO_DONIZETTI_HR-176-scaled-1.jpg><img class=\"w-100 img-reponsive\" src='https:\/\/www.planetel.it\/wp-content\/uploads\/2024\/05\/PLANETEL_EVENTO_DONIZETTI_HR-176-scaled-1.jpg' \/><\/a><\/div><div class=\"col-xs-12 col-sm-6 col-md-3\"><a class=\"d-inline-block mb-1\" data-fancybox=\"inner-gallery\" href=https:\/\/www.planetel.it\/wp-content\/uploads\/2024\/05\/PLANETEL_EVENTO_DONIZETTI_HR-178-scaled-1.jpg><img class=\"w-100 img-reponsive\" src='https:\/\/www.planetel.it\/wp-content\/uploads\/2024\/05\/PLANETEL_EVENTO_DONIZETTI_HR-178-scaled-1.jpg' \/><\/a><\/div><div class=\"col-xs-12 col-sm-6 col-md-3\"><a class=\"d-inline-block mb-1\" data-fancybox=\"inner-gallery\" href=https:\/\/www.planetel.it\/wp-content\/uploads\/2024\/05\/PLANETEL_EVENTO_DONIZETTI_HR-180-scaled-1.jpg><img class=\"w-100 img-reponsive\" src='https:\/\/www.planetel.it\/wp-content\/uploads\/2024\/05\/PLANETEL_EVENTO_DONIZETTI_HR-180-scaled-1.jpg' \/><\/a><\/div><div class=\"col-xs-12 col-sm-6 col-md-3\"><a class=\"d-inline-block mb-1\" data-fancybox=\"inner-gallery\" href=https:\/\/www.planetel.it\/wp-content\/uploads\/2024\/05\/PLANETEL_EVENTO_DONIZETTI_HR-172-scaled-1.jpg><img class=\"w-100 img-reponsive\" src='https:\/\/www.planetel.it\/wp-content\/uploads\/2024\/05\/PLANETEL_EVENTO_DONIZETTI_HR-172-scaled-1.jpg' \/><\/a><\/div><div class=\"col-xs-12 col-sm-6 col-md-3\"><a class=\"d-inline-block mb-1\" data-fancybox=\"inner-gallery\" href=https:\/\/www.planetel.it\/wp-content\/uploads\/2024\/05\/PLANETEL_EVENTO_DONIZETTI_HR-173-scaled-1.jpg><img class=\"w-100 img-reponsive\" src='https:\/\/www.planetel.it\/wp-content\/uploads\/2024\/05\/PLANETEL_EVENTO_DONIZETTI_HR-173-scaled-1.jpg' \/><\/a><\/div><div class=\"col-xs-12 col-sm-6 col-md-3\"><a class=\"d-inline-block mb-1\" data-fancybox=\"inner-gallery\" href=https:\/\/www.planetel.it\/wp-content\/uploads\/2024\/05\/PLANETEL_EVENTO_DONIZETTI_HR-175-scaled-1.jpg><img class=\"w-100 img-reponsive\" src='https:\/\/www.planetel.it\/wp-content\/uploads\/2024\/05\/PLANETEL_EVENTO_DONIZETTI_HR-175-scaled-1.jpg' \/><\/a><\/div><div class=\"col-xs-12 col-sm-6 col-md-3\"><a class=\"d-inline-block mb-1\" data-fancybox=\"inner-gallery\" href=https:\/\/www.planetel.it\/wp-content\/uploads\/2024\/05\/PLANETEL_EVENTO_DONIZETTI_HR-170-scaled-1.jpg><img class=\"w-100 img-reponsive\" src='https:\/\/www.planetel.it\/wp-content\/uploads\/2024\/05\/PLANETEL_EVENTO_DONIZETTI_HR-170-scaled-1.jpg' \/><\/a><\/div><div class=\"col-xs-12 col-sm-6 col-md-3\"><a class=\"d-inline-block mb-1\" data-fancybox=\"inner-gallery\" href=https:\/\/www.planetel.it\/wp-content\/uploads\/2024\/05\/PLANETEL_EVENTO_DONIZETTI_HR-171-scaled-1.jpg><img class=\"w-100 img-reponsive\" src='https:\/\/www.planetel.it\/wp-content\/uploads\/2024\/05\/PLANETEL_EVENTO_DONIZETTI_HR-171-scaled-1.jpg' \/><\/a><\/div><\/div>\n<h2 style=\"text-align: center;\">Trova il Point pi\u00f9 vicino a te<\/h2>\n<p style=\"text-align: center;\"><a class=\"btn btn-success btn-default\" href=\"https:\/\/fibra.planetel.it\/trova-point\/\" target=\"_blank\" rel=\"noopener\">Trova<\/a><\/p>\n","protected":false},"excerpt":{"rendered":"<p>\u201cPersone per le persone\u201d \u00e8 un\u2019espressione carica di significato che fa della sua ridondanza il punto fondamentale del concetto. Naturalmente si colloca nel contesto di un rapporto ed assume un valore ancor pi\u00f9 carico se tale rapporto si declina nel costante dialogo tra un\u2019azienda e i suoi interlocutori. Non a caso \u00e8 stata identificata come [&hellip;]<\/p>\n","protected":false},"author":4,"featured_media":14570,"comment_status":"closed","ping_status":"closed","sticky":false,"template":"","format":"standard","meta":{"_acf_changed":false,"footnotes":""},"categories":[720,672],"tags":[407,406,405,368,358],"service_category":[],"class_list":["post-14548","post","type-post","status-publish","format-standard","has-post-thumbnail","hentry","category-rivenditori","category-planetel","tag-point","tag-donizetti","tag-azienda","tag-evento","tag-planetel"],"acf":[],"yoast_head":"<!-- This site is optimized with the Yoast SEO plugin v27.3 - https:\/\/yoast.com\/product\/yoast-seo-wordpress\/ -->\n<title>La WePoint Experience di Planetel al Teatro Donizetti di Bergamo<\/title>\n<meta name=\"description\" content=\"La WePoint Experience targata Planetel fa tappa al Donizetti, luogo simbolo di Bergamo e Brescia Capitali della Cultura 2023. Scopri di pi\u00f9.\" \/>\n<meta name=\"robots\" content=\"index, follow, max-snippet:-1, max-image-preview:large, max-video-preview:-1\" \/>\n<link rel=\"canonical\" href=\"https:\/\/www.planetel.it\/en\/2023\/03\/wepoint-experience-planetel-donizetti-di-bergamo\/\" \/>\n<meta property=\"og:locale\" content=\"en_US\" \/>\n<meta property=\"og:type\" content=\"article\" \/>\n<meta property=\"og:title\" content=\"La WePoint Experience di Planetel al Teatro Donizetti di Bergamo\" \/>\n<meta property=\"og:description\" content=\"La WePoint Experience targata Planetel fa tappa al Donizetti, luogo simbolo di Bergamo e Brescia Capitali della Cultura 2023. Scopri di pi\u00f9.\" \/>\n<meta property=\"og:url\" content=\"https:\/\/www.planetel.it\/en\/2023\/03\/wepoint-experience-planetel-donizetti-di-bergamo\/\" \/>\n<meta property=\"og:site_name\" content=\"Planetel\" \/>\n<meta property=\"article:publisher\" content=\"https:\/\/www.facebook.com\/planetelspa\" \/>\n<meta property=\"article:published_time\" content=\"2023-03-09T10:16:40+00:00\" \/>\n<meta property=\"article:modified_time\" content=\"2024-06-27T10:12:52+00:00\" \/>\n<meta property=\"og:image\" content=\"https:\/\/preprod-www.planetel.it\/wp-content\/uploads\/2024\/05\/presentazione-evento-point-modificabile-def-1_page-0001-scaled.jpg\" \/>\n\t<meta property=\"og:image:width\" content=\"2560\" \/>\n\t<meta property=\"og:image:height\" content=\"1440\" \/>\n\t<meta property=\"og:image:type\" content=\"image\/jpeg\" \/>\n<meta name=\"twitter:card\" content=\"summary_large_image\" \/>\n<meta name=\"twitter:label1\" content=\"Written by\" \/>\n\t<meta name=\"twitter:data1\" content=\"Andrea Brumana\" \/>\n\t<meta name=\"twitter:label2\" content=\"Est. reading time\" \/>\n\t<meta name=\"twitter:data2\" content=\"5 minutes\" \/>\n<script type=\"application\/ld+json\" class=\"yoast-schema-graph\">{\"@context\":\"https:\\\/\\\/schema.org\",\"@graph\":[{\"@type\":\"Article\",\"@id\":\"https:\\\/\\\/www.planetel.it\\\/en\\\/2023\\\/03\\\/wepoint-experience-planetel-donizetti-di-bergamo\\\/#article\",\"isPartOf\":{\"@id\":\"https:\\\/\\\/www.planetel.it\\\/en\\\/2023\\\/03\\\/wepoint-experience-planetel-donizetti-di-bergamo\\\/\"},\"author\":{\"name\":\"Andrea Brumana\",\"@id\":\"https:\\\/\\\/www.planetel.it\\\/en\\\/#\\\/schema\\\/person\\\/8e74703d23ff222042246a845bb004fa\"},\"headline\":\"Planetel WePoint Experience 2023 al Donizetti di Bergamo\",\"datePublished\":\"2023-03-09T10:16:40+00:00\",\"dateModified\":\"2024-06-27T10:12:52+00:00\",\"mainEntityOfPage\":{\"@id\":\"https:\\\/\\\/www.planetel.it\\\/en\\\/2023\\\/03\\\/wepoint-experience-planetel-donizetti-di-bergamo\\\/\"},\"wordCount\":848,\"publisher\":{\"@id\":\"https:\\\/\\\/www.planetel.it\\\/en\\\/#organization\"},\"image\":{\"@id\":\"https:\\\/\\\/www.planetel.it\\\/en\\\/2023\\\/03\\\/wepoint-experience-planetel-donizetti-di-bergamo\\\/#primaryimage\"},\"thumbnailUrl\":\"https:\\\/\\\/www.planetel.it\\\/wp-content\\\/uploads\\\/2024\\\/05\\\/presentazione-evento-point-modificabile-def-1_page-0001-scaled.jpg\",\"keywords\":[\"point\",\"donizetti\",\"azienda\",\"#evento\",\"Planetel\"],\"articleSection\":[\"Rivenditori\",\"Planetel\"],\"inLanguage\":\"en-US\"},{\"@type\":\"WebPage\",\"@id\":\"https:\\\/\\\/www.planetel.it\\\/en\\\/2023\\\/03\\\/wepoint-experience-planetel-donizetti-di-bergamo\\\/\",\"url\":\"https:\\\/\\\/www.planetel.it\\\/en\\\/2023\\\/03\\\/wepoint-experience-planetel-donizetti-di-bergamo\\\/\",\"name\":\"La WePoint Experience di Planetel al Teatro Donizetti di Bergamo\",\"isPartOf\":{\"@id\":\"https:\\\/\\\/www.planetel.it\\\/en\\\/#website\"},\"primaryImageOfPage\":{\"@id\":\"https:\\\/\\\/www.planetel.it\\\/en\\\/2023\\\/03\\\/wepoint-experience-planetel-donizetti-di-bergamo\\\/#primaryimage\"},\"image\":{\"@id\":\"https:\\\/\\\/www.planetel.it\\\/en\\\/2023\\\/03\\\/wepoint-experience-planetel-donizetti-di-bergamo\\\/#primaryimage\"},\"thumbnailUrl\":\"https:\\\/\\\/www.planetel.it\\\/wp-content\\\/uploads\\\/2024\\\/05\\\/presentazione-evento-point-modificabile-def-1_page-0001-scaled.jpg\",\"datePublished\":\"2023-03-09T10:16:40+00:00\",\"dateModified\":\"2024-06-27T10:12:52+00:00\",\"description\":\"La WePoint Experience targata Planetel fa tappa al Donizetti, luogo simbolo di Bergamo e Brescia Capitali della Cultura 2023. Scopri di pi\u00f9.\",\"breadcrumb\":{\"@id\":\"https:\\\/\\\/www.planetel.it\\\/en\\\/2023\\\/03\\\/wepoint-experience-planetel-donizetti-di-bergamo\\\/#breadcrumb\"},\"inLanguage\":\"en-US\",\"potentialAction\":[{\"@type\":\"ReadAction\",\"target\":[\"https:\\\/\\\/www.planetel.it\\\/en\\\/2023\\\/03\\\/wepoint-experience-planetel-donizetti-di-bergamo\\\/\"]}]},{\"@type\":\"ImageObject\",\"inLanguage\":\"en-US\",\"@id\":\"https:\\\/\\\/www.planetel.it\\\/en\\\/2023\\\/03\\\/wepoint-experience-planetel-donizetti-di-bergamo\\\/#primaryimage\",\"url\":\"https:\\\/\\\/www.planetel.it\\\/wp-content\\\/uploads\\\/2024\\\/05\\\/presentazione-evento-point-modificabile-def-1_page-0001-scaled.jpg\",\"contentUrl\":\"https:\\\/\\\/www.planetel.it\\\/wp-content\\\/uploads\\\/2024\\\/05\\\/presentazione-evento-point-modificabile-def-1_page-0001-scaled.jpg\",\"width\":2560,\"height\":1440,\"caption\":\"WePoint Experience\"},{\"@type\":\"BreadcrumbList\",\"@id\":\"https:\\\/\\\/www.planetel.it\\\/en\\\/2023\\\/03\\\/wepoint-experience-planetel-donizetti-di-bergamo\\\/#breadcrumb\",\"itemListElement\":[{\"@type\":\"ListItem\",\"position\":1,\"name\":\"Home\",\"item\":\"https:\\\/\\\/www.planetel.it\\\/en\\\/\"},{\"@type\":\"ListItem\",\"position\":2,\"name\":\"Clienti\",\"item\":\"https:\\\/\\\/www.planetel.it\\\/news\\\/blog\\\/categoria\\\/clienti\\\/\"},{\"@type\":\"ListItem\",\"position\":3,\"name\":\"Rivenditori\",\"item\":\"https:\\\/\\\/www.planetel.it\\\/news\\\/blog\\\/categoria\\\/rivenditori\\\/\"},{\"@type\":\"ListItem\",\"position\":4,\"name\":\"Planetel WePoint Experience 2023 al Donizetti di Bergamo\"}]},{\"@type\":\"WebSite\",\"@id\":\"https:\\\/\\\/www.planetel.it\\\/en\\\/#website\",\"url\":\"https:\\\/\\\/www.planetel.it\\\/en\\\/\",\"name\":\"Planetel\",\"description\":\"Pi\u00f9 che una connessione\",\"publisher\":{\"@id\":\"https:\\\/\\\/www.planetel.it\\\/en\\\/#organization\"},\"potentialAction\":[{\"@type\":\"SearchAction\",\"target\":{\"@type\":\"EntryPoint\",\"urlTemplate\":\"https:\\\/\\\/www.planetel.it\\\/en\\\/?s={search_term_string}\"},\"query-input\":{\"@type\":\"PropertyValueSpecification\",\"valueRequired\":true,\"valueName\":\"search_term_string\"}}],\"inLanguage\":\"en-US\"},{\"@type\":\"Organization\",\"@id\":\"https:\\\/\\\/www.planetel.it\\\/en\\\/#organization\",\"name\":\"Planetel S.p.A.\",\"url\":\"https:\\\/\\\/www.planetel.it\\\/en\\\/\",\"logo\":{\"@type\":\"ImageObject\",\"inLanguage\":\"en-US\",\"@id\":\"https:\\\/\\\/www.planetel.it\\\/en\\\/#\\\/schema\\\/logo\\\/image\\\/\",\"url\":\"https:\\\/\\\/www.planetel.it\\\/wp-content\\\/uploads\\\/2024\\\/04\\\/logo-group-planetel.svg\",\"contentUrl\":\"https:\\\/\\\/www.planetel.it\\\/wp-content\\\/uploads\\\/2024\\\/04\\\/logo-group-planetel.svg\",\"width\":1,\"height\":1,\"caption\":\"Planetel S.p.A.\"},\"image\":{\"@id\":\"https:\\\/\\\/www.planetel.it\\\/en\\\/#\\\/schema\\\/logo\\\/image\\\/\"},\"sameAs\":[\"https:\\\/\\\/www.facebook.com\\\/planetelspa\",\"https:\\\/\\\/www.linkedin.com\\\/company\\\/planetel\",\"https:\\\/\\\/www.instagram.com\\\/planetelspa\"]},{\"@type\":\"Person\",\"@id\":\"https:\\\/\\\/www.planetel.it\\\/en\\\/#\\\/schema\\\/person\\\/8e74703d23ff222042246a845bb004fa\",\"name\":\"Andrea Brumana\",\"image\":{\"@type\":\"ImageObject\",\"inLanguage\":\"en-US\",\"@id\":\"https:\\\/\\\/secure.gravatar.com\\\/avatar\\\/9a839884f24513d8bf063a907c74d8d2483fb1c4bbbf7cf7222c3e08581e4219?s=96&d=mm&r=g\",\"url\":\"https:\\\/\\\/secure.gravatar.com\\\/avatar\\\/9a839884f24513d8bf063a907c74d8d2483fb1c4bbbf7cf7222c3e08581e4219?s=96&d=mm&r=g\",\"contentUrl\":\"https:\\\/\\\/secure.gravatar.com\\\/avatar\\\/9a839884f24513d8bf063a907c74d8d2483fb1c4bbbf7cf7222c3e08581e4219?s=96&d=mm&r=g\",\"caption\":\"Andrea Brumana\"},\"url\":\"https:\\\/\\\/www.planetel.it\\\/en\\\/author\\\/a-brumana\\\/\"}]}<\/script>\n<!-- \/ Yoast SEO plugin. -->","yoast_head_json":{"title":"La WePoint Experience di Planetel al Teatro Donizetti di Bergamo","description":"La WePoint Experience targata Planetel fa tappa al Donizetti, luogo simbolo di Bergamo e Brescia Capitali della Cultura 2023. Scopri di pi\u00f9.","robots":{"index":"index","follow":"follow","max-snippet":"max-snippet:-1","max-image-preview":"max-image-preview:large","max-video-preview":"max-video-preview:-1"},"canonical":"https:\/\/www.planetel.it\/en\/2023\/03\/wepoint-experience-planetel-donizetti-di-bergamo\/","og_locale":"en_US","og_type":"article","og_title":"La WePoint Experience di Planetel al Teatro Donizetti di Bergamo","og_description":"La WePoint Experience targata Planetel fa tappa al Donizetti, luogo simbolo di Bergamo e Brescia Capitali della Cultura 2023. Scopri di pi\u00f9.","og_url":"https:\/\/www.planetel.it\/en\/2023\/03\/wepoint-experience-planetel-donizetti-di-bergamo\/","og_site_name":"Planetel","article_publisher":"https:\/\/www.facebook.com\/planetelspa","article_published_time":"2023-03-09T10:16:40+00:00","article_modified_time":"2024-06-27T10:12:52+00:00","og_image":[{"width":2560,"height":1440,"url":"https:\/\/preprod-www.planetel.it\/wp-content\/uploads\/2024\/05\/presentazione-evento-point-modificabile-def-1_page-0001-scaled.jpg","type":"image\/jpeg"}],"twitter_card":"summary_large_image","twitter_misc":{"Written by":"Andrea Brumana","Est. reading time":"5 minutes"},"schema":{"@context":"https:\/\/schema.org","@graph":[{"@type":"Article","@id":"https:\/\/www.planetel.it\/en\/2023\/03\/wepoint-experience-planetel-donizetti-di-bergamo\/#article","isPartOf":{"@id":"https:\/\/www.planetel.it\/en\/2023\/03\/wepoint-experience-planetel-donizetti-di-bergamo\/"},"author":{"name":"Andrea Brumana","@id":"https:\/\/www.planetel.it\/en\/#\/schema\/person\/8e74703d23ff222042246a845bb004fa"},"headline":"Planetel WePoint Experience 2023 al Donizetti di Bergamo","datePublished":"2023-03-09T10:16:40+00:00","dateModified":"2024-06-27T10:12:52+00:00","mainEntityOfPage":{"@id":"https:\/\/www.planetel.it\/en\/2023\/03\/wepoint-experience-planetel-donizetti-di-bergamo\/"},"wordCount":848,"publisher":{"@id":"https:\/\/www.planetel.it\/en\/#organization"},"image":{"@id":"https:\/\/www.planetel.it\/en\/2023\/03\/wepoint-experience-planetel-donizetti-di-bergamo\/#primaryimage"},"thumbnailUrl":"https:\/\/www.planetel.it\/wp-content\/uploads\/2024\/05\/presentazione-evento-point-modificabile-def-1_page-0001-scaled.jpg","keywords":["point","donizetti","azienda","#evento","Planetel"],"articleSection":["Rivenditori","Planetel"],"inLanguage":"en-US"},{"@type":"WebPage","@id":"https:\/\/www.planetel.it\/en\/2023\/03\/wepoint-experience-planetel-donizetti-di-bergamo\/","url":"https:\/\/www.planetel.it\/en\/2023\/03\/wepoint-experience-planetel-donizetti-di-bergamo\/","name":"La WePoint Experience di Planetel al Teatro Donizetti di Bergamo","isPartOf":{"@id":"https:\/\/www.planetel.it\/en\/#website"},"primaryImageOfPage":{"@id":"https:\/\/www.planetel.it\/en\/2023\/03\/wepoint-experience-planetel-donizetti-di-bergamo\/#primaryimage"},"image":{"@id":"https:\/\/www.planetel.it\/en\/2023\/03\/wepoint-experience-planetel-donizetti-di-bergamo\/#primaryimage"},"thumbnailUrl":"https:\/\/www.planetel.it\/wp-content\/uploads\/2024\/05\/presentazione-evento-point-modificabile-def-1_page-0001-scaled.jpg","datePublished":"2023-03-09T10:16:40+00:00","dateModified":"2024-06-27T10:12:52+00:00","description":"La WePoint Experience targata Planetel fa tappa al Donizetti, luogo simbolo di Bergamo e Brescia Capitali della Cultura 2023. Scopri di pi\u00f9.","breadcrumb":{"@id":"https:\/\/www.planetel.it\/en\/2023\/03\/wepoint-experience-planetel-donizetti-di-bergamo\/#breadcrumb"},"inLanguage":"en-US","potentialAction":[{"@type":"ReadAction","target":["https:\/\/www.planetel.it\/en\/2023\/03\/wepoint-experience-planetel-donizetti-di-bergamo\/"]}]},{"@type":"ImageObject","inLanguage":"en-US","@id":"https:\/\/www.planetel.it\/en\/2023\/03\/wepoint-experience-planetel-donizetti-di-bergamo\/#primaryimage","url":"https:\/\/www.planetel.it\/wp-content\/uploads\/2024\/05\/presentazione-evento-point-modificabile-def-1_page-0001-scaled.jpg","contentUrl":"https:\/\/www.planetel.it\/wp-content\/uploads\/2024\/05\/presentazione-evento-point-modificabile-def-1_page-0001-scaled.jpg","width":2560,"height":1440,"caption":"WePoint Experience"},{"@type":"BreadcrumbList","@id":"https:\/\/www.planetel.it\/en\/2023\/03\/wepoint-experience-planetel-donizetti-di-bergamo\/#breadcrumb","itemListElement":[{"@type":"ListItem","position":1,"name":"Home","item":"https:\/\/www.planetel.it\/en\/"},{"@type":"ListItem","position":2,"name":"Clienti","item":"https:\/\/www.planetel.it\/news\/blog\/categoria\/clienti\/"},{"@type":"ListItem","position":3,"name":"Rivenditori","item":"https:\/\/www.planetel.it\/news\/blog\/categoria\/rivenditori\/"},{"@type":"ListItem","position":4,"name":"Planetel WePoint Experience 2023 al Donizetti di Bergamo"}]},{"@type":"WebSite","@id":"https:\/\/www.planetel.it\/en\/#website","url":"https:\/\/www.planetel.it\/en\/","name":"Planetel","description":"Pi\u00f9 che una connessione","publisher":{"@id":"https:\/\/www.planetel.it\/en\/#organization"},"potentialAction":[{"@type":"SearchAction","target":{"@type":"EntryPoint","urlTemplate":"https:\/\/www.planetel.it\/en\/?s={search_term_string}"},"query-input":{"@type":"PropertyValueSpecification","valueRequired":true,"valueName":"search_term_string"}}],"inLanguage":"en-US"},{"@type":"Organization","@id":"https:\/\/www.planetel.it\/en\/#organization","name":"Planetel S.p.A.","url":"https:\/\/www.planetel.it\/en\/","logo":{"@type":"ImageObject","inLanguage":"en-US","@id":"https:\/\/www.planetel.it\/en\/#\/schema\/logo\/image\/","url":"https:\/\/www.planetel.it\/wp-content\/uploads\/2024\/04\/logo-group-planetel.svg","contentUrl":"https:\/\/www.planetel.it\/wp-content\/uploads\/2024\/04\/logo-group-planetel.svg","width":1,"height":1,"caption":"Planetel S.p.A."},"image":{"@id":"https:\/\/www.planetel.it\/en\/#\/schema\/logo\/image\/"},"sameAs":["https:\/\/www.facebook.com\/planetelspa","https:\/\/www.linkedin.com\/company\/planetel","https:\/\/www.instagram.com\/planetelspa"]},{"@type":"Person","@id":"https:\/\/www.planetel.it\/en\/#\/schema\/person\/8e74703d23ff222042246a845bb004fa","name":"Andrea Brumana","image":{"@type":"ImageObject","inLanguage":"en-US","@id":"https:\/\/secure.gravatar.com\/avatar\/9a839884f24513d8bf063a907c74d8d2483fb1c4bbbf7cf7222c3e08581e4219?s=96&d=mm&r=g","url":"https:\/\/secure.gravatar.com\/avatar\/9a839884f24513d8bf063a907c74d8d2483fb1c4bbbf7cf7222c3e08581e4219?s=96&d=mm&r=g","contentUrl":"https:\/\/secure.gravatar.com\/avatar\/9a839884f24513d8bf063a907c74d8d2483fb1c4bbbf7cf7222c3e08581e4219?s=96&d=mm&r=g","caption":"Andrea Brumana"},"url":"https:\/\/www.planetel.it\/en\/author\/a-brumana\/"}]}},"_links":{"self":[{"href":"https:\/\/www.planetel.it\/en\/wp-json\/wp\/v2\/posts\/14548","targetHints":{"allow":["GET"]}}],"collection":[{"href":"https:\/\/www.planetel.it\/en\/wp-json\/wp\/v2\/posts"}],"about":[{"href":"https:\/\/www.planetel.it\/en\/wp-json\/wp\/v2\/types\/post"}],"author":[{"embeddable":true,"href":"https:\/\/www.planetel.it\/en\/wp-json\/wp\/v2\/users\/4"}],"replies":[{"embeddable":true,"href":"https:\/\/www.planetel.it\/en\/wp-json\/wp\/v2\/comments?post=14548"}],"version-history":[{"count":2,"href":"https:\/\/www.planetel.it\/en\/wp-json\/wp\/v2\/posts\/14548\/revisions"}],"predecessor-version":[{"id":16597,"href":"https:\/\/www.planetel.it\/en\/wp-json\/wp\/v2\/posts\/14548\/revisions\/16597"}],"wp:featuredmedia":[{"embeddable":true,"href":"https:\/\/www.planetel.it\/en\/wp-json\/wp\/v2\/media\/14570"}],"wp:attachment":[{"href":"https:\/\/www.planetel.it\/en\/wp-json\/wp\/v2\/media?parent=14548"}],"wp:term":[{"taxonomy":"category","embeddable":true,"href":"https:\/\/www.planetel.it\/en\/wp-json\/wp\/v2\/categories?post=14548"},{"taxonomy":"post_tag","embeddable":true,"href":"https:\/\/www.planetel.it\/en\/wp-json\/wp\/v2\/tags?post=14548"},{"taxonomy":"service_category","embeddable":true,"href":"https:\/\/www.planetel.it\/en\/wp-json\/wp\/v2\/service_category?post=14548"}],"curies":[{"name":"wp","href":"https:\/\/api.w.org\/{rel}","templated":true}]}}