{"id":14600,"date":"2023-03-17T09:10:00","date_gmt":"2023-03-17T08:10:00","guid":{"rendered":"http:\/\/www.planetel.it\/2023\/03\/alla-scoperta-dei-planetel-point-mediaplanet\/"},"modified":"2024-06-27T12:11:31","modified_gmt":"2024-06-27T10:11:31","slug":"alla-scoperta-dei-planetel-point-mediaplanet","status":"publish","type":"post","link":"https:\/\/www.planetel.it\/en\/2023\/03\/alla-scoperta-dei-planetel-point-mediaplanet\/","title":{"rendered":"Alla scoperta dei Planetel Point &#8211; Mediaplanet"},"content":{"rendered":"<p>Planetel \u00e8 un\u2019azienda che fa della territorialit\u00e0 uno dei valori cardine della sua identit\u00e0. \u00c8 una realt\u00e0 <em>del territorio per il territorio<\/em>, in un\u2019accezione che supera l\u2019area bergamasca in cui nasce pur mantenendo la medesima capillarit\u00e0, attenzione e partecipazione nelle zone in cui si diffonde. In altri termini, Planetel sta ampliando le sue dimensioni e la sua portata geografica, arrivando, oggi, ad essere presente in pi\u00f9 regioni italiane e a venire identificato come operatore nazionale; tuttavia, mantiene inalterata la sua essenza di impresa fatta di persone che mettono sempre al primo posto la prossimit\u00e0 e la relazione con il cliente.<\/p>\n<p>In quest\u2019ottica, Planetel si fa forte di una rete commerciale ragguardevole e diversificata. Oltre alla rete vendita diretta e alle relazioni con partner specializzati, i cardini di questa struttura commerciale sono anche i cosiddetti <a href=\"https:\/\/fibra.planetel.it\/trova-point\/\" target=\"_blank\" rel=\"noopener\"><strong>Planetel Point<\/strong><\/a>. Per garantire, infatti, a tutti i clienti privati un riferimento qualificato e facilmente accessibile, Planetel ha sviluppato un ampio network di punti vendita affiliati, composto da oltre 120 Point focalizzati nel fornire agli utenti sul territorio competenza, supporto e vicinanza.<\/p>\n<h2>Tra i Point e Planetel un rapporto di reciproca fedelt\u00e0<\/h2>\n<p>Come detto, sono pi\u00f9 di 120 gli <em>store<\/em> che hanno deciso di abbracciare la causa di Planetel entrando a far parte di questa grande famiglia. Una cifra che, nel giro di poco tempo, \u00e8 divenuta sempre pi\u00f9 importante e conta di crescere costantemente da qui ai prossimi anni. L\u2019obiettivo, infatti, \u00e8 quello di incrementare tale numero in modo proporzionale all\u2019estensione della rete fibra proprietaria, ingaggiando, nei vari territori, Point propositivi e pronti a sostenere lo sviluppo di Planetel.<\/p>\n<p><strong>Un rapporto<\/strong>, dunque, <strong>di collaborazione e reciproca fedelt\u00e0<\/strong>, fatto non soltanto di numeri, contratti e fatturato ma anche di eventi, momenti di confronto e riconoscenza.<\/p>\n<p>In questo spazio si \u00e8 deciso di puntare i riflettori proprio sui Point, rendendoli protagonisti della narrazione e dandone una breve rappresentazione.<\/p>\n<h2>Mediaplanet: servizi e soluzioni informatiche<\/h2>\n<p>Vi raccontiamo quindi di <strong>Mediaplanet <\/strong>di Vigano S.Martino (BG), premiato all\u2019ultima <a href=\"https:\/\/www.youtube.com\/watch?v=DW4FpU37J-c\" target=\"_blank\" rel=\"noopener\">WePoint Experience<\/a> come Point pi\u00f9 performante dell\u2019area Ovest (Bergamo-Monza-Lecco) per quanto concerne i contratti sottoscritti nel corso del 2022.<\/p>\n<p>Planetel Point dal 2019, Mediaplanet nasce nel 2004 e da quasi vent\u2019anni offre un\u2019ampia gamma di servizi e soluzioni informatiche, anche a domicilio, per rispondere alle pi\u00f9 diversificate esigenze dei clienti, siano essi privati, aziende e liberi professionisti.<\/p>\n<p>Oltre alla connettivit\u00e0 Planetel, gli esperti di Mediaplanet guidano e supportano i clienti privati in tutto ci\u00f2 che riguarda telefonia, computer, accessori, software e stampanti. A contraddistinguere questo Point \u00e8 l\u2019assistenza, la quale mette a disposizione il proprio laboratorio interno per eseguire interventi specifici di manutenzione e riparazione dei diversi dispositivi. Relativamente al target aziendale, Mediaplanet garantisce un portafoglio d\u2019offerta incentrato su telefonia e rete, hardware e software, servizi Web e video, oltre naturalmente a un\u2019assistenza tecnica qualificata per qualsiasi intervento.<\/p>\n<p><strong>Entrare da Mediaplanet significa trovare competenza, passione, professionalit\u00e0 e supporto.<\/strong><\/p>\n<p style=\"text-align: center;\"><strong><a class=\"btn btn-warning\" href=\"https:\/\/youtu.be\/ACNJMhKw0X8\" target=\"_blank\" rel=\"noopener\">Mediaplanet si racconta<\/a><\/strong><\/p>\n<h2>Qualche informazione in pi\u00f9<\/h2>\n<p>Mediaplanet \u00e8 un Planetel Point situato a Vigano S.Martino (BG), in Via Nazionale 18.<br \/>\nPer maggiori informazioni, visitate il sito web <a href=\"https:\/\/www.mediaplanetpc.it\/\" target=\"_blank\" rel=\"noopener\">mediaplanetpc.it<\/a><\/p>\n","protected":false},"excerpt":{"rendered":"<p>Planetel \u00e8 un\u2019azienda che fa della territorialit\u00e0 uno dei valori cardine della sua identit\u00e0. \u00c8 una realt\u00e0 del territorio per il territorio, in un\u2019accezione che supera l\u2019area bergamasca in cui nasce pur mantenendo la medesima capillarit\u00e0, attenzione e partecipazione nelle zone in cui si diffonde. In altri termini, Planetel sta ampliando le sue dimensioni e [&hellip;]<\/p>\n","protected":false},"author":4,"featured_media":14601,"comment_status":"closed","ping_status":"closed","sticky":false,"template":"","format":"standard","meta":{"_acf_changed":false,"footnotes":""},"categories":[692,693,695,716,717,672],"tags":[379,423,422,421,407],"service_category":[312],"class_list":["post-14600","post","type-post","status-publish","format-standard","has-post-thumbnail","hentry","category-connettivita-fibra-ottica","category-connettivita-radio-wireless","category-telefonia","category-privati","category-attivita-commerciali","category-planetel","tag-fibra-ottica","tag-mediaplanet","tag-customer-care","tag-connettivita","tag-point","service_category-telecomunicazioni"],"acf":[],"yoast_head":"<!-- This site is optimized with the Yoast SEO plugin v27.3 - https:\/\/yoast.com\/product\/yoast-seo-wordpress\/ -->\n<title>Alla scoperta dei Planetel Point: Mediaplanet<\/title>\n<meta name=\"description\" content=\"Il viaggio tra i Planetel Point inizia a Vigano S. Martino (BG) da Mediaplanet, negozio Planetel dal 2019. Scopri di pi\u00f9.\" \/>\n<meta name=\"robots\" content=\"index, follow, max-snippet:-1, max-image-preview:large, max-video-preview:-1\" \/>\n<link rel=\"canonical\" href=\"https:\/\/www.planetel.it\/en\/2023\/03\/alla-scoperta-dei-planetel-point-mediaplanet\/\" \/>\n<meta property=\"og:locale\" content=\"en_US\" \/>\n<meta property=\"og:type\" content=\"article\" \/>\n<meta property=\"og:title\" content=\"Alla scoperta dei Planetel Point: Mediaplanet\" \/>\n<meta property=\"og:description\" content=\"Il viaggio tra i Planetel Point inizia a Vigano S. Martino (BG) da Mediaplanet, negozio Planetel dal 2019. Scopri di pi\u00f9.\" \/>\n<meta property=\"og:url\" content=\"https:\/\/www.planetel.it\/en\/2023\/03\/alla-scoperta-dei-planetel-point-mediaplanet\/\" \/>\n<meta property=\"og:site_name\" content=\"Planetel\" \/>\n<meta property=\"article:publisher\" content=\"https:\/\/www.facebook.com\/planetelspa\" \/>\n<meta property=\"article:published_time\" content=\"2023-03-17T08:10:00+00:00\" \/>\n<meta property=\"article:modified_time\" content=\"2024-06-27T10:11:31+00:00\" \/>\n<meta property=\"og:image\" content=\"https:\/\/preprod-www.planetel.it\/wp-content\/uploads\/2024\/05\/mediaplanet_news.png\" \/>\n\t<meta property=\"og:image:width\" content=\"1200\" \/>\n\t<meta property=\"og:image:height\" content=\"630\" \/>\n\t<meta property=\"og:image:type\" content=\"image\/png\" \/>\n<meta name=\"twitter:card\" content=\"summary_large_image\" \/>\n<meta name=\"twitter:label1\" content=\"Written by\" \/>\n\t<meta name=\"twitter:data1\" content=\"Andrea Brumana\" \/>\n\t<meta name=\"twitter:label2\" content=\"Est. reading time\" \/>\n\t<meta name=\"twitter:data2\" content=\"3 minutes\" \/>\n<script type=\"application\/ld+json\" class=\"yoast-schema-graph\">{\"@context\":\"https:\\\/\\\/schema.org\",\"@graph\":[{\"@type\":\"Article\",\"@id\":\"https:\\\/\\\/www.planetel.it\\\/en\\\/2023\\\/03\\\/alla-scoperta-dei-planetel-point-mediaplanet\\\/#article\",\"isPartOf\":{\"@id\":\"https:\\\/\\\/www.planetel.it\\\/en\\\/2023\\\/03\\\/alla-scoperta-dei-planetel-point-mediaplanet\\\/\"},\"author\":{\"name\":\"Andrea Brumana\",\"@id\":\"https:\\\/\\\/www.planetel.it\\\/en\\\/#\\\/schema\\\/person\\\/8e74703d23ff222042246a845bb004fa\"},\"headline\":\"Alla scoperta dei Planetel Point &#8211; Mediaplanet\",\"datePublished\":\"2023-03-17T08:10:00+00:00\",\"dateModified\":\"2024-06-27T10:11:31+00:00\",\"mainEntityOfPage\":{\"@id\":\"https:\\\/\\\/www.planetel.it\\\/en\\\/2023\\\/03\\\/alla-scoperta-dei-planetel-point-mediaplanet\\\/\"},\"wordCount\":514,\"publisher\":{\"@id\":\"https:\\\/\\\/www.planetel.it\\\/en\\\/#organization\"},\"image\":{\"@id\":\"https:\\\/\\\/www.planetel.it\\\/en\\\/2023\\\/03\\\/alla-scoperta-dei-planetel-point-mediaplanet\\\/#primaryimage\"},\"thumbnailUrl\":\"https:\\\/\\\/www.planetel.it\\\/wp-content\\\/uploads\\\/2024\\\/05\\\/mediaplanet_news.png\",\"keywords\":[\"Fibra ottica\",\"mediaplanet\",\"customer care\",\"connettivit\u00e0\",\"point\"],\"articleSection\":[\"Connettivit\u00e0 Fibra ottica\",\"Connettivit\u00e0 Radio (Wireless)\",\"Telefonia\",\"Privati\",\"Attivit\u00e0 commerciali\",\"Planetel\"],\"inLanguage\":\"en-US\"},{\"@type\":\"WebPage\",\"@id\":\"https:\\\/\\\/www.planetel.it\\\/en\\\/2023\\\/03\\\/alla-scoperta-dei-planetel-point-mediaplanet\\\/\",\"url\":\"https:\\\/\\\/www.planetel.it\\\/en\\\/2023\\\/03\\\/alla-scoperta-dei-planetel-point-mediaplanet\\\/\",\"name\":\"Alla scoperta dei Planetel Point: Mediaplanet\",\"isPartOf\":{\"@id\":\"https:\\\/\\\/www.planetel.it\\\/en\\\/#website\"},\"primaryImageOfPage\":{\"@id\":\"https:\\\/\\\/www.planetel.it\\\/en\\\/2023\\\/03\\\/alla-scoperta-dei-planetel-point-mediaplanet\\\/#primaryimage\"},\"image\":{\"@id\":\"https:\\\/\\\/www.planetel.it\\\/en\\\/2023\\\/03\\\/alla-scoperta-dei-planetel-point-mediaplanet\\\/#primaryimage\"},\"thumbnailUrl\":\"https:\\\/\\\/www.planetel.it\\\/wp-content\\\/uploads\\\/2024\\\/05\\\/mediaplanet_news.png\",\"datePublished\":\"2023-03-17T08:10:00+00:00\",\"dateModified\":\"2024-06-27T10:11:31+00:00\",\"description\":\"Il viaggio tra i Planetel Point inizia a Vigano S. Martino (BG) da Mediaplanet, negozio Planetel dal 2019. Scopri di pi\u00f9.\",\"breadcrumb\":{\"@id\":\"https:\\\/\\\/www.planetel.it\\\/en\\\/2023\\\/03\\\/alla-scoperta-dei-planetel-point-mediaplanet\\\/#breadcrumb\"},\"inLanguage\":\"en-US\",\"potentialAction\":[{\"@type\":\"ReadAction\",\"target\":[\"https:\\\/\\\/www.planetel.it\\\/en\\\/2023\\\/03\\\/alla-scoperta-dei-planetel-point-mediaplanet\\\/\"]}]},{\"@type\":\"ImageObject\",\"inLanguage\":\"en-US\",\"@id\":\"https:\\\/\\\/www.planetel.it\\\/en\\\/2023\\\/03\\\/alla-scoperta-dei-planetel-point-mediaplanet\\\/#primaryimage\",\"url\":\"https:\\\/\\\/www.planetel.it\\\/wp-content\\\/uploads\\\/2024\\\/05\\\/mediaplanet_news.png\",\"contentUrl\":\"https:\\\/\\\/www.planetel.it\\\/wp-content\\\/uploads\\\/2024\\\/05\\\/mediaplanet_news.png\",\"width\":1200,\"height\":630,\"caption\":\"Planetel Point\"},{\"@type\":\"BreadcrumbList\",\"@id\":\"https:\\\/\\\/www.planetel.it\\\/en\\\/2023\\\/03\\\/alla-scoperta-dei-planetel-point-mediaplanet\\\/#breadcrumb\",\"itemListElement\":[{\"@type\":\"ListItem\",\"position\":1,\"name\":\"Home\",\"item\":\"https:\\\/\\\/www.planetel.it\\\/en\\\/\"},{\"@type\":\"ListItem\",\"position\":2,\"name\":\"Servizi\",\"item\":\"https:\\\/\\\/www.planetel.it\\\/news\\\/blog\\\/categoria\\\/servizi\\\/\"},{\"@type\":\"ListItem\",\"position\":3,\"name\":\"Connettivit\u00e0 Fibra ottica\",\"item\":\"https:\\\/\\\/www.planetel.it\\\/news\\\/blog\\\/categoria\\\/connettivita-fibra-ottica\\\/\"},{\"@type\":\"ListItem\",\"position\":4,\"name\":\"Alla scoperta dei Planetel Point &#8211; Mediaplanet\"}]},{\"@type\":\"WebSite\",\"@id\":\"https:\\\/\\\/www.planetel.it\\\/en\\\/#website\",\"url\":\"https:\\\/\\\/www.planetel.it\\\/en\\\/\",\"name\":\"Planetel\",\"description\":\"Pi\u00f9 che una connessione\",\"publisher\":{\"@id\":\"https:\\\/\\\/www.planetel.it\\\/en\\\/#organization\"},\"potentialAction\":[{\"@type\":\"SearchAction\",\"target\":{\"@type\":\"EntryPoint\",\"urlTemplate\":\"https:\\\/\\\/www.planetel.it\\\/en\\\/?s={search_term_string}\"},\"query-input\":{\"@type\":\"PropertyValueSpecification\",\"valueRequired\":true,\"valueName\":\"search_term_string\"}}],\"inLanguage\":\"en-US\"},{\"@type\":\"Organization\",\"@id\":\"https:\\\/\\\/www.planetel.it\\\/en\\\/#organization\",\"name\":\"Planetel S.p.A.\",\"url\":\"https:\\\/\\\/www.planetel.it\\\/en\\\/\",\"logo\":{\"@type\":\"ImageObject\",\"inLanguage\":\"en-US\",\"@id\":\"https:\\\/\\\/www.planetel.it\\\/en\\\/#\\\/schema\\\/logo\\\/image\\\/\",\"url\":\"https:\\\/\\\/www.planetel.it\\\/wp-content\\\/uploads\\\/2024\\\/04\\\/logo-group-planetel.svg\",\"contentUrl\":\"https:\\\/\\\/www.planetel.it\\\/wp-content\\\/uploads\\\/2024\\\/04\\\/logo-group-planetel.svg\",\"width\":1,\"height\":1,\"caption\":\"Planetel S.p.A.\"},\"image\":{\"@id\":\"https:\\\/\\\/www.planetel.it\\\/en\\\/#\\\/schema\\\/logo\\\/image\\\/\"},\"sameAs\":[\"https:\\\/\\\/www.facebook.com\\\/planetelspa\",\"https:\\\/\\\/www.linkedin.com\\\/company\\\/planetel\",\"https:\\\/\\\/www.instagram.com\\\/planetelspa\"]},{\"@type\":\"Person\",\"@id\":\"https:\\\/\\\/www.planetel.it\\\/en\\\/#\\\/schema\\\/person\\\/8e74703d23ff222042246a845bb004fa\",\"name\":\"Andrea Brumana\",\"image\":{\"@type\":\"ImageObject\",\"inLanguage\":\"en-US\",\"@id\":\"https:\\\/\\\/secure.gravatar.com\\\/avatar\\\/9a839884f24513d8bf063a907c74d8d2483fb1c4bbbf7cf7222c3e08581e4219?s=96&d=mm&r=g\",\"url\":\"https:\\\/\\\/secure.gravatar.com\\\/avatar\\\/9a839884f24513d8bf063a907c74d8d2483fb1c4bbbf7cf7222c3e08581e4219?s=96&d=mm&r=g\",\"contentUrl\":\"https:\\\/\\\/secure.gravatar.com\\\/avatar\\\/9a839884f24513d8bf063a907c74d8d2483fb1c4bbbf7cf7222c3e08581e4219?s=96&d=mm&r=g\",\"caption\":\"Andrea Brumana\"},\"url\":\"https:\\\/\\\/www.planetel.it\\\/en\\\/author\\\/a-brumana\\\/\"}]}<\/script>\n<!-- \/ Yoast SEO plugin. -->","yoast_head_json":{"title":"Alla scoperta dei Planetel Point: Mediaplanet","description":"Il viaggio tra i Planetel Point inizia a Vigano S. Martino (BG) da Mediaplanet, negozio Planetel dal 2019. Scopri di pi\u00f9.","robots":{"index":"index","follow":"follow","max-snippet":"max-snippet:-1","max-image-preview":"max-image-preview:large","max-video-preview":"max-video-preview:-1"},"canonical":"https:\/\/www.planetel.it\/en\/2023\/03\/alla-scoperta-dei-planetel-point-mediaplanet\/","og_locale":"en_US","og_type":"article","og_title":"Alla scoperta dei Planetel Point: Mediaplanet","og_description":"Il viaggio tra i Planetel Point inizia a Vigano S. Martino (BG) da Mediaplanet, negozio Planetel dal 2019. Scopri di pi\u00f9.","og_url":"https:\/\/www.planetel.it\/en\/2023\/03\/alla-scoperta-dei-planetel-point-mediaplanet\/","og_site_name":"Planetel","article_publisher":"https:\/\/www.facebook.com\/planetelspa","article_published_time":"2023-03-17T08:10:00+00:00","article_modified_time":"2024-06-27T10:11:31+00:00","og_image":[{"width":1200,"height":630,"url":"https:\/\/preprod-www.planetel.it\/wp-content\/uploads\/2024\/05\/mediaplanet_news.png","type":"image\/png"}],"twitter_card":"summary_large_image","twitter_misc":{"Written by":"Andrea Brumana","Est. reading time":"3 minutes"},"schema":{"@context":"https:\/\/schema.org","@graph":[{"@type":"Article","@id":"https:\/\/www.planetel.it\/en\/2023\/03\/alla-scoperta-dei-planetel-point-mediaplanet\/#article","isPartOf":{"@id":"https:\/\/www.planetel.it\/en\/2023\/03\/alla-scoperta-dei-planetel-point-mediaplanet\/"},"author":{"name":"Andrea Brumana","@id":"https:\/\/www.planetel.it\/en\/#\/schema\/person\/8e74703d23ff222042246a845bb004fa"},"headline":"Alla scoperta dei Planetel Point &#8211; Mediaplanet","datePublished":"2023-03-17T08:10:00+00:00","dateModified":"2024-06-27T10:11:31+00:00","mainEntityOfPage":{"@id":"https:\/\/www.planetel.it\/en\/2023\/03\/alla-scoperta-dei-planetel-point-mediaplanet\/"},"wordCount":514,"publisher":{"@id":"https:\/\/www.planetel.it\/en\/#organization"},"image":{"@id":"https:\/\/www.planetel.it\/en\/2023\/03\/alla-scoperta-dei-planetel-point-mediaplanet\/#primaryimage"},"thumbnailUrl":"https:\/\/www.planetel.it\/wp-content\/uploads\/2024\/05\/mediaplanet_news.png","keywords":["Fibra ottica","mediaplanet","customer care","connettivit\u00e0","point"],"articleSection":["Connettivit\u00e0 Fibra ottica","Connettivit\u00e0 Radio (Wireless)","Telefonia","Privati","Attivit\u00e0 commerciali","Planetel"],"inLanguage":"en-US"},{"@type":"WebPage","@id":"https:\/\/www.planetel.it\/en\/2023\/03\/alla-scoperta-dei-planetel-point-mediaplanet\/","url":"https:\/\/www.planetel.it\/en\/2023\/03\/alla-scoperta-dei-planetel-point-mediaplanet\/","name":"Alla scoperta dei Planetel Point: Mediaplanet","isPartOf":{"@id":"https:\/\/www.planetel.it\/en\/#website"},"primaryImageOfPage":{"@id":"https:\/\/www.planetel.it\/en\/2023\/03\/alla-scoperta-dei-planetel-point-mediaplanet\/#primaryimage"},"image":{"@id":"https:\/\/www.planetel.it\/en\/2023\/03\/alla-scoperta-dei-planetel-point-mediaplanet\/#primaryimage"},"thumbnailUrl":"https:\/\/www.planetel.it\/wp-content\/uploads\/2024\/05\/mediaplanet_news.png","datePublished":"2023-03-17T08:10:00+00:00","dateModified":"2024-06-27T10:11:31+00:00","description":"Il viaggio tra i Planetel Point inizia a Vigano S. Martino (BG) da Mediaplanet, negozio Planetel dal 2019. Scopri di pi\u00f9.","breadcrumb":{"@id":"https:\/\/www.planetel.it\/en\/2023\/03\/alla-scoperta-dei-planetel-point-mediaplanet\/#breadcrumb"},"inLanguage":"en-US","potentialAction":[{"@type":"ReadAction","target":["https:\/\/www.planetel.it\/en\/2023\/03\/alla-scoperta-dei-planetel-point-mediaplanet\/"]}]},{"@type":"ImageObject","inLanguage":"en-US","@id":"https:\/\/www.planetel.it\/en\/2023\/03\/alla-scoperta-dei-planetel-point-mediaplanet\/#primaryimage","url":"https:\/\/www.planetel.it\/wp-content\/uploads\/2024\/05\/mediaplanet_news.png","contentUrl":"https:\/\/www.planetel.it\/wp-content\/uploads\/2024\/05\/mediaplanet_news.png","width":1200,"height":630,"caption":"Planetel Point"},{"@type":"BreadcrumbList","@id":"https:\/\/www.planetel.it\/en\/2023\/03\/alla-scoperta-dei-planetel-point-mediaplanet\/#breadcrumb","itemListElement":[{"@type":"ListItem","position":1,"name":"Home","item":"https:\/\/www.planetel.it\/en\/"},{"@type":"ListItem","position":2,"name":"Servizi","item":"https:\/\/www.planetel.it\/news\/blog\/categoria\/servizi\/"},{"@type":"ListItem","position":3,"name":"Connettivit\u00e0 Fibra ottica","item":"https:\/\/www.planetel.it\/news\/blog\/categoria\/connettivita-fibra-ottica\/"},{"@type":"ListItem","position":4,"name":"Alla scoperta dei Planetel Point &#8211; Mediaplanet"}]},{"@type":"WebSite","@id":"https:\/\/www.planetel.it\/en\/#website","url":"https:\/\/www.planetel.it\/en\/","name":"Planetel","description":"Pi\u00f9 che una connessione","publisher":{"@id":"https:\/\/www.planetel.it\/en\/#organization"},"potentialAction":[{"@type":"SearchAction","target":{"@type":"EntryPoint","urlTemplate":"https:\/\/www.planetel.it\/en\/?s={search_term_string}"},"query-input":{"@type":"PropertyValueSpecification","valueRequired":true,"valueName":"search_term_string"}}],"inLanguage":"en-US"},{"@type":"Organization","@id":"https:\/\/www.planetel.it\/en\/#organization","name":"Planetel S.p.A.","url":"https:\/\/www.planetel.it\/en\/","logo":{"@type":"ImageObject","inLanguage":"en-US","@id":"https:\/\/www.planetel.it\/en\/#\/schema\/logo\/image\/","url":"https:\/\/www.planetel.it\/wp-content\/uploads\/2024\/04\/logo-group-planetel.svg","contentUrl":"https:\/\/www.planetel.it\/wp-content\/uploads\/2024\/04\/logo-group-planetel.svg","width":1,"height":1,"caption":"Planetel S.p.A."},"image":{"@id":"https:\/\/www.planetel.it\/en\/#\/schema\/logo\/image\/"},"sameAs":["https:\/\/www.facebook.com\/planetelspa","https:\/\/www.linkedin.com\/company\/planetel","https:\/\/www.instagram.com\/planetelspa"]},{"@type":"Person","@id":"https:\/\/www.planetel.it\/en\/#\/schema\/person\/8e74703d23ff222042246a845bb004fa","name":"Andrea Brumana","image":{"@type":"ImageObject","inLanguage":"en-US","@id":"https:\/\/secure.gravatar.com\/avatar\/9a839884f24513d8bf063a907c74d8d2483fb1c4bbbf7cf7222c3e08581e4219?s=96&d=mm&r=g","url":"https:\/\/secure.gravatar.com\/avatar\/9a839884f24513d8bf063a907c74d8d2483fb1c4bbbf7cf7222c3e08581e4219?s=96&d=mm&r=g","contentUrl":"https:\/\/secure.gravatar.com\/avatar\/9a839884f24513d8bf063a907c74d8d2483fb1c4bbbf7cf7222c3e08581e4219?s=96&d=mm&r=g","caption":"Andrea Brumana"},"url":"https:\/\/www.planetel.it\/en\/author\/a-brumana\/"}]}},"_links":{"self":[{"href":"https:\/\/www.planetel.it\/en\/wp-json\/wp\/v2\/posts\/14600","targetHints":{"allow":["GET"]}}],"collection":[{"href":"https:\/\/www.planetel.it\/en\/wp-json\/wp\/v2\/posts"}],"about":[{"href":"https:\/\/www.planetel.it\/en\/wp-json\/wp\/v2\/types\/post"}],"author":[{"embeddable":true,"href":"https:\/\/www.planetel.it\/en\/wp-json\/wp\/v2\/users\/4"}],"replies":[{"embeddable":true,"href":"https:\/\/www.planetel.it\/en\/wp-json\/wp\/v2\/comments?post=14600"}],"version-history":[{"count":1,"href":"https:\/\/www.planetel.it\/en\/wp-json\/wp\/v2\/posts\/14600\/revisions"}],"predecessor-version":[{"id":17720,"href":"https:\/\/www.planetel.it\/en\/wp-json\/wp\/v2\/posts\/14600\/revisions\/17720"}],"wp:featuredmedia":[{"embeddable":true,"href":"https:\/\/www.planetel.it\/en\/wp-json\/wp\/v2\/media\/14601"}],"wp:attachment":[{"href":"https:\/\/www.planetel.it\/en\/wp-json\/wp\/v2\/media?parent=14600"}],"wp:term":[{"taxonomy":"category","embeddable":true,"href":"https:\/\/www.planetel.it\/en\/wp-json\/wp\/v2\/categories?post=14600"},{"taxonomy":"post_tag","embeddable":true,"href":"https:\/\/www.planetel.it\/en\/wp-json\/wp\/v2\/tags?post=14600"},{"taxonomy":"service_category","embeddable":true,"href":"https:\/\/www.planetel.it\/en\/wp-json\/wp\/v2\/service_category?post=14600"}],"curies":[{"name":"wp","href":"https:\/\/api.w.org\/{rel}","templated":true}]}}