{"id":14606,"date":"2023-03-24T10:31:27","date_gmt":"2023-03-24T09:31:27","guid":{"rendered":"http:\/\/www.planetel.it\/2023\/03\/alla-scoperta-dei-planetel-point-digital-idea\/"},"modified":"2024-06-27T12:09:24","modified_gmt":"2024-06-27T10:09:24","slug":"alla-scoperta-dei-planetel-point-digital-idea","status":"publish","type":"post","link":"https:\/\/www.planetel.it\/en\/2023\/03\/alla-scoperta-dei-planetel-point-digital-idea\/","title":{"rendered":"Alla scoperta dei Planetel Point &#8211; Digital Idea"},"content":{"rendered":"<p>Un <a href=\"https:\/\/fibra.planetel.it\/trova-point\/\" target=\"_blank\" rel=\"noopener\">Point<\/a> non \u00e8 soltanto un semplice negozio che offre ai clienti un\u2019ampia gamma di soluzioni anche trasversali a brand diversificati, ma \u00e8, soprattutto, una realt\u00e0 che ha deciso di abbracciare con convinzione la causa di Planetel e, conseguentemente, di rappresentarne l\u2019estensione pi\u00f9 prossima alle persone. Una visione che \u00e8 nata in questi termini fin dai primi Point dell\u2019area bergamasca e che, con le medesime dinamiche, si \u00e8 estesa proporzionalmente alla diffusione di Planetel in nuove aree d\u2019influenza. Nel momento in cui l\u2019azienda porta la propria connettivit\u00e0 in tali zone, l\u00ec innesta quei valori originali di territorialit\u00e0 e vicinanza che trovano nei Point una delle massime concretizzazioni.<\/p>\n<p>Un esempio tangibile di quanto detto \u00e8 l\u2019area che dal <strong>Garda<\/strong> continua sino al <strong>veronese<\/strong>, che Planetel ha deciso ormai anni fa di presidiare e che, sempre pi\u00f9, si ingrandisce con <strong>investimenti significativi e costanti<\/strong>. Qua, in parallelo all\u2019incremento infrastrutturale, si \u00e8 sviluppato progressivamente un importante ecosistema di Point attratti dalla qualit\u00e0 dei servizi Planetel e, pertanto, interessati a costruire insieme un rapporto commerciale.<\/p>\n<h2>Digital Idea, il cliente diventato Point<\/h2>\n<p>Un esempio perfetto di quanto descritto in precedenza proviene da uno dei 120 Point che compongono la rosa dei negozi Planetel. Si tratta di <strong>Digital Idea<\/strong>, la cui storia si intreccia con quella di Planetel in maniera tanto particolare quanto eloquente.<\/p>\n<p>Nato nel 2001, Digital Idea si interfaccia per la prima volta con Planetel a cavallo tra il 2011 e il 2012, tuttavia non come <em>store<\/em> bens\u00ec come cliente. Il \u201csalto di qualit\u00e0\u201d avviene qualche anno dopo, nel 2019, quando da cliente diviene il primo Planetel Point dell\u2019area veronese. Come affermato da <strong>Stefano Russo, uno dei due titolari di Digital Idea, la chiave che ha aperto la porta del negozio alla collaborazione con Planetel \u00e8 stata la qualit\u00e0 delle soluzioni offerte.<\/strong> Un servizio performante, efficiente e, soprattutto, qualitativo, ideale per il loro mercato e, in particolar modo, per il mercato dei loro clienti business.<\/p>\n<p>Un rapporto, quello tra Planetel e Digital Idea, duraturo e fruttuoso, come testimonia anche il premio vinto nel corso dell\u2019ultima <a href=\"https:\/\/www.planetel.it\/wepoint-experience-planetel-donizetti-di-bergamo\/\" target=\"_blank\" rel=\"noopener\">WePoint Experience<\/a> in qualit\u00e0 di Point pi\u00f9 performante dell\u2019area (Lago di Garda-Verona) est per quanto concerne i contratti sottoscritti nel corso del 2022.<\/p>\n<h2>Dentro al negozio di Digital Idea<\/h2>\n<p>Composta da 6 persone, Digital Idea \u00e8 una societ\u00e0 esperta in analisi di problematiche gestionali, <em>system integration<\/em> e sviluppo con tecnologie <em>web oriented<\/em>. Vengono analizzati i bisogni dei clienti e progettate soluzioni su misura per accompagnarli passo dopo passo verso il completo soddisfacimento delle loro esigenze. Attenzione passione e costanza sono i valori che caratterizzano e guidano Digital Idea quotidianamente da oltre vent\u2019anni.<\/p>\n<p>Il portafoglio d\u2019offerta messo a disposizione da questo Point \u00e8 ampio e capace di rispondere a 360\u00b0 gradi alle richieste dei clienti in ambito IT. Si va dalla fornitura hardware alla distribuzione software, con la possibilit\u00e0 di proporre server fisici e virtuali, sistemi VoIP, firewall e VPN, cos\u00ec come di creare software su misura per ogni necessit\u00e0. \u00c8 plausibile, inoltre, studiare progetti per strutturare e implementare applicazioni, nonch\u00e9 trovare i migliori servizi di cassa per la gestione dei punti vendita di ogni attivit\u00e0. Infine, si realizzano e ottimizzano siti web ed e-commerce.<\/p>\n<p>Da ultimo, si pu\u00f2 contare su una consulenza e un\u2019assistenza, anche da remoto, qualificata e professionale, con l\u2019obiettivo di sostenere il cliente lungo tutto il suo percorso.<\/p>\n<p style=\"text-align: center;\"><a class=\"btn btn-warning\" href=\"https:\/\/youtu.be\/2OcQFPPlnQI\" target=\"_blank\" rel=\"noopener\">Digital Idea si Racconta<\/a><\/p>\n<h2>Qualche dettaglio in pi\u00f9<\/h2>\n<p>Digital Idea \u00e8 un Planetel Point situato a Bussolengo (VR), in Via degli Astri 19.<\/p>\n<p>Per ulteriori informazioni, visitate il loro sito <a href=\"https:\/\/www.digitalidea.it\/\" target=\"_blank\" rel=\"noopener\">web<\/a>.<\/p>\n","protected":false},"excerpt":{"rendered":"<p>Un Point non \u00e8 soltanto un semplice negozio che offre ai clienti un\u2019ampia gamma di soluzioni anche trasversali a brand diversificati, ma \u00e8, soprattutto, una realt\u00e0 che ha deciso di abbracciare con convinzione la causa di Planetel e, conseguentemente, di rappresentarne l\u2019estensione pi\u00f9 prossima alle persone. Una visione che \u00e8 nata in questi termini fin [&hellip;]<\/p>\n","protected":false},"author":4,"featured_media":14607,"comment_status":"closed","ping_status":"closed","sticky":false,"template":"","format":"standard","meta":{"_acf_changed":false,"footnotes":""},"categories":[692,693,695,716,717,672],"tags":[379,382,435,434,433,432,431,421,407],"service_category":[312],"class_list":["post-14606","post","type-post","status-publish","format-standard","has-post-thumbnail","hentry","category-connettivita-fibra-ottica","category-connettivita-radio-wireless","category-telefonia","category-privati","category-attivita-commerciali","category-planetel","tag-fibra-ottica","tag-territorio","tag-verona","tag-tlc","tag-planetel-point","tag-negozio","tag-informatica","tag-connettivita","tag-point","service_category-telecomunicazioni"],"acf":[],"yoast_head":"<!-- This site is optimized with the Yoast SEO plugin v27.3 - https:\/\/yoast.com\/product\/yoast-seo-wordpress\/ -->\n<title>Alla scoperta dei Planetel Point - Digital Idea<\/title>\n<meta name=\"description\" content=\"A Bussolengo (VR) si trova Digital Idea, il primo Planetel Point Veronese divenuto, da cliente, un negozio Planetel. Scopri di pi\u00f9.\" \/>\n<meta name=\"robots\" content=\"index, follow, max-snippet:-1, max-image-preview:large, max-video-preview:-1\" \/>\n<link rel=\"canonical\" href=\"https:\/\/www.planetel.it\/en\/2023\/03\/alla-scoperta-dei-planetel-point-digital-idea\/\" \/>\n<meta property=\"og:locale\" content=\"en_US\" \/>\n<meta property=\"og:type\" content=\"article\" \/>\n<meta property=\"og:title\" content=\"Alla scoperta dei Planetel Point - Digital Idea\" \/>\n<meta property=\"og:description\" content=\"A Bussolengo (VR) si trova Digital Idea, il primo Planetel Point Veronese divenuto, da cliente, un negozio Planetel. Scopri di pi\u00f9.\" \/>\n<meta property=\"og:url\" content=\"https:\/\/www.planetel.it\/en\/2023\/03\/alla-scoperta-dei-planetel-point-digital-idea\/\" \/>\n<meta property=\"og:site_name\" content=\"Planetel\" \/>\n<meta property=\"article:publisher\" content=\"https:\/\/www.facebook.com\/planetelspa\" \/>\n<meta property=\"article:published_time\" content=\"2023-03-24T09:31:27+00:00\" \/>\n<meta property=\"article:modified_time\" content=\"2024-06-27T10:09:24+00:00\" \/>\n<meta property=\"og:image\" content=\"https:\/\/preprod-www.planetel.it\/wp-content\/uploads\/2024\/05\/digital-idea-news.png\" \/>\n\t<meta property=\"og:image:width\" content=\"1200\" \/>\n\t<meta property=\"og:image:height\" content=\"630\" \/>\n\t<meta property=\"og:image:type\" content=\"image\/png\" \/>\n<meta name=\"twitter:card\" content=\"summary_large_image\" \/>\n<meta name=\"twitter:label1\" content=\"Written by\" \/>\n\t<meta name=\"twitter:data1\" content=\"Andrea Brumana\" \/>\n\t<meta name=\"twitter:label2\" content=\"Est. reading time\" \/>\n\t<meta name=\"twitter:data2\" content=\"4 minutes\" \/>\n<script type=\"application\/ld+json\" class=\"yoast-schema-graph\">{\"@context\":\"https:\\\/\\\/schema.org\",\"@graph\":[{\"@type\":\"Article\",\"@id\":\"https:\\\/\\\/www.planetel.it\\\/en\\\/2023\\\/03\\\/alla-scoperta-dei-planetel-point-digital-idea\\\/#article\",\"isPartOf\":{\"@id\":\"https:\\\/\\\/www.planetel.it\\\/en\\\/2023\\\/03\\\/alla-scoperta-dei-planetel-point-digital-idea\\\/\"},\"author\":{\"name\":\"Andrea Brumana\",\"@id\":\"https:\\\/\\\/www.planetel.it\\\/en\\\/#\\\/schema\\\/person\\\/8e74703d23ff222042246a845bb004fa\"},\"headline\":\"Alla scoperta dei Planetel Point &#8211; Digital Idea\",\"datePublished\":\"2023-03-24T09:31:27+00:00\",\"dateModified\":\"2024-06-27T10:09:24+00:00\",\"mainEntityOfPage\":{\"@id\":\"https:\\\/\\\/www.planetel.it\\\/en\\\/2023\\\/03\\\/alla-scoperta-dei-planetel-point-digital-idea\\\/\"},\"wordCount\":585,\"publisher\":{\"@id\":\"https:\\\/\\\/www.planetel.it\\\/en\\\/#organization\"},\"image\":{\"@id\":\"https:\\\/\\\/www.planetel.it\\\/en\\\/2023\\\/03\\\/alla-scoperta-dei-planetel-point-digital-idea\\\/#primaryimage\"},\"thumbnailUrl\":\"https:\\\/\\\/www.planetel.it\\\/wp-content\\\/uploads\\\/2024\\\/05\\\/digital-idea-news.png\",\"keywords\":[\"Fibra ottica\",\"Territorio\",\"verona\",\"tlc\",\"Planetel Point\",\"negozio\",\"informatica\",\"connettivit\u00e0\",\"point\"],\"articleSection\":[\"Connettivit\u00e0 Fibra ottica\",\"Connettivit\u00e0 Radio (Wireless)\",\"Telefonia\",\"Privati\",\"Attivit\u00e0 commerciali\",\"Planetel\"],\"inLanguage\":\"en-US\"},{\"@type\":\"WebPage\",\"@id\":\"https:\\\/\\\/www.planetel.it\\\/en\\\/2023\\\/03\\\/alla-scoperta-dei-planetel-point-digital-idea\\\/\",\"url\":\"https:\\\/\\\/www.planetel.it\\\/en\\\/2023\\\/03\\\/alla-scoperta-dei-planetel-point-digital-idea\\\/\",\"name\":\"Alla scoperta dei Planetel Point - Digital Idea\",\"isPartOf\":{\"@id\":\"https:\\\/\\\/www.planetel.it\\\/en\\\/#website\"},\"primaryImageOfPage\":{\"@id\":\"https:\\\/\\\/www.planetel.it\\\/en\\\/2023\\\/03\\\/alla-scoperta-dei-planetel-point-digital-idea\\\/#primaryimage\"},\"image\":{\"@id\":\"https:\\\/\\\/www.planetel.it\\\/en\\\/2023\\\/03\\\/alla-scoperta-dei-planetel-point-digital-idea\\\/#primaryimage\"},\"thumbnailUrl\":\"https:\\\/\\\/www.planetel.it\\\/wp-content\\\/uploads\\\/2024\\\/05\\\/digital-idea-news.png\",\"datePublished\":\"2023-03-24T09:31:27+00:00\",\"dateModified\":\"2024-06-27T10:09:24+00:00\",\"description\":\"A Bussolengo (VR) si trova Digital Idea, il primo Planetel Point Veronese divenuto, da cliente, un negozio Planetel. Scopri di pi\u00f9.\",\"breadcrumb\":{\"@id\":\"https:\\\/\\\/www.planetel.it\\\/en\\\/2023\\\/03\\\/alla-scoperta-dei-planetel-point-digital-idea\\\/#breadcrumb\"},\"inLanguage\":\"en-US\",\"potentialAction\":[{\"@type\":\"ReadAction\",\"target\":[\"https:\\\/\\\/www.planetel.it\\\/en\\\/2023\\\/03\\\/alla-scoperta-dei-planetel-point-digital-idea\\\/\"]}]},{\"@type\":\"ImageObject\",\"inLanguage\":\"en-US\",\"@id\":\"https:\\\/\\\/www.planetel.it\\\/en\\\/2023\\\/03\\\/alla-scoperta-dei-planetel-point-digital-idea\\\/#primaryimage\",\"url\":\"https:\\\/\\\/www.planetel.it\\\/wp-content\\\/uploads\\\/2024\\\/05\\\/digital-idea-news.png\",\"contentUrl\":\"https:\\\/\\\/www.planetel.it\\\/wp-content\\\/uploads\\\/2024\\\/05\\\/digital-idea-news.png\",\"width\":1200,\"height\":630,\"caption\":\"Planetel Point\"},{\"@type\":\"BreadcrumbList\",\"@id\":\"https:\\\/\\\/www.planetel.it\\\/en\\\/2023\\\/03\\\/alla-scoperta-dei-planetel-point-digital-idea\\\/#breadcrumb\",\"itemListElement\":[{\"@type\":\"ListItem\",\"position\":1,\"name\":\"Home\",\"item\":\"https:\\\/\\\/www.planetel.it\\\/en\\\/\"},{\"@type\":\"ListItem\",\"position\":2,\"name\":\"Servizi\",\"item\":\"https:\\\/\\\/www.planetel.it\\\/news\\\/blog\\\/categoria\\\/servizi\\\/\"},{\"@type\":\"ListItem\",\"position\":3,\"name\":\"Connettivit\u00e0 Fibra ottica\",\"item\":\"https:\\\/\\\/www.planetel.it\\\/news\\\/blog\\\/categoria\\\/connettivita-fibra-ottica\\\/\"},{\"@type\":\"ListItem\",\"position\":4,\"name\":\"Alla scoperta dei Planetel Point &#8211; Digital Idea\"}]},{\"@type\":\"WebSite\",\"@id\":\"https:\\\/\\\/www.planetel.it\\\/en\\\/#website\",\"url\":\"https:\\\/\\\/www.planetel.it\\\/en\\\/\",\"name\":\"Planetel\",\"description\":\"Pi\u00f9 che una connessione\",\"publisher\":{\"@id\":\"https:\\\/\\\/www.planetel.it\\\/en\\\/#organization\"},\"potentialAction\":[{\"@type\":\"SearchAction\",\"target\":{\"@type\":\"EntryPoint\",\"urlTemplate\":\"https:\\\/\\\/www.planetel.it\\\/en\\\/?s={search_term_string}\"},\"query-input\":{\"@type\":\"PropertyValueSpecification\",\"valueRequired\":true,\"valueName\":\"search_term_string\"}}],\"inLanguage\":\"en-US\"},{\"@type\":\"Organization\",\"@id\":\"https:\\\/\\\/www.planetel.it\\\/en\\\/#organization\",\"name\":\"Planetel S.p.A.\",\"url\":\"https:\\\/\\\/www.planetel.it\\\/en\\\/\",\"logo\":{\"@type\":\"ImageObject\",\"inLanguage\":\"en-US\",\"@id\":\"https:\\\/\\\/www.planetel.it\\\/en\\\/#\\\/schema\\\/logo\\\/image\\\/\",\"url\":\"https:\\\/\\\/www.planetel.it\\\/wp-content\\\/uploads\\\/2024\\\/04\\\/logo-group-planetel.svg\",\"contentUrl\":\"https:\\\/\\\/www.planetel.it\\\/wp-content\\\/uploads\\\/2024\\\/04\\\/logo-group-planetel.svg\",\"width\":1,\"height\":1,\"caption\":\"Planetel S.p.A.\"},\"image\":{\"@id\":\"https:\\\/\\\/www.planetel.it\\\/en\\\/#\\\/schema\\\/logo\\\/image\\\/\"},\"sameAs\":[\"https:\\\/\\\/www.facebook.com\\\/planetelspa\",\"https:\\\/\\\/www.linkedin.com\\\/company\\\/planetel\",\"https:\\\/\\\/www.instagram.com\\\/planetelspa\"]},{\"@type\":\"Person\",\"@id\":\"https:\\\/\\\/www.planetel.it\\\/en\\\/#\\\/schema\\\/person\\\/8e74703d23ff222042246a845bb004fa\",\"name\":\"Andrea Brumana\",\"image\":{\"@type\":\"ImageObject\",\"inLanguage\":\"en-US\",\"@id\":\"https:\\\/\\\/secure.gravatar.com\\\/avatar\\\/9a839884f24513d8bf063a907c74d8d2483fb1c4bbbf7cf7222c3e08581e4219?s=96&d=mm&r=g\",\"url\":\"https:\\\/\\\/secure.gravatar.com\\\/avatar\\\/9a839884f24513d8bf063a907c74d8d2483fb1c4bbbf7cf7222c3e08581e4219?s=96&d=mm&r=g\",\"contentUrl\":\"https:\\\/\\\/secure.gravatar.com\\\/avatar\\\/9a839884f24513d8bf063a907c74d8d2483fb1c4bbbf7cf7222c3e08581e4219?s=96&d=mm&r=g\",\"caption\":\"Andrea Brumana\"},\"url\":\"https:\\\/\\\/www.planetel.it\\\/en\\\/author\\\/a-brumana\\\/\"}]}<\/script>\n<!-- \/ Yoast SEO plugin. -->","yoast_head_json":{"title":"Alla scoperta dei Planetel Point - Digital Idea","description":"A Bussolengo (VR) si trova Digital Idea, il primo Planetel Point Veronese divenuto, da cliente, un negozio Planetel. Scopri di pi\u00f9.","robots":{"index":"index","follow":"follow","max-snippet":"max-snippet:-1","max-image-preview":"max-image-preview:large","max-video-preview":"max-video-preview:-1"},"canonical":"https:\/\/www.planetel.it\/en\/2023\/03\/alla-scoperta-dei-planetel-point-digital-idea\/","og_locale":"en_US","og_type":"article","og_title":"Alla scoperta dei Planetel Point - Digital Idea","og_description":"A Bussolengo (VR) si trova Digital Idea, il primo Planetel Point Veronese divenuto, da cliente, un negozio Planetel. Scopri di pi\u00f9.","og_url":"https:\/\/www.planetel.it\/en\/2023\/03\/alla-scoperta-dei-planetel-point-digital-idea\/","og_site_name":"Planetel","article_publisher":"https:\/\/www.facebook.com\/planetelspa","article_published_time":"2023-03-24T09:31:27+00:00","article_modified_time":"2024-06-27T10:09:24+00:00","og_image":[{"width":1200,"height":630,"url":"https:\/\/preprod-www.planetel.it\/wp-content\/uploads\/2024\/05\/digital-idea-news.png","type":"image\/png"}],"twitter_card":"summary_large_image","twitter_misc":{"Written by":"Andrea Brumana","Est. reading time":"4 minutes"},"schema":{"@context":"https:\/\/schema.org","@graph":[{"@type":"Article","@id":"https:\/\/www.planetel.it\/en\/2023\/03\/alla-scoperta-dei-planetel-point-digital-idea\/#article","isPartOf":{"@id":"https:\/\/www.planetel.it\/en\/2023\/03\/alla-scoperta-dei-planetel-point-digital-idea\/"},"author":{"name":"Andrea Brumana","@id":"https:\/\/www.planetel.it\/en\/#\/schema\/person\/8e74703d23ff222042246a845bb004fa"},"headline":"Alla scoperta dei Planetel Point &#8211; Digital Idea","datePublished":"2023-03-24T09:31:27+00:00","dateModified":"2024-06-27T10:09:24+00:00","mainEntityOfPage":{"@id":"https:\/\/www.planetel.it\/en\/2023\/03\/alla-scoperta-dei-planetel-point-digital-idea\/"},"wordCount":585,"publisher":{"@id":"https:\/\/www.planetel.it\/en\/#organization"},"image":{"@id":"https:\/\/www.planetel.it\/en\/2023\/03\/alla-scoperta-dei-planetel-point-digital-idea\/#primaryimage"},"thumbnailUrl":"https:\/\/www.planetel.it\/wp-content\/uploads\/2024\/05\/digital-idea-news.png","keywords":["Fibra ottica","Territorio","verona","tlc","Planetel Point","negozio","informatica","connettivit\u00e0","point"],"articleSection":["Connettivit\u00e0 Fibra ottica","Connettivit\u00e0 Radio (Wireless)","Telefonia","Privati","Attivit\u00e0 commerciali","Planetel"],"inLanguage":"en-US"},{"@type":"WebPage","@id":"https:\/\/www.planetel.it\/en\/2023\/03\/alla-scoperta-dei-planetel-point-digital-idea\/","url":"https:\/\/www.planetel.it\/en\/2023\/03\/alla-scoperta-dei-planetel-point-digital-idea\/","name":"Alla scoperta dei Planetel Point - Digital Idea","isPartOf":{"@id":"https:\/\/www.planetel.it\/en\/#website"},"primaryImageOfPage":{"@id":"https:\/\/www.planetel.it\/en\/2023\/03\/alla-scoperta-dei-planetel-point-digital-idea\/#primaryimage"},"image":{"@id":"https:\/\/www.planetel.it\/en\/2023\/03\/alla-scoperta-dei-planetel-point-digital-idea\/#primaryimage"},"thumbnailUrl":"https:\/\/www.planetel.it\/wp-content\/uploads\/2024\/05\/digital-idea-news.png","datePublished":"2023-03-24T09:31:27+00:00","dateModified":"2024-06-27T10:09:24+00:00","description":"A Bussolengo (VR) si trova Digital Idea, il primo Planetel Point Veronese divenuto, da cliente, un negozio Planetel. Scopri di pi\u00f9.","breadcrumb":{"@id":"https:\/\/www.planetel.it\/en\/2023\/03\/alla-scoperta-dei-planetel-point-digital-idea\/#breadcrumb"},"inLanguage":"en-US","potentialAction":[{"@type":"ReadAction","target":["https:\/\/www.planetel.it\/en\/2023\/03\/alla-scoperta-dei-planetel-point-digital-idea\/"]}]},{"@type":"ImageObject","inLanguage":"en-US","@id":"https:\/\/www.planetel.it\/en\/2023\/03\/alla-scoperta-dei-planetel-point-digital-idea\/#primaryimage","url":"https:\/\/www.planetel.it\/wp-content\/uploads\/2024\/05\/digital-idea-news.png","contentUrl":"https:\/\/www.planetel.it\/wp-content\/uploads\/2024\/05\/digital-idea-news.png","width":1200,"height":630,"caption":"Planetel Point"},{"@type":"BreadcrumbList","@id":"https:\/\/www.planetel.it\/en\/2023\/03\/alla-scoperta-dei-planetel-point-digital-idea\/#breadcrumb","itemListElement":[{"@type":"ListItem","position":1,"name":"Home","item":"https:\/\/www.planetel.it\/en\/"},{"@type":"ListItem","position":2,"name":"Servizi","item":"https:\/\/www.planetel.it\/news\/blog\/categoria\/servizi\/"},{"@type":"ListItem","position":3,"name":"Connettivit\u00e0 Fibra ottica","item":"https:\/\/www.planetel.it\/news\/blog\/categoria\/connettivita-fibra-ottica\/"},{"@type":"ListItem","position":4,"name":"Alla scoperta dei Planetel Point &#8211; Digital Idea"}]},{"@type":"WebSite","@id":"https:\/\/www.planetel.it\/en\/#website","url":"https:\/\/www.planetel.it\/en\/","name":"Planetel","description":"Pi\u00f9 che una connessione","publisher":{"@id":"https:\/\/www.planetel.it\/en\/#organization"},"potentialAction":[{"@type":"SearchAction","target":{"@type":"EntryPoint","urlTemplate":"https:\/\/www.planetel.it\/en\/?s={search_term_string}"},"query-input":{"@type":"PropertyValueSpecification","valueRequired":true,"valueName":"search_term_string"}}],"inLanguage":"en-US"},{"@type":"Organization","@id":"https:\/\/www.planetel.it\/en\/#organization","name":"Planetel S.p.A.","url":"https:\/\/www.planetel.it\/en\/","logo":{"@type":"ImageObject","inLanguage":"en-US","@id":"https:\/\/www.planetel.it\/en\/#\/schema\/logo\/image\/","url":"https:\/\/www.planetel.it\/wp-content\/uploads\/2024\/04\/logo-group-planetel.svg","contentUrl":"https:\/\/www.planetel.it\/wp-content\/uploads\/2024\/04\/logo-group-planetel.svg","width":1,"height":1,"caption":"Planetel S.p.A."},"image":{"@id":"https:\/\/www.planetel.it\/en\/#\/schema\/logo\/image\/"},"sameAs":["https:\/\/www.facebook.com\/planetelspa","https:\/\/www.linkedin.com\/company\/planetel","https:\/\/www.instagram.com\/planetelspa"]},{"@type":"Person","@id":"https:\/\/www.planetel.it\/en\/#\/schema\/person\/8e74703d23ff222042246a845bb004fa","name":"Andrea Brumana","image":{"@type":"ImageObject","inLanguage":"en-US","@id":"https:\/\/secure.gravatar.com\/avatar\/9a839884f24513d8bf063a907c74d8d2483fb1c4bbbf7cf7222c3e08581e4219?s=96&d=mm&r=g","url":"https:\/\/secure.gravatar.com\/avatar\/9a839884f24513d8bf063a907c74d8d2483fb1c4bbbf7cf7222c3e08581e4219?s=96&d=mm&r=g","contentUrl":"https:\/\/secure.gravatar.com\/avatar\/9a839884f24513d8bf063a907c74d8d2483fb1c4bbbf7cf7222c3e08581e4219?s=96&d=mm&r=g","caption":"Andrea Brumana"},"url":"https:\/\/www.planetel.it\/en\/author\/a-brumana\/"}]}},"_links":{"self":[{"href":"https:\/\/www.planetel.it\/en\/wp-json\/wp\/v2\/posts\/14606","targetHints":{"allow":["GET"]}}],"collection":[{"href":"https:\/\/www.planetel.it\/en\/wp-json\/wp\/v2\/posts"}],"about":[{"href":"https:\/\/www.planetel.it\/en\/wp-json\/wp\/v2\/types\/post"}],"author":[{"embeddable":true,"href":"https:\/\/www.planetel.it\/en\/wp-json\/wp\/v2\/users\/4"}],"replies":[{"embeddable":true,"href":"https:\/\/www.planetel.it\/en\/wp-json\/wp\/v2\/comments?post=14606"}],"version-history":[{"count":1,"href":"https:\/\/www.planetel.it\/en\/wp-json\/wp\/v2\/posts\/14606\/revisions"}],"predecessor-version":[{"id":17717,"href":"https:\/\/www.planetel.it\/en\/wp-json\/wp\/v2\/posts\/14606\/revisions\/17717"}],"wp:featuredmedia":[{"embeddable":true,"href":"https:\/\/www.planetel.it\/en\/wp-json\/wp\/v2\/media\/14607"}],"wp:attachment":[{"href":"https:\/\/www.planetel.it\/en\/wp-json\/wp\/v2\/media?parent=14606"}],"wp:term":[{"taxonomy":"category","embeddable":true,"href":"https:\/\/www.planetel.it\/en\/wp-json\/wp\/v2\/categories?post=14606"},{"taxonomy":"post_tag","embeddable":true,"href":"https:\/\/www.planetel.it\/en\/wp-json\/wp\/v2\/tags?post=14606"},{"taxonomy":"service_category","embeddable":true,"href":"https:\/\/www.planetel.it\/en\/wp-json\/wp\/v2\/service_category?post=14606"}],"curies":[{"name":"wp","href":"https:\/\/api.w.org\/{rel}","templated":true}]}}