{"id":14616,"date":"2023-05-09T14:29:00","date_gmt":"2023-05-09T12:29:00","guid":{"rendered":"http:\/\/www.planetel.it\/2023\/05\/planetel-e-net-admin-al-netcomm-forum-2023-con-serverincloud-it\/"},"modified":"2024-06-27T12:08:12","modified_gmt":"2024-06-27T10:08:12","slug":"planetel-e-net-admin-al-netcomm-forum-2023-con-serverincloud-it","status":"publish","type":"post","link":"https:\/\/www.planetel.it\/en\/2023\/05\/planetel-e-net-admin-al-netcomm-forum-2023-con-serverincloud-it\/","title":{"rendered":"Planetel e Net-Admin al Netcomm Forum 2023 con Serverincloud.it"},"content":{"rendered":"<p>Il pi\u00f9 importante evento italiano dedicato all\u2019<strong>E-commerce<\/strong> e alla <strong>Digital Transformation<\/strong> \u00e8 alle porte. Le date da cerchiare di rosso sul calendario sono il <strong>17 e il 18 maggio 2023<\/strong>, giornate in cui si alzer\u00e0 il sipario sulla XVIII edizione del <strong>Netcomm Forum<\/strong>. Il luogo scelto per la manifestazione \u00e8 l\u2019<strong>Allianz MiCo<\/strong>, vale a dire il pi\u00f9 ampio centro congressi d\u2019Europa, e l\u2019intero appuntamento sar\u00e0 fruibile On demand fino al 26 maggio.<\/p>\n<h2>Cos\u2019\u00e8 il Netcomm Forum?<\/h2>\n<p>Citando direttamente il loro <a href=\"https:\/\/www.netcommforum.it\/ita\/\" target=\"_blank\" rel=\"noopener\">sito web<\/a>, il Netcomm Forum \u00e8 l\u2019evento di spicco per quanto concerne il mondo digitale italiano, che in diciotto anni ha accompagnato lo sviluppo del commercio elettronico, la comunicazione online e la digitalizzazione delle imprese. Una rassegna, dunque, imperdibile per tutti coloro che fanno dell\u2019<strong>innovazione<\/strong>, della <strong>tecnologia all\u2019avanguardia<\/strong> e, in senso lato, della <strong>trasformazione digitale<\/strong> il cardine del proprio business e il punto di riferimento del proprio processo imprenditoriale.<\/p>\n<p>L\u2019obiettivo, naturalmente, \u00e8 quello di mettere in evidenza i prodotti, i servizi e le soluzioni migliori per guidare il mondo del retail attraverso le profonde trasformazioni che, negli ultimi anni, lo stanno scuotendo, e quale modo pi\u00f9 efficace per farlo se non presentando modelli innovativi di esperienzialit\u00e0 e di servizio derivanti da un processo di Digital Transformation sempre pi\u00f9 permeante e imprescindibile.<\/p>\n<p>Quali sono, pertanto, gli interrogativi e le esigenze che il Netcomm Forum ambisce a risolvere? Innanzitutto, definire le novit\u00e0 e i trend che stanno caratterizzando l\u2019evoluzione dell\u2019e-commerce e del digital retail a livello sia italiano sia mondiale. Secondariamente, sottolineare le modalit\u00e0 mediante le quali i comportamenti di consumo si stanno evolvendo, tanto sul piano dell\u2019esperienza quanto su quello del servizio. In terzo luogo, analizzare quali sono i modelli di business vincenti ed esaminare, di conseguenza, l\u2019evoluzione dello scenario competitivo. In quarta istanza, indagare le prassi migliori a disposizione delle imprese per trovare nuove modalit\u00e0 di interazione con i clienti, nonch\u00e9 nuovi mercati da esplorare. Infine, investigare le forme organizzative pi\u00f9 valide e le competenze strategiche che vale la pena presidiare.<\/p>\n<p>Tutto ci\u00f2, poi, mantenendo il focus sul delicato tema dei <strong>dati<\/strong> e della loro protezione, i quali rappresentano probabilmente l\u2019asset di maggior valore per qualunque impresa, sia essa grande o medio-piccola, celebre o emergente.<\/p>\n<h2>Planetel al Netcomm con Net-Admin<\/h2>\n<p>A un appuntamento che vede protagonisti il digitale, la Digital Transformation, l\u2019innovazione, il commercio elettronico e la protezione dei dati non poteva, di certo, mancare il <a href=\"https:\/\/www.planetel.it\/\" target=\"_blank\" rel=\"noopener\"><strong>Gruppo Planetel<\/strong><\/a>. La strada tracciata dalla realt\u00e0 bergamasca, infatti, si sviluppa attorno a un sistema d\u2019offerta perfettamente in linea con il significato della manifestazione, mettendo a disposizione dei clienti un approccio consulenziale e un know how qualificato per accogliere le loro differenti necessit\u00e0 e fornire le soluzioni a valore aggiunto pi\u00f9 indicate.<\/p>\n<p>Come accennato, dunque, Planetel sar\u00e0 presente all\u2019evento attraverso <a href=\"https:\/\/www.net-admin.it\/\" target=\"_blank\" rel=\"noopener\"><strong>Net-Admin<\/strong><\/a>, societ\u00e0 di Monza ultima arrivata tra le fila del Gruppo. Un\u2019azienda il cui background parla da s\u00e9, con un\u2019esperienza di oltre 10 anni nel campo dell\u2019<strong>Information Technology<\/strong> e una competenza pluriennale a fianco di organizzazioni pubbliche e private relativamente a <strong>servizi infrastrutturali e applicativi<\/strong>.<\/p>\n<p>Net-Admin porter\u00e0 al Netcomm Forum il suo brand di punta <a href=\"https:\/\/www.serverincloud.it\/\" target=\"_blank\" rel=\"noopener\"><strong>Serverincloud.it<\/strong><\/a>, il partner Iaas, Paas e SaaS di fiducia per quanto riguarda l\u2019<strong>erogazione di servizi cloud, la progettazione, gestione e manutenzione dell\u2019infrastruttura, l\u2019ottimizzazione e l\u2019orchestrazione delle soluzioni <\/strong>selezionate dai clienti.<\/p>\n<h2>Vi aspettiamo, quindi, mercoled\u00ec 17 e gioved\u00ec 18 maggio al Netcomm 2023. Ci troverete al primo piano, stand Q17.<\/h2>\n<p style=\"text-align: center;\"><a class=\"btn btn-info\" href=\"https:\/\/www.netcommforum.it\/ita\/\" target=\"_blank\" rel=\"noopener\">Registrati e acquista il biglietto<\/a><\/p>\n<p style=\"text-align: center;\">Per ulteriori informazioni contattaci all&#8217;indirizzo e-mail: <strong>servizicloud@planetel.it<\/strong><\/p>\n","protected":false},"excerpt":{"rendered":"<p>Il pi\u00f9 importante evento italiano dedicato all\u2019E-commerce e alla Digital Transformation \u00e8 alle porte. Le date da cerchiare di rosso sul calendario sono il 17 e il 18 maggio 2023, giornate in cui si alzer\u00e0 il sipario sulla XVIII edizione del Netcomm Forum. Il luogo scelto per la manifestazione \u00e8 l\u2019Allianz MiCo, vale a dire [&hellip;]<\/p>\n","protected":false},"author":4,"featured_media":14617,"comment_status":"closed","ping_status":"closed","sticky":false,"template":"","format":"standard","meta":{"_acf_changed":false,"footnotes":""},"categories":[698,699,700,702,703,717,718,719,672,723],"tags":[364,418,447,448,449],"service_category":[313],"class_list":["post-14616","post","type-post","status-publish","format-standard","has-post-thumbnail","hentry","category-servizi-it-cloud","category-servizi-cloud","category-servizi-it","category-cybersecurity","category-servizi-web","category-attivita-commerciali","category-medie-e-grandi-imprese","category-pubblica-amministrazione","category-planetel","category-il-gruppo","tag-cloud","tag-innovazione","tag-dati","tag-digital-transformation","tag-e-commerce","service_category-servizi-it-cloud"],"acf":[],"yoast_head":"<!-- This site is optimized with the Yoast SEO plugin v27.3 - https:\/\/yoast.com\/product\/yoast-seo-wordpress\/ -->\n<title>Planetel e Net-Admin al Netcomm Forum 2023 con Serverincloud.it<\/title>\n<meta name=\"description\" content=\"Il pi\u00f9 grande evento dedicato alla Digital Transformation sta per arrivare e Planetel sar\u00e0 presente con le sue soluzioni a valore aggiunto.\" \/>\n<meta name=\"robots\" content=\"index, follow, max-snippet:-1, max-image-preview:large, max-video-preview:-1\" \/>\n<link rel=\"canonical\" href=\"https:\/\/www.planetel.it\/en\/2023\/05\/planetel-e-net-admin-al-netcomm-forum-2023-con-serverincloud-it\/\" \/>\n<meta property=\"og:locale\" content=\"en_US\" \/>\n<meta property=\"og:type\" content=\"article\" \/>\n<meta property=\"og:title\" content=\"Planetel e Net-Admin al Netcomm Forum 2023 con Serverincloud.it\" \/>\n<meta property=\"og:description\" content=\"Il pi\u00f9 grande evento dedicato alla Digital Transformation sta per arrivare e Planetel sar\u00e0 presente con le sue soluzioni a valore aggiunto.\" \/>\n<meta property=\"og:url\" content=\"https:\/\/www.planetel.it\/en\/2023\/05\/planetel-e-net-admin-al-netcomm-forum-2023-con-serverincloud-it\/\" \/>\n<meta property=\"og:site_name\" content=\"Planetel\" \/>\n<meta property=\"article:publisher\" content=\"https:\/\/www.facebook.com\/planetelspa\" \/>\n<meta property=\"article:published_time\" content=\"2023-05-09T12:29:00+00:00\" \/>\n<meta property=\"article:modified_time\" content=\"2024-06-27T10:08:12+00:00\" \/>\n<meta property=\"og:image\" content=\"https:\/\/preprod-www.planetel.it\/wp-content\/uploads\/2024\/05\/Netcomm_FB-Linkedin.png\" \/>\n\t<meta property=\"og:image:width\" content=\"2400\" \/>\n\t<meta property=\"og:image:height\" content=\"1260\" \/>\n\t<meta property=\"og:image:type\" content=\"image\/png\" \/>\n<meta name=\"twitter:card\" content=\"summary_large_image\" \/>\n<meta name=\"twitter:label1\" content=\"Written by\" \/>\n\t<meta name=\"twitter:data1\" content=\"Andrea Brumana\" \/>\n\t<meta name=\"twitter:label2\" content=\"Est. reading time\" \/>\n\t<meta name=\"twitter:data2\" content=\"4 minutes\" \/>\n<script type=\"application\/ld+json\" class=\"yoast-schema-graph\">{\"@context\":\"https:\\\/\\\/schema.org\",\"@graph\":[{\"@type\":\"Article\",\"@id\":\"https:\\\/\\\/www.planetel.it\\\/en\\\/2023\\\/05\\\/planetel-e-net-admin-al-netcomm-forum-2023-con-serverincloud-it\\\/#article\",\"isPartOf\":{\"@id\":\"https:\\\/\\\/www.planetel.it\\\/en\\\/2023\\\/05\\\/planetel-e-net-admin-al-netcomm-forum-2023-con-serverincloud-it\\\/\"},\"author\":{\"name\":\"Andrea Brumana\",\"@id\":\"https:\\\/\\\/www.planetel.it\\\/en\\\/#\\\/schema\\\/person\\\/8e74703d23ff222042246a845bb004fa\"},\"headline\":\"Planetel e Net-Admin al Netcomm Forum 2023 con Serverincloud.it\",\"datePublished\":\"2023-05-09T12:29:00+00:00\",\"dateModified\":\"2024-06-27T10:08:12+00:00\",\"mainEntityOfPage\":{\"@id\":\"https:\\\/\\\/www.planetel.it\\\/en\\\/2023\\\/05\\\/planetel-e-net-admin-al-netcomm-forum-2023-con-serverincloud-it\\\/\"},\"wordCount\":596,\"publisher\":{\"@id\":\"https:\\\/\\\/www.planetel.it\\\/en\\\/#organization\"},\"image\":{\"@id\":\"https:\\\/\\\/www.planetel.it\\\/en\\\/2023\\\/05\\\/planetel-e-net-admin-al-netcomm-forum-2023-con-serverincloud-it\\\/#primaryimage\"},\"thumbnailUrl\":\"https:\\\/\\\/www.planetel.it\\\/wp-content\\\/uploads\\\/2024\\\/05\\\/Netcomm_FB-Linkedin.png\",\"keywords\":[\"cloud\",\"innovazione\",\"Dati\",\"Digital Transformation\",\"E-commerce\"],\"articleSection\":[\"Servizi IT &amp; Cloud\",\"Servizi Cloud\",\"Servizi IT\",\"Cybersecurity\",\"Servizi Web\",\"Attivit\u00e0 commerciali\",\"Medie e grandi Imprese\",\"Pubblica Amministrazione\",\"Planetel\",\"Il gruppo\"],\"inLanguage\":\"en-US\"},{\"@type\":\"WebPage\",\"@id\":\"https:\\\/\\\/www.planetel.it\\\/en\\\/2023\\\/05\\\/planetel-e-net-admin-al-netcomm-forum-2023-con-serverincloud-it\\\/\",\"url\":\"https:\\\/\\\/www.planetel.it\\\/en\\\/2023\\\/05\\\/planetel-e-net-admin-al-netcomm-forum-2023-con-serverincloud-it\\\/\",\"name\":\"Planetel e Net-Admin al Netcomm Forum 2023 con Serverincloud.it\",\"isPartOf\":{\"@id\":\"https:\\\/\\\/www.planetel.it\\\/en\\\/#website\"},\"primaryImageOfPage\":{\"@id\":\"https:\\\/\\\/www.planetel.it\\\/en\\\/2023\\\/05\\\/planetel-e-net-admin-al-netcomm-forum-2023-con-serverincloud-it\\\/#primaryimage\"},\"image\":{\"@id\":\"https:\\\/\\\/www.planetel.it\\\/en\\\/2023\\\/05\\\/planetel-e-net-admin-al-netcomm-forum-2023-con-serverincloud-it\\\/#primaryimage\"},\"thumbnailUrl\":\"https:\\\/\\\/www.planetel.it\\\/wp-content\\\/uploads\\\/2024\\\/05\\\/Netcomm_FB-Linkedin.png\",\"datePublished\":\"2023-05-09T12:29:00+00:00\",\"dateModified\":\"2024-06-27T10:08:12+00:00\",\"description\":\"Il pi\u00f9 grande evento dedicato alla Digital Transformation sta per arrivare e Planetel sar\u00e0 presente con le sue soluzioni a valore aggiunto.\",\"breadcrumb\":{\"@id\":\"https:\\\/\\\/www.planetel.it\\\/en\\\/2023\\\/05\\\/planetel-e-net-admin-al-netcomm-forum-2023-con-serverincloud-it\\\/#breadcrumb\"},\"inLanguage\":\"en-US\",\"potentialAction\":[{\"@type\":\"ReadAction\",\"target\":[\"https:\\\/\\\/www.planetel.it\\\/en\\\/2023\\\/05\\\/planetel-e-net-admin-al-netcomm-forum-2023-con-serverincloud-it\\\/\"]}]},{\"@type\":\"ImageObject\",\"inLanguage\":\"en-US\",\"@id\":\"https:\\\/\\\/www.planetel.it\\\/en\\\/2023\\\/05\\\/planetel-e-net-admin-al-netcomm-forum-2023-con-serverincloud-it\\\/#primaryimage\",\"url\":\"https:\\\/\\\/www.planetel.it\\\/wp-content\\\/uploads\\\/2024\\\/05\\\/Netcomm_FB-Linkedin.png\",\"contentUrl\":\"https:\\\/\\\/www.planetel.it\\\/wp-content\\\/uploads\\\/2024\\\/05\\\/Netcomm_FB-Linkedin.png\",\"width\":2400,\"height\":1260,\"caption\":\"Netcomm Forum\"},{\"@type\":\"BreadcrumbList\",\"@id\":\"https:\\\/\\\/www.planetel.it\\\/en\\\/2023\\\/05\\\/planetel-e-net-admin-al-netcomm-forum-2023-con-serverincloud-it\\\/#breadcrumb\",\"itemListElement\":[{\"@type\":\"ListItem\",\"position\":1,\"name\":\"Home\",\"item\":\"https:\\\/\\\/www.planetel.it\\\/en\\\/\"},{\"@type\":\"ListItem\",\"position\":2,\"name\":\"Servizi\",\"item\":\"https:\\\/\\\/www.planetel.it\\\/news\\\/blog\\\/categoria\\\/servizi\\\/\"},{\"@type\":\"ListItem\",\"position\":3,\"name\":\"Servizi IT &amp; Cloud\",\"item\":\"https:\\\/\\\/www.planetel.it\\\/news\\\/blog\\\/categoria\\\/servizi-it-cloud\\\/\"},{\"@type\":\"ListItem\",\"position\":4,\"name\":\"Planetel e Net-Admin al Netcomm Forum 2023 con Serverincloud.it\"}]},{\"@type\":\"WebSite\",\"@id\":\"https:\\\/\\\/www.planetel.it\\\/en\\\/#website\",\"url\":\"https:\\\/\\\/www.planetel.it\\\/en\\\/\",\"name\":\"Planetel\",\"description\":\"Pi\u00f9 che una connessione\",\"publisher\":{\"@id\":\"https:\\\/\\\/www.planetel.it\\\/en\\\/#organization\"},\"potentialAction\":[{\"@type\":\"SearchAction\",\"target\":{\"@type\":\"EntryPoint\",\"urlTemplate\":\"https:\\\/\\\/www.planetel.it\\\/en\\\/?s={search_term_string}\"},\"query-input\":{\"@type\":\"PropertyValueSpecification\",\"valueRequired\":true,\"valueName\":\"search_term_string\"}}],\"inLanguage\":\"en-US\"},{\"@type\":\"Organization\",\"@id\":\"https:\\\/\\\/www.planetel.it\\\/en\\\/#organization\",\"name\":\"Planetel S.p.A.\",\"url\":\"https:\\\/\\\/www.planetel.it\\\/en\\\/\",\"logo\":{\"@type\":\"ImageObject\",\"inLanguage\":\"en-US\",\"@id\":\"https:\\\/\\\/www.planetel.it\\\/en\\\/#\\\/schema\\\/logo\\\/image\\\/\",\"url\":\"https:\\\/\\\/www.planetel.it\\\/wp-content\\\/uploads\\\/2024\\\/04\\\/logo-group-planetel.svg\",\"contentUrl\":\"https:\\\/\\\/www.planetel.it\\\/wp-content\\\/uploads\\\/2024\\\/04\\\/logo-group-planetel.svg\",\"width\":1,\"height\":1,\"caption\":\"Planetel S.p.A.\"},\"image\":{\"@id\":\"https:\\\/\\\/www.planetel.it\\\/en\\\/#\\\/schema\\\/logo\\\/image\\\/\"},\"sameAs\":[\"https:\\\/\\\/www.facebook.com\\\/planetelspa\",\"https:\\\/\\\/www.linkedin.com\\\/company\\\/planetel\",\"https:\\\/\\\/www.instagram.com\\\/planetelspa\"]},{\"@type\":\"Person\",\"@id\":\"https:\\\/\\\/www.planetel.it\\\/en\\\/#\\\/schema\\\/person\\\/8e74703d23ff222042246a845bb004fa\",\"name\":\"Andrea Brumana\",\"image\":{\"@type\":\"ImageObject\",\"inLanguage\":\"en-US\",\"@id\":\"https:\\\/\\\/secure.gravatar.com\\\/avatar\\\/9a839884f24513d8bf063a907c74d8d2483fb1c4bbbf7cf7222c3e08581e4219?s=96&d=mm&r=g\",\"url\":\"https:\\\/\\\/secure.gravatar.com\\\/avatar\\\/9a839884f24513d8bf063a907c74d8d2483fb1c4bbbf7cf7222c3e08581e4219?s=96&d=mm&r=g\",\"contentUrl\":\"https:\\\/\\\/secure.gravatar.com\\\/avatar\\\/9a839884f24513d8bf063a907c74d8d2483fb1c4bbbf7cf7222c3e08581e4219?s=96&d=mm&r=g\",\"caption\":\"Andrea Brumana\"},\"url\":\"https:\\\/\\\/www.planetel.it\\\/en\\\/author\\\/a-brumana\\\/\"}]}<\/script>\n<!-- \/ Yoast SEO plugin. -->","yoast_head_json":{"title":"Planetel e Net-Admin al Netcomm Forum 2023 con Serverincloud.it","description":"Il pi\u00f9 grande evento dedicato alla Digital Transformation sta per arrivare e Planetel sar\u00e0 presente con le sue soluzioni a valore aggiunto.","robots":{"index":"index","follow":"follow","max-snippet":"max-snippet:-1","max-image-preview":"max-image-preview:large","max-video-preview":"max-video-preview:-1"},"canonical":"https:\/\/www.planetel.it\/en\/2023\/05\/planetel-e-net-admin-al-netcomm-forum-2023-con-serverincloud-it\/","og_locale":"en_US","og_type":"article","og_title":"Planetel e Net-Admin al Netcomm Forum 2023 con Serverincloud.it","og_description":"Il pi\u00f9 grande evento dedicato alla Digital Transformation sta per arrivare e Planetel sar\u00e0 presente con le sue soluzioni a valore aggiunto.","og_url":"https:\/\/www.planetel.it\/en\/2023\/05\/planetel-e-net-admin-al-netcomm-forum-2023-con-serverincloud-it\/","og_site_name":"Planetel","article_publisher":"https:\/\/www.facebook.com\/planetelspa","article_published_time":"2023-05-09T12:29:00+00:00","article_modified_time":"2024-06-27T10:08:12+00:00","og_image":[{"width":2400,"height":1260,"url":"https:\/\/preprod-www.planetel.it\/wp-content\/uploads\/2024\/05\/Netcomm_FB-Linkedin.png","type":"image\/png"}],"twitter_card":"summary_large_image","twitter_misc":{"Written by":"Andrea Brumana","Est. reading time":"4 minutes"},"schema":{"@context":"https:\/\/schema.org","@graph":[{"@type":"Article","@id":"https:\/\/www.planetel.it\/en\/2023\/05\/planetel-e-net-admin-al-netcomm-forum-2023-con-serverincloud-it\/#article","isPartOf":{"@id":"https:\/\/www.planetel.it\/en\/2023\/05\/planetel-e-net-admin-al-netcomm-forum-2023-con-serverincloud-it\/"},"author":{"name":"Andrea Brumana","@id":"https:\/\/www.planetel.it\/en\/#\/schema\/person\/8e74703d23ff222042246a845bb004fa"},"headline":"Planetel e Net-Admin al Netcomm Forum 2023 con Serverincloud.it","datePublished":"2023-05-09T12:29:00+00:00","dateModified":"2024-06-27T10:08:12+00:00","mainEntityOfPage":{"@id":"https:\/\/www.planetel.it\/en\/2023\/05\/planetel-e-net-admin-al-netcomm-forum-2023-con-serverincloud-it\/"},"wordCount":596,"publisher":{"@id":"https:\/\/www.planetel.it\/en\/#organization"},"image":{"@id":"https:\/\/www.planetel.it\/en\/2023\/05\/planetel-e-net-admin-al-netcomm-forum-2023-con-serverincloud-it\/#primaryimage"},"thumbnailUrl":"https:\/\/www.planetel.it\/wp-content\/uploads\/2024\/05\/Netcomm_FB-Linkedin.png","keywords":["cloud","innovazione","Dati","Digital Transformation","E-commerce"],"articleSection":["Servizi IT &amp; Cloud","Servizi Cloud","Servizi IT","Cybersecurity","Servizi Web","Attivit\u00e0 commerciali","Medie e grandi Imprese","Pubblica Amministrazione","Planetel","Il gruppo"],"inLanguage":"en-US"},{"@type":"WebPage","@id":"https:\/\/www.planetel.it\/en\/2023\/05\/planetel-e-net-admin-al-netcomm-forum-2023-con-serverincloud-it\/","url":"https:\/\/www.planetel.it\/en\/2023\/05\/planetel-e-net-admin-al-netcomm-forum-2023-con-serverincloud-it\/","name":"Planetel e Net-Admin al Netcomm Forum 2023 con Serverincloud.it","isPartOf":{"@id":"https:\/\/www.planetel.it\/en\/#website"},"primaryImageOfPage":{"@id":"https:\/\/www.planetel.it\/en\/2023\/05\/planetel-e-net-admin-al-netcomm-forum-2023-con-serverincloud-it\/#primaryimage"},"image":{"@id":"https:\/\/www.planetel.it\/en\/2023\/05\/planetel-e-net-admin-al-netcomm-forum-2023-con-serverincloud-it\/#primaryimage"},"thumbnailUrl":"https:\/\/www.planetel.it\/wp-content\/uploads\/2024\/05\/Netcomm_FB-Linkedin.png","datePublished":"2023-05-09T12:29:00+00:00","dateModified":"2024-06-27T10:08:12+00:00","description":"Il pi\u00f9 grande evento dedicato alla Digital Transformation sta per arrivare e Planetel sar\u00e0 presente con le sue soluzioni a valore aggiunto.","breadcrumb":{"@id":"https:\/\/www.planetel.it\/en\/2023\/05\/planetel-e-net-admin-al-netcomm-forum-2023-con-serverincloud-it\/#breadcrumb"},"inLanguage":"en-US","potentialAction":[{"@type":"ReadAction","target":["https:\/\/www.planetel.it\/en\/2023\/05\/planetel-e-net-admin-al-netcomm-forum-2023-con-serverincloud-it\/"]}]},{"@type":"ImageObject","inLanguage":"en-US","@id":"https:\/\/www.planetel.it\/en\/2023\/05\/planetel-e-net-admin-al-netcomm-forum-2023-con-serverincloud-it\/#primaryimage","url":"https:\/\/www.planetel.it\/wp-content\/uploads\/2024\/05\/Netcomm_FB-Linkedin.png","contentUrl":"https:\/\/www.planetel.it\/wp-content\/uploads\/2024\/05\/Netcomm_FB-Linkedin.png","width":2400,"height":1260,"caption":"Netcomm Forum"},{"@type":"BreadcrumbList","@id":"https:\/\/www.planetel.it\/en\/2023\/05\/planetel-e-net-admin-al-netcomm-forum-2023-con-serverincloud-it\/#breadcrumb","itemListElement":[{"@type":"ListItem","position":1,"name":"Home","item":"https:\/\/www.planetel.it\/en\/"},{"@type":"ListItem","position":2,"name":"Servizi","item":"https:\/\/www.planetel.it\/news\/blog\/categoria\/servizi\/"},{"@type":"ListItem","position":3,"name":"Servizi IT &amp; Cloud","item":"https:\/\/www.planetel.it\/news\/blog\/categoria\/servizi-it-cloud\/"},{"@type":"ListItem","position":4,"name":"Planetel e Net-Admin al Netcomm Forum 2023 con Serverincloud.it"}]},{"@type":"WebSite","@id":"https:\/\/www.planetel.it\/en\/#website","url":"https:\/\/www.planetel.it\/en\/","name":"Planetel","description":"Pi\u00f9 che una connessione","publisher":{"@id":"https:\/\/www.planetel.it\/en\/#organization"},"potentialAction":[{"@type":"SearchAction","target":{"@type":"EntryPoint","urlTemplate":"https:\/\/www.planetel.it\/en\/?s={search_term_string}"},"query-input":{"@type":"PropertyValueSpecification","valueRequired":true,"valueName":"search_term_string"}}],"inLanguage":"en-US"},{"@type":"Organization","@id":"https:\/\/www.planetel.it\/en\/#organization","name":"Planetel S.p.A.","url":"https:\/\/www.planetel.it\/en\/","logo":{"@type":"ImageObject","inLanguage":"en-US","@id":"https:\/\/www.planetel.it\/en\/#\/schema\/logo\/image\/","url":"https:\/\/www.planetel.it\/wp-content\/uploads\/2024\/04\/logo-group-planetel.svg","contentUrl":"https:\/\/www.planetel.it\/wp-content\/uploads\/2024\/04\/logo-group-planetel.svg","width":1,"height":1,"caption":"Planetel S.p.A."},"image":{"@id":"https:\/\/www.planetel.it\/en\/#\/schema\/logo\/image\/"},"sameAs":["https:\/\/www.facebook.com\/planetelspa","https:\/\/www.linkedin.com\/company\/planetel","https:\/\/www.instagram.com\/planetelspa"]},{"@type":"Person","@id":"https:\/\/www.planetel.it\/en\/#\/schema\/person\/8e74703d23ff222042246a845bb004fa","name":"Andrea Brumana","image":{"@type":"ImageObject","inLanguage":"en-US","@id":"https:\/\/secure.gravatar.com\/avatar\/9a839884f24513d8bf063a907c74d8d2483fb1c4bbbf7cf7222c3e08581e4219?s=96&d=mm&r=g","url":"https:\/\/secure.gravatar.com\/avatar\/9a839884f24513d8bf063a907c74d8d2483fb1c4bbbf7cf7222c3e08581e4219?s=96&d=mm&r=g","contentUrl":"https:\/\/secure.gravatar.com\/avatar\/9a839884f24513d8bf063a907c74d8d2483fb1c4bbbf7cf7222c3e08581e4219?s=96&d=mm&r=g","caption":"Andrea Brumana"},"url":"https:\/\/www.planetel.it\/en\/author\/a-brumana\/"}]}},"_links":{"self":[{"href":"https:\/\/www.planetel.it\/en\/wp-json\/wp\/v2\/posts\/14616","targetHints":{"allow":["GET"]}}],"collection":[{"href":"https:\/\/www.planetel.it\/en\/wp-json\/wp\/v2\/posts"}],"about":[{"href":"https:\/\/www.planetel.it\/en\/wp-json\/wp\/v2\/types\/post"}],"author":[{"embeddable":true,"href":"https:\/\/www.planetel.it\/en\/wp-json\/wp\/v2\/users\/4"}],"replies":[{"embeddable":true,"href":"https:\/\/www.planetel.it\/en\/wp-json\/wp\/v2\/comments?post=14616"}],"version-history":[{"count":1,"href":"https:\/\/www.planetel.it\/en\/wp-json\/wp\/v2\/posts\/14616\/revisions"}],"predecessor-version":[{"id":17714,"href":"https:\/\/www.planetel.it\/en\/wp-json\/wp\/v2\/posts\/14616\/revisions\/17714"}],"wp:featuredmedia":[{"embeddable":true,"href":"https:\/\/www.planetel.it\/en\/wp-json\/wp\/v2\/media\/14617"}],"wp:attachment":[{"href":"https:\/\/www.planetel.it\/en\/wp-json\/wp\/v2\/media?parent=14616"}],"wp:term":[{"taxonomy":"category","embeddable":true,"href":"https:\/\/www.planetel.it\/en\/wp-json\/wp\/v2\/categories?post=14616"},{"taxonomy":"post_tag","embeddable":true,"href":"https:\/\/www.planetel.it\/en\/wp-json\/wp\/v2\/tags?post=14616"},{"taxonomy":"service_category","embeddable":true,"href":"https:\/\/www.planetel.it\/en\/wp-json\/wp\/v2\/service_category?post=14616"}],"curies":[{"name":"wp","href":"https:\/\/api.w.org\/{rel}","templated":true}]}}