{"id":14618,"date":"2023-05-11T13:10:27","date_gmt":"2023-05-11T11:10:27","guid":{"rendered":"http:\/\/www.planetel.it\/2023\/05\/planetel-evento-lonato-del-garda\/"},"modified":"2024-06-27T12:07:46","modified_gmt":"2024-06-27T10:07:46","slug":"planetel-evento-lonato-del-garda","status":"publish","type":"post","link":"https:\/\/www.planetel.it\/en\/2023\/05\/planetel-evento-lonato-del-garda\/","title":{"rendered":"Planetel: il futuro \u00e8 di chi innova"},"content":{"rendered":"<p>Quello che si legge nel titolo \u00e8 un claim che presenta due parole chiave perfettamente rappresentative dell\u2019identit\u00e0 Planetel e degli obiettivi che il Gruppo si pone, vale a dire <strong>futuro<\/strong> e <strong>innovazione<\/strong>. Planetel, infatti, \u00e8 una realt\u00e0 che nasce nell\u2019alveo delle telecomunicazioni e dei servizi infrastrutturali, iniziando, tuttavia, negli ultimi anni, un importante processo di sviluppo anche attorno a tutte quelle che sono soluzioni a valore aggiunto in ambito cloud e IT.<\/p>\n<p>Alla luce di ci\u00f2, <strong>gioved\u00ec 4 maggio<\/strong> si \u00e8 tenuto presso la <strong>Rocca di Lonato del Garda<\/strong> un evento organizzato da Planetel per trasmettere con forza questa visione pure agli svariati interlocutori che abitano un territorio molto presidiato sia dal punto di vista commerciale sia degli investimenti. Una location suggestiva, quindi, individuata come punto d\u2019incontro perfetto per ribadire la rilevanza che l\u2019area del Garda ricopre per l\u2019intero Gruppo.<\/p>\n<p>Per citare direttamente le parole del Presidente e CEO di Planetel, <strong>Bruno Pianetti<\/strong>: \u201c<em>Questa zona \u00e8 davvero importante per noi sia per quanto riguarda l\u2019infrastruttura sia per quanto concerne la connettivit\u00e0, i servizi IT e tutte le attivit\u00e0 che fanno parte del nostro business. Noi vogliamo essere presenti e vicini al territorio, non a caso abbiamo qui la sede di <a href=\"https:\/\/www.direte.it\/\" target=\"_blank\" rel=\"noopener\">Direte<\/a>, un\u2019azienda del Gruppo, e abbiamo organizzato questa serata per incontrare i nostri vari interlocutori e raccontar loro la nostra storia, quello che gi\u00e0 facciamo e tutto ci\u00f2 che aspiriamo a realizzare<\/em>\u201d.<\/p>\n<div class=\"row flex justify-content-center\"><div class=\"col-xs-12 col-sm-6 col-md-3\"><a class=\"d-inline-block mb-1\" data-fancybox=\"inner-gallery\" href=https:\/\/www.planetel.it\/wp-content\/uploads\/2024\/05\/Planetel_Lonato_Garda_Evento_hd_51.jpeg><img class=\"w-100 img-reponsive\" src='https:\/\/www.planetel.it\/wp-content\/uploads\/2024\/05\/Planetel_Lonato_Garda_Evento_hd_51.jpeg' \/><\/a><\/div><div class=\"col-xs-12 col-sm-6 col-md-3\"><a class=\"d-inline-block mb-1\" data-fancybox=\"inner-gallery\" href=https:\/\/www.planetel.it\/wp-content\/uploads\/2024\/05\/Planetel_Lonato_Garda_Evento_hd.jpeg><img class=\"w-100 img-reponsive\" src='https:\/\/www.planetel.it\/wp-content\/uploads\/2024\/05\/Planetel_Lonato_Garda_Evento_hd.jpeg' \/><\/a><\/div><div class=\"col-xs-12 col-sm-6 col-md-3\"><a class=\"d-inline-block mb-1\" data-fancybox=\"inner-gallery\" href=https:\/\/www.planetel.it\/wp-content\/uploads\/2024\/05\/Planetel_Lonato_Garda_Evento_hd_17.jpeg><img class=\"w-100 img-reponsive\" src='https:\/\/www.planetel.it\/wp-content\/uploads\/2024\/05\/Planetel_Lonato_Garda_Evento_hd_17.jpeg' \/><\/a><\/div><\/div>\n<h2>Un connubio tra storia e innovazione<\/h2>\n<p>Si pu\u00f2 leggere questo evento come una sorta di viaggio stimolante tra <strong>passato<\/strong> e <strong>futuro<\/strong>, tra <strong>storia<\/strong> e <strong>innovazione<\/strong>. Da un lato, infatti, ha giocato un ruolo da protagonista il fascino del luogo, con la bellezza di questa rocca del X secolo sullo sfondo e la visita guidata alla Casa del Podest\u00e0. Gli ospiti hanno avuto la possibilit\u00e0 di passeggiare tra le mura dell\u2019edificio, di ammirare i bellissimi scorci sul lago, di respirare la cultura e la tradizione provenienti dal museo. Dall\u2019altro lato, ha fatto da appropriato contraltare a questa storicit\u00e0 lo speech aziendale che ha caratterizzato la seconda parte della serata, con la presentazione della realt\u00e0 Planetel a trecentosessanta gradi. Un ritratto ricco di spunti, che ha messo l\u2019accento proprio su quei processi di innovazione tecnologica e di sguardo al futuro che il Gruppo persegue con convinzione.<\/p>\n<div class=\"row flex justify-content-center\"><div class=\"col-xs-12 col-sm-6 col-md-3\"><a class=\"d-inline-block mb-1\" data-fancybox=\"inner-gallery\" href=https:\/\/www.planetel.it\/wp-content\/uploads\/2024\/05\/Planetel_Lonato_Garda_Evento_hd_110.jpeg><img class=\"w-100 img-reponsive\" src='https:\/\/www.planetel.it\/wp-content\/uploads\/2024\/05\/Planetel_Lonato_Garda_Evento_hd_110.jpeg' \/><\/a><\/div><div class=\"col-xs-12 col-sm-6 col-md-3\"><a class=\"d-inline-block mb-1\" data-fancybox=\"inner-gallery\" href=https:\/\/www.planetel.it\/wp-content\/uploads\/2024\/05\/Planetel_Lonato_Garda_Evento_hd_83.jpeg><img class=\"w-100 img-reponsive\" src='https:\/\/www.planetel.it\/wp-content\/uploads\/2024\/05\/Planetel_Lonato_Garda_Evento_hd_83.jpeg' \/><\/a><\/div><div class=\"col-xs-12 col-sm-6 col-md-3\"><a class=\"d-inline-block mb-1\" data-fancybox=\"inner-gallery\" href=https:\/\/www.planetel.it\/wp-content\/uploads\/2024\/05\/Planetel_Lonato_Garda_Evento_hd_134.jpeg><img class=\"w-100 img-reponsive\" src='https:\/\/www.planetel.it\/wp-content\/uploads\/2024\/05\/Planetel_Lonato_Garda_Evento_hd_134.jpeg' \/><\/a><\/div><\/div>\n<h2>Planetel si racconta<\/h2>\n<p>Uno dei momenti di maggior valore della serata \u00e8 stato proprio lo <strong>speech aziendale<\/strong>. In un territorio in cui Planetel si sta espandendo in maniera considerevole, l\u2019azienda ha voluto esserci per illustrare viso a viso i propri valori, la propria identit\u00e0, la propria visione e tutto ci\u00f2 che, commercialmente pu\u00f2 e potr\u00e0 offrire.<\/p>\n<p>Il primo a prendere la parola \u00e8 stato <strong>Bruno Pianetti<\/strong>, che ha descritto in modo tanto introduttivo quanto dettagliato la realt\u00e0 del Gruppo. A seguire, il microfono \u00e8 passato nelle mani di <strong>Massimo Borgnini<\/strong>, Direttore vendite di Planetel, il quale, innanzitutto, ha esposto i servizi infrastrutturali e di telecomunicazione che l\u2019azienda \u00e8 in grado di fornire; in secondo luogo, ha tracciato una panoramica degli investimenti sia realizzati sia programmati in quella specifica area. Il terzo relatore \u00e8 stato, invece, <strong>Stefano Quadrio<\/strong>, fondatore di <a href=\"https:\/\/www.net-admin.it\/\" target=\"_blank\" rel=\"noopener\">Net-Admin<\/a> e Direttore Cloud e ASP di Planetel; il fulcro dell\u2019intervento ha riguardato, naturalmente, l\u2019area dei Servizi Cloud e IT progressivamente sviluppata, soffermandosi sull\u2019accezione di system integrator assunta dal Gruppo e delineando le soluzioni a valore aggiunto che esso \u00e8 in grado di proporre. Infine, lo speech si \u00e8 concluso con il vivace approfondimento di <strong>Stefano Costantini<\/strong>, Amministratore e Responsabile Commerciale di Direte, sul tema della cyber security, un ulteriore ambito in cui il Gruppo Planetel pu\u00f2 accompagnare il cliente in un processo di analisi dei problemi, definizione delle esigenze ed elaborazione del progetto pi\u00f9 adatto alle necessit\u00e0 evidenziate.<\/p>\n<p>La manifestazione si \u00e8 conclusa, ovviamente, con una cena servita a passaggio, momento ideale per confrontarsi da vicino con i numerosi presenti, ascoltarne le esigenze, capirne le necessit\u00e0 e costruire una rete relazionale solida su cui porre le basi per rapporti futuri.<\/p>\n<div class=\"row flex justify-content-center\"><div class=\"col-xs-12 col-sm-6 col-md-3\"><a class=\"d-inline-block mb-1\" data-fancybox=\"inner-gallery\" href=https:\/\/www.planetel.it\/wp-content\/uploads\/2024\/05\/Planetel_Lonato_Garda_Evento_hd_102.jpeg><img class=\"w-100 img-reponsive\" src='https:\/\/www.planetel.it\/wp-content\/uploads\/2024\/05\/Planetel_Lonato_Garda_Evento_hd_102.jpeg' \/><\/a><\/div><div class=\"col-xs-12 col-sm-6 col-md-3\"><a class=\"d-inline-block mb-1\" data-fancybox=\"inner-gallery\" href=https:\/\/www.planetel.it\/wp-content\/uploads\/2024\/05\/Planetel_Lonato_Garda_Evento_hd_105.jpeg><img class=\"w-100 img-reponsive\" src='https:\/\/www.planetel.it\/wp-content\/uploads\/2024\/05\/Planetel_Lonato_Garda_Evento_hd_105.jpeg' \/><\/a><\/div><div class=\"col-xs-12 col-sm-6 col-md-3\"><a class=\"d-inline-block mb-1\" data-fancybox=\"inner-gallery\" href=https:\/\/www.planetel.it\/wp-content\/uploads\/2024\/05\/Planetel_Lonato_Garda_Evento_hd_122.jpeg><img class=\"w-100 img-reponsive\" src='https:\/\/www.planetel.it\/wp-content\/uploads\/2024\/05\/Planetel_Lonato_Garda_Evento_hd_122.jpeg' \/><\/a><\/div><\/div>\n<p style=\"text-align: center;\"><a class=\"btn btn-info\" href=\"https:\/\/youtu.be\/OBmH8URAWZo\" target=\"_blank\" rel=\"noopener\"><strong>Guarda il video dell&#8217;evento<\/strong><\/a><\/p>\n","protected":false},"excerpt":{"rendered":"<p>Quello che si legge nel titolo \u00e8 un claim che presenta due parole chiave perfettamente rappresentative dell\u2019identit\u00e0 Planetel e degli obiettivi che il Gruppo si pone, vale a dire futuro e innovazione. Planetel, infatti, \u00e8 una realt\u00e0 che nasce nell\u2019alveo delle telecomunicazioni e dei servizi infrastrutturali, iniziando, tuttavia, negli ultimi anni, un importante processo di [&hellip;]<\/p>\n","protected":false},"author":4,"featured_media":14629,"comment_status":"closed","ping_status":"closed","sticky":false,"template":"","format":"standard","meta":{"_acf_changed":false,"footnotes":""},"categories":[720,672],"tags":[358,364,379,402,421,450,451],"service_category":[],"class_list":["post-14618","post","type-post","status-publish","format-standard","has-post-thumbnail","hentry","category-rivenditori","category-planetel","tag-planetel","tag-cloud","tag-fibra-ottica","tag-cyber-security","tag-connettivita","tag-infrastruttura","tag-lonato-del-garda"],"acf":[],"yoast_head":"<!-- This site is optimized with the Yoast SEO plugin v27.3 - https:\/\/yoast.com\/product\/yoast-seo-wordpress\/ -->\n<title>Planetel: il futuro \u00e8 di chi innova<\/title>\n<meta name=\"description\" content=\"Si \u00e8 svolto alla Rocca di Lonato del Garda un evento Planetel per presentare le soluzioni dell&#039;azienda a tutti gli shareholder di territorio.\" \/>\n<meta name=\"robots\" content=\"index, follow, max-snippet:-1, max-image-preview:large, max-video-preview:-1\" \/>\n<link rel=\"canonical\" href=\"https:\/\/www.planetel.it\/en\/2023\/05\/planetel-evento-lonato-del-garda\/\" \/>\n<meta property=\"og:locale\" content=\"en_US\" \/>\n<meta property=\"og:type\" content=\"article\" \/>\n<meta property=\"og:title\" content=\"Planetel: il futuro \u00e8 di chi innova\" \/>\n<meta property=\"og:description\" content=\"Si \u00e8 svolto alla Rocca di Lonato del Garda un evento Planetel per presentare le soluzioni dell&#039;azienda a tutti gli shareholder di territorio.\" \/>\n<meta property=\"og:url\" content=\"https:\/\/www.planetel.it\/en\/2023\/05\/planetel-evento-lonato-del-garda\/\" \/>\n<meta property=\"og:site_name\" content=\"Planetel\" \/>\n<meta property=\"article:publisher\" content=\"https:\/\/www.facebook.com\/planetelspa\" \/>\n<meta property=\"article:published_time\" content=\"2023-05-11T11:10:27+00:00\" \/>\n<meta property=\"article:modified_time\" content=\"2024-06-27T10:07:46+00:00\" \/>\n<meta property=\"og:image\" content=\"https:\/\/preprod-www.planetel.it\/wp-content\/uploads\/2024\/05\/evento_Planetel_lonato.png\" \/>\n\t<meta property=\"og:image:width\" content=\"1200\" \/>\n\t<meta property=\"og:image:height\" content=\"630\" \/>\n\t<meta property=\"og:image:type\" content=\"image\/png\" \/>\n<meta name=\"twitter:card\" content=\"summary_large_image\" \/>\n<meta name=\"twitter:label1\" content=\"Written by\" \/>\n\t<meta name=\"twitter:data1\" content=\"Andrea Brumana\" \/>\n\t<meta name=\"twitter:label2\" content=\"Est. reading time\" \/>\n\t<meta name=\"twitter:data2\" content=\"4 minutes\" \/>\n<script type=\"application\/ld+json\" class=\"yoast-schema-graph\">{\"@context\":\"https:\\\/\\\/schema.org\",\"@graph\":[{\"@type\":\"Article\",\"@id\":\"https:\\\/\\\/www.planetel.it\\\/en\\\/2023\\\/05\\\/planetel-evento-lonato-del-garda\\\/#article\",\"isPartOf\":{\"@id\":\"https:\\\/\\\/www.planetel.it\\\/en\\\/2023\\\/05\\\/planetel-evento-lonato-del-garda\\\/\"},\"author\":{\"name\":\"Andrea Brumana\",\"@id\":\"https:\\\/\\\/www.planetel.it\\\/en\\\/#\\\/schema\\\/person\\\/8e74703d23ff222042246a845bb004fa\"},\"headline\":\"Planetel: il futuro \u00e8 di chi innova\",\"datePublished\":\"2023-05-11T11:10:27+00:00\",\"dateModified\":\"2024-06-27T10:07:46+00:00\",\"mainEntityOfPage\":{\"@id\":\"https:\\\/\\\/www.planetel.it\\\/en\\\/2023\\\/05\\\/planetel-evento-lonato-del-garda\\\/\"},\"wordCount\":687,\"publisher\":{\"@id\":\"https:\\\/\\\/www.planetel.it\\\/en\\\/#organization\"},\"image\":{\"@id\":\"https:\\\/\\\/www.planetel.it\\\/en\\\/2023\\\/05\\\/planetel-evento-lonato-del-garda\\\/#primaryimage\"},\"thumbnailUrl\":\"https:\\\/\\\/www.planetel.it\\\/wp-content\\\/uploads\\\/2024\\\/05\\\/evento_Planetel_lonato.png\",\"keywords\":[\"Planetel\",\"cloud\",\"Fibra ottica\",\"cyber security\",\"connettivit\u00e0\",\"Infrastruttura\",\"lonato del garda\"],\"articleSection\":[\"Rivenditori\",\"Planetel\"],\"inLanguage\":\"en-US\"},{\"@type\":\"WebPage\",\"@id\":\"https:\\\/\\\/www.planetel.it\\\/en\\\/2023\\\/05\\\/planetel-evento-lonato-del-garda\\\/\",\"url\":\"https:\\\/\\\/www.planetel.it\\\/en\\\/2023\\\/05\\\/planetel-evento-lonato-del-garda\\\/\",\"name\":\"Planetel: il futuro \u00e8 di chi innova\",\"isPartOf\":{\"@id\":\"https:\\\/\\\/www.planetel.it\\\/en\\\/#website\"},\"primaryImageOfPage\":{\"@id\":\"https:\\\/\\\/www.planetel.it\\\/en\\\/2023\\\/05\\\/planetel-evento-lonato-del-garda\\\/#primaryimage\"},\"image\":{\"@id\":\"https:\\\/\\\/www.planetel.it\\\/en\\\/2023\\\/05\\\/planetel-evento-lonato-del-garda\\\/#primaryimage\"},\"thumbnailUrl\":\"https:\\\/\\\/www.planetel.it\\\/wp-content\\\/uploads\\\/2024\\\/05\\\/evento_Planetel_lonato.png\",\"datePublished\":\"2023-05-11T11:10:27+00:00\",\"dateModified\":\"2024-06-27T10:07:46+00:00\",\"description\":\"Si \u00e8 svolto alla Rocca di Lonato del Garda un evento Planetel per presentare le soluzioni dell'azienda a tutti gli shareholder di territorio.\",\"breadcrumb\":{\"@id\":\"https:\\\/\\\/www.planetel.it\\\/en\\\/2023\\\/05\\\/planetel-evento-lonato-del-garda\\\/#breadcrumb\"},\"inLanguage\":\"en-US\",\"potentialAction\":[{\"@type\":\"ReadAction\",\"target\":[\"https:\\\/\\\/www.planetel.it\\\/en\\\/2023\\\/05\\\/planetel-evento-lonato-del-garda\\\/\"]}]},{\"@type\":\"ImageObject\",\"inLanguage\":\"en-US\",\"@id\":\"https:\\\/\\\/www.planetel.it\\\/en\\\/2023\\\/05\\\/planetel-evento-lonato-del-garda\\\/#primaryimage\",\"url\":\"https:\\\/\\\/www.planetel.it\\\/wp-content\\\/uploads\\\/2024\\\/05\\\/evento_Planetel_lonato.png\",\"contentUrl\":\"https:\\\/\\\/www.planetel.it\\\/wp-content\\\/uploads\\\/2024\\\/05\\\/evento_Planetel_lonato.png\",\"width\":1200,\"height\":630,\"caption\":\"Planetel\"},{\"@type\":\"BreadcrumbList\",\"@id\":\"https:\\\/\\\/www.planetel.it\\\/en\\\/2023\\\/05\\\/planetel-evento-lonato-del-garda\\\/#breadcrumb\",\"itemListElement\":[{\"@type\":\"ListItem\",\"position\":1,\"name\":\"Home\",\"item\":\"https:\\\/\\\/www.planetel.it\\\/en\\\/\"},{\"@type\":\"ListItem\",\"position\":2,\"name\":\"Clienti\",\"item\":\"https:\\\/\\\/www.planetel.it\\\/news\\\/blog\\\/categoria\\\/clienti\\\/\"},{\"@type\":\"ListItem\",\"position\":3,\"name\":\"Rivenditori\",\"item\":\"https:\\\/\\\/www.planetel.it\\\/news\\\/blog\\\/categoria\\\/rivenditori\\\/\"},{\"@type\":\"ListItem\",\"position\":4,\"name\":\"Planetel: il futuro \u00e8 di chi innova\"}]},{\"@type\":\"WebSite\",\"@id\":\"https:\\\/\\\/www.planetel.it\\\/en\\\/#website\",\"url\":\"https:\\\/\\\/www.planetel.it\\\/en\\\/\",\"name\":\"Planetel\",\"description\":\"Pi\u00f9 che una connessione\",\"publisher\":{\"@id\":\"https:\\\/\\\/www.planetel.it\\\/en\\\/#organization\"},\"potentialAction\":[{\"@type\":\"SearchAction\",\"target\":{\"@type\":\"EntryPoint\",\"urlTemplate\":\"https:\\\/\\\/www.planetel.it\\\/en\\\/?s={search_term_string}\"},\"query-input\":{\"@type\":\"PropertyValueSpecification\",\"valueRequired\":true,\"valueName\":\"search_term_string\"}}],\"inLanguage\":\"en-US\"},{\"@type\":\"Organization\",\"@id\":\"https:\\\/\\\/www.planetel.it\\\/en\\\/#organization\",\"name\":\"Planetel S.p.A.\",\"url\":\"https:\\\/\\\/www.planetel.it\\\/en\\\/\",\"logo\":{\"@type\":\"ImageObject\",\"inLanguage\":\"en-US\",\"@id\":\"https:\\\/\\\/www.planetel.it\\\/en\\\/#\\\/schema\\\/logo\\\/image\\\/\",\"url\":\"https:\\\/\\\/www.planetel.it\\\/wp-content\\\/uploads\\\/2024\\\/04\\\/logo-group-planetel.svg\",\"contentUrl\":\"https:\\\/\\\/www.planetel.it\\\/wp-content\\\/uploads\\\/2024\\\/04\\\/logo-group-planetel.svg\",\"width\":1,\"height\":1,\"caption\":\"Planetel S.p.A.\"},\"image\":{\"@id\":\"https:\\\/\\\/www.planetel.it\\\/en\\\/#\\\/schema\\\/logo\\\/image\\\/\"},\"sameAs\":[\"https:\\\/\\\/www.facebook.com\\\/planetelspa\",\"https:\\\/\\\/www.linkedin.com\\\/company\\\/planetel\",\"https:\\\/\\\/www.instagram.com\\\/planetelspa\"]},{\"@type\":\"Person\",\"@id\":\"https:\\\/\\\/www.planetel.it\\\/en\\\/#\\\/schema\\\/person\\\/8e74703d23ff222042246a845bb004fa\",\"name\":\"Andrea Brumana\",\"image\":{\"@type\":\"ImageObject\",\"inLanguage\":\"en-US\",\"@id\":\"https:\\\/\\\/secure.gravatar.com\\\/avatar\\\/9a839884f24513d8bf063a907c74d8d2483fb1c4bbbf7cf7222c3e08581e4219?s=96&d=mm&r=g\",\"url\":\"https:\\\/\\\/secure.gravatar.com\\\/avatar\\\/9a839884f24513d8bf063a907c74d8d2483fb1c4bbbf7cf7222c3e08581e4219?s=96&d=mm&r=g\",\"contentUrl\":\"https:\\\/\\\/secure.gravatar.com\\\/avatar\\\/9a839884f24513d8bf063a907c74d8d2483fb1c4bbbf7cf7222c3e08581e4219?s=96&d=mm&r=g\",\"caption\":\"Andrea Brumana\"},\"url\":\"https:\\\/\\\/www.planetel.it\\\/en\\\/author\\\/a-brumana\\\/\"}]}<\/script>\n<!-- \/ Yoast SEO plugin. -->","yoast_head_json":{"title":"Planetel: il futuro \u00e8 di chi innova","description":"Si \u00e8 svolto alla Rocca di Lonato del Garda un evento Planetel per presentare le soluzioni dell'azienda a tutti gli shareholder di territorio.","robots":{"index":"index","follow":"follow","max-snippet":"max-snippet:-1","max-image-preview":"max-image-preview:large","max-video-preview":"max-video-preview:-1"},"canonical":"https:\/\/www.planetel.it\/en\/2023\/05\/planetel-evento-lonato-del-garda\/","og_locale":"en_US","og_type":"article","og_title":"Planetel: il futuro \u00e8 di chi innova","og_description":"Si \u00e8 svolto alla Rocca di Lonato del Garda un evento Planetel per presentare le soluzioni dell'azienda a tutti gli shareholder di territorio.","og_url":"https:\/\/www.planetel.it\/en\/2023\/05\/planetel-evento-lonato-del-garda\/","og_site_name":"Planetel","article_publisher":"https:\/\/www.facebook.com\/planetelspa","article_published_time":"2023-05-11T11:10:27+00:00","article_modified_time":"2024-06-27T10:07:46+00:00","og_image":[{"width":1200,"height":630,"url":"https:\/\/preprod-www.planetel.it\/wp-content\/uploads\/2024\/05\/evento_Planetel_lonato.png","type":"image\/png"}],"twitter_card":"summary_large_image","twitter_misc":{"Written by":"Andrea Brumana","Est. reading time":"4 minutes"},"schema":{"@context":"https:\/\/schema.org","@graph":[{"@type":"Article","@id":"https:\/\/www.planetel.it\/en\/2023\/05\/planetel-evento-lonato-del-garda\/#article","isPartOf":{"@id":"https:\/\/www.planetel.it\/en\/2023\/05\/planetel-evento-lonato-del-garda\/"},"author":{"name":"Andrea Brumana","@id":"https:\/\/www.planetel.it\/en\/#\/schema\/person\/8e74703d23ff222042246a845bb004fa"},"headline":"Planetel: il futuro \u00e8 di chi innova","datePublished":"2023-05-11T11:10:27+00:00","dateModified":"2024-06-27T10:07:46+00:00","mainEntityOfPage":{"@id":"https:\/\/www.planetel.it\/en\/2023\/05\/planetel-evento-lonato-del-garda\/"},"wordCount":687,"publisher":{"@id":"https:\/\/www.planetel.it\/en\/#organization"},"image":{"@id":"https:\/\/www.planetel.it\/en\/2023\/05\/planetel-evento-lonato-del-garda\/#primaryimage"},"thumbnailUrl":"https:\/\/www.planetel.it\/wp-content\/uploads\/2024\/05\/evento_Planetel_lonato.png","keywords":["Planetel","cloud","Fibra ottica","cyber security","connettivit\u00e0","Infrastruttura","lonato del garda"],"articleSection":["Rivenditori","Planetel"],"inLanguage":"en-US"},{"@type":"WebPage","@id":"https:\/\/www.planetel.it\/en\/2023\/05\/planetel-evento-lonato-del-garda\/","url":"https:\/\/www.planetel.it\/en\/2023\/05\/planetel-evento-lonato-del-garda\/","name":"Planetel: il futuro \u00e8 di chi innova","isPartOf":{"@id":"https:\/\/www.planetel.it\/en\/#website"},"primaryImageOfPage":{"@id":"https:\/\/www.planetel.it\/en\/2023\/05\/planetel-evento-lonato-del-garda\/#primaryimage"},"image":{"@id":"https:\/\/www.planetel.it\/en\/2023\/05\/planetel-evento-lonato-del-garda\/#primaryimage"},"thumbnailUrl":"https:\/\/www.planetel.it\/wp-content\/uploads\/2024\/05\/evento_Planetel_lonato.png","datePublished":"2023-05-11T11:10:27+00:00","dateModified":"2024-06-27T10:07:46+00:00","description":"Si \u00e8 svolto alla Rocca di Lonato del Garda un evento Planetel per presentare le soluzioni dell'azienda a tutti gli shareholder di territorio.","breadcrumb":{"@id":"https:\/\/www.planetel.it\/en\/2023\/05\/planetel-evento-lonato-del-garda\/#breadcrumb"},"inLanguage":"en-US","potentialAction":[{"@type":"ReadAction","target":["https:\/\/www.planetel.it\/en\/2023\/05\/planetel-evento-lonato-del-garda\/"]}]},{"@type":"ImageObject","inLanguage":"en-US","@id":"https:\/\/www.planetel.it\/en\/2023\/05\/planetel-evento-lonato-del-garda\/#primaryimage","url":"https:\/\/www.planetel.it\/wp-content\/uploads\/2024\/05\/evento_Planetel_lonato.png","contentUrl":"https:\/\/www.planetel.it\/wp-content\/uploads\/2024\/05\/evento_Planetel_lonato.png","width":1200,"height":630,"caption":"Planetel"},{"@type":"BreadcrumbList","@id":"https:\/\/www.planetel.it\/en\/2023\/05\/planetel-evento-lonato-del-garda\/#breadcrumb","itemListElement":[{"@type":"ListItem","position":1,"name":"Home","item":"https:\/\/www.planetel.it\/en\/"},{"@type":"ListItem","position":2,"name":"Clienti","item":"https:\/\/www.planetel.it\/news\/blog\/categoria\/clienti\/"},{"@type":"ListItem","position":3,"name":"Rivenditori","item":"https:\/\/www.planetel.it\/news\/blog\/categoria\/rivenditori\/"},{"@type":"ListItem","position":4,"name":"Planetel: il futuro \u00e8 di chi innova"}]},{"@type":"WebSite","@id":"https:\/\/www.planetel.it\/en\/#website","url":"https:\/\/www.planetel.it\/en\/","name":"Planetel","description":"Pi\u00f9 che una connessione","publisher":{"@id":"https:\/\/www.planetel.it\/en\/#organization"},"potentialAction":[{"@type":"SearchAction","target":{"@type":"EntryPoint","urlTemplate":"https:\/\/www.planetel.it\/en\/?s={search_term_string}"},"query-input":{"@type":"PropertyValueSpecification","valueRequired":true,"valueName":"search_term_string"}}],"inLanguage":"en-US"},{"@type":"Organization","@id":"https:\/\/www.planetel.it\/en\/#organization","name":"Planetel S.p.A.","url":"https:\/\/www.planetel.it\/en\/","logo":{"@type":"ImageObject","inLanguage":"en-US","@id":"https:\/\/www.planetel.it\/en\/#\/schema\/logo\/image\/","url":"https:\/\/www.planetel.it\/wp-content\/uploads\/2024\/04\/logo-group-planetel.svg","contentUrl":"https:\/\/www.planetel.it\/wp-content\/uploads\/2024\/04\/logo-group-planetel.svg","width":1,"height":1,"caption":"Planetel S.p.A."},"image":{"@id":"https:\/\/www.planetel.it\/en\/#\/schema\/logo\/image\/"},"sameAs":["https:\/\/www.facebook.com\/planetelspa","https:\/\/www.linkedin.com\/company\/planetel","https:\/\/www.instagram.com\/planetelspa"]},{"@type":"Person","@id":"https:\/\/www.planetel.it\/en\/#\/schema\/person\/8e74703d23ff222042246a845bb004fa","name":"Andrea Brumana","image":{"@type":"ImageObject","inLanguage":"en-US","@id":"https:\/\/secure.gravatar.com\/avatar\/9a839884f24513d8bf063a907c74d8d2483fb1c4bbbf7cf7222c3e08581e4219?s=96&d=mm&r=g","url":"https:\/\/secure.gravatar.com\/avatar\/9a839884f24513d8bf063a907c74d8d2483fb1c4bbbf7cf7222c3e08581e4219?s=96&d=mm&r=g","contentUrl":"https:\/\/secure.gravatar.com\/avatar\/9a839884f24513d8bf063a907c74d8d2483fb1c4bbbf7cf7222c3e08581e4219?s=96&d=mm&r=g","caption":"Andrea Brumana"},"url":"https:\/\/www.planetel.it\/en\/author\/a-brumana\/"}]}},"_links":{"self":[{"href":"https:\/\/www.planetel.it\/en\/wp-json\/wp\/v2\/posts\/14618","targetHints":{"allow":["GET"]}}],"collection":[{"href":"https:\/\/www.planetel.it\/en\/wp-json\/wp\/v2\/posts"}],"about":[{"href":"https:\/\/www.planetel.it\/en\/wp-json\/wp\/v2\/types\/post"}],"author":[{"embeddable":true,"href":"https:\/\/www.planetel.it\/en\/wp-json\/wp\/v2\/users\/4"}],"replies":[{"embeddable":true,"href":"https:\/\/www.planetel.it\/en\/wp-json\/wp\/v2\/comments?post=14618"}],"version-history":[{"count":1,"href":"https:\/\/www.planetel.it\/en\/wp-json\/wp\/v2\/posts\/14618\/revisions"}],"predecessor-version":[{"id":14628,"href":"https:\/\/www.planetel.it\/en\/wp-json\/wp\/v2\/posts\/14618\/revisions\/14628"}],"wp:featuredmedia":[{"embeddable":true,"href":"https:\/\/www.planetel.it\/en\/wp-json\/wp\/v2\/media\/14629"}],"wp:attachment":[{"href":"https:\/\/www.planetel.it\/en\/wp-json\/wp\/v2\/media?parent=14618"}],"wp:term":[{"taxonomy":"category","embeddable":true,"href":"https:\/\/www.planetel.it\/en\/wp-json\/wp\/v2\/categories?post=14618"},{"taxonomy":"post_tag","embeddable":true,"href":"https:\/\/www.planetel.it\/en\/wp-json\/wp\/v2\/tags?post=14618"},{"taxonomy":"service_category","embeddable":true,"href":"https:\/\/www.planetel.it\/en\/wp-json\/wp\/v2\/service_category?post=14618"}],"curies":[{"name":"wp","href":"https:\/\/api.w.org\/{rel}","templated":true}]}}