{"id":14633,"date":"2023-05-18T12:37:38","date_gmt":"2023-05-18T10:37:38","guid":{"rendered":"http:\/\/www.planetel.it\/2023\/05\/alla-scoperta-dei-planetel-point-compucenter\/"},"modified":"2024-06-27T12:05:52","modified_gmt":"2024-06-27T10:05:52","slug":"alla-scoperta-dei-planetel-point-compucenter","status":"publish","type":"post","link":"https:\/\/www.planetel.it\/en\/2023\/05\/alla-scoperta-dei-planetel-point-compucenter\/","title":{"rendered":"Alla scoperta dei Planetel Point \u2013 Compucenter"},"content":{"rendered":"<p>Il nostro &#8220;tour\u201d che vede protagonisti i Planetel Point fa tappa, questa volta, a Lugagnano, un caratteristico borgo di Sona collocato nell\u2019area occidentale della provincia veronese.<\/p>\n<p>Come raccontato nell\u2019articolo precedente di questa rubrica dedicato a <a href=\"https:\/\/www.planetel.it\/alla-scoperta-dei-planetel-point-digital-idea\/\" target=\"_blank\" rel=\"noopener\">Digital Idea di Bussolengo<\/a>, Planetel sta portando avanti ormai da anni un importante progetto infrastrutturale nell\u2019area che dal Garda si sviluppa verso est, investendo risorse economiche e umane per estendere, anche in quel territorio, la propria rete in fibra ottica in maniera vasta e capillare.<\/p>\n<p>Questo \u201csguardo a oriente\u201d da parte dell\u2019azienda bergamasca \u00e8 sostenuto autorevolmente dai numeri in termini sia di km di cavi tirati, sia di nuovi comuni cablati, sia di Point ingaggiati. Un tratto fondamentale, quest\u2019ultimo, per ribadire quei valori di prossimit\u00e0 e vicinanza al cliente che plasmano l\u2019identit\u00e0 e l\u2019immagine di Planetel.<\/p>\n<h2>Compucenter: passione e professionalit\u00e0 al servizio del cliente<\/h2>\n<p>Uno dei principali punti di riferimento Planetel in area veneta \u00e8 <strong>Compucenter<\/strong>, poliedrico point di <strong>Lugagnano di Sona<\/strong> che fa della customer experience uno dei suoi punti di forza.<\/p>\n<p>Planetel Point da sei anni, Compucenter si occupa di riparazione e vendita di computer, notebook, cellulari e tablet, mettendo a disposizione dei clienti anche un\u2019assistenza qualificata, celere e professionale.<\/p>\n<p>L\u2019aspetto peculiare di questo negozio \u00e8, tuttavia, l\u2019attenzione per le persone, poich\u00e9, come afferma <strong>Jonathan Turco<\/strong>\u00a0\u201c<em>La cosa che ci piace di pi\u00f9 del nostro lavoro \u00e8 servire i clienti, cercando di gestire al meglio ogni richiesta che viene fatta e aiutarli nel risolvere e soddisfare le svariate esigenze.<\/em>\u201d<\/p>\n<p>In Compucenter, dunque, sono la <strong>cura dei dettagli<\/strong>, la <strong>disponibilit\u00e0 dei dipendenti<\/strong> e il <strong>riguardo verso il cliente<\/strong> a fare la differenza.<\/p>\n<h2>Una visione comune<\/h2>\n<p>Quello tra Planetel e Compucenter \u00e8, di fatto, un rapporto pluriennale basato su una condivisione di valori comuni. Entrambe le realt\u00e0, infatti, pongono al centro del loro modello di business la qualit\u00e0 dell\u2019offerta proposta, l\u2019efficienza del servizio fornito e l\u2019efficacia dell\u2019assistenza messa a disposizione dei clienti.<\/p>\n<p>Caratteristiche che, riprendendo sempre le parole di Jonathan, hanno portato Compucenter a diventare un Planetel Point in maniera pressoch\u00e9 naturale, intravedendo nel Gruppo bergamasco un interlocutore ideale con cui interfacciarsi per quanto concerne sia il mercato aziendale sia privato.<\/p>\n<p>Relativamente a Planetel, invece, \u00e8 essenziale inserire nella propria rete commerciale partner affidabili che, da un lato, siano disposti ad affiancare l\u2019azienda negli investimenti e nell\u2019espansione che sta attuando in determinati territori, mentre, dall\u2019altro, condividano tutto quell\u2019insieme di ideali e valori che caratterizzano l\u2019identit\u00e0 stessa di Planetel.<\/p>\n<p>Compucenter, in quest\u2019ottica, riflette perfettamente entrambi i fattori e, non a caso, si tratta di un negozio pluripremiato da Planetel per i risultati raggiunti tra i Point di quella specifica zona.<\/p>\n<p style=\"text-align: center;\"><a class=\"btn btn-warning\" href=\"https:\/\/youtu.be\/68T88zgYL5s\" target=\"_blank\" rel=\"noopener\"><strong>Compucenter si racconta<\/strong><\/a><\/p>\n<h2>Qualche dettaglio in pi\u00f9<\/h2>\n<p>Compucenter \u00e8 un Planetel Point situato a Lugagnano di Sona (VR), in Via Festara 15.<\/p>\n<p>Per ulteriori informazioni, visitate il loro <a href=\"https:\/\/www.compucenter.it\/\" target=\"_blank\" rel=\"noopener\">sito web<\/a>.<\/p>\n","protected":false},"excerpt":{"rendered":"<p>Il nostro &#8220;tour\u201d che vede protagonisti i Planetel Point fa tappa, questa volta, a Lugagnano, un caratteristico borgo di Sona collocato nell\u2019area occidentale della provincia veronese. Come raccontato nell\u2019articolo precedente di questa rubrica dedicato a Digital Idea di Bussolengo, Planetel sta portando avanti ormai da anni un importante progetto infrastrutturale nell\u2019area che dal Garda si [&hellip;]<\/p>\n","protected":false},"author":4,"featured_media":14634,"comment_status":"closed","ping_status":"closed","sticky":false,"template":"","format":"standard","meta":{"_acf_changed":false,"footnotes":""},"categories":[692,693,695,716,717,672],"tags":[358,379,407,421,433,435,452,453,454,455],"service_category":[312],"class_list":["post-14633","post","type-post","status-publish","format-standard","has-post-thumbnail","hentry","category-connettivita-fibra-ottica","category-connettivita-radio-wireless","category-telefonia","category-privati","category-attivita-commerciali","category-planetel","tag-planetel","tag-fibra-ottica","tag-point","tag-connettivita","tag-planetel-point","tag-verona","tag-compucenter","tag-computer","tag-smartphone","tag-tablet","service_category-telecomunicazioni"],"acf":[],"yoast_head":"<!-- This site is optimized with the Yoast SEO plugin v27.3 - https:\/\/yoast.com\/product\/yoast-seo-wordpress\/ -->\n<title>Alla scoperta dei Planetel Point \u2013 Compucenter<\/title>\n<meta name=\"description\" content=\"Il viaggio tra i Planetel Point riprende a Lugagnano di Sona (VR) da Compucenter, partner commerciale Planetel da 6 anni, Scopri di pi\u00f9.\" \/>\n<meta name=\"robots\" content=\"index, follow, max-snippet:-1, max-image-preview:large, max-video-preview:-1\" \/>\n<link rel=\"canonical\" href=\"https:\/\/www.planetel.it\/en\/2023\/05\/alla-scoperta-dei-planetel-point-compucenter\/\" \/>\n<meta property=\"og:locale\" content=\"en_US\" \/>\n<meta property=\"og:type\" content=\"article\" \/>\n<meta property=\"og:title\" content=\"Alla scoperta dei Planetel Point \u2013 Compucenter\" \/>\n<meta property=\"og:description\" content=\"Il viaggio tra i Planetel Point riprende a Lugagnano di Sona (VR) da Compucenter, partner commerciale Planetel da 6 anni, Scopri di pi\u00f9.\" \/>\n<meta property=\"og:url\" content=\"https:\/\/www.planetel.it\/en\/2023\/05\/alla-scoperta-dei-planetel-point-compucenter\/\" \/>\n<meta property=\"og:site_name\" content=\"Planetel\" \/>\n<meta property=\"article:publisher\" content=\"https:\/\/www.facebook.com\/planetelspa\" \/>\n<meta property=\"article:published_time\" content=\"2023-05-18T10:37:38+00:00\" \/>\n<meta property=\"article:modified_time\" content=\"2024-06-27T10:05:52+00:00\" \/>\n<meta property=\"og:image\" content=\"https:\/\/preprod-www.planetel.it\/wp-content\/uploads\/2024\/05\/compucenter-news.png\" \/>\n\t<meta property=\"og:image:width\" content=\"1200\" \/>\n\t<meta property=\"og:image:height\" content=\"630\" \/>\n\t<meta property=\"og:image:type\" content=\"image\/png\" \/>\n<meta name=\"twitter:card\" content=\"summary_large_image\" \/>\n<meta name=\"twitter:label1\" content=\"Written by\" \/>\n\t<meta name=\"twitter:data1\" content=\"Andrea Brumana\" \/>\n\t<meta name=\"twitter:label2\" content=\"Est. reading time\" \/>\n\t<meta name=\"twitter:data2\" content=\"3 minutes\" \/>\n<script type=\"application\/ld+json\" class=\"yoast-schema-graph\">{\"@context\":\"https:\\\/\\\/schema.org\",\"@graph\":[{\"@type\":\"Article\",\"@id\":\"https:\\\/\\\/www.planetel.it\\\/en\\\/2023\\\/05\\\/alla-scoperta-dei-planetel-point-compucenter\\\/#article\",\"isPartOf\":{\"@id\":\"https:\\\/\\\/www.planetel.it\\\/en\\\/2023\\\/05\\\/alla-scoperta-dei-planetel-point-compucenter\\\/\"},\"author\":{\"name\":\"Andrea Brumana\",\"@id\":\"https:\\\/\\\/www.planetel.it\\\/en\\\/#\\\/schema\\\/person\\\/8e74703d23ff222042246a845bb004fa\"},\"headline\":\"Alla scoperta dei Planetel Point \u2013 Compucenter\",\"datePublished\":\"2023-05-18T10:37:38+00:00\",\"dateModified\":\"2024-06-27T10:05:52+00:00\",\"mainEntityOfPage\":{\"@id\":\"https:\\\/\\\/www.planetel.it\\\/en\\\/2023\\\/05\\\/alla-scoperta-dei-planetel-point-compucenter\\\/\"},\"wordCount\":482,\"publisher\":{\"@id\":\"https:\\\/\\\/www.planetel.it\\\/en\\\/#organization\"},\"image\":{\"@id\":\"https:\\\/\\\/www.planetel.it\\\/en\\\/2023\\\/05\\\/alla-scoperta-dei-planetel-point-compucenter\\\/#primaryimage\"},\"thumbnailUrl\":\"https:\\\/\\\/www.planetel.it\\\/wp-content\\\/uploads\\\/2024\\\/05\\\/compucenter-news.png\",\"keywords\":[\"Planetel\",\"Fibra ottica\",\"point\",\"connettivit\u00e0\",\"Planetel Point\",\"verona\",\"Compucenter\",\"computer\",\"Smartphone\",\"Tablet\"],\"articleSection\":[\"Connettivit\u00e0 Fibra ottica\",\"Connettivit\u00e0 Radio (Wireless)\",\"Telefonia\",\"Privati\",\"Attivit\u00e0 commerciali\",\"Planetel\"],\"inLanguage\":\"en-US\"},{\"@type\":\"WebPage\",\"@id\":\"https:\\\/\\\/www.planetel.it\\\/en\\\/2023\\\/05\\\/alla-scoperta-dei-planetel-point-compucenter\\\/\",\"url\":\"https:\\\/\\\/www.planetel.it\\\/en\\\/2023\\\/05\\\/alla-scoperta-dei-planetel-point-compucenter\\\/\",\"name\":\"Alla scoperta dei Planetel Point \u2013 Compucenter\",\"isPartOf\":{\"@id\":\"https:\\\/\\\/www.planetel.it\\\/en\\\/#website\"},\"primaryImageOfPage\":{\"@id\":\"https:\\\/\\\/www.planetel.it\\\/en\\\/2023\\\/05\\\/alla-scoperta-dei-planetel-point-compucenter\\\/#primaryimage\"},\"image\":{\"@id\":\"https:\\\/\\\/www.planetel.it\\\/en\\\/2023\\\/05\\\/alla-scoperta-dei-planetel-point-compucenter\\\/#primaryimage\"},\"thumbnailUrl\":\"https:\\\/\\\/www.planetel.it\\\/wp-content\\\/uploads\\\/2024\\\/05\\\/compucenter-news.png\",\"datePublished\":\"2023-05-18T10:37:38+00:00\",\"dateModified\":\"2024-06-27T10:05:52+00:00\",\"description\":\"Il viaggio tra i Planetel Point riprende a Lugagnano di Sona (VR) da Compucenter, partner commerciale Planetel da 6 anni, Scopri di pi\u00f9.\",\"breadcrumb\":{\"@id\":\"https:\\\/\\\/www.planetel.it\\\/en\\\/2023\\\/05\\\/alla-scoperta-dei-planetel-point-compucenter\\\/#breadcrumb\"},\"inLanguage\":\"en-US\",\"potentialAction\":[{\"@type\":\"ReadAction\",\"target\":[\"https:\\\/\\\/www.planetel.it\\\/en\\\/2023\\\/05\\\/alla-scoperta-dei-planetel-point-compucenter\\\/\"]}]},{\"@type\":\"ImageObject\",\"inLanguage\":\"en-US\",\"@id\":\"https:\\\/\\\/www.planetel.it\\\/en\\\/2023\\\/05\\\/alla-scoperta-dei-planetel-point-compucenter\\\/#primaryimage\",\"url\":\"https:\\\/\\\/www.planetel.it\\\/wp-content\\\/uploads\\\/2024\\\/05\\\/compucenter-news.png\",\"contentUrl\":\"https:\\\/\\\/www.planetel.it\\\/wp-content\\\/uploads\\\/2024\\\/05\\\/compucenter-news.png\",\"width\":1200,\"height\":630,\"caption\":\"Compucenter\"},{\"@type\":\"BreadcrumbList\",\"@id\":\"https:\\\/\\\/www.planetel.it\\\/en\\\/2023\\\/05\\\/alla-scoperta-dei-planetel-point-compucenter\\\/#breadcrumb\",\"itemListElement\":[{\"@type\":\"ListItem\",\"position\":1,\"name\":\"Home\",\"item\":\"https:\\\/\\\/www.planetel.it\\\/en\\\/\"},{\"@type\":\"ListItem\",\"position\":2,\"name\":\"Servizi\",\"item\":\"https:\\\/\\\/www.planetel.it\\\/news\\\/blog\\\/categoria\\\/servizi\\\/\"},{\"@type\":\"ListItem\",\"position\":3,\"name\":\"Connettivit\u00e0 Fibra ottica\",\"item\":\"https:\\\/\\\/www.planetel.it\\\/news\\\/blog\\\/categoria\\\/connettivita-fibra-ottica\\\/\"},{\"@type\":\"ListItem\",\"position\":4,\"name\":\"Alla scoperta dei Planetel Point \u2013 Compucenter\"}]},{\"@type\":\"WebSite\",\"@id\":\"https:\\\/\\\/www.planetel.it\\\/en\\\/#website\",\"url\":\"https:\\\/\\\/www.planetel.it\\\/en\\\/\",\"name\":\"Planetel\",\"description\":\"Pi\u00f9 che una connessione\",\"publisher\":{\"@id\":\"https:\\\/\\\/www.planetel.it\\\/en\\\/#organization\"},\"potentialAction\":[{\"@type\":\"SearchAction\",\"target\":{\"@type\":\"EntryPoint\",\"urlTemplate\":\"https:\\\/\\\/www.planetel.it\\\/en\\\/?s={search_term_string}\"},\"query-input\":{\"@type\":\"PropertyValueSpecification\",\"valueRequired\":true,\"valueName\":\"search_term_string\"}}],\"inLanguage\":\"en-US\"},{\"@type\":\"Organization\",\"@id\":\"https:\\\/\\\/www.planetel.it\\\/en\\\/#organization\",\"name\":\"Planetel S.p.A.\",\"url\":\"https:\\\/\\\/www.planetel.it\\\/en\\\/\",\"logo\":{\"@type\":\"ImageObject\",\"inLanguage\":\"en-US\",\"@id\":\"https:\\\/\\\/www.planetel.it\\\/en\\\/#\\\/schema\\\/logo\\\/image\\\/\",\"url\":\"https:\\\/\\\/www.planetel.it\\\/wp-content\\\/uploads\\\/2024\\\/04\\\/logo-group-planetel.svg\",\"contentUrl\":\"https:\\\/\\\/www.planetel.it\\\/wp-content\\\/uploads\\\/2024\\\/04\\\/logo-group-planetel.svg\",\"width\":1,\"height\":1,\"caption\":\"Planetel S.p.A.\"},\"image\":{\"@id\":\"https:\\\/\\\/www.planetel.it\\\/en\\\/#\\\/schema\\\/logo\\\/image\\\/\"},\"sameAs\":[\"https:\\\/\\\/www.facebook.com\\\/planetelspa\",\"https:\\\/\\\/www.linkedin.com\\\/company\\\/planetel\",\"https:\\\/\\\/www.instagram.com\\\/planetelspa\"]},{\"@type\":\"Person\",\"@id\":\"https:\\\/\\\/www.planetel.it\\\/en\\\/#\\\/schema\\\/person\\\/8e74703d23ff222042246a845bb004fa\",\"name\":\"Andrea Brumana\",\"image\":{\"@type\":\"ImageObject\",\"inLanguage\":\"en-US\",\"@id\":\"https:\\\/\\\/secure.gravatar.com\\\/avatar\\\/9a839884f24513d8bf063a907c74d8d2483fb1c4bbbf7cf7222c3e08581e4219?s=96&d=mm&r=g\",\"url\":\"https:\\\/\\\/secure.gravatar.com\\\/avatar\\\/9a839884f24513d8bf063a907c74d8d2483fb1c4bbbf7cf7222c3e08581e4219?s=96&d=mm&r=g\",\"contentUrl\":\"https:\\\/\\\/secure.gravatar.com\\\/avatar\\\/9a839884f24513d8bf063a907c74d8d2483fb1c4bbbf7cf7222c3e08581e4219?s=96&d=mm&r=g\",\"caption\":\"Andrea Brumana\"},\"url\":\"https:\\\/\\\/www.planetel.it\\\/en\\\/author\\\/a-brumana\\\/\"}]}<\/script>\n<!-- \/ Yoast SEO plugin. -->","yoast_head_json":{"title":"Alla scoperta dei Planetel Point \u2013 Compucenter","description":"Il viaggio tra i Planetel Point riprende a Lugagnano di Sona (VR) da Compucenter, partner commerciale Planetel da 6 anni, Scopri di pi\u00f9.","robots":{"index":"index","follow":"follow","max-snippet":"max-snippet:-1","max-image-preview":"max-image-preview:large","max-video-preview":"max-video-preview:-1"},"canonical":"https:\/\/www.planetel.it\/en\/2023\/05\/alla-scoperta-dei-planetel-point-compucenter\/","og_locale":"en_US","og_type":"article","og_title":"Alla scoperta dei Planetel Point \u2013 Compucenter","og_description":"Il viaggio tra i Planetel Point riprende a Lugagnano di Sona (VR) da Compucenter, partner commerciale Planetel da 6 anni, Scopri di pi\u00f9.","og_url":"https:\/\/www.planetel.it\/en\/2023\/05\/alla-scoperta-dei-planetel-point-compucenter\/","og_site_name":"Planetel","article_publisher":"https:\/\/www.facebook.com\/planetelspa","article_published_time":"2023-05-18T10:37:38+00:00","article_modified_time":"2024-06-27T10:05:52+00:00","og_image":[{"width":1200,"height":630,"url":"https:\/\/preprod-www.planetel.it\/wp-content\/uploads\/2024\/05\/compucenter-news.png","type":"image\/png"}],"twitter_card":"summary_large_image","twitter_misc":{"Written by":"Andrea Brumana","Est. reading time":"3 minutes"},"schema":{"@context":"https:\/\/schema.org","@graph":[{"@type":"Article","@id":"https:\/\/www.planetel.it\/en\/2023\/05\/alla-scoperta-dei-planetel-point-compucenter\/#article","isPartOf":{"@id":"https:\/\/www.planetel.it\/en\/2023\/05\/alla-scoperta-dei-planetel-point-compucenter\/"},"author":{"name":"Andrea Brumana","@id":"https:\/\/www.planetel.it\/en\/#\/schema\/person\/8e74703d23ff222042246a845bb004fa"},"headline":"Alla scoperta dei Planetel Point \u2013 Compucenter","datePublished":"2023-05-18T10:37:38+00:00","dateModified":"2024-06-27T10:05:52+00:00","mainEntityOfPage":{"@id":"https:\/\/www.planetel.it\/en\/2023\/05\/alla-scoperta-dei-planetel-point-compucenter\/"},"wordCount":482,"publisher":{"@id":"https:\/\/www.planetel.it\/en\/#organization"},"image":{"@id":"https:\/\/www.planetel.it\/en\/2023\/05\/alla-scoperta-dei-planetel-point-compucenter\/#primaryimage"},"thumbnailUrl":"https:\/\/www.planetel.it\/wp-content\/uploads\/2024\/05\/compucenter-news.png","keywords":["Planetel","Fibra ottica","point","connettivit\u00e0","Planetel Point","verona","Compucenter","computer","Smartphone","Tablet"],"articleSection":["Connettivit\u00e0 Fibra ottica","Connettivit\u00e0 Radio (Wireless)","Telefonia","Privati","Attivit\u00e0 commerciali","Planetel"],"inLanguage":"en-US"},{"@type":"WebPage","@id":"https:\/\/www.planetel.it\/en\/2023\/05\/alla-scoperta-dei-planetel-point-compucenter\/","url":"https:\/\/www.planetel.it\/en\/2023\/05\/alla-scoperta-dei-planetel-point-compucenter\/","name":"Alla scoperta dei Planetel Point \u2013 Compucenter","isPartOf":{"@id":"https:\/\/www.planetel.it\/en\/#website"},"primaryImageOfPage":{"@id":"https:\/\/www.planetel.it\/en\/2023\/05\/alla-scoperta-dei-planetel-point-compucenter\/#primaryimage"},"image":{"@id":"https:\/\/www.planetel.it\/en\/2023\/05\/alla-scoperta-dei-planetel-point-compucenter\/#primaryimage"},"thumbnailUrl":"https:\/\/www.planetel.it\/wp-content\/uploads\/2024\/05\/compucenter-news.png","datePublished":"2023-05-18T10:37:38+00:00","dateModified":"2024-06-27T10:05:52+00:00","description":"Il viaggio tra i Planetel Point riprende a Lugagnano di Sona (VR) da Compucenter, partner commerciale Planetel da 6 anni, Scopri di pi\u00f9.","breadcrumb":{"@id":"https:\/\/www.planetel.it\/en\/2023\/05\/alla-scoperta-dei-planetel-point-compucenter\/#breadcrumb"},"inLanguage":"en-US","potentialAction":[{"@type":"ReadAction","target":["https:\/\/www.planetel.it\/en\/2023\/05\/alla-scoperta-dei-planetel-point-compucenter\/"]}]},{"@type":"ImageObject","inLanguage":"en-US","@id":"https:\/\/www.planetel.it\/en\/2023\/05\/alla-scoperta-dei-planetel-point-compucenter\/#primaryimage","url":"https:\/\/www.planetel.it\/wp-content\/uploads\/2024\/05\/compucenter-news.png","contentUrl":"https:\/\/www.planetel.it\/wp-content\/uploads\/2024\/05\/compucenter-news.png","width":1200,"height":630,"caption":"Compucenter"},{"@type":"BreadcrumbList","@id":"https:\/\/www.planetel.it\/en\/2023\/05\/alla-scoperta-dei-planetel-point-compucenter\/#breadcrumb","itemListElement":[{"@type":"ListItem","position":1,"name":"Home","item":"https:\/\/www.planetel.it\/en\/"},{"@type":"ListItem","position":2,"name":"Servizi","item":"https:\/\/www.planetel.it\/news\/blog\/categoria\/servizi\/"},{"@type":"ListItem","position":3,"name":"Connettivit\u00e0 Fibra ottica","item":"https:\/\/www.planetel.it\/news\/blog\/categoria\/connettivita-fibra-ottica\/"},{"@type":"ListItem","position":4,"name":"Alla scoperta dei Planetel Point \u2013 Compucenter"}]},{"@type":"WebSite","@id":"https:\/\/www.planetel.it\/en\/#website","url":"https:\/\/www.planetel.it\/en\/","name":"Planetel","description":"Pi\u00f9 che una connessione","publisher":{"@id":"https:\/\/www.planetel.it\/en\/#organization"},"potentialAction":[{"@type":"SearchAction","target":{"@type":"EntryPoint","urlTemplate":"https:\/\/www.planetel.it\/en\/?s={search_term_string}"},"query-input":{"@type":"PropertyValueSpecification","valueRequired":true,"valueName":"search_term_string"}}],"inLanguage":"en-US"},{"@type":"Organization","@id":"https:\/\/www.planetel.it\/en\/#organization","name":"Planetel S.p.A.","url":"https:\/\/www.planetel.it\/en\/","logo":{"@type":"ImageObject","inLanguage":"en-US","@id":"https:\/\/www.planetel.it\/en\/#\/schema\/logo\/image\/","url":"https:\/\/www.planetel.it\/wp-content\/uploads\/2024\/04\/logo-group-planetel.svg","contentUrl":"https:\/\/www.planetel.it\/wp-content\/uploads\/2024\/04\/logo-group-planetel.svg","width":1,"height":1,"caption":"Planetel S.p.A."},"image":{"@id":"https:\/\/www.planetel.it\/en\/#\/schema\/logo\/image\/"},"sameAs":["https:\/\/www.facebook.com\/planetelspa","https:\/\/www.linkedin.com\/company\/planetel","https:\/\/www.instagram.com\/planetelspa"]},{"@type":"Person","@id":"https:\/\/www.planetel.it\/en\/#\/schema\/person\/8e74703d23ff222042246a845bb004fa","name":"Andrea Brumana","image":{"@type":"ImageObject","inLanguage":"en-US","@id":"https:\/\/secure.gravatar.com\/avatar\/9a839884f24513d8bf063a907c74d8d2483fb1c4bbbf7cf7222c3e08581e4219?s=96&d=mm&r=g","url":"https:\/\/secure.gravatar.com\/avatar\/9a839884f24513d8bf063a907c74d8d2483fb1c4bbbf7cf7222c3e08581e4219?s=96&d=mm&r=g","contentUrl":"https:\/\/secure.gravatar.com\/avatar\/9a839884f24513d8bf063a907c74d8d2483fb1c4bbbf7cf7222c3e08581e4219?s=96&d=mm&r=g","caption":"Andrea Brumana"},"url":"https:\/\/www.planetel.it\/en\/author\/a-brumana\/"}]}},"_links":{"self":[{"href":"https:\/\/www.planetel.it\/en\/wp-json\/wp\/v2\/posts\/14633","targetHints":{"allow":["GET"]}}],"collection":[{"href":"https:\/\/www.planetel.it\/en\/wp-json\/wp\/v2\/posts"}],"about":[{"href":"https:\/\/www.planetel.it\/en\/wp-json\/wp\/v2\/types\/post"}],"author":[{"embeddable":true,"href":"https:\/\/www.planetel.it\/en\/wp-json\/wp\/v2\/users\/4"}],"replies":[{"embeddable":true,"href":"https:\/\/www.planetel.it\/en\/wp-json\/wp\/v2\/comments?post=14633"}],"version-history":[{"count":1,"href":"https:\/\/www.planetel.it\/en\/wp-json\/wp\/v2\/posts\/14633\/revisions"}],"predecessor-version":[{"id":17713,"href":"https:\/\/www.planetel.it\/en\/wp-json\/wp\/v2\/posts\/14633\/revisions\/17713"}],"wp:featuredmedia":[{"embeddable":true,"href":"https:\/\/www.planetel.it\/en\/wp-json\/wp\/v2\/media\/14634"}],"wp:attachment":[{"href":"https:\/\/www.planetel.it\/en\/wp-json\/wp\/v2\/media?parent=14633"}],"wp:term":[{"taxonomy":"category","embeddable":true,"href":"https:\/\/www.planetel.it\/en\/wp-json\/wp\/v2\/categories?post=14633"},{"taxonomy":"post_tag","embeddable":true,"href":"https:\/\/www.planetel.it\/en\/wp-json\/wp\/v2\/tags?post=14633"},{"taxonomy":"service_category","embeddable":true,"href":"https:\/\/www.planetel.it\/en\/wp-json\/wp\/v2\/service_category?post=14633"}],"curies":[{"name":"wp","href":"https:\/\/api.w.org\/{rel}","templated":true}]}}