{"id":14659,"date":"2023-05-31T08:23:22","date_gmt":"2023-05-31T06:23:22","guid":{"rendered":"http:\/\/www.planetel.it\/2023\/05\/planetel-sponsor-di-art2night-2023\/"},"modified":"2024-06-27T12:04:31","modified_gmt":"2024-06-27T10:04:31","slug":"planetel-sponsor-di-art2night-2023","status":"publish","type":"post","link":"https:\/\/www.planetel.it\/en\/2023\/05\/planetel-sponsor-di-art2night-2023\/","title":{"rendered":"Planetel sponsor di Art2night 2023"},"content":{"rendered":"<p>Sabato 27 maggio si \u00e8 tenuta la decima edizione dell\u2019<a href=\"https:\/\/www.art2night.it\/\" target=\"_blank\" rel=\"noopener\"><em><strong>Art2night \u2013 la notte bianca dell\u2019arte<\/strong><\/em><\/a>, un momento extra ordinario finalizzato a promuovere la <strong>creativit\u00e0<\/strong>, l\u2019<strong>arte<\/strong> e la <strong>passione<\/strong> accendendo i riflettori sui tantissimi tesori che Bergamo custodisce.<\/p>\n<p>Questa manifestazione nasce nel 2014 da un\u2019idea dell\u2019<strong>Associazione Culturale Art Maiora<\/strong> e quest\u2019anno si inserisce nel pi\u00f9 ampio contesto di <strong>Bergamo Brescia Capitale Italiana della Cultura 2023<\/strong>. Un\u2019occasione pressoch\u00e9 unica, dunque, per dare ulteriore risalto ed evidenza al patrimonio storico-artistico del territorio, non soltanto per quanto riguarda i luoghi pi\u00f9 iconici e conosciuti della citt\u00e0 ma anche relativamente a quegli ambienti che restano solitamente ai margini della scena turistica \u201ctradizionale\u201d.<\/p>\n<p>Pertanto, tra le 17.00 e le 24.00 di sabato, Bergamo ha messo tutta la sua bellezza a disposizione di chiunque desiderasse fruirne, prevedendo <strong>4 tipologie di percorsi culturali<\/strong> specifici: <strong>arte, tour, musica, spettacolo<\/strong>. Sette ore, quindi, trascorse tra <strong>oltre quaranta eventi dedicati<\/strong>, con aperture straordinarie di edifici e mostre, rappresentazioni teatrali e musicali, itinerari folkloristici e religiosi, danza, fotografia, gastronomia e molto altro ancora.<\/p>\n<p>L\u2019Art2night \u00e8 stato indubbiamente, come ogni anno, un successo. Il merito va sicuramente a tutti coloro che vi hanno partecipato, dedicando il loro tempo a riscoprire il valore storico e artistico della citt\u00e0 di Bergamo. Tale successo, tuttavia, deriva anche dall\u2019impegno corale di tantissime realt\u00e0 che condividono il desiderio di investire negli aspetti culturali e sociali del territorio. Di queste non poteva non far parte Planetel, azienda che fa della territorialit\u00e0, della prossimit\u00e0 e della relazionalit\u00e0 un tratto fondamentale della propria identit\u00e0. Siamo, infatti, orgogliosi di aver contribuito alla riuscita di una manifestazione che pone al centro il nostro territorio, dando prestigio a quei <strong>valori socioculturali che condividiamo e sui quali investiamo quotidianamente.<\/strong><\/p>\n","protected":false},"excerpt":{"rendered":"<p>Sabato 27 maggio si \u00e8 tenuta la decima edizione dell\u2019Art2night \u2013 la notte bianca dell\u2019arte, un momento extra ordinario finalizzato a promuovere la creativit\u00e0, l\u2019arte e la passione accendendo i riflettori sui tantissimi tesori che Bergamo custodisce. Questa manifestazione nasce nel 2014 da un\u2019idea dell\u2019Associazione Culturale Art Maiora e quest\u2019anno si inserisce nel pi\u00f9 ampio [&hellip;]<\/p>\n","protected":false},"author":4,"featured_media":14660,"comment_status":"closed","ping_status":"closed","sticky":false,"template":"","format":"standard","meta":{"_acf_changed":false,"footnotes":""},"categories":[672,729],"tags":[467,466,465,464,463,462,358],"service_category":[],"class_list":["post-14659","post","type-post","status-publish","format-standard","has-post-thumbnail","hentry","category-planetel","category-sponsorizzazioni","tag-societa","tag-cultura","tag-bergamobresciacapitale","tag-bergamo","tag-arte","tag-art2night","tag-planetel"],"acf":[],"yoast_head":"<!-- This site is optimized with the Yoast SEO plugin v27.3 - https:\/\/yoast.com\/product\/yoast-seo-wordpress\/ -->\n<title>Planetel sponsor di Art2night 2023<\/title>\n<meta name=\"description\" content=\"Planetel \u00e8 orgoglioso di aver collaborato alla riuscita di Art2night, un evento che pone al centro il territorio bergamasco. Scopri di pi\u00f9.\" \/>\n<meta name=\"robots\" content=\"index, follow, max-snippet:-1, max-image-preview:large, max-video-preview:-1\" \/>\n<link rel=\"canonical\" href=\"https:\/\/www.planetel.it\/en\/2023\/05\/planetel-sponsor-di-art2night-2023\/\" \/>\n<meta property=\"og:locale\" content=\"en_US\" \/>\n<meta property=\"og:type\" content=\"article\" \/>\n<meta property=\"og:title\" content=\"Planetel sponsor di Art2night 2023\" \/>\n<meta property=\"og:description\" content=\"Planetel \u00e8 orgoglioso di aver collaborato alla riuscita di Art2night, un evento che pone al centro il territorio bergamasco. Scopri di pi\u00f9.\" \/>\n<meta property=\"og:url\" content=\"https:\/\/www.planetel.it\/en\/2023\/05\/planetel-sponsor-di-art2night-2023\/\" \/>\n<meta property=\"og:site_name\" content=\"Planetel\" \/>\n<meta property=\"article:publisher\" content=\"https:\/\/www.facebook.com\/planetelspa\" \/>\n<meta property=\"article:published_time\" content=\"2023-05-31T06:23:22+00:00\" \/>\n<meta property=\"article:modified_time\" content=\"2024-06-27T10:04:31+00:00\" \/>\n<meta property=\"og:image\" content=\"https:\/\/preprod-www.planetel.it\/wp-content\/uploads\/2024\/05\/foto-articolo-art2night.png\" \/>\n\t<meta property=\"og:image:width\" content=\"1200\" \/>\n\t<meta property=\"og:image:height\" content=\"630\" \/>\n\t<meta property=\"og:image:type\" content=\"image\/png\" \/>\n<meta name=\"twitter:card\" content=\"summary_large_image\" \/>\n<meta name=\"twitter:label1\" content=\"Written by\" \/>\n\t<meta name=\"twitter:data1\" content=\"Andrea Brumana\" \/>\n\t<meta name=\"twitter:label2\" content=\"Est. reading time\" \/>\n\t<meta name=\"twitter:data2\" content=\"2 minutes\" \/>\n<script type=\"application\/ld+json\" class=\"yoast-schema-graph\">{\"@context\":\"https:\\\/\\\/schema.org\",\"@graph\":[{\"@type\":\"Article\",\"@id\":\"https:\\\/\\\/www.planetel.it\\\/en\\\/2023\\\/05\\\/planetel-sponsor-di-art2night-2023\\\/#article\",\"isPartOf\":{\"@id\":\"https:\\\/\\\/www.planetel.it\\\/en\\\/2023\\\/05\\\/planetel-sponsor-di-art2night-2023\\\/\"},\"author\":{\"name\":\"Andrea Brumana\",\"@id\":\"https:\\\/\\\/www.planetel.it\\\/en\\\/#\\\/schema\\\/person\\\/8e74703d23ff222042246a845bb004fa\"},\"headline\":\"Planetel sponsor di Art2night 2023\",\"datePublished\":\"2023-05-31T06:23:22+00:00\",\"dateModified\":\"2024-06-27T10:04:31+00:00\",\"mainEntityOfPage\":{\"@id\":\"https:\\\/\\\/www.planetel.it\\\/en\\\/2023\\\/05\\\/planetel-sponsor-di-art2night-2023\\\/\"},\"wordCount\":291,\"publisher\":{\"@id\":\"https:\\\/\\\/www.planetel.it\\\/en\\\/#organization\"},\"image\":{\"@id\":\"https:\\\/\\\/www.planetel.it\\\/en\\\/2023\\\/05\\\/planetel-sponsor-di-art2night-2023\\\/#primaryimage\"},\"thumbnailUrl\":\"https:\\\/\\\/www.planetel.it\\\/wp-content\\\/uploads\\\/2024\\\/05\\\/foto-articolo-art2night.png\",\"keywords\":[\"societ\u00e0\",\"cultura\",\"bergamobresciacapitale\",\"bergamo\",\"arte\",\"art2night\",\"Planetel\"],\"articleSection\":[\"Planetel\",\"Sponsorizzazioni\"],\"inLanguage\":\"en-US\"},{\"@type\":\"WebPage\",\"@id\":\"https:\\\/\\\/www.planetel.it\\\/en\\\/2023\\\/05\\\/planetel-sponsor-di-art2night-2023\\\/\",\"url\":\"https:\\\/\\\/www.planetel.it\\\/en\\\/2023\\\/05\\\/planetel-sponsor-di-art2night-2023\\\/\",\"name\":\"Planetel sponsor di Art2night 2023\",\"isPartOf\":{\"@id\":\"https:\\\/\\\/www.planetel.it\\\/en\\\/#website\"},\"primaryImageOfPage\":{\"@id\":\"https:\\\/\\\/www.planetel.it\\\/en\\\/2023\\\/05\\\/planetel-sponsor-di-art2night-2023\\\/#primaryimage\"},\"image\":{\"@id\":\"https:\\\/\\\/www.planetel.it\\\/en\\\/2023\\\/05\\\/planetel-sponsor-di-art2night-2023\\\/#primaryimage\"},\"thumbnailUrl\":\"https:\\\/\\\/www.planetel.it\\\/wp-content\\\/uploads\\\/2024\\\/05\\\/foto-articolo-art2night.png\",\"datePublished\":\"2023-05-31T06:23:22+00:00\",\"dateModified\":\"2024-06-27T10:04:31+00:00\",\"description\":\"Planetel \u00e8 orgoglioso di aver collaborato alla riuscita di Art2night, un evento che pone al centro il territorio bergamasco. Scopri di pi\u00f9.\",\"breadcrumb\":{\"@id\":\"https:\\\/\\\/www.planetel.it\\\/en\\\/2023\\\/05\\\/planetel-sponsor-di-art2night-2023\\\/#breadcrumb\"},\"inLanguage\":\"en-US\",\"potentialAction\":[{\"@type\":\"ReadAction\",\"target\":[\"https:\\\/\\\/www.planetel.it\\\/en\\\/2023\\\/05\\\/planetel-sponsor-di-art2night-2023\\\/\"]}]},{\"@type\":\"ImageObject\",\"inLanguage\":\"en-US\",\"@id\":\"https:\\\/\\\/www.planetel.it\\\/en\\\/2023\\\/05\\\/planetel-sponsor-di-art2night-2023\\\/#primaryimage\",\"url\":\"https:\\\/\\\/www.planetel.it\\\/wp-content\\\/uploads\\\/2024\\\/05\\\/foto-articolo-art2night.png\",\"contentUrl\":\"https:\\\/\\\/www.planetel.it\\\/wp-content\\\/uploads\\\/2024\\\/05\\\/foto-articolo-art2night.png\",\"width\":1200,\"height\":630,\"caption\":\"Art2night\"},{\"@type\":\"BreadcrumbList\",\"@id\":\"https:\\\/\\\/www.planetel.it\\\/en\\\/2023\\\/05\\\/planetel-sponsor-di-art2night-2023\\\/#breadcrumb\",\"itemListElement\":[{\"@type\":\"ListItem\",\"position\":1,\"name\":\"Home\",\"item\":\"https:\\\/\\\/www.planetel.it\\\/en\\\/\"},{\"@type\":\"ListItem\",\"position\":2,\"name\":\"Azienda\",\"item\":\"https:\\\/\\\/www.planetel.it\\\/news\\\/blog\\\/categoria\\\/azienda\\\/\"},{\"@type\":\"ListItem\",\"position\":3,\"name\":\"Planetel\",\"item\":\"https:\\\/\\\/www.planetel.it\\\/news\\\/blog\\\/categoria\\\/planetel\\\/\"},{\"@type\":\"ListItem\",\"position\":4,\"name\":\"Planetel sponsor di Art2night 2023\"}]},{\"@type\":\"WebSite\",\"@id\":\"https:\\\/\\\/www.planetel.it\\\/en\\\/#website\",\"url\":\"https:\\\/\\\/www.planetel.it\\\/en\\\/\",\"name\":\"Planetel\",\"description\":\"Pi\u00f9 che una connessione\",\"publisher\":{\"@id\":\"https:\\\/\\\/www.planetel.it\\\/en\\\/#organization\"},\"potentialAction\":[{\"@type\":\"SearchAction\",\"target\":{\"@type\":\"EntryPoint\",\"urlTemplate\":\"https:\\\/\\\/www.planetel.it\\\/en\\\/?s={search_term_string}\"},\"query-input\":{\"@type\":\"PropertyValueSpecification\",\"valueRequired\":true,\"valueName\":\"search_term_string\"}}],\"inLanguage\":\"en-US\"},{\"@type\":\"Organization\",\"@id\":\"https:\\\/\\\/www.planetel.it\\\/en\\\/#organization\",\"name\":\"Planetel S.p.A.\",\"url\":\"https:\\\/\\\/www.planetel.it\\\/en\\\/\",\"logo\":{\"@type\":\"ImageObject\",\"inLanguage\":\"en-US\",\"@id\":\"https:\\\/\\\/www.planetel.it\\\/en\\\/#\\\/schema\\\/logo\\\/image\\\/\",\"url\":\"https:\\\/\\\/www.planetel.it\\\/wp-content\\\/uploads\\\/2024\\\/04\\\/logo-group-planetel.svg\",\"contentUrl\":\"https:\\\/\\\/www.planetel.it\\\/wp-content\\\/uploads\\\/2024\\\/04\\\/logo-group-planetel.svg\",\"width\":1,\"height\":1,\"caption\":\"Planetel S.p.A.\"},\"image\":{\"@id\":\"https:\\\/\\\/www.planetel.it\\\/en\\\/#\\\/schema\\\/logo\\\/image\\\/\"},\"sameAs\":[\"https:\\\/\\\/www.facebook.com\\\/planetelspa\",\"https:\\\/\\\/www.linkedin.com\\\/company\\\/planetel\",\"https:\\\/\\\/www.instagram.com\\\/planetelspa\"]},{\"@type\":\"Person\",\"@id\":\"https:\\\/\\\/www.planetel.it\\\/en\\\/#\\\/schema\\\/person\\\/8e74703d23ff222042246a845bb004fa\",\"name\":\"Andrea Brumana\",\"image\":{\"@type\":\"ImageObject\",\"inLanguage\":\"en-US\",\"@id\":\"https:\\\/\\\/secure.gravatar.com\\\/avatar\\\/9a839884f24513d8bf063a907c74d8d2483fb1c4bbbf7cf7222c3e08581e4219?s=96&d=mm&r=g\",\"url\":\"https:\\\/\\\/secure.gravatar.com\\\/avatar\\\/9a839884f24513d8bf063a907c74d8d2483fb1c4bbbf7cf7222c3e08581e4219?s=96&d=mm&r=g\",\"contentUrl\":\"https:\\\/\\\/secure.gravatar.com\\\/avatar\\\/9a839884f24513d8bf063a907c74d8d2483fb1c4bbbf7cf7222c3e08581e4219?s=96&d=mm&r=g\",\"caption\":\"Andrea Brumana\"},\"url\":\"https:\\\/\\\/www.planetel.it\\\/en\\\/author\\\/a-brumana\\\/\"}]}<\/script>\n<!-- \/ Yoast SEO plugin. -->","yoast_head_json":{"title":"Planetel sponsor di Art2night 2023","description":"Planetel \u00e8 orgoglioso di aver collaborato alla riuscita di Art2night, un evento che pone al centro il territorio bergamasco. Scopri di pi\u00f9.","robots":{"index":"index","follow":"follow","max-snippet":"max-snippet:-1","max-image-preview":"max-image-preview:large","max-video-preview":"max-video-preview:-1"},"canonical":"https:\/\/www.planetel.it\/en\/2023\/05\/planetel-sponsor-di-art2night-2023\/","og_locale":"en_US","og_type":"article","og_title":"Planetel sponsor di Art2night 2023","og_description":"Planetel \u00e8 orgoglioso di aver collaborato alla riuscita di Art2night, un evento che pone al centro il territorio bergamasco. Scopri di pi\u00f9.","og_url":"https:\/\/www.planetel.it\/en\/2023\/05\/planetel-sponsor-di-art2night-2023\/","og_site_name":"Planetel","article_publisher":"https:\/\/www.facebook.com\/planetelspa","article_published_time":"2023-05-31T06:23:22+00:00","article_modified_time":"2024-06-27T10:04:31+00:00","og_image":[{"width":1200,"height":630,"url":"https:\/\/preprod-www.planetel.it\/wp-content\/uploads\/2024\/05\/foto-articolo-art2night.png","type":"image\/png"}],"twitter_card":"summary_large_image","twitter_misc":{"Written by":"Andrea Brumana","Est. reading time":"2 minutes"},"schema":{"@context":"https:\/\/schema.org","@graph":[{"@type":"Article","@id":"https:\/\/www.planetel.it\/en\/2023\/05\/planetel-sponsor-di-art2night-2023\/#article","isPartOf":{"@id":"https:\/\/www.planetel.it\/en\/2023\/05\/planetel-sponsor-di-art2night-2023\/"},"author":{"name":"Andrea Brumana","@id":"https:\/\/www.planetel.it\/en\/#\/schema\/person\/8e74703d23ff222042246a845bb004fa"},"headline":"Planetel sponsor di Art2night 2023","datePublished":"2023-05-31T06:23:22+00:00","dateModified":"2024-06-27T10:04:31+00:00","mainEntityOfPage":{"@id":"https:\/\/www.planetel.it\/en\/2023\/05\/planetel-sponsor-di-art2night-2023\/"},"wordCount":291,"publisher":{"@id":"https:\/\/www.planetel.it\/en\/#organization"},"image":{"@id":"https:\/\/www.planetel.it\/en\/2023\/05\/planetel-sponsor-di-art2night-2023\/#primaryimage"},"thumbnailUrl":"https:\/\/www.planetel.it\/wp-content\/uploads\/2024\/05\/foto-articolo-art2night.png","keywords":["societ\u00e0","cultura","bergamobresciacapitale","bergamo","arte","art2night","Planetel"],"articleSection":["Planetel","Sponsorizzazioni"],"inLanguage":"en-US"},{"@type":"WebPage","@id":"https:\/\/www.planetel.it\/en\/2023\/05\/planetel-sponsor-di-art2night-2023\/","url":"https:\/\/www.planetel.it\/en\/2023\/05\/planetel-sponsor-di-art2night-2023\/","name":"Planetel sponsor di Art2night 2023","isPartOf":{"@id":"https:\/\/www.planetel.it\/en\/#website"},"primaryImageOfPage":{"@id":"https:\/\/www.planetel.it\/en\/2023\/05\/planetel-sponsor-di-art2night-2023\/#primaryimage"},"image":{"@id":"https:\/\/www.planetel.it\/en\/2023\/05\/planetel-sponsor-di-art2night-2023\/#primaryimage"},"thumbnailUrl":"https:\/\/www.planetel.it\/wp-content\/uploads\/2024\/05\/foto-articolo-art2night.png","datePublished":"2023-05-31T06:23:22+00:00","dateModified":"2024-06-27T10:04:31+00:00","description":"Planetel \u00e8 orgoglioso di aver collaborato alla riuscita di Art2night, un evento che pone al centro il territorio bergamasco. Scopri di pi\u00f9.","breadcrumb":{"@id":"https:\/\/www.planetel.it\/en\/2023\/05\/planetel-sponsor-di-art2night-2023\/#breadcrumb"},"inLanguage":"en-US","potentialAction":[{"@type":"ReadAction","target":["https:\/\/www.planetel.it\/en\/2023\/05\/planetel-sponsor-di-art2night-2023\/"]}]},{"@type":"ImageObject","inLanguage":"en-US","@id":"https:\/\/www.planetel.it\/en\/2023\/05\/planetel-sponsor-di-art2night-2023\/#primaryimage","url":"https:\/\/www.planetel.it\/wp-content\/uploads\/2024\/05\/foto-articolo-art2night.png","contentUrl":"https:\/\/www.planetel.it\/wp-content\/uploads\/2024\/05\/foto-articolo-art2night.png","width":1200,"height":630,"caption":"Art2night"},{"@type":"BreadcrumbList","@id":"https:\/\/www.planetel.it\/en\/2023\/05\/planetel-sponsor-di-art2night-2023\/#breadcrumb","itemListElement":[{"@type":"ListItem","position":1,"name":"Home","item":"https:\/\/www.planetel.it\/en\/"},{"@type":"ListItem","position":2,"name":"Azienda","item":"https:\/\/www.planetel.it\/news\/blog\/categoria\/azienda\/"},{"@type":"ListItem","position":3,"name":"Planetel","item":"https:\/\/www.planetel.it\/news\/blog\/categoria\/planetel\/"},{"@type":"ListItem","position":4,"name":"Planetel sponsor di Art2night 2023"}]},{"@type":"WebSite","@id":"https:\/\/www.planetel.it\/en\/#website","url":"https:\/\/www.planetel.it\/en\/","name":"Planetel","description":"Pi\u00f9 che una connessione","publisher":{"@id":"https:\/\/www.planetel.it\/en\/#organization"},"potentialAction":[{"@type":"SearchAction","target":{"@type":"EntryPoint","urlTemplate":"https:\/\/www.planetel.it\/en\/?s={search_term_string}"},"query-input":{"@type":"PropertyValueSpecification","valueRequired":true,"valueName":"search_term_string"}}],"inLanguage":"en-US"},{"@type":"Organization","@id":"https:\/\/www.planetel.it\/en\/#organization","name":"Planetel S.p.A.","url":"https:\/\/www.planetel.it\/en\/","logo":{"@type":"ImageObject","inLanguage":"en-US","@id":"https:\/\/www.planetel.it\/en\/#\/schema\/logo\/image\/","url":"https:\/\/www.planetel.it\/wp-content\/uploads\/2024\/04\/logo-group-planetel.svg","contentUrl":"https:\/\/www.planetel.it\/wp-content\/uploads\/2024\/04\/logo-group-planetel.svg","width":1,"height":1,"caption":"Planetel S.p.A."},"image":{"@id":"https:\/\/www.planetel.it\/en\/#\/schema\/logo\/image\/"},"sameAs":["https:\/\/www.facebook.com\/planetelspa","https:\/\/www.linkedin.com\/company\/planetel","https:\/\/www.instagram.com\/planetelspa"]},{"@type":"Person","@id":"https:\/\/www.planetel.it\/en\/#\/schema\/person\/8e74703d23ff222042246a845bb004fa","name":"Andrea Brumana","image":{"@type":"ImageObject","inLanguage":"en-US","@id":"https:\/\/secure.gravatar.com\/avatar\/9a839884f24513d8bf063a907c74d8d2483fb1c4bbbf7cf7222c3e08581e4219?s=96&d=mm&r=g","url":"https:\/\/secure.gravatar.com\/avatar\/9a839884f24513d8bf063a907c74d8d2483fb1c4bbbf7cf7222c3e08581e4219?s=96&d=mm&r=g","contentUrl":"https:\/\/secure.gravatar.com\/avatar\/9a839884f24513d8bf063a907c74d8d2483fb1c4bbbf7cf7222c3e08581e4219?s=96&d=mm&r=g","caption":"Andrea Brumana"},"url":"https:\/\/www.planetel.it\/en\/author\/a-brumana\/"}]}},"_links":{"self":[{"href":"https:\/\/www.planetel.it\/en\/wp-json\/wp\/v2\/posts\/14659","targetHints":{"allow":["GET"]}}],"collection":[{"href":"https:\/\/www.planetel.it\/en\/wp-json\/wp\/v2\/posts"}],"about":[{"href":"https:\/\/www.planetel.it\/en\/wp-json\/wp\/v2\/types\/post"}],"author":[{"embeddable":true,"href":"https:\/\/www.planetel.it\/en\/wp-json\/wp\/v2\/users\/4"}],"replies":[{"embeddable":true,"href":"https:\/\/www.planetel.it\/en\/wp-json\/wp\/v2\/comments?post=14659"}],"version-history":[{"count":1,"href":"https:\/\/www.planetel.it\/en\/wp-json\/wp\/v2\/posts\/14659\/revisions"}],"predecessor-version":[{"id":17711,"href":"https:\/\/www.planetel.it\/en\/wp-json\/wp\/v2\/posts\/14659\/revisions\/17711"}],"wp:featuredmedia":[{"embeddable":true,"href":"https:\/\/www.planetel.it\/en\/wp-json\/wp\/v2\/media\/14660"}],"wp:attachment":[{"href":"https:\/\/www.planetel.it\/en\/wp-json\/wp\/v2\/media?parent=14659"}],"wp:term":[{"taxonomy":"category","embeddable":true,"href":"https:\/\/www.planetel.it\/en\/wp-json\/wp\/v2\/categories?post=14659"},{"taxonomy":"post_tag","embeddable":true,"href":"https:\/\/www.planetel.it\/en\/wp-json\/wp\/v2\/tags?post=14659"},{"taxonomy":"service_category","embeddable":true,"href":"https:\/\/www.planetel.it\/en\/wp-json\/wp\/v2\/service_category?post=14659"}],"curies":[{"name":"wp","href":"https:\/\/api.w.org\/{rel}","templated":true}]}}