{"id":14661,"date":"2023-06-05T10:28:12","date_gmt":"2023-06-05T08:28:12","guid":{"rendered":"http:\/\/www.planetel.it\/2023\/06\/alla-scoperta-dei-planetel-point-ferramenta-ragazzo\/"},"modified":"2024-06-27T12:04:08","modified_gmt":"2024-06-27T10:04:08","slug":"alla-scoperta-dei-planetel-point-ferramenta-ragazzo","status":"publish","type":"post","link":"https:\/\/www.planetel.it\/en\/2023\/06\/alla-scoperta-dei-planetel-point-ferramenta-ragazzo\/","title":{"rendered":"Alla scoperta dei Planetel Point &#8211; Ferramenta Ragazzo"},"content":{"rendered":"<p>Il quarto articolo della serie <a href=\"https:\/\/fibra.planetel.it\/trova-point\/\" target=\"_blank\" rel=\"noopener\"><strong>Planetel Point<\/strong><\/a> dedicato ai negozi rivenditori dei servizi Planetel resta nel veronese, pi\u00f9 specificatamente a Palazzolo, frazione settentrionale del comune di Sona.<\/p>\n<p>\u00c8 il terzo episodio consecutivo che fa tappa nella regione veneta, nell\u2019ottica di evidenziare gli importanti investimenti economici e infrastrutturali che Planetel sta portando avanti in quest\u2019area e l\u2019attenzione che l\u2019azienda bergamasca pone in un territorio considerato cruciale per il proprio sviluppo.<\/p>\n<p>Come sottolineato gi\u00e0 pi\u00f9 volte, la <strong>territorialit\u00e0<\/strong>, la <strong>capillarit\u00e0<\/strong> e la <strong>prossimit\u00e0<\/strong> sono valori caratterizzanti l\u2019identit\u00e0 di Planetel non soltanto laddove l\u2019impresa ha le sue origini ma ovunque decida di portare la propria rete, i propri servizi e, in generale, il proprio brand. Ecco perch\u00e9, dunque, collaborare con interlocutori del luogo diventa proficuo e fondamentale.<\/p>\n<h2>Ferramenta Ragazzo: da oltre cinquant\u2019anni la qualit\u00e0 al primo posto<\/h2>\n<p>A Sona, in particolare nella frazione di Palazzolo, opera da pi\u00f9 di mezzo secolo <strong>Ferramenta Ragazzo<\/strong>, un negozio specializzato nella vendita di prodotti di Ferramenta, Colori e Casalinghi. Una realt\u00e0 che, nel corso del tempo, ha ampliato notevolmente la sua offerta, rappresentando, oggi, il punto di riferimento nella zona per tutto ci\u00f2 che concerne cura della casa, attrezzi da giardinaggio, concimi e diserbanti, accessori per cellulari, materiale elettrico, tovagliato cerato, zanzariere, duplicazione telecomandi e chiavi.<\/p>\n<p>Un negozio, pertanto, eterogeneo e diversificato, che dal 2017 ha deciso di collaborare con Planetel per dare la possibilit\u00e0 ai propri clienti di ricevere la fibra ottica ultraveloce. Un Point che da pi\u00f9 di 6 anni abbraccia l\u2019impegno di Planetel nell\u2019inserirsi capillarmente nel territorio attraverso l\u2019infrastruttura di rete proprietaria.<\/p>\n<p>La <strong>qualit\u00e0 dell\u2019offerta<\/strong>, l\u2019<strong>assistenza al cliente<\/strong> e la <strong>sensibilit\u00e0 per le tematiche ambientali<\/strong> sono i principali punti di contatto tra Planetel e Ferramenta Ragazzo, nonch\u00e9 la base pi\u00f9 solida per una relazione commerciale cos\u00ec duratura, redditizia e ambiziosa.<\/p>\n<p style=\"text-align: center;\"><a class=\"btn btn-warning\" href=\"https:\/\/youtu.be\/sKCeuxLexZc\" target=\"_blank\" rel=\"noopener\">Ferramenta Ragazzo si racconta<\/a><\/p>\n<h2>Un Point non soltanto intraprendente ma anche premiato<\/h2>\n<p>Della seriet\u00e0, dell\u2019impegno e della dedizione di Ferramenta Ragazzo non sono testimoni solamente le parole ma anche, e soprattutto, i fatti. I risultati riportati da questo negozio descrivono un quadro di costante crescita e tale dimostrazione di fedelt\u00e0 \u00e8 suggellata da un premio ricevuto nell\u2019ultimo evento organizzato da Planetel per i propri Point.<\/p>\n<p>Nella cornice del Teatro Donizetti di Bergamo, infatti, Ferramenta Ragazzo ha ricevuto l\u2019attestato di <strong>Best Quality Area est<\/strong> per quanto concerne il <strong>secondo semestre 2022.<\/strong> Un riconoscimento che, nel dettaglio, vuole premiare la qualit\u00e0 dei contratti sottoscritti, dal momento che si serve del rapporto disdette su contratti come indice per la definizione della graduatoria finale. Un ritratto, questo premio, della fiducia, la quale \u00e8 fondamenta sia del rapporto tra Planetel e Ferramenta Ragazzo sia della relazione tra quest\u2019ultimo e i suoi clienti.<\/p>\n<div id=\"attachment_152651\" style=\"width: 396px\" class=\"wp-caption aligncenter\"><img loading=\"lazy\" decoding=\"async\" aria-describedby=\"caption-attachment-152651\" class=\" wp-image-152651\" src=\"http:\/\/www.planetel.it\/wp-content\/uploads\/2024\/05\/PLANETEL_EVENTO_DONIZETTI_HR-172-1-scaled.jpg\" alt=\"Ferramenta Ragazzo\" width=\"386\" height=\"257\" \/><p id=\"caption-attachment-152651\" class=\"wp-caption-text\"><span style=\"font-size: 12px;\">Premiazione Ferramenta Ragazzo all&#8217;Evento WePoint Teatro Donizetti<\/span><\/p><\/div>\n<h2>Qualche dettaglio in pi\u00f9<\/h2>\n<p>Ferramenta Ragazzo \u00e8 un Planetel Point situato a Palazzolo di Sona (VR), in Via Prele.<\/p>\n<p>Per ulteriori informazioni, visitate il loro <a href=\"http:\/\/www.ferramentaragazzo.it\/\" target=\"_blank\" rel=\"noopener\">sito web<\/a>.<\/p>\n","protected":false},"excerpt":{"rendered":"<p>Il quarto articolo della serie Planetel Point dedicato ai negozi rivenditori dei servizi Planetel resta nel veronese, pi\u00f9 specificatamente a Palazzolo, frazione settentrionale del comune di Sona. \u00c8 il terzo episodio consecutivo che fa tappa nella regione veneta, nell\u2019ottica di evidenziare gli importanti investimenti economici e infrastrutturali che Planetel sta portando avanti in quest\u2019area e [&hellip;]<\/p>\n","protected":false},"author":4,"featured_media":14664,"comment_status":"closed","ping_status":"closed","sticky":false,"template":"","format":"standard","meta":{"_acf_changed":false,"footnotes":""},"categories":[692,693,695,716,717,672],"tags":[469,435,379,468,433,407,358],"service_category":[312],"class_list":["post-14661","post","type-post","status-publish","format-standard","has-post-thumbnail","hentry","category-connettivita-fibra-ottica","category-connettivita-radio-wireless","category-telefonia","category-privati","category-attivita-commerciali","category-planetel","tag-sona","tag-verona","tag-fibra-ottica","tag-ferramenta-ragazzo","tag-planetel-point","tag-point","tag-planetel","service_category-telecomunicazioni"],"acf":[],"yoast_head":"<!-- This site is optimized with the Yoast SEO plugin v27.3 - https:\/\/yoast.com\/product\/yoast-seo-wordpress\/ -->\n<title>Alla scoperta dei Planetel Point - Ferramenta Ragazzo<\/title>\n<meta name=\"description\" content=\"Il viaggio tra i Planetel Point fa tappa a Palazzolo di Sona (VR) presso Ferramenta Ragazzo. Scopri di pi\u00f9.\" \/>\n<meta name=\"robots\" content=\"index, follow, max-snippet:-1, max-image-preview:large, max-video-preview:-1\" \/>\n<link rel=\"canonical\" href=\"https:\/\/www.planetel.it\/en\/2023\/06\/alla-scoperta-dei-planetel-point-ferramenta-ragazzo\/\" \/>\n<meta property=\"og:locale\" content=\"en_US\" \/>\n<meta property=\"og:type\" content=\"article\" \/>\n<meta property=\"og:title\" content=\"Alla scoperta dei Planetel Point - Ferramenta Ragazzo\" \/>\n<meta property=\"og:description\" content=\"Il viaggio tra i Planetel Point fa tappa a Palazzolo di Sona (VR) presso Ferramenta Ragazzo. Scopri di pi\u00f9.\" \/>\n<meta property=\"og:url\" content=\"https:\/\/www.planetel.it\/en\/2023\/06\/alla-scoperta-dei-planetel-point-ferramenta-ragazzo\/\" \/>\n<meta property=\"og:site_name\" content=\"Planetel\" \/>\n<meta property=\"article:publisher\" content=\"https:\/\/www.facebook.com\/planetelspa\" \/>\n<meta property=\"article:published_time\" content=\"2023-06-05T08:28:12+00:00\" \/>\n<meta property=\"article:modified_time\" content=\"2024-06-27T10:04:08+00:00\" \/>\n<meta property=\"og:image\" content=\"https:\/\/preprod-www.planetel.it\/wp-content\/uploads\/2024\/05\/ferramenta-ragazzo-news.png\" \/>\n\t<meta property=\"og:image:width\" content=\"1200\" \/>\n\t<meta property=\"og:image:height\" content=\"630\" \/>\n\t<meta property=\"og:image:type\" content=\"image\/png\" \/>\n<meta name=\"twitter:card\" content=\"summary_large_image\" \/>\n<meta name=\"twitter:label1\" content=\"Written by\" \/>\n\t<meta name=\"twitter:data1\" content=\"Andrea Brumana\" \/>\n\t<meta name=\"twitter:label2\" content=\"Est. reading time\" \/>\n\t<meta name=\"twitter:data2\" content=\"3 minutes\" \/>\n<script type=\"application\/ld+json\" class=\"yoast-schema-graph\">{\"@context\":\"https:\\\/\\\/schema.org\",\"@graph\":[{\"@type\":\"Article\",\"@id\":\"https:\\\/\\\/www.planetel.it\\\/en\\\/2023\\\/06\\\/alla-scoperta-dei-planetel-point-ferramenta-ragazzo\\\/#article\",\"isPartOf\":{\"@id\":\"https:\\\/\\\/www.planetel.it\\\/en\\\/2023\\\/06\\\/alla-scoperta-dei-planetel-point-ferramenta-ragazzo\\\/\"},\"author\":{\"name\":\"Andrea Brumana\",\"@id\":\"https:\\\/\\\/www.planetel.it\\\/en\\\/#\\\/schema\\\/person\\\/8e74703d23ff222042246a845bb004fa\"},\"headline\":\"Alla scoperta dei Planetel Point &#8211; Ferramenta Ragazzo\",\"datePublished\":\"2023-06-05T08:28:12+00:00\",\"dateModified\":\"2024-06-27T10:04:08+00:00\",\"mainEntityOfPage\":{\"@id\":\"https:\\\/\\\/www.planetel.it\\\/en\\\/2023\\\/06\\\/alla-scoperta-dei-planetel-point-ferramenta-ragazzo\\\/\"},\"wordCount\":502,\"publisher\":{\"@id\":\"https:\\\/\\\/www.planetel.it\\\/en\\\/#organization\"},\"image\":{\"@id\":\"https:\\\/\\\/www.planetel.it\\\/en\\\/2023\\\/06\\\/alla-scoperta-dei-planetel-point-ferramenta-ragazzo\\\/#primaryimage\"},\"thumbnailUrl\":\"https:\\\/\\\/www.planetel.it\\\/wp-content\\\/uploads\\\/2024\\\/05\\\/ferramenta-ragazzo-news.png\",\"keywords\":[\"sona\",\"verona\",\"Fibra ottica\",\"Ferramenta Ragazzo\",\"Planetel Point\",\"point\",\"Planetel\"],\"articleSection\":[\"Connettivit\u00e0 Fibra ottica\",\"Connettivit\u00e0 Radio (Wireless)\",\"Telefonia\",\"Privati\",\"Attivit\u00e0 commerciali\",\"Planetel\"],\"inLanguage\":\"en-US\"},{\"@type\":\"WebPage\",\"@id\":\"https:\\\/\\\/www.planetel.it\\\/en\\\/2023\\\/06\\\/alla-scoperta-dei-planetel-point-ferramenta-ragazzo\\\/\",\"url\":\"https:\\\/\\\/www.planetel.it\\\/en\\\/2023\\\/06\\\/alla-scoperta-dei-planetel-point-ferramenta-ragazzo\\\/\",\"name\":\"Alla scoperta dei Planetel Point - Ferramenta Ragazzo\",\"isPartOf\":{\"@id\":\"https:\\\/\\\/www.planetel.it\\\/en\\\/#website\"},\"primaryImageOfPage\":{\"@id\":\"https:\\\/\\\/www.planetel.it\\\/en\\\/2023\\\/06\\\/alla-scoperta-dei-planetel-point-ferramenta-ragazzo\\\/#primaryimage\"},\"image\":{\"@id\":\"https:\\\/\\\/www.planetel.it\\\/en\\\/2023\\\/06\\\/alla-scoperta-dei-planetel-point-ferramenta-ragazzo\\\/#primaryimage\"},\"thumbnailUrl\":\"https:\\\/\\\/www.planetel.it\\\/wp-content\\\/uploads\\\/2024\\\/05\\\/ferramenta-ragazzo-news.png\",\"datePublished\":\"2023-06-05T08:28:12+00:00\",\"dateModified\":\"2024-06-27T10:04:08+00:00\",\"description\":\"Il viaggio tra i Planetel Point fa tappa a Palazzolo di Sona (VR) presso Ferramenta Ragazzo. Scopri di pi\u00f9.\",\"breadcrumb\":{\"@id\":\"https:\\\/\\\/www.planetel.it\\\/en\\\/2023\\\/06\\\/alla-scoperta-dei-planetel-point-ferramenta-ragazzo\\\/#breadcrumb\"},\"inLanguage\":\"en-US\",\"potentialAction\":[{\"@type\":\"ReadAction\",\"target\":[\"https:\\\/\\\/www.planetel.it\\\/en\\\/2023\\\/06\\\/alla-scoperta-dei-planetel-point-ferramenta-ragazzo\\\/\"]}]},{\"@type\":\"ImageObject\",\"inLanguage\":\"en-US\",\"@id\":\"https:\\\/\\\/www.planetel.it\\\/en\\\/2023\\\/06\\\/alla-scoperta-dei-planetel-point-ferramenta-ragazzo\\\/#primaryimage\",\"url\":\"https:\\\/\\\/www.planetel.it\\\/wp-content\\\/uploads\\\/2024\\\/05\\\/ferramenta-ragazzo-news.png\",\"contentUrl\":\"https:\\\/\\\/www.planetel.it\\\/wp-content\\\/uploads\\\/2024\\\/05\\\/ferramenta-ragazzo-news.png\",\"width\":1200,\"height\":630,\"caption\":\"Premiazione Ferramenta Ragazzo all'Evento WePoint\"},{\"@type\":\"BreadcrumbList\",\"@id\":\"https:\\\/\\\/www.planetel.it\\\/en\\\/2023\\\/06\\\/alla-scoperta-dei-planetel-point-ferramenta-ragazzo\\\/#breadcrumb\",\"itemListElement\":[{\"@type\":\"ListItem\",\"position\":1,\"name\":\"Home\",\"item\":\"https:\\\/\\\/www.planetel.it\\\/en\\\/\"},{\"@type\":\"ListItem\",\"position\":2,\"name\":\"Servizi\",\"item\":\"https:\\\/\\\/www.planetel.it\\\/news\\\/blog\\\/categoria\\\/servizi\\\/\"},{\"@type\":\"ListItem\",\"position\":3,\"name\":\"Connettivit\u00e0 Fibra ottica\",\"item\":\"https:\\\/\\\/www.planetel.it\\\/news\\\/blog\\\/categoria\\\/connettivita-fibra-ottica\\\/\"},{\"@type\":\"ListItem\",\"position\":4,\"name\":\"Alla scoperta dei Planetel Point &#8211; Ferramenta Ragazzo\"}]},{\"@type\":\"WebSite\",\"@id\":\"https:\\\/\\\/www.planetel.it\\\/en\\\/#website\",\"url\":\"https:\\\/\\\/www.planetel.it\\\/en\\\/\",\"name\":\"Planetel\",\"description\":\"Pi\u00f9 che una connessione\",\"publisher\":{\"@id\":\"https:\\\/\\\/www.planetel.it\\\/en\\\/#organization\"},\"potentialAction\":[{\"@type\":\"SearchAction\",\"target\":{\"@type\":\"EntryPoint\",\"urlTemplate\":\"https:\\\/\\\/www.planetel.it\\\/en\\\/?s={search_term_string}\"},\"query-input\":{\"@type\":\"PropertyValueSpecification\",\"valueRequired\":true,\"valueName\":\"search_term_string\"}}],\"inLanguage\":\"en-US\"},{\"@type\":\"Organization\",\"@id\":\"https:\\\/\\\/www.planetel.it\\\/en\\\/#organization\",\"name\":\"Planetel S.p.A.\",\"url\":\"https:\\\/\\\/www.planetel.it\\\/en\\\/\",\"logo\":{\"@type\":\"ImageObject\",\"inLanguage\":\"en-US\",\"@id\":\"https:\\\/\\\/www.planetel.it\\\/en\\\/#\\\/schema\\\/logo\\\/image\\\/\",\"url\":\"https:\\\/\\\/www.planetel.it\\\/wp-content\\\/uploads\\\/2024\\\/04\\\/logo-group-planetel.svg\",\"contentUrl\":\"https:\\\/\\\/www.planetel.it\\\/wp-content\\\/uploads\\\/2024\\\/04\\\/logo-group-planetel.svg\",\"width\":1,\"height\":1,\"caption\":\"Planetel S.p.A.\"},\"image\":{\"@id\":\"https:\\\/\\\/www.planetel.it\\\/en\\\/#\\\/schema\\\/logo\\\/image\\\/\"},\"sameAs\":[\"https:\\\/\\\/www.facebook.com\\\/planetelspa\",\"https:\\\/\\\/www.linkedin.com\\\/company\\\/planetel\",\"https:\\\/\\\/www.instagram.com\\\/planetelspa\"]},{\"@type\":\"Person\",\"@id\":\"https:\\\/\\\/www.planetel.it\\\/en\\\/#\\\/schema\\\/person\\\/8e74703d23ff222042246a845bb004fa\",\"name\":\"Andrea Brumana\",\"image\":{\"@type\":\"ImageObject\",\"inLanguage\":\"en-US\",\"@id\":\"https:\\\/\\\/secure.gravatar.com\\\/avatar\\\/9a839884f24513d8bf063a907c74d8d2483fb1c4bbbf7cf7222c3e08581e4219?s=96&d=mm&r=g\",\"url\":\"https:\\\/\\\/secure.gravatar.com\\\/avatar\\\/9a839884f24513d8bf063a907c74d8d2483fb1c4bbbf7cf7222c3e08581e4219?s=96&d=mm&r=g\",\"contentUrl\":\"https:\\\/\\\/secure.gravatar.com\\\/avatar\\\/9a839884f24513d8bf063a907c74d8d2483fb1c4bbbf7cf7222c3e08581e4219?s=96&d=mm&r=g\",\"caption\":\"Andrea Brumana\"},\"url\":\"https:\\\/\\\/www.planetel.it\\\/en\\\/author\\\/a-brumana\\\/\"}]}<\/script>\n<!-- \/ Yoast SEO plugin. -->","yoast_head_json":{"title":"Alla scoperta dei Planetel Point - Ferramenta Ragazzo","description":"Il viaggio tra i Planetel Point fa tappa a Palazzolo di Sona (VR) presso Ferramenta Ragazzo. Scopri di pi\u00f9.","robots":{"index":"index","follow":"follow","max-snippet":"max-snippet:-1","max-image-preview":"max-image-preview:large","max-video-preview":"max-video-preview:-1"},"canonical":"https:\/\/www.planetel.it\/en\/2023\/06\/alla-scoperta-dei-planetel-point-ferramenta-ragazzo\/","og_locale":"en_US","og_type":"article","og_title":"Alla scoperta dei Planetel Point - Ferramenta Ragazzo","og_description":"Il viaggio tra i Planetel Point fa tappa a Palazzolo di Sona (VR) presso Ferramenta Ragazzo. Scopri di pi\u00f9.","og_url":"https:\/\/www.planetel.it\/en\/2023\/06\/alla-scoperta-dei-planetel-point-ferramenta-ragazzo\/","og_site_name":"Planetel","article_publisher":"https:\/\/www.facebook.com\/planetelspa","article_published_time":"2023-06-05T08:28:12+00:00","article_modified_time":"2024-06-27T10:04:08+00:00","og_image":[{"width":1200,"height":630,"url":"https:\/\/preprod-www.planetel.it\/wp-content\/uploads\/2024\/05\/ferramenta-ragazzo-news.png","type":"image\/png"}],"twitter_card":"summary_large_image","twitter_misc":{"Written by":"Andrea Brumana","Est. reading time":"3 minutes"},"schema":{"@context":"https:\/\/schema.org","@graph":[{"@type":"Article","@id":"https:\/\/www.planetel.it\/en\/2023\/06\/alla-scoperta-dei-planetel-point-ferramenta-ragazzo\/#article","isPartOf":{"@id":"https:\/\/www.planetel.it\/en\/2023\/06\/alla-scoperta-dei-planetel-point-ferramenta-ragazzo\/"},"author":{"name":"Andrea Brumana","@id":"https:\/\/www.planetel.it\/en\/#\/schema\/person\/8e74703d23ff222042246a845bb004fa"},"headline":"Alla scoperta dei Planetel Point &#8211; Ferramenta Ragazzo","datePublished":"2023-06-05T08:28:12+00:00","dateModified":"2024-06-27T10:04:08+00:00","mainEntityOfPage":{"@id":"https:\/\/www.planetel.it\/en\/2023\/06\/alla-scoperta-dei-planetel-point-ferramenta-ragazzo\/"},"wordCount":502,"publisher":{"@id":"https:\/\/www.planetel.it\/en\/#organization"},"image":{"@id":"https:\/\/www.planetel.it\/en\/2023\/06\/alla-scoperta-dei-planetel-point-ferramenta-ragazzo\/#primaryimage"},"thumbnailUrl":"https:\/\/www.planetel.it\/wp-content\/uploads\/2024\/05\/ferramenta-ragazzo-news.png","keywords":["sona","verona","Fibra ottica","Ferramenta Ragazzo","Planetel Point","point","Planetel"],"articleSection":["Connettivit\u00e0 Fibra ottica","Connettivit\u00e0 Radio (Wireless)","Telefonia","Privati","Attivit\u00e0 commerciali","Planetel"],"inLanguage":"en-US"},{"@type":"WebPage","@id":"https:\/\/www.planetel.it\/en\/2023\/06\/alla-scoperta-dei-planetel-point-ferramenta-ragazzo\/","url":"https:\/\/www.planetel.it\/en\/2023\/06\/alla-scoperta-dei-planetel-point-ferramenta-ragazzo\/","name":"Alla scoperta dei Planetel Point - Ferramenta Ragazzo","isPartOf":{"@id":"https:\/\/www.planetel.it\/en\/#website"},"primaryImageOfPage":{"@id":"https:\/\/www.planetel.it\/en\/2023\/06\/alla-scoperta-dei-planetel-point-ferramenta-ragazzo\/#primaryimage"},"image":{"@id":"https:\/\/www.planetel.it\/en\/2023\/06\/alla-scoperta-dei-planetel-point-ferramenta-ragazzo\/#primaryimage"},"thumbnailUrl":"https:\/\/www.planetel.it\/wp-content\/uploads\/2024\/05\/ferramenta-ragazzo-news.png","datePublished":"2023-06-05T08:28:12+00:00","dateModified":"2024-06-27T10:04:08+00:00","description":"Il viaggio tra i Planetel Point fa tappa a Palazzolo di Sona (VR) presso Ferramenta Ragazzo. Scopri di pi\u00f9.","breadcrumb":{"@id":"https:\/\/www.planetel.it\/en\/2023\/06\/alla-scoperta-dei-planetel-point-ferramenta-ragazzo\/#breadcrumb"},"inLanguage":"en-US","potentialAction":[{"@type":"ReadAction","target":["https:\/\/www.planetel.it\/en\/2023\/06\/alla-scoperta-dei-planetel-point-ferramenta-ragazzo\/"]}]},{"@type":"ImageObject","inLanguage":"en-US","@id":"https:\/\/www.planetel.it\/en\/2023\/06\/alla-scoperta-dei-planetel-point-ferramenta-ragazzo\/#primaryimage","url":"https:\/\/www.planetel.it\/wp-content\/uploads\/2024\/05\/ferramenta-ragazzo-news.png","contentUrl":"https:\/\/www.planetel.it\/wp-content\/uploads\/2024\/05\/ferramenta-ragazzo-news.png","width":1200,"height":630,"caption":"Premiazione Ferramenta Ragazzo all'Evento WePoint"},{"@type":"BreadcrumbList","@id":"https:\/\/www.planetel.it\/en\/2023\/06\/alla-scoperta-dei-planetel-point-ferramenta-ragazzo\/#breadcrumb","itemListElement":[{"@type":"ListItem","position":1,"name":"Home","item":"https:\/\/www.planetel.it\/en\/"},{"@type":"ListItem","position":2,"name":"Servizi","item":"https:\/\/www.planetel.it\/news\/blog\/categoria\/servizi\/"},{"@type":"ListItem","position":3,"name":"Connettivit\u00e0 Fibra ottica","item":"https:\/\/www.planetel.it\/news\/blog\/categoria\/connettivita-fibra-ottica\/"},{"@type":"ListItem","position":4,"name":"Alla scoperta dei Planetel Point &#8211; Ferramenta Ragazzo"}]},{"@type":"WebSite","@id":"https:\/\/www.planetel.it\/en\/#website","url":"https:\/\/www.planetel.it\/en\/","name":"Planetel","description":"Pi\u00f9 che una connessione","publisher":{"@id":"https:\/\/www.planetel.it\/en\/#organization"},"potentialAction":[{"@type":"SearchAction","target":{"@type":"EntryPoint","urlTemplate":"https:\/\/www.planetel.it\/en\/?s={search_term_string}"},"query-input":{"@type":"PropertyValueSpecification","valueRequired":true,"valueName":"search_term_string"}}],"inLanguage":"en-US"},{"@type":"Organization","@id":"https:\/\/www.planetel.it\/en\/#organization","name":"Planetel S.p.A.","url":"https:\/\/www.planetel.it\/en\/","logo":{"@type":"ImageObject","inLanguage":"en-US","@id":"https:\/\/www.planetel.it\/en\/#\/schema\/logo\/image\/","url":"https:\/\/www.planetel.it\/wp-content\/uploads\/2024\/04\/logo-group-planetel.svg","contentUrl":"https:\/\/www.planetel.it\/wp-content\/uploads\/2024\/04\/logo-group-planetel.svg","width":1,"height":1,"caption":"Planetel S.p.A."},"image":{"@id":"https:\/\/www.planetel.it\/en\/#\/schema\/logo\/image\/"},"sameAs":["https:\/\/www.facebook.com\/planetelspa","https:\/\/www.linkedin.com\/company\/planetel","https:\/\/www.instagram.com\/planetelspa"]},{"@type":"Person","@id":"https:\/\/www.planetel.it\/en\/#\/schema\/person\/8e74703d23ff222042246a845bb004fa","name":"Andrea Brumana","image":{"@type":"ImageObject","inLanguage":"en-US","@id":"https:\/\/secure.gravatar.com\/avatar\/9a839884f24513d8bf063a907c74d8d2483fb1c4bbbf7cf7222c3e08581e4219?s=96&d=mm&r=g","url":"https:\/\/secure.gravatar.com\/avatar\/9a839884f24513d8bf063a907c74d8d2483fb1c4bbbf7cf7222c3e08581e4219?s=96&d=mm&r=g","contentUrl":"https:\/\/secure.gravatar.com\/avatar\/9a839884f24513d8bf063a907c74d8d2483fb1c4bbbf7cf7222c3e08581e4219?s=96&d=mm&r=g","caption":"Andrea Brumana"},"url":"https:\/\/www.planetel.it\/en\/author\/a-brumana\/"}]}},"_links":{"self":[{"href":"https:\/\/www.planetel.it\/en\/wp-json\/wp\/v2\/posts\/14661","targetHints":{"allow":["GET"]}}],"collection":[{"href":"https:\/\/www.planetel.it\/en\/wp-json\/wp\/v2\/posts"}],"about":[{"href":"https:\/\/www.planetel.it\/en\/wp-json\/wp\/v2\/types\/post"}],"author":[{"embeddable":true,"href":"https:\/\/www.planetel.it\/en\/wp-json\/wp\/v2\/users\/4"}],"replies":[{"embeddable":true,"href":"https:\/\/www.planetel.it\/en\/wp-json\/wp\/v2\/comments?post=14661"}],"version-history":[{"count":1,"href":"https:\/\/www.planetel.it\/en\/wp-json\/wp\/v2\/posts\/14661\/revisions"}],"predecessor-version":[{"id":14663,"href":"https:\/\/www.planetel.it\/en\/wp-json\/wp\/v2\/posts\/14661\/revisions\/14663"}],"wp:featuredmedia":[{"embeddable":true,"href":"https:\/\/www.planetel.it\/en\/wp-json\/wp\/v2\/media\/14664"}],"wp:attachment":[{"href":"https:\/\/www.planetel.it\/en\/wp-json\/wp\/v2\/media?parent=14661"}],"wp:term":[{"taxonomy":"category","embeddable":true,"href":"https:\/\/www.planetel.it\/en\/wp-json\/wp\/v2\/categories?post=14661"},{"taxonomy":"post_tag","embeddable":true,"href":"https:\/\/www.planetel.it\/en\/wp-json\/wp\/v2\/tags?post=14661"},{"taxonomy":"service_category","embeddable":true,"href":"https:\/\/www.planetel.it\/en\/wp-json\/wp\/v2\/service_category?post=14661"}],"curies":[{"name":"wp","href":"https:\/\/api.w.org\/{rel}","templated":true}]}}