{"id":14665,"date":"2023-06-07T15:37:34","date_gmt":"2023-06-07T13:37:34","guid":{"rendered":"http:\/\/www.planetel.it\/2023\/06\/vodafone-e-planetel-accordo-quadro-per-utilizzo-rete-in-fibra-ottica\/"},"modified":"2024-06-27T12:03:37","modified_gmt":"2024-06-27T10:03:37","slug":"vodafone-e-planetel-accordo-quadro-per-utilizzo-rete-in-fibra-ottica","status":"publish","type":"post","link":"https:\/\/www.planetel.it\/en\/2023\/06\/vodafone-e-planetel-accordo-quadro-per-utilizzo-rete-in-fibra-ottica\/","title":{"rendered":"Vodafone e Planetel: accordo quadro per utilizzo rete in fibra ottica"},"content":{"rendered":"<p>In data 7 maggio 2023, <strong>Planetel<\/strong> e <strong>Vodafone Italia<\/strong> hanno sottoscritto un accordo per la definizione dei primi interventi volti al collegamento dei nodi di rete in fibra ottica ultra veloce. Un contratto che consentir\u00e0 a Vodafone di collegare le proprie stazioni radio base della rete mobile 4G e 5G nelle provincie di Bergamo, Brescia e Verona, offrendo cos\u00ec ai propri clienti un servizio migliore dal punto di vista sia della capacit\u00e0 sia della latenza.<\/p>\n<p>Tale accordo strategico rientra nella pi\u00f9 ampia strategia di collaborazione tra Planetel e i primari operatori di rete Mobile e fibra ottica con forte presenza locale, per l\u2019utilizzo di infrastrutture gi\u00e0 esistenti sul territorio nell\u2019ottica dello sviluppo di sinergie nell\u2019uso delle reti, con l\u2019intento di valorizzare ancor pi\u00f9 gli investimenti infrastrutturali di Planetel e le opportunit\u00e0 strategiche derivanti da tali collaborazioni.<\/p>\n<p><strong>Bruno Pianetti<\/strong>, Presidente e Amministratore Delegato di Planetel S.p.A. \u2013 \u201c<em>Siamo molto soddisfatti di iniziare una importante collaborazione con un grande operatore come Vodafone Italia, per l\u2019utilizzo del nostro backbone in fibra ultra veloce. L\u2019accordo \u00e8 in continuit\u00e0 con quanto gi\u00e0 realizzato per altri operatori nazionali ai quali la nostra Societ\u00e0 ha fornito collegamenti finalizzati alla copertura delle loro stazioni radio base 5G e del loro network di accesso FTTH. Siamo lieti, con questo nuovo accordo, di poter valorizzare ed ottimizzare ancor di pi\u00f9 i nostri investimenti infrastrutturali. Oggi Planetel \u00e8 una societ\u00e0 ben diversamente strutturata, quotata in Borsa, con un consolidato e riconosciuto know-how, capace di creare valore attraverso infrastrutture di telecomunicazioni e siamo entusiasti di questa rinnovata fiducia da parte dei grandi operatori che ci consentir\u00e0 di mantenere il nostro impegno nel fornire un servizio di qualit\u00e0 ai nostri clienti<\/em>\u201d.<\/p>\n<p style=\"text-align: center;\"><strong><a class=\"btn btn-info\" href=\"https:\/\/www.planetel.it\/wp-content\/uploads\/2023\/06\/CS-Planetel-Vodafone-accordo-quadro_2023-06-07_ITA.pdf\" target=\"_blank\" rel=\"noopener\">Leggi il comunicato stampa<\/a><\/strong><\/p>\n","protected":false},"excerpt":{"rendered":"<p>In data 7 maggio 2023, Planetel e Vodafone Italia hanno sottoscritto un accordo per la definizione dei primi interventi volti al collegamento dei nodi di rete in fibra ottica ultra veloce. Un contratto che consentir\u00e0 a Vodafone di collegare le proprie stazioni radio base della rete mobile 4G e 5G nelle provincie di Bergamo, Brescia [&hellip;]<\/p>\n","protected":false},"author":4,"featured_media":14666,"comment_status":"closed","ping_status":"closed","sticky":false,"template":"","format":"standard","meta":{"_acf_changed":false,"footnotes":""},"categories":[691,692,710,721,672,734],"tags":[358,379,470,471,472],"service_category":[312],"class_list":["post-14665","post","type-post","status-publish","format-standard","has-post-thumbnail","hentry","category-telecomunicazioni","category-connettivita-fibra-ottica","category-servizi-wholesales","category-wholesales","category-planetel","category-investitori","tag-planetel","tag-fibra-ottica","tag-5g","tag-mobile","tag-vodafone","service_category-telecomunicazioni"],"acf":[],"yoast_head":"<!-- This site is optimized with the Yoast SEO plugin v27.3 - https:\/\/yoast.com\/product\/yoast-seo-wordpress\/ -->\n<title>Accordo Planetel - Vodafone rete in fibra ottica<\/title>\n<meta name=\"description\" content=\"Planetel e Vodafone hanno sottoscritto un accordo per i primi interventi volti al collegamento dei nodi di rete in fibra ottica ultra veloce.\" \/>\n<meta name=\"robots\" content=\"index, follow, max-snippet:-1, max-image-preview:large, max-video-preview:-1\" \/>\n<link rel=\"canonical\" href=\"https:\/\/www.planetel.it\/en\/2023\/06\/vodafone-e-planetel-accordo-quadro-per-utilizzo-rete-in-fibra-ottica\/\" \/>\n<meta property=\"og:locale\" content=\"en_US\" \/>\n<meta property=\"og:type\" content=\"article\" \/>\n<meta property=\"og:title\" content=\"Accordo quadro Planetel - Vodafone per utilizzo rete in fibra ottica\" \/>\n<meta property=\"og:description\" content=\"Planetel e Vodafone hanno sottoscritto un accordo per i primi interventi volti al collegamento dei nodi di rete in fibra ottica ultra veloce.\" \/>\n<meta property=\"og:url\" content=\"https:\/\/www.planetel.it\/en\/2023\/06\/vodafone-e-planetel-accordo-quadro-per-utilizzo-rete-in-fibra-ottica\/\" \/>\n<meta property=\"og:site_name\" content=\"Planetel\" \/>\n<meta property=\"article:publisher\" content=\"https:\/\/www.facebook.com\/planetelspa\" \/>\n<meta property=\"article:published_time\" content=\"2023-06-07T13:37:34+00:00\" \/>\n<meta property=\"article:modified_time\" content=\"2024-06-27T10:03:37+00:00\" \/>\n<meta property=\"og:image\" content=\"https:\/\/preprod-www.planetel.it\/wp-content\/uploads\/2024\/05\/accordo-planetel-vodafone.png\" \/>\n\t<meta property=\"og:image:width\" content=\"1200\" \/>\n\t<meta property=\"og:image:height\" content=\"630\" \/>\n\t<meta property=\"og:image:type\" content=\"image\/png\" \/>\n<meta name=\"twitter:card\" content=\"summary_large_image\" \/>\n<meta name=\"twitter:label1\" content=\"Written by\" \/>\n\t<meta name=\"twitter:data1\" content=\"Andrea Brumana\" \/>\n\t<meta name=\"twitter:label2\" content=\"Est. reading time\" \/>\n\t<meta name=\"twitter:data2\" content=\"2 minutes\" \/>\n<script type=\"application\/ld+json\" class=\"yoast-schema-graph\">{\"@context\":\"https:\\\/\\\/schema.org\",\"@graph\":[{\"@type\":\"Article\",\"@id\":\"https:\\\/\\\/www.planetel.it\\\/en\\\/2023\\\/06\\\/vodafone-e-planetel-accordo-quadro-per-utilizzo-rete-in-fibra-ottica\\\/#article\",\"isPartOf\":{\"@id\":\"https:\\\/\\\/www.planetel.it\\\/en\\\/2023\\\/06\\\/vodafone-e-planetel-accordo-quadro-per-utilizzo-rete-in-fibra-ottica\\\/\"},\"author\":{\"name\":\"Andrea Brumana\",\"@id\":\"https:\\\/\\\/www.planetel.it\\\/en\\\/#\\\/schema\\\/person\\\/8e74703d23ff222042246a845bb004fa\"},\"headline\":\"Vodafone e Planetel: accordo quadro per utilizzo rete in fibra ottica\",\"datePublished\":\"2023-06-07T13:37:34+00:00\",\"dateModified\":\"2024-06-27T10:03:37+00:00\",\"mainEntityOfPage\":{\"@id\":\"https:\\\/\\\/www.planetel.it\\\/en\\\/2023\\\/06\\\/vodafone-e-planetel-accordo-quadro-per-utilizzo-rete-in-fibra-ottica\\\/\"},\"wordCount\":296,\"publisher\":{\"@id\":\"https:\\\/\\\/www.planetel.it\\\/en\\\/#organization\"},\"image\":{\"@id\":\"https:\\\/\\\/www.planetel.it\\\/en\\\/2023\\\/06\\\/vodafone-e-planetel-accordo-quadro-per-utilizzo-rete-in-fibra-ottica\\\/#primaryimage\"},\"thumbnailUrl\":\"https:\\\/\\\/www.planetel.it\\\/wp-content\\\/uploads\\\/2024\\\/05\\\/accordo-planetel-vodafone.png\",\"keywords\":[\"Planetel\",\"Fibra ottica\",\"5G\",\"Mobile\",\"Vodafone\"],\"articleSection\":[\"Telecomunicazioni\",\"Connettivit\u00e0 Fibra ottica\",\"Servizi Wholesales\",\"Wholesales\",\"Planetel\",\"Investitori\"],\"inLanguage\":\"en-US\"},{\"@type\":\"WebPage\",\"@id\":\"https:\\\/\\\/www.planetel.it\\\/en\\\/2023\\\/06\\\/vodafone-e-planetel-accordo-quadro-per-utilizzo-rete-in-fibra-ottica\\\/\",\"url\":\"https:\\\/\\\/www.planetel.it\\\/en\\\/2023\\\/06\\\/vodafone-e-planetel-accordo-quadro-per-utilizzo-rete-in-fibra-ottica\\\/\",\"name\":\"Accordo Planetel - Vodafone rete in fibra ottica\",\"isPartOf\":{\"@id\":\"https:\\\/\\\/www.planetel.it\\\/en\\\/#website\"},\"primaryImageOfPage\":{\"@id\":\"https:\\\/\\\/www.planetel.it\\\/en\\\/2023\\\/06\\\/vodafone-e-planetel-accordo-quadro-per-utilizzo-rete-in-fibra-ottica\\\/#primaryimage\"},\"image\":{\"@id\":\"https:\\\/\\\/www.planetel.it\\\/en\\\/2023\\\/06\\\/vodafone-e-planetel-accordo-quadro-per-utilizzo-rete-in-fibra-ottica\\\/#primaryimage\"},\"thumbnailUrl\":\"https:\\\/\\\/www.planetel.it\\\/wp-content\\\/uploads\\\/2024\\\/05\\\/accordo-planetel-vodafone.png\",\"datePublished\":\"2023-06-07T13:37:34+00:00\",\"dateModified\":\"2024-06-27T10:03:37+00:00\",\"description\":\"Planetel e Vodafone hanno sottoscritto un accordo per i primi interventi volti al collegamento dei nodi di rete in fibra ottica ultra veloce.\",\"breadcrumb\":{\"@id\":\"https:\\\/\\\/www.planetel.it\\\/en\\\/2023\\\/06\\\/vodafone-e-planetel-accordo-quadro-per-utilizzo-rete-in-fibra-ottica\\\/#breadcrumb\"},\"inLanguage\":\"en-US\",\"potentialAction\":[{\"@type\":\"ReadAction\",\"target\":[\"https:\\\/\\\/www.planetel.it\\\/en\\\/2023\\\/06\\\/vodafone-e-planetel-accordo-quadro-per-utilizzo-rete-in-fibra-ottica\\\/\"]}]},{\"@type\":\"ImageObject\",\"inLanguage\":\"en-US\",\"@id\":\"https:\\\/\\\/www.planetel.it\\\/en\\\/2023\\\/06\\\/vodafone-e-planetel-accordo-quadro-per-utilizzo-rete-in-fibra-ottica\\\/#primaryimage\",\"url\":\"https:\\\/\\\/www.planetel.it\\\/wp-content\\\/uploads\\\/2024\\\/05\\\/accordo-planetel-vodafone.png\",\"contentUrl\":\"https:\\\/\\\/www.planetel.it\\\/wp-content\\\/uploads\\\/2024\\\/05\\\/accordo-planetel-vodafone.png\",\"width\":1200,\"height\":630,\"caption\":\"Vodafone Planetel\"},{\"@type\":\"BreadcrumbList\",\"@id\":\"https:\\\/\\\/www.planetel.it\\\/en\\\/2023\\\/06\\\/vodafone-e-planetel-accordo-quadro-per-utilizzo-rete-in-fibra-ottica\\\/#breadcrumb\",\"itemListElement\":[{\"@type\":\"ListItem\",\"position\":1,\"name\":\"Home\",\"item\":\"https:\\\/\\\/www.planetel.it\\\/en\\\/\"},{\"@type\":\"ListItem\",\"position\":2,\"name\":\"Servizi\",\"item\":\"https:\\\/\\\/www.planetel.it\\\/news\\\/blog\\\/categoria\\\/servizi\\\/\"},{\"@type\":\"ListItem\",\"position\":3,\"name\":\"Telecomunicazioni\",\"item\":\"https:\\\/\\\/www.planetel.it\\\/news\\\/blog\\\/categoria\\\/telecomunicazioni\\\/\"},{\"@type\":\"ListItem\",\"position\":4,\"name\":\"Vodafone e Planetel: accordo quadro per utilizzo rete in fibra ottica\"}]},{\"@type\":\"WebSite\",\"@id\":\"https:\\\/\\\/www.planetel.it\\\/en\\\/#website\",\"url\":\"https:\\\/\\\/www.planetel.it\\\/en\\\/\",\"name\":\"Planetel\",\"description\":\"Pi\u00f9 che una connessione\",\"publisher\":{\"@id\":\"https:\\\/\\\/www.planetel.it\\\/en\\\/#organization\"},\"potentialAction\":[{\"@type\":\"SearchAction\",\"target\":{\"@type\":\"EntryPoint\",\"urlTemplate\":\"https:\\\/\\\/www.planetel.it\\\/en\\\/?s={search_term_string}\"},\"query-input\":{\"@type\":\"PropertyValueSpecification\",\"valueRequired\":true,\"valueName\":\"search_term_string\"}}],\"inLanguage\":\"en-US\"},{\"@type\":\"Organization\",\"@id\":\"https:\\\/\\\/www.planetel.it\\\/en\\\/#organization\",\"name\":\"Planetel S.p.A.\",\"url\":\"https:\\\/\\\/www.planetel.it\\\/en\\\/\",\"logo\":{\"@type\":\"ImageObject\",\"inLanguage\":\"en-US\",\"@id\":\"https:\\\/\\\/www.planetel.it\\\/en\\\/#\\\/schema\\\/logo\\\/image\\\/\",\"url\":\"https:\\\/\\\/www.planetel.it\\\/wp-content\\\/uploads\\\/2024\\\/04\\\/logo-group-planetel.svg\",\"contentUrl\":\"https:\\\/\\\/www.planetel.it\\\/wp-content\\\/uploads\\\/2024\\\/04\\\/logo-group-planetel.svg\",\"width\":1,\"height\":1,\"caption\":\"Planetel S.p.A.\"},\"image\":{\"@id\":\"https:\\\/\\\/www.planetel.it\\\/en\\\/#\\\/schema\\\/logo\\\/image\\\/\"},\"sameAs\":[\"https:\\\/\\\/www.facebook.com\\\/planetelspa\",\"https:\\\/\\\/www.linkedin.com\\\/company\\\/planetel\",\"https:\\\/\\\/www.instagram.com\\\/planetelspa\"]},{\"@type\":\"Person\",\"@id\":\"https:\\\/\\\/www.planetel.it\\\/en\\\/#\\\/schema\\\/person\\\/8e74703d23ff222042246a845bb004fa\",\"name\":\"Andrea Brumana\",\"image\":{\"@type\":\"ImageObject\",\"inLanguage\":\"en-US\",\"@id\":\"https:\\\/\\\/secure.gravatar.com\\\/avatar\\\/9a839884f24513d8bf063a907c74d8d2483fb1c4bbbf7cf7222c3e08581e4219?s=96&d=mm&r=g\",\"url\":\"https:\\\/\\\/secure.gravatar.com\\\/avatar\\\/9a839884f24513d8bf063a907c74d8d2483fb1c4bbbf7cf7222c3e08581e4219?s=96&d=mm&r=g\",\"contentUrl\":\"https:\\\/\\\/secure.gravatar.com\\\/avatar\\\/9a839884f24513d8bf063a907c74d8d2483fb1c4bbbf7cf7222c3e08581e4219?s=96&d=mm&r=g\",\"caption\":\"Andrea Brumana\"},\"url\":\"https:\\\/\\\/www.planetel.it\\\/en\\\/author\\\/a-brumana\\\/\"}]}<\/script>\n<!-- \/ Yoast SEO plugin. -->","yoast_head_json":{"title":"Accordo Planetel - Vodafone rete in fibra ottica","description":"Planetel e Vodafone hanno sottoscritto un accordo per i primi interventi volti al collegamento dei nodi di rete in fibra ottica ultra veloce.","robots":{"index":"index","follow":"follow","max-snippet":"max-snippet:-1","max-image-preview":"max-image-preview:large","max-video-preview":"max-video-preview:-1"},"canonical":"https:\/\/www.planetel.it\/en\/2023\/06\/vodafone-e-planetel-accordo-quadro-per-utilizzo-rete-in-fibra-ottica\/","og_locale":"en_US","og_type":"article","og_title":"Accordo quadro Planetel - Vodafone per utilizzo rete in fibra ottica","og_description":"Planetel e Vodafone hanno sottoscritto un accordo per i primi interventi volti al collegamento dei nodi di rete in fibra ottica ultra veloce.","og_url":"https:\/\/www.planetel.it\/en\/2023\/06\/vodafone-e-planetel-accordo-quadro-per-utilizzo-rete-in-fibra-ottica\/","og_site_name":"Planetel","article_publisher":"https:\/\/www.facebook.com\/planetelspa","article_published_time":"2023-06-07T13:37:34+00:00","article_modified_time":"2024-06-27T10:03:37+00:00","og_image":[{"width":1200,"height":630,"url":"https:\/\/preprod-www.planetel.it\/wp-content\/uploads\/2024\/05\/accordo-planetel-vodafone.png","type":"image\/png"}],"twitter_card":"summary_large_image","twitter_misc":{"Written by":"Andrea Brumana","Est. reading time":"2 minutes"},"schema":{"@context":"https:\/\/schema.org","@graph":[{"@type":"Article","@id":"https:\/\/www.planetel.it\/en\/2023\/06\/vodafone-e-planetel-accordo-quadro-per-utilizzo-rete-in-fibra-ottica\/#article","isPartOf":{"@id":"https:\/\/www.planetel.it\/en\/2023\/06\/vodafone-e-planetel-accordo-quadro-per-utilizzo-rete-in-fibra-ottica\/"},"author":{"name":"Andrea Brumana","@id":"https:\/\/www.planetel.it\/en\/#\/schema\/person\/8e74703d23ff222042246a845bb004fa"},"headline":"Vodafone e Planetel: accordo quadro per utilizzo rete in fibra ottica","datePublished":"2023-06-07T13:37:34+00:00","dateModified":"2024-06-27T10:03:37+00:00","mainEntityOfPage":{"@id":"https:\/\/www.planetel.it\/en\/2023\/06\/vodafone-e-planetel-accordo-quadro-per-utilizzo-rete-in-fibra-ottica\/"},"wordCount":296,"publisher":{"@id":"https:\/\/www.planetel.it\/en\/#organization"},"image":{"@id":"https:\/\/www.planetel.it\/en\/2023\/06\/vodafone-e-planetel-accordo-quadro-per-utilizzo-rete-in-fibra-ottica\/#primaryimage"},"thumbnailUrl":"https:\/\/www.planetel.it\/wp-content\/uploads\/2024\/05\/accordo-planetel-vodafone.png","keywords":["Planetel","Fibra ottica","5G","Mobile","Vodafone"],"articleSection":["Telecomunicazioni","Connettivit\u00e0 Fibra ottica","Servizi Wholesales","Wholesales","Planetel","Investitori"],"inLanguage":"en-US"},{"@type":"WebPage","@id":"https:\/\/www.planetel.it\/en\/2023\/06\/vodafone-e-planetel-accordo-quadro-per-utilizzo-rete-in-fibra-ottica\/","url":"https:\/\/www.planetel.it\/en\/2023\/06\/vodafone-e-planetel-accordo-quadro-per-utilizzo-rete-in-fibra-ottica\/","name":"Accordo Planetel - Vodafone rete in fibra ottica","isPartOf":{"@id":"https:\/\/www.planetel.it\/en\/#website"},"primaryImageOfPage":{"@id":"https:\/\/www.planetel.it\/en\/2023\/06\/vodafone-e-planetel-accordo-quadro-per-utilizzo-rete-in-fibra-ottica\/#primaryimage"},"image":{"@id":"https:\/\/www.planetel.it\/en\/2023\/06\/vodafone-e-planetel-accordo-quadro-per-utilizzo-rete-in-fibra-ottica\/#primaryimage"},"thumbnailUrl":"https:\/\/www.planetel.it\/wp-content\/uploads\/2024\/05\/accordo-planetel-vodafone.png","datePublished":"2023-06-07T13:37:34+00:00","dateModified":"2024-06-27T10:03:37+00:00","description":"Planetel e Vodafone hanno sottoscritto un accordo per i primi interventi volti al collegamento dei nodi di rete in fibra ottica ultra veloce.","breadcrumb":{"@id":"https:\/\/www.planetel.it\/en\/2023\/06\/vodafone-e-planetel-accordo-quadro-per-utilizzo-rete-in-fibra-ottica\/#breadcrumb"},"inLanguage":"en-US","potentialAction":[{"@type":"ReadAction","target":["https:\/\/www.planetel.it\/en\/2023\/06\/vodafone-e-planetel-accordo-quadro-per-utilizzo-rete-in-fibra-ottica\/"]}]},{"@type":"ImageObject","inLanguage":"en-US","@id":"https:\/\/www.planetel.it\/en\/2023\/06\/vodafone-e-planetel-accordo-quadro-per-utilizzo-rete-in-fibra-ottica\/#primaryimage","url":"https:\/\/www.planetel.it\/wp-content\/uploads\/2024\/05\/accordo-planetel-vodafone.png","contentUrl":"https:\/\/www.planetel.it\/wp-content\/uploads\/2024\/05\/accordo-planetel-vodafone.png","width":1200,"height":630,"caption":"Vodafone Planetel"},{"@type":"BreadcrumbList","@id":"https:\/\/www.planetel.it\/en\/2023\/06\/vodafone-e-planetel-accordo-quadro-per-utilizzo-rete-in-fibra-ottica\/#breadcrumb","itemListElement":[{"@type":"ListItem","position":1,"name":"Home","item":"https:\/\/www.planetel.it\/en\/"},{"@type":"ListItem","position":2,"name":"Servizi","item":"https:\/\/www.planetel.it\/news\/blog\/categoria\/servizi\/"},{"@type":"ListItem","position":3,"name":"Telecomunicazioni","item":"https:\/\/www.planetel.it\/news\/blog\/categoria\/telecomunicazioni\/"},{"@type":"ListItem","position":4,"name":"Vodafone e Planetel: accordo quadro per utilizzo rete in fibra ottica"}]},{"@type":"WebSite","@id":"https:\/\/www.planetel.it\/en\/#website","url":"https:\/\/www.planetel.it\/en\/","name":"Planetel","description":"Pi\u00f9 che una connessione","publisher":{"@id":"https:\/\/www.planetel.it\/en\/#organization"},"potentialAction":[{"@type":"SearchAction","target":{"@type":"EntryPoint","urlTemplate":"https:\/\/www.planetel.it\/en\/?s={search_term_string}"},"query-input":{"@type":"PropertyValueSpecification","valueRequired":true,"valueName":"search_term_string"}}],"inLanguage":"en-US"},{"@type":"Organization","@id":"https:\/\/www.planetel.it\/en\/#organization","name":"Planetel S.p.A.","url":"https:\/\/www.planetel.it\/en\/","logo":{"@type":"ImageObject","inLanguage":"en-US","@id":"https:\/\/www.planetel.it\/en\/#\/schema\/logo\/image\/","url":"https:\/\/www.planetel.it\/wp-content\/uploads\/2024\/04\/logo-group-planetel.svg","contentUrl":"https:\/\/www.planetel.it\/wp-content\/uploads\/2024\/04\/logo-group-planetel.svg","width":1,"height":1,"caption":"Planetel S.p.A."},"image":{"@id":"https:\/\/www.planetel.it\/en\/#\/schema\/logo\/image\/"},"sameAs":["https:\/\/www.facebook.com\/planetelspa","https:\/\/www.linkedin.com\/company\/planetel","https:\/\/www.instagram.com\/planetelspa"]},{"@type":"Person","@id":"https:\/\/www.planetel.it\/en\/#\/schema\/person\/8e74703d23ff222042246a845bb004fa","name":"Andrea Brumana","image":{"@type":"ImageObject","inLanguage":"en-US","@id":"https:\/\/secure.gravatar.com\/avatar\/9a839884f24513d8bf063a907c74d8d2483fb1c4bbbf7cf7222c3e08581e4219?s=96&d=mm&r=g","url":"https:\/\/secure.gravatar.com\/avatar\/9a839884f24513d8bf063a907c74d8d2483fb1c4bbbf7cf7222c3e08581e4219?s=96&d=mm&r=g","contentUrl":"https:\/\/secure.gravatar.com\/avatar\/9a839884f24513d8bf063a907c74d8d2483fb1c4bbbf7cf7222c3e08581e4219?s=96&d=mm&r=g","caption":"Andrea Brumana"},"url":"https:\/\/www.planetel.it\/en\/author\/a-brumana\/"}]}},"_links":{"self":[{"href":"https:\/\/www.planetel.it\/en\/wp-json\/wp\/v2\/posts\/14665","targetHints":{"allow":["GET"]}}],"collection":[{"href":"https:\/\/www.planetel.it\/en\/wp-json\/wp\/v2\/posts"}],"about":[{"href":"https:\/\/www.planetel.it\/en\/wp-json\/wp\/v2\/types\/post"}],"author":[{"embeddable":true,"href":"https:\/\/www.planetel.it\/en\/wp-json\/wp\/v2\/users\/4"}],"replies":[{"embeddable":true,"href":"https:\/\/www.planetel.it\/en\/wp-json\/wp\/v2\/comments?post=14665"}],"version-history":[{"count":1,"href":"https:\/\/www.planetel.it\/en\/wp-json\/wp\/v2\/posts\/14665\/revisions"}],"predecessor-version":[{"id":17710,"href":"https:\/\/www.planetel.it\/en\/wp-json\/wp\/v2\/posts\/14665\/revisions\/17710"}],"wp:featuredmedia":[{"embeddable":true,"href":"https:\/\/www.planetel.it\/en\/wp-json\/wp\/v2\/media\/14666"}],"wp:attachment":[{"href":"https:\/\/www.planetel.it\/en\/wp-json\/wp\/v2\/media?parent=14665"}],"wp:term":[{"taxonomy":"category","embeddable":true,"href":"https:\/\/www.planetel.it\/en\/wp-json\/wp\/v2\/categories?post=14665"},{"taxonomy":"post_tag","embeddable":true,"href":"https:\/\/www.planetel.it\/en\/wp-json\/wp\/v2\/tags?post=14665"},{"taxonomy":"service_category","embeddable":true,"href":"https:\/\/www.planetel.it\/en\/wp-json\/wp\/v2\/service_category?post=14665"}],"curies":[{"name":"wp","href":"https:\/\/api.w.org\/{rel}","templated":true}]}}