{"id":14669,"date":"2023-06-16T08:43:24","date_gmt":"2023-06-16T06:43:24","guid":{"rendered":"http:\/\/www.planetel.it\/2023\/06\/trivenet-entra-a-far-parte-del-gruppo-planetel\/"},"modified":"2024-06-27T12:01:55","modified_gmt":"2024-06-27T10:01:55","slug":"trivenet-entra-a-far-parte-del-gruppo-planetel","status":"publish","type":"post","link":"https:\/\/www.planetel.it\/en\/2023\/06\/trivenet-entra-a-far-parte-del-gruppo-planetel\/","title":{"rendered":"Trivenet S.r.l. entra a far parte del Gruppo Planetel"},"content":{"rendered":"<p>In data 14 giugno 2023, <strong>Planetel ha sottoscritto un accordo vincolante per l\u2019acquisizione di <a href=\"https:\/\/www.trivenet.it\/\" target=\"_blank\" rel=\"noopener\">Trivenet S.r.l.<\/a><\/strong>, Operatore di Telecomunicazioni veneto presente con forza nelle aree delle province di Padova, Treviso e Vicenza. Per l\u2019azienda bergamasca si tratta della terza operazione di questo tipo dalla quotazione in borsa, dopo quelle che hanno portato all\u2019interno del Gruppo le realt\u00e0 di <a href=\"https:\/\/www.direte.it\/\" target=\"_blank\" rel=\"noopener\">Direte S.r.l.<\/a> e <a href=\"https:\/\/www.net-admin.it\/\" target=\"_blank\" rel=\"noopener\">Net-Admin S.r.l.<\/a><\/p>\n<p>Trivenet, nel dettaglio, \u00e8 un Operatore veneto proprietario di una <strong>rete FWA autonoma<\/strong>, attraverso la quale fornisce soluzioni esclusive di servizi internet e fonia ai massimi livelli qualitativi. Da quasi 25 anni serve moltissime tra le Aziende pi\u00f9 blasonate del territorio con le soluzioni tecnologicamente pi\u00f9 avanzate mediante una propria centrale telefonica interconnessa alla rete telefonica generale; inoltre, offre servizi di Housing presso un <strong>data center di propriet\u00e0<\/strong>.<\/p>\n<p>L\u2019acquisizione di Trivenet consentir\u00e0 a Planetel di espandere ulteriormente la propria presenza geografica in Veneto penetrando le nuove provincie di Padova, Treviso e Vicenza, arrivando cos\u00ec a coprire quasi tutta la regione con la propria rete commerciale e offerta di servizi. In aggiunta, essendo Trivenet orientata pressoch\u00e9 esclusivamente su una clientela di tipo business, l\u2019operazione dar\u00e0 modo a Planetel di ampliare e sviluppare la propria offerta di servizi di connettivit\u00e0 nei confronti del target corporate di quei territori, fornendo altres\u00ec soluzioni innovative grazie ai propri servizi in fibra ottica, cloud e cybersecurity.<\/p>\n<p>Grande soddisfazione, naturalmente, da parte di <strong>Bruno Pianetti, Presidente e Amministratore Delegato di Planetel<\/strong>: \u201c<em>Siamo molto soddisfatti di questa operazione cos\u00ec sinergica che consentir\u00e0 di estendere la nostra presenza geografica in una Regione per noi strategica. Con Trivenet condividiamo una visione comune e siamo lieti della futura integrazione. L\u2019operazione, grazie alla nuova clientela corporate ci consentir\u00e0 di estendere la nostra offerta di servizi innovativi integrati in nuove aree e mercati accelerando cos\u00ec ulteriormente il nostro percorso di crescita, oltre a garantire un\u2019offerta pi\u00f9 completa e innovativa ai Clienti Trivenet. Con l\u2019integrazione del team Trivenet amplieremo le competenze del gruppo nei servizi FWA, grazie anche ad un gruppo storico e consolidato di professionisti, alla loro conoscenza e gestione delle relazioni sul territorio in linea con le nostre strategie di prossimit\u00e0 al Cliente, forti di un servizio di alta qualit\u00e0, un\u2019esperienza ultraventennale nell\u2019erogazione di servizi IT, che ci consentir\u00e0 di integrare l\u2019offerta commerciale di Planetel<\/em>\u201d.<\/p>\n<p style=\"text-align: center;\"><a class=\"btn btn-warning\" href=\"https:\/\/www.planetel.it\/wp-content\/uploads\/2023\/06\/CS-Planetel-Acquisizione-Trivenet_2023-06-14_ITA.pdf\" target=\"_blank\" rel=\"noopener\">Scarica il Comunicato Stampa<\/a><\/p>\n","protected":false},"excerpt":{"rendered":"<p>In data 14 giugno 2023, Planetel ha sottoscritto un accordo vincolante per l\u2019acquisizione di Trivenet S.r.l., Operatore di Telecomunicazioni veneto presente con forza nelle aree delle province di Padova, Treviso e Vicenza. Per l\u2019azienda bergamasca si tratta della terza operazione di questo tipo dalla quotazione in borsa, dopo quelle che hanno portato all\u2019interno del Gruppo [&hellip;]<\/p>\n","protected":false},"author":4,"featured_media":14670,"comment_status":"closed","ping_status":"closed","sticky":false,"template":"","format":"standard","meta":{"_acf_changed":false,"footnotes":""},"categories":[672,723,734],"tags":[358,421,475,476,477,478,479],"service_category":[],"class_list":["post-14669","post","type-post","status-publish","format-standard","has-post-thumbnail","hentry","category-planetel","category-il-gruppo","category-investitori","tag-planetel","tag-connettivita","tag-acquisizione","tag-fwa","tag-housing","tag-trivenet","tag-veneto"],"acf":[],"yoast_head":"<!-- This site is optimized with the Yoast SEO plugin v27.3 - https:\/\/yoast.com\/product\/yoast-seo-wordpress\/ -->\n<title>Trivenet S.r.l. entra a far parte del Gruppo Planetel<\/title>\n<meta name=\"description\" content=\"Planetel continua la sua espansione a est con l&#039;acquisizione di Trivenet S.r.l., operatore di telecomunicazioni veneto con focus sul B2B.\" \/>\n<meta name=\"robots\" content=\"index, follow, max-snippet:-1, max-image-preview:large, max-video-preview:-1\" \/>\n<link rel=\"canonical\" href=\"https:\/\/www.planetel.it\/en\/2023\/06\/trivenet-entra-a-far-parte-del-gruppo-planetel\/\" \/>\n<meta property=\"og:locale\" content=\"en_US\" \/>\n<meta property=\"og:type\" content=\"article\" \/>\n<meta property=\"og:title\" content=\"Trivenet S.r.l. entra a far parte del Gruppo Planetel\" \/>\n<meta property=\"og:description\" content=\"Planetel continua la sua espansione a est con l&#039;acquisizione di Trivenet S.r.l., operatore di telecomunicazioni veneto con focus sul B2B.\" \/>\n<meta property=\"og:url\" content=\"https:\/\/www.planetel.it\/en\/2023\/06\/trivenet-entra-a-far-parte-del-gruppo-planetel\/\" \/>\n<meta property=\"og:site_name\" content=\"Planetel\" \/>\n<meta property=\"article:publisher\" content=\"https:\/\/www.facebook.com\/planetelspa\" \/>\n<meta property=\"article:published_time\" content=\"2023-06-16T06:43:24+00:00\" \/>\n<meta property=\"article:modified_time\" content=\"2024-06-27T10:01:55+00:00\" \/>\n<meta property=\"og:image\" content=\"https:\/\/preprod-www.planetel.it\/wp-content\/uploads\/2024\/05\/planetel-trevinet.png\" \/>\n\t<meta property=\"og:image:width\" content=\"1200\" \/>\n\t<meta property=\"og:image:height\" content=\"630\" \/>\n\t<meta property=\"og:image:type\" content=\"image\/png\" \/>\n<meta name=\"twitter:card\" content=\"summary_large_image\" \/>\n<meta name=\"twitter:label1\" content=\"Written by\" \/>\n\t<meta name=\"twitter:data1\" content=\"Andrea Brumana\" \/>\n\t<meta name=\"twitter:label2\" content=\"Est. reading time\" \/>\n\t<meta name=\"twitter:data2\" content=\"3 minutes\" \/>\n<script type=\"application\/ld+json\" class=\"yoast-schema-graph\">{\"@context\":\"https:\\\/\\\/schema.org\",\"@graph\":[{\"@type\":\"Article\",\"@id\":\"https:\\\/\\\/www.planetel.it\\\/en\\\/2023\\\/06\\\/trivenet-entra-a-far-parte-del-gruppo-planetel\\\/#article\",\"isPartOf\":{\"@id\":\"https:\\\/\\\/www.planetel.it\\\/en\\\/2023\\\/06\\\/trivenet-entra-a-far-parte-del-gruppo-planetel\\\/\"},\"author\":{\"name\":\"Andrea Brumana\",\"@id\":\"https:\\\/\\\/www.planetel.it\\\/en\\\/#\\\/schema\\\/person\\\/8e74703d23ff222042246a845bb004fa\"},\"headline\":\"Trivenet S.r.l. entra a far parte del Gruppo Planetel\",\"datePublished\":\"2023-06-16T06:43:24+00:00\",\"dateModified\":\"2024-06-27T10:01:55+00:00\",\"mainEntityOfPage\":{\"@id\":\"https:\\\/\\\/www.planetel.it\\\/en\\\/2023\\\/06\\\/trivenet-entra-a-far-parte-del-gruppo-planetel\\\/\"},\"wordCount\":404,\"publisher\":{\"@id\":\"https:\\\/\\\/www.planetel.it\\\/en\\\/#organization\"},\"image\":{\"@id\":\"https:\\\/\\\/www.planetel.it\\\/en\\\/2023\\\/06\\\/trivenet-entra-a-far-parte-del-gruppo-planetel\\\/#primaryimage\"},\"thumbnailUrl\":\"https:\\\/\\\/www.planetel.it\\\/wp-content\\\/uploads\\\/2024\\\/05\\\/planetel-trevinet.png\",\"keywords\":[\"Planetel\",\"connettivit\u00e0\",\"Acquisizione\",\"FWA\",\"Housing\",\"Trivenet\",\"Veneto\"],\"articleSection\":[\"Planetel\",\"Il gruppo\",\"Investitori\"],\"inLanguage\":\"en-US\"},{\"@type\":\"WebPage\",\"@id\":\"https:\\\/\\\/www.planetel.it\\\/en\\\/2023\\\/06\\\/trivenet-entra-a-far-parte-del-gruppo-planetel\\\/\",\"url\":\"https:\\\/\\\/www.planetel.it\\\/en\\\/2023\\\/06\\\/trivenet-entra-a-far-parte-del-gruppo-planetel\\\/\",\"name\":\"Trivenet S.r.l. entra a far parte del Gruppo Planetel\",\"isPartOf\":{\"@id\":\"https:\\\/\\\/www.planetel.it\\\/en\\\/#website\"},\"primaryImageOfPage\":{\"@id\":\"https:\\\/\\\/www.planetel.it\\\/en\\\/2023\\\/06\\\/trivenet-entra-a-far-parte-del-gruppo-planetel\\\/#primaryimage\"},\"image\":{\"@id\":\"https:\\\/\\\/www.planetel.it\\\/en\\\/2023\\\/06\\\/trivenet-entra-a-far-parte-del-gruppo-planetel\\\/#primaryimage\"},\"thumbnailUrl\":\"https:\\\/\\\/www.planetel.it\\\/wp-content\\\/uploads\\\/2024\\\/05\\\/planetel-trevinet.png\",\"datePublished\":\"2023-06-16T06:43:24+00:00\",\"dateModified\":\"2024-06-27T10:01:55+00:00\",\"description\":\"Planetel continua la sua espansione a est con l'acquisizione di Trivenet S.r.l., operatore di telecomunicazioni veneto con focus sul B2B.\",\"breadcrumb\":{\"@id\":\"https:\\\/\\\/www.planetel.it\\\/en\\\/2023\\\/06\\\/trivenet-entra-a-far-parte-del-gruppo-planetel\\\/#breadcrumb\"},\"inLanguage\":\"en-US\",\"potentialAction\":[{\"@type\":\"ReadAction\",\"target\":[\"https:\\\/\\\/www.planetel.it\\\/en\\\/2023\\\/06\\\/trivenet-entra-a-far-parte-del-gruppo-planetel\\\/\"]}]},{\"@type\":\"ImageObject\",\"inLanguage\":\"en-US\",\"@id\":\"https:\\\/\\\/www.planetel.it\\\/en\\\/2023\\\/06\\\/trivenet-entra-a-far-parte-del-gruppo-planetel\\\/#primaryimage\",\"url\":\"https:\\\/\\\/www.planetel.it\\\/wp-content\\\/uploads\\\/2024\\\/05\\\/planetel-trevinet.png\",\"contentUrl\":\"https:\\\/\\\/www.planetel.it\\\/wp-content\\\/uploads\\\/2024\\\/05\\\/planetel-trevinet.png\",\"width\":1200,\"height\":630,\"caption\":\"Trivenet\"},{\"@type\":\"BreadcrumbList\",\"@id\":\"https:\\\/\\\/www.planetel.it\\\/en\\\/2023\\\/06\\\/trivenet-entra-a-far-parte-del-gruppo-planetel\\\/#breadcrumb\",\"itemListElement\":[{\"@type\":\"ListItem\",\"position\":1,\"name\":\"Home\",\"item\":\"https:\\\/\\\/www.planetel.it\\\/en\\\/\"},{\"@type\":\"ListItem\",\"position\":2,\"name\":\"Azienda\",\"item\":\"https:\\\/\\\/www.planetel.it\\\/news\\\/blog\\\/categoria\\\/azienda\\\/\"},{\"@type\":\"ListItem\",\"position\":3,\"name\":\"Planetel\",\"item\":\"https:\\\/\\\/www.planetel.it\\\/news\\\/blog\\\/categoria\\\/planetel\\\/\"},{\"@type\":\"ListItem\",\"position\":4,\"name\":\"Trivenet S.r.l. entra a far parte del Gruppo Planetel\"}]},{\"@type\":\"WebSite\",\"@id\":\"https:\\\/\\\/www.planetel.it\\\/en\\\/#website\",\"url\":\"https:\\\/\\\/www.planetel.it\\\/en\\\/\",\"name\":\"Planetel\",\"description\":\"Pi\u00f9 che una connessione\",\"publisher\":{\"@id\":\"https:\\\/\\\/www.planetel.it\\\/en\\\/#organization\"},\"potentialAction\":[{\"@type\":\"SearchAction\",\"target\":{\"@type\":\"EntryPoint\",\"urlTemplate\":\"https:\\\/\\\/www.planetel.it\\\/en\\\/?s={search_term_string}\"},\"query-input\":{\"@type\":\"PropertyValueSpecification\",\"valueRequired\":true,\"valueName\":\"search_term_string\"}}],\"inLanguage\":\"en-US\"},{\"@type\":\"Organization\",\"@id\":\"https:\\\/\\\/www.planetel.it\\\/en\\\/#organization\",\"name\":\"Planetel S.p.A.\",\"url\":\"https:\\\/\\\/www.planetel.it\\\/en\\\/\",\"logo\":{\"@type\":\"ImageObject\",\"inLanguage\":\"en-US\",\"@id\":\"https:\\\/\\\/www.planetel.it\\\/en\\\/#\\\/schema\\\/logo\\\/image\\\/\",\"url\":\"https:\\\/\\\/www.planetel.it\\\/wp-content\\\/uploads\\\/2024\\\/04\\\/logo-group-planetel.svg\",\"contentUrl\":\"https:\\\/\\\/www.planetel.it\\\/wp-content\\\/uploads\\\/2024\\\/04\\\/logo-group-planetel.svg\",\"width\":1,\"height\":1,\"caption\":\"Planetel S.p.A.\"},\"image\":{\"@id\":\"https:\\\/\\\/www.planetel.it\\\/en\\\/#\\\/schema\\\/logo\\\/image\\\/\"},\"sameAs\":[\"https:\\\/\\\/www.facebook.com\\\/planetelspa\",\"https:\\\/\\\/www.linkedin.com\\\/company\\\/planetel\",\"https:\\\/\\\/www.instagram.com\\\/planetelspa\"]},{\"@type\":\"Person\",\"@id\":\"https:\\\/\\\/www.planetel.it\\\/en\\\/#\\\/schema\\\/person\\\/8e74703d23ff222042246a845bb004fa\",\"name\":\"Andrea Brumana\",\"image\":{\"@type\":\"ImageObject\",\"inLanguage\":\"en-US\",\"@id\":\"https:\\\/\\\/secure.gravatar.com\\\/avatar\\\/9a839884f24513d8bf063a907c74d8d2483fb1c4bbbf7cf7222c3e08581e4219?s=96&d=mm&r=g\",\"url\":\"https:\\\/\\\/secure.gravatar.com\\\/avatar\\\/9a839884f24513d8bf063a907c74d8d2483fb1c4bbbf7cf7222c3e08581e4219?s=96&d=mm&r=g\",\"contentUrl\":\"https:\\\/\\\/secure.gravatar.com\\\/avatar\\\/9a839884f24513d8bf063a907c74d8d2483fb1c4bbbf7cf7222c3e08581e4219?s=96&d=mm&r=g\",\"caption\":\"Andrea Brumana\"},\"url\":\"https:\\\/\\\/www.planetel.it\\\/en\\\/author\\\/a-brumana\\\/\"}]}<\/script>\n<!-- \/ Yoast SEO plugin. -->","yoast_head_json":{"title":"Trivenet S.r.l. entra a far parte del Gruppo Planetel","description":"Planetel continua la sua espansione a est con l'acquisizione di Trivenet S.r.l., operatore di telecomunicazioni veneto con focus sul B2B.","robots":{"index":"index","follow":"follow","max-snippet":"max-snippet:-1","max-image-preview":"max-image-preview:large","max-video-preview":"max-video-preview:-1"},"canonical":"https:\/\/www.planetel.it\/en\/2023\/06\/trivenet-entra-a-far-parte-del-gruppo-planetel\/","og_locale":"en_US","og_type":"article","og_title":"Trivenet S.r.l. entra a far parte del Gruppo Planetel","og_description":"Planetel continua la sua espansione a est con l'acquisizione di Trivenet S.r.l., operatore di telecomunicazioni veneto con focus sul B2B.","og_url":"https:\/\/www.planetel.it\/en\/2023\/06\/trivenet-entra-a-far-parte-del-gruppo-planetel\/","og_site_name":"Planetel","article_publisher":"https:\/\/www.facebook.com\/planetelspa","article_published_time":"2023-06-16T06:43:24+00:00","article_modified_time":"2024-06-27T10:01:55+00:00","og_image":[{"width":1200,"height":630,"url":"https:\/\/preprod-www.planetel.it\/wp-content\/uploads\/2024\/05\/planetel-trevinet.png","type":"image\/png"}],"twitter_card":"summary_large_image","twitter_misc":{"Written by":"Andrea Brumana","Est. reading time":"3 minutes"},"schema":{"@context":"https:\/\/schema.org","@graph":[{"@type":"Article","@id":"https:\/\/www.planetel.it\/en\/2023\/06\/trivenet-entra-a-far-parte-del-gruppo-planetel\/#article","isPartOf":{"@id":"https:\/\/www.planetel.it\/en\/2023\/06\/trivenet-entra-a-far-parte-del-gruppo-planetel\/"},"author":{"name":"Andrea Brumana","@id":"https:\/\/www.planetel.it\/en\/#\/schema\/person\/8e74703d23ff222042246a845bb004fa"},"headline":"Trivenet S.r.l. entra a far parte del Gruppo Planetel","datePublished":"2023-06-16T06:43:24+00:00","dateModified":"2024-06-27T10:01:55+00:00","mainEntityOfPage":{"@id":"https:\/\/www.planetel.it\/en\/2023\/06\/trivenet-entra-a-far-parte-del-gruppo-planetel\/"},"wordCount":404,"publisher":{"@id":"https:\/\/www.planetel.it\/en\/#organization"},"image":{"@id":"https:\/\/www.planetel.it\/en\/2023\/06\/trivenet-entra-a-far-parte-del-gruppo-planetel\/#primaryimage"},"thumbnailUrl":"https:\/\/www.planetel.it\/wp-content\/uploads\/2024\/05\/planetel-trevinet.png","keywords":["Planetel","connettivit\u00e0","Acquisizione","FWA","Housing","Trivenet","Veneto"],"articleSection":["Planetel","Il gruppo","Investitori"],"inLanguage":"en-US"},{"@type":"WebPage","@id":"https:\/\/www.planetel.it\/en\/2023\/06\/trivenet-entra-a-far-parte-del-gruppo-planetel\/","url":"https:\/\/www.planetel.it\/en\/2023\/06\/trivenet-entra-a-far-parte-del-gruppo-planetel\/","name":"Trivenet S.r.l. entra a far parte del Gruppo Planetel","isPartOf":{"@id":"https:\/\/www.planetel.it\/en\/#website"},"primaryImageOfPage":{"@id":"https:\/\/www.planetel.it\/en\/2023\/06\/trivenet-entra-a-far-parte-del-gruppo-planetel\/#primaryimage"},"image":{"@id":"https:\/\/www.planetel.it\/en\/2023\/06\/trivenet-entra-a-far-parte-del-gruppo-planetel\/#primaryimage"},"thumbnailUrl":"https:\/\/www.planetel.it\/wp-content\/uploads\/2024\/05\/planetel-trevinet.png","datePublished":"2023-06-16T06:43:24+00:00","dateModified":"2024-06-27T10:01:55+00:00","description":"Planetel continua la sua espansione a est con l'acquisizione di Trivenet S.r.l., operatore di telecomunicazioni veneto con focus sul B2B.","breadcrumb":{"@id":"https:\/\/www.planetel.it\/en\/2023\/06\/trivenet-entra-a-far-parte-del-gruppo-planetel\/#breadcrumb"},"inLanguage":"en-US","potentialAction":[{"@type":"ReadAction","target":["https:\/\/www.planetel.it\/en\/2023\/06\/trivenet-entra-a-far-parte-del-gruppo-planetel\/"]}]},{"@type":"ImageObject","inLanguage":"en-US","@id":"https:\/\/www.planetel.it\/en\/2023\/06\/trivenet-entra-a-far-parte-del-gruppo-planetel\/#primaryimage","url":"https:\/\/www.planetel.it\/wp-content\/uploads\/2024\/05\/planetel-trevinet.png","contentUrl":"https:\/\/www.planetel.it\/wp-content\/uploads\/2024\/05\/planetel-trevinet.png","width":1200,"height":630,"caption":"Trivenet"},{"@type":"BreadcrumbList","@id":"https:\/\/www.planetel.it\/en\/2023\/06\/trivenet-entra-a-far-parte-del-gruppo-planetel\/#breadcrumb","itemListElement":[{"@type":"ListItem","position":1,"name":"Home","item":"https:\/\/www.planetel.it\/en\/"},{"@type":"ListItem","position":2,"name":"Azienda","item":"https:\/\/www.planetel.it\/news\/blog\/categoria\/azienda\/"},{"@type":"ListItem","position":3,"name":"Planetel","item":"https:\/\/www.planetel.it\/news\/blog\/categoria\/planetel\/"},{"@type":"ListItem","position":4,"name":"Trivenet S.r.l. entra a far parte del Gruppo Planetel"}]},{"@type":"WebSite","@id":"https:\/\/www.planetel.it\/en\/#website","url":"https:\/\/www.planetel.it\/en\/","name":"Planetel","description":"Pi\u00f9 che una connessione","publisher":{"@id":"https:\/\/www.planetel.it\/en\/#organization"},"potentialAction":[{"@type":"SearchAction","target":{"@type":"EntryPoint","urlTemplate":"https:\/\/www.planetel.it\/en\/?s={search_term_string}"},"query-input":{"@type":"PropertyValueSpecification","valueRequired":true,"valueName":"search_term_string"}}],"inLanguage":"en-US"},{"@type":"Organization","@id":"https:\/\/www.planetel.it\/en\/#organization","name":"Planetel S.p.A.","url":"https:\/\/www.planetel.it\/en\/","logo":{"@type":"ImageObject","inLanguage":"en-US","@id":"https:\/\/www.planetel.it\/en\/#\/schema\/logo\/image\/","url":"https:\/\/www.planetel.it\/wp-content\/uploads\/2024\/04\/logo-group-planetel.svg","contentUrl":"https:\/\/www.planetel.it\/wp-content\/uploads\/2024\/04\/logo-group-planetel.svg","width":1,"height":1,"caption":"Planetel S.p.A."},"image":{"@id":"https:\/\/www.planetel.it\/en\/#\/schema\/logo\/image\/"},"sameAs":["https:\/\/www.facebook.com\/planetelspa","https:\/\/www.linkedin.com\/company\/planetel","https:\/\/www.instagram.com\/planetelspa"]},{"@type":"Person","@id":"https:\/\/www.planetel.it\/en\/#\/schema\/person\/8e74703d23ff222042246a845bb004fa","name":"Andrea Brumana","image":{"@type":"ImageObject","inLanguage":"en-US","@id":"https:\/\/secure.gravatar.com\/avatar\/9a839884f24513d8bf063a907c74d8d2483fb1c4bbbf7cf7222c3e08581e4219?s=96&d=mm&r=g","url":"https:\/\/secure.gravatar.com\/avatar\/9a839884f24513d8bf063a907c74d8d2483fb1c4bbbf7cf7222c3e08581e4219?s=96&d=mm&r=g","contentUrl":"https:\/\/secure.gravatar.com\/avatar\/9a839884f24513d8bf063a907c74d8d2483fb1c4bbbf7cf7222c3e08581e4219?s=96&d=mm&r=g","caption":"Andrea Brumana"},"url":"https:\/\/www.planetel.it\/en\/author\/a-brumana\/"}]}},"_links":{"self":[{"href":"https:\/\/www.planetel.it\/en\/wp-json\/wp\/v2\/posts\/14669","targetHints":{"allow":["GET"]}}],"collection":[{"href":"https:\/\/www.planetel.it\/en\/wp-json\/wp\/v2\/posts"}],"about":[{"href":"https:\/\/www.planetel.it\/en\/wp-json\/wp\/v2\/types\/post"}],"author":[{"embeddable":true,"href":"https:\/\/www.planetel.it\/en\/wp-json\/wp\/v2\/users\/4"}],"replies":[{"embeddable":true,"href":"https:\/\/www.planetel.it\/en\/wp-json\/wp\/v2\/comments?post=14669"}],"version-history":[{"count":1,"href":"https:\/\/www.planetel.it\/en\/wp-json\/wp\/v2\/posts\/14669\/revisions"}],"predecessor-version":[{"id":17708,"href":"https:\/\/www.planetel.it\/en\/wp-json\/wp\/v2\/posts\/14669\/revisions\/17708"}],"wp:featuredmedia":[{"embeddable":true,"href":"https:\/\/www.planetel.it\/en\/wp-json\/wp\/v2\/media\/14670"}],"wp:attachment":[{"href":"https:\/\/www.planetel.it\/en\/wp-json\/wp\/v2\/media?parent=14669"}],"wp:term":[{"taxonomy":"category","embeddable":true,"href":"https:\/\/www.planetel.it\/en\/wp-json\/wp\/v2\/categories?post=14669"},{"taxonomy":"post_tag","embeddable":true,"href":"https:\/\/www.planetel.it\/en\/wp-json\/wp\/v2\/tags?post=14669"},{"taxonomy":"service_category","embeddable":true,"href":"https:\/\/www.planetel.it\/en\/wp-json\/wp\/v2\/service_category?post=14669"}],"curies":[{"name":"wp","href":"https:\/\/api.w.org\/{rel}","templated":true}]}}