{"id":14714,"date":"2023-06-30T12:20:06","date_gmt":"2023-06-30T10:20:06","guid":{"rendered":"http:\/\/www.planetel.it\/2023\/06\/coppa-planetel-in-arrivo-la-3-edizione\/"},"modified":"2024-06-27T11:58:47","modified_gmt":"2024-06-27T09:58:47","slug":"coppa-planetel-in-arrivo-la-3-edizione","status":"publish","type":"post","link":"https:\/\/www.planetel.it\/en\/2023\/06\/coppa-planetel-in-arrivo-la-3-edizione\/","title":{"rendered":"Coppa Planetel: in arrivo la 3^ edizione!"},"content":{"rendered":"<p>Annuncio importante a tutti i golfisti: preparate la borsa e lucidate i ferri perch\u00e9 \u00e8 in arrivo la 3^ edizione della <strong>Coppa Planetel<\/strong>, torneo su gara singola 18 buche Stableford a 3 categorie e con durata di 1 giro. Dopo il successo e la numerosa partecipazione dello scorso anno, infatti, si \u00e8 deciso di replicare il format per decretare le nuove vincitrici o i nuovi vincitori che si aggiudicheranno il trofeo.<\/p>\n<h2>Qualche informazione utile<\/h2>\n<p>La competizione avr\u00e0 luogo nella suggestiva cornice del <a href=\"https:\/\/www.golfbogliaco.com\/it\" target=\"_blank\" rel=\"noopener\"><strong>Golf Bogliaco<\/strong><\/a>, un circolo secolare situato a Toscolano Maderno (BS) sulla sponda orientale del Lago di Garda. Incastonato in una conca verde, la location d\u00e0 ai suoi visitatori la possibilit\u00e0 di giocare su un campo affacciato direttamente sul lago, assicurando cos\u00ec relax, confort, e professionalit\u00e0, oltre che una vista spettacolare.<\/p>\n<p>La data da cerchiare sul calendario \u00e8 l\u2019<strong>8 luglio<\/strong>, un sabato di inizio estate in cui la bellezza e la difficolt\u00e0 di questo sport si intrecciano con la sensibilit\u00e0 e l\u2019impegno di Planetel per tutto ci\u00f2 che riguarda il<strong> territorio<\/strong>, la <strong>sostenibilit\u00e0<\/strong> e lo <strong>sport<\/strong>.<\/p>\n<p>Noi saremo presenti per accogliere i partecipanti e i nostri esperti saranno felici di chiacchierare con chiunque desideri conoscere meglio la nostra realt\u00e0 e approfondire i nostri servizi. Il ventaglio di soluzioni che Planetel \u00e8 in grado di fornire \u00e8 in costante espansione, riuscendo cos\u00ec ad accontentare sia i privati desiderosi di una connettivit\u00e0 performante in fibra ottica sia i diversi imprenditori alla ricerca di servizi cloud e IT per la sicurezza della propria azienda.<\/p>\n<h2>Perch\u00e9 la Coppa Planetel?<\/h2>\n<p>Planetel, ormai da 3 anni, sottoscrive attraverso questa manifestazione il legame che la lega al Circolo di Bogliaco e, soprattutto, all\u2019area che affaccia sul lago di Garda. L\u2019espansione a oriente che stiamo portando avanti con applicazione e costanza, infatti, testimonia l\u2019impegno dell\u2019azienda nell\u2019investire risorse in questa zona, cablando sempre pi\u00f9 citt\u00e0 e ampliando la portata della nostra infrastruttura proprietaria, cos\u00ec da poter mettere a disposizione dei clienti il nostro intero portafoglio d\u2019offerta.<\/p>\n<p>Oltre alla <strong>territorialit\u00e0<\/strong>, che rappresenta per Planetel uno dei suoi valori cardine, altri due aspetti che l\u2019azienda abbraccia sono lo <strong>sport<\/strong> e la <strong>sostenibilit\u00e0<\/strong>. Il primo richiede precisione e caparbiet\u00e0 nel raggiungere gli obiettivi prefissati e sono le stesse caratteristiche su cui noi di Planetel basiamo il rapporto con i clienti. La seconda necessita di essere coltivata e seguita con attenzione, arrivando a migliorare cos\u00ec sia i processi interni sia la nostra convivenza con l\u2019ambiente che abbiamo intorno. In quest\u2019ottica, siamo felici di prendere parte e dare il nostro contributo a realt\u00e0 ed eventi che condividono i nostri stessi valori.<\/p>\n<h3>Planetel mette a disposizione dei propri clienti <span style=\"text-decoration: underline;\">4 pass gratuiti<\/span> per partecipare alla gara. Chi fosse interessato \u00e8 pregato di prenotare il suo ingresso scrivendo una e-mail a: <a href=\"mailto:marketing@planetel.it\"><span style=\"text-decoration: underline;\">marketing@planetel.it<\/span><\/a><\/h3>\n","protected":false},"excerpt":{"rendered":"<p>Annuncio importante a tutti i golfisti: preparate la borsa e lucidate i ferri perch\u00e9 \u00e8 in arrivo la 3^ edizione della Coppa Planetel, torneo su gara singola 18 buche Stableford a 3 categorie e con durata di 1 giro. Dopo il successo e la numerosa partecipazione dello scorso anno, infatti, si \u00e8 deciso di replicare [&hellip;]<\/p>\n","protected":false},"author":4,"featured_media":14715,"comment_status":"closed","ping_status":"closed","sticky":false,"template":"","format":"standard","meta":{"_acf_changed":false,"footnotes":""},"categories":[716,672,729],"tags":[481,483,484,485,486],"service_category":[],"class_list":["post-14714","post","type-post","status-publish","format-standard","has-post-thumbnail","hentry","category-privati","category-planetel","category-sponsorizzazioni","tag-lago-di-garda","tag-coppa-planetel","tag-golf","tag-golf-bogliaco","tag-toscolano-maderno"],"acf":[],"yoast_head":"<!-- This site is optimized with the Yoast SEO plugin v27.3 - https:\/\/yoast.com\/product\/yoast-seo-wordpress\/ -->\n<title>Coppa Planetel: in arrivo la terza edizione<\/title>\n<meta name=\"description\" content=\"La gara di Golf targata Planetel si svolger\u00e0 sabato 8 luglio presso il Circolo di Bogliaco a Toscolano Maderno (BS). Scopri di pi\u00f9.\" \/>\n<meta name=\"robots\" content=\"index, follow, max-snippet:-1, max-image-preview:large, max-video-preview:-1\" \/>\n<link rel=\"canonical\" href=\"https:\/\/www.planetel.it\/en\/2023\/06\/coppa-planetel-in-arrivo-la-3-edizione\/\" \/>\n<meta property=\"og:locale\" content=\"en_US\" \/>\n<meta property=\"og:type\" content=\"article\" \/>\n<meta property=\"og:title\" content=\"Coppa Planetel: in arrivo la terza edizione\" \/>\n<meta property=\"og:description\" content=\"La gara di Golf targata Planetel si svolger\u00e0 sabato 8 luglio presso il Circolo di Bogliaco a Toscolano Maderno (BS). Scopri di pi\u00f9.\" \/>\n<meta property=\"og:url\" content=\"https:\/\/www.planetel.it\/en\/2023\/06\/coppa-planetel-in-arrivo-la-3-edizione\/\" \/>\n<meta property=\"og:site_name\" content=\"Planetel\" \/>\n<meta property=\"article:publisher\" content=\"https:\/\/www.facebook.com\/planetelspa\" \/>\n<meta property=\"article:published_time\" content=\"2023-06-30T10:20:06+00:00\" \/>\n<meta property=\"article:modified_time\" content=\"2024-06-27T09:58:47+00:00\" \/>\n<meta property=\"og:image\" content=\"https:\/\/preprod-www.planetel.it\/wp-content\/uploads\/2024\/05\/coppa-planetel-news.png\" \/>\n\t<meta property=\"og:image:width\" content=\"1200\" \/>\n\t<meta property=\"og:image:height\" content=\"630\" \/>\n\t<meta property=\"og:image:type\" content=\"image\/png\" \/>\n<meta name=\"twitter:card\" content=\"summary_large_image\" \/>\n<meta name=\"twitter:label1\" content=\"Written by\" \/>\n\t<meta name=\"twitter:data1\" content=\"Andrea Brumana\" \/>\n\t<meta name=\"twitter:label2\" content=\"Est. reading time\" \/>\n\t<meta name=\"twitter:data2\" content=\"3 minutes\" \/>\n<script type=\"application\/ld+json\" class=\"yoast-schema-graph\">{\"@context\":\"https:\\\/\\\/schema.org\",\"@graph\":[{\"@type\":\"Article\",\"@id\":\"https:\\\/\\\/www.planetel.it\\\/en\\\/2023\\\/06\\\/coppa-planetel-in-arrivo-la-3-edizione\\\/#article\",\"isPartOf\":{\"@id\":\"https:\\\/\\\/www.planetel.it\\\/en\\\/2023\\\/06\\\/coppa-planetel-in-arrivo-la-3-edizione\\\/\"},\"author\":{\"name\":\"Andrea Brumana\",\"@id\":\"https:\\\/\\\/www.planetel.it\\\/en\\\/#\\\/schema\\\/person\\\/8e74703d23ff222042246a845bb004fa\"},\"headline\":\"Coppa Planetel: in arrivo la 3^ edizione!\",\"datePublished\":\"2023-06-30T10:20:06+00:00\",\"dateModified\":\"2024-06-27T09:58:47+00:00\",\"mainEntityOfPage\":{\"@id\":\"https:\\\/\\\/www.planetel.it\\\/en\\\/2023\\\/06\\\/coppa-planetel-in-arrivo-la-3-edizione\\\/\"},\"wordCount\":463,\"publisher\":{\"@id\":\"https:\\\/\\\/www.planetel.it\\\/en\\\/#organization\"},\"image\":{\"@id\":\"https:\\\/\\\/www.planetel.it\\\/en\\\/2023\\\/06\\\/coppa-planetel-in-arrivo-la-3-edizione\\\/#primaryimage\"},\"thumbnailUrl\":\"https:\\\/\\\/www.planetel.it\\\/wp-content\\\/uploads\\\/2024\\\/05\\\/coppa-planetel-news.png\",\"keywords\":[\"lago di garda\",\"coppa planetel\",\"golf\",\"golf bogliaco\",\"toscolano maderno\"],\"articleSection\":[\"Privati\",\"Planetel\",\"Sponsorizzazioni\"],\"inLanguage\":\"en-US\"},{\"@type\":\"WebPage\",\"@id\":\"https:\\\/\\\/www.planetel.it\\\/en\\\/2023\\\/06\\\/coppa-planetel-in-arrivo-la-3-edizione\\\/\",\"url\":\"https:\\\/\\\/www.planetel.it\\\/en\\\/2023\\\/06\\\/coppa-planetel-in-arrivo-la-3-edizione\\\/\",\"name\":\"Coppa Planetel: in arrivo la terza edizione\",\"isPartOf\":{\"@id\":\"https:\\\/\\\/www.planetel.it\\\/en\\\/#website\"},\"primaryImageOfPage\":{\"@id\":\"https:\\\/\\\/www.planetel.it\\\/en\\\/2023\\\/06\\\/coppa-planetel-in-arrivo-la-3-edizione\\\/#primaryimage\"},\"image\":{\"@id\":\"https:\\\/\\\/www.planetel.it\\\/en\\\/2023\\\/06\\\/coppa-planetel-in-arrivo-la-3-edizione\\\/#primaryimage\"},\"thumbnailUrl\":\"https:\\\/\\\/www.planetel.it\\\/wp-content\\\/uploads\\\/2024\\\/05\\\/coppa-planetel-news.png\",\"datePublished\":\"2023-06-30T10:20:06+00:00\",\"dateModified\":\"2024-06-27T09:58:47+00:00\",\"description\":\"La gara di Golf targata Planetel si svolger\u00e0 sabato 8 luglio presso il Circolo di Bogliaco a Toscolano Maderno (BS). Scopri di pi\u00f9.\",\"breadcrumb\":{\"@id\":\"https:\\\/\\\/www.planetel.it\\\/en\\\/2023\\\/06\\\/coppa-planetel-in-arrivo-la-3-edizione\\\/#breadcrumb\"},\"inLanguage\":\"en-US\",\"potentialAction\":[{\"@type\":\"ReadAction\",\"target\":[\"https:\\\/\\\/www.planetel.it\\\/en\\\/2023\\\/06\\\/coppa-planetel-in-arrivo-la-3-edizione\\\/\"]}]},{\"@type\":\"ImageObject\",\"inLanguage\":\"en-US\",\"@id\":\"https:\\\/\\\/www.planetel.it\\\/en\\\/2023\\\/06\\\/coppa-planetel-in-arrivo-la-3-edizione\\\/#primaryimage\",\"url\":\"https:\\\/\\\/www.planetel.it\\\/wp-content\\\/uploads\\\/2024\\\/05\\\/coppa-planetel-news.png\",\"contentUrl\":\"https:\\\/\\\/www.planetel.it\\\/wp-content\\\/uploads\\\/2024\\\/05\\\/coppa-planetel-news.png\",\"width\":1200,\"height\":630,\"caption\":\"Coppa Planetel\"},{\"@type\":\"BreadcrumbList\",\"@id\":\"https:\\\/\\\/www.planetel.it\\\/en\\\/2023\\\/06\\\/coppa-planetel-in-arrivo-la-3-edizione\\\/#breadcrumb\",\"itemListElement\":[{\"@type\":\"ListItem\",\"position\":1,\"name\":\"Home\",\"item\":\"https:\\\/\\\/www.planetel.it\\\/en\\\/\"},{\"@type\":\"ListItem\",\"position\":2,\"name\":\"Clienti\",\"item\":\"https:\\\/\\\/www.planetel.it\\\/news\\\/blog\\\/categoria\\\/clienti\\\/\"},{\"@type\":\"ListItem\",\"position\":3,\"name\":\"Privati\",\"item\":\"https:\\\/\\\/www.planetel.it\\\/news\\\/blog\\\/categoria\\\/privati\\\/\"},{\"@type\":\"ListItem\",\"position\":4,\"name\":\"Coppa Planetel: in arrivo la 3^ edizione!\"}]},{\"@type\":\"WebSite\",\"@id\":\"https:\\\/\\\/www.planetel.it\\\/en\\\/#website\",\"url\":\"https:\\\/\\\/www.planetel.it\\\/en\\\/\",\"name\":\"Planetel\",\"description\":\"Pi\u00f9 che una connessione\",\"publisher\":{\"@id\":\"https:\\\/\\\/www.planetel.it\\\/en\\\/#organization\"},\"potentialAction\":[{\"@type\":\"SearchAction\",\"target\":{\"@type\":\"EntryPoint\",\"urlTemplate\":\"https:\\\/\\\/www.planetel.it\\\/en\\\/?s={search_term_string}\"},\"query-input\":{\"@type\":\"PropertyValueSpecification\",\"valueRequired\":true,\"valueName\":\"search_term_string\"}}],\"inLanguage\":\"en-US\"},{\"@type\":\"Organization\",\"@id\":\"https:\\\/\\\/www.planetel.it\\\/en\\\/#organization\",\"name\":\"Planetel S.p.A.\",\"url\":\"https:\\\/\\\/www.planetel.it\\\/en\\\/\",\"logo\":{\"@type\":\"ImageObject\",\"inLanguage\":\"en-US\",\"@id\":\"https:\\\/\\\/www.planetel.it\\\/en\\\/#\\\/schema\\\/logo\\\/image\\\/\",\"url\":\"https:\\\/\\\/www.planetel.it\\\/wp-content\\\/uploads\\\/2024\\\/04\\\/logo-group-planetel.svg\",\"contentUrl\":\"https:\\\/\\\/www.planetel.it\\\/wp-content\\\/uploads\\\/2024\\\/04\\\/logo-group-planetel.svg\",\"width\":1,\"height\":1,\"caption\":\"Planetel S.p.A.\"},\"image\":{\"@id\":\"https:\\\/\\\/www.planetel.it\\\/en\\\/#\\\/schema\\\/logo\\\/image\\\/\"},\"sameAs\":[\"https:\\\/\\\/www.facebook.com\\\/planetelspa\",\"https:\\\/\\\/www.linkedin.com\\\/company\\\/planetel\",\"https:\\\/\\\/www.instagram.com\\\/planetelspa\"]},{\"@type\":\"Person\",\"@id\":\"https:\\\/\\\/www.planetel.it\\\/en\\\/#\\\/schema\\\/person\\\/8e74703d23ff222042246a845bb004fa\",\"name\":\"Andrea Brumana\",\"image\":{\"@type\":\"ImageObject\",\"inLanguage\":\"en-US\",\"@id\":\"https:\\\/\\\/secure.gravatar.com\\\/avatar\\\/9a839884f24513d8bf063a907c74d8d2483fb1c4bbbf7cf7222c3e08581e4219?s=96&d=mm&r=g\",\"url\":\"https:\\\/\\\/secure.gravatar.com\\\/avatar\\\/9a839884f24513d8bf063a907c74d8d2483fb1c4bbbf7cf7222c3e08581e4219?s=96&d=mm&r=g\",\"contentUrl\":\"https:\\\/\\\/secure.gravatar.com\\\/avatar\\\/9a839884f24513d8bf063a907c74d8d2483fb1c4bbbf7cf7222c3e08581e4219?s=96&d=mm&r=g\",\"caption\":\"Andrea Brumana\"},\"url\":\"https:\\\/\\\/www.planetel.it\\\/en\\\/author\\\/a-brumana\\\/\"}]}<\/script>\n<!-- \/ Yoast SEO plugin. -->","yoast_head_json":{"title":"Coppa Planetel: in arrivo la terza edizione","description":"La gara di Golf targata Planetel si svolger\u00e0 sabato 8 luglio presso il Circolo di Bogliaco a Toscolano Maderno (BS). Scopri di pi\u00f9.","robots":{"index":"index","follow":"follow","max-snippet":"max-snippet:-1","max-image-preview":"max-image-preview:large","max-video-preview":"max-video-preview:-1"},"canonical":"https:\/\/www.planetel.it\/en\/2023\/06\/coppa-planetel-in-arrivo-la-3-edizione\/","og_locale":"en_US","og_type":"article","og_title":"Coppa Planetel: in arrivo la terza edizione","og_description":"La gara di Golf targata Planetel si svolger\u00e0 sabato 8 luglio presso il Circolo di Bogliaco a Toscolano Maderno (BS). Scopri di pi\u00f9.","og_url":"https:\/\/www.planetel.it\/en\/2023\/06\/coppa-planetel-in-arrivo-la-3-edizione\/","og_site_name":"Planetel","article_publisher":"https:\/\/www.facebook.com\/planetelspa","article_published_time":"2023-06-30T10:20:06+00:00","article_modified_time":"2024-06-27T09:58:47+00:00","og_image":[{"width":1200,"height":630,"url":"https:\/\/preprod-www.planetel.it\/wp-content\/uploads\/2024\/05\/coppa-planetel-news.png","type":"image\/png"}],"twitter_card":"summary_large_image","twitter_misc":{"Written by":"Andrea Brumana","Est. reading time":"3 minutes"},"schema":{"@context":"https:\/\/schema.org","@graph":[{"@type":"Article","@id":"https:\/\/www.planetel.it\/en\/2023\/06\/coppa-planetel-in-arrivo-la-3-edizione\/#article","isPartOf":{"@id":"https:\/\/www.planetel.it\/en\/2023\/06\/coppa-planetel-in-arrivo-la-3-edizione\/"},"author":{"name":"Andrea Brumana","@id":"https:\/\/www.planetel.it\/en\/#\/schema\/person\/8e74703d23ff222042246a845bb004fa"},"headline":"Coppa Planetel: in arrivo la 3^ edizione!","datePublished":"2023-06-30T10:20:06+00:00","dateModified":"2024-06-27T09:58:47+00:00","mainEntityOfPage":{"@id":"https:\/\/www.planetel.it\/en\/2023\/06\/coppa-planetel-in-arrivo-la-3-edizione\/"},"wordCount":463,"publisher":{"@id":"https:\/\/www.planetel.it\/en\/#organization"},"image":{"@id":"https:\/\/www.planetel.it\/en\/2023\/06\/coppa-planetel-in-arrivo-la-3-edizione\/#primaryimage"},"thumbnailUrl":"https:\/\/www.planetel.it\/wp-content\/uploads\/2024\/05\/coppa-planetel-news.png","keywords":["lago di garda","coppa planetel","golf","golf bogliaco","toscolano maderno"],"articleSection":["Privati","Planetel","Sponsorizzazioni"],"inLanguage":"en-US"},{"@type":"WebPage","@id":"https:\/\/www.planetel.it\/en\/2023\/06\/coppa-planetel-in-arrivo-la-3-edizione\/","url":"https:\/\/www.planetel.it\/en\/2023\/06\/coppa-planetel-in-arrivo-la-3-edizione\/","name":"Coppa Planetel: in arrivo la terza edizione","isPartOf":{"@id":"https:\/\/www.planetel.it\/en\/#website"},"primaryImageOfPage":{"@id":"https:\/\/www.planetel.it\/en\/2023\/06\/coppa-planetel-in-arrivo-la-3-edizione\/#primaryimage"},"image":{"@id":"https:\/\/www.planetel.it\/en\/2023\/06\/coppa-planetel-in-arrivo-la-3-edizione\/#primaryimage"},"thumbnailUrl":"https:\/\/www.planetel.it\/wp-content\/uploads\/2024\/05\/coppa-planetel-news.png","datePublished":"2023-06-30T10:20:06+00:00","dateModified":"2024-06-27T09:58:47+00:00","description":"La gara di Golf targata Planetel si svolger\u00e0 sabato 8 luglio presso il Circolo di Bogliaco a Toscolano Maderno (BS). Scopri di pi\u00f9.","breadcrumb":{"@id":"https:\/\/www.planetel.it\/en\/2023\/06\/coppa-planetel-in-arrivo-la-3-edizione\/#breadcrumb"},"inLanguage":"en-US","potentialAction":[{"@type":"ReadAction","target":["https:\/\/www.planetel.it\/en\/2023\/06\/coppa-planetel-in-arrivo-la-3-edizione\/"]}]},{"@type":"ImageObject","inLanguage":"en-US","@id":"https:\/\/www.planetel.it\/en\/2023\/06\/coppa-planetel-in-arrivo-la-3-edizione\/#primaryimage","url":"https:\/\/www.planetel.it\/wp-content\/uploads\/2024\/05\/coppa-planetel-news.png","contentUrl":"https:\/\/www.planetel.it\/wp-content\/uploads\/2024\/05\/coppa-planetel-news.png","width":1200,"height":630,"caption":"Coppa Planetel"},{"@type":"BreadcrumbList","@id":"https:\/\/www.planetel.it\/en\/2023\/06\/coppa-planetel-in-arrivo-la-3-edizione\/#breadcrumb","itemListElement":[{"@type":"ListItem","position":1,"name":"Home","item":"https:\/\/www.planetel.it\/en\/"},{"@type":"ListItem","position":2,"name":"Clienti","item":"https:\/\/www.planetel.it\/news\/blog\/categoria\/clienti\/"},{"@type":"ListItem","position":3,"name":"Privati","item":"https:\/\/www.planetel.it\/news\/blog\/categoria\/privati\/"},{"@type":"ListItem","position":4,"name":"Coppa Planetel: in arrivo la 3^ edizione!"}]},{"@type":"WebSite","@id":"https:\/\/www.planetel.it\/en\/#website","url":"https:\/\/www.planetel.it\/en\/","name":"Planetel","description":"Pi\u00f9 che una connessione","publisher":{"@id":"https:\/\/www.planetel.it\/en\/#organization"},"potentialAction":[{"@type":"SearchAction","target":{"@type":"EntryPoint","urlTemplate":"https:\/\/www.planetel.it\/en\/?s={search_term_string}"},"query-input":{"@type":"PropertyValueSpecification","valueRequired":true,"valueName":"search_term_string"}}],"inLanguage":"en-US"},{"@type":"Organization","@id":"https:\/\/www.planetel.it\/en\/#organization","name":"Planetel S.p.A.","url":"https:\/\/www.planetel.it\/en\/","logo":{"@type":"ImageObject","inLanguage":"en-US","@id":"https:\/\/www.planetel.it\/en\/#\/schema\/logo\/image\/","url":"https:\/\/www.planetel.it\/wp-content\/uploads\/2024\/04\/logo-group-planetel.svg","contentUrl":"https:\/\/www.planetel.it\/wp-content\/uploads\/2024\/04\/logo-group-planetel.svg","width":1,"height":1,"caption":"Planetel S.p.A."},"image":{"@id":"https:\/\/www.planetel.it\/en\/#\/schema\/logo\/image\/"},"sameAs":["https:\/\/www.facebook.com\/planetelspa","https:\/\/www.linkedin.com\/company\/planetel","https:\/\/www.instagram.com\/planetelspa"]},{"@type":"Person","@id":"https:\/\/www.planetel.it\/en\/#\/schema\/person\/8e74703d23ff222042246a845bb004fa","name":"Andrea Brumana","image":{"@type":"ImageObject","inLanguage":"en-US","@id":"https:\/\/secure.gravatar.com\/avatar\/9a839884f24513d8bf063a907c74d8d2483fb1c4bbbf7cf7222c3e08581e4219?s=96&d=mm&r=g","url":"https:\/\/secure.gravatar.com\/avatar\/9a839884f24513d8bf063a907c74d8d2483fb1c4bbbf7cf7222c3e08581e4219?s=96&d=mm&r=g","contentUrl":"https:\/\/secure.gravatar.com\/avatar\/9a839884f24513d8bf063a907c74d8d2483fb1c4bbbf7cf7222c3e08581e4219?s=96&d=mm&r=g","caption":"Andrea Brumana"},"url":"https:\/\/www.planetel.it\/en\/author\/a-brumana\/"}]}},"_links":{"self":[{"href":"https:\/\/www.planetel.it\/en\/wp-json\/wp\/v2\/posts\/14714","targetHints":{"allow":["GET"]}}],"collection":[{"href":"https:\/\/www.planetel.it\/en\/wp-json\/wp\/v2\/posts"}],"about":[{"href":"https:\/\/www.planetel.it\/en\/wp-json\/wp\/v2\/types\/post"}],"author":[{"embeddable":true,"href":"https:\/\/www.planetel.it\/en\/wp-json\/wp\/v2\/users\/4"}],"replies":[{"embeddable":true,"href":"https:\/\/www.planetel.it\/en\/wp-json\/wp\/v2\/comments?post=14714"}],"version-history":[{"count":1,"href":"https:\/\/www.planetel.it\/en\/wp-json\/wp\/v2\/posts\/14714\/revisions"}],"predecessor-version":[{"id":17705,"href":"https:\/\/www.planetel.it\/en\/wp-json\/wp\/v2\/posts\/14714\/revisions\/17705"}],"wp:featuredmedia":[{"embeddable":true,"href":"https:\/\/www.planetel.it\/en\/wp-json\/wp\/v2\/media\/14715"}],"wp:attachment":[{"href":"https:\/\/www.planetel.it\/en\/wp-json\/wp\/v2\/media?parent=14714"}],"wp:term":[{"taxonomy":"category","embeddable":true,"href":"https:\/\/www.planetel.it\/en\/wp-json\/wp\/v2\/categories?post=14714"},{"taxonomy":"post_tag","embeddable":true,"href":"https:\/\/www.planetel.it\/en\/wp-json\/wp\/v2\/tags?post=14714"},{"taxonomy":"service_category","embeddable":true,"href":"https:\/\/www.planetel.it\/en\/wp-json\/wp\/v2\/service_category?post=14714"}],"curies":[{"name":"wp","href":"https:\/\/api.w.org\/{rel}","templated":true}]}}