{"id":14719,"date":"2023-07-06T13:04:27","date_gmt":"2023-07-06T11:04:27","guid":{"rendered":"http:\/\/www.planetel.it\/2023\/07\/alla-scoperta-dei-planetel-point-ds-informatica\/"},"modified":"2024-06-27T11:59:49","modified_gmt":"2024-06-27T09:59:49","slug":"alla-scoperta-dei-planetel-point-ds-informatica","status":"publish","type":"post","link":"https:\/\/www.planetel.it\/en\/2023\/07\/alla-scoperta-dei-planetel-point-ds-informatica\/","title":{"rendered":"Alla scoperta dei Planetel Point &#8211; DS Informatica"},"content":{"rendered":"<p>Il lungo viaggio tra i negozi rivenditori Planetel ritorna nella bergamasca, pi\u00f9 precisamente nel comune di <strong>Mozzanica<\/strong>, dove abbiamo incontrato <strong>Davide Sassi<\/strong>, titolare del Point <strong>DS Informatica<\/strong>.<\/p>\n<p>Dopo aver fatto una prolungata panoramica della zona compresa tra il Garda e il veronese, dunque, il quinto episodio di questa serie respira nuovamente aria di casa, abbracciando quei territori da cui l\u2019espansione di Planetel ha avuto inizio.<\/p>\n<p>\u00c8 naturale che il territorio attorno a Bergamo sia quello maggiormente denso in termini di touchpoint tra l\u2019azienda e i suoi clienti privati. Ci\u00f2 \u00e8 ancor pi\u00f9 tangibile se si parla di Point, dal momento che pi\u00f9 del 60% dei negozi rivenditori Planetel sviluppa la propria rete nella provincia bergamasca. Ovviamente, quei fattori di <strong>territorialit\u00e0<\/strong> e <strong>capillarit\u00e0<\/strong> alla base dell\u2019identit\u00e0 aziendale trovano qui la loro espressione pi\u00f9 marcata, tuttavia l\u2019espansione a est descritta nei capitoli precedenti e la recente acquisizione di <a href=\"https:\/\/www.planetel.it\/trivenet-entra-a-far-parte-del-gruppo-planetel\/\" target=\"_blank\" rel=\"noopener\">Trivenet<\/a> testimoniano come il processo di valorizzazione di questi aspetti sia in atto, con forza, anche nelle nuove aree di sviluppo del business.<\/p>\n<h2>DS Informatica: il system integrator per le aziende, ma non solo<\/h2>\n<p>DS Informatica \u00e8 un negozio con sede a Mozzanica, nella porzione meridionale della provincia di Bergamo. Definirlo negozio, per\u00f2, \u00e8 abbastanza riduttivo, considerandone la <strong>dimensione<\/strong>, il <strong>know how<\/strong> e la <strong>tipologia di servizi<\/strong> erogati. Da pi\u00f9 di 10 anni, infatti, la realt\u00e0 di Davide Sassi rappresenta per i privati e, soprattutto, per le aziende di quelle zone un punto di riferimento importante in materia di soluzioni informatiche e non solo.<\/p>\n<p>Attraverso un percorso a step basato su analisi delle necessit\u00e0 del cliente, studio del progetto, formulazione dell\u2019offerta, discussione della soluzione, implementazione finale e assistenza post-vendita, DS Informatica fornisce un ampio portafoglio di servizi sintetizzabile in quattro macrocategorie principali: <strong>consulenza informatica<\/strong>, <strong>assistenza tecnica<\/strong> con sistemisti certificati, <strong>vendita<\/strong> di prodotti delle migliori marche, <strong>noleggio<\/strong>.<\/p>\n<p>Un elemento significativo e peculiare di questo Point \u00e8 dato dalla possibilit\u00e0 di <strong>ospitare<\/strong> al suo interno anche <strong>server di aziende<\/strong>. Ci\u00f2 appoggiandosi alla linea Gb di Planetel, mediante la quale Davide pu\u00f2 offrire un servizio affidabile, efficace e funzionale.<\/p>\n<p style=\"text-align: center;\"><a class=\"btn btn-warning\" href=\"https:\/\/www.youtube.com\/watch?v=GKBgcgXK_jo\" target=\"_blank\" rel=\"noopener\">DS Informatica si racconta<\/a><\/p>\n<h2>Uno dei point \u00e9lite di Planetel<\/h2>\n<p>Considerano un decennio di attivit\u00e0, DS Informatica \u00e8 Planetel Point da <strong>5 anni<\/strong>. Un rapporto, quindi, che va avanti da diverso tempo in modo costante e proficuo da entrambe le parti e che accompagna il negozio di Davide praticamente fin dall\u2019inizio. Una collaborazione positiva suggellata sia dai numeri sia dai riconoscimenti ottenuti.<\/p>\n<p>In occasione dell\u2019evento WePoint Experience presso la GAMEC di Bergamo, <strong>DS Informatica si \u00e8 classificato al primo posto nella categoria Best Performer Business<\/strong>. Un premio conferito a quei negozi che nel semestre da gennaio a giugno 2022 hanno fatto registrare il maggior numero di segnalazioni per quanto riguarda il mercato business.<\/p>\n<div id=\"attachment_152966\" style=\"width: 1034px\" class=\"wp-caption aligncenter\"><img loading=\"lazy\" decoding=\"async\" aria-describedby=\"caption-attachment-152966\" class=\"wp-image-152966 size-large\" src=\"http:\/\/www.planetel.it\/wp-content\/uploads\/2024\/05\/Immagine-2023-07-06-143134.png\" alt=\"DS Informatica\" width=\"1024\" height=\"493\" \/><p id=\"caption-attachment-152966\" class=\"wp-caption-text\">Premiazione DS Informatica all\u2019Evento WePoint Experience<\/p><\/div>\n<h2>Qualche dettaglio in pi\u00f9<\/h2>\n<p>DS Informatica \u00e8 un Planetel Point situato a Mozzanica (BG), in Via Guglielmo Marconi 18.<\/p>\n<p>Per ulteriori informazioni, visitate il loro <a href=\"https:\/\/www.dsinformatica.info\/\" target=\"_blank\" rel=\"noopener\">sito web\u00a0<\/a><\/p>\n","protected":false},"excerpt":{"rendered":"<p>Il lungo viaggio tra i negozi rivenditori Planetel ritorna nella bergamasca, pi\u00f9 precisamente nel comune di Mozzanica, dove abbiamo incontrato Davide Sassi, titolare del Point DS Informatica. Dopo aver fatto una prolungata panoramica della zona compresa tra il Garda e il veronese, dunque, il quinto episodio di questa serie respira nuovamente aria di casa, abbracciando [&hellip;]<\/p>\n","protected":false},"author":4,"featured_media":14722,"comment_status":"closed","ping_status":"closed","sticky":false,"template":"","format":"standard","meta":{"_acf_changed":false,"footnotes":""},"categories":[692,693,695,716,717,672],"tags":[492,491,490,489,477,464,421,407,358],"service_category":[312],"class_list":["post-14719","post","type-post","status-publish","format-standard","has-post-thumbnail","hentry","category-connettivita-fibra-ottica","category-connettivita-radio-wireless","category-telefonia","category-privati","category-attivita-commerciali","category-planetel","tag-server","tag-mozzanica","tag-fibra","tag-business","tag-housing","tag-bergamo","tag-connettivita","tag-point","tag-planetel","service_category-telecomunicazioni"],"acf":[],"yoast_head":"<!-- This site is optimized with the Yoast SEO plugin v27.3 - https:\/\/yoast.com\/product\/yoast-seo-wordpress\/ -->\n<title>Alla scoperta dei Planetel Point - DS Informatica<\/title>\n<meta name=\"description\" content=\"Il viaggio tra i Planetel Point ritorna nella bergamasca, a Mozzanica, nel negozio DS Informatica di Davide Sassi. Scopri di pi\u00f9.\" \/>\n<meta name=\"robots\" content=\"index, follow, max-snippet:-1, max-image-preview:large, max-video-preview:-1\" \/>\n<link rel=\"canonical\" href=\"https:\/\/www.planetel.it\/en\/2023\/07\/alla-scoperta-dei-planetel-point-ds-informatica\/\" \/>\n<meta property=\"og:locale\" content=\"en_US\" \/>\n<meta property=\"og:type\" content=\"article\" \/>\n<meta property=\"og:title\" content=\"Alla scoperta dei Planetel Point - DS Informatica\" \/>\n<meta property=\"og:description\" content=\"Il viaggio tra i Planetel Point ritorna nella bergamasca, a Mozzanica, nel negozio DS Informatica di Davide Sassi. Scopri di pi\u00f9.\" \/>\n<meta property=\"og:url\" content=\"https:\/\/www.planetel.it\/en\/2023\/07\/alla-scoperta-dei-planetel-point-ds-informatica\/\" \/>\n<meta property=\"og:site_name\" content=\"Planetel\" \/>\n<meta property=\"article:publisher\" content=\"https:\/\/www.facebook.com\/planetelspa\" \/>\n<meta property=\"article:published_time\" content=\"2023-07-06T11:04:27+00:00\" \/>\n<meta property=\"article:modified_time\" content=\"2024-06-27T09:59:49+00:00\" \/>\n<meta property=\"og:image\" content=\"https:\/\/preprod-www.planetel.it\/wp-content\/uploads\/2024\/05\/ds-informatica-news.png\" \/>\n\t<meta property=\"og:image:width\" content=\"1200\" \/>\n\t<meta property=\"og:image:height\" content=\"630\" \/>\n\t<meta property=\"og:image:type\" content=\"image\/png\" \/>\n<meta name=\"twitter:card\" content=\"summary_large_image\" \/>\n<meta name=\"twitter:label1\" content=\"Written by\" \/>\n\t<meta name=\"twitter:data1\" content=\"Andrea Brumana\" \/>\n\t<meta name=\"twitter:label2\" content=\"Est. reading time\" \/>\n\t<meta name=\"twitter:data2\" content=\"3 minutes\" \/>\n<script type=\"application\/ld+json\" class=\"yoast-schema-graph\">{\"@context\":\"https:\\\/\\\/schema.org\",\"@graph\":[{\"@type\":\"Article\",\"@id\":\"https:\\\/\\\/www.planetel.it\\\/en\\\/2023\\\/07\\\/alla-scoperta-dei-planetel-point-ds-informatica\\\/#article\",\"isPartOf\":{\"@id\":\"https:\\\/\\\/www.planetel.it\\\/en\\\/2023\\\/07\\\/alla-scoperta-dei-planetel-point-ds-informatica\\\/\"},\"author\":{\"name\":\"Andrea Brumana\",\"@id\":\"https:\\\/\\\/www.planetel.it\\\/en\\\/#\\\/schema\\\/person\\\/8e74703d23ff222042246a845bb004fa\"},\"headline\":\"Alla scoperta dei Planetel Point &#8211; DS Informatica\",\"datePublished\":\"2023-07-06T11:04:27+00:00\",\"dateModified\":\"2024-06-27T09:59:49+00:00\",\"mainEntityOfPage\":{\"@id\":\"https:\\\/\\\/www.planetel.it\\\/en\\\/2023\\\/07\\\/alla-scoperta-dei-planetel-point-ds-informatica\\\/\"},\"wordCount\":498,\"publisher\":{\"@id\":\"https:\\\/\\\/www.planetel.it\\\/en\\\/#organization\"},\"image\":{\"@id\":\"https:\\\/\\\/www.planetel.it\\\/en\\\/2023\\\/07\\\/alla-scoperta-dei-planetel-point-ds-informatica\\\/#primaryimage\"},\"thumbnailUrl\":\"https:\\\/\\\/www.planetel.it\\\/wp-content\\\/uploads\\\/2024\\\/05\\\/ds-informatica-news.png\",\"keywords\":[\"server\",\"mozzanica\",\"fibra\",\"business\",\"Housing\",\"bergamo\",\"connettivit\u00e0\",\"point\",\"Planetel\"],\"articleSection\":[\"Connettivit\u00e0 Fibra ottica\",\"Connettivit\u00e0 Radio (Wireless)\",\"Telefonia\",\"Privati\",\"Attivit\u00e0 commerciali\",\"Planetel\"],\"inLanguage\":\"en-US\"},{\"@type\":\"WebPage\",\"@id\":\"https:\\\/\\\/www.planetel.it\\\/en\\\/2023\\\/07\\\/alla-scoperta-dei-planetel-point-ds-informatica\\\/\",\"url\":\"https:\\\/\\\/www.planetel.it\\\/en\\\/2023\\\/07\\\/alla-scoperta-dei-planetel-point-ds-informatica\\\/\",\"name\":\"Alla scoperta dei Planetel Point - DS Informatica\",\"isPartOf\":{\"@id\":\"https:\\\/\\\/www.planetel.it\\\/en\\\/#website\"},\"primaryImageOfPage\":{\"@id\":\"https:\\\/\\\/www.planetel.it\\\/en\\\/2023\\\/07\\\/alla-scoperta-dei-planetel-point-ds-informatica\\\/#primaryimage\"},\"image\":{\"@id\":\"https:\\\/\\\/www.planetel.it\\\/en\\\/2023\\\/07\\\/alla-scoperta-dei-planetel-point-ds-informatica\\\/#primaryimage\"},\"thumbnailUrl\":\"https:\\\/\\\/www.planetel.it\\\/wp-content\\\/uploads\\\/2024\\\/05\\\/ds-informatica-news.png\",\"datePublished\":\"2023-07-06T11:04:27+00:00\",\"dateModified\":\"2024-06-27T09:59:49+00:00\",\"description\":\"Il viaggio tra i Planetel Point ritorna nella bergamasca, a Mozzanica, nel negozio DS Informatica di Davide Sassi. Scopri di pi\u00f9.\",\"breadcrumb\":{\"@id\":\"https:\\\/\\\/www.planetel.it\\\/en\\\/2023\\\/07\\\/alla-scoperta-dei-planetel-point-ds-informatica\\\/#breadcrumb\"},\"inLanguage\":\"en-US\",\"potentialAction\":[{\"@type\":\"ReadAction\",\"target\":[\"https:\\\/\\\/www.planetel.it\\\/en\\\/2023\\\/07\\\/alla-scoperta-dei-planetel-point-ds-informatica\\\/\"]}]},{\"@type\":\"ImageObject\",\"inLanguage\":\"en-US\",\"@id\":\"https:\\\/\\\/www.planetel.it\\\/en\\\/2023\\\/07\\\/alla-scoperta-dei-planetel-point-ds-informatica\\\/#primaryimage\",\"url\":\"https:\\\/\\\/www.planetel.it\\\/wp-content\\\/uploads\\\/2024\\\/05\\\/ds-informatica-news.png\",\"contentUrl\":\"https:\\\/\\\/www.planetel.it\\\/wp-content\\\/uploads\\\/2024\\\/05\\\/ds-informatica-news.png\",\"width\":1200,\"height\":630,\"caption\":\"Premiazione DS Informatica all\u2019Evento WePoint Experience\"},{\"@type\":\"BreadcrumbList\",\"@id\":\"https:\\\/\\\/www.planetel.it\\\/en\\\/2023\\\/07\\\/alla-scoperta-dei-planetel-point-ds-informatica\\\/#breadcrumb\",\"itemListElement\":[{\"@type\":\"ListItem\",\"position\":1,\"name\":\"Home\",\"item\":\"https:\\\/\\\/www.planetel.it\\\/en\\\/\"},{\"@type\":\"ListItem\",\"position\":2,\"name\":\"Servizi\",\"item\":\"https:\\\/\\\/www.planetel.it\\\/news\\\/blog\\\/categoria\\\/servizi\\\/\"},{\"@type\":\"ListItem\",\"position\":3,\"name\":\"Connettivit\u00e0 Fibra ottica\",\"item\":\"https:\\\/\\\/www.planetel.it\\\/news\\\/blog\\\/categoria\\\/connettivita-fibra-ottica\\\/\"},{\"@type\":\"ListItem\",\"position\":4,\"name\":\"Alla scoperta dei Planetel Point &#8211; DS Informatica\"}]},{\"@type\":\"WebSite\",\"@id\":\"https:\\\/\\\/www.planetel.it\\\/en\\\/#website\",\"url\":\"https:\\\/\\\/www.planetel.it\\\/en\\\/\",\"name\":\"Planetel\",\"description\":\"Pi\u00f9 che una connessione\",\"publisher\":{\"@id\":\"https:\\\/\\\/www.planetel.it\\\/en\\\/#organization\"},\"potentialAction\":[{\"@type\":\"SearchAction\",\"target\":{\"@type\":\"EntryPoint\",\"urlTemplate\":\"https:\\\/\\\/www.planetel.it\\\/en\\\/?s={search_term_string}\"},\"query-input\":{\"@type\":\"PropertyValueSpecification\",\"valueRequired\":true,\"valueName\":\"search_term_string\"}}],\"inLanguage\":\"en-US\"},{\"@type\":\"Organization\",\"@id\":\"https:\\\/\\\/www.planetel.it\\\/en\\\/#organization\",\"name\":\"Planetel S.p.A.\",\"url\":\"https:\\\/\\\/www.planetel.it\\\/en\\\/\",\"logo\":{\"@type\":\"ImageObject\",\"inLanguage\":\"en-US\",\"@id\":\"https:\\\/\\\/www.planetel.it\\\/en\\\/#\\\/schema\\\/logo\\\/image\\\/\",\"url\":\"https:\\\/\\\/www.planetel.it\\\/wp-content\\\/uploads\\\/2024\\\/04\\\/logo-group-planetel.svg\",\"contentUrl\":\"https:\\\/\\\/www.planetel.it\\\/wp-content\\\/uploads\\\/2024\\\/04\\\/logo-group-planetel.svg\",\"width\":1,\"height\":1,\"caption\":\"Planetel S.p.A.\"},\"image\":{\"@id\":\"https:\\\/\\\/www.planetel.it\\\/en\\\/#\\\/schema\\\/logo\\\/image\\\/\"},\"sameAs\":[\"https:\\\/\\\/www.facebook.com\\\/planetelspa\",\"https:\\\/\\\/www.linkedin.com\\\/company\\\/planetel\",\"https:\\\/\\\/www.instagram.com\\\/planetelspa\"]},{\"@type\":\"Person\",\"@id\":\"https:\\\/\\\/www.planetel.it\\\/en\\\/#\\\/schema\\\/person\\\/8e74703d23ff222042246a845bb004fa\",\"name\":\"Andrea Brumana\",\"image\":{\"@type\":\"ImageObject\",\"inLanguage\":\"en-US\",\"@id\":\"https:\\\/\\\/secure.gravatar.com\\\/avatar\\\/9a839884f24513d8bf063a907c74d8d2483fb1c4bbbf7cf7222c3e08581e4219?s=96&d=mm&r=g\",\"url\":\"https:\\\/\\\/secure.gravatar.com\\\/avatar\\\/9a839884f24513d8bf063a907c74d8d2483fb1c4bbbf7cf7222c3e08581e4219?s=96&d=mm&r=g\",\"contentUrl\":\"https:\\\/\\\/secure.gravatar.com\\\/avatar\\\/9a839884f24513d8bf063a907c74d8d2483fb1c4bbbf7cf7222c3e08581e4219?s=96&d=mm&r=g\",\"caption\":\"Andrea Brumana\"},\"url\":\"https:\\\/\\\/www.planetel.it\\\/en\\\/author\\\/a-brumana\\\/\"}]}<\/script>\n<!-- \/ Yoast SEO plugin. -->","yoast_head_json":{"title":"Alla scoperta dei Planetel Point - DS Informatica","description":"Il viaggio tra i Planetel Point ritorna nella bergamasca, a Mozzanica, nel negozio DS Informatica di Davide Sassi. Scopri di pi\u00f9.","robots":{"index":"index","follow":"follow","max-snippet":"max-snippet:-1","max-image-preview":"max-image-preview:large","max-video-preview":"max-video-preview:-1"},"canonical":"https:\/\/www.planetel.it\/en\/2023\/07\/alla-scoperta-dei-planetel-point-ds-informatica\/","og_locale":"en_US","og_type":"article","og_title":"Alla scoperta dei Planetel Point - DS Informatica","og_description":"Il viaggio tra i Planetel Point ritorna nella bergamasca, a Mozzanica, nel negozio DS Informatica di Davide Sassi. Scopri di pi\u00f9.","og_url":"https:\/\/www.planetel.it\/en\/2023\/07\/alla-scoperta-dei-planetel-point-ds-informatica\/","og_site_name":"Planetel","article_publisher":"https:\/\/www.facebook.com\/planetelspa","article_published_time":"2023-07-06T11:04:27+00:00","article_modified_time":"2024-06-27T09:59:49+00:00","og_image":[{"width":1200,"height":630,"url":"https:\/\/preprod-www.planetel.it\/wp-content\/uploads\/2024\/05\/ds-informatica-news.png","type":"image\/png"}],"twitter_card":"summary_large_image","twitter_misc":{"Written by":"Andrea Brumana","Est. reading time":"3 minutes"},"schema":{"@context":"https:\/\/schema.org","@graph":[{"@type":"Article","@id":"https:\/\/www.planetel.it\/en\/2023\/07\/alla-scoperta-dei-planetel-point-ds-informatica\/#article","isPartOf":{"@id":"https:\/\/www.planetel.it\/en\/2023\/07\/alla-scoperta-dei-planetel-point-ds-informatica\/"},"author":{"name":"Andrea Brumana","@id":"https:\/\/www.planetel.it\/en\/#\/schema\/person\/8e74703d23ff222042246a845bb004fa"},"headline":"Alla scoperta dei Planetel Point &#8211; DS Informatica","datePublished":"2023-07-06T11:04:27+00:00","dateModified":"2024-06-27T09:59:49+00:00","mainEntityOfPage":{"@id":"https:\/\/www.planetel.it\/en\/2023\/07\/alla-scoperta-dei-planetel-point-ds-informatica\/"},"wordCount":498,"publisher":{"@id":"https:\/\/www.planetel.it\/en\/#organization"},"image":{"@id":"https:\/\/www.planetel.it\/en\/2023\/07\/alla-scoperta-dei-planetel-point-ds-informatica\/#primaryimage"},"thumbnailUrl":"https:\/\/www.planetel.it\/wp-content\/uploads\/2024\/05\/ds-informatica-news.png","keywords":["server","mozzanica","fibra","business","Housing","bergamo","connettivit\u00e0","point","Planetel"],"articleSection":["Connettivit\u00e0 Fibra ottica","Connettivit\u00e0 Radio (Wireless)","Telefonia","Privati","Attivit\u00e0 commerciali","Planetel"],"inLanguage":"en-US"},{"@type":"WebPage","@id":"https:\/\/www.planetel.it\/en\/2023\/07\/alla-scoperta-dei-planetel-point-ds-informatica\/","url":"https:\/\/www.planetel.it\/en\/2023\/07\/alla-scoperta-dei-planetel-point-ds-informatica\/","name":"Alla scoperta dei Planetel Point - DS Informatica","isPartOf":{"@id":"https:\/\/www.planetel.it\/en\/#website"},"primaryImageOfPage":{"@id":"https:\/\/www.planetel.it\/en\/2023\/07\/alla-scoperta-dei-planetel-point-ds-informatica\/#primaryimage"},"image":{"@id":"https:\/\/www.planetel.it\/en\/2023\/07\/alla-scoperta-dei-planetel-point-ds-informatica\/#primaryimage"},"thumbnailUrl":"https:\/\/www.planetel.it\/wp-content\/uploads\/2024\/05\/ds-informatica-news.png","datePublished":"2023-07-06T11:04:27+00:00","dateModified":"2024-06-27T09:59:49+00:00","description":"Il viaggio tra i Planetel Point ritorna nella bergamasca, a Mozzanica, nel negozio DS Informatica di Davide Sassi. Scopri di pi\u00f9.","breadcrumb":{"@id":"https:\/\/www.planetel.it\/en\/2023\/07\/alla-scoperta-dei-planetel-point-ds-informatica\/#breadcrumb"},"inLanguage":"en-US","potentialAction":[{"@type":"ReadAction","target":["https:\/\/www.planetel.it\/en\/2023\/07\/alla-scoperta-dei-planetel-point-ds-informatica\/"]}]},{"@type":"ImageObject","inLanguage":"en-US","@id":"https:\/\/www.planetel.it\/en\/2023\/07\/alla-scoperta-dei-planetel-point-ds-informatica\/#primaryimage","url":"https:\/\/www.planetel.it\/wp-content\/uploads\/2024\/05\/ds-informatica-news.png","contentUrl":"https:\/\/www.planetel.it\/wp-content\/uploads\/2024\/05\/ds-informatica-news.png","width":1200,"height":630,"caption":"Premiazione DS Informatica all\u2019Evento WePoint Experience"},{"@type":"BreadcrumbList","@id":"https:\/\/www.planetel.it\/en\/2023\/07\/alla-scoperta-dei-planetel-point-ds-informatica\/#breadcrumb","itemListElement":[{"@type":"ListItem","position":1,"name":"Home","item":"https:\/\/www.planetel.it\/en\/"},{"@type":"ListItem","position":2,"name":"Servizi","item":"https:\/\/www.planetel.it\/news\/blog\/categoria\/servizi\/"},{"@type":"ListItem","position":3,"name":"Connettivit\u00e0 Fibra ottica","item":"https:\/\/www.planetel.it\/news\/blog\/categoria\/connettivita-fibra-ottica\/"},{"@type":"ListItem","position":4,"name":"Alla scoperta dei Planetel Point &#8211; DS Informatica"}]},{"@type":"WebSite","@id":"https:\/\/www.planetel.it\/en\/#website","url":"https:\/\/www.planetel.it\/en\/","name":"Planetel","description":"Pi\u00f9 che una connessione","publisher":{"@id":"https:\/\/www.planetel.it\/en\/#organization"},"potentialAction":[{"@type":"SearchAction","target":{"@type":"EntryPoint","urlTemplate":"https:\/\/www.planetel.it\/en\/?s={search_term_string}"},"query-input":{"@type":"PropertyValueSpecification","valueRequired":true,"valueName":"search_term_string"}}],"inLanguage":"en-US"},{"@type":"Organization","@id":"https:\/\/www.planetel.it\/en\/#organization","name":"Planetel S.p.A.","url":"https:\/\/www.planetel.it\/en\/","logo":{"@type":"ImageObject","inLanguage":"en-US","@id":"https:\/\/www.planetel.it\/en\/#\/schema\/logo\/image\/","url":"https:\/\/www.planetel.it\/wp-content\/uploads\/2024\/04\/logo-group-planetel.svg","contentUrl":"https:\/\/www.planetel.it\/wp-content\/uploads\/2024\/04\/logo-group-planetel.svg","width":1,"height":1,"caption":"Planetel S.p.A."},"image":{"@id":"https:\/\/www.planetel.it\/en\/#\/schema\/logo\/image\/"},"sameAs":["https:\/\/www.facebook.com\/planetelspa","https:\/\/www.linkedin.com\/company\/planetel","https:\/\/www.instagram.com\/planetelspa"]},{"@type":"Person","@id":"https:\/\/www.planetel.it\/en\/#\/schema\/person\/8e74703d23ff222042246a845bb004fa","name":"Andrea Brumana","image":{"@type":"ImageObject","inLanguage":"en-US","@id":"https:\/\/secure.gravatar.com\/avatar\/9a839884f24513d8bf063a907c74d8d2483fb1c4bbbf7cf7222c3e08581e4219?s=96&d=mm&r=g","url":"https:\/\/secure.gravatar.com\/avatar\/9a839884f24513d8bf063a907c74d8d2483fb1c4bbbf7cf7222c3e08581e4219?s=96&d=mm&r=g","contentUrl":"https:\/\/secure.gravatar.com\/avatar\/9a839884f24513d8bf063a907c74d8d2483fb1c4bbbf7cf7222c3e08581e4219?s=96&d=mm&r=g","caption":"Andrea Brumana"},"url":"https:\/\/www.planetel.it\/en\/author\/a-brumana\/"}]}},"_links":{"self":[{"href":"https:\/\/www.planetel.it\/en\/wp-json\/wp\/v2\/posts\/14719","targetHints":{"allow":["GET"]}}],"collection":[{"href":"https:\/\/www.planetel.it\/en\/wp-json\/wp\/v2\/posts"}],"about":[{"href":"https:\/\/www.planetel.it\/en\/wp-json\/wp\/v2\/types\/post"}],"author":[{"embeddable":true,"href":"https:\/\/www.planetel.it\/en\/wp-json\/wp\/v2\/users\/4"}],"replies":[{"embeddable":true,"href":"https:\/\/www.planetel.it\/en\/wp-json\/wp\/v2\/comments?post=14719"}],"version-history":[{"count":1,"href":"https:\/\/www.planetel.it\/en\/wp-json\/wp\/v2\/posts\/14719\/revisions"}],"predecessor-version":[{"id":14721,"href":"https:\/\/www.planetel.it\/en\/wp-json\/wp\/v2\/posts\/14719\/revisions\/14721"}],"wp:featuredmedia":[{"embeddable":true,"href":"https:\/\/www.planetel.it\/en\/wp-json\/wp\/v2\/media\/14722"}],"wp:attachment":[{"href":"https:\/\/www.planetel.it\/en\/wp-json\/wp\/v2\/media?parent=14719"}],"wp:term":[{"taxonomy":"category","embeddable":true,"href":"https:\/\/www.planetel.it\/en\/wp-json\/wp\/v2\/categories?post=14719"},{"taxonomy":"post_tag","embeddable":true,"href":"https:\/\/www.planetel.it\/en\/wp-json\/wp\/v2\/tags?post=14719"},{"taxonomy":"service_category","embeddable":true,"href":"https:\/\/www.planetel.it\/en\/wp-json\/wp\/v2\/service_category?post=14719"}],"curies":[{"name":"wp","href":"https:\/\/api.w.org\/{rel}","templated":true}]}}