{"id":14723,"date":"2023-07-25T15:12:59","date_gmt":"2023-07-25T13:12:59","guid":{"rendered":"http:\/\/www.planetel.it\/2023\/07\/alla-scoperta-dei-planetel-point-radiogianni\/"},"modified":"2024-06-27T11:59:42","modified_gmt":"2024-06-27T09:59:42","slug":"alla-scoperta-dei-planetel-point-radiogianni","status":"publish","type":"post","link":"https:\/\/www.planetel.it\/en\/2023\/07\/alla-scoperta-dei-planetel-point-radiogianni\/","title":{"rendered":"Alla scoperta dei Planetel Point &#8211; RADIOGIANNI"},"content":{"rendered":"<p>Per questo nuovo appuntamento dedicato ai Planetel Point rimaniamo in terra bergamasca e ci spostiamo di qualche chilometro da Mozzanica a Romano di Lombardia per incontrare <strong>Radiogianni<\/strong>, un\u2019altra eccellenza tra i negozi rivenditori Planetel.<\/p>\n<h2>Radiogianni: accogliere con un sorriso<\/h2>\n<p>Tra gli oltre 120 Point che compongono il network di Planetel c\u2019\u00e8 Radiogianni, negozio nato nel 2012 a Romano di Lombardia dall\u2019impegno e dalla passione del suo titolare, Alberto Poma, insieme alla moglie e alla sorella, Paola e Laura. Il termine negozio non \u00e8 sicuramente il pi\u00f9 consono da utilizzare in questo caso; Radiogianni, infatti, \u00e8 una realt\u00e0 ben strutturata, che pu\u00f2 vantare un\u2019<strong>ampia esperienza<\/strong> nel settore, accumulata in oltre un decennio di attivit\u00e0, e una <strong>vastissima gamma di soluzioni e servizi<\/strong> raggruppabili in cinque macrocategorie: climatizzazione di casa, elettrodomestici, reparto telefonia, informatica e, da qualche anno, un reparto tempo libero con tutta una serie di prodotti tra cui monopattini elettrici, televisori e Smart TV OLED, e-bike, droni, cuffie e molto altro.<\/p>\n<p>La loro filosofia \u00e8 quella di porre sempre al primo posto la cortesia, affinch\u00e9 <strong>il cliente possa sentirsi tranquillo sia durante che dopo l\u2019acquisto.<\/strong><\/p>\n<p style=\"text-align: center;\"><a class=\"btn btn-warning\" href=\"https:\/\/youtu.be\/lU69SqxvmNA\" target=\"_blank\" rel=\"noopener\">Radiogianni si racconta<\/a><\/p>\n<h2>Un Point che dimostra professionalit\u00e0 con i fatti<\/h2>\n<p>Radiogianni \u00e8 entrato a far parte della famiglia Planetel ormai da un paio d\u2019anni, in particolare nel 2021. Le circostanze dell\u2019incontro sono state tanto fortuite quanto emblematiche sia dell\u2019impegno di Planetel nel valorizzare il territorio sia della lungimiranza di Alberto a cogliere l\u2019occasione. Incuriositi dalle attivit\u00e0 di cablaggio che stavano interessando la zona e spinti dalla volont\u00e0 di esplorare nuovi mercati per i propri clienti, i ragazzi di Radiogianni hanno deciso di abbracciare il progetto di fibra ottica FTTH di Planetel, dando il via a una collaborazione proficua e di valore.<\/p>\n<p>Testimone della fedelt\u00e0 e della professionalit\u00e0 di Radiogianni \u00e8 il <strong>premio Best New Entry 2022<\/strong> vinto nel corso dell\u2019evento WePoint al Teatro Donizetti di Bergamo, un riconoscimento che premiava il negozio, tra i pi\u00f9 recenti, capace di far sottoscrivere il maggior numero di contratti.<\/p>\n<div id=\"attachment_153061\" style=\"width: 1034px\" class=\"wp-caption aligncenter\"><img loading=\"lazy\" decoding=\"async\" aria-describedby=\"caption-attachment-153061\" class=\"wp-image-153061 size-large\" src=\"http:\/\/www.planetel.it\/wp-content\/uploads\/2024\/05\/PLANETEL_EVENTO_DONIZETTI_HR-173-1-scaled.jpg\" alt=\"Radiogianni\" width=\"1024\" height=\"683\" \/><p id=\"caption-attachment-153061\" class=\"wp-caption-text\">Premiazione Radiogianni Best new Entry 2022<\/p><\/div>\n<h2>Qualche dettaglio in pi\u00f9<\/h2>\n<p>RADIOGIANNI \u00e8 un Planetel Point situato a Romano di Lombardia (BG), in Via Indipendenza 1.<\/p>\n<p>Per ulteriori informazioni, visitate il loro <a href=\"https:\/\/www.radiogianni.com\/\" target=\"_blank\" rel=\"noopener\">sito web<\/a>.<\/p>\n","protected":false},"excerpt":{"rendered":"<p>Per questo nuovo appuntamento dedicato ai Planetel Point rimaniamo in terra bergamasca e ci spostiamo di qualche chilometro da Mozzanica a Romano di Lombardia per incontrare Radiogianni, un\u2019altra eccellenza tra i negozi rivenditori Planetel. Radiogianni: accogliere con un sorriso Tra gli oltre 120 Point che compongono il network di Planetel c\u2019\u00e8 Radiogianni, negozio nato nel [&hellip;]<\/p>\n","protected":false},"author":4,"featured_media":14726,"comment_status":"closed","ping_status":"closed","sticky":false,"template":"","format":"standard","meta":{"_acf_changed":false,"footnotes":""},"categories":[692,693,695,716,717,672],"tags":[358,379,433,464,493],"service_category":[312],"class_list":["post-14723","post","type-post","status-publish","format-standard","has-post-thumbnail","hentry","category-connettivita-fibra-ottica","category-connettivita-radio-wireless","category-telefonia","category-privati","category-attivita-commerciali","category-planetel","tag-planetel","tag-fibra-ottica","tag-planetel-point","tag-bergamo","tag-romano-di-lombardia","service_category-telecomunicazioni"],"acf":[],"yoast_head":"<!-- This site is optimized with the Yoast SEO plugin v27.3 - https:\/\/yoast.com\/product\/yoast-seo-wordpress\/ -->\n<title>Alla scoperta dei Planetel Point - RADIOGIANNI<\/title>\n<meta name=\"description\" content=\"Il viaggio tra i Planetel Point si sposta di qualche chilometro a Romano di Lombardia (BG), nel negozio Radiogianni di Alberto Poma.\" \/>\n<meta name=\"robots\" content=\"index, follow, max-snippet:-1, max-image-preview:large, max-video-preview:-1\" \/>\n<link rel=\"canonical\" href=\"https:\/\/www.planetel.it\/en\/2023\/07\/alla-scoperta-dei-planetel-point-radiogianni\/\" \/>\n<meta property=\"og:locale\" content=\"en_US\" \/>\n<meta property=\"og:type\" content=\"article\" \/>\n<meta property=\"og:title\" content=\"Alla scoperta dei Planetel Point - RADIOGIANNI\" \/>\n<meta property=\"og:description\" content=\"Il viaggio tra i Planetel Point si sposta di qualche chilometro a Romano di Lombardia (BG), nel negozio Radiogianni di Alberto Poma.\" \/>\n<meta property=\"og:url\" content=\"https:\/\/www.planetel.it\/en\/2023\/07\/alla-scoperta-dei-planetel-point-radiogianni\/\" \/>\n<meta property=\"og:site_name\" content=\"Planetel\" \/>\n<meta property=\"article:publisher\" content=\"https:\/\/www.facebook.com\/planetelspa\" \/>\n<meta property=\"article:published_time\" content=\"2023-07-25T13:12:59+00:00\" \/>\n<meta property=\"article:modified_time\" content=\"2024-06-27T09:59:42+00:00\" \/>\n<meta property=\"og:image\" content=\"https:\/\/preprod-www.planetel.it\/wp-content\/uploads\/2024\/05\/radiogianni-per-news.png\" \/>\n\t<meta property=\"og:image:width\" content=\"1200\" \/>\n\t<meta property=\"og:image:height\" content=\"630\" \/>\n\t<meta property=\"og:image:type\" content=\"image\/png\" \/>\n<meta name=\"twitter:card\" content=\"summary_large_image\" \/>\n<meta name=\"twitter:label1\" content=\"Written by\" \/>\n\t<meta name=\"twitter:data1\" content=\"Andrea Brumana\" \/>\n\t<meta name=\"twitter:label2\" content=\"Est. reading time\" \/>\n\t<meta name=\"twitter:data2\" content=\"3 minutes\" \/>\n<script type=\"application\/ld+json\" class=\"yoast-schema-graph\">{\"@context\":\"https:\\\/\\\/schema.org\",\"@graph\":[{\"@type\":\"Article\",\"@id\":\"https:\\\/\\\/www.planetel.it\\\/en\\\/2023\\\/07\\\/alla-scoperta-dei-planetel-point-radiogianni\\\/#article\",\"isPartOf\":{\"@id\":\"https:\\\/\\\/www.planetel.it\\\/en\\\/2023\\\/07\\\/alla-scoperta-dei-planetel-point-radiogianni\\\/\"},\"author\":{\"name\":\"Andrea Brumana\",\"@id\":\"https:\\\/\\\/www.planetel.it\\\/en\\\/#\\\/schema\\\/person\\\/8e74703d23ff222042246a845bb004fa\"},\"headline\":\"Alla scoperta dei Planetel Point &#8211; RADIOGIANNI\",\"datePublished\":\"2023-07-25T13:12:59+00:00\",\"dateModified\":\"2024-06-27T09:59:42+00:00\",\"mainEntityOfPage\":{\"@id\":\"https:\\\/\\\/www.planetel.it\\\/en\\\/2023\\\/07\\\/alla-scoperta-dei-planetel-point-radiogianni\\\/\"},\"wordCount\":375,\"publisher\":{\"@id\":\"https:\\\/\\\/www.planetel.it\\\/en\\\/#organization\"},\"image\":{\"@id\":\"https:\\\/\\\/www.planetel.it\\\/en\\\/2023\\\/07\\\/alla-scoperta-dei-planetel-point-radiogianni\\\/#primaryimage\"},\"thumbnailUrl\":\"https:\\\/\\\/www.planetel.it\\\/wp-content\\\/uploads\\\/2024\\\/05\\\/radiogianni-per-news.png\",\"keywords\":[\"Planetel\",\"Fibra ottica\",\"Planetel Point\",\"bergamo\",\"Romano di Lombardia\"],\"articleSection\":[\"Connettivit\u00e0 Fibra ottica\",\"Connettivit\u00e0 Radio (Wireless)\",\"Telefonia\",\"Privati\",\"Attivit\u00e0 commerciali\",\"Planetel\"],\"inLanguage\":\"en-US\"},{\"@type\":\"WebPage\",\"@id\":\"https:\\\/\\\/www.planetel.it\\\/en\\\/2023\\\/07\\\/alla-scoperta-dei-planetel-point-radiogianni\\\/\",\"url\":\"https:\\\/\\\/www.planetel.it\\\/en\\\/2023\\\/07\\\/alla-scoperta-dei-planetel-point-radiogianni\\\/\",\"name\":\"Alla scoperta dei Planetel Point - RADIOGIANNI\",\"isPartOf\":{\"@id\":\"https:\\\/\\\/www.planetel.it\\\/en\\\/#website\"},\"primaryImageOfPage\":{\"@id\":\"https:\\\/\\\/www.planetel.it\\\/en\\\/2023\\\/07\\\/alla-scoperta-dei-planetel-point-radiogianni\\\/#primaryimage\"},\"image\":{\"@id\":\"https:\\\/\\\/www.planetel.it\\\/en\\\/2023\\\/07\\\/alla-scoperta-dei-planetel-point-radiogianni\\\/#primaryimage\"},\"thumbnailUrl\":\"https:\\\/\\\/www.planetel.it\\\/wp-content\\\/uploads\\\/2024\\\/05\\\/radiogianni-per-news.png\",\"datePublished\":\"2023-07-25T13:12:59+00:00\",\"dateModified\":\"2024-06-27T09:59:42+00:00\",\"description\":\"Il viaggio tra i Planetel Point si sposta di qualche chilometro a Romano di Lombardia (BG), nel negozio Radiogianni di Alberto Poma.\",\"breadcrumb\":{\"@id\":\"https:\\\/\\\/www.planetel.it\\\/en\\\/2023\\\/07\\\/alla-scoperta-dei-planetel-point-radiogianni\\\/#breadcrumb\"},\"inLanguage\":\"en-US\",\"potentialAction\":[{\"@type\":\"ReadAction\",\"target\":[\"https:\\\/\\\/www.planetel.it\\\/en\\\/2023\\\/07\\\/alla-scoperta-dei-planetel-point-radiogianni\\\/\"]}]},{\"@type\":\"ImageObject\",\"inLanguage\":\"en-US\",\"@id\":\"https:\\\/\\\/www.planetel.it\\\/en\\\/2023\\\/07\\\/alla-scoperta-dei-planetel-point-radiogianni\\\/#primaryimage\",\"url\":\"https:\\\/\\\/www.planetel.it\\\/wp-content\\\/uploads\\\/2024\\\/05\\\/radiogianni-per-news.png\",\"contentUrl\":\"https:\\\/\\\/www.planetel.it\\\/wp-content\\\/uploads\\\/2024\\\/05\\\/radiogianni-per-news.png\",\"width\":1200,\"height\":630,\"caption\":\"Premiazione Radiogianni Best new Entry 2022\"},{\"@type\":\"BreadcrumbList\",\"@id\":\"https:\\\/\\\/www.planetel.it\\\/en\\\/2023\\\/07\\\/alla-scoperta-dei-planetel-point-radiogianni\\\/#breadcrumb\",\"itemListElement\":[{\"@type\":\"ListItem\",\"position\":1,\"name\":\"Home\",\"item\":\"https:\\\/\\\/www.planetel.it\\\/en\\\/\"},{\"@type\":\"ListItem\",\"position\":2,\"name\":\"Servizi\",\"item\":\"https:\\\/\\\/www.planetel.it\\\/news\\\/blog\\\/categoria\\\/servizi\\\/\"},{\"@type\":\"ListItem\",\"position\":3,\"name\":\"Connettivit\u00e0 Fibra ottica\",\"item\":\"https:\\\/\\\/www.planetel.it\\\/news\\\/blog\\\/categoria\\\/connettivita-fibra-ottica\\\/\"},{\"@type\":\"ListItem\",\"position\":4,\"name\":\"Alla scoperta dei Planetel Point &#8211; RADIOGIANNI\"}]},{\"@type\":\"WebSite\",\"@id\":\"https:\\\/\\\/www.planetel.it\\\/en\\\/#website\",\"url\":\"https:\\\/\\\/www.planetel.it\\\/en\\\/\",\"name\":\"Planetel\",\"description\":\"Pi\u00f9 che una connessione\",\"publisher\":{\"@id\":\"https:\\\/\\\/www.planetel.it\\\/en\\\/#organization\"},\"potentialAction\":[{\"@type\":\"SearchAction\",\"target\":{\"@type\":\"EntryPoint\",\"urlTemplate\":\"https:\\\/\\\/www.planetel.it\\\/en\\\/?s={search_term_string}\"},\"query-input\":{\"@type\":\"PropertyValueSpecification\",\"valueRequired\":true,\"valueName\":\"search_term_string\"}}],\"inLanguage\":\"en-US\"},{\"@type\":\"Organization\",\"@id\":\"https:\\\/\\\/www.planetel.it\\\/en\\\/#organization\",\"name\":\"Planetel S.p.A.\",\"url\":\"https:\\\/\\\/www.planetel.it\\\/en\\\/\",\"logo\":{\"@type\":\"ImageObject\",\"inLanguage\":\"en-US\",\"@id\":\"https:\\\/\\\/www.planetel.it\\\/en\\\/#\\\/schema\\\/logo\\\/image\\\/\",\"url\":\"https:\\\/\\\/www.planetel.it\\\/wp-content\\\/uploads\\\/2024\\\/04\\\/logo-group-planetel.svg\",\"contentUrl\":\"https:\\\/\\\/www.planetel.it\\\/wp-content\\\/uploads\\\/2024\\\/04\\\/logo-group-planetel.svg\",\"width\":1,\"height\":1,\"caption\":\"Planetel S.p.A.\"},\"image\":{\"@id\":\"https:\\\/\\\/www.planetel.it\\\/en\\\/#\\\/schema\\\/logo\\\/image\\\/\"},\"sameAs\":[\"https:\\\/\\\/www.facebook.com\\\/planetelspa\",\"https:\\\/\\\/www.linkedin.com\\\/company\\\/planetel\",\"https:\\\/\\\/www.instagram.com\\\/planetelspa\"]},{\"@type\":\"Person\",\"@id\":\"https:\\\/\\\/www.planetel.it\\\/en\\\/#\\\/schema\\\/person\\\/8e74703d23ff222042246a845bb004fa\",\"name\":\"Andrea Brumana\",\"image\":{\"@type\":\"ImageObject\",\"inLanguage\":\"en-US\",\"@id\":\"https:\\\/\\\/secure.gravatar.com\\\/avatar\\\/9a839884f24513d8bf063a907c74d8d2483fb1c4bbbf7cf7222c3e08581e4219?s=96&d=mm&r=g\",\"url\":\"https:\\\/\\\/secure.gravatar.com\\\/avatar\\\/9a839884f24513d8bf063a907c74d8d2483fb1c4bbbf7cf7222c3e08581e4219?s=96&d=mm&r=g\",\"contentUrl\":\"https:\\\/\\\/secure.gravatar.com\\\/avatar\\\/9a839884f24513d8bf063a907c74d8d2483fb1c4bbbf7cf7222c3e08581e4219?s=96&d=mm&r=g\",\"caption\":\"Andrea Brumana\"},\"url\":\"https:\\\/\\\/www.planetel.it\\\/en\\\/author\\\/a-brumana\\\/\"}]}<\/script>\n<!-- \/ Yoast SEO plugin. -->","yoast_head_json":{"title":"Alla scoperta dei Planetel Point - RADIOGIANNI","description":"Il viaggio tra i Planetel Point si sposta di qualche chilometro a Romano di Lombardia (BG), nel negozio Radiogianni di Alberto Poma.","robots":{"index":"index","follow":"follow","max-snippet":"max-snippet:-1","max-image-preview":"max-image-preview:large","max-video-preview":"max-video-preview:-1"},"canonical":"https:\/\/www.planetel.it\/en\/2023\/07\/alla-scoperta-dei-planetel-point-radiogianni\/","og_locale":"en_US","og_type":"article","og_title":"Alla scoperta dei Planetel Point - RADIOGIANNI","og_description":"Il viaggio tra i Planetel Point si sposta di qualche chilometro a Romano di Lombardia (BG), nel negozio Radiogianni di Alberto Poma.","og_url":"https:\/\/www.planetel.it\/en\/2023\/07\/alla-scoperta-dei-planetel-point-radiogianni\/","og_site_name":"Planetel","article_publisher":"https:\/\/www.facebook.com\/planetelspa","article_published_time":"2023-07-25T13:12:59+00:00","article_modified_time":"2024-06-27T09:59:42+00:00","og_image":[{"width":1200,"height":630,"url":"https:\/\/preprod-www.planetel.it\/wp-content\/uploads\/2024\/05\/radiogianni-per-news.png","type":"image\/png"}],"twitter_card":"summary_large_image","twitter_misc":{"Written by":"Andrea Brumana","Est. reading time":"3 minutes"},"schema":{"@context":"https:\/\/schema.org","@graph":[{"@type":"Article","@id":"https:\/\/www.planetel.it\/en\/2023\/07\/alla-scoperta-dei-planetel-point-radiogianni\/#article","isPartOf":{"@id":"https:\/\/www.planetel.it\/en\/2023\/07\/alla-scoperta-dei-planetel-point-radiogianni\/"},"author":{"name":"Andrea Brumana","@id":"https:\/\/www.planetel.it\/en\/#\/schema\/person\/8e74703d23ff222042246a845bb004fa"},"headline":"Alla scoperta dei Planetel Point &#8211; RADIOGIANNI","datePublished":"2023-07-25T13:12:59+00:00","dateModified":"2024-06-27T09:59:42+00:00","mainEntityOfPage":{"@id":"https:\/\/www.planetel.it\/en\/2023\/07\/alla-scoperta-dei-planetel-point-radiogianni\/"},"wordCount":375,"publisher":{"@id":"https:\/\/www.planetel.it\/en\/#organization"},"image":{"@id":"https:\/\/www.planetel.it\/en\/2023\/07\/alla-scoperta-dei-planetel-point-radiogianni\/#primaryimage"},"thumbnailUrl":"https:\/\/www.planetel.it\/wp-content\/uploads\/2024\/05\/radiogianni-per-news.png","keywords":["Planetel","Fibra ottica","Planetel Point","bergamo","Romano di Lombardia"],"articleSection":["Connettivit\u00e0 Fibra ottica","Connettivit\u00e0 Radio (Wireless)","Telefonia","Privati","Attivit\u00e0 commerciali","Planetel"],"inLanguage":"en-US"},{"@type":"WebPage","@id":"https:\/\/www.planetel.it\/en\/2023\/07\/alla-scoperta-dei-planetel-point-radiogianni\/","url":"https:\/\/www.planetel.it\/en\/2023\/07\/alla-scoperta-dei-planetel-point-radiogianni\/","name":"Alla scoperta dei Planetel Point - RADIOGIANNI","isPartOf":{"@id":"https:\/\/www.planetel.it\/en\/#website"},"primaryImageOfPage":{"@id":"https:\/\/www.planetel.it\/en\/2023\/07\/alla-scoperta-dei-planetel-point-radiogianni\/#primaryimage"},"image":{"@id":"https:\/\/www.planetel.it\/en\/2023\/07\/alla-scoperta-dei-planetel-point-radiogianni\/#primaryimage"},"thumbnailUrl":"https:\/\/www.planetel.it\/wp-content\/uploads\/2024\/05\/radiogianni-per-news.png","datePublished":"2023-07-25T13:12:59+00:00","dateModified":"2024-06-27T09:59:42+00:00","description":"Il viaggio tra i Planetel Point si sposta di qualche chilometro a Romano di Lombardia (BG), nel negozio Radiogianni di Alberto Poma.","breadcrumb":{"@id":"https:\/\/www.planetel.it\/en\/2023\/07\/alla-scoperta-dei-planetel-point-radiogianni\/#breadcrumb"},"inLanguage":"en-US","potentialAction":[{"@type":"ReadAction","target":["https:\/\/www.planetel.it\/en\/2023\/07\/alla-scoperta-dei-planetel-point-radiogianni\/"]}]},{"@type":"ImageObject","inLanguage":"en-US","@id":"https:\/\/www.planetel.it\/en\/2023\/07\/alla-scoperta-dei-planetel-point-radiogianni\/#primaryimage","url":"https:\/\/www.planetel.it\/wp-content\/uploads\/2024\/05\/radiogianni-per-news.png","contentUrl":"https:\/\/www.planetel.it\/wp-content\/uploads\/2024\/05\/radiogianni-per-news.png","width":1200,"height":630,"caption":"Premiazione Radiogianni Best new Entry 2022"},{"@type":"BreadcrumbList","@id":"https:\/\/www.planetel.it\/en\/2023\/07\/alla-scoperta-dei-planetel-point-radiogianni\/#breadcrumb","itemListElement":[{"@type":"ListItem","position":1,"name":"Home","item":"https:\/\/www.planetel.it\/en\/"},{"@type":"ListItem","position":2,"name":"Servizi","item":"https:\/\/www.planetel.it\/news\/blog\/categoria\/servizi\/"},{"@type":"ListItem","position":3,"name":"Connettivit\u00e0 Fibra ottica","item":"https:\/\/www.planetel.it\/news\/blog\/categoria\/connettivita-fibra-ottica\/"},{"@type":"ListItem","position":4,"name":"Alla scoperta dei Planetel Point &#8211; RADIOGIANNI"}]},{"@type":"WebSite","@id":"https:\/\/www.planetel.it\/en\/#website","url":"https:\/\/www.planetel.it\/en\/","name":"Planetel","description":"Pi\u00f9 che una connessione","publisher":{"@id":"https:\/\/www.planetel.it\/en\/#organization"},"potentialAction":[{"@type":"SearchAction","target":{"@type":"EntryPoint","urlTemplate":"https:\/\/www.planetel.it\/en\/?s={search_term_string}"},"query-input":{"@type":"PropertyValueSpecification","valueRequired":true,"valueName":"search_term_string"}}],"inLanguage":"en-US"},{"@type":"Organization","@id":"https:\/\/www.planetel.it\/en\/#organization","name":"Planetel S.p.A.","url":"https:\/\/www.planetel.it\/en\/","logo":{"@type":"ImageObject","inLanguage":"en-US","@id":"https:\/\/www.planetel.it\/en\/#\/schema\/logo\/image\/","url":"https:\/\/www.planetel.it\/wp-content\/uploads\/2024\/04\/logo-group-planetel.svg","contentUrl":"https:\/\/www.planetel.it\/wp-content\/uploads\/2024\/04\/logo-group-planetel.svg","width":1,"height":1,"caption":"Planetel S.p.A."},"image":{"@id":"https:\/\/www.planetel.it\/en\/#\/schema\/logo\/image\/"},"sameAs":["https:\/\/www.facebook.com\/planetelspa","https:\/\/www.linkedin.com\/company\/planetel","https:\/\/www.instagram.com\/planetelspa"]},{"@type":"Person","@id":"https:\/\/www.planetel.it\/en\/#\/schema\/person\/8e74703d23ff222042246a845bb004fa","name":"Andrea Brumana","image":{"@type":"ImageObject","inLanguage":"en-US","@id":"https:\/\/secure.gravatar.com\/avatar\/9a839884f24513d8bf063a907c74d8d2483fb1c4bbbf7cf7222c3e08581e4219?s=96&d=mm&r=g","url":"https:\/\/secure.gravatar.com\/avatar\/9a839884f24513d8bf063a907c74d8d2483fb1c4bbbf7cf7222c3e08581e4219?s=96&d=mm&r=g","contentUrl":"https:\/\/secure.gravatar.com\/avatar\/9a839884f24513d8bf063a907c74d8d2483fb1c4bbbf7cf7222c3e08581e4219?s=96&d=mm&r=g","caption":"Andrea Brumana"},"url":"https:\/\/www.planetel.it\/en\/author\/a-brumana\/"}]}},"_links":{"self":[{"href":"https:\/\/www.planetel.it\/en\/wp-json\/wp\/v2\/posts\/14723","targetHints":{"allow":["GET"]}}],"collection":[{"href":"https:\/\/www.planetel.it\/en\/wp-json\/wp\/v2\/posts"}],"about":[{"href":"https:\/\/www.planetel.it\/en\/wp-json\/wp\/v2\/types\/post"}],"author":[{"embeddable":true,"href":"https:\/\/www.planetel.it\/en\/wp-json\/wp\/v2\/users\/4"}],"replies":[{"embeddable":true,"href":"https:\/\/www.planetel.it\/en\/wp-json\/wp\/v2\/comments?post=14723"}],"version-history":[{"count":1,"href":"https:\/\/www.planetel.it\/en\/wp-json\/wp\/v2\/posts\/14723\/revisions"}],"predecessor-version":[{"id":14725,"href":"https:\/\/www.planetel.it\/en\/wp-json\/wp\/v2\/posts\/14723\/revisions\/14725"}],"wp:featuredmedia":[{"embeddable":true,"href":"https:\/\/www.planetel.it\/en\/wp-json\/wp\/v2\/media\/14726"}],"wp:attachment":[{"href":"https:\/\/www.planetel.it\/en\/wp-json\/wp\/v2\/media?parent=14723"}],"wp:term":[{"taxonomy":"category","embeddable":true,"href":"https:\/\/www.planetel.it\/en\/wp-json\/wp\/v2\/categories?post=14723"},{"taxonomy":"post_tag","embeddable":true,"href":"https:\/\/www.planetel.it\/en\/wp-json\/wp\/v2\/tags?post=14723"},{"taxonomy":"service_category","embeddable":true,"href":"https:\/\/www.planetel.it\/en\/wp-json\/wp\/v2\/service_category?post=14723"}],"curies":[{"name":"wp","href":"https:\/\/api.w.org\/{rel}","templated":true}]}}