{"id":14729,"date":"2023-08-22T10:02:35","date_gmt":"2023-08-22T08:02:35","guid":{"rendered":"http:\/\/www.planetel.it\/2023\/08\/planetel-sponsor-del-food-film-fest-2023\/"},"modified":"2024-06-27T11:57:08","modified_gmt":"2024-06-27T09:57:08","slug":"planetel-sponsor-del-food-film-fest-2023","status":"publish","type":"post","link":"https:\/\/www.planetel.it\/en\/2023\/08\/planetel-sponsor-del-food-film-fest-2023\/","title":{"rendered":"Planetel sponsor del Food Film Fest 2023"},"content":{"rendered":"<h2><em>Feeling Food<\/em>: al via la decima edizione del Food Film Fest<\/h2>\n<p>Domani, mercoled\u00ec <strong>23 agosto<\/strong>, nel suggestivo contesto di <strong>Piazza Mascheroni<\/strong> a Bergamo, si alzer\u00e0 il sipario sulla decima edizione del <a href=\"https:\/\/foodfilmfestbergamo.it\/\" target=\"_blank\" rel=\"noopener\"><strong>Food Film Fest<\/strong><\/a>, il noto e unico concorso in Italia dedicato alle migliori produzioni cinematografiche internazionali afferenti alla tematica del food in tutte le sue declinazioni. Un festival, quindi, in grado di mescolare con successo due ambiti apparentemente diversi come il <strong>cinema<\/strong> e il <strong>cibo<\/strong>, i quali, invece, sono capaci di creare un connubio perfetto fatto di emozioni, ricordi, immagini e sensazioni.<\/p>\n<p>In quest\u2019ottica, <strong><em>Feeling Food<\/em><\/strong> \u00e8 stato individuato come il tema perfetto attorno a cui costruire la decima edizione del concorso. Il legame con il cibo, infatti, rappresenta un qualcosa che trascende il tempo, regalandoci colori, sapori e profumi che sanno caricarci di ricordi. In altri termini, il tempo cambia i gusti e ne fa scoprire continuamente nuove sfumature, ma il feeling verso il cibo e le emozioni correlate restano intatti. Come ogni anno saranno i film a declinare in immagini questi concetti e a guidare lo spettatore nei meandri pi\u00f9 interessanti del rapporto tra food e cinema.<\/p>\n<p>Nell\u2019anno di Bergamo-Brescia capitale italiana della Cultura, quest\u2019ultima sar\u00e0 valorizzata da <strong>32 film in concorso<\/strong> selezionati tra oltre 500 opere provenienti da <strong>80 nazioni<\/strong>. Tre le categorie: <strong>DOC<\/strong>, <strong>Food Movie<\/strong> e <strong>Animazione<\/strong>. Naturalmente, non mancheranno momenti dedicati all\u2019enogastronomia bergamasca con degustazioni guidate, cooking show e laboratori.<\/p>\n<p style=\"text-align: center;\"><a class=\"btn btn-warning\" href=\"https:\/\/foodfilmfestbergamo.it\/wp-content\/uploads\/2023\/08\/WEB_FFF-libretto-layout_2023-1.pdf\" target=\"_blank\" rel=\"noopener\"><strong>Scopri il programma dell&#8217;evento<\/strong><\/a><\/p>\n<h2>Planetel a sostegno della Cultura sul territorio<\/h2>\n<p><strong>Sostenere la cultura<\/strong> e <strong>valorizzare il territorio<\/strong> sono ormai azioni che Planetel ha reso imperativi. La nostra azienda, infatti, si impegna costantemente nell\u2019appoggiare e supportare numerose iniziative sociali e culturali promosse in quelle aree che, per noi, potrebbero essere definite casa. Una direzione intrapresa con ancor pi\u00f9 significato in un\u2019annata come quella attuale, nella quale due delle provincie maggiormente coperte dai servizi Planetel si fanno portabandiera della cultura e dei valori dell\u2019italianit\u00e0 nel mondo.<\/p>\n<p>Nel concreto, abbiamo deciso di connettere l\u2019intero festival attraverso l\u2019<strong>attivazione del link wireless<\/strong>. Mediante l\u2019installazione di un\u2019apposita antenna, infatti, espositori e visitatori potranno godere di un segnale Wi-Fi funzionale ed efficace, cos\u00ec da vivere nel migliore dei modi la bellissima esperienza del Food Film Fest 2023.<\/p>\n<p>Una visione che viene ovviamente dal CEO di Planetel, <strong>Bruno Pianetti<\/strong>: \u201c<em>Partecipare al Food Film Fest 2023 in qualit\u00e0 di sponsor rappresenta per noi un\u2019opportunit\u00e0 di supportare, incentivare e vivere i valori pi\u00f9 importanti per il nostro territorio: cultura, intrattenimento, tradizione, sostenibilit\u00e0 e innovazione.<\/em>\u201d<\/p>\n<div class=\"row flex justify-content-center\"><div class=\"col-xs-12 col-sm-6 col-md-3\"><a class=\"d-inline-block mb-1\" data-fancybox=\"inner-gallery\" href=https:\/\/www.planetel.it\/wp-content\/uploads\/2024\/05\/FILM_FOOD_FEST_hd_4.jpeg><img class=\"w-100 img-reponsive\" src='https:\/\/www.planetel.it\/wp-content\/uploads\/2024\/05\/FILM_FOOD_FEST_hd_4.jpeg' \/><\/a><\/div><div class=\"col-xs-12 col-sm-6 col-md-3\"><a class=\"d-inline-block mb-1\" data-fancybox=\"inner-gallery\" href=https:\/\/www.planetel.it\/wp-content\/uploads\/2024\/05\/FILM_FOOD_FEST_hd-1.jpeg><img class=\"w-100 img-reponsive\" src='https:\/\/www.planetel.it\/wp-content\/uploads\/2024\/05\/FILM_FOOD_FEST_hd-1.jpeg' \/><\/a><\/div><div class=\"col-xs-12 col-sm-6 col-md-3\"><a class=\"d-inline-block mb-1\" data-fancybox=\"inner-gallery\" href=https:\/\/www.planetel.it\/wp-content\/uploads\/2024\/05\/FILM_FOOD_FEST_hd_99.jpeg><img class=\"w-100 img-reponsive\" src='https:\/\/www.planetel.it\/wp-content\/uploads\/2024\/05\/FILM_FOOD_FEST_hd_99.jpeg' \/><\/a><\/div><\/div>\n","protected":false},"excerpt":{"rendered":"<p>Feeling Food: al via la decima edizione del Food Film Fest Domani, mercoled\u00ec 23 agosto, nel suggestivo contesto di Piazza Mascheroni a Bergamo, si alzer\u00e0 il sipario sulla decima edizione del Food Film Fest, il noto e unico concorso in Italia dedicato alle migliori produzioni cinematografiche internazionali afferenti alla tematica del food in tutte le [&hellip;]<\/p>\n","protected":false},"author":4,"featured_media":14734,"comment_status":"closed","ping_status":"closed","sticky":false,"template":"","format":"standard","meta":{"_acf_changed":false,"footnotes":""},"categories":[672,729],"tags":[358,464,498,499,500,501,502,503],"service_category":[],"class_list":["post-14729","post","type-post","status-publish","format-standard","has-post-thumbnail","hentry","category-planetel","category-sponsorizzazioni","tag-planetel","tag-bergamo","tag-bergamobrescia","tag-cibo","tag-concorso","tag-festival","tag-film","tag-food-film-fest"],"acf":[],"yoast_head":"<!-- This site is optimized with the Yoast SEO plugin v27.3 - https:\/\/yoast.com\/product\/yoast-seo-wordpress\/ -->\n<title>Planetel sponsor del Food Film Fest 2023<\/title>\n<meta name=\"description\" content=\"Planetel sostiene il Food Film Fest 2023 attraverso la fornitura della copertura Wi-Fi dell&#039;evento. Scopri di pi\u00f9.\" \/>\n<meta name=\"robots\" content=\"index, follow, max-snippet:-1, max-image-preview:large, max-video-preview:-1\" \/>\n<link rel=\"canonical\" href=\"https:\/\/www.planetel.it\/en\/2023\/08\/planetel-sponsor-del-food-film-fest-2023\/\" \/>\n<meta property=\"og:locale\" content=\"en_US\" \/>\n<meta property=\"og:type\" content=\"article\" \/>\n<meta property=\"og:title\" content=\"Planetel sponsor del Food Film Fest 2023\" \/>\n<meta property=\"og:description\" content=\"Planetel sostiene il Food Film Fest 2023 attraverso la fornitura della copertura Wi-Fi dell&#039;evento. Scopri di pi\u00f9.\" \/>\n<meta property=\"og:url\" content=\"https:\/\/www.planetel.it\/en\/2023\/08\/planetel-sponsor-del-food-film-fest-2023\/\" \/>\n<meta property=\"og:site_name\" content=\"Planetel\" \/>\n<meta property=\"article:publisher\" content=\"https:\/\/www.facebook.com\/planetelspa\" \/>\n<meta property=\"article:published_time\" content=\"2023-08-22T08:02:35+00:00\" \/>\n<meta property=\"article:modified_time\" content=\"2024-06-27T09:57:08+00:00\" \/>\n<meta property=\"og:image\" content=\"https:\/\/preprod-www.planetel.it\/wp-content\/uploads\/2024\/05\/FoodFilmFest_immagine_news.png\" \/>\n\t<meta property=\"og:image:width\" content=\"1200\" \/>\n\t<meta property=\"og:image:height\" content=\"630\" \/>\n\t<meta property=\"og:image:type\" content=\"image\/png\" \/>\n<meta name=\"twitter:card\" content=\"summary_large_image\" \/>\n<meta name=\"twitter:label1\" content=\"Written by\" \/>\n\t<meta name=\"twitter:data1\" content=\"Andrea Brumana\" \/>\n\t<meta name=\"twitter:label2\" content=\"Est. reading time\" \/>\n\t<meta name=\"twitter:data2\" content=\"3 minutes\" \/>\n<script type=\"application\/ld+json\" class=\"yoast-schema-graph\">{\"@context\":\"https:\\\/\\\/schema.org\",\"@graph\":[{\"@type\":\"Article\",\"@id\":\"https:\\\/\\\/www.planetel.it\\\/en\\\/2023\\\/08\\\/planetel-sponsor-del-food-film-fest-2023\\\/#article\",\"isPartOf\":{\"@id\":\"https:\\\/\\\/www.planetel.it\\\/en\\\/2023\\\/08\\\/planetel-sponsor-del-food-film-fest-2023\\\/\"},\"author\":{\"name\":\"Andrea Brumana\",\"@id\":\"https:\\\/\\\/www.planetel.it\\\/en\\\/#\\\/schema\\\/person\\\/8e74703d23ff222042246a845bb004fa\"},\"headline\":\"Planetel sponsor del Food Film Fest 2023\",\"datePublished\":\"2023-08-22T08:02:35+00:00\",\"dateModified\":\"2024-06-27T09:57:08+00:00\",\"mainEntityOfPage\":{\"@id\":\"https:\\\/\\\/www.planetel.it\\\/en\\\/2023\\\/08\\\/planetel-sponsor-del-food-film-fest-2023\\\/\"},\"wordCount\":427,\"publisher\":{\"@id\":\"https:\\\/\\\/www.planetel.it\\\/en\\\/#organization\"},\"image\":{\"@id\":\"https:\\\/\\\/www.planetel.it\\\/en\\\/2023\\\/08\\\/planetel-sponsor-del-food-film-fest-2023\\\/#primaryimage\"},\"thumbnailUrl\":\"https:\\\/\\\/www.planetel.it\\\/wp-content\\\/uploads\\\/2024\\\/05\\\/FoodFilmFest_immagine_news.png\",\"keywords\":[\"Planetel\",\"bergamo\",\"BergamoBrescia\",\"Cibo\",\"Concorso\",\"festival\",\"Film\",\"Food Film Fest\"],\"articleSection\":[\"Planetel\",\"Sponsorizzazioni\"],\"inLanguage\":\"en-US\"},{\"@type\":\"WebPage\",\"@id\":\"https:\\\/\\\/www.planetel.it\\\/en\\\/2023\\\/08\\\/planetel-sponsor-del-food-film-fest-2023\\\/\",\"url\":\"https:\\\/\\\/www.planetel.it\\\/en\\\/2023\\\/08\\\/planetel-sponsor-del-food-film-fest-2023\\\/\",\"name\":\"Planetel sponsor del Food Film Fest 2023\",\"isPartOf\":{\"@id\":\"https:\\\/\\\/www.planetel.it\\\/en\\\/#website\"},\"primaryImageOfPage\":{\"@id\":\"https:\\\/\\\/www.planetel.it\\\/en\\\/2023\\\/08\\\/planetel-sponsor-del-food-film-fest-2023\\\/#primaryimage\"},\"image\":{\"@id\":\"https:\\\/\\\/www.planetel.it\\\/en\\\/2023\\\/08\\\/planetel-sponsor-del-food-film-fest-2023\\\/#primaryimage\"},\"thumbnailUrl\":\"https:\\\/\\\/www.planetel.it\\\/wp-content\\\/uploads\\\/2024\\\/05\\\/FoodFilmFest_immagine_news.png\",\"datePublished\":\"2023-08-22T08:02:35+00:00\",\"dateModified\":\"2024-06-27T09:57:08+00:00\",\"description\":\"Planetel sostiene il Food Film Fest 2023 attraverso la fornitura della copertura Wi-Fi dell'evento. Scopri di pi\u00f9.\",\"breadcrumb\":{\"@id\":\"https:\\\/\\\/www.planetel.it\\\/en\\\/2023\\\/08\\\/planetel-sponsor-del-food-film-fest-2023\\\/#breadcrumb\"},\"inLanguage\":\"en-US\",\"potentialAction\":[{\"@type\":\"ReadAction\",\"target\":[\"https:\\\/\\\/www.planetel.it\\\/en\\\/2023\\\/08\\\/planetel-sponsor-del-food-film-fest-2023\\\/\"]}]},{\"@type\":\"ImageObject\",\"inLanguage\":\"en-US\",\"@id\":\"https:\\\/\\\/www.planetel.it\\\/en\\\/2023\\\/08\\\/planetel-sponsor-del-food-film-fest-2023\\\/#primaryimage\",\"url\":\"https:\\\/\\\/www.planetel.it\\\/wp-content\\\/uploads\\\/2024\\\/05\\\/FoodFilmFest_immagine_news.png\",\"contentUrl\":\"https:\\\/\\\/www.planetel.it\\\/wp-content\\\/uploads\\\/2024\\\/05\\\/FoodFilmFest_immagine_news.png\",\"width\":1200,\"height\":630,\"caption\":\"Food Film Fest\"},{\"@type\":\"BreadcrumbList\",\"@id\":\"https:\\\/\\\/www.planetel.it\\\/en\\\/2023\\\/08\\\/planetel-sponsor-del-food-film-fest-2023\\\/#breadcrumb\",\"itemListElement\":[{\"@type\":\"ListItem\",\"position\":1,\"name\":\"Home\",\"item\":\"https:\\\/\\\/www.planetel.it\\\/en\\\/\"},{\"@type\":\"ListItem\",\"position\":2,\"name\":\"Azienda\",\"item\":\"https:\\\/\\\/www.planetel.it\\\/news\\\/blog\\\/categoria\\\/azienda\\\/\"},{\"@type\":\"ListItem\",\"position\":3,\"name\":\"Planetel\",\"item\":\"https:\\\/\\\/www.planetel.it\\\/news\\\/blog\\\/categoria\\\/planetel\\\/\"},{\"@type\":\"ListItem\",\"position\":4,\"name\":\"Planetel sponsor del Food Film Fest 2023\"}]},{\"@type\":\"WebSite\",\"@id\":\"https:\\\/\\\/www.planetel.it\\\/en\\\/#website\",\"url\":\"https:\\\/\\\/www.planetel.it\\\/en\\\/\",\"name\":\"Planetel\",\"description\":\"Pi\u00f9 che una connessione\",\"publisher\":{\"@id\":\"https:\\\/\\\/www.planetel.it\\\/en\\\/#organization\"},\"potentialAction\":[{\"@type\":\"SearchAction\",\"target\":{\"@type\":\"EntryPoint\",\"urlTemplate\":\"https:\\\/\\\/www.planetel.it\\\/en\\\/?s={search_term_string}\"},\"query-input\":{\"@type\":\"PropertyValueSpecification\",\"valueRequired\":true,\"valueName\":\"search_term_string\"}}],\"inLanguage\":\"en-US\"},{\"@type\":\"Organization\",\"@id\":\"https:\\\/\\\/www.planetel.it\\\/en\\\/#organization\",\"name\":\"Planetel S.p.A.\",\"url\":\"https:\\\/\\\/www.planetel.it\\\/en\\\/\",\"logo\":{\"@type\":\"ImageObject\",\"inLanguage\":\"en-US\",\"@id\":\"https:\\\/\\\/www.planetel.it\\\/en\\\/#\\\/schema\\\/logo\\\/image\\\/\",\"url\":\"https:\\\/\\\/www.planetel.it\\\/wp-content\\\/uploads\\\/2024\\\/04\\\/logo-group-planetel.svg\",\"contentUrl\":\"https:\\\/\\\/www.planetel.it\\\/wp-content\\\/uploads\\\/2024\\\/04\\\/logo-group-planetel.svg\",\"width\":1,\"height\":1,\"caption\":\"Planetel S.p.A.\"},\"image\":{\"@id\":\"https:\\\/\\\/www.planetel.it\\\/en\\\/#\\\/schema\\\/logo\\\/image\\\/\"},\"sameAs\":[\"https:\\\/\\\/www.facebook.com\\\/planetelspa\",\"https:\\\/\\\/www.linkedin.com\\\/company\\\/planetel\",\"https:\\\/\\\/www.instagram.com\\\/planetelspa\"]},{\"@type\":\"Person\",\"@id\":\"https:\\\/\\\/www.planetel.it\\\/en\\\/#\\\/schema\\\/person\\\/8e74703d23ff222042246a845bb004fa\",\"name\":\"Andrea Brumana\",\"image\":{\"@type\":\"ImageObject\",\"inLanguage\":\"en-US\",\"@id\":\"https:\\\/\\\/secure.gravatar.com\\\/avatar\\\/9a839884f24513d8bf063a907c74d8d2483fb1c4bbbf7cf7222c3e08581e4219?s=96&d=mm&r=g\",\"url\":\"https:\\\/\\\/secure.gravatar.com\\\/avatar\\\/9a839884f24513d8bf063a907c74d8d2483fb1c4bbbf7cf7222c3e08581e4219?s=96&d=mm&r=g\",\"contentUrl\":\"https:\\\/\\\/secure.gravatar.com\\\/avatar\\\/9a839884f24513d8bf063a907c74d8d2483fb1c4bbbf7cf7222c3e08581e4219?s=96&d=mm&r=g\",\"caption\":\"Andrea Brumana\"},\"url\":\"https:\\\/\\\/www.planetel.it\\\/en\\\/author\\\/a-brumana\\\/\"}]}<\/script>\n<!-- \/ Yoast SEO plugin. -->","yoast_head_json":{"title":"Planetel sponsor del Food Film Fest 2023","description":"Planetel sostiene il Food Film Fest 2023 attraverso la fornitura della copertura Wi-Fi dell'evento. Scopri di pi\u00f9.","robots":{"index":"index","follow":"follow","max-snippet":"max-snippet:-1","max-image-preview":"max-image-preview:large","max-video-preview":"max-video-preview:-1"},"canonical":"https:\/\/www.planetel.it\/en\/2023\/08\/planetel-sponsor-del-food-film-fest-2023\/","og_locale":"en_US","og_type":"article","og_title":"Planetel sponsor del Food Film Fest 2023","og_description":"Planetel sostiene il Food Film Fest 2023 attraverso la fornitura della copertura Wi-Fi dell'evento. Scopri di pi\u00f9.","og_url":"https:\/\/www.planetel.it\/en\/2023\/08\/planetel-sponsor-del-food-film-fest-2023\/","og_site_name":"Planetel","article_publisher":"https:\/\/www.facebook.com\/planetelspa","article_published_time":"2023-08-22T08:02:35+00:00","article_modified_time":"2024-06-27T09:57:08+00:00","og_image":[{"width":1200,"height":630,"url":"https:\/\/preprod-www.planetel.it\/wp-content\/uploads\/2024\/05\/FoodFilmFest_immagine_news.png","type":"image\/png"}],"twitter_card":"summary_large_image","twitter_misc":{"Written by":"Andrea Brumana","Est. reading time":"3 minutes"},"schema":{"@context":"https:\/\/schema.org","@graph":[{"@type":"Article","@id":"https:\/\/www.planetel.it\/en\/2023\/08\/planetel-sponsor-del-food-film-fest-2023\/#article","isPartOf":{"@id":"https:\/\/www.planetel.it\/en\/2023\/08\/planetel-sponsor-del-food-film-fest-2023\/"},"author":{"name":"Andrea Brumana","@id":"https:\/\/www.planetel.it\/en\/#\/schema\/person\/8e74703d23ff222042246a845bb004fa"},"headline":"Planetel sponsor del Food Film Fest 2023","datePublished":"2023-08-22T08:02:35+00:00","dateModified":"2024-06-27T09:57:08+00:00","mainEntityOfPage":{"@id":"https:\/\/www.planetel.it\/en\/2023\/08\/planetel-sponsor-del-food-film-fest-2023\/"},"wordCount":427,"publisher":{"@id":"https:\/\/www.planetel.it\/en\/#organization"},"image":{"@id":"https:\/\/www.planetel.it\/en\/2023\/08\/planetel-sponsor-del-food-film-fest-2023\/#primaryimage"},"thumbnailUrl":"https:\/\/www.planetel.it\/wp-content\/uploads\/2024\/05\/FoodFilmFest_immagine_news.png","keywords":["Planetel","bergamo","BergamoBrescia","Cibo","Concorso","festival","Film","Food Film Fest"],"articleSection":["Planetel","Sponsorizzazioni"],"inLanguage":"en-US"},{"@type":"WebPage","@id":"https:\/\/www.planetel.it\/en\/2023\/08\/planetel-sponsor-del-food-film-fest-2023\/","url":"https:\/\/www.planetel.it\/en\/2023\/08\/planetel-sponsor-del-food-film-fest-2023\/","name":"Planetel sponsor del Food Film Fest 2023","isPartOf":{"@id":"https:\/\/www.planetel.it\/en\/#website"},"primaryImageOfPage":{"@id":"https:\/\/www.planetel.it\/en\/2023\/08\/planetel-sponsor-del-food-film-fest-2023\/#primaryimage"},"image":{"@id":"https:\/\/www.planetel.it\/en\/2023\/08\/planetel-sponsor-del-food-film-fest-2023\/#primaryimage"},"thumbnailUrl":"https:\/\/www.planetel.it\/wp-content\/uploads\/2024\/05\/FoodFilmFest_immagine_news.png","datePublished":"2023-08-22T08:02:35+00:00","dateModified":"2024-06-27T09:57:08+00:00","description":"Planetel sostiene il Food Film Fest 2023 attraverso la fornitura della copertura Wi-Fi dell'evento. Scopri di pi\u00f9.","breadcrumb":{"@id":"https:\/\/www.planetel.it\/en\/2023\/08\/planetel-sponsor-del-food-film-fest-2023\/#breadcrumb"},"inLanguage":"en-US","potentialAction":[{"@type":"ReadAction","target":["https:\/\/www.planetel.it\/en\/2023\/08\/planetel-sponsor-del-food-film-fest-2023\/"]}]},{"@type":"ImageObject","inLanguage":"en-US","@id":"https:\/\/www.planetel.it\/en\/2023\/08\/planetel-sponsor-del-food-film-fest-2023\/#primaryimage","url":"https:\/\/www.planetel.it\/wp-content\/uploads\/2024\/05\/FoodFilmFest_immagine_news.png","contentUrl":"https:\/\/www.planetel.it\/wp-content\/uploads\/2024\/05\/FoodFilmFest_immagine_news.png","width":1200,"height":630,"caption":"Food Film Fest"},{"@type":"BreadcrumbList","@id":"https:\/\/www.planetel.it\/en\/2023\/08\/planetel-sponsor-del-food-film-fest-2023\/#breadcrumb","itemListElement":[{"@type":"ListItem","position":1,"name":"Home","item":"https:\/\/www.planetel.it\/en\/"},{"@type":"ListItem","position":2,"name":"Azienda","item":"https:\/\/www.planetel.it\/news\/blog\/categoria\/azienda\/"},{"@type":"ListItem","position":3,"name":"Planetel","item":"https:\/\/www.planetel.it\/news\/blog\/categoria\/planetel\/"},{"@type":"ListItem","position":4,"name":"Planetel sponsor del Food Film Fest 2023"}]},{"@type":"WebSite","@id":"https:\/\/www.planetel.it\/en\/#website","url":"https:\/\/www.planetel.it\/en\/","name":"Planetel","description":"Pi\u00f9 che una connessione","publisher":{"@id":"https:\/\/www.planetel.it\/en\/#organization"},"potentialAction":[{"@type":"SearchAction","target":{"@type":"EntryPoint","urlTemplate":"https:\/\/www.planetel.it\/en\/?s={search_term_string}"},"query-input":{"@type":"PropertyValueSpecification","valueRequired":true,"valueName":"search_term_string"}}],"inLanguage":"en-US"},{"@type":"Organization","@id":"https:\/\/www.planetel.it\/en\/#organization","name":"Planetel S.p.A.","url":"https:\/\/www.planetel.it\/en\/","logo":{"@type":"ImageObject","inLanguage":"en-US","@id":"https:\/\/www.planetel.it\/en\/#\/schema\/logo\/image\/","url":"https:\/\/www.planetel.it\/wp-content\/uploads\/2024\/04\/logo-group-planetel.svg","contentUrl":"https:\/\/www.planetel.it\/wp-content\/uploads\/2024\/04\/logo-group-planetel.svg","width":1,"height":1,"caption":"Planetel S.p.A."},"image":{"@id":"https:\/\/www.planetel.it\/en\/#\/schema\/logo\/image\/"},"sameAs":["https:\/\/www.facebook.com\/planetelspa","https:\/\/www.linkedin.com\/company\/planetel","https:\/\/www.instagram.com\/planetelspa"]},{"@type":"Person","@id":"https:\/\/www.planetel.it\/en\/#\/schema\/person\/8e74703d23ff222042246a845bb004fa","name":"Andrea Brumana","image":{"@type":"ImageObject","inLanguage":"en-US","@id":"https:\/\/secure.gravatar.com\/avatar\/9a839884f24513d8bf063a907c74d8d2483fb1c4bbbf7cf7222c3e08581e4219?s=96&d=mm&r=g","url":"https:\/\/secure.gravatar.com\/avatar\/9a839884f24513d8bf063a907c74d8d2483fb1c4bbbf7cf7222c3e08581e4219?s=96&d=mm&r=g","contentUrl":"https:\/\/secure.gravatar.com\/avatar\/9a839884f24513d8bf063a907c74d8d2483fb1c4bbbf7cf7222c3e08581e4219?s=96&d=mm&r=g","caption":"Andrea Brumana"},"url":"https:\/\/www.planetel.it\/en\/author\/a-brumana\/"}]}},"_links":{"self":[{"href":"https:\/\/www.planetel.it\/en\/wp-json\/wp\/v2\/posts\/14729","targetHints":{"allow":["GET"]}}],"collection":[{"href":"https:\/\/www.planetel.it\/en\/wp-json\/wp\/v2\/posts"}],"about":[{"href":"https:\/\/www.planetel.it\/en\/wp-json\/wp\/v2\/types\/post"}],"author":[{"embeddable":true,"href":"https:\/\/www.planetel.it\/en\/wp-json\/wp\/v2\/users\/4"}],"replies":[{"embeddable":true,"href":"https:\/\/www.planetel.it\/en\/wp-json\/wp\/v2\/comments?post=14729"}],"version-history":[{"count":2,"href":"https:\/\/www.planetel.it\/en\/wp-json\/wp\/v2\/posts\/14729\/revisions"}],"predecessor-version":[{"id":16595,"href":"https:\/\/www.planetel.it\/en\/wp-json\/wp\/v2\/posts\/14729\/revisions\/16595"}],"wp:featuredmedia":[{"embeddable":true,"href":"https:\/\/www.planetel.it\/en\/wp-json\/wp\/v2\/media\/14734"}],"wp:attachment":[{"href":"https:\/\/www.planetel.it\/en\/wp-json\/wp\/v2\/media?parent=14729"}],"wp:term":[{"taxonomy":"category","embeddable":true,"href":"https:\/\/www.planetel.it\/en\/wp-json\/wp\/v2\/categories?post=14729"},{"taxonomy":"post_tag","embeddable":true,"href":"https:\/\/www.planetel.it\/en\/wp-json\/wp\/v2\/tags?post=14729"},{"taxonomy":"service_category","embeddable":true,"href":"https:\/\/www.planetel.it\/en\/wp-json\/wp\/v2\/service_category?post=14729"}],"curies":[{"name":"wp","href":"https:\/\/api.w.org\/{rel}","templated":true}]}}