{"id":14739,"date":"2023-09-22T10:12:13","date_gmt":"2023-09-22T08:12:13","guid":{"rendered":"http:\/\/www.planetel.it\/2023\/09\/planetel-sponsor-dellevento-sullia-organizzato-dallordine-degli-ingegneri-di-bergamo\/"},"modified":"2024-06-27T11:54:17","modified_gmt":"2024-06-27T09:54:17","slug":"planetel-sponsor-dellevento-sullia-organizzato-dallordine-degli-ingegneri-di-bergamo","status":"publish","type":"post","link":"https:\/\/www.planetel.it\/en\/2023\/09\/planetel-sponsor-dellevento-sullia-organizzato-dallordine-degli-ingegneri-di-bergamo\/","title":{"rendered":"Planetel sponsor dell&#8217;evento sull&#8217;IA organizzato dall&#8217;Ordine degli Ingegneri di Bergamo"},"content":{"rendered":"<p>\u00c8 stato un piacere per Planetel prendere parte come sponsor a questo incontro che ha visto la partecipazione di oltre 130 professionisti del settore, riuniti per approfondire una tematica attuale e vicina al nostro business come quella dell&#8217;Intelligenza Artificiale.<\/p>\n<p>Un ringraziamento speciale all&#8217;Ordine degli Ingegneri di Bergamo per l&#8217;ospitalit\u00e0, al Dott. Ing. Vincenzo Singuaroli per l&#8217;ottima organizzazione e al Prof. Alfio Quarteroni per lo stimolante intervento.<\/p>\n<div class=\"row flex justify-content-center\"><div class=\"col-xs-12 col-sm-6 col-md-3\"><a class=\"d-inline-block mb-1\" data-fancybox=\"inner-gallery\" href=https:\/\/www.planetel.it\/wp-content\/uploads\/2024\/05\/Foto_evento_Ingegneri_2-scaled-1.jpg><img class=\"w-100 img-reponsive\" src='https:\/\/www.planetel.it\/wp-content\/uploads\/2024\/05\/Foto_evento_Ingegneri_2-scaled-1.jpg' \/><\/a><\/div><div class=\"col-xs-12 col-sm-6 col-md-3\"><a class=\"d-inline-block mb-1\" data-fancybox=\"inner-gallery\" href=https:\/\/www.planetel.it\/wp-content\/uploads\/2024\/05\/Foto_evento_Ingegneri_4.jpg><img class=\"w-100 img-reponsive\" src='https:\/\/www.planetel.it\/wp-content\/uploads\/2024\/05\/Foto_evento_Ingegneri_4.jpg' \/><\/a><\/div><div class=\"col-xs-12 col-sm-6 col-md-3\"><a class=\"d-inline-block mb-1\" data-fancybox=\"inner-gallery\" href=https:\/\/www.planetel.it\/wp-content\/uploads\/2024\/05\/Foto_evento_Ingegneri_3-scaled-1.jpg><img class=\"w-100 img-reponsive\" src='https:\/\/www.planetel.it\/wp-content\/uploads\/2024\/05\/Foto_evento_Ingegneri_3-scaled-1.jpg' \/><\/a><\/div><div class=\"col-xs-12 col-sm-6 col-md-3\"><a class=\"d-inline-block mb-1\" data-fancybox=\"inner-gallery\" href=https:\/\/www.planetel.it\/wp-content\/uploads\/2024\/05\/Foto_evento_Ingegneri_1.png><img class=\"w-100 img-reponsive\" src='https:\/\/www.planetel.it\/wp-content\/uploads\/2024\/05\/Foto_evento_Ingegneri_1.png' \/><\/a><\/div><div class=\"col-xs-12 col-sm-6 col-md-3\"><a class=\"d-inline-block mb-1\" data-fancybox=\"inner-gallery\" href=https:\/\/www.planetel.it\/wp-content\/uploads\/2024\/05\/Foto_evento_Ingegneri_5.png><img class=\"w-100 img-reponsive\" src='https:\/\/www.planetel.it\/wp-content\/uploads\/2024\/05\/Foto_evento_Ingegneri_5.png' \/><\/a><\/div><div class=\"col-xs-12 col-sm-6 col-md-3\"><a class=\"d-inline-block mb-1\" data-fancybox=\"inner-gallery\" href=https:\/\/www.planetel.it\/wp-content\/uploads\/2024\/05\/Foto_evento_Ingegneri_6-scaled-1.jpg><img class=\"w-100 img-reponsive\" src='https:\/\/www.planetel.it\/wp-content\/uploads\/2024\/05\/Foto_evento_Ingegneri_6-scaled-1.jpg' \/><\/a><\/div><\/div>\n<hr \/>\n<p>Lo sviluppo dell\u2019intelligenza artificiale e, soprattutto, la sua evoluzione e la sua diffusione all\u2019interno della societ\u00e0 ha portato il grande pubblico a interrogarsi in misura maggiore sulle potenzialit\u00e0 di questa tecnologia e sull\u2019impatto che essa pu\u00f2 avere nei diversi ambiti della quotidianit\u00e0.<\/p>\n<p>Per approfondire l\u2019argomento e dipingerne un quadro completo, dettagliato e, soprattutto, autorevole, l\u2019Ordine degli Ingegneri di Bergamo ha organizzato un convegno intitolato \u201c<em><strong>Intelligenza artificiale e societ\u00e0: impatto, sfide e opportunit\u00e0 nel nostro quotidiano<\/strong><\/em>\u201d. La manifestazione, che si inserisce nell\u2019alveo delle iniziative per <em>Bergamo Brescia Capitale della Cultura<\/em>, ambisce a creare una panoramica a trecentosessanta gradi su questo tema, partendo da un suo inquadramento storico e spostandosi, poi, sulle sue applicazioni in ambito aziendale, sportivo e industriale.<\/p>\n<p>Organizzatore dell&#8217;evento il <strong>Dott. Ing. Vincenzo Singuaroli<\/strong>, DPO di <strong>Planetel<\/strong>, azienda main sponsor dell&#8217;intera manifestazione. A tessere le fila del discorso sar\u00e0, invece, il <strong>Professore Alfio Quarteroni<\/strong>, docente del Politecnico di Milano e dell\u2019Ecole Polytechnique F\u00e9d\u00e9rale di Losanna, il quale metter\u00e0 a disposizione la usa esperienza per fornire una visione precisa del rapporto tra IA e quotidianit\u00e0, descrivendo con un linguaggio tecnico ma accessibile a tutti le ricadute pratiche di tale connubio.<\/p>\n<p>Il convegno si terr\u00e0 mercoled\u00ec <strong>27 settembre 2023<\/strong>, dalle <strong>16.00<\/strong> alle <strong>19.00<\/strong>, presso la <strong>Sala Mosaico del Palazzo dei Contratti e delle Manifestazioni<\/strong>, sito a Bergamo in Via Petrarca 10.<\/p>\n<h2>Programma<\/h2>\n<p><strong>Inquadramento storico<\/strong><\/p>\n<p><strong>Modelli dai problemi fisici: sport, ambiente ed eventi naturali, medicina, industria<\/strong><\/p>\n<p><strong>Intelligenza artificiale e machine learning<\/strong><\/p>\n<p style=\"padding-left: 40px;\">Che cos\u2019\u00e8 il machine learning e quali sono le sue principali componenti<\/p>\n<p style=\"padding-left: 40px;\">Come funzionano gli algoritmi di apprendimento automatico<\/p>\n<p style=\"padding-left: 40px;\">Il ruolo dei dati utilizzati nei modelli di machine learning<\/p>\n<p style=\"padding-left: 40px;\">Esempi di applicazioni del machine learning in diversi settori<\/p>\n<p style=\"padding-left: 40px;\">Reti neurali e loro interpretazione matematica<\/p>\n<p><strong>Generazione di gemelli digitali<\/strong><\/p>\n<p><strong>Opportunit\u00e0 e vantaggi dell\u2019intelligenza artificiale<\/strong><\/p>\n<p><strong>Studio di casi e successi nel settore dell\u2019intelligenza artificiale<\/strong><\/p>\n<p style=\"text-align: center;\"><a class=\"btn btn-success\" href=\"https:\/\/www.planetel.it\/wp-content\/uploads\/2023\/09\/Locandina-evento-IA.pdf\" target=\"_blank\" rel=\"noopener\">Scarica la locandina dell&#8217;evento<\/a><\/p>\n<h2>Come iscriversi<\/h2>\n<p>L\u2019ingresso all&#8217;evento \u00e8 gratuito per tutti, addetti ai lavori e no, ma i posti sono limitati.<\/p>\n<p style=\"text-align: center;\"><strong>Riserva subito il tuo posto:<\/strong><\/p>\n<p style=\"text-align: center;\"><strong><a class=\"btn btn-warning\" href=\"https:\/\/www.isiformazione.it\/ita\/_V2.0_iscrizione.asp?IDEdizione=1143&amp;CodOrdineEdizione=ING-BG\" target=\"_blank\" rel=\"noopener\">Sono un Ingegnere<\/a><\/strong><\/p>\n<p style=\"text-align: center;\"><strong><a class=\"btn btn-info\" href=\"https:\/\/www.eventbrite.it\/e\/biglietti-intelligenza-artificiale-e-societa-impatto-sfide-e-opportunita-719651405727?aff=oddtdtcreator\" target=\"_blank\" rel=\"noopener\">Non sono un Ingegnere<\/a><\/strong><\/p>\n","protected":false},"excerpt":{"rendered":"<p>\u00c8 stato un piacere per Planetel prendere parte come sponsor a questo incontro che ha visto la partecipazione di oltre 130 professionisti del settore, riuniti per approfondire una tematica attuale e vicina al nostro business come quella dell&#8217;Intelligenza Artificiale. Un ringraziamento speciale all&#8217;Ordine degli Ingegneri di Bergamo per l&#8217;ospitalit\u00e0, al Dott. Ing. Vincenzo Singuaroli per [&hellip;]<\/p>\n","protected":false},"author":4,"featured_media":14747,"comment_status":"closed","ping_status":"closed","sticky":false,"template":"","format":"standard","meta":{"_acf_changed":false,"footnotes":""},"categories":[672,729],"tags":[358,464,504,505,506],"service_category":[],"class_list":["post-14739","post","type-post","status-publish","format-standard","has-post-thumbnail","hentry","category-planetel","category-sponsorizzazioni","tag-planetel","tag-bergamo","tag-ia","tag-intelligenza-artificiale","tag-machine-learning"],"acf":[],"yoast_head":"<!-- This site is optimized with the Yoast SEO plugin v27.3 - https:\/\/yoast.com\/product\/yoast-seo-wordpress\/ -->\n<title>Planetel sponsor dell&#039;evento sull&#039;Intelligenza artificiale<\/title>\n<meta name=\"description\" content=\"L\u2019Ordine degli Ingegneri di Bergamo promuove un convegno per analizzare le applicazioni dell&#039;IA in ambito aziendale, sportivo e industriale.\" \/>\n<meta name=\"robots\" content=\"index, follow, max-snippet:-1, max-image-preview:large, max-video-preview:-1\" \/>\n<link rel=\"canonical\" href=\"https:\/\/www.planetel.it\/en\/2023\/09\/planetel-sponsor-dellevento-sullia-organizzato-dallordine-degli-ingegneri-di-bergamo\/\" \/>\n<meta property=\"og:locale\" content=\"en_US\" \/>\n<meta property=\"og:type\" content=\"article\" \/>\n<meta property=\"og:title\" content=\"Planetel sponsor dell&#039;evento sull&#039;Intelligenza artificiale\" \/>\n<meta property=\"og:description\" content=\"L\u2019Ordine degli Ingegneri di Bergamo promuove un convegno per analizzare le applicazioni dell&#039;IA in ambito aziendale, sportivo e industriale.\" \/>\n<meta property=\"og:url\" content=\"https:\/\/www.planetel.it\/en\/2023\/09\/planetel-sponsor-dellevento-sullia-organizzato-dallordine-degli-ingegneri-di-bergamo\/\" \/>\n<meta property=\"og:site_name\" content=\"Planetel\" \/>\n<meta property=\"article:publisher\" content=\"https:\/\/www.facebook.com\/planetelspa\" \/>\n<meta property=\"article:published_time\" content=\"2023-09-22T08:12:13+00:00\" \/>\n<meta property=\"article:modified_time\" content=\"2024-06-27T09:54:17+00:00\" \/>\n<meta property=\"og:image\" content=\"https:\/\/preprod-www.planetel.it\/wp-content\/uploads\/2024\/05\/Nuovo-progetto-34.png\" \/>\n\t<meta property=\"og:image:width\" content=\"1200\" \/>\n\t<meta property=\"og:image:height\" content=\"630\" \/>\n\t<meta property=\"og:image:type\" content=\"image\/png\" \/>\n<meta name=\"twitter:card\" content=\"summary_large_image\" \/>\n<meta name=\"twitter:label1\" content=\"Written by\" \/>\n\t<meta name=\"twitter:data1\" content=\"Andrea Brumana\" \/>\n\t<meta name=\"twitter:label2\" content=\"Est. reading time\" \/>\n\t<meta name=\"twitter:data2\" content=\"3 minutes\" \/>\n<script type=\"application\/ld+json\" class=\"yoast-schema-graph\">{\"@context\":\"https:\\\/\\\/schema.org\",\"@graph\":[{\"@type\":\"Article\",\"@id\":\"https:\\\/\\\/www.planetel.it\\\/en\\\/2023\\\/09\\\/planetel-sponsor-dellevento-sullia-organizzato-dallordine-degli-ingegneri-di-bergamo\\\/#article\",\"isPartOf\":{\"@id\":\"https:\\\/\\\/www.planetel.it\\\/en\\\/2023\\\/09\\\/planetel-sponsor-dellevento-sullia-organizzato-dallordine-degli-ingegneri-di-bergamo\\\/\"},\"author\":{\"name\":\"Andrea Brumana\",\"@id\":\"https:\\\/\\\/www.planetel.it\\\/en\\\/#\\\/schema\\\/person\\\/8e74703d23ff222042246a845bb004fa\"},\"headline\":\"Planetel sponsor dell&#8217;evento sull&#8217;IA organizzato dall&#8217;Ordine degli Ingegneri di Bergamo\",\"datePublished\":\"2023-09-22T08:12:13+00:00\",\"dateModified\":\"2024-06-27T09:54:17+00:00\",\"mainEntityOfPage\":{\"@id\":\"https:\\\/\\\/www.planetel.it\\\/en\\\/2023\\\/09\\\/planetel-sponsor-dellevento-sullia-organizzato-dallordine-degli-ingegneri-di-bergamo\\\/\"},\"wordCount\":430,\"publisher\":{\"@id\":\"https:\\\/\\\/www.planetel.it\\\/en\\\/#organization\"},\"image\":{\"@id\":\"https:\\\/\\\/www.planetel.it\\\/en\\\/2023\\\/09\\\/planetel-sponsor-dellevento-sullia-organizzato-dallordine-degli-ingegneri-di-bergamo\\\/#primaryimage\"},\"thumbnailUrl\":\"https:\\\/\\\/www.planetel.it\\\/wp-content\\\/uploads\\\/2024\\\/05\\\/Nuovo-progetto-34.png\",\"keywords\":[\"Planetel\",\"bergamo\",\"ia\",\"intelligenza artificiale\",\"Machine learning\"],\"articleSection\":[\"Planetel\",\"Sponsorizzazioni\"],\"inLanguage\":\"en-US\"},{\"@type\":\"WebPage\",\"@id\":\"https:\\\/\\\/www.planetel.it\\\/en\\\/2023\\\/09\\\/planetel-sponsor-dellevento-sullia-organizzato-dallordine-degli-ingegneri-di-bergamo\\\/\",\"url\":\"https:\\\/\\\/www.planetel.it\\\/en\\\/2023\\\/09\\\/planetel-sponsor-dellevento-sullia-organizzato-dallordine-degli-ingegneri-di-bergamo\\\/\",\"name\":\"Planetel sponsor dell'evento sull'Intelligenza artificiale\",\"isPartOf\":{\"@id\":\"https:\\\/\\\/www.planetel.it\\\/en\\\/#website\"},\"primaryImageOfPage\":{\"@id\":\"https:\\\/\\\/www.planetel.it\\\/en\\\/2023\\\/09\\\/planetel-sponsor-dellevento-sullia-organizzato-dallordine-degli-ingegneri-di-bergamo\\\/#primaryimage\"},\"image\":{\"@id\":\"https:\\\/\\\/www.planetel.it\\\/en\\\/2023\\\/09\\\/planetel-sponsor-dellevento-sullia-organizzato-dallordine-degli-ingegneri-di-bergamo\\\/#primaryimage\"},\"thumbnailUrl\":\"https:\\\/\\\/www.planetel.it\\\/wp-content\\\/uploads\\\/2024\\\/05\\\/Nuovo-progetto-34.png\",\"datePublished\":\"2023-09-22T08:12:13+00:00\",\"dateModified\":\"2024-06-27T09:54:17+00:00\",\"description\":\"L\u2019Ordine degli Ingegneri di Bergamo promuove un convegno per analizzare le applicazioni dell'IA in ambito aziendale, sportivo e industriale.\",\"breadcrumb\":{\"@id\":\"https:\\\/\\\/www.planetel.it\\\/en\\\/2023\\\/09\\\/planetel-sponsor-dellevento-sullia-organizzato-dallordine-degli-ingegneri-di-bergamo\\\/#breadcrumb\"},\"inLanguage\":\"en-US\",\"potentialAction\":[{\"@type\":\"ReadAction\",\"target\":[\"https:\\\/\\\/www.planetel.it\\\/en\\\/2023\\\/09\\\/planetel-sponsor-dellevento-sullia-organizzato-dallordine-degli-ingegneri-di-bergamo\\\/\"]}]},{\"@type\":\"ImageObject\",\"inLanguage\":\"en-US\",\"@id\":\"https:\\\/\\\/www.planetel.it\\\/en\\\/2023\\\/09\\\/planetel-sponsor-dellevento-sullia-organizzato-dallordine-degli-ingegneri-di-bergamo\\\/#primaryimage\",\"url\":\"https:\\\/\\\/www.planetel.it\\\/wp-content\\\/uploads\\\/2024\\\/05\\\/Nuovo-progetto-34.png\",\"contentUrl\":\"https:\\\/\\\/www.planetel.it\\\/wp-content\\\/uploads\\\/2024\\\/05\\\/Nuovo-progetto-34.png\",\"width\":1200,\"height\":630,\"caption\":\"Intelligenza artificiale\"},{\"@type\":\"BreadcrumbList\",\"@id\":\"https:\\\/\\\/www.planetel.it\\\/en\\\/2023\\\/09\\\/planetel-sponsor-dellevento-sullia-organizzato-dallordine-degli-ingegneri-di-bergamo\\\/#breadcrumb\",\"itemListElement\":[{\"@type\":\"ListItem\",\"position\":1,\"name\":\"Home\",\"item\":\"https:\\\/\\\/www.planetel.it\\\/en\\\/\"},{\"@type\":\"ListItem\",\"position\":2,\"name\":\"Azienda\",\"item\":\"https:\\\/\\\/www.planetel.it\\\/news\\\/blog\\\/categoria\\\/azienda\\\/\"},{\"@type\":\"ListItem\",\"position\":3,\"name\":\"Planetel\",\"item\":\"https:\\\/\\\/www.planetel.it\\\/news\\\/blog\\\/categoria\\\/planetel\\\/\"},{\"@type\":\"ListItem\",\"position\":4,\"name\":\"Planetel sponsor dell&#8217;evento sull&#8217;IA organizzato dall&#8217;Ordine degli Ingegneri di Bergamo\"}]},{\"@type\":\"WebSite\",\"@id\":\"https:\\\/\\\/www.planetel.it\\\/en\\\/#website\",\"url\":\"https:\\\/\\\/www.planetel.it\\\/en\\\/\",\"name\":\"Planetel\",\"description\":\"Pi\u00f9 che una connessione\",\"publisher\":{\"@id\":\"https:\\\/\\\/www.planetel.it\\\/en\\\/#organization\"},\"potentialAction\":[{\"@type\":\"SearchAction\",\"target\":{\"@type\":\"EntryPoint\",\"urlTemplate\":\"https:\\\/\\\/www.planetel.it\\\/en\\\/?s={search_term_string}\"},\"query-input\":{\"@type\":\"PropertyValueSpecification\",\"valueRequired\":true,\"valueName\":\"search_term_string\"}}],\"inLanguage\":\"en-US\"},{\"@type\":\"Organization\",\"@id\":\"https:\\\/\\\/www.planetel.it\\\/en\\\/#organization\",\"name\":\"Planetel S.p.A.\",\"url\":\"https:\\\/\\\/www.planetel.it\\\/en\\\/\",\"logo\":{\"@type\":\"ImageObject\",\"inLanguage\":\"en-US\",\"@id\":\"https:\\\/\\\/www.planetel.it\\\/en\\\/#\\\/schema\\\/logo\\\/image\\\/\",\"url\":\"https:\\\/\\\/www.planetel.it\\\/wp-content\\\/uploads\\\/2024\\\/04\\\/logo-group-planetel.svg\",\"contentUrl\":\"https:\\\/\\\/www.planetel.it\\\/wp-content\\\/uploads\\\/2024\\\/04\\\/logo-group-planetel.svg\",\"width\":1,\"height\":1,\"caption\":\"Planetel S.p.A.\"},\"image\":{\"@id\":\"https:\\\/\\\/www.planetel.it\\\/en\\\/#\\\/schema\\\/logo\\\/image\\\/\"},\"sameAs\":[\"https:\\\/\\\/www.facebook.com\\\/planetelspa\",\"https:\\\/\\\/www.linkedin.com\\\/company\\\/planetel\",\"https:\\\/\\\/www.instagram.com\\\/planetelspa\"]},{\"@type\":\"Person\",\"@id\":\"https:\\\/\\\/www.planetel.it\\\/en\\\/#\\\/schema\\\/person\\\/8e74703d23ff222042246a845bb004fa\",\"name\":\"Andrea Brumana\",\"image\":{\"@type\":\"ImageObject\",\"inLanguage\":\"en-US\",\"@id\":\"https:\\\/\\\/secure.gravatar.com\\\/avatar\\\/9a839884f24513d8bf063a907c74d8d2483fb1c4bbbf7cf7222c3e08581e4219?s=96&d=mm&r=g\",\"url\":\"https:\\\/\\\/secure.gravatar.com\\\/avatar\\\/9a839884f24513d8bf063a907c74d8d2483fb1c4bbbf7cf7222c3e08581e4219?s=96&d=mm&r=g\",\"contentUrl\":\"https:\\\/\\\/secure.gravatar.com\\\/avatar\\\/9a839884f24513d8bf063a907c74d8d2483fb1c4bbbf7cf7222c3e08581e4219?s=96&d=mm&r=g\",\"caption\":\"Andrea Brumana\"},\"url\":\"https:\\\/\\\/www.planetel.it\\\/en\\\/author\\\/a-brumana\\\/\"}]}<\/script>\n<!-- \/ Yoast SEO plugin. -->","yoast_head_json":{"title":"Planetel sponsor dell'evento sull'Intelligenza artificiale","description":"L\u2019Ordine degli Ingegneri di Bergamo promuove un convegno per analizzare le applicazioni dell'IA in ambito aziendale, sportivo e industriale.","robots":{"index":"index","follow":"follow","max-snippet":"max-snippet:-1","max-image-preview":"max-image-preview:large","max-video-preview":"max-video-preview:-1"},"canonical":"https:\/\/www.planetel.it\/en\/2023\/09\/planetel-sponsor-dellevento-sullia-organizzato-dallordine-degli-ingegneri-di-bergamo\/","og_locale":"en_US","og_type":"article","og_title":"Planetel sponsor dell'evento sull'Intelligenza artificiale","og_description":"L\u2019Ordine degli Ingegneri di Bergamo promuove un convegno per analizzare le applicazioni dell'IA in ambito aziendale, sportivo e industriale.","og_url":"https:\/\/www.planetel.it\/en\/2023\/09\/planetel-sponsor-dellevento-sullia-organizzato-dallordine-degli-ingegneri-di-bergamo\/","og_site_name":"Planetel","article_publisher":"https:\/\/www.facebook.com\/planetelspa","article_published_time":"2023-09-22T08:12:13+00:00","article_modified_time":"2024-06-27T09:54:17+00:00","og_image":[{"width":1200,"height":630,"url":"https:\/\/preprod-www.planetel.it\/wp-content\/uploads\/2024\/05\/Nuovo-progetto-34.png","type":"image\/png"}],"twitter_card":"summary_large_image","twitter_misc":{"Written by":"Andrea Brumana","Est. reading time":"3 minutes"},"schema":{"@context":"https:\/\/schema.org","@graph":[{"@type":"Article","@id":"https:\/\/www.planetel.it\/en\/2023\/09\/planetel-sponsor-dellevento-sullia-organizzato-dallordine-degli-ingegneri-di-bergamo\/#article","isPartOf":{"@id":"https:\/\/www.planetel.it\/en\/2023\/09\/planetel-sponsor-dellevento-sullia-organizzato-dallordine-degli-ingegneri-di-bergamo\/"},"author":{"name":"Andrea Brumana","@id":"https:\/\/www.planetel.it\/en\/#\/schema\/person\/8e74703d23ff222042246a845bb004fa"},"headline":"Planetel sponsor dell&#8217;evento sull&#8217;IA organizzato dall&#8217;Ordine degli Ingegneri di Bergamo","datePublished":"2023-09-22T08:12:13+00:00","dateModified":"2024-06-27T09:54:17+00:00","mainEntityOfPage":{"@id":"https:\/\/www.planetel.it\/en\/2023\/09\/planetel-sponsor-dellevento-sullia-organizzato-dallordine-degli-ingegneri-di-bergamo\/"},"wordCount":430,"publisher":{"@id":"https:\/\/www.planetel.it\/en\/#organization"},"image":{"@id":"https:\/\/www.planetel.it\/en\/2023\/09\/planetel-sponsor-dellevento-sullia-organizzato-dallordine-degli-ingegneri-di-bergamo\/#primaryimage"},"thumbnailUrl":"https:\/\/www.planetel.it\/wp-content\/uploads\/2024\/05\/Nuovo-progetto-34.png","keywords":["Planetel","bergamo","ia","intelligenza artificiale","Machine learning"],"articleSection":["Planetel","Sponsorizzazioni"],"inLanguage":"en-US"},{"@type":"WebPage","@id":"https:\/\/www.planetel.it\/en\/2023\/09\/planetel-sponsor-dellevento-sullia-organizzato-dallordine-degli-ingegneri-di-bergamo\/","url":"https:\/\/www.planetel.it\/en\/2023\/09\/planetel-sponsor-dellevento-sullia-organizzato-dallordine-degli-ingegneri-di-bergamo\/","name":"Planetel sponsor dell'evento sull'Intelligenza artificiale","isPartOf":{"@id":"https:\/\/www.planetel.it\/en\/#website"},"primaryImageOfPage":{"@id":"https:\/\/www.planetel.it\/en\/2023\/09\/planetel-sponsor-dellevento-sullia-organizzato-dallordine-degli-ingegneri-di-bergamo\/#primaryimage"},"image":{"@id":"https:\/\/www.planetel.it\/en\/2023\/09\/planetel-sponsor-dellevento-sullia-organizzato-dallordine-degli-ingegneri-di-bergamo\/#primaryimage"},"thumbnailUrl":"https:\/\/www.planetel.it\/wp-content\/uploads\/2024\/05\/Nuovo-progetto-34.png","datePublished":"2023-09-22T08:12:13+00:00","dateModified":"2024-06-27T09:54:17+00:00","description":"L\u2019Ordine degli Ingegneri di Bergamo promuove un convegno per analizzare le applicazioni dell'IA in ambito aziendale, sportivo e industriale.","breadcrumb":{"@id":"https:\/\/www.planetel.it\/en\/2023\/09\/planetel-sponsor-dellevento-sullia-organizzato-dallordine-degli-ingegneri-di-bergamo\/#breadcrumb"},"inLanguage":"en-US","potentialAction":[{"@type":"ReadAction","target":["https:\/\/www.planetel.it\/en\/2023\/09\/planetel-sponsor-dellevento-sullia-organizzato-dallordine-degli-ingegneri-di-bergamo\/"]}]},{"@type":"ImageObject","inLanguage":"en-US","@id":"https:\/\/www.planetel.it\/en\/2023\/09\/planetel-sponsor-dellevento-sullia-organizzato-dallordine-degli-ingegneri-di-bergamo\/#primaryimage","url":"https:\/\/www.planetel.it\/wp-content\/uploads\/2024\/05\/Nuovo-progetto-34.png","contentUrl":"https:\/\/www.planetel.it\/wp-content\/uploads\/2024\/05\/Nuovo-progetto-34.png","width":1200,"height":630,"caption":"Intelligenza artificiale"},{"@type":"BreadcrumbList","@id":"https:\/\/www.planetel.it\/en\/2023\/09\/planetel-sponsor-dellevento-sullia-organizzato-dallordine-degli-ingegneri-di-bergamo\/#breadcrumb","itemListElement":[{"@type":"ListItem","position":1,"name":"Home","item":"https:\/\/www.planetel.it\/en\/"},{"@type":"ListItem","position":2,"name":"Azienda","item":"https:\/\/www.planetel.it\/news\/blog\/categoria\/azienda\/"},{"@type":"ListItem","position":3,"name":"Planetel","item":"https:\/\/www.planetel.it\/news\/blog\/categoria\/planetel\/"},{"@type":"ListItem","position":4,"name":"Planetel sponsor dell&#8217;evento sull&#8217;IA organizzato dall&#8217;Ordine degli Ingegneri di Bergamo"}]},{"@type":"WebSite","@id":"https:\/\/www.planetel.it\/en\/#website","url":"https:\/\/www.planetel.it\/en\/","name":"Planetel","description":"Pi\u00f9 che una connessione","publisher":{"@id":"https:\/\/www.planetel.it\/en\/#organization"},"potentialAction":[{"@type":"SearchAction","target":{"@type":"EntryPoint","urlTemplate":"https:\/\/www.planetel.it\/en\/?s={search_term_string}"},"query-input":{"@type":"PropertyValueSpecification","valueRequired":true,"valueName":"search_term_string"}}],"inLanguage":"en-US"},{"@type":"Organization","@id":"https:\/\/www.planetel.it\/en\/#organization","name":"Planetel S.p.A.","url":"https:\/\/www.planetel.it\/en\/","logo":{"@type":"ImageObject","inLanguage":"en-US","@id":"https:\/\/www.planetel.it\/en\/#\/schema\/logo\/image\/","url":"https:\/\/www.planetel.it\/wp-content\/uploads\/2024\/04\/logo-group-planetel.svg","contentUrl":"https:\/\/www.planetel.it\/wp-content\/uploads\/2024\/04\/logo-group-planetel.svg","width":1,"height":1,"caption":"Planetel S.p.A."},"image":{"@id":"https:\/\/www.planetel.it\/en\/#\/schema\/logo\/image\/"},"sameAs":["https:\/\/www.facebook.com\/planetelspa","https:\/\/www.linkedin.com\/company\/planetel","https:\/\/www.instagram.com\/planetelspa"]},{"@type":"Person","@id":"https:\/\/www.planetel.it\/en\/#\/schema\/person\/8e74703d23ff222042246a845bb004fa","name":"Andrea Brumana","image":{"@type":"ImageObject","inLanguage":"en-US","@id":"https:\/\/secure.gravatar.com\/avatar\/9a839884f24513d8bf063a907c74d8d2483fb1c4bbbf7cf7222c3e08581e4219?s=96&d=mm&r=g","url":"https:\/\/secure.gravatar.com\/avatar\/9a839884f24513d8bf063a907c74d8d2483fb1c4bbbf7cf7222c3e08581e4219?s=96&d=mm&r=g","contentUrl":"https:\/\/secure.gravatar.com\/avatar\/9a839884f24513d8bf063a907c74d8d2483fb1c4bbbf7cf7222c3e08581e4219?s=96&d=mm&r=g","caption":"Andrea Brumana"},"url":"https:\/\/www.planetel.it\/en\/author\/a-brumana\/"}]}},"_links":{"self":[{"href":"https:\/\/www.planetel.it\/en\/wp-json\/wp\/v2\/posts\/14739","targetHints":{"allow":["GET"]}}],"collection":[{"href":"https:\/\/www.planetel.it\/en\/wp-json\/wp\/v2\/posts"}],"about":[{"href":"https:\/\/www.planetel.it\/en\/wp-json\/wp\/v2\/types\/post"}],"author":[{"embeddable":true,"href":"https:\/\/www.planetel.it\/en\/wp-json\/wp\/v2\/users\/4"}],"replies":[{"embeddable":true,"href":"https:\/\/www.planetel.it\/en\/wp-json\/wp\/v2\/comments?post=14739"}],"version-history":[{"count":2,"href":"https:\/\/www.planetel.it\/en\/wp-json\/wp\/v2\/posts\/14739\/revisions"}],"predecessor-version":[{"id":16594,"href":"https:\/\/www.planetel.it\/en\/wp-json\/wp\/v2\/posts\/14739\/revisions\/16594"}],"wp:featuredmedia":[{"embeddable":true,"href":"https:\/\/www.planetel.it\/en\/wp-json\/wp\/v2\/media\/14747"}],"wp:attachment":[{"href":"https:\/\/www.planetel.it\/en\/wp-json\/wp\/v2\/media?parent=14739"}],"wp:term":[{"taxonomy":"category","embeddable":true,"href":"https:\/\/www.planetel.it\/en\/wp-json\/wp\/v2\/categories?post=14739"},{"taxonomy":"post_tag","embeddable":true,"href":"https:\/\/www.planetel.it\/en\/wp-json\/wp\/v2\/tags?post=14739"},{"taxonomy":"service_category","embeddable":true,"href":"https:\/\/www.planetel.it\/en\/wp-json\/wp\/v2\/service_category?post=14739"}],"curies":[{"name":"wp","href":"https:\/\/api.w.org\/{rel}","templated":true}]}}