{"id":14759,"date":"2023-10-09T15:49:03","date_gmt":"2023-10-09T13:49:03","guid":{"rendered":"http:\/\/www.planetel.it\/2023\/10\/planetel-alla-fiera-campionaria-di-bergamo-2023\/"},"modified":"2024-06-21T15:32:47","modified_gmt":"2024-06-21T13:32:47","slug":"planetel-alla-fiera-campionaria-di-bergamo-2023","status":"publish","type":"post","link":"https:\/\/www.planetel.it\/en\/2023\/10\/planetel-alla-fiera-campionaria-di-bergamo-2023\/","title":{"rendered":"Planetel alla Fiera Campionaria di Bergamo 2023"},"content":{"rendered":"<p>Si \u00e8 conclusa l&#8217;edizione 2023 della <strong><span class=\"xt0psk2\">Fiera Campionaria Bergamo<\/span><\/strong> promossa da <span class=\"xt0psk2\"><strong>Promoberg<\/strong><\/span>. Per noi di Planetel \u00e8 stata una bella occasione per incontrare nuovi volti e fare conoscere le nostre soluzioni, nonch\u00e9 per confrontarci con i tanti visitatori presenti. Inoltre, abbiamo avuto modo di ribadire i nostri valori di impegno verso il territorio, di prossimita\u0300 alle realt\u00e0 locali e di relazione personale con i nostri clienti.<\/p>\n<p style=\"text-align: center;\"><iframe loading=\"lazy\" src=\"\/\/www.youtube.com\/embed\/ULg812dSfGM\" width=\"560\" height=\"314\" allowfullscreen=\"allowfullscreen\"><\/iframe><\/p>\n<hr \/>\n<p>Torna la <strong><a href=\"https:\/\/www.campionaria-bergamo.it\/\" target=\"_blank\" rel=\"noopener\">Fiera Campionaria di Bergamo<\/a><\/strong>, l\u2019evento multisettoriale targato <strong>Promoberg<\/strong> che, da oltre quarant&#8217;anni, mette in vetrina un&#8217;ampia gamma di prodotti e servizi legati a settori diversificati. Forte delle <strong>70 mila<\/strong> presenze della scorsa edizione, la manifestazione punta per la quarantaquattresima volta a raggiungere il proprio obiettivo principale: creare un momento di incontro esclusivo tra domanda e offerta, dove le opportunit\u00e0 per espositori e visitatori sono amplificate in modo sostanziale.<\/p>\n<p>I giorni da cerchiare sul calendario sono <strong>da sabato 28 ottobre a mercoled\u00ec 1\u00b0 novembre<\/strong>, un periodo ideale tra weekend e festivit\u00e0 per ottimizzare le presenze, fornendo alle aziende un bacino d\u2019utenza potenzialmente ideale per massimizzare il proprio investimento e garantendo ai visitatori la possibilit\u00e0 di godersi la fiera con pi\u00f9 agio. Il teatro dell\u2019evento \u00e8, naturalmente, il <strong>polo fieristico di Bergamo<\/strong>, con la riproposizione dell\u2019ingresso gratuito e dell\u2019accesso semplice agli svariati servizi offerti.<\/p>\n<p>Come negli anni procedenti, Planetel sar\u00e0 presente con il suo portafoglio di soluzioni relative alle <strong>Telecomunicazioni<\/strong>, alla <strong>connettivit\u00e0 in Fibra ottica ultraveloce<\/strong> e all\u2019<strong>Infrastruttura<\/strong>, accompagnate dagli innovativi servizi di <strong>Cloud Transformation<\/strong>, <strong>Cybersecurity<\/strong> e <strong>consulenza IT.<\/strong><\/p>\n<p>Che si tratti, dunque, di un privato desideroso di una connessione performante, di una PMI interessata a soluzioni cloud su misura o di una grande azienda alla ricerca di tecnologie all\u2019avanguardia, qualunque visitatore pu\u00f2 trovare allo <strong>stand Planetel<\/strong>, collocato nel <strong>padiglione A numero 62<\/strong>, un commerciale specializzato pronto ad ascoltare le diverse necessit\u00e0.<\/p>\n<p>Come sempre, infine, sono state pensate offerte e promozioni specifiche per la fiera, oltre a <strong>un\u2019interessantissima novit\u00e0 che sar\u00e0 presentata ufficialmente proprio durante la manifestazione<\/strong>.<\/p>\n<p>Vi aspettiamo!<\/p>\n","protected":false},"excerpt":{"rendered":"<p>Si \u00e8 conclusa l&#8217;edizione 2023 della Fiera Campionaria Bergamo promossa da Promoberg. Per noi di Planetel \u00e8 stata una bella occasione per incontrare nuovi volti e fare conoscere le nostre soluzioni, nonch\u00e9 per confrontarci con i tanti visitatori presenti. Inoltre, abbiamo avuto modo di ribadire i nostri valori di impegno verso il territorio, di prossimita\u0300 [&hellip;]<\/p>\n","protected":false},"author":4,"featured_media":14760,"comment_status":"closed","ping_status":"closed","sticky":false,"template":"","format":"standard","meta":{"_acf_changed":false,"footnotes":""},"categories":[692,716,672],"tags":[358,421,456,464,509],"service_category":[312],"class_list":["post-14759","post","type-post","status-publish","format-standard","has-post-thumbnail","hentry","category-connettivita-fibra-ottica","category-privati","category-planetel","tag-planetel","tag-connettivita","tag-cloud-transformation","tag-bergamo","tag-fiera-campionaria","service_category-telecomunicazioni"],"acf":[],"yoast_head":"<!-- This site is optimized with the Yoast SEO plugin v27.3 - https:\/\/yoast.com\/product\/yoast-seo-wordpress\/ -->\n<title>Planetel alla Fiera Campionaria di Bergamo 2023<\/title>\n<meta name=\"description\" content=\"La 44\u00b0 edizione della Fiera Campionaria \u00e8 alle porte e Planetel sar\u00e0 presente con le sue soluzioni, offerte dedicate e una grande novit\u00e0.\" \/>\n<meta name=\"robots\" content=\"index, follow, max-snippet:-1, max-image-preview:large, max-video-preview:-1\" \/>\n<link rel=\"canonical\" href=\"https:\/\/www.planetel.it\/en\/2023\/10\/planetel-alla-fiera-campionaria-di-bergamo-2023\/\" \/>\n<meta property=\"og:locale\" content=\"en_US\" \/>\n<meta property=\"og:type\" content=\"article\" \/>\n<meta property=\"og:title\" content=\"Planetel alla Fiera Campionaria di Bergamo 2023\" \/>\n<meta property=\"og:description\" content=\"La 44\u00b0 edizione della Fiera Campionaria \u00e8 alle porte e Planetel sar\u00e0 presente con le sue soluzioni, offerte dedicate e una grande novit\u00e0.\" \/>\n<meta property=\"og:url\" content=\"https:\/\/www.planetel.it\/en\/2023\/10\/planetel-alla-fiera-campionaria-di-bergamo-2023\/\" \/>\n<meta property=\"og:site_name\" content=\"Planetel\" \/>\n<meta property=\"article:publisher\" content=\"https:\/\/www.facebook.com\/planetelspa\" \/>\n<meta property=\"article:published_time\" content=\"2023-10-09T13:49:03+00:00\" \/>\n<meta property=\"article:modified_time\" content=\"2024-06-21T13:32:47+00:00\" \/>\n<meta property=\"og:image\" content=\"https:\/\/preprod-www.planetel.it\/wp-content\/uploads\/2024\/05\/MicrosoftTeams-image-76.png\" \/>\n\t<meta property=\"og:image:width\" content=\"1200\" \/>\n\t<meta property=\"og:image:height\" content=\"630\" \/>\n\t<meta property=\"og:image:type\" content=\"image\/png\" \/>\n<meta name=\"twitter:card\" content=\"summary_large_image\" \/>\n<meta name=\"twitter:label1\" content=\"Written by\" \/>\n\t<meta name=\"twitter:data1\" content=\"Andrea Brumana\" \/>\n\t<meta name=\"twitter:label2\" content=\"Est. reading time\" \/>\n\t<meta name=\"twitter:data2\" content=\"2 minutes\" \/>\n<script type=\"application\/ld+json\" class=\"yoast-schema-graph\">{\"@context\":\"https:\\\/\\\/schema.org\",\"@graph\":[{\"@type\":\"Article\",\"@id\":\"https:\\\/\\\/www.planetel.it\\\/en\\\/2023\\\/10\\\/planetel-alla-fiera-campionaria-di-bergamo-2023\\\/#article\",\"isPartOf\":{\"@id\":\"https:\\\/\\\/www.planetel.it\\\/en\\\/2023\\\/10\\\/planetel-alla-fiera-campionaria-di-bergamo-2023\\\/\"},\"author\":{\"name\":\"Andrea Brumana\",\"@id\":\"https:\\\/\\\/www.planetel.it\\\/en\\\/#\\\/schema\\\/person\\\/8e74703d23ff222042246a845bb004fa\"},\"headline\":\"Planetel alla Fiera Campionaria di Bergamo 2023\",\"datePublished\":\"2023-10-09T13:49:03+00:00\",\"dateModified\":\"2024-06-21T13:32:47+00:00\",\"mainEntityOfPage\":{\"@id\":\"https:\\\/\\\/www.planetel.it\\\/en\\\/2023\\\/10\\\/planetel-alla-fiera-campionaria-di-bergamo-2023\\\/\"},\"wordCount\":334,\"publisher\":{\"@id\":\"https:\\\/\\\/www.planetel.it\\\/en\\\/#organization\"},\"image\":{\"@id\":\"https:\\\/\\\/www.planetel.it\\\/en\\\/2023\\\/10\\\/planetel-alla-fiera-campionaria-di-bergamo-2023\\\/#primaryimage\"},\"thumbnailUrl\":\"https:\\\/\\\/www.planetel.it\\\/wp-content\\\/uploads\\\/2024\\\/05\\\/MicrosoftTeams-image-76.png\",\"keywords\":[\"Planetel\",\"connettivit\u00e0\",\"Cloud transformation\",\"bergamo\",\"fiera campionaria\"],\"articleSection\":[\"Connettivit\u00e0 Fibra ottica\",\"Privati\",\"Planetel\"],\"inLanguage\":\"en-US\"},{\"@type\":\"WebPage\",\"@id\":\"https:\\\/\\\/www.planetel.it\\\/en\\\/2023\\\/10\\\/planetel-alla-fiera-campionaria-di-bergamo-2023\\\/\",\"url\":\"https:\\\/\\\/www.planetel.it\\\/en\\\/2023\\\/10\\\/planetel-alla-fiera-campionaria-di-bergamo-2023\\\/\",\"name\":\"Planetel alla Fiera Campionaria di Bergamo 2023\",\"isPartOf\":{\"@id\":\"https:\\\/\\\/www.planetel.it\\\/en\\\/#website\"},\"primaryImageOfPage\":{\"@id\":\"https:\\\/\\\/www.planetel.it\\\/en\\\/2023\\\/10\\\/planetel-alla-fiera-campionaria-di-bergamo-2023\\\/#primaryimage\"},\"image\":{\"@id\":\"https:\\\/\\\/www.planetel.it\\\/en\\\/2023\\\/10\\\/planetel-alla-fiera-campionaria-di-bergamo-2023\\\/#primaryimage\"},\"thumbnailUrl\":\"https:\\\/\\\/www.planetel.it\\\/wp-content\\\/uploads\\\/2024\\\/05\\\/MicrosoftTeams-image-76.png\",\"datePublished\":\"2023-10-09T13:49:03+00:00\",\"dateModified\":\"2024-06-21T13:32:47+00:00\",\"description\":\"La 44\u00b0 edizione della Fiera Campionaria \u00e8 alle porte e Planetel sar\u00e0 presente con le sue soluzioni, offerte dedicate e una grande novit\u00e0.\",\"breadcrumb\":{\"@id\":\"https:\\\/\\\/www.planetel.it\\\/en\\\/2023\\\/10\\\/planetel-alla-fiera-campionaria-di-bergamo-2023\\\/#breadcrumb\"},\"inLanguage\":\"en-US\",\"potentialAction\":[{\"@type\":\"ReadAction\",\"target\":[\"https:\\\/\\\/www.planetel.it\\\/en\\\/2023\\\/10\\\/planetel-alla-fiera-campionaria-di-bergamo-2023\\\/\"]}]},{\"@type\":\"ImageObject\",\"inLanguage\":\"en-US\",\"@id\":\"https:\\\/\\\/www.planetel.it\\\/en\\\/2023\\\/10\\\/planetel-alla-fiera-campionaria-di-bergamo-2023\\\/#primaryimage\",\"url\":\"https:\\\/\\\/www.planetel.it\\\/wp-content\\\/uploads\\\/2024\\\/05\\\/MicrosoftTeams-image-76.png\",\"contentUrl\":\"https:\\\/\\\/www.planetel.it\\\/wp-content\\\/uploads\\\/2024\\\/05\\\/MicrosoftTeams-image-76.png\",\"width\":1200,\"height\":630,\"caption\":\"Fiera Campionaria\"},{\"@type\":\"BreadcrumbList\",\"@id\":\"https:\\\/\\\/www.planetel.it\\\/en\\\/2023\\\/10\\\/planetel-alla-fiera-campionaria-di-bergamo-2023\\\/#breadcrumb\",\"itemListElement\":[{\"@type\":\"ListItem\",\"position\":1,\"name\":\"Home\",\"item\":\"https:\\\/\\\/www.planetel.it\\\/en\\\/\"},{\"@type\":\"ListItem\",\"position\":2,\"name\":\"Servizi\",\"item\":\"https:\\\/\\\/www.planetel.it\\\/news\\\/blog\\\/categoria\\\/servizi\\\/\"},{\"@type\":\"ListItem\",\"position\":3,\"name\":\"Connettivit\u00e0 Fibra ottica\",\"item\":\"https:\\\/\\\/www.planetel.it\\\/news\\\/blog\\\/categoria\\\/connettivita-fibra-ottica\\\/\"},{\"@type\":\"ListItem\",\"position\":4,\"name\":\"Planetel alla Fiera Campionaria di Bergamo 2023\"}]},{\"@type\":\"WebSite\",\"@id\":\"https:\\\/\\\/www.planetel.it\\\/en\\\/#website\",\"url\":\"https:\\\/\\\/www.planetel.it\\\/en\\\/\",\"name\":\"Planetel\",\"description\":\"Pi\u00f9 che una connessione\",\"publisher\":{\"@id\":\"https:\\\/\\\/www.planetel.it\\\/en\\\/#organization\"},\"potentialAction\":[{\"@type\":\"SearchAction\",\"target\":{\"@type\":\"EntryPoint\",\"urlTemplate\":\"https:\\\/\\\/www.planetel.it\\\/en\\\/?s={search_term_string}\"},\"query-input\":{\"@type\":\"PropertyValueSpecification\",\"valueRequired\":true,\"valueName\":\"search_term_string\"}}],\"inLanguage\":\"en-US\"},{\"@type\":\"Organization\",\"@id\":\"https:\\\/\\\/www.planetel.it\\\/en\\\/#organization\",\"name\":\"Planetel S.p.A.\",\"url\":\"https:\\\/\\\/www.planetel.it\\\/en\\\/\",\"logo\":{\"@type\":\"ImageObject\",\"inLanguage\":\"en-US\",\"@id\":\"https:\\\/\\\/www.planetel.it\\\/en\\\/#\\\/schema\\\/logo\\\/image\\\/\",\"url\":\"https:\\\/\\\/www.planetel.it\\\/wp-content\\\/uploads\\\/2024\\\/04\\\/logo-group-planetel.svg\",\"contentUrl\":\"https:\\\/\\\/www.planetel.it\\\/wp-content\\\/uploads\\\/2024\\\/04\\\/logo-group-planetel.svg\",\"width\":1,\"height\":1,\"caption\":\"Planetel S.p.A.\"},\"image\":{\"@id\":\"https:\\\/\\\/www.planetel.it\\\/en\\\/#\\\/schema\\\/logo\\\/image\\\/\"},\"sameAs\":[\"https:\\\/\\\/www.facebook.com\\\/planetelspa\",\"https:\\\/\\\/www.linkedin.com\\\/company\\\/planetel\",\"https:\\\/\\\/www.instagram.com\\\/planetelspa\"]},{\"@type\":\"Person\",\"@id\":\"https:\\\/\\\/www.planetel.it\\\/en\\\/#\\\/schema\\\/person\\\/8e74703d23ff222042246a845bb004fa\",\"name\":\"Andrea Brumana\",\"image\":{\"@type\":\"ImageObject\",\"inLanguage\":\"en-US\",\"@id\":\"https:\\\/\\\/secure.gravatar.com\\\/avatar\\\/9a839884f24513d8bf063a907c74d8d2483fb1c4bbbf7cf7222c3e08581e4219?s=96&d=mm&r=g\",\"url\":\"https:\\\/\\\/secure.gravatar.com\\\/avatar\\\/9a839884f24513d8bf063a907c74d8d2483fb1c4bbbf7cf7222c3e08581e4219?s=96&d=mm&r=g\",\"contentUrl\":\"https:\\\/\\\/secure.gravatar.com\\\/avatar\\\/9a839884f24513d8bf063a907c74d8d2483fb1c4bbbf7cf7222c3e08581e4219?s=96&d=mm&r=g\",\"caption\":\"Andrea Brumana\"},\"url\":\"https:\\\/\\\/www.planetel.it\\\/en\\\/author\\\/a-brumana\\\/\"}]}<\/script>\n<!-- \/ Yoast SEO plugin. -->","yoast_head_json":{"title":"Planetel alla Fiera Campionaria di Bergamo 2023","description":"La 44\u00b0 edizione della Fiera Campionaria \u00e8 alle porte e Planetel sar\u00e0 presente con le sue soluzioni, offerte dedicate e una grande novit\u00e0.","robots":{"index":"index","follow":"follow","max-snippet":"max-snippet:-1","max-image-preview":"max-image-preview:large","max-video-preview":"max-video-preview:-1"},"canonical":"https:\/\/www.planetel.it\/en\/2023\/10\/planetel-alla-fiera-campionaria-di-bergamo-2023\/","og_locale":"en_US","og_type":"article","og_title":"Planetel alla Fiera Campionaria di Bergamo 2023","og_description":"La 44\u00b0 edizione della Fiera Campionaria \u00e8 alle porte e Planetel sar\u00e0 presente con le sue soluzioni, offerte dedicate e una grande novit\u00e0.","og_url":"https:\/\/www.planetel.it\/en\/2023\/10\/planetel-alla-fiera-campionaria-di-bergamo-2023\/","og_site_name":"Planetel","article_publisher":"https:\/\/www.facebook.com\/planetelspa","article_published_time":"2023-10-09T13:49:03+00:00","article_modified_time":"2024-06-21T13:32:47+00:00","og_image":[{"width":1200,"height":630,"url":"https:\/\/preprod-www.planetel.it\/wp-content\/uploads\/2024\/05\/MicrosoftTeams-image-76.png","type":"image\/png"}],"twitter_card":"summary_large_image","twitter_misc":{"Written by":"Andrea Brumana","Est. reading time":"2 minutes"},"schema":{"@context":"https:\/\/schema.org","@graph":[{"@type":"Article","@id":"https:\/\/www.planetel.it\/en\/2023\/10\/planetel-alla-fiera-campionaria-di-bergamo-2023\/#article","isPartOf":{"@id":"https:\/\/www.planetel.it\/en\/2023\/10\/planetel-alla-fiera-campionaria-di-bergamo-2023\/"},"author":{"name":"Andrea Brumana","@id":"https:\/\/www.planetel.it\/en\/#\/schema\/person\/8e74703d23ff222042246a845bb004fa"},"headline":"Planetel alla Fiera Campionaria di Bergamo 2023","datePublished":"2023-10-09T13:49:03+00:00","dateModified":"2024-06-21T13:32:47+00:00","mainEntityOfPage":{"@id":"https:\/\/www.planetel.it\/en\/2023\/10\/planetel-alla-fiera-campionaria-di-bergamo-2023\/"},"wordCount":334,"publisher":{"@id":"https:\/\/www.planetel.it\/en\/#organization"},"image":{"@id":"https:\/\/www.planetel.it\/en\/2023\/10\/planetel-alla-fiera-campionaria-di-bergamo-2023\/#primaryimage"},"thumbnailUrl":"https:\/\/www.planetel.it\/wp-content\/uploads\/2024\/05\/MicrosoftTeams-image-76.png","keywords":["Planetel","connettivit\u00e0","Cloud transformation","bergamo","fiera campionaria"],"articleSection":["Connettivit\u00e0 Fibra ottica","Privati","Planetel"],"inLanguage":"en-US"},{"@type":"WebPage","@id":"https:\/\/www.planetel.it\/en\/2023\/10\/planetel-alla-fiera-campionaria-di-bergamo-2023\/","url":"https:\/\/www.planetel.it\/en\/2023\/10\/planetel-alla-fiera-campionaria-di-bergamo-2023\/","name":"Planetel alla Fiera Campionaria di Bergamo 2023","isPartOf":{"@id":"https:\/\/www.planetel.it\/en\/#website"},"primaryImageOfPage":{"@id":"https:\/\/www.planetel.it\/en\/2023\/10\/planetel-alla-fiera-campionaria-di-bergamo-2023\/#primaryimage"},"image":{"@id":"https:\/\/www.planetel.it\/en\/2023\/10\/planetel-alla-fiera-campionaria-di-bergamo-2023\/#primaryimage"},"thumbnailUrl":"https:\/\/www.planetel.it\/wp-content\/uploads\/2024\/05\/MicrosoftTeams-image-76.png","datePublished":"2023-10-09T13:49:03+00:00","dateModified":"2024-06-21T13:32:47+00:00","description":"La 44\u00b0 edizione della Fiera Campionaria \u00e8 alle porte e Planetel sar\u00e0 presente con le sue soluzioni, offerte dedicate e una grande novit\u00e0.","breadcrumb":{"@id":"https:\/\/www.planetel.it\/en\/2023\/10\/planetel-alla-fiera-campionaria-di-bergamo-2023\/#breadcrumb"},"inLanguage":"en-US","potentialAction":[{"@type":"ReadAction","target":["https:\/\/www.planetel.it\/en\/2023\/10\/planetel-alla-fiera-campionaria-di-bergamo-2023\/"]}]},{"@type":"ImageObject","inLanguage":"en-US","@id":"https:\/\/www.planetel.it\/en\/2023\/10\/planetel-alla-fiera-campionaria-di-bergamo-2023\/#primaryimage","url":"https:\/\/www.planetel.it\/wp-content\/uploads\/2024\/05\/MicrosoftTeams-image-76.png","contentUrl":"https:\/\/www.planetel.it\/wp-content\/uploads\/2024\/05\/MicrosoftTeams-image-76.png","width":1200,"height":630,"caption":"Fiera Campionaria"},{"@type":"BreadcrumbList","@id":"https:\/\/www.planetel.it\/en\/2023\/10\/planetel-alla-fiera-campionaria-di-bergamo-2023\/#breadcrumb","itemListElement":[{"@type":"ListItem","position":1,"name":"Home","item":"https:\/\/www.planetel.it\/en\/"},{"@type":"ListItem","position":2,"name":"Servizi","item":"https:\/\/www.planetel.it\/news\/blog\/categoria\/servizi\/"},{"@type":"ListItem","position":3,"name":"Connettivit\u00e0 Fibra ottica","item":"https:\/\/www.planetel.it\/news\/blog\/categoria\/connettivita-fibra-ottica\/"},{"@type":"ListItem","position":4,"name":"Planetel alla Fiera Campionaria di Bergamo 2023"}]},{"@type":"WebSite","@id":"https:\/\/www.planetel.it\/en\/#website","url":"https:\/\/www.planetel.it\/en\/","name":"Planetel","description":"Pi\u00f9 che una connessione","publisher":{"@id":"https:\/\/www.planetel.it\/en\/#organization"},"potentialAction":[{"@type":"SearchAction","target":{"@type":"EntryPoint","urlTemplate":"https:\/\/www.planetel.it\/en\/?s={search_term_string}"},"query-input":{"@type":"PropertyValueSpecification","valueRequired":true,"valueName":"search_term_string"}}],"inLanguage":"en-US"},{"@type":"Organization","@id":"https:\/\/www.planetel.it\/en\/#organization","name":"Planetel S.p.A.","url":"https:\/\/www.planetel.it\/en\/","logo":{"@type":"ImageObject","inLanguage":"en-US","@id":"https:\/\/www.planetel.it\/en\/#\/schema\/logo\/image\/","url":"https:\/\/www.planetel.it\/wp-content\/uploads\/2024\/04\/logo-group-planetel.svg","contentUrl":"https:\/\/www.planetel.it\/wp-content\/uploads\/2024\/04\/logo-group-planetel.svg","width":1,"height":1,"caption":"Planetel S.p.A."},"image":{"@id":"https:\/\/www.planetel.it\/en\/#\/schema\/logo\/image\/"},"sameAs":["https:\/\/www.facebook.com\/planetelspa","https:\/\/www.linkedin.com\/company\/planetel","https:\/\/www.instagram.com\/planetelspa"]},{"@type":"Person","@id":"https:\/\/www.planetel.it\/en\/#\/schema\/person\/8e74703d23ff222042246a845bb004fa","name":"Andrea Brumana","image":{"@type":"ImageObject","inLanguage":"en-US","@id":"https:\/\/secure.gravatar.com\/avatar\/9a839884f24513d8bf063a907c74d8d2483fb1c4bbbf7cf7222c3e08581e4219?s=96&d=mm&r=g","url":"https:\/\/secure.gravatar.com\/avatar\/9a839884f24513d8bf063a907c74d8d2483fb1c4bbbf7cf7222c3e08581e4219?s=96&d=mm&r=g","contentUrl":"https:\/\/secure.gravatar.com\/avatar\/9a839884f24513d8bf063a907c74d8d2483fb1c4bbbf7cf7222c3e08581e4219?s=96&d=mm&r=g","caption":"Andrea Brumana"},"url":"https:\/\/www.planetel.it\/en\/author\/a-brumana\/"}]}},"_links":{"self":[{"href":"https:\/\/www.planetel.it\/en\/wp-json\/wp\/v2\/posts\/14759","targetHints":{"allow":["GET"]}}],"collection":[{"href":"https:\/\/www.planetel.it\/en\/wp-json\/wp\/v2\/posts"}],"about":[{"href":"https:\/\/www.planetel.it\/en\/wp-json\/wp\/v2\/types\/post"}],"author":[{"embeddable":true,"href":"https:\/\/www.planetel.it\/en\/wp-json\/wp\/v2\/users\/4"}],"replies":[{"embeddable":true,"href":"https:\/\/www.planetel.it\/en\/wp-json\/wp\/v2\/comments?post=14759"}],"version-history":[{"count":1,"href":"https:\/\/www.planetel.it\/en\/wp-json\/wp\/v2\/posts\/14759\/revisions"}],"predecessor-version":[{"id":17702,"href":"https:\/\/www.planetel.it\/en\/wp-json\/wp\/v2\/posts\/14759\/revisions\/17702"}],"wp:featuredmedia":[{"embeddable":true,"href":"https:\/\/www.planetel.it\/en\/wp-json\/wp\/v2\/media\/14760"}],"wp:attachment":[{"href":"https:\/\/www.planetel.it\/en\/wp-json\/wp\/v2\/media?parent=14759"}],"wp:term":[{"taxonomy":"category","embeddable":true,"href":"https:\/\/www.planetel.it\/en\/wp-json\/wp\/v2\/categories?post=14759"},{"taxonomy":"post_tag","embeddable":true,"href":"https:\/\/www.planetel.it\/en\/wp-json\/wp\/v2\/tags?post=14759"},{"taxonomy":"service_category","embeddable":true,"href":"https:\/\/www.planetel.it\/en\/wp-json\/wp\/v2\/service_category?post=14759"}],"curies":[{"name":"wp","href":"https:\/\/api.w.org\/{rel}","templated":true}]}}