{"id":14763,"date":"2023-10-19T12:27:08","date_gmt":"2023-10-19T10:27:08","guid":{"rendered":"http:\/\/www.planetel.it\/2023\/10\/planetel-sponsor-di-vehicle2concert-allimola-green\/"},"modified":"2024-06-21T15:31:19","modified_gmt":"2024-06-21T13:31:19","slug":"planetel-sponsor-di-vehicle2concert-allimola-green","status":"publish","type":"post","link":"https:\/\/www.planetel.it\/en\/2023\/10\/planetel-sponsor-di-vehicle2concert-allimola-green\/","title":{"rendered":"Planetel sponsor di Vehicle2Concert all\u2019Imola Green"},"content":{"rendered":"<p>Nelle scorse settimane Planetel ha preso parte con un proprio stand all\u2019<em><strong>Imola Green<\/strong><\/em>, un festival svoltosi presso l\u2019Autodromo <em>Enzo e Dino Ferrari<\/em> di Imola caratterizzato da concerti, dj set, convegni, street food e intrattenimento per un intero weekend.<\/p>\n<p>Il valore aggiunto di questa manifestazione, che ha spinto Planetel a confermare la partecipazione, \u00e8 la sua <strong>natura completamente <em>Green<\/em><\/strong>. L\u2019obiettivo dell\u2019evento, infatti, era quello di far toccare con mano un nuovo modo di muoversi nella quotidianit\u00e0, pi\u00f9 sostenibile, intelligente e conveniente. Un\u2019occasione per interfacciarsi concretamente con auto e moto alimentati ad energia elettrica, cos\u00ec da testare in prima persona le qualit\u00e0, le caratteristiche e i benefici dei veicoli a batteria di ultima generazione.<\/p>\n<p>Ma non \u00e8 finita qui. La sostenibilit\u00e0 ambientale che ha permeato l\u2019<em>Imola Green<\/em> trova un\u2019ulteriore valorizzazione nella filosofia della realt\u00e0 che ha organizzato il festival, ovvero <strong>Vehicle2Concert<\/strong>. La sintesi del loro operare \u00e8 esemplificata dallo slogan <em>Music is energy, energy is\u2026music!<\/em> attraverso il quale viene proposto un nuovo format di eventi alimentati esclusivamente da veicoli elettrici. La mission \u00e8 la <strong>rivoluzione del settore del live-entertainment<\/strong>, con l\u2019idea di utilizzare attivamente la propria vettura elettrica per dare energia all\u2019intero spettacolo.<\/p>\n<p>La partecipazione a questa tipologia di manifestazioni rappresenta per Planetel un\u2019attivit\u00e0 importante nell\u2019alveo del suo <strong>impegno ESG<\/strong>. La sensibilit\u00e0 che la nostra azienda pone verso le tematiche di sostenibilit\u00e0 ambientale \u00e8 confermata sia dalle certificazioni ottenute sia dalle numerose iniziative promosse e sostenute. In quest\u2019ottica, dunque, Planetel \u00e8 orgogliosa di dare il suo contributo a una causa che ci vede tutti coinvolti e per cui c\u2019\u00e8 ancora molto da fare.<\/p>\n","protected":false},"excerpt":{"rendered":"<p>Nelle scorse settimane Planetel ha preso parte con un proprio stand all\u2019Imola Green, un festival svoltosi presso l\u2019Autodromo Enzo e Dino Ferrari di Imola caratterizzato da concerti, dj set, convegni, street food e intrattenimento per un intero weekend. Il valore aggiunto di questa manifestazione, che ha spinto Planetel a confermare la partecipazione, \u00e8 la sua [&hellip;]<\/p>\n","protected":false},"author":4,"featured_media":14764,"comment_status":"closed","ping_status":"closed","sticky":false,"template":"","format":"standard","meta":{"_acf_changed":false,"footnotes":""},"categories":[716,672,729,730],"tags":[358,459,513,514,515],"service_category":[],"class_list":["post-14763","post","type-post","status-publish","format-standard","has-post-thumbnail","hentry","category-privati","category-planetel","category-sponsorizzazioni","category-ambiente","tag-planetel","tag-ambiente","tag-imola-green","tag-sostenibilita-ambientale","tag-vehicle2concert"],"acf":[],"yoast_head":"<!-- This site is optimized with the Yoast SEO plugin v27.3 - https:\/\/yoast.com\/product\/yoast-seo-wordpress\/ -->\n<title>Planetel sponsor di Vehicle2Concert all\u2019Imola Green<\/title>\n<meta name=\"description\" content=\"L&#039;impegno ESG di Planetel si rafforza col sostegno all&#039;Imola Green e a Vehicle2Concert, per la rivoluzione green del live-entertainment.\" \/>\n<meta name=\"robots\" content=\"index, follow, max-snippet:-1, max-image-preview:large, max-video-preview:-1\" \/>\n<link rel=\"canonical\" href=\"https:\/\/www.planetel.it\/en\/2023\/10\/planetel-sponsor-di-vehicle2concert-allimola-green\/\" \/>\n<meta property=\"og:locale\" content=\"en_US\" \/>\n<meta property=\"og:type\" content=\"article\" \/>\n<meta property=\"og:title\" content=\"Planetel sponsor di Vehicle2Concert all\u2019Imola Green\" \/>\n<meta property=\"og:description\" content=\"L&#039;impegno ESG di Planetel si rafforza col sostegno all&#039;Imola Green e a Vehicle2Concert, per la rivoluzione green del live-entertainment.\" \/>\n<meta property=\"og:url\" content=\"https:\/\/www.planetel.it\/en\/2023\/10\/planetel-sponsor-di-vehicle2concert-allimola-green\/\" \/>\n<meta property=\"og:site_name\" content=\"Planetel\" \/>\n<meta property=\"article:publisher\" content=\"https:\/\/www.facebook.com\/planetelspa\" \/>\n<meta property=\"article:published_time\" content=\"2023-10-19T10:27:08+00:00\" \/>\n<meta property=\"article:modified_time\" content=\"2024-06-21T13:31:19+00:00\" \/>\n<meta property=\"og:image\" content=\"https:\/\/preprod-www.planetel.it\/wp-content\/uploads\/2024\/05\/MicrosoftTeams-image-95.png\" \/>\n\t<meta property=\"og:image:width\" content=\"1200\" \/>\n\t<meta property=\"og:image:height\" content=\"630\" \/>\n\t<meta property=\"og:image:type\" content=\"image\/png\" \/>\n<meta name=\"twitter:card\" content=\"summary_large_image\" \/>\n<meta name=\"twitter:label1\" content=\"Written by\" \/>\n\t<meta name=\"twitter:data1\" content=\"Andrea Brumana\" \/>\n\t<meta name=\"twitter:label2\" content=\"Est. reading time\" \/>\n\t<meta name=\"twitter:data2\" content=\"2 minutes\" \/>\n<script type=\"application\/ld+json\" class=\"yoast-schema-graph\">{\"@context\":\"https:\\\/\\\/schema.org\",\"@graph\":[{\"@type\":\"Article\",\"@id\":\"https:\\\/\\\/www.planetel.it\\\/en\\\/2023\\\/10\\\/planetel-sponsor-di-vehicle2concert-allimola-green\\\/#article\",\"isPartOf\":{\"@id\":\"https:\\\/\\\/www.planetel.it\\\/en\\\/2023\\\/10\\\/planetel-sponsor-di-vehicle2concert-allimola-green\\\/\"},\"author\":{\"name\":\"Andrea Brumana\",\"@id\":\"https:\\\/\\\/www.planetel.it\\\/en\\\/#\\\/schema\\\/person\\\/8e74703d23ff222042246a845bb004fa\"},\"headline\":\"Planetel sponsor di Vehicle2Concert all\u2019Imola Green\",\"datePublished\":\"2023-10-19T10:27:08+00:00\",\"dateModified\":\"2024-06-21T13:31:19+00:00\",\"mainEntityOfPage\":{\"@id\":\"https:\\\/\\\/www.planetel.it\\\/en\\\/2023\\\/10\\\/planetel-sponsor-di-vehicle2concert-allimola-green\\\/\"},\"wordCount\":277,\"publisher\":{\"@id\":\"https:\\\/\\\/www.planetel.it\\\/en\\\/#organization\"},\"image\":{\"@id\":\"https:\\\/\\\/www.planetel.it\\\/en\\\/2023\\\/10\\\/planetel-sponsor-di-vehicle2concert-allimola-green\\\/#primaryimage\"},\"thumbnailUrl\":\"https:\\\/\\\/www.planetel.it\\\/wp-content\\\/uploads\\\/2024\\\/05\\\/MicrosoftTeams-image-95.png\",\"keywords\":[\"Planetel\",\"ambiente\",\"Imola Green\",\"Sostenibilit\u00e0 ambientale\",\"Vehicle2Concert\"],\"articleSection\":[\"Privati\",\"Planetel\",\"Sponsorizzazioni\",\"Ambiente\"],\"inLanguage\":\"en-US\"},{\"@type\":\"WebPage\",\"@id\":\"https:\\\/\\\/www.planetel.it\\\/en\\\/2023\\\/10\\\/planetel-sponsor-di-vehicle2concert-allimola-green\\\/\",\"url\":\"https:\\\/\\\/www.planetel.it\\\/en\\\/2023\\\/10\\\/planetel-sponsor-di-vehicle2concert-allimola-green\\\/\",\"name\":\"Planetel sponsor di Vehicle2Concert all\u2019Imola Green\",\"isPartOf\":{\"@id\":\"https:\\\/\\\/www.planetel.it\\\/en\\\/#website\"},\"primaryImageOfPage\":{\"@id\":\"https:\\\/\\\/www.planetel.it\\\/en\\\/2023\\\/10\\\/planetel-sponsor-di-vehicle2concert-allimola-green\\\/#primaryimage\"},\"image\":{\"@id\":\"https:\\\/\\\/www.planetel.it\\\/en\\\/2023\\\/10\\\/planetel-sponsor-di-vehicle2concert-allimola-green\\\/#primaryimage\"},\"thumbnailUrl\":\"https:\\\/\\\/www.planetel.it\\\/wp-content\\\/uploads\\\/2024\\\/05\\\/MicrosoftTeams-image-95.png\",\"datePublished\":\"2023-10-19T10:27:08+00:00\",\"dateModified\":\"2024-06-21T13:31:19+00:00\",\"description\":\"L'impegno ESG di Planetel si rafforza col sostegno all'Imola Green e a Vehicle2Concert, per la rivoluzione green del live-entertainment.\",\"breadcrumb\":{\"@id\":\"https:\\\/\\\/www.planetel.it\\\/en\\\/2023\\\/10\\\/planetel-sponsor-di-vehicle2concert-allimola-green\\\/#breadcrumb\"},\"inLanguage\":\"en-US\",\"potentialAction\":[{\"@type\":\"ReadAction\",\"target\":[\"https:\\\/\\\/www.planetel.it\\\/en\\\/2023\\\/10\\\/planetel-sponsor-di-vehicle2concert-allimola-green\\\/\"]}]},{\"@type\":\"ImageObject\",\"inLanguage\":\"en-US\",\"@id\":\"https:\\\/\\\/www.planetel.it\\\/en\\\/2023\\\/10\\\/planetel-sponsor-di-vehicle2concert-allimola-green\\\/#primaryimage\",\"url\":\"https:\\\/\\\/www.planetel.it\\\/wp-content\\\/uploads\\\/2024\\\/05\\\/MicrosoftTeams-image-95.png\",\"contentUrl\":\"https:\\\/\\\/www.planetel.it\\\/wp-content\\\/uploads\\\/2024\\\/05\\\/MicrosoftTeams-image-95.png\",\"width\":1200,\"height\":630,\"caption\":\"Imola Green\"},{\"@type\":\"BreadcrumbList\",\"@id\":\"https:\\\/\\\/www.planetel.it\\\/en\\\/2023\\\/10\\\/planetel-sponsor-di-vehicle2concert-allimola-green\\\/#breadcrumb\",\"itemListElement\":[{\"@type\":\"ListItem\",\"position\":1,\"name\":\"Home\",\"item\":\"https:\\\/\\\/www.planetel.it\\\/en\\\/\"},{\"@type\":\"ListItem\",\"position\":2,\"name\":\"Clienti\",\"item\":\"https:\\\/\\\/www.planetel.it\\\/news\\\/blog\\\/categoria\\\/clienti\\\/\"},{\"@type\":\"ListItem\",\"position\":3,\"name\":\"Privati\",\"item\":\"https:\\\/\\\/www.planetel.it\\\/news\\\/blog\\\/categoria\\\/privati\\\/\"},{\"@type\":\"ListItem\",\"position\":4,\"name\":\"Planetel sponsor di Vehicle2Concert all\u2019Imola Green\"}]},{\"@type\":\"WebSite\",\"@id\":\"https:\\\/\\\/www.planetel.it\\\/en\\\/#website\",\"url\":\"https:\\\/\\\/www.planetel.it\\\/en\\\/\",\"name\":\"Planetel\",\"description\":\"Pi\u00f9 che una connessione\",\"publisher\":{\"@id\":\"https:\\\/\\\/www.planetel.it\\\/en\\\/#organization\"},\"potentialAction\":[{\"@type\":\"SearchAction\",\"target\":{\"@type\":\"EntryPoint\",\"urlTemplate\":\"https:\\\/\\\/www.planetel.it\\\/en\\\/?s={search_term_string}\"},\"query-input\":{\"@type\":\"PropertyValueSpecification\",\"valueRequired\":true,\"valueName\":\"search_term_string\"}}],\"inLanguage\":\"en-US\"},{\"@type\":\"Organization\",\"@id\":\"https:\\\/\\\/www.planetel.it\\\/en\\\/#organization\",\"name\":\"Planetel S.p.A.\",\"url\":\"https:\\\/\\\/www.planetel.it\\\/en\\\/\",\"logo\":{\"@type\":\"ImageObject\",\"inLanguage\":\"en-US\",\"@id\":\"https:\\\/\\\/www.planetel.it\\\/en\\\/#\\\/schema\\\/logo\\\/image\\\/\",\"url\":\"https:\\\/\\\/www.planetel.it\\\/wp-content\\\/uploads\\\/2024\\\/04\\\/logo-group-planetel.svg\",\"contentUrl\":\"https:\\\/\\\/www.planetel.it\\\/wp-content\\\/uploads\\\/2024\\\/04\\\/logo-group-planetel.svg\",\"width\":1,\"height\":1,\"caption\":\"Planetel S.p.A.\"},\"image\":{\"@id\":\"https:\\\/\\\/www.planetel.it\\\/en\\\/#\\\/schema\\\/logo\\\/image\\\/\"},\"sameAs\":[\"https:\\\/\\\/www.facebook.com\\\/planetelspa\",\"https:\\\/\\\/www.linkedin.com\\\/company\\\/planetel\",\"https:\\\/\\\/www.instagram.com\\\/planetelspa\"]},{\"@type\":\"Person\",\"@id\":\"https:\\\/\\\/www.planetel.it\\\/en\\\/#\\\/schema\\\/person\\\/8e74703d23ff222042246a845bb004fa\",\"name\":\"Andrea Brumana\",\"image\":{\"@type\":\"ImageObject\",\"inLanguage\":\"en-US\",\"@id\":\"https:\\\/\\\/secure.gravatar.com\\\/avatar\\\/9a839884f24513d8bf063a907c74d8d2483fb1c4bbbf7cf7222c3e08581e4219?s=96&d=mm&r=g\",\"url\":\"https:\\\/\\\/secure.gravatar.com\\\/avatar\\\/9a839884f24513d8bf063a907c74d8d2483fb1c4bbbf7cf7222c3e08581e4219?s=96&d=mm&r=g\",\"contentUrl\":\"https:\\\/\\\/secure.gravatar.com\\\/avatar\\\/9a839884f24513d8bf063a907c74d8d2483fb1c4bbbf7cf7222c3e08581e4219?s=96&d=mm&r=g\",\"caption\":\"Andrea Brumana\"},\"url\":\"https:\\\/\\\/www.planetel.it\\\/en\\\/author\\\/a-brumana\\\/\"}]}<\/script>\n<!-- \/ Yoast SEO plugin. -->","yoast_head_json":{"title":"Planetel sponsor di Vehicle2Concert all\u2019Imola Green","description":"L'impegno ESG di Planetel si rafforza col sostegno all'Imola Green e a Vehicle2Concert, per la rivoluzione green del live-entertainment.","robots":{"index":"index","follow":"follow","max-snippet":"max-snippet:-1","max-image-preview":"max-image-preview:large","max-video-preview":"max-video-preview:-1"},"canonical":"https:\/\/www.planetel.it\/en\/2023\/10\/planetel-sponsor-di-vehicle2concert-allimola-green\/","og_locale":"en_US","og_type":"article","og_title":"Planetel sponsor di Vehicle2Concert all\u2019Imola Green","og_description":"L'impegno ESG di Planetel si rafforza col sostegno all'Imola Green e a Vehicle2Concert, per la rivoluzione green del live-entertainment.","og_url":"https:\/\/www.planetel.it\/en\/2023\/10\/planetel-sponsor-di-vehicle2concert-allimola-green\/","og_site_name":"Planetel","article_publisher":"https:\/\/www.facebook.com\/planetelspa","article_published_time":"2023-10-19T10:27:08+00:00","article_modified_time":"2024-06-21T13:31:19+00:00","og_image":[{"width":1200,"height":630,"url":"https:\/\/preprod-www.planetel.it\/wp-content\/uploads\/2024\/05\/MicrosoftTeams-image-95.png","type":"image\/png"}],"twitter_card":"summary_large_image","twitter_misc":{"Written by":"Andrea Brumana","Est. reading time":"2 minutes"},"schema":{"@context":"https:\/\/schema.org","@graph":[{"@type":"Article","@id":"https:\/\/www.planetel.it\/en\/2023\/10\/planetel-sponsor-di-vehicle2concert-allimola-green\/#article","isPartOf":{"@id":"https:\/\/www.planetel.it\/en\/2023\/10\/planetel-sponsor-di-vehicle2concert-allimola-green\/"},"author":{"name":"Andrea Brumana","@id":"https:\/\/www.planetel.it\/en\/#\/schema\/person\/8e74703d23ff222042246a845bb004fa"},"headline":"Planetel sponsor di Vehicle2Concert all\u2019Imola Green","datePublished":"2023-10-19T10:27:08+00:00","dateModified":"2024-06-21T13:31:19+00:00","mainEntityOfPage":{"@id":"https:\/\/www.planetel.it\/en\/2023\/10\/planetel-sponsor-di-vehicle2concert-allimola-green\/"},"wordCount":277,"publisher":{"@id":"https:\/\/www.planetel.it\/en\/#organization"},"image":{"@id":"https:\/\/www.planetel.it\/en\/2023\/10\/planetel-sponsor-di-vehicle2concert-allimola-green\/#primaryimage"},"thumbnailUrl":"https:\/\/www.planetel.it\/wp-content\/uploads\/2024\/05\/MicrosoftTeams-image-95.png","keywords":["Planetel","ambiente","Imola Green","Sostenibilit\u00e0 ambientale","Vehicle2Concert"],"articleSection":["Privati","Planetel","Sponsorizzazioni","Ambiente"],"inLanguage":"en-US"},{"@type":"WebPage","@id":"https:\/\/www.planetel.it\/en\/2023\/10\/planetel-sponsor-di-vehicle2concert-allimola-green\/","url":"https:\/\/www.planetel.it\/en\/2023\/10\/planetel-sponsor-di-vehicle2concert-allimola-green\/","name":"Planetel sponsor di Vehicle2Concert all\u2019Imola Green","isPartOf":{"@id":"https:\/\/www.planetel.it\/en\/#website"},"primaryImageOfPage":{"@id":"https:\/\/www.planetel.it\/en\/2023\/10\/planetel-sponsor-di-vehicle2concert-allimola-green\/#primaryimage"},"image":{"@id":"https:\/\/www.planetel.it\/en\/2023\/10\/planetel-sponsor-di-vehicle2concert-allimola-green\/#primaryimage"},"thumbnailUrl":"https:\/\/www.planetel.it\/wp-content\/uploads\/2024\/05\/MicrosoftTeams-image-95.png","datePublished":"2023-10-19T10:27:08+00:00","dateModified":"2024-06-21T13:31:19+00:00","description":"L'impegno ESG di Planetel si rafforza col sostegno all'Imola Green e a Vehicle2Concert, per la rivoluzione green del live-entertainment.","breadcrumb":{"@id":"https:\/\/www.planetel.it\/en\/2023\/10\/planetel-sponsor-di-vehicle2concert-allimola-green\/#breadcrumb"},"inLanguage":"en-US","potentialAction":[{"@type":"ReadAction","target":["https:\/\/www.planetel.it\/en\/2023\/10\/planetel-sponsor-di-vehicle2concert-allimola-green\/"]}]},{"@type":"ImageObject","inLanguage":"en-US","@id":"https:\/\/www.planetel.it\/en\/2023\/10\/planetel-sponsor-di-vehicle2concert-allimola-green\/#primaryimage","url":"https:\/\/www.planetel.it\/wp-content\/uploads\/2024\/05\/MicrosoftTeams-image-95.png","contentUrl":"https:\/\/www.planetel.it\/wp-content\/uploads\/2024\/05\/MicrosoftTeams-image-95.png","width":1200,"height":630,"caption":"Imola Green"},{"@type":"BreadcrumbList","@id":"https:\/\/www.planetel.it\/en\/2023\/10\/planetel-sponsor-di-vehicle2concert-allimola-green\/#breadcrumb","itemListElement":[{"@type":"ListItem","position":1,"name":"Home","item":"https:\/\/www.planetel.it\/en\/"},{"@type":"ListItem","position":2,"name":"Clienti","item":"https:\/\/www.planetel.it\/news\/blog\/categoria\/clienti\/"},{"@type":"ListItem","position":3,"name":"Privati","item":"https:\/\/www.planetel.it\/news\/blog\/categoria\/privati\/"},{"@type":"ListItem","position":4,"name":"Planetel sponsor di Vehicle2Concert all\u2019Imola Green"}]},{"@type":"WebSite","@id":"https:\/\/www.planetel.it\/en\/#website","url":"https:\/\/www.planetel.it\/en\/","name":"Planetel","description":"Pi\u00f9 che una connessione","publisher":{"@id":"https:\/\/www.planetel.it\/en\/#organization"},"potentialAction":[{"@type":"SearchAction","target":{"@type":"EntryPoint","urlTemplate":"https:\/\/www.planetel.it\/en\/?s={search_term_string}"},"query-input":{"@type":"PropertyValueSpecification","valueRequired":true,"valueName":"search_term_string"}}],"inLanguage":"en-US"},{"@type":"Organization","@id":"https:\/\/www.planetel.it\/en\/#organization","name":"Planetel S.p.A.","url":"https:\/\/www.planetel.it\/en\/","logo":{"@type":"ImageObject","inLanguage":"en-US","@id":"https:\/\/www.planetel.it\/en\/#\/schema\/logo\/image\/","url":"https:\/\/www.planetel.it\/wp-content\/uploads\/2024\/04\/logo-group-planetel.svg","contentUrl":"https:\/\/www.planetel.it\/wp-content\/uploads\/2024\/04\/logo-group-planetel.svg","width":1,"height":1,"caption":"Planetel S.p.A."},"image":{"@id":"https:\/\/www.planetel.it\/en\/#\/schema\/logo\/image\/"},"sameAs":["https:\/\/www.facebook.com\/planetelspa","https:\/\/www.linkedin.com\/company\/planetel","https:\/\/www.instagram.com\/planetelspa"]},{"@type":"Person","@id":"https:\/\/www.planetel.it\/en\/#\/schema\/person\/8e74703d23ff222042246a845bb004fa","name":"Andrea Brumana","image":{"@type":"ImageObject","inLanguage":"en-US","@id":"https:\/\/secure.gravatar.com\/avatar\/9a839884f24513d8bf063a907c74d8d2483fb1c4bbbf7cf7222c3e08581e4219?s=96&d=mm&r=g","url":"https:\/\/secure.gravatar.com\/avatar\/9a839884f24513d8bf063a907c74d8d2483fb1c4bbbf7cf7222c3e08581e4219?s=96&d=mm&r=g","contentUrl":"https:\/\/secure.gravatar.com\/avatar\/9a839884f24513d8bf063a907c74d8d2483fb1c4bbbf7cf7222c3e08581e4219?s=96&d=mm&r=g","caption":"Andrea Brumana"},"url":"https:\/\/www.planetel.it\/en\/author\/a-brumana\/"}]}},"_links":{"self":[{"href":"https:\/\/www.planetel.it\/en\/wp-json\/wp\/v2\/posts\/14763","targetHints":{"allow":["GET"]}}],"collection":[{"href":"https:\/\/www.planetel.it\/en\/wp-json\/wp\/v2\/posts"}],"about":[{"href":"https:\/\/www.planetel.it\/en\/wp-json\/wp\/v2\/types\/post"}],"author":[{"embeddable":true,"href":"https:\/\/www.planetel.it\/en\/wp-json\/wp\/v2\/users\/4"}],"replies":[{"embeddable":true,"href":"https:\/\/www.planetel.it\/en\/wp-json\/wp\/v2\/comments?post=14763"}],"version-history":[{"count":1,"href":"https:\/\/www.planetel.it\/en\/wp-json\/wp\/v2\/posts\/14763\/revisions"}],"predecessor-version":[{"id":17701,"href":"https:\/\/www.planetel.it\/en\/wp-json\/wp\/v2\/posts\/14763\/revisions\/17701"}],"wp:featuredmedia":[{"embeddable":true,"href":"https:\/\/www.planetel.it\/en\/wp-json\/wp\/v2\/media\/14764"}],"wp:attachment":[{"href":"https:\/\/www.planetel.it\/en\/wp-json\/wp\/v2\/media?parent=14763"}],"wp:term":[{"taxonomy":"category","embeddable":true,"href":"https:\/\/www.planetel.it\/en\/wp-json\/wp\/v2\/categories?post=14763"},{"taxonomy":"post_tag","embeddable":true,"href":"https:\/\/www.planetel.it\/en\/wp-json\/wp\/v2\/tags?post=14763"},{"taxonomy":"service_category","embeddable":true,"href":"https:\/\/www.planetel.it\/en\/wp-json\/wp\/v2\/service_category?post=14763"}],"curies":[{"name":"wp","href":"https:\/\/api.w.org\/{rel}","templated":true}]}}