{"id":14769,"date":"2023-10-30T15:25:11","date_gmt":"2023-10-30T14:25:11","guid":{"rendered":"http:\/\/www.planetel.it\/2023\/10\/planetel-nuovo-sponsor-della-s-d-cenate-sotto\/"},"modified":"2024-06-21T15:29:49","modified_gmt":"2024-06-21T13:29:49","slug":"planetel-nuovo-sponsor-della-s-d-cenate-sotto","status":"publish","type":"post","link":"https:\/\/www.planetel.it\/en\/2023\/10\/planetel-nuovo-sponsor-della-s-d-cenate-sotto\/","title":{"rendered":"Planetel nuovo sponsor dell\u2019A.S.D. Cenate Sotto"},"content":{"rendered":"<p>Per l\u2019annata calcistica 2023\/2024 <strong>Planetel sar\u00e0 sponsor dell\u2019A.S.D. Cenate Sotto<\/strong>, una delle tante eccellenze che popolano il calcio dilettantistico bergamasco. Iscritta al campionato di Promozione e protagonista di un avvio di stagione entusiasmante, la societ\u00e0 del Presidente Nembrini si sta dimostrando un modello di riferimento in termini sia di progettualit\u00e0 sportiva sia di impegno socioculturale.<\/p>\n<p>La crescita dei ragazzi, la promozione del territorio, il supporto ad eventi dedicati alla comunit\u00e0 e la tutela di valori quali la sportivit\u00e0, il rispetto e la dedizione sono elementi che caratterizzano anche la visione di Planetel, rappresentando una compatibilit\u00e0 valoriale cruciale per il raggiungimento di questo accordo.<\/p>\n<p>Dal canto suo, Planetel d\u00e0 ulteriore sostanza al processo di vicinanza e prossimit\u00e0 messo in atto in quelle zone oggetto di investimenti infrastrutturali e tecnologici, dimostrando coerenza e costanza nel rapporto con le comunit\u00e0 locali.<\/p>\n<p>Come sottolinea il <strong>Direttore Commerciale<\/strong> di Planetel, <strong>Massimo Borgnini<\/strong>: \u201c<em>Planetel \u00e8 da sempre attenta alle esigenze dei comuni in cui opera attraverso un impegno costante per supportare le realt\u00e0 presenti sul territorio, sia dal punto di vista tecnologico, sia sociale. Alla luce di ci\u00f2, la sponsorizzazione dell\u2019A.S.D. Cenate Sotto rappresenta, oltre che un motivo di soddisfazione, anche un modello di relazione che vogliamo continuare ad intrattenere con le eccellenze del territorio, in un\u2019ottica di raggiungimento di obiettivi e traguardi importanti<\/em>\u201d.<\/p>\n","protected":false},"excerpt":{"rendered":"<p>Per l\u2019annata calcistica 2023\/2024 Planetel sar\u00e0 sponsor dell\u2019A.S.D. Cenate Sotto, una delle tante eccellenze che popolano il calcio dilettantistico bergamasco. Iscritta al campionato di Promozione e protagonista di un avvio di stagione entusiasmante, la societ\u00e0 del Presidente Nembrini si sta dimostrando un modello di riferimento in termini sia di progettualit\u00e0 sportiva sia di impegno socioculturale. [&hellip;]<\/p>\n","protected":false},"author":4,"featured_media":14770,"comment_status":"closed","ping_status":"closed","sticky":false,"template":"","format":"standard","meta":{"_acf_changed":false,"footnotes":""},"categories":[716,672,729],"tags":[358,421,464,521,522,523],"service_category":[],"class_list":["post-14769","post","type-post","status-publish","format-standard","has-post-thumbnail","hentry","category-privati","category-planetel","category-sponsorizzazioni","tag-planetel","tag-connettivita","tag-bergamo","tag-calcio","tag-cenate-sotto","tag-sponsor"],"acf":[],"yoast_head":"<!-- This site is optimized with the Yoast SEO plugin v27.3 - https:\/\/yoast.com\/product\/yoast-seo-wordpress\/ -->\n<title>Planetel nuovo sponsor dell\u2019A.S.D. Cenate Sotto<\/title>\n<meta name=\"description\" content=\"Planetel e l&#039;A.S.D. Cenate Sotto hanno raggiunto un accordo di sponsorizzazione per la stagione calcistica 2023\/2024. Scopri di pi\u00f9.\" \/>\n<meta name=\"robots\" content=\"index, follow, max-snippet:-1, max-image-preview:large, max-video-preview:-1\" \/>\n<link rel=\"canonical\" href=\"https:\/\/www.planetel.it\/en\/2023\/10\/planetel-nuovo-sponsor-della-s-d-cenate-sotto\/\" \/>\n<meta property=\"og:locale\" content=\"en_US\" \/>\n<meta property=\"og:type\" content=\"article\" \/>\n<meta property=\"og:title\" content=\"Planetel nuovo sponsor dell\u2019A.S.D. Cenate Sotto\" \/>\n<meta property=\"og:description\" content=\"Planetel e l&#039;A.S.D. Cenate Sotto hanno raggiunto un accordo di sponsorizzazione per la stagione calcistica 2023\/2024. Scopri di pi\u00f9.\" \/>\n<meta property=\"og:url\" content=\"https:\/\/www.planetel.it\/en\/2023\/10\/planetel-nuovo-sponsor-della-s-d-cenate-sotto\/\" \/>\n<meta property=\"og:site_name\" content=\"Planetel\" \/>\n<meta property=\"article:publisher\" content=\"https:\/\/www.facebook.com\/planetelspa\" \/>\n<meta property=\"article:published_time\" content=\"2023-10-30T14:25:11+00:00\" \/>\n<meta property=\"article:modified_time\" content=\"2024-06-21T13:29:49+00:00\" \/>\n<meta property=\"og:image\" content=\"https:\/\/preprod-www.planetel.it\/wp-content\/uploads\/2024\/05\/MicrosoftTeams-image-101.png\" \/>\n\t<meta property=\"og:image:width\" content=\"1200\" \/>\n\t<meta property=\"og:image:height\" content=\"630\" \/>\n\t<meta property=\"og:image:type\" content=\"image\/png\" \/>\n<meta name=\"twitter:card\" content=\"summary_large_image\" \/>\n<meta name=\"twitter:label1\" content=\"Written by\" \/>\n\t<meta name=\"twitter:data1\" content=\"Andrea Brumana\" \/>\n\t<meta name=\"twitter:label2\" content=\"Est. reading time\" \/>\n\t<meta name=\"twitter:data2\" content=\"2 minutes\" \/>\n<script type=\"application\/ld+json\" class=\"yoast-schema-graph\">{\"@context\":\"https:\\\/\\\/schema.org\",\"@graph\":[{\"@type\":\"Article\",\"@id\":\"https:\\\/\\\/www.planetel.it\\\/en\\\/2023\\\/10\\\/planetel-nuovo-sponsor-della-s-d-cenate-sotto\\\/#article\",\"isPartOf\":{\"@id\":\"https:\\\/\\\/www.planetel.it\\\/en\\\/2023\\\/10\\\/planetel-nuovo-sponsor-della-s-d-cenate-sotto\\\/\"},\"author\":{\"name\":\"Andrea Brumana\",\"@id\":\"https:\\\/\\\/www.planetel.it\\\/en\\\/#\\\/schema\\\/person\\\/8e74703d23ff222042246a845bb004fa\"},\"headline\":\"Planetel nuovo sponsor dell\u2019A.S.D. Cenate Sotto\",\"datePublished\":\"2023-10-30T14:25:11+00:00\",\"dateModified\":\"2024-06-21T13:29:49+00:00\",\"mainEntityOfPage\":{\"@id\":\"https:\\\/\\\/www.planetel.it\\\/en\\\/2023\\\/10\\\/planetel-nuovo-sponsor-della-s-d-cenate-sotto\\\/\"},\"wordCount\":233,\"publisher\":{\"@id\":\"https:\\\/\\\/www.planetel.it\\\/en\\\/#organization\"},\"image\":{\"@id\":\"https:\\\/\\\/www.planetel.it\\\/en\\\/2023\\\/10\\\/planetel-nuovo-sponsor-della-s-d-cenate-sotto\\\/#primaryimage\"},\"thumbnailUrl\":\"https:\\\/\\\/www.planetel.it\\\/wp-content\\\/uploads\\\/2024\\\/05\\\/MicrosoftTeams-image-101.png\",\"keywords\":[\"Planetel\",\"connettivit\u00e0\",\"bergamo\",\"Calcio\",\"Cenate Sotto\",\"Sponsor\"],\"articleSection\":[\"Privati\",\"Planetel\",\"Sponsorizzazioni\"],\"inLanguage\":\"en-US\"},{\"@type\":\"WebPage\",\"@id\":\"https:\\\/\\\/www.planetel.it\\\/en\\\/2023\\\/10\\\/planetel-nuovo-sponsor-della-s-d-cenate-sotto\\\/\",\"url\":\"https:\\\/\\\/www.planetel.it\\\/en\\\/2023\\\/10\\\/planetel-nuovo-sponsor-della-s-d-cenate-sotto\\\/\",\"name\":\"Planetel nuovo sponsor dell\u2019A.S.D. Cenate Sotto\",\"isPartOf\":{\"@id\":\"https:\\\/\\\/www.planetel.it\\\/en\\\/#website\"},\"primaryImageOfPage\":{\"@id\":\"https:\\\/\\\/www.planetel.it\\\/en\\\/2023\\\/10\\\/planetel-nuovo-sponsor-della-s-d-cenate-sotto\\\/#primaryimage\"},\"image\":{\"@id\":\"https:\\\/\\\/www.planetel.it\\\/en\\\/2023\\\/10\\\/planetel-nuovo-sponsor-della-s-d-cenate-sotto\\\/#primaryimage\"},\"thumbnailUrl\":\"https:\\\/\\\/www.planetel.it\\\/wp-content\\\/uploads\\\/2024\\\/05\\\/MicrosoftTeams-image-101.png\",\"datePublished\":\"2023-10-30T14:25:11+00:00\",\"dateModified\":\"2024-06-21T13:29:49+00:00\",\"description\":\"Planetel e l'A.S.D. Cenate Sotto hanno raggiunto un accordo di sponsorizzazione per la stagione calcistica 2023\\\/2024. Scopri di pi\u00f9.\",\"breadcrumb\":{\"@id\":\"https:\\\/\\\/www.planetel.it\\\/en\\\/2023\\\/10\\\/planetel-nuovo-sponsor-della-s-d-cenate-sotto\\\/#breadcrumb\"},\"inLanguage\":\"en-US\",\"potentialAction\":[{\"@type\":\"ReadAction\",\"target\":[\"https:\\\/\\\/www.planetel.it\\\/en\\\/2023\\\/10\\\/planetel-nuovo-sponsor-della-s-d-cenate-sotto\\\/\"]}]},{\"@type\":\"ImageObject\",\"inLanguage\":\"en-US\",\"@id\":\"https:\\\/\\\/www.planetel.it\\\/en\\\/2023\\\/10\\\/planetel-nuovo-sponsor-della-s-d-cenate-sotto\\\/#primaryimage\",\"url\":\"https:\\\/\\\/www.planetel.it\\\/wp-content\\\/uploads\\\/2024\\\/05\\\/MicrosoftTeams-image-101.png\",\"contentUrl\":\"https:\\\/\\\/www.planetel.it\\\/wp-content\\\/uploads\\\/2024\\\/05\\\/MicrosoftTeams-image-101.png\",\"width\":1200,\"height\":630,\"caption\":\"Cenate Sotto\"},{\"@type\":\"BreadcrumbList\",\"@id\":\"https:\\\/\\\/www.planetel.it\\\/en\\\/2023\\\/10\\\/planetel-nuovo-sponsor-della-s-d-cenate-sotto\\\/#breadcrumb\",\"itemListElement\":[{\"@type\":\"ListItem\",\"position\":1,\"name\":\"Home\",\"item\":\"https:\\\/\\\/www.planetel.it\\\/en\\\/\"},{\"@type\":\"ListItem\",\"position\":2,\"name\":\"Clienti\",\"item\":\"https:\\\/\\\/www.planetel.it\\\/news\\\/blog\\\/categoria\\\/clienti\\\/\"},{\"@type\":\"ListItem\",\"position\":3,\"name\":\"Privati\",\"item\":\"https:\\\/\\\/www.planetel.it\\\/news\\\/blog\\\/categoria\\\/privati\\\/\"},{\"@type\":\"ListItem\",\"position\":4,\"name\":\"Planetel nuovo sponsor dell\u2019A.S.D. Cenate Sotto\"}]},{\"@type\":\"WebSite\",\"@id\":\"https:\\\/\\\/www.planetel.it\\\/en\\\/#website\",\"url\":\"https:\\\/\\\/www.planetel.it\\\/en\\\/\",\"name\":\"Planetel\",\"description\":\"Pi\u00f9 che una connessione\",\"publisher\":{\"@id\":\"https:\\\/\\\/www.planetel.it\\\/en\\\/#organization\"},\"potentialAction\":[{\"@type\":\"SearchAction\",\"target\":{\"@type\":\"EntryPoint\",\"urlTemplate\":\"https:\\\/\\\/www.planetel.it\\\/en\\\/?s={search_term_string}\"},\"query-input\":{\"@type\":\"PropertyValueSpecification\",\"valueRequired\":true,\"valueName\":\"search_term_string\"}}],\"inLanguage\":\"en-US\"},{\"@type\":\"Organization\",\"@id\":\"https:\\\/\\\/www.planetel.it\\\/en\\\/#organization\",\"name\":\"Planetel S.p.A.\",\"url\":\"https:\\\/\\\/www.planetel.it\\\/en\\\/\",\"logo\":{\"@type\":\"ImageObject\",\"inLanguage\":\"en-US\",\"@id\":\"https:\\\/\\\/www.planetel.it\\\/en\\\/#\\\/schema\\\/logo\\\/image\\\/\",\"url\":\"https:\\\/\\\/www.planetel.it\\\/wp-content\\\/uploads\\\/2024\\\/04\\\/logo-group-planetel.svg\",\"contentUrl\":\"https:\\\/\\\/www.planetel.it\\\/wp-content\\\/uploads\\\/2024\\\/04\\\/logo-group-planetel.svg\",\"width\":1,\"height\":1,\"caption\":\"Planetel S.p.A.\"},\"image\":{\"@id\":\"https:\\\/\\\/www.planetel.it\\\/en\\\/#\\\/schema\\\/logo\\\/image\\\/\"},\"sameAs\":[\"https:\\\/\\\/www.facebook.com\\\/planetelspa\",\"https:\\\/\\\/www.linkedin.com\\\/company\\\/planetel\",\"https:\\\/\\\/www.instagram.com\\\/planetelspa\"]},{\"@type\":\"Person\",\"@id\":\"https:\\\/\\\/www.planetel.it\\\/en\\\/#\\\/schema\\\/person\\\/8e74703d23ff222042246a845bb004fa\",\"name\":\"Andrea Brumana\",\"image\":{\"@type\":\"ImageObject\",\"inLanguage\":\"en-US\",\"@id\":\"https:\\\/\\\/secure.gravatar.com\\\/avatar\\\/9a839884f24513d8bf063a907c74d8d2483fb1c4bbbf7cf7222c3e08581e4219?s=96&d=mm&r=g\",\"url\":\"https:\\\/\\\/secure.gravatar.com\\\/avatar\\\/9a839884f24513d8bf063a907c74d8d2483fb1c4bbbf7cf7222c3e08581e4219?s=96&d=mm&r=g\",\"contentUrl\":\"https:\\\/\\\/secure.gravatar.com\\\/avatar\\\/9a839884f24513d8bf063a907c74d8d2483fb1c4bbbf7cf7222c3e08581e4219?s=96&d=mm&r=g\",\"caption\":\"Andrea Brumana\"},\"url\":\"https:\\\/\\\/www.planetel.it\\\/en\\\/author\\\/a-brumana\\\/\"}]}<\/script>\n<!-- \/ Yoast SEO plugin. -->","yoast_head_json":{"title":"Planetel nuovo sponsor dell\u2019A.S.D. Cenate Sotto","description":"Planetel e l'A.S.D. Cenate Sotto hanno raggiunto un accordo di sponsorizzazione per la stagione calcistica 2023\/2024. Scopri di pi\u00f9.","robots":{"index":"index","follow":"follow","max-snippet":"max-snippet:-1","max-image-preview":"max-image-preview:large","max-video-preview":"max-video-preview:-1"},"canonical":"https:\/\/www.planetel.it\/en\/2023\/10\/planetel-nuovo-sponsor-della-s-d-cenate-sotto\/","og_locale":"en_US","og_type":"article","og_title":"Planetel nuovo sponsor dell\u2019A.S.D. Cenate Sotto","og_description":"Planetel e l'A.S.D. Cenate Sotto hanno raggiunto un accordo di sponsorizzazione per la stagione calcistica 2023\/2024. Scopri di pi\u00f9.","og_url":"https:\/\/www.planetel.it\/en\/2023\/10\/planetel-nuovo-sponsor-della-s-d-cenate-sotto\/","og_site_name":"Planetel","article_publisher":"https:\/\/www.facebook.com\/planetelspa","article_published_time":"2023-10-30T14:25:11+00:00","article_modified_time":"2024-06-21T13:29:49+00:00","og_image":[{"width":1200,"height":630,"url":"https:\/\/preprod-www.planetel.it\/wp-content\/uploads\/2024\/05\/MicrosoftTeams-image-101.png","type":"image\/png"}],"twitter_card":"summary_large_image","twitter_misc":{"Written by":"Andrea Brumana","Est. reading time":"2 minutes"},"schema":{"@context":"https:\/\/schema.org","@graph":[{"@type":"Article","@id":"https:\/\/www.planetel.it\/en\/2023\/10\/planetel-nuovo-sponsor-della-s-d-cenate-sotto\/#article","isPartOf":{"@id":"https:\/\/www.planetel.it\/en\/2023\/10\/planetel-nuovo-sponsor-della-s-d-cenate-sotto\/"},"author":{"name":"Andrea Brumana","@id":"https:\/\/www.planetel.it\/en\/#\/schema\/person\/8e74703d23ff222042246a845bb004fa"},"headline":"Planetel nuovo sponsor dell\u2019A.S.D. Cenate Sotto","datePublished":"2023-10-30T14:25:11+00:00","dateModified":"2024-06-21T13:29:49+00:00","mainEntityOfPage":{"@id":"https:\/\/www.planetel.it\/en\/2023\/10\/planetel-nuovo-sponsor-della-s-d-cenate-sotto\/"},"wordCount":233,"publisher":{"@id":"https:\/\/www.planetel.it\/en\/#organization"},"image":{"@id":"https:\/\/www.planetel.it\/en\/2023\/10\/planetel-nuovo-sponsor-della-s-d-cenate-sotto\/#primaryimage"},"thumbnailUrl":"https:\/\/www.planetel.it\/wp-content\/uploads\/2024\/05\/MicrosoftTeams-image-101.png","keywords":["Planetel","connettivit\u00e0","bergamo","Calcio","Cenate Sotto","Sponsor"],"articleSection":["Privati","Planetel","Sponsorizzazioni"],"inLanguage":"en-US"},{"@type":"WebPage","@id":"https:\/\/www.planetel.it\/en\/2023\/10\/planetel-nuovo-sponsor-della-s-d-cenate-sotto\/","url":"https:\/\/www.planetel.it\/en\/2023\/10\/planetel-nuovo-sponsor-della-s-d-cenate-sotto\/","name":"Planetel nuovo sponsor dell\u2019A.S.D. Cenate Sotto","isPartOf":{"@id":"https:\/\/www.planetel.it\/en\/#website"},"primaryImageOfPage":{"@id":"https:\/\/www.planetel.it\/en\/2023\/10\/planetel-nuovo-sponsor-della-s-d-cenate-sotto\/#primaryimage"},"image":{"@id":"https:\/\/www.planetel.it\/en\/2023\/10\/planetel-nuovo-sponsor-della-s-d-cenate-sotto\/#primaryimage"},"thumbnailUrl":"https:\/\/www.planetel.it\/wp-content\/uploads\/2024\/05\/MicrosoftTeams-image-101.png","datePublished":"2023-10-30T14:25:11+00:00","dateModified":"2024-06-21T13:29:49+00:00","description":"Planetel e l'A.S.D. Cenate Sotto hanno raggiunto un accordo di sponsorizzazione per la stagione calcistica 2023\/2024. Scopri di pi\u00f9.","breadcrumb":{"@id":"https:\/\/www.planetel.it\/en\/2023\/10\/planetel-nuovo-sponsor-della-s-d-cenate-sotto\/#breadcrumb"},"inLanguage":"en-US","potentialAction":[{"@type":"ReadAction","target":["https:\/\/www.planetel.it\/en\/2023\/10\/planetel-nuovo-sponsor-della-s-d-cenate-sotto\/"]}]},{"@type":"ImageObject","inLanguage":"en-US","@id":"https:\/\/www.planetel.it\/en\/2023\/10\/planetel-nuovo-sponsor-della-s-d-cenate-sotto\/#primaryimage","url":"https:\/\/www.planetel.it\/wp-content\/uploads\/2024\/05\/MicrosoftTeams-image-101.png","contentUrl":"https:\/\/www.planetel.it\/wp-content\/uploads\/2024\/05\/MicrosoftTeams-image-101.png","width":1200,"height":630,"caption":"Cenate Sotto"},{"@type":"BreadcrumbList","@id":"https:\/\/www.planetel.it\/en\/2023\/10\/planetel-nuovo-sponsor-della-s-d-cenate-sotto\/#breadcrumb","itemListElement":[{"@type":"ListItem","position":1,"name":"Home","item":"https:\/\/www.planetel.it\/en\/"},{"@type":"ListItem","position":2,"name":"Clienti","item":"https:\/\/www.planetel.it\/news\/blog\/categoria\/clienti\/"},{"@type":"ListItem","position":3,"name":"Privati","item":"https:\/\/www.planetel.it\/news\/blog\/categoria\/privati\/"},{"@type":"ListItem","position":4,"name":"Planetel nuovo sponsor dell\u2019A.S.D. Cenate Sotto"}]},{"@type":"WebSite","@id":"https:\/\/www.planetel.it\/en\/#website","url":"https:\/\/www.planetel.it\/en\/","name":"Planetel","description":"Pi\u00f9 che una connessione","publisher":{"@id":"https:\/\/www.planetel.it\/en\/#organization"},"potentialAction":[{"@type":"SearchAction","target":{"@type":"EntryPoint","urlTemplate":"https:\/\/www.planetel.it\/en\/?s={search_term_string}"},"query-input":{"@type":"PropertyValueSpecification","valueRequired":true,"valueName":"search_term_string"}}],"inLanguage":"en-US"},{"@type":"Organization","@id":"https:\/\/www.planetel.it\/en\/#organization","name":"Planetel S.p.A.","url":"https:\/\/www.planetel.it\/en\/","logo":{"@type":"ImageObject","inLanguage":"en-US","@id":"https:\/\/www.planetel.it\/en\/#\/schema\/logo\/image\/","url":"https:\/\/www.planetel.it\/wp-content\/uploads\/2024\/04\/logo-group-planetel.svg","contentUrl":"https:\/\/www.planetel.it\/wp-content\/uploads\/2024\/04\/logo-group-planetel.svg","width":1,"height":1,"caption":"Planetel S.p.A."},"image":{"@id":"https:\/\/www.planetel.it\/en\/#\/schema\/logo\/image\/"},"sameAs":["https:\/\/www.facebook.com\/planetelspa","https:\/\/www.linkedin.com\/company\/planetel","https:\/\/www.instagram.com\/planetelspa"]},{"@type":"Person","@id":"https:\/\/www.planetel.it\/en\/#\/schema\/person\/8e74703d23ff222042246a845bb004fa","name":"Andrea Brumana","image":{"@type":"ImageObject","inLanguage":"en-US","@id":"https:\/\/secure.gravatar.com\/avatar\/9a839884f24513d8bf063a907c74d8d2483fb1c4bbbf7cf7222c3e08581e4219?s=96&d=mm&r=g","url":"https:\/\/secure.gravatar.com\/avatar\/9a839884f24513d8bf063a907c74d8d2483fb1c4bbbf7cf7222c3e08581e4219?s=96&d=mm&r=g","contentUrl":"https:\/\/secure.gravatar.com\/avatar\/9a839884f24513d8bf063a907c74d8d2483fb1c4bbbf7cf7222c3e08581e4219?s=96&d=mm&r=g","caption":"Andrea Brumana"},"url":"https:\/\/www.planetel.it\/en\/author\/a-brumana\/"}]}},"_links":{"self":[{"href":"https:\/\/www.planetel.it\/en\/wp-json\/wp\/v2\/posts\/14769","targetHints":{"allow":["GET"]}}],"collection":[{"href":"https:\/\/www.planetel.it\/en\/wp-json\/wp\/v2\/posts"}],"about":[{"href":"https:\/\/www.planetel.it\/en\/wp-json\/wp\/v2\/types\/post"}],"author":[{"embeddable":true,"href":"https:\/\/www.planetel.it\/en\/wp-json\/wp\/v2\/users\/4"}],"replies":[{"embeddable":true,"href":"https:\/\/www.planetel.it\/en\/wp-json\/wp\/v2\/comments?post=14769"}],"version-history":[{"count":1,"href":"https:\/\/www.planetel.it\/en\/wp-json\/wp\/v2\/posts\/14769\/revisions"}],"predecessor-version":[{"id":17698,"href":"https:\/\/www.planetel.it\/en\/wp-json\/wp\/v2\/posts\/14769\/revisions\/17698"}],"wp:featuredmedia":[{"embeddable":true,"href":"https:\/\/www.planetel.it\/en\/wp-json\/wp\/v2\/media\/14770"}],"wp:attachment":[{"href":"https:\/\/www.planetel.it\/en\/wp-json\/wp\/v2\/media?parent=14769"}],"wp:term":[{"taxonomy":"category","embeddable":true,"href":"https:\/\/www.planetel.it\/en\/wp-json\/wp\/v2\/categories?post=14769"},{"taxonomy":"post_tag","embeddable":true,"href":"https:\/\/www.planetel.it\/en\/wp-json\/wp\/v2\/tags?post=14769"},{"taxonomy":"service_category","embeddable":true,"href":"https:\/\/www.planetel.it\/en\/wp-json\/wp\/v2\/service_category?post=14769"}],"curies":[{"name":"wp","href":"https:\/\/api.w.org\/{rel}","templated":true}]}}