{"id":14771,"date":"2023-11-24T08:44:29","date_gmt":"2023-11-24T07:44:29","guid":{"rendered":"http:\/\/www.planetel.it\/2023\/11\/planetel-e-disotec-insieme-allo-smart-building-expo-2023\/"},"modified":"2024-06-21T15:25:42","modified_gmt":"2024-06-21T13:25:42","slug":"planetel-e-disotec-insieme-allo-smart-building-expo-2023","status":"publish","type":"post","link":"https:\/\/www.planetel.it\/en\/2023\/11\/planetel-e-disotec-insieme-allo-smart-building-expo-2023\/","title":{"rendered":"Planetel e Disotec insieme allo Smart Building Expo 2023"},"content":{"rendered":"<p>Si \u00e8 concluso lo Smart Building Expo 2023, durante il quale, insieme a Disotec, abbiamo avuto modo di illustrare ai tanti professionisti presenti allo stand le nostre soluzioni in materia di connettivit\u00e0 in Fibra ottica e Cablaggio verticale strutturato, nonch\u00e9 tutti i servizi complementari che possiamo mettere a disposizione per la smart home del futuro.<\/p>\n<p style=\"text-align: center;\">[embedyt] https:\/\/www.youtube.com\/watch?v=DsCxBj_hiLk[\/embedyt]<\/p>\n<hr \/>\n<p>Dal 15 al 17 novembre 2023 torner\u00e0 a riempire gli spazi della Fiera Milano la nuova edizione dello <strong>Smart Building EXPO<\/strong>, la manifestazione dedicata all\u2019integrazione tecnologica per il building e l\u2019urbanistica. Focus dell\u2019evento saranno, dunque, le tematiche legate all\u2019automazione delle abitazioni, ai nuovi ambienti di lavoro, alle applicazioni dell\u2019intelligenza artificiale e agli sviluppi dell\u2019efficienza energetica. In modo trasversale a questi aspetti si collocher\u00e0 la discussione sulla sicurezza, fattore imprescindibile per la corretta evoluzione del settore. In sintesi, il fil rouge della proposta espositiva globale punter\u00e0 i riflettori su soluzioni, materiali e tecnologie per la progettazione, la costruzione e la riqualificazione dell\u2019edificio tra <strong>innovazione<\/strong>, <strong>efficienza energetica<\/strong> e <strong>sostenibilit\u00e0<\/strong>.<\/p>\n<p>Una fiera, quindi, tanto affascinante quanto di successo, che nell\u2019edizione 2021 fece registrare oltre <strong>45 mila visitatori<\/strong> professionali, <strong>700 Aziende<\/strong> focalizzate sul mondo del building, <strong>94 Paesi<\/strong> e <strong>105<\/strong> tra <strong>convegni<\/strong> e incontri formativi.<\/p>\n<h2>Planetel insieme a Disotec anche allo Smart Building Expo<\/h2>\n<p>In un contesto nel quale si respirer\u00e0 aria di innovazione e sviluppo tecnologico non potr\u00e0, di certo, mancare <strong>Planetel<\/strong>, azienda che fin dalla sua fondazione fa del rinnovamento, della ricerca e del progresso il fulcro della propria crescita. Come accade nella quotidianit\u00e0, tuttavia, l\u2019azienda bergamasca non sar\u00e0 sola, bens\u00ec condivider\u00e0 lo spazio con un\u2019altra eccellenza del territorio, <strong>Disotec<\/strong>, che collabora con Planetel ormai da parecchi anni.<\/p>\n<p>Disotec rappresenta un punto di riferimento nella fornitura di prodotti e soluzioni per qualsiasi architettura di rete, sia essa interrata o aerea. La sua filosofia del \u201c<em>One Stop Solution<\/em>\u201d evidenzia la globalit\u00e0 dell\u2019offerta in ambito TLC, dal momento che garantisce tutti i componenti necessari per la realizzazione del sistema di telecomunicazioni del cliente.<\/p>\n<p>Proprio come Planetel, dunque, anche Disotec pone il <strong>cliente al centro del modello di business<\/strong>, valutandone le esigenze e proponendo soluzioni in grado di soddisfarne a 360\u00b0 le necessit\u00e0: ampia gamma di prodotti, continuo aggiornamento, produzione quasi completamente interna, assistenza qualificata, qualit\u00e0 certificata.<\/p>\n<h2>Allo Smart Building il percorso della Fibra Planetel<\/h2>\n<p>L\u2019idea alla base del connubio tra Planetel e Disotec \u00e8 quella di mostrare al pubblico dello Smart Building la <strong>complessit\u00e0 e il<\/strong> <strong>valore del processo<\/strong> che rende possibile la fornitura della connettivit\u00e0 in fibra ottica al cliente finale: il percorso che la luce compie per arrivare nelle case o nelle imprese parte da molto lontano e richiede investimenti significativi, infrastrutture all\u2019avanguardia e in costante evoluzione, materiali di qualit\u00e0, competenze specifiche e certificate. Soltanto in questo modo si ottiene un prodotto finale prestazionale, capace di unire l\u2019efficacia con la sicurezza e la sostenibilit\u00e0.<\/p>\n<p>In quest\u2019ottica, la collaborazione tra le due aziende diventa condizione necessaria per il raggiungimento di tale scopo. Da un lato, infatti, <strong>Disotec<\/strong> <strong>inserisce nel processo la porzione iniziale del lavoro<\/strong>, ossia tutta quella fetta di servizio che afferisce ai minitubi in PEHD, ai materiali per le reti ottiche, ai chiusini in ghisa sferoidale e ai pozzetti in CLS. Dall\u2019altro lato, <strong>Planetel chiude il cerchio<\/strong> riempiendo di luce quest\u2019infrastruttura e consentendo ai suoi clienti di navigare ultraveloce fino a 10Gb.<\/p>\n<p>Ci\u00f2 che l\u2019utente finale si trova tra le mani, pertanto, \u00e8 un prodotto performante e di valore, di cui spesso e giustamente ignora la struttura che ne sta alla base. Allo Smart Building Expo 2023 Planetel e Disotec, insieme, vogliono esporre tale struttura, mostrando come <strong>una soluzione eccellente necessiti di un rapporto<\/strong> altrettanto <strong>eccellente<\/strong> <strong>tra<\/strong> due <strong>aziende<\/strong> che volgono lo sguardo al<strong> futuro, all\u2019innovazione e alla sostenibilit\u00e0.<\/strong><\/p>\n<h2><strong>Planetel \u00e8 innovazione e sviluppo tecnologico<\/strong><\/h2>\n<p>In merito alla partecipazione allo Smart Building EXPO 2023, queste le parole del <strong>Presidente di Planetel Bruno Pianetti<\/strong>: \u201c<em>Come Planetel abbiamo deciso di partecipare allo Smart Building EXPO 2023 dal momento che intravediamo opportunit\u00e0 interessanti per presentare ai visitatori il nostro marchio e le soluzioni che possiamo offrire in termini di innovazione, digitalizzazione, sviluppo tecnologico e abbattimento del digital divide. Insieme a noi ci sar\u00e0 anche un nostro fornitore storico, Disotec, con il quale collaboriamo da anni per portare al cliente finale un servizio affidabile, performante e valido. Nel contesto della fiera leader di settore in Italia, vogliamo mostrare l\u2019intero processo che caratterizza la nostra rete in fibra ottica FTTH proprietaria e sottolineare l\u2019impegno dell\u2019azienda nel perseguire la sua missione attraverso i valori di territorialit\u00e0, capillarit\u00e0 e prossimit\u00e0 che da sempre ci contraddistinguono<\/em>\u201d<\/p>\n","protected":false},"excerpt":{"rendered":"<p>Si \u00e8 concluso lo Smart Building Expo 2023, durante il quale, insieme a Disotec, abbiamo avuto modo di illustrare ai tanti professionisti presenti allo stand le nostre soluzioni in materia di connettivit\u00e0 in Fibra ottica e Cablaggio verticale strutturato, nonch\u00e9 tutti i servizi complementari che possiamo mettere a disposizione per la smart home del futuro. [&hellip;]<\/p>\n","protected":false},"author":4,"featured_media":14772,"comment_status":"closed","ping_status":"closed","sticky":false,"template":"","format":"standard","meta":{"_acf_changed":false,"footnotes":""},"categories":[691,704,708,717,718,719,672],"tags":[526,358,379,524,525],"service_category":[],"class_list":["post-14771","post","type-post","status-publish","format-standard","has-post-thumbnail","hentry","category-telecomunicazioni","category-infrastrutture","category-cablaggi-fibra-ottica","category-attivita-commerciali","category-medie-e-grandi-imprese","category-pubblica-amministrazione","category-planetel","tag-smart-home","tag-planetel","tag-fibra-ottica","tag-smart-building","tag-smart-building-expo"],"acf":[],"yoast_head":"<!-- This site is optimized with the Yoast SEO plugin v27.3 - https:\/\/yoast.com\/product\/yoast-seo-wordpress\/ -->\n<title>Planetel e Disotec insieme allo Smart Building Expo 2023<\/title>\n<meta name=\"description\" content=\"Dal 15 novembre avr\u00e0 inizio lo Smart Building Expo 2023 e Planetel, insieme a Disotec, illustrer\u00e0 le proprie soluzioni per il settore.\" \/>\n<meta name=\"robots\" content=\"index, follow, max-snippet:-1, max-image-preview:large, max-video-preview:-1\" \/>\n<link rel=\"canonical\" href=\"https:\/\/www.planetel.it\/en\/2023\/11\/planetel-e-disotec-insieme-allo-smart-building-expo-2023\/\" \/>\n<meta property=\"og:locale\" content=\"en_US\" \/>\n<meta property=\"og:type\" content=\"article\" \/>\n<meta property=\"og:title\" content=\"Planetel e Disotec insieme allo Smart Building Expo 2023\" \/>\n<meta property=\"og:description\" content=\"Dal 15 novembre avr\u00e0 inizio lo Smart Building Expo 2023 e Planetel, insieme a Disotec, illustrer\u00e0 le proprie soluzioni per il settore.\" \/>\n<meta property=\"og:url\" content=\"https:\/\/www.planetel.it\/en\/2023\/11\/planetel-e-disotec-insieme-allo-smart-building-expo-2023\/\" \/>\n<meta property=\"og:site_name\" content=\"Planetel\" \/>\n<meta property=\"article:publisher\" content=\"https:\/\/www.facebook.com\/planetelspa\" \/>\n<meta property=\"article:published_time\" content=\"2023-11-24T07:44:29+00:00\" \/>\n<meta property=\"article:modified_time\" content=\"2024-06-21T13:25:42+00:00\" \/>\n<meta property=\"og:image\" content=\"https:\/\/preprod-www.planetel.it\/wp-content\/uploads\/2024\/05\/MicrosoftTeams-image-104.png\" \/>\n\t<meta property=\"og:image:width\" content=\"1200\" \/>\n\t<meta property=\"og:image:height\" content=\"630\" \/>\n\t<meta property=\"og:image:type\" content=\"image\/png\" \/>\n<meta name=\"twitter:card\" content=\"summary_large_image\" \/>\n<meta name=\"twitter:label1\" content=\"Written by\" \/>\n\t<meta name=\"twitter:data1\" content=\"Andrea Brumana\" \/>\n\t<meta name=\"twitter:label2\" content=\"Est. reading time\" \/>\n\t<meta name=\"twitter:data2\" content=\"5 minutes\" \/>\n<script type=\"application\/ld+json\" class=\"yoast-schema-graph\">{\"@context\":\"https:\\\/\\\/schema.org\",\"@graph\":[{\"@type\":\"Article\",\"@id\":\"https:\\\/\\\/www.planetel.it\\\/en\\\/2023\\\/11\\\/planetel-e-disotec-insieme-allo-smart-building-expo-2023\\\/#article\",\"isPartOf\":{\"@id\":\"https:\\\/\\\/www.planetel.it\\\/en\\\/2023\\\/11\\\/planetel-e-disotec-insieme-allo-smart-building-expo-2023\\\/\"},\"author\":{\"name\":\"Andrea Brumana\",\"@id\":\"https:\\\/\\\/www.planetel.it\\\/en\\\/#\\\/schema\\\/person\\\/8e74703d23ff222042246a845bb004fa\"},\"headline\":\"Planetel e Disotec insieme allo Smart Building Expo 2023\",\"datePublished\":\"2023-11-24T07:44:29+00:00\",\"dateModified\":\"2024-06-21T13:25:42+00:00\",\"mainEntityOfPage\":{\"@id\":\"https:\\\/\\\/www.planetel.it\\\/en\\\/2023\\\/11\\\/planetel-e-disotec-insieme-allo-smart-building-expo-2023\\\/\"},\"wordCount\":775,\"publisher\":{\"@id\":\"https:\\\/\\\/www.planetel.it\\\/en\\\/#organization\"},\"image\":{\"@id\":\"https:\\\/\\\/www.planetel.it\\\/en\\\/2023\\\/11\\\/planetel-e-disotec-insieme-allo-smart-building-expo-2023\\\/#primaryimage\"},\"thumbnailUrl\":\"https:\\\/\\\/www.planetel.it\\\/wp-content\\\/uploads\\\/2024\\\/05\\\/MicrosoftTeams-image-104.png\",\"keywords\":[\"Smart Home\",\"Planetel\",\"Fibra ottica\",\"Smart Building\",\"Smart Building Expo\"],\"articleSection\":[\"Telecomunicazioni\",\"Infrastrutture\",\"Cablaggi Fibra ottica\",\"Attivit\u00e0 commerciali\",\"Medie e grandi Imprese\",\"Pubblica Amministrazione\",\"Planetel\"],\"inLanguage\":\"en-US\"},{\"@type\":\"WebPage\",\"@id\":\"https:\\\/\\\/www.planetel.it\\\/en\\\/2023\\\/11\\\/planetel-e-disotec-insieme-allo-smart-building-expo-2023\\\/\",\"url\":\"https:\\\/\\\/www.planetel.it\\\/en\\\/2023\\\/11\\\/planetel-e-disotec-insieme-allo-smart-building-expo-2023\\\/\",\"name\":\"Planetel e Disotec insieme allo Smart Building Expo 2023\",\"isPartOf\":{\"@id\":\"https:\\\/\\\/www.planetel.it\\\/en\\\/#website\"},\"primaryImageOfPage\":{\"@id\":\"https:\\\/\\\/www.planetel.it\\\/en\\\/2023\\\/11\\\/planetel-e-disotec-insieme-allo-smart-building-expo-2023\\\/#primaryimage\"},\"image\":{\"@id\":\"https:\\\/\\\/www.planetel.it\\\/en\\\/2023\\\/11\\\/planetel-e-disotec-insieme-allo-smart-building-expo-2023\\\/#primaryimage\"},\"thumbnailUrl\":\"https:\\\/\\\/www.planetel.it\\\/wp-content\\\/uploads\\\/2024\\\/05\\\/MicrosoftTeams-image-104.png\",\"datePublished\":\"2023-11-24T07:44:29+00:00\",\"dateModified\":\"2024-06-21T13:25:42+00:00\",\"description\":\"Dal 15 novembre avr\u00e0 inizio lo Smart Building Expo 2023 e Planetel, insieme a Disotec, illustrer\u00e0 le proprie soluzioni per il settore.\",\"breadcrumb\":{\"@id\":\"https:\\\/\\\/www.planetel.it\\\/en\\\/2023\\\/11\\\/planetel-e-disotec-insieme-allo-smart-building-expo-2023\\\/#breadcrumb\"},\"inLanguage\":\"en-US\",\"potentialAction\":[{\"@type\":\"ReadAction\",\"target\":[\"https:\\\/\\\/www.planetel.it\\\/en\\\/2023\\\/11\\\/planetel-e-disotec-insieme-allo-smart-building-expo-2023\\\/\"]}]},{\"@type\":\"ImageObject\",\"inLanguage\":\"en-US\",\"@id\":\"https:\\\/\\\/www.planetel.it\\\/en\\\/2023\\\/11\\\/planetel-e-disotec-insieme-allo-smart-building-expo-2023\\\/#primaryimage\",\"url\":\"https:\\\/\\\/www.planetel.it\\\/wp-content\\\/uploads\\\/2024\\\/05\\\/MicrosoftTeams-image-104.png\",\"contentUrl\":\"https:\\\/\\\/www.planetel.it\\\/wp-content\\\/uploads\\\/2024\\\/05\\\/MicrosoftTeams-image-104.png\",\"width\":1200,\"height\":630},{\"@type\":\"BreadcrumbList\",\"@id\":\"https:\\\/\\\/www.planetel.it\\\/en\\\/2023\\\/11\\\/planetel-e-disotec-insieme-allo-smart-building-expo-2023\\\/#breadcrumb\",\"itemListElement\":[{\"@type\":\"ListItem\",\"position\":1,\"name\":\"Home\",\"item\":\"https:\\\/\\\/www.planetel.it\\\/en\\\/\"},{\"@type\":\"ListItem\",\"position\":2,\"name\":\"Servizi\",\"item\":\"https:\\\/\\\/www.planetel.it\\\/news\\\/blog\\\/categoria\\\/servizi\\\/\"},{\"@type\":\"ListItem\",\"position\":3,\"name\":\"Telecomunicazioni\",\"item\":\"https:\\\/\\\/www.planetel.it\\\/news\\\/blog\\\/categoria\\\/telecomunicazioni\\\/\"},{\"@type\":\"ListItem\",\"position\":4,\"name\":\"Planetel e Disotec insieme allo Smart Building Expo 2023\"}]},{\"@type\":\"WebSite\",\"@id\":\"https:\\\/\\\/www.planetel.it\\\/en\\\/#website\",\"url\":\"https:\\\/\\\/www.planetel.it\\\/en\\\/\",\"name\":\"Planetel\",\"description\":\"Pi\u00f9 che una connessione\",\"publisher\":{\"@id\":\"https:\\\/\\\/www.planetel.it\\\/en\\\/#organization\"},\"potentialAction\":[{\"@type\":\"SearchAction\",\"target\":{\"@type\":\"EntryPoint\",\"urlTemplate\":\"https:\\\/\\\/www.planetel.it\\\/en\\\/?s={search_term_string}\"},\"query-input\":{\"@type\":\"PropertyValueSpecification\",\"valueRequired\":true,\"valueName\":\"search_term_string\"}}],\"inLanguage\":\"en-US\"},{\"@type\":\"Organization\",\"@id\":\"https:\\\/\\\/www.planetel.it\\\/en\\\/#organization\",\"name\":\"Planetel S.p.A.\",\"url\":\"https:\\\/\\\/www.planetel.it\\\/en\\\/\",\"logo\":{\"@type\":\"ImageObject\",\"inLanguage\":\"en-US\",\"@id\":\"https:\\\/\\\/www.planetel.it\\\/en\\\/#\\\/schema\\\/logo\\\/image\\\/\",\"url\":\"https:\\\/\\\/www.planetel.it\\\/wp-content\\\/uploads\\\/2024\\\/04\\\/logo-group-planetel.svg\",\"contentUrl\":\"https:\\\/\\\/www.planetel.it\\\/wp-content\\\/uploads\\\/2024\\\/04\\\/logo-group-planetel.svg\",\"width\":1,\"height\":1,\"caption\":\"Planetel S.p.A.\"},\"image\":{\"@id\":\"https:\\\/\\\/www.planetel.it\\\/en\\\/#\\\/schema\\\/logo\\\/image\\\/\"},\"sameAs\":[\"https:\\\/\\\/www.facebook.com\\\/planetelspa\",\"https:\\\/\\\/www.linkedin.com\\\/company\\\/planetel\",\"https:\\\/\\\/www.instagram.com\\\/planetelspa\"]},{\"@type\":\"Person\",\"@id\":\"https:\\\/\\\/www.planetel.it\\\/en\\\/#\\\/schema\\\/person\\\/8e74703d23ff222042246a845bb004fa\",\"name\":\"Andrea Brumana\",\"image\":{\"@type\":\"ImageObject\",\"inLanguage\":\"en-US\",\"@id\":\"https:\\\/\\\/secure.gravatar.com\\\/avatar\\\/9a839884f24513d8bf063a907c74d8d2483fb1c4bbbf7cf7222c3e08581e4219?s=96&d=mm&r=g\",\"url\":\"https:\\\/\\\/secure.gravatar.com\\\/avatar\\\/9a839884f24513d8bf063a907c74d8d2483fb1c4bbbf7cf7222c3e08581e4219?s=96&d=mm&r=g\",\"contentUrl\":\"https:\\\/\\\/secure.gravatar.com\\\/avatar\\\/9a839884f24513d8bf063a907c74d8d2483fb1c4bbbf7cf7222c3e08581e4219?s=96&d=mm&r=g\",\"caption\":\"Andrea Brumana\"},\"url\":\"https:\\\/\\\/www.planetel.it\\\/en\\\/author\\\/a-brumana\\\/\"}]}<\/script>\n<!-- \/ Yoast SEO plugin. -->","yoast_head_json":{"title":"Planetel e Disotec insieme allo Smart Building Expo 2023","description":"Dal 15 novembre avr\u00e0 inizio lo Smart Building Expo 2023 e Planetel, insieme a Disotec, illustrer\u00e0 le proprie soluzioni per il settore.","robots":{"index":"index","follow":"follow","max-snippet":"max-snippet:-1","max-image-preview":"max-image-preview:large","max-video-preview":"max-video-preview:-1"},"canonical":"https:\/\/www.planetel.it\/en\/2023\/11\/planetel-e-disotec-insieme-allo-smart-building-expo-2023\/","og_locale":"en_US","og_type":"article","og_title":"Planetel e Disotec insieme allo Smart Building Expo 2023","og_description":"Dal 15 novembre avr\u00e0 inizio lo Smart Building Expo 2023 e Planetel, insieme a Disotec, illustrer\u00e0 le proprie soluzioni per il settore.","og_url":"https:\/\/www.planetel.it\/en\/2023\/11\/planetel-e-disotec-insieme-allo-smart-building-expo-2023\/","og_site_name":"Planetel","article_publisher":"https:\/\/www.facebook.com\/planetelspa","article_published_time":"2023-11-24T07:44:29+00:00","article_modified_time":"2024-06-21T13:25:42+00:00","og_image":[{"width":1200,"height":630,"url":"https:\/\/preprod-www.planetel.it\/wp-content\/uploads\/2024\/05\/MicrosoftTeams-image-104.png","type":"image\/png"}],"twitter_card":"summary_large_image","twitter_misc":{"Written by":"Andrea Brumana","Est. reading time":"5 minutes"},"schema":{"@context":"https:\/\/schema.org","@graph":[{"@type":"Article","@id":"https:\/\/www.planetel.it\/en\/2023\/11\/planetel-e-disotec-insieme-allo-smart-building-expo-2023\/#article","isPartOf":{"@id":"https:\/\/www.planetel.it\/en\/2023\/11\/planetel-e-disotec-insieme-allo-smart-building-expo-2023\/"},"author":{"name":"Andrea Brumana","@id":"https:\/\/www.planetel.it\/en\/#\/schema\/person\/8e74703d23ff222042246a845bb004fa"},"headline":"Planetel e Disotec insieme allo Smart Building Expo 2023","datePublished":"2023-11-24T07:44:29+00:00","dateModified":"2024-06-21T13:25:42+00:00","mainEntityOfPage":{"@id":"https:\/\/www.planetel.it\/en\/2023\/11\/planetel-e-disotec-insieme-allo-smart-building-expo-2023\/"},"wordCount":775,"publisher":{"@id":"https:\/\/www.planetel.it\/en\/#organization"},"image":{"@id":"https:\/\/www.planetel.it\/en\/2023\/11\/planetel-e-disotec-insieme-allo-smart-building-expo-2023\/#primaryimage"},"thumbnailUrl":"https:\/\/www.planetel.it\/wp-content\/uploads\/2024\/05\/MicrosoftTeams-image-104.png","keywords":["Smart Home","Planetel","Fibra ottica","Smart Building","Smart Building Expo"],"articleSection":["Telecomunicazioni","Infrastrutture","Cablaggi Fibra ottica","Attivit\u00e0 commerciali","Medie e grandi Imprese","Pubblica Amministrazione","Planetel"],"inLanguage":"en-US"},{"@type":"WebPage","@id":"https:\/\/www.planetel.it\/en\/2023\/11\/planetel-e-disotec-insieme-allo-smart-building-expo-2023\/","url":"https:\/\/www.planetel.it\/en\/2023\/11\/planetel-e-disotec-insieme-allo-smart-building-expo-2023\/","name":"Planetel e Disotec insieme allo Smart Building Expo 2023","isPartOf":{"@id":"https:\/\/www.planetel.it\/en\/#website"},"primaryImageOfPage":{"@id":"https:\/\/www.planetel.it\/en\/2023\/11\/planetel-e-disotec-insieme-allo-smart-building-expo-2023\/#primaryimage"},"image":{"@id":"https:\/\/www.planetel.it\/en\/2023\/11\/planetel-e-disotec-insieme-allo-smart-building-expo-2023\/#primaryimage"},"thumbnailUrl":"https:\/\/www.planetel.it\/wp-content\/uploads\/2024\/05\/MicrosoftTeams-image-104.png","datePublished":"2023-11-24T07:44:29+00:00","dateModified":"2024-06-21T13:25:42+00:00","description":"Dal 15 novembre avr\u00e0 inizio lo Smart Building Expo 2023 e Planetel, insieme a Disotec, illustrer\u00e0 le proprie soluzioni per il settore.","breadcrumb":{"@id":"https:\/\/www.planetel.it\/en\/2023\/11\/planetel-e-disotec-insieme-allo-smart-building-expo-2023\/#breadcrumb"},"inLanguage":"en-US","potentialAction":[{"@type":"ReadAction","target":["https:\/\/www.planetel.it\/en\/2023\/11\/planetel-e-disotec-insieme-allo-smart-building-expo-2023\/"]}]},{"@type":"ImageObject","inLanguage":"en-US","@id":"https:\/\/www.planetel.it\/en\/2023\/11\/planetel-e-disotec-insieme-allo-smart-building-expo-2023\/#primaryimage","url":"https:\/\/www.planetel.it\/wp-content\/uploads\/2024\/05\/MicrosoftTeams-image-104.png","contentUrl":"https:\/\/www.planetel.it\/wp-content\/uploads\/2024\/05\/MicrosoftTeams-image-104.png","width":1200,"height":630},{"@type":"BreadcrumbList","@id":"https:\/\/www.planetel.it\/en\/2023\/11\/planetel-e-disotec-insieme-allo-smart-building-expo-2023\/#breadcrumb","itemListElement":[{"@type":"ListItem","position":1,"name":"Home","item":"https:\/\/www.planetel.it\/en\/"},{"@type":"ListItem","position":2,"name":"Servizi","item":"https:\/\/www.planetel.it\/news\/blog\/categoria\/servizi\/"},{"@type":"ListItem","position":3,"name":"Telecomunicazioni","item":"https:\/\/www.planetel.it\/news\/blog\/categoria\/telecomunicazioni\/"},{"@type":"ListItem","position":4,"name":"Planetel e Disotec insieme allo Smart Building Expo 2023"}]},{"@type":"WebSite","@id":"https:\/\/www.planetel.it\/en\/#website","url":"https:\/\/www.planetel.it\/en\/","name":"Planetel","description":"Pi\u00f9 che una connessione","publisher":{"@id":"https:\/\/www.planetel.it\/en\/#organization"},"potentialAction":[{"@type":"SearchAction","target":{"@type":"EntryPoint","urlTemplate":"https:\/\/www.planetel.it\/en\/?s={search_term_string}"},"query-input":{"@type":"PropertyValueSpecification","valueRequired":true,"valueName":"search_term_string"}}],"inLanguage":"en-US"},{"@type":"Organization","@id":"https:\/\/www.planetel.it\/en\/#organization","name":"Planetel S.p.A.","url":"https:\/\/www.planetel.it\/en\/","logo":{"@type":"ImageObject","inLanguage":"en-US","@id":"https:\/\/www.planetel.it\/en\/#\/schema\/logo\/image\/","url":"https:\/\/www.planetel.it\/wp-content\/uploads\/2024\/04\/logo-group-planetel.svg","contentUrl":"https:\/\/www.planetel.it\/wp-content\/uploads\/2024\/04\/logo-group-planetel.svg","width":1,"height":1,"caption":"Planetel S.p.A."},"image":{"@id":"https:\/\/www.planetel.it\/en\/#\/schema\/logo\/image\/"},"sameAs":["https:\/\/www.facebook.com\/planetelspa","https:\/\/www.linkedin.com\/company\/planetel","https:\/\/www.instagram.com\/planetelspa"]},{"@type":"Person","@id":"https:\/\/www.planetel.it\/en\/#\/schema\/person\/8e74703d23ff222042246a845bb004fa","name":"Andrea Brumana","image":{"@type":"ImageObject","inLanguage":"en-US","@id":"https:\/\/secure.gravatar.com\/avatar\/9a839884f24513d8bf063a907c74d8d2483fb1c4bbbf7cf7222c3e08581e4219?s=96&d=mm&r=g","url":"https:\/\/secure.gravatar.com\/avatar\/9a839884f24513d8bf063a907c74d8d2483fb1c4bbbf7cf7222c3e08581e4219?s=96&d=mm&r=g","contentUrl":"https:\/\/secure.gravatar.com\/avatar\/9a839884f24513d8bf063a907c74d8d2483fb1c4bbbf7cf7222c3e08581e4219?s=96&d=mm&r=g","caption":"Andrea Brumana"},"url":"https:\/\/www.planetel.it\/en\/author\/a-brumana\/"}]}},"_links":{"self":[{"href":"https:\/\/www.planetel.it\/en\/wp-json\/wp\/v2\/posts\/14771","targetHints":{"allow":["GET"]}}],"collection":[{"href":"https:\/\/www.planetel.it\/en\/wp-json\/wp\/v2\/posts"}],"about":[{"href":"https:\/\/www.planetel.it\/en\/wp-json\/wp\/v2\/types\/post"}],"author":[{"embeddable":true,"href":"https:\/\/www.planetel.it\/en\/wp-json\/wp\/v2\/users\/4"}],"replies":[{"embeddable":true,"href":"https:\/\/www.planetel.it\/en\/wp-json\/wp\/v2\/comments?post=14771"}],"version-history":[{"count":1,"href":"https:\/\/www.planetel.it\/en\/wp-json\/wp\/v2\/posts\/14771\/revisions"}],"predecessor-version":[{"id":17694,"href":"https:\/\/www.planetel.it\/en\/wp-json\/wp\/v2\/posts\/14771\/revisions\/17694"}],"wp:featuredmedia":[{"embeddable":true,"href":"https:\/\/www.planetel.it\/en\/wp-json\/wp\/v2\/media\/14772"}],"wp:attachment":[{"href":"https:\/\/www.planetel.it\/en\/wp-json\/wp\/v2\/media?parent=14771"}],"wp:term":[{"taxonomy":"category","embeddable":true,"href":"https:\/\/www.planetel.it\/en\/wp-json\/wp\/v2\/categories?post=14771"},{"taxonomy":"post_tag","embeddable":true,"href":"https:\/\/www.planetel.it\/en\/wp-json\/wp\/v2\/tags?post=14771"},{"taxonomy":"service_category","embeddable":true,"href":"https:\/\/www.planetel.it\/en\/wp-json\/wp\/v2\/service_category?post=14771"}],"curies":[{"name":"wp","href":"https:\/\/api.w.org\/{rel}","templated":true}]}}