{"id":14780,"date":"2023-11-23T14:13:13","date_gmt":"2023-11-23T13:13:13","guid":{"rendered":"http:\/\/www.planetel.it\/2023\/11\/lofferta-full-home-green-di-planetel-abbraccia-la-sostenibilita\/"},"modified":"2024-06-21T15:29:05","modified_gmt":"2024-06-21T13:29:05","slug":"lofferta-full-home-green-di-planetel-abbraccia-la-sostenibilita","status":"publish","type":"post","link":"https:\/\/www.planetel.it\/en\/2023\/11\/lofferta-full-home-green-di-planetel-abbraccia-la-sostenibilita\/","title":{"rendered":"L&#8217;Offerta Full Home Green di Planetel abbraccia la sostenibilit\u00e0"},"content":{"rendered":"<p><a href=\"https:\/\/fibra.planetel.it\/offerte-casa\/full-home-green\/\" target=\"_blank\" rel=\"noopener\"><img loading=\"lazy\" decoding=\"async\" class=\"aligncenter wp-image-154328 size-full\" src=\"http:\/\/www.planetel.it\/wp-content\/uploads\/2024\/05\/planetel-fascia-scegli-combo.jpg\" alt=\"Full Home Green\" width=\"1920\" height=\"736\" \/><\/a><\/p>\n<p>Due asset diventati ormai imprescindibili nel modello di business di Planetel sono <strong>l\u2019attenzione riposta nei confronti della sostenibilit\u00e0<\/strong> e la <strong>sensibilit\u00e0 verso le tematiche ambientali<\/strong>. Fin dalla sua fondazione, e specialmente negli ultimi anni, l\u2019impegno dell\u2019azienda per la tutela dell\u2019ambiente si \u00e8 concretizzato in diverse azioni <em>green<\/em>, diventando parte integrante della dimensione valoriale dell\u2019organizzazione. In questa direzione, ad esempio, sono stati fatti importanti investimenti sia per quanto concerne l\u2019impianto fotovoltaico della sede principale sia per ci\u00f2 che riguarda la connettivit\u00e0 in Fibra ottica, per la quale gioca un ruolo importante il connubio tra qualit\u00e0, riciclo dei materiali ed energia 100% rinnovabile certificata. Oltre a questo, da un lato si sta procedendo a costruire una flotta di vetture aziendali sempre pi\u00f9 verde mediante l\u2019introduzione di diversi modelli ibridi ed elettrici, dall\u2019altro si continuano a sostenere con orgoglio le varie iniziative territoriali improntate alla sostenibilit\u00e0.<\/p>\n<p>Tutto questo, insieme alle collaborazioni con le due realt\u00e0 che saranno oggetto dell\u2019articolo e della nuova offerta<strong><em> Full Home Green<\/em><\/strong>, hanno portato Planetel a ottenere in pochissimo tempo la medaglia d\u2019argento da parte di EcoVadis in rapporto al rating di valutazione sulla Responsabilit\u00e0 Sociale d\u2019Impresa (RSI), rientrando nel 25% delle migliori aziende per punteggio.<\/p>\n<h2>L\u2019offerta Full Home Green di Planetel: Che cos\u2019\u00e8?<\/h2>\n<p><img loading=\"lazy\" decoding=\"async\" class=\"wp-image-154330 aligncenter\" src=\"http:\/\/www.planetel.it\/wp-content\/uploads\/2024\/05\/planetel-green.jpg\" alt=\"Full Home Green\" width=\"335\" height=\"182\" \/><\/p>\n<p>La nuova offerta di Planetel strizza, dunque, l\u2019occhio alla sostenibilit\u00e0, ribadendo a gran voce l\u2019importanza che la tutela dell\u2019ambiente riveste nel dialogo tra l\u2019azienda e i suoi interlocutori. Una proposta commerciale tanto interessante dal punto di vista ecologico quanto allettante per i clienti dal punto di vista dell\u2019offerta, dal momento che, alla classica<strong> connettivit\u00e0 Planetel in Fibra ottica ultraveloce<\/strong>, potranno essere aggiunti uno o pi\u00f9 <strong>dispositivi ricondizionati di ultima generazione<\/strong> tra un\u2019ampia selezione di prodotti TrenDevice. E non \u00e8 finita qui, poich\u00e9 la connotazione green dell\u2019offerta non si limita alla Fibra ottica completamente rinnovabile e a un device rigenerato, ma comprende, anche, la <strong>piantumazione di un albero nella foresta Planetel<\/strong> grazie all\u2019ormai consolidata collaborazione con Treedom.<\/p>\n<p>In altri termini, il cliente, dopo aver verificato l\u2019effettiva copertura della propria abitazione, avr\u00e0 l\u2019opportunit\u00e0 di aggiungere alla connettivit\u00e0 in Fibra ottica uno o pi\u00f9 dispositivi ricondizionati da TrenDevice scegliendo fra smartphone, tablet, pc e console delle migliori marche. Nel momento in cui il cliente aderisce all\u2019offerta<em> Full Home Green <\/em>sottoscrivendo il contratto Planetel pianter\u00e0 un albero nella foresta Planetel di Treedom, che il cliente potr\u00e0 personalizzare a suo nome, geolocalizzare e seguirne la crescita gratuitamente.<\/p>\n<p>Una proposta, quindi, caratterizzata da tre step ben definiti che mescolano la <strong>qualit\u00e0<\/strong> e l\u2019<strong>innovazione<\/strong> <strong>tecnologica<\/strong> con la <strong>tutela<\/strong> e la <strong>salvaguardia delle dinamiche ambientali<\/strong>.<\/p>\n<h2>Chi \u00e8 TrenDevice e cos\u2019\u00e8 un dispositivo ricondizionato?<\/h2>\n<p><img loading=\"lazy\" decoding=\"async\" class=\"wp-image-154331 aligncenter\" src=\"http:\/\/www.planetel.it\/wp-content\/uploads\/2024\/05\/trendevice-green.jpg\" alt=\"Full Home Green\" width=\"335\" height=\"183\" \/><\/p>\n<p>Pi\u00f9 di ogni altra cosa, ci\u00f2 che Planetel persegue \u00e8 la qualit\u00e0, la quale si applica alle soluzioni proposte, agli esperti qualificati che ci lavorano e ai partner con cui decide di collaborare. In quest\u2019ottica, l\u2019azienda ha scelto di affidarsi a <strong>TrenDevice<\/strong> per la fornitura dei dispositivi ricondizionati da abbinare alla connettivit\u00e0 in Fibra ottica. TrenDevice, infatti, \u00e8 una realt\u00e0 che da anni opera nel settore dell\u2019economia circolare per quanto riguarda prodotti hi-tech. Tra le imprese leader in Italia, conta pi\u00f9 di 100.000 clienti, oltre 10.000 recensioni certificate e un indice di soddisfazione del 92%.<\/p>\n<p>Quello che rappresenta un valore aggiunto, tuttavia, \u00e8 la meticolosit\u00e0 con la quale vengono rigenerati i dispositivi. In tal senso, tutti i device subiscono un minuzioso processo di formattazione, aggiornamento e test, cos\u00ec da proporre alla clientela prodotti assolutamente sicuri, affidabili e garantiti, ma a prezzi inferiori. TrenDevice, pertanto, d\u00e0 ai dispositivi una seconda vita, assicurandone il perfetto funzionamento.<\/p>\n<p>Planetel si inserisce in questo scenario con la sua offerta<em> Full Home Green<\/em>, la quale prevede device esclusivamente di categoria A, ossia pari al nuovo, e la garanzia di 12 mesi inclusa.<\/p>\n<h2>Treedom e la foresta Planetel<\/h2>\n<p><img loading=\"lazy\" decoding=\"async\" class=\"wp-image-154332 aligncenter\" src=\"http:\/\/www.planetel.it\/wp-content\/uploads\/2024\/05\/treedom-green.jpg\" alt=\"Full Home Green\" width=\"335\" height=\"183\" \/><\/p>\n<p>Il terzo attore dell\u2019offerta <em>Full Home Green<\/em> di Planetel \u00e8 <strong>Treedom<\/strong>, un\u2019organizzazione che permette di piantare alberi a distanza e seguire online la storia del progetto e la sua evoluzione. Dalla sua fondazione, nel 2010, i numeri raggiunti sono emblematici della seriet\u00e0, della competenza e della professionalit\u00e0 della piattaforma: quasi 4 milioni di alberi piantati, oltre 1 milione di utenti attivi e pi\u00f9 di 11.000 azienda partner. La mission \u00e8 quella di realizzare ecosistemi sostenibili e permettere a migliaia di contadini di far fronte ai costi iniziali della piantumazione di nuovi alberi, garantendo nel tempo sovranit\u00e0 alimentare ed opportunit\u00e0 di reddito.<\/p>\n<p>Nel 2020, Planetel ha deciso di abbracciare la filosofia di Treedom dando luce a una foresta aziendale che, oggi, conta pi\u00f9 di 400 alberi. L\u2019obiettivo \u00e8 quello di coinvolgere clienti e fornitori per ringraziarli e rendere ciascuno partecipe di questo percorso comune verso la sostenibilit\u00e0 ambientale.<\/p>\n<p>Proprio questa foresta accoglier\u00e0 gli alberi di tutti coloro che decideranno di sottoscrivere l\u2019offerta<em> Full Home Green<\/em>. L\u2019azienda, infatti, regaler\u00e0 al cliente l\u2019acquisto di un albero a scelta che non soltanto contribuir\u00e0 alla crescita della foresta aziendale ma abbraccer\u00e0 la visione sostenibile che Planetel sta perseguendo con determinazione.<\/p>\n<p style=\"text-align: center;\"><strong><a class=\"btn btn-success\" href=\"https:\/\/fibra.planetel.it\/offerte-casa\/full-home-green\/#verifica\" target=\"_blank\" rel=\"noopener\">Verifica ora la copertura<\/a><\/strong><\/p>\n","protected":false},"excerpt":{"rendered":"<p>Due asset diventati ormai imprescindibili nel modello di business di Planetel sono l\u2019attenzione riposta nei confronti della sostenibilit\u00e0 e la sensibilit\u00e0 verso le tematiche ambientali. Fin dalla sua fondazione, e specialmente negli ultimi anni, l\u2019impegno dell\u2019azienda per la tutela dell\u2019ambiente si \u00e8 concretizzato in diverse azioni green, diventando parte integrante della dimensione valoriale dell\u2019organizzazione. In [&hellip;]<\/p>\n","protected":false},"author":4,"featured_media":14786,"comment_status":"closed","ping_status":"closed","sticky":false,"template":"","format":"standard","meta":{"_acf_changed":false,"footnotes":""},"categories":[692,716,717,672,725,730],"tags":[358,362,411,533,534],"service_category":[312],"class_list":["post-14780","post","type-post","status-publish","format-standard","has-post-thumbnail","hentry","category-connettivita-fibra-ottica","category-privati","category-attivita-commerciali","category-planetel","category-qualita","category-ambiente","tag-planetel","tag-sostenibilita","tag-trendevice","tag-full-home-green","tag-treedom","service_category-telecomunicazioni"],"acf":[],"yoast_head":"<!-- This site is optimized with the Yoast SEO plugin v27.3 - https:\/\/yoast.com\/product\/yoast-seo-wordpress\/ -->\n<title>L&#039;Offerta Full Home Green di Planetel abbraccia la sostenibilit\u00e0<\/title>\n<meta name=\"description\" content=\"Planetel lancia l&#039;offerta Full Home Green con connettivit\u00e0 in Fibra ottica, device ricondizionato TrenDevice e albero Treedom in omaggio.\" \/>\n<meta name=\"robots\" content=\"index, follow, max-snippet:-1, max-image-preview:large, max-video-preview:-1\" \/>\n<link rel=\"canonical\" href=\"https:\/\/www.planetel.it\/en\/2023\/11\/lofferta-full-home-green-di-planetel-abbraccia-la-sostenibilita\/\" \/>\n<meta property=\"og:locale\" content=\"en_US\" \/>\n<meta property=\"og:type\" content=\"article\" \/>\n<meta property=\"og:title\" content=\"L&#039;Offerta Full Home Green di Planetel abbraccia la sostenibilit\u00e0\" \/>\n<meta property=\"og:description\" content=\"Planetel lancia l&#039;offerta Full Home Green con connettivit\u00e0 in Fibra ottica, device ricondizionato TrenDevice e albero Treedom in omaggio.\" \/>\n<meta property=\"og:url\" content=\"https:\/\/www.planetel.it\/en\/2023\/11\/lofferta-full-home-green-di-planetel-abbraccia-la-sostenibilita\/\" \/>\n<meta property=\"og:site_name\" content=\"Planetel\" \/>\n<meta property=\"article:publisher\" content=\"https:\/\/www.facebook.com\/planetelspa\" \/>\n<meta property=\"article:published_time\" content=\"2023-11-23T13:13:13+00:00\" \/>\n<meta property=\"article:modified_time\" content=\"2024-06-21T13:29:05+00:00\" \/>\n<meta property=\"og:image\" content=\"https:\/\/preprod-www.planetel.it\/wp-content\/uploads\/2024\/05\/MicrosoftTeams-image-124.png\" \/>\n\t<meta property=\"og:image:width\" content=\"1200\" \/>\n\t<meta property=\"og:image:height\" content=\"630\" \/>\n\t<meta property=\"og:image:type\" content=\"image\/png\" \/>\n<meta name=\"twitter:card\" content=\"summary_large_image\" \/>\n<meta name=\"twitter:label1\" content=\"Written by\" \/>\n\t<meta name=\"twitter:data1\" content=\"Andrea Brumana\" \/>\n\t<meta name=\"twitter:label2\" content=\"Est. reading time\" \/>\n\t<meta name=\"twitter:data2\" content=\"6 minutes\" \/>\n<script type=\"application\/ld+json\" class=\"yoast-schema-graph\">{\"@context\":\"https:\\\/\\\/schema.org\",\"@graph\":[{\"@type\":\"Article\",\"@id\":\"https:\\\/\\\/www.planetel.it\\\/en\\\/2023\\\/11\\\/lofferta-full-home-green-di-planetel-abbraccia-la-sostenibilita\\\/#article\",\"isPartOf\":{\"@id\":\"https:\\\/\\\/www.planetel.it\\\/en\\\/2023\\\/11\\\/lofferta-full-home-green-di-planetel-abbraccia-la-sostenibilita\\\/\"},\"author\":{\"name\":\"Andrea Brumana\",\"@id\":\"https:\\\/\\\/www.planetel.it\\\/en\\\/#\\\/schema\\\/person\\\/8e74703d23ff222042246a845bb004fa\"},\"headline\":\"L&#8217;Offerta Full Home Green di Planetel abbraccia la sostenibilit\u00e0\",\"datePublished\":\"2023-11-23T13:13:13+00:00\",\"dateModified\":\"2024-06-21T13:29:05+00:00\",\"mainEntityOfPage\":{\"@id\":\"https:\\\/\\\/www.planetel.it\\\/en\\\/2023\\\/11\\\/lofferta-full-home-green-di-planetel-abbraccia-la-sostenibilita\\\/\"},\"wordCount\":842,\"publisher\":{\"@id\":\"https:\\\/\\\/www.planetel.it\\\/en\\\/#organization\"},\"image\":{\"@id\":\"https:\\\/\\\/www.planetel.it\\\/en\\\/2023\\\/11\\\/lofferta-full-home-green-di-planetel-abbraccia-la-sostenibilita\\\/#primaryimage\"},\"thumbnailUrl\":\"https:\\\/\\\/www.planetel.it\\\/wp-content\\\/uploads\\\/2024\\\/05\\\/MicrosoftTeams-image-124.png\",\"keywords\":[\"Planetel\",\"sostenibilit\u00e0\",\"trendevice\",\"full home green\",\"treedom\"],\"articleSection\":[\"Connettivit\u00e0 Fibra ottica\",\"Privati\",\"Attivit\u00e0 commerciali\",\"Planetel\",\"Qualit\u00e0\",\"Ambiente\"],\"inLanguage\":\"en-US\"},{\"@type\":\"WebPage\",\"@id\":\"https:\\\/\\\/www.planetel.it\\\/en\\\/2023\\\/11\\\/lofferta-full-home-green-di-planetel-abbraccia-la-sostenibilita\\\/\",\"url\":\"https:\\\/\\\/www.planetel.it\\\/en\\\/2023\\\/11\\\/lofferta-full-home-green-di-planetel-abbraccia-la-sostenibilita\\\/\",\"name\":\"L'Offerta Full Home Green di Planetel abbraccia la sostenibilit\u00e0\",\"isPartOf\":{\"@id\":\"https:\\\/\\\/www.planetel.it\\\/en\\\/#website\"},\"primaryImageOfPage\":{\"@id\":\"https:\\\/\\\/www.planetel.it\\\/en\\\/2023\\\/11\\\/lofferta-full-home-green-di-planetel-abbraccia-la-sostenibilita\\\/#primaryimage\"},\"image\":{\"@id\":\"https:\\\/\\\/www.planetel.it\\\/en\\\/2023\\\/11\\\/lofferta-full-home-green-di-planetel-abbraccia-la-sostenibilita\\\/#primaryimage\"},\"thumbnailUrl\":\"https:\\\/\\\/www.planetel.it\\\/wp-content\\\/uploads\\\/2024\\\/05\\\/MicrosoftTeams-image-124.png\",\"datePublished\":\"2023-11-23T13:13:13+00:00\",\"dateModified\":\"2024-06-21T13:29:05+00:00\",\"description\":\"Planetel lancia l'offerta Full Home Green con connettivit\u00e0 in Fibra ottica, device ricondizionato TrenDevice e albero Treedom in omaggio.\",\"breadcrumb\":{\"@id\":\"https:\\\/\\\/www.planetel.it\\\/en\\\/2023\\\/11\\\/lofferta-full-home-green-di-planetel-abbraccia-la-sostenibilita\\\/#breadcrumb\"},\"inLanguage\":\"en-US\",\"potentialAction\":[{\"@type\":\"ReadAction\",\"target\":[\"https:\\\/\\\/www.planetel.it\\\/en\\\/2023\\\/11\\\/lofferta-full-home-green-di-planetel-abbraccia-la-sostenibilita\\\/\"]}]},{\"@type\":\"ImageObject\",\"inLanguage\":\"en-US\",\"@id\":\"https:\\\/\\\/www.planetel.it\\\/en\\\/2023\\\/11\\\/lofferta-full-home-green-di-planetel-abbraccia-la-sostenibilita\\\/#primaryimage\",\"url\":\"https:\\\/\\\/www.planetel.it\\\/wp-content\\\/uploads\\\/2024\\\/05\\\/MicrosoftTeams-image-124.png\",\"contentUrl\":\"https:\\\/\\\/www.planetel.it\\\/wp-content\\\/uploads\\\/2024\\\/05\\\/MicrosoftTeams-image-124.png\",\"width\":1200,\"height\":630,\"caption\":\"Full Home Green\"},{\"@type\":\"BreadcrumbList\",\"@id\":\"https:\\\/\\\/www.planetel.it\\\/en\\\/2023\\\/11\\\/lofferta-full-home-green-di-planetel-abbraccia-la-sostenibilita\\\/#breadcrumb\",\"itemListElement\":[{\"@type\":\"ListItem\",\"position\":1,\"name\":\"Home\",\"item\":\"https:\\\/\\\/www.planetel.it\\\/en\\\/\"},{\"@type\":\"ListItem\",\"position\":2,\"name\":\"Servizi\",\"item\":\"https:\\\/\\\/www.planetel.it\\\/news\\\/blog\\\/categoria\\\/servizi\\\/\"},{\"@type\":\"ListItem\",\"position\":3,\"name\":\"Connettivit\u00e0 Fibra ottica\",\"item\":\"https:\\\/\\\/www.planetel.it\\\/news\\\/blog\\\/categoria\\\/connettivita-fibra-ottica\\\/\"},{\"@type\":\"ListItem\",\"position\":4,\"name\":\"L&#8217;Offerta Full Home Green di Planetel abbraccia la sostenibilit\u00e0\"}]},{\"@type\":\"WebSite\",\"@id\":\"https:\\\/\\\/www.planetel.it\\\/en\\\/#website\",\"url\":\"https:\\\/\\\/www.planetel.it\\\/en\\\/\",\"name\":\"Planetel\",\"description\":\"Pi\u00f9 che una connessione\",\"publisher\":{\"@id\":\"https:\\\/\\\/www.planetel.it\\\/en\\\/#organization\"},\"potentialAction\":[{\"@type\":\"SearchAction\",\"target\":{\"@type\":\"EntryPoint\",\"urlTemplate\":\"https:\\\/\\\/www.planetel.it\\\/en\\\/?s={search_term_string}\"},\"query-input\":{\"@type\":\"PropertyValueSpecification\",\"valueRequired\":true,\"valueName\":\"search_term_string\"}}],\"inLanguage\":\"en-US\"},{\"@type\":\"Organization\",\"@id\":\"https:\\\/\\\/www.planetel.it\\\/en\\\/#organization\",\"name\":\"Planetel S.p.A.\",\"url\":\"https:\\\/\\\/www.planetel.it\\\/en\\\/\",\"logo\":{\"@type\":\"ImageObject\",\"inLanguage\":\"en-US\",\"@id\":\"https:\\\/\\\/www.planetel.it\\\/en\\\/#\\\/schema\\\/logo\\\/image\\\/\",\"url\":\"https:\\\/\\\/www.planetel.it\\\/wp-content\\\/uploads\\\/2024\\\/04\\\/logo-group-planetel.svg\",\"contentUrl\":\"https:\\\/\\\/www.planetel.it\\\/wp-content\\\/uploads\\\/2024\\\/04\\\/logo-group-planetel.svg\",\"width\":1,\"height\":1,\"caption\":\"Planetel S.p.A.\"},\"image\":{\"@id\":\"https:\\\/\\\/www.planetel.it\\\/en\\\/#\\\/schema\\\/logo\\\/image\\\/\"},\"sameAs\":[\"https:\\\/\\\/www.facebook.com\\\/planetelspa\",\"https:\\\/\\\/www.linkedin.com\\\/company\\\/planetel\",\"https:\\\/\\\/www.instagram.com\\\/planetelspa\"]},{\"@type\":\"Person\",\"@id\":\"https:\\\/\\\/www.planetel.it\\\/en\\\/#\\\/schema\\\/person\\\/8e74703d23ff222042246a845bb004fa\",\"name\":\"Andrea Brumana\",\"image\":{\"@type\":\"ImageObject\",\"inLanguage\":\"en-US\",\"@id\":\"https:\\\/\\\/secure.gravatar.com\\\/avatar\\\/9a839884f24513d8bf063a907c74d8d2483fb1c4bbbf7cf7222c3e08581e4219?s=96&d=mm&r=g\",\"url\":\"https:\\\/\\\/secure.gravatar.com\\\/avatar\\\/9a839884f24513d8bf063a907c74d8d2483fb1c4bbbf7cf7222c3e08581e4219?s=96&d=mm&r=g\",\"contentUrl\":\"https:\\\/\\\/secure.gravatar.com\\\/avatar\\\/9a839884f24513d8bf063a907c74d8d2483fb1c4bbbf7cf7222c3e08581e4219?s=96&d=mm&r=g\",\"caption\":\"Andrea Brumana\"},\"url\":\"https:\\\/\\\/www.planetel.it\\\/en\\\/author\\\/a-brumana\\\/\"}]}<\/script>\n<!-- \/ Yoast SEO plugin. -->","yoast_head_json":{"title":"L'Offerta Full Home Green di Planetel abbraccia la sostenibilit\u00e0","description":"Planetel lancia l'offerta Full Home Green con connettivit\u00e0 in Fibra ottica, device ricondizionato TrenDevice e albero Treedom in omaggio.","robots":{"index":"index","follow":"follow","max-snippet":"max-snippet:-1","max-image-preview":"max-image-preview:large","max-video-preview":"max-video-preview:-1"},"canonical":"https:\/\/www.planetel.it\/en\/2023\/11\/lofferta-full-home-green-di-planetel-abbraccia-la-sostenibilita\/","og_locale":"en_US","og_type":"article","og_title":"L'Offerta Full Home Green di Planetel abbraccia la sostenibilit\u00e0","og_description":"Planetel lancia l'offerta Full Home Green con connettivit\u00e0 in Fibra ottica, device ricondizionato TrenDevice e albero Treedom in omaggio.","og_url":"https:\/\/www.planetel.it\/en\/2023\/11\/lofferta-full-home-green-di-planetel-abbraccia-la-sostenibilita\/","og_site_name":"Planetel","article_publisher":"https:\/\/www.facebook.com\/planetelspa","article_published_time":"2023-11-23T13:13:13+00:00","article_modified_time":"2024-06-21T13:29:05+00:00","og_image":[{"width":1200,"height":630,"url":"https:\/\/preprod-www.planetel.it\/wp-content\/uploads\/2024\/05\/MicrosoftTeams-image-124.png","type":"image\/png"}],"twitter_card":"summary_large_image","twitter_misc":{"Written by":"Andrea Brumana","Est. reading time":"6 minutes"},"schema":{"@context":"https:\/\/schema.org","@graph":[{"@type":"Article","@id":"https:\/\/www.planetel.it\/en\/2023\/11\/lofferta-full-home-green-di-planetel-abbraccia-la-sostenibilita\/#article","isPartOf":{"@id":"https:\/\/www.planetel.it\/en\/2023\/11\/lofferta-full-home-green-di-planetel-abbraccia-la-sostenibilita\/"},"author":{"name":"Andrea Brumana","@id":"https:\/\/www.planetel.it\/en\/#\/schema\/person\/8e74703d23ff222042246a845bb004fa"},"headline":"L&#8217;Offerta Full Home Green di Planetel abbraccia la sostenibilit\u00e0","datePublished":"2023-11-23T13:13:13+00:00","dateModified":"2024-06-21T13:29:05+00:00","mainEntityOfPage":{"@id":"https:\/\/www.planetel.it\/en\/2023\/11\/lofferta-full-home-green-di-planetel-abbraccia-la-sostenibilita\/"},"wordCount":842,"publisher":{"@id":"https:\/\/www.planetel.it\/en\/#organization"},"image":{"@id":"https:\/\/www.planetel.it\/en\/2023\/11\/lofferta-full-home-green-di-planetel-abbraccia-la-sostenibilita\/#primaryimage"},"thumbnailUrl":"https:\/\/www.planetel.it\/wp-content\/uploads\/2024\/05\/MicrosoftTeams-image-124.png","keywords":["Planetel","sostenibilit\u00e0","trendevice","full home green","treedom"],"articleSection":["Connettivit\u00e0 Fibra ottica","Privati","Attivit\u00e0 commerciali","Planetel","Qualit\u00e0","Ambiente"],"inLanguage":"en-US"},{"@type":"WebPage","@id":"https:\/\/www.planetel.it\/en\/2023\/11\/lofferta-full-home-green-di-planetel-abbraccia-la-sostenibilita\/","url":"https:\/\/www.planetel.it\/en\/2023\/11\/lofferta-full-home-green-di-planetel-abbraccia-la-sostenibilita\/","name":"L'Offerta Full Home Green di Planetel abbraccia la sostenibilit\u00e0","isPartOf":{"@id":"https:\/\/www.planetel.it\/en\/#website"},"primaryImageOfPage":{"@id":"https:\/\/www.planetel.it\/en\/2023\/11\/lofferta-full-home-green-di-planetel-abbraccia-la-sostenibilita\/#primaryimage"},"image":{"@id":"https:\/\/www.planetel.it\/en\/2023\/11\/lofferta-full-home-green-di-planetel-abbraccia-la-sostenibilita\/#primaryimage"},"thumbnailUrl":"https:\/\/www.planetel.it\/wp-content\/uploads\/2024\/05\/MicrosoftTeams-image-124.png","datePublished":"2023-11-23T13:13:13+00:00","dateModified":"2024-06-21T13:29:05+00:00","description":"Planetel lancia l'offerta Full Home Green con connettivit\u00e0 in Fibra ottica, device ricondizionato TrenDevice e albero Treedom in omaggio.","breadcrumb":{"@id":"https:\/\/www.planetel.it\/en\/2023\/11\/lofferta-full-home-green-di-planetel-abbraccia-la-sostenibilita\/#breadcrumb"},"inLanguage":"en-US","potentialAction":[{"@type":"ReadAction","target":["https:\/\/www.planetel.it\/en\/2023\/11\/lofferta-full-home-green-di-planetel-abbraccia-la-sostenibilita\/"]}]},{"@type":"ImageObject","inLanguage":"en-US","@id":"https:\/\/www.planetel.it\/en\/2023\/11\/lofferta-full-home-green-di-planetel-abbraccia-la-sostenibilita\/#primaryimage","url":"https:\/\/www.planetel.it\/wp-content\/uploads\/2024\/05\/MicrosoftTeams-image-124.png","contentUrl":"https:\/\/www.planetel.it\/wp-content\/uploads\/2024\/05\/MicrosoftTeams-image-124.png","width":1200,"height":630,"caption":"Full Home Green"},{"@type":"BreadcrumbList","@id":"https:\/\/www.planetel.it\/en\/2023\/11\/lofferta-full-home-green-di-planetel-abbraccia-la-sostenibilita\/#breadcrumb","itemListElement":[{"@type":"ListItem","position":1,"name":"Home","item":"https:\/\/www.planetel.it\/en\/"},{"@type":"ListItem","position":2,"name":"Servizi","item":"https:\/\/www.planetel.it\/news\/blog\/categoria\/servizi\/"},{"@type":"ListItem","position":3,"name":"Connettivit\u00e0 Fibra ottica","item":"https:\/\/www.planetel.it\/news\/blog\/categoria\/connettivita-fibra-ottica\/"},{"@type":"ListItem","position":4,"name":"L&#8217;Offerta Full Home Green di Planetel abbraccia la sostenibilit\u00e0"}]},{"@type":"WebSite","@id":"https:\/\/www.planetel.it\/en\/#website","url":"https:\/\/www.planetel.it\/en\/","name":"Planetel","description":"Pi\u00f9 che una connessione","publisher":{"@id":"https:\/\/www.planetel.it\/en\/#organization"},"potentialAction":[{"@type":"SearchAction","target":{"@type":"EntryPoint","urlTemplate":"https:\/\/www.planetel.it\/en\/?s={search_term_string}"},"query-input":{"@type":"PropertyValueSpecification","valueRequired":true,"valueName":"search_term_string"}}],"inLanguage":"en-US"},{"@type":"Organization","@id":"https:\/\/www.planetel.it\/en\/#organization","name":"Planetel S.p.A.","url":"https:\/\/www.planetel.it\/en\/","logo":{"@type":"ImageObject","inLanguage":"en-US","@id":"https:\/\/www.planetel.it\/en\/#\/schema\/logo\/image\/","url":"https:\/\/www.planetel.it\/wp-content\/uploads\/2024\/04\/logo-group-planetel.svg","contentUrl":"https:\/\/www.planetel.it\/wp-content\/uploads\/2024\/04\/logo-group-planetel.svg","width":1,"height":1,"caption":"Planetel S.p.A."},"image":{"@id":"https:\/\/www.planetel.it\/en\/#\/schema\/logo\/image\/"},"sameAs":["https:\/\/www.facebook.com\/planetelspa","https:\/\/www.linkedin.com\/company\/planetel","https:\/\/www.instagram.com\/planetelspa"]},{"@type":"Person","@id":"https:\/\/www.planetel.it\/en\/#\/schema\/person\/8e74703d23ff222042246a845bb004fa","name":"Andrea Brumana","image":{"@type":"ImageObject","inLanguage":"en-US","@id":"https:\/\/secure.gravatar.com\/avatar\/9a839884f24513d8bf063a907c74d8d2483fb1c4bbbf7cf7222c3e08581e4219?s=96&d=mm&r=g","url":"https:\/\/secure.gravatar.com\/avatar\/9a839884f24513d8bf063a907c74d8d2483fb1c4bbbf7cf7222c3e08581e4219?s=96&d=mm&r=g","contentUrl":"https:\/\/secure.gravatar.com\/avatar\/9a839884f24513d8bf063a907c74d8d2483fb1c4bbbf7cf7222c3e08581e4219?s=96&d=mm&r=g","caption":"Andrea Brumana"},"url":"https:\/\/www.planetel.it\/en\/author\/a-brumana\/"}]}},"_links":{"self":[{"href":"https:\/\/www.planetel.it\/en\/wp-json\/wp\/v2\/posts\/14780","targetHints":{"allow":["GET"]}}],"collection":[{"href":"https:\/\/www.planetel.it\/en\/wp-json\/wp\/v2\/posts"}],"about":[{"href":"https:\/\/www.planetel.it\/en\/wp-json\/wp\/v2\/types\/post"}],"author":[{"embeddable":true,"href":"https:\/\/www.planetel.it\/en\/wp-json\/wp\/v2\/users\/4"}],"replies":[{"embeddable":true,"href":"https:\/\/www.planetel.it\/en\/wp-json\/wp\/v2\/comments?post=14780"}],"version-history":[{"count":1,"href":"https:\/\/www.planetel.it\/en\/wp-json\/wp\/v2\/posts\/14780\/revisions"}],"predecessor-version":[{"id":14785,"href":"https:\/\/www.planetel.it\/en\/wp-json\/wp\/v2\/posts\/14780\/revisions\/14785"}],"wp:featuredmedia":[{"embeddable":true,"href":"https:\/\/www.planetel.it\/en\/wp-json\/wp\/v2\/media\/14786"}],"wp:attachment":[{"href":"https:\/\/www.planetel.it\/en\/wp-json\/wp\/v2\/media?parent=14780"}],"wp:term":[{"taxonomy":"category","embeddable":true,"href":"https:\/\/www.planetel.it\/en\/wp-json\/wp\/v2\/categories?post=14780"},{"taxonomy":"post_tag","embeddable":true,"href":"https:\/\/www.planetel.it\/en\/wp-json\/wp\/v2\/tags?post=14780"},{"taxonomy":"service_category","embeddable":true,"href":"https:\/\/www.planetel.it\/en\/wp-json\/wp\/v2\/service_category?post=14780"}],"curies":[{"name":"wp","href":"https:\/\/api.w.org\/{rel}","templated":true}]}}