{"id":14787,"date":"2023-11-30T11:13:51","date_gmt":"2023-11-30T10:13:51","guid":{"rendered":"http:\/\/www.planetel.it\/2023\/11\/alla-scoperta-dei-planetel-point-tutto-ufficio\/"},"modified":"2024-06-21T15:25:01","modified_gmt":"2024-06-21T13:25:01","slug":"alla-scoperta-dei-planetel-point-tutto-ufficio","status":"publish","type":"post","link":"https:\/\/www.planetel.it\/en\/2023\/11\/alla-scoperta-dei-planetel-point-tutto-ufficio\/","title":{"rendered":"Alla scoperta dei Planetel point \u2013 Tutto Ufficio"},"content":{"rendered":"<p>Il nostro percorso tra i Planetel Point si espande a ovest, superando l\u2019Adda e toccando per la prima volta la provincia di Milano, seppur nella sua porzione di confine con la bergamasca. Ad accoglierci c\u2019\u00e8 la <strong>famiglia Rocca<\/strong>, in particolare Alessandro, pronto e disponibile a spiegarci la storia di <strong>Tutto Ufficio S.r.l.<\/strong> e a illustrarci le caratteristiche di questa dinamica realt\u00e0. Nello specifico ci troviamo a <strong>Trezzo sull\u2019Adda<\/strong>, un\u2019area di collegamento tra i territori di Bergamo e Milano che rispecchia l\u2019impegno e la volont\u00e0 da parte di Planetel di investire nelle zone del capoluogo e della Brianza da un punto di vista sia infrastrutturale sia di awareness.<\/p>\n<h2><strong>Tutto Ufficio: soluzioni per il B2B con uno sguardo ai privati<\/strong><\/h2>\n<p>Tutto Ufficio S.r.l. \u00e8, sostanzialmente, un modello da seguire per le piccole aziende che ambiscono a diventare grandi. La loro storia, infatti, racconta di un successo che parte da lontano, pi\u00f9 di trent\u2019anni fa, in un garage, con una manciata di dipendenti. Oggi \u00e8 una forte ed affermata realt\u00e0 del territorio, con centinaia di clienti e un portafoglio d\u2019offerta che spazia su tutto il panorama tech office. Ciliegina sulla torta la nuova sede, inaugurata nel 2021 ed esibita con orgoglio in tutti i suoi spazi.<\/p>\n<p>Il segreto di Tutto Ufficio risiede in una <strong>filosofia che coltiva la competenza, la professionalit\u00e0<\/strong> e<strong> la formazione<\/strong> continua di tutti i loro collaboratori. Grazie a ci\u00f2 questo Point pu\u00f2 vantare un\u2019ottima reputazione, la fiducia dei clienti nella loro assistenza tecnica e un\u2019ampia gamma di soluzioni per quanto riguarda l\u2019informatica, la sicurezza, la stampa e i software, oltre a tutta una serie di altri prodotti e servizi per aziende e privati.<\/p>\n<p>Infine, Tutto Ufficio possiede un reparto dedicato che propone soluzioni a noleggio, ossia un servizio interessante pensato per coloro che prediligono l&#8217;uso &#8220;pay per use&#8221; delle attrezzature piuttosto che il loro definitivo acquisto.<\/p>\n<p style=\"text-align: center;\"><iframe loading=\"lazy\" src=\"\/\/www.youtube.com\/embed\/JV0d2_jECJ4\" width=\"560\" height=\"314\" allowfullscreen=\"allowfullscreen\"><\/iframe><\/p>\n<h2><strong>Planetel e Tutto Ufficio uniti dalla qualit\u00e0 dei prodotti e dalla vicinanza al cliente<\/strong><\/h2>\n<p>La collaborazione tra Planetel e Tutto Ufficio \u00e8 la naturale conseguenza della condivisione di <strong>valori e prospettive comuni<\/strong>. In primo luogo, per entrambe le aziende gioca un ruolo fondamentale la <strong>vicinanza al cliente<\/strong>, intesa sia dal punto di vista dell\u2019assistenza post vendita sia dal punto di vista della capacit\u00e0 di rispondere alle esigenze specifiche del cliente stesso. Conquistare la fiducia del cliente significa metterci la faccia e guidarlo con competenza e professionalit\u00e0. In secondo luogo, \u00e8 essenziale tanto per Planetel quanto per Tutto Ufficio proporre <strong>soluzioni affidabili e di qualit\u00e0<\/strong>. In questo senso, la famiglia Rocca ha deciso di affidarsi proprio a noi di Planetel per cablare in Fibra la loro nuova sede, consapevoli di poter contare su un servizio veloce, performante ed efficiente.<\/p>\n<h2><strong>Qualche dettaglio in pi\u00f9<\/strong><\/h2>\n<p>Tutto Ufficio \u00e8 un Planetel Point situato a Trezzo sull\u2019Adda (MI), in Via Guido Rossa, 2.<\/p>\n<p>Per ulteriori informazioni, visitate il loro <a href=\"https:\/\/www.tutto-ufficio.it\/\" target=\"_blank\" rel=\"noopener\">sito web<\/a>.<\/p>\n<p><iframe loading=\"lazy\" style=\"border: 0;\" src=\"https:\/\/www.google.com\/maps\/embed?pb=!1m18!1m12!1m3!1d2790.9151055667826!2d9.501172276282098!3d45.612349971076746!2m3!1f0!2f0!3f0!3m2!1i1024!2i768!4f13.1!3m3!1m2!1s0x47814cc8fa86f06d%3A0x416f8fe103d5e9e2!2sTutto%20Ufficio%20Srl!5e0!3m2!1sit!2sit!4v1701342566178!5m2!1sit!2sit\" width=\"600\" height=\"450\" allowfullscreen=\"allowfullscreen\"><\/iframe><\/p>\n","protected":false},"excerpt":{"rendered":"<p>Il nostro percorso tra i Planetel Point si espande a ovest, superando l\u2019Adda e toccando per la prima volta la provincia di Milano, seppur nella sua porzione di confine con la bergamasca. Ad accoglierci c\u2019\u00e8 la famiglia Rocca, in particolare Alessandro, pronto e disponibile a spiegarci la storia di Tutto Ufficio S.r.l. e a illustrarci [&hellip;]<\/p>\n","protected":false},"author":4,"featured_media":14788,"comment_status":"closed","ping_status":"closed","sticky":false,"template":"","format":"standard","meta":{"_acf_changed":false,"footnotes":""},"categories":[692,693,695,716,717,672],"tags":[537,536,358,379,535,464],"service_category":[312],"class_list":["post-14787","post","type-post","status-publish","format-standard","has-post-thumbnail","hentry","category-connettivita-fibra-ottica","category-connettivita-radio-wireless","category-telefonia","category-privati","category-attivita-commerciali","category-planetel","tag-tutto-ufficio","tag-trezzo-sulladda","tag-planetel","tag-fibra-ottica","tag-milano","tag-bergamo","service_category-telecomunicazioni"],"acf":[],"yoast_head":"<!-- This site is optimized with the Yoast SEO plugin v27.3 - https:\/\/yoast.com\/product\/yoast-seo-wordpress\/ -->\n<title>Alla scoperta dei Planetel point \u2013 Tutto Ufficio<\/title>\n<meta name=\"description\" content=\"Il viaggio tra i Planetel Point si sposta nel milanese, in particolare a Trezzo sull&#039;Adda nel negozio Tutto Ufficio della famiglia Rocca\" \/>\n<meta name=\"robots\" content=\"index, follow, max-snippet:-1, max-image-preview:large, max-video-preview:-1\" \/>\n<link rel=\"canonical\" href=\"https:\/\/www.planetel.it\/en\/2023\/11\/alla-scoperta-dei-planetel-point-tutto-ufficio\/\" \/>\n<meta property=\"og:locale\" content=\"en_US\" \/>\n<meta property=\"og:type\" content=\"article\" \/>\n<meta property=\"og:title\" content=\"Alla scoperta dei Planetel point \u2013 Tutto Ufficio\" \/>\n<meta property=\"og:description\" content=\"Il viaggio tra i Planetel Point si sposta nel milanese, in particolare a Trezzo sull&#039;Adda nel negozio Tutto Ufficio della famiglia Rocca\" \/>\n<meta property=\"og:url\" content=\"https:\/\/www.planetel.it\/en\/2023\/11\/alla-scoperta-dei-planetel-point-tutto-ufficio\/\" \/>\n<meta property=\"og:site_name\" content=\"Planetel\" \/>\n<meta property=\"article:publisher\" content=\"https:\/\/www.facebook.com\/planetelspa\" \/>\n<meta property=\"article:published_time\" content=\"2023-11-30T10:13:51+00:00\" \/>\n<meta property=\"article:modified_time\" content=\"2024-06-21T13:25:01+00:00\" \/>\n<meta property=\"og:image\" content=\"https:\/\/preprod-www.planetel.it\/wp-content\/uploads\/2024\/05\/MicrosoftTeams-image.png\" \/>\n\t<meta property=\"og:image:width\" content=\"1200\" \/>\n\t<meta property=\"og:image:height\" content=\"630\" \/>\n\t<meta property=\"og:image:type\" content=\"image\/png\" \/>\n<meta name=\"twitter:card\" content=\"summary_large_image\" \/>\n<meta name=\"twitter:label1\" content=\"Written by\" \/>\n\t<meta name=\"twitter:data1\" content=\"Andrea Brumana\" \/>\n\t<meta name=\"twitter:label2\" content=\"Est. reading time\" \/>\n\t<meta name=\"twitter:data2\" content=\"3 minutes\" \/>\n<script type=\"application\/ld+json\" class=\"yoast-schema-graph\">{\"@context\":\"https:\\\/\\\/schema.org\",\"@graph\":[{\"@type\":\"Article\",\"@id\":\"https:\\\/\\\/www.planetel.it\\\/en\\\/2023\\\/11\\\/alla-scoperta-dei-planetel-point-tutto-ufficio\\\/#article\",\"isPartOf\":{\"@id\":\"https:\\\/\\\/www.planetel.it\\\/en\\\/2023\\\/11\\\/alla-scoperta-dei-planetel-point-tutto-ufficio\\\/\"},\"author\":{\"name\":\"Andrea Brumana\",\"@id\":\"https:\\\/\\\/www.planetel.it\\\/en\\\/#\\\/schema\\\/person\\\/8e74703d23ff222042246a845bb004fa\"},\"headline\":\"Alla scoperta dei Planetel point \u2013 Tutto Ufficio\",\"datePublished\":\"2023-11-30T10:13:51+00:00\",\"dateModified\":\"2024-06-21T13:25:01+00:00\",\"mainEntityOfPage\":{\"@id\":\"https:\\\/\\\/www.planetel.it\\\/en\\\/2023\\\/11\\\/alla-scoperta-dei-planetel-point-tutto-ufficio\\\/\"},\"wordCount\":490,\"publisher\":{\"@id\":\"https:\\\/\\\/www.planetel.it\\\/en\\\/#organization\"},\"image\":{\"@id\":\"https:\\\/\\\/www.planetel.it\\\/en\\\/2023\\\/11\\\/alla-scoperta-dei-planetel-point-tutto-ufficio\\\/#primaryimage\"},\"thumbnailUrl\":\"https:\\\/\\\/www.planetel.it\\\/wp-content\\\/uploads\\\/2024\\\/05\\\/MicrosoftTeams-image.png\",\"keywords\":[\"Tutto Ufficio\",\"Trezzo sull'Adda\",\"Planetel\",\"Fibra ottica\",\"Milano\",\"bergamo\"],\"articleSection\":[\"Connettivit\u00e0 Fibra ottica\",\"Connettivit\u00e0 Radio (Wireless)\",\"Telefonia\",\"Privati\",\"Attivit\u00e0 commerciali\",\"Planetel\"],\"inLanguage\":\"en-US\"},{\"@type\":\"WebPage\",\"@id\":\"https:\\\/\\\/www.planetel.it\\\/en\\\/2023\\\/11\\\/alla-scoperta-dei-planetel-point-tutto-ufficio\\\/\",\"url\":\"https:\\\/\\\/www.planetel.it\\\/en\\\/2023\\\/11\\\/alla-scoperta-dei-planetel-point-tutto-ufficio\\\/\",\"name\":\"Alla scoperta dei Planetel point \u2013 Tutto Ufficio\",\"isPartOf\":{\"@id\":\"https:\\\/\\\/www.planetel.it\\\/en\\\/#website\"},\"primaryImageOfPage\":{\"@id\":\"https:\\\/\\\/www.planetel.it\\\/en\\\/2023\\\/11\\\/alla-scoperta-dei-planetel-point-tutto-ufficio\\\/#primaryimage\"},\"image\":{\"@id\":\"https:\\\/\\\/www.planetel.it\\\/en\\\/2023\\\/11\\\/alla-scoperta-dei-planetel-point-tutto-ufficio\\\/#primaryimage\"},\"thumbnailUrl\":\"https:\\\/\\\/www.planetel.it\\\/wp-content\\\/uploads\\\/2024\\\/05\\\/MicrosoftTeams-image.png\",\"datePublished\":\"2023-11-30T10:13:51+00:00\",\"dateModified\":\"2024-06-21T13:25:01+00:00\",\"description\":\"Il viaggio tra i Planetel Point si sposta nel milanese, in particolare a Trezzo sull'Adda nel negozio Tutto Ufficio della famiglia Rocca\",\"breadcrumb\":{\"@id\":\"https:\\\/\\\/www.planetel.it\\\/en\\\/2023\\\/11\\\/alla-scoperta-dei-planetel-point-tutto-ufficio\\\/#breadcrumb\"},\"inLanguage\":\"en-US\",\"potentialAction\":[{\"@type\":\"ReadAction\",\"target\":[\"https:\\\/\\\/www.planetel.it\\\/en\\\/2023\\\/11\\\/alla-scoperta-dei-planetel-point-tutto-ufficio\\\/\"]}]},{\"@type\":\"ImageObject\",\"inLanguage\":\"en-US\",\"@id\":\"https:\\\/\\\/www.planetel.it\\\/en\\\/2023\\\/11\\\/alla-scoperta-dei-planetel-point-tutto-ufficio\\\/#primaryimage\",\"url\":\"https:\\\/\\\/www.planetel.it\\\/wp-content\\\/uploads\\\/2024\\\/05\\\/MicrosoftTeams-image.png\",\"contentUrl\":\"https:\\\/\\\/www.planetel.it\\\/wp-content\\\/uploads\\\/2024\\\/05\\\/MicrosoftTeams-image.png\",\"width\":1200,\"height\":630,\"caption\":\"Tutto Ufficio\"},{\"@type\":\"BreadcrumbList\",\"@id\":\"https:\\\/\\\/www.planetel.it\\\/en\\\/2023\\\/11\\\/alla-scoperta-dei-planetel-point-tutto-ufficio\\\/#breadcrumb\",\"itemListElement\":[{\"@type\":\"ListItem\",\"position\":1,\"name\":\"Home\",\"item\":\"https:\\\/\\\/www.planetel.it\\\/en\\\/\"},{\"@type\":\"ListItem\",\"position\":2,\"name\":\"Servizi\",\"item\":\"https:\\\/\\\/www.planetel.it\\\/news\\\/blog\\\/categoria\\\/servizi\\\/\"},{\"@type\":\"ListItem\",\"position\":3,\"name\":\"Connettivit\u00e0 Fibra ottica\",\"item\":\"https:\\\/\\\/www.planetel.it\\\/news\\\/blog\\\/categoria\\\/connettivita-fibra-ottica\\\/\"},{\"@type\":\"ListItem\",\"position\":4,\"name\":\"Alla scoperta dei Planetel point \u2013 Tutto Ufficio\"}]},{\"@type\":\"WebSite\",\"@id\":\"https:\\\/\\\/www.planetel.it\\\/en\\\/#website\",\"url\":\"https:\\\/\\\/www.planetel.it\\\/en\\\/\",\"name\":\"Planetel\",\"description\":\"Pi\u00f9 che una connessione\",\"publisher\":{\"@id\":\"https:\\\/\\\/www.planetel.it\\\/en\\\/#organization\"},\"potentialAction\":[{\"@type\":\"SearchAction\",\"target\":{\"@type\":\"EntryPoint\",\"urlTemplate\":\"https:\\\/\\\/www.planetel.it\\\/en\\\/?s={search_term_string}\"},\"query-input\":{\"@type\":\"PropertyValueSpecification\",\"valueRequired\":true,\"valueName\":\"search_term_string\"}}],\"inLanguage\":\"en-US\"},{\"@type\":\"Organization\",\"@id\":\"https:\\\/\\\/www.planetel.it\\\/en\\\/#organization\",\"name\":\"Planetel S.p.A.\",\"url\":\"https:\\\/\\\/www.planetel.it\\\/en\\\/\",\"logo\":{\"@type\":\"ImageObject\",\"inLanguage\":\"en-US\",\"@id\":\"https:\\\/\\\/www.planetel.it\\\/en\\\/#\\\/schema\\\/logo\\\/image\\\/\",\"url\":\"https:\\\/\\\/www.planetel.it\\\/wp-content\\\/uploads\\\/2024\\\/04\\\/logo-group-planetel.svg\",\"contentUrl\":\"https:\\\/\\\/www.planetel.it\\\/wp-content\\\/uploads\\\/2024\\\/04\\\/logo-group-planetel.svg\",\"width\":1,\"height\":1,\"caption\":\"Planetel S.p.A.\"},\"image\":{\"@id\":\"https:\\\/\\\/www.planetel.it\\\/en\\\/#\\\/schema\\\/logo\\\/image\\\/\"},\"sameAs\":[\"https:\\\/\\\/www.facebook.com\\\/planetelspa\",\"https:\\\/\\\/www.linkedin.com\\\/company\\\/planetel\",\"https:\\\/\\\/www.instagram.com\\\/planetelspa\"]},{\"@type\":\"Person\",\"@id\":\"https:\\\/\\\/www.planetel.it\\\/en\\\/#\\\/schema\\\/person\\\/8e74703d23ff222042246a845bb004fa\",\"name\":\"Andrea Brumana\",\"image\":{\"@type\":\"ImageObject\",\"inLanguage\":\"en-US\",\"@id\":\"https:\\\/\\\/secure.gravatar.com\\\/avatar\\\/9a839884f24513d8bf063a907c74d8d2483fb1c4bbbf7cf7222c3e08581e4219?s=96&d=mm&r=g\",\"url\":\"https:\\\/\\\/secure.gravatar.com\\\/avatar\\\/9a839884f24513d8bf063a907c74d8d2483fb1c4bbbf7cf7222c3e08581e4219?s=96&d=mm&r=g\",\"contentUrl\":\"https:\\\/\\\/secure.gravatar.com\\\/avatar\\\/9a839884f24513d8bf063a907c74d8d2483fb1c4bbbf7cf7222c3e08581e4219?s=96&d=mm&r=g\",\"caption\":\"Andrea Brumana\"},\"url\":\"https:\\\/\\\/www.planetel.it\\\/en\\\/author\\\/a-brumana\\\/\"}]}<\/script>\n<!-- \/ Yoast SEO plugin. -->","yoast_head_json":{"title":"Alla scoperta dei Planetel point \u2013 Tutto Ufficio","description":"Il viaggio tra i Planetel Point si sposta nel milanese, in particolare a Trezzo sull'Adda nel negozio Tutto Ufficio della famiglia Rocca","robots":{"index":"index","follow":"follow","max-snippet":"max-snippet:-1","max-image-preview":"max-image-preview:large","max-video-preview":"max-video-preview:-1"},"canonical":"https:\/\/www.planetel.it\/en\/2023\/11\/alla-scoperta-dei-planetel-point-tutto-ufficio\/","og_locale":"en_US","og_type":"article","og_title":"Alla scoperta dei Planetel point \u2013 Tutto Ufficio","og_description":"Il viaggio tra i Planetel Point si sposta nel milanese, in particolare a Trezzo sull'Adda nel negozio Tutto Ufficio della famiglia Rocca","og_url":"https:\/\/www.planetel.it\/en\/2023\/11\/alla-scoperta-dei-planetel-point-tutto-ufficio\/","og_site_name":"Planetel","article_publisher":"https:\/\/www.facebook.com\/planetelspa","article_published_time":"2023-11-30T10:13:51+00:00","article_modified_time":"2024-06-21T13:25:01+00:00","og_image":[{"width":1200,"height":630,"url":"https:\/\/preprod-www.planetel.it\/wp-content\/uploads\/2024\/05\/MicrosoftTeams-image.png","type":"image\/png"}],"twitter_card":"summary_large_image","twitter_misc":{"Written by":"Andrea Brumana","Est. reading time":"3 minutes"},"schema":{"@context":"https:\/\/schema.org","@graph":[{"@type":"Article","@id":"https:\/\/www.planetel.it\/en\/2023\/11\/alla-scoperta-dei-planetel-point-tutto-ufficio\/#article","isPartOf":{"@id":"https:\/\/www.planetel.it\/en\/2023\/11\/alla-scoperta-dei-planetel-point-tutto-ufficio\/"},"author":{"name":"Andrea Brumana","@id":"https:\/\/www.planetel.it\/en\/#\/schema\/person\/8e74703d23ff222042246a845bb004fa"},"headline":"Alla scoperta dei Planetel point \u2013 Tutto Ufficio","datePublished":"2023-11-30T10:13:51+00:00","dateModified":"2024-06-21T13:25:01+00:00","mainEntityOfPage":{"@id":"https:\/\/www.planetel.it\/en\/2023\/11\/alla-scoperta-dei-planetel-point-tutto-ufficio\/"},"wordCount":490,"publisher":{"@id":"https:\/\/www.planetel.it\/en\/#organization"},"image":{"@id":"https:\/\/www.planetel.it\/en\/2023\/11\/alla-scoperta-dei-planetel-point-tutto-ufficio\/#primaryimage"},"thumbnailUrl":"https:\/\/www.planetel.it\/wp-content\/uploads\/2024\/05\/MicrosoftTeams-image.png","keywords":["Tutto Ufficio","Trezzo sull'Adda","Planetel","Fibra ottica","Milano","bergamo"],"articleSection":["Connettivit\u00e0 Fibra ottica","Connettivit\u00e0 Radio (Wireless)","Telefonia","Privati","Attivit\u00e0 commerciali","Planetel"],"inLanguage":"en-US"},{"@type":"WebPage","@id":"https:\/\/www.planetel.it\/en\/2023\/11\/alla-scoperta-dei-planetel-point-tutto-ufficio\/","url":"https:\/\/www.planetel.it\/en\/2023\/11\/alla-scoperta-dei-planetel-point-tutto-ufficio\/","name":"Alla scoperta dei Planetel point \u2013 Tutto Ufficio","isPartOf":{"@id":"https:\/\/www.planetel.it\/en\/#website"},"primaryImageOfPage":{"@id":"https:\/\/www.planetel.it\/en\/2023\/11\/alla-scoperta-dei-planetel-point-tutto-ufficio\/#primaryimage"},"image":{"@id":"https:\/\/www.planetel.it\/en\/2023\/11\/alla-scoperta-dei-planetel-point-tutto-ufficio\/#primaryimage"},"thumbnailUrl":"https:\/\/www.planetel.it\/wp-content\/uploads\/2024\/05\/MicrosoftTeams-image.png","datePublished":"2023-11-30T10:13:51+00:00","dateModified":"2024-06-21T13:25:01+00:00","description":"Il viaggio tra i Planetel Point si sposta nel milanese, in particolare a Trezzo sull'Adda nel negozio Tutto Ufficio della famiglia Rocca","breadcrumb":{"@id":"https:\/\/www.planetel.it\/en\/2023\/11\/alla-scoperta-dei-planetel-point-tutto-ufficio\/#breadcrumb"},"inLanguage":"en-US","potentialAction":[{"@type":"ReadAction","target":["https:\/\/www.planetel.it\/en\/2023\/11\/alla-scoperta-dei-planetel-point-tutto-ufficio\/"]}]},{"@type":"ImageObject","inLanguage":"en-US","@id":"https:\/\/www.planetel.it\/en\/2023\/11\/alla-scoperta-dei-planetel-point-tutto-ufficio\/#primaryimage","url":"https:\/\/www.planetel.it\/wp-content\/uploads\/2024\/05\/MicrosoftTeams-image.png","contentUrl":"https:\/\/www.planetel.it\/wp-content\/uploads\/2024\/05\/MicrosoftTeams-image.png","width":1200,"height":630,"caption":"Tutto Ufficio"},{"@type":"BreadcrumbList","@id":"https:\/\/www.planetel.it\/en\/2023\/11\/alla-scoperta-dei-planetel-point-tutto-ufficio\/#breadcrumb","itemListElement":[{"@type":"ListItem","position":1,"name":"Home","item":"https:\/\/www.planetel.it\/en\/"},{"@type":"ListItem","position":2,"name":"Servizi","item":"https:\/\/www.planetel.it\/news\/blog\/categoria\/servizi\/"},{"@type":"ListItem","position":3,"name":"Connettivit\u00e0 Fibra ottica","item":"https:\/\/www.planetel.it\/news\/blog\/categoria\/connettivita-fibra-ottica\/"},{"@type":"ListItem","position":4,"name":"Alla scoperta dei Planetel point \u2013 Tutto Ufficio"}]},{"@type":"WebSite","@id":"https:\/\/www.planetel.it\/en\/#website","url":"https:\/\/www.planetel.it\/en\/","name":"Planetel","description":"Pi\u00f9 che una connessione","publisher":{"@id":"https:\/\/www.planetel.it\/en\/#organization"},"potentialAction":[{"@type":"SearchAction","target":{"@type":"EntryPoint","urlTemplate":"https:\/\/www.planetel.it\/en\/?s={search_term_string}"},"query-input":{"@type":"PropertyValueSpecification","valueRequired":true,"valueName":"search_term_string"}}],"inLanguage":"en-US"},{"@type":"Organization","@id":"https:\/\/www.planetel.it\/en\/#organization","name":"Planetel S.p.A.","url":"https:\/\/www.planetel.it\/en\/","logo":{"@type":"ImageObject","inLanguage":"en-US","@id":"https:\/\/www.planetel.it\/en\/#\/schema\/logo\/image\/","url":"https:\/\/www.planetel.it\/wp-content\/uploads\/2024\/04\/logo-group-planetel.svg","contentUrl":"https:\/\/www.planetel.it\/wp-content\/uploads\/2024\/04\/logo-group-planetel.svg","width":1,"height":1,"caption":"Planetel S.p.A."},"image":{"@id":"https:\/\/www.planetel.it\/en\/#\/schema\/logo\/image\/"},"sameAs":["https:\/\/www.facebook.com\/planetelspa","https:\/\/www.linkedin.com\/company\/planetel","https:\/\/www.instagram.com\/planetelspa"]},{"@type":"Person","@id":"https:\/\/www.planetel.it\/en\/#\/schema\/person\/8e74703d23ff222042246a845bb004fa","name":"Andrea Brumana","image":{"@type":"ImageObject","inLanguage":"en-US","@id":"https:\/\/secure.gravatar.com\/avatar\/9a839884f24513d8bf063a907c74d8d2483fb1c4bbbf7cf7222c3e08581e4219?s=96&d=mm&r=g","url":"https:\/\/secure.gravatar.com\/avatar\/9a839884f24513d8bf063a907c74d8d2483fb1c4bbbf7cf7222c3e08581e4219?s=96&d=mm&r=g","contentUrl":"https:\/\/secure.gravatar.com\/avatar\/9a839884f24513d8bf063a907c74d8d2483fb1c4bbbf7cf7222c3e08581e4219?s=96&d=mm&r=g","caption":"Andrea Brumana"},"url":"https:\/\/www.planetel.it\/en\/author\/a-brumana\/"}]}},"_links":{"self":[{"href":"https:\/\/www.planetel.it\/en\/wp-json\/wp\/v2\/posts\/14787","targetHints":{"allow":["GET"]}}],"collection":[{"href":"https:\/\/www.planetel.it\/en\/wp-json\/wp\/v2\/posts"}],"about":[{"href":"https:\/\/www.planetel.it\/en\/wp-json\/wp\/v2\/types\/post"}],"author":[{"embeddable":true,"href":"https:\/\/www.planetel.it\/en\/wp-json\/wp\/v2\/users\/4"}],"replies":[{"embeddable":true,"href":"https:\/\/www.planetel.it\/en\/wp-json\/wp\/v2\/comments?post=14787"}],"version-history":[{"count":1,"href":"https:\/\/www.planetel.it\/en\/wp-json\/wp\/v2\/posts\/14787\/revisions"}],"predecessor-version":[{"id":17693,"href":"https:\/\/www.planetel.it\/en\/wp-json\/wp\/v2\/posts\/14787\/revisions\/17693"}],"wp:featuredmedia":[{"embeddable":true,"href":"https:\/\/www.planetel.it\/en\/wp-json\/wp\/v2\/media\/14788"}],"wp:attachment":[{"href":"https:\/\/www.planetel.it\/en\/wp-json\/wp\/v2\/media?parent=14787"}],"wp:term":[{"taxonomy":"category","embeddable":true,"href":"https:\/\/www.planetel.it\/en\/wp-json\/wp\/v2\/categories?post=14787"},{"taxonomy":"post_tag","embeddable":true,"href":"https:\/\/www.planetel.it\/en\/wp-json\/wp\/v2\/tags?post=14787"},{"taxonomy":"service_category","embeddable":true,"href":"https:\/\/www.planetel.it\/en\/wp-json\/wp\/v2\/service_category?post=14787"}],"curies":[{"name":"wp","href":"https:\/\/api.w.org\/{rel}","templated":true}]}}