{"id":20318,"date":"2024-06-14T10:32:14","date_gmt":"2024-06-14T08:32:14","guid":{"rendered":"https:\/\/www.planetel.it\/?p=20318"},"modified":"2024-07-19T10:49:06","modified_gmt":"2024-07-19T08:49:06","slug":"il-ruolo-della-fibra-ottica-e-dellefficienza-energetica-nella-sostenibilita-ambientale","status":"publish","type":"post","link":"https:\/\/www.planetel.it\/en\/2024\/06\/il-ruolo-della-fibra-ottica-e-dellefficienza-energetica-nella-sostenibilita-ambientale\/","title":{"rendered":"Il Ruolo della Fibra Ottica e dell&#8217;Efficienza Energetica nella Sostenibilit\u00e0 Ambientale"},"content":{"rendered":"\n<p>Nel contesto di mercato attuale cos\u00ec complesso e, per certi versi, esigente, in cui la <strong>sostenibilit\u00e0 ambientale<\/strong> rappresenta una delle principali priorit\u00e0 globali agli occhi sia di aziende sia di consumatori, settori chiave come quello delle telecomunicazioni giocano un ruolo fondamentale nel veicolare e promuovere pratiche eco-sostenibili. In questo articolo, quindi, cercheremo di esplorare le sfide che gli operatori TLC si trovano, oggi, ad affrontare e analizzeremo le modalit\u00e0 attraverso cui la <strong>Fibra ottica<\/strong> e l&#8217;<strong>efficienza energetica<\/strong> guidano il processo di digitalizzazione verso l\u2019obiettivo della sostenibilit\u00e0 ambientale.<\/p>\n\n\n<h2 class=\"wp-block-heading\" id=\"la-fibra-ottica-una-tecnologia-sostenibile-per-le-comunicazioni\"><strong>La Fibra Ottica: Una Tecnologia Sostenibile per le Comunicazioni<\/strong><\/h2>\n\n\n<p>Come sappiamo, la tecnologia di <strong><a href=\"https:\/\/www.planetel.it\/servizi\/telecomunicazioni\/connettivita-fibra-ottica\/\">connettivit\u00e0 in Fibra ottica<\/a><\/strong> sta progressivamente monopolizzando le infrastrutture di comunicazione grazie alla sua eccezionale capacit\u00e0 di trasportare grandi quantit\u00e0 di dati a distanze considerevoli e in tempi, di fatto, immediati. In aggiunta, garantisce prestazioni superiori ai tradizionali cavi in rame in termini sia di qualit\u00e0 della linea che di semplice velocit\u00e0, dal momento che utilizza la luce per trasmettere segnali, riducendo cos\u00ec al minimo la perdita di efficacia lungo il percorso. Ad ogni modo, al di l\u00e0 delle sottolineature tecniche, il valore aggiunto di questa tecnologia \u00e8 insito nella sua compatibilit\u00e0 con le dinamiche di <strong>riduzione della CO2<\/strong>, di <strong>connettivit\u00e0 eco-friendly<\/strong> e di <strong>banda larga sostenibile<\/strong>, poich\u00e9 \u00e8 in grado di abbinare innovazione tecnologica, prestazioni superiori e attenzione all\u2019ambiente.<\/p>\n\n\n<h3 class=\"wp-block-heading\" id=\"la-fibra-ottica-come-alternativa-sostenibile-alle-infrastrutture-tradizionali\"><strong>La Fibra Ottica come Alternativa Sostenibile alle Infrastrutture Tradizionali<\/strong><\/h3>\n\n\n<p>Dal report \u201c<em>Tmt predictions<\/em>\u201d redatto da Deloitte e pubblicato su Network Digital 360, il 2024 confermer\u00e0 il trend positivo delle Telecomunicazioni per quanto riguarda la sostenibilit\u00e0, vedendo abbassate di ulteriori due punti percentuali le emissioni di carbonio, pari a circa 15 milioni di tonnellate di anidride carbonica equivalente. A trainare questo processo \u00e8 indubbiamente il progressivo passaggio dalle reti di cavi in rame alla <strong>Fibra ottica<\/strong> ad alta efficienza energetica. Di base, infatti, rispetto alle infrastrutture basate sul rame, la Fibra ottica richiede meno manutenzione e sostituzione nel tempo, riducendo l&#8217;impatto ambientale associato alla produzione e allo smaltimento dei materiali. Inoltre, grazie alla sua maggiore <strong>efficienza energetica<\/strong>, contribuisce a ridurre notevolmente il consumo complessivo di energia. A completare il quadro della \u201csvolta green\u201d del settore delle Telecomunicazioni, si collocano poi tutta una serie di ulteriori azioni quali: lo smantellamento delle reti 3G ad alta intensit\u00e0 energetica, l\u2019elettrificazione delle flotte aziendali, il ricorso all\u2019intelligenza artificiale e all\u2019apprendimento automatico, l\u2019impiego di tecnologie di risparmio energetico nelle apparecchiature radio 5G.<\/p>\n\n\n<h3 class=\"wp-block-heading\" id=\"efficienza-energetica-la-via-per-una-telecomunicazione-sostenibile\"><strong>Efficienza Energetica: La Via per una Telecomunicazione Sostenibile<\/strong><\/h3>\n\n\n<p>Oltre alla<strong> Fibra ottica<\/strong>, un altro pilastro fondamentale nella dialettica tra sostenibilit\u00e0 ambientale e Telecomunicazioni \u00e8 l&#8217;efficienza energetica. Le aziende, in tal senso, stanno investendo sempre pi\u00f9 in tecnologie e pratiche volte a ridurre il consumo energetico delle loro infrastrutture. Questo include l&#8217;ottimizzazione dei <a href=\"https:\/\/www.planetel.it\/struttura-tecnica\/datacenter\/\">data center<\/a>, l&#8217;implementazione di sistemi di raffreddamento pi\u00f9 efficienti e l&#8217;uso di energie rinnovabili per alimentare le operazioni.<\/p>\n\n\n\n<p>L\u2019<strong>efficienza energetica<\/strong>, quindi, aiuta a ridurre l&#8217;impatto ambientale delle Telecomunicazioni e, al contempo, genera significativi risparmi economici a lungo termine per le aziende del settore. Gli investimenti in questa direzione, infatti, non solo favoriscono la <strong>sostenibilit\u00e0 ambientale<\/strong>, ma anche la redditivit\u00e0 e la competitivit\u00e0 delle aziende.<\/p>\n\n\n\n<p>\u00c8 un percorso, tuttavia, tanto significativo quanto difficile. Secondo Gsma, sono ancora molti gli ostacoli da superare. \u201c<em>L\u2019uso delle energie rinnovabili dipende da fattori che spesso sfuggono al controllo degli operatori, come il clima locale, il contesto normativo a livello nazionale, la disponibilit\u00e0 della rete e il prezzo dell\u2019energia rinnovabile<\/em>\u201d, spiega l\u2019associazione.<\/p>\n\n\n<h3 class=\"wp-block-heading\" id=\"telecomunicazioni-verdi-attraverso-leconomia-circolare\"><strong>\u201cTelecomunicazioni verdi\u201d attraverso l\u2019economia circolar<\/strong>e<\/h3>\n\n\n<p>Un\u2019ultima riflessione va fatta sul tema dell\u2019<strong>economia circolare<\/strong>, in particolare per ci\u00f2 che concerne l\u2019implementazione di pratiche sostenibili nella gestione dei dispositivi. Gli Operatori di Telecomunicazioni e i provider di reti devono, infatti, ambire al miglioramento dei processi di gestione del ciclo di vita dei prodotti, in virt\u00f9 dei quali, ad esempio, switch e router vengono ricondizionati, riutilizzati e riciclati. Come evidenzia CorCom, il sostegno a un\u2019economia circolare di questo tipo \u00e8 fondamentale per la riduzione della CO2 nel settore, insieme a tutta un\u2019altra serie di azioni indirizzate alla virtualizzazione, all\u2019utilizzo di componenti facili da riutilizzare, all\u2019interoperabilit\u00e0 con le tecnologie future nella progettazione, al ricorso a imballaggi compostabili o rinnovabili.<\/p>\n\n\n\n<p>Gli Operatori di Telecomunicazioni, pertanto, si trovano di fronte al complesso compito di armonizzare le prestazioni e l\u2019affidabilit\u00e0 della loro rete con le sfide della <strong>sostenibilit\u00e0<\/strong>.<\/p>\n\n\n<h2 class=\"wp-block-heading\" id=\"limpegno-di-planetel-per-la-riduzione-di-co2\"><strong>L\u2019impegno di Planetel per la riduzione di CO2<\/strong><\/h2>\n\n\n<p>Anche Planetel, in quanto Operatore nazionale nel settore delle Telecomunicazioni, sta lavorando quotidianamente per affrontare nel migliore dei modi le sfide che lo attendono nel presente e nel futuro in termini di <strong><a href=\"https:\/\/www.planetel.it\/il-nostro-impegno\/ambiente\/\">sostenibilit\u00e0<\/a><\/strong>.<\/p>\n\n\n\n<p>I fattori descritti in precedenza rappresentano punti che stiamo gi\u00e0 sviluppando e implementando, a partire dai significativi investimenti fatti sull\u2019<a href=\"https:\/\/www.planetel.it\/struttura-tecnica\/rete-in-fibra\/\">infrastruttura in Fibra ottica<\/a> per carcare di rendere la nostra offerta allo stesso tempo qualitativa e sostenibile. Ci\u00f2 significa progressiva valorizzazione della Fibra sul rame, materiali riciclati e riutilizzabili, costante innovazione tecnologica per l\u2019efficientamento energetico, installazione di sistemi di energia rinnovabile. Una <strong>sensibilit\u00e0 green<\/strong>, dunque, che si concretizza in azioni tangibili come quelle appena descritte e alle quali si aggiungono ulteriori elementi come l\u2019elettrificazione della flotta di auto aziendali in dotazione al personale e il sostegno alle varie iniziative territoriali improntate alla sostenibilit\u00e0.<\/p>\n\n\n\n<p>L\u2019ultima traduzione commerciale di questo impegno \u00e8 l\u2019offerta <strong>Full Home Green<\/strong> con la quale proponiamo al target privato un unico pacchetto che include la nostra linea internet in <strong>Fibra ottica<\/strong>, un <strong>dispositivo ricondizionato<\/strong> TrenDevice di qualit\u00e0 A+ e l\u2019assegnazione di un <strong>albero<\/strong> della foresta Planetel con Treedom.<\/p>\n\n\n\n<hr class=\"wp-block-separator has-alpha-channel-opacity\"\/>\n\n\n\n<p class=\"has-text-align-center\"><strong>Scegli l\u2019ambiente, scegli Full Home Green<\/strong><a id=\"_msocom_1\"><\/a><\/p>\n\n\n\n<div class=\"wp-block-buttons is-content-justification-center is-layout-flex wp-container-core-buttons-is-layout-16018d1d wp-block-buttons-is-layout-flex\">\n<div class=\"wp-block-button\"><a class=\"wp-block-button__link has-text-align-center wp-element-button\" href=\"https:\/\/fibra.planetel.it\/offerte-casa\/planetel-casa-green\/\"><strong>Attiva l&#8217;offerta<\/strong><\/a><\/div>\n<\/div>\n","protected":false},"excerpt":{"rendered":"<p>Nel contesto di mercato attuale cos\u00ec complesso e, per certi versi, esigente, in cui la sostenibilit\u00e0 ambientale rappresenta una delle principali priorit\u00e0 globali agli occhi sia di aziende sia di consumatori, settori chiave come quello delle telecomunicazioni giocano un ruolo fondamentale nel veicolare e promuovere pratiche eco-sostenibili. In questo articolo, quindi, cercheremo di esplorare le [&hellip;]<\/p>\n","protected":false},"author":4,"featured_media":20323,"comment_status":"closed","ping_status":"closed","sticky":false,"template":"","format":"standard","meta":{"_acf_changed":false,"footnotes":""},"categories":[690,692,716,730],"tags":[379,745,374,362,358],"service_category":[312],"class_list":["post-20318","post","type-post","status-publish","format-standard","has-post-thumbnail","hentry","category-servizi","category-connettivita-fibra-ottica","category-privati","category-ambiente","tag-fibra-ottica","tag-efficienza-energetica","tag-digitalizzazione","tag-sostenibilita","tag-planetel","service_category-telecomunicazioni"],"acf":[],"yoast_head":"<!-- This site is optimized with the Yoast SEO plugin v27.3 - https:\/\/yoast.com\/product\/yoast-seo-wordpress\/ -->\n<title>Fibra Ottica e Efficienza Energetica nella Sostenibilit\u00e0 Ambientale<\/title>\n<meta name=\"description\" content=\"Scopri come la Fibra ottica e l&#039;efficienza energetica stanno riducendo l&#039;impatto ambientale e promuovendo la sostenibilit\u00e0.\" \/>\n<meta name=\"robots\" content=\"index, follow, max-snippet:-1, max-image-preview:large, max-video-preview:-1\" \/>\n<link rel=\"canonical\" href=\"https:\/\/www.planetel.it\/en\/2024\/06\/il-ruolo-della-fibra-ottica-e-dellefficienza-energetica-nella-sostenibilita-ambientale\/\" \/>\n<meta property=\"og:locale\" content=\"en_US\" \/>\n<meta property=\"og:type\" content=\"article\" \/>\n<meta property=\"og:title\" content=\"Fibra Ottica e Efficienza Energetica nella Sostenibilit\u00e0 Ambientale\" \/>\n<meta property=\"og:description\" content=\"Scopri come la Fibra ottica e l&#039;efficienza energetica stanno riducendo l&#039;impatto ambientale e promuovendo la sostenibilit\u00e0.\" \/>\n<meta property=\"og:url\" content=\"https:\/\/www.planetel.it\/en\/2024\/06\/il-ruolo-della-fibra-ottica-e-dellefficienza-energetica-nella-sostenibilita-ambientale\/\" \/>\n<meta property=\"og:site_name\" content=\"Planetel\" \/>\n<meta property=\"article:publisher\" content=\"https:\/\/www.facebook.com\/planetelspa\" \/>\n<meta property=\"article:published_time\" content=\"2024-06-14T08:32:14+00:00\" \/>\n<meta property=\"article:modified_time\" content=\"2024-07-19T08:49:06+00:00\" \/>\n<meta property=\"og:image\" content=\"https:\/\/www.planetel.it\/wp-content\/uploads\/2024\/07\/448363199_1038956724686563_7045751846976855713_n.jpg\" \/>\n\t<meta property=\"og:image:width\" content=\"1200\" \/>\n\t<meta property=\"og:image:height\" content=\"630\" \/>\n\t<meta property=\"og:image:type\" content=\"image\/jpeg\" \/>\n<meta name=\"twitter:card\" content=\"summary_large_image\" \/>\n<meta name=\"twitter:label1\" content=\"Written by\" \/>\n\t<meta name=\"twitter:data1\" content=\"Andrea Brumana\" \/>\n\t<meta name=\"twitter:label2\" content=\"Est. reading time\" \/>\n\t<meta name=\"twitter:data2\" content=\"6 minutes\" \/>\n<script type=\"application\/ld+json\" class=\"yoast-schema-graph\">{\"@context\":\"https:\\\/\\\/schema.org\",\"@graph\":[{\"@type\":\"Article\",\"@id\":\"https:\\\/\\\/www.planetel.it\\\/en\\\/2024\\\/06\\\/il-ruolo-della-fibra-ottica-e-dellefficienza-energetica-nella-sostenibilita-ambientale\\\/#article\",\"isPartOf\":{\"@id\":\"https:\\\/\\\/www.planetel.it\\\/en\\\/2024\\\/06\\\/il-ruolo-della-fibra-ottica-e-dellefficienza-energetica-nella-sostenibilita-ambientale\\\/\"},\"author\":{\"name\":\"Andrea Brumana\",\"@id\":\"https:\\\/\\\/www.planetel.it\\\/en\\\/#\\\/schema\\\/person\\\/8e74703d23ff222042246a845bb004fa\"},\"headline\":\"Il Ruolo della Fibra Ottica e dell&#8217;Efficienza Energetica nella Sostenibilit\u00e0 Ambientale\",\"datePublished\":\"2024-06-14T08:32:14+00:00\",\"dateModified\":\"2024-07-19T08:49:06+00:00\",\"mainEntityOfPage\":{\"@id\":\"https:\\\/\\\/www.planetel.it\\\/en\\\/2024\\\/06\\\/il-ruolo-della-fibra-ottica-e-dellefficienza-energetica-nella-sostenibilita-ambientale\\\/\"},\"wordCount\":941,\"publisher\":{\"@id\":\"https:\\\/\\\/www.planetel.it\\\/en\\\/#organization\"},\"image\":{\"@id\":\"https:\\\/\\\/www.planetel.it\\\/en\\\/2024\\\/06\\\/il-ruolo-della-fibra-ottica-e-dellefficienza-energetica-nella-sostenibilita-ambientale\\\/#primaryimage\"},\"thumbnailUrl\":\"https:\\\/\\\/www.planetel.it\\\/wp-content\\\/uploads\\\/2024\\\/07\\\/448363199_1038956724686563_7045751846976855713_n.jpg\",\"keywords\":[\"Fibra ottica\",\"efficienza energetica\",\"digitalizzazione\",\"sostenibilit\u00e0\",\"Planetel\"],\"articleSection\":[\"Servizi\",\"Connettivit\u00e0 Fibra ottica\",\"Privati\",\"Ambiente\"],\"inLanguage\":\"en-US\"},{\"@type\":\"WebPage\",\"@id\":\"https:\\\/\\\/www.planetel.it\\\/en\\\/2024\\\/06\\\/il-ruolo-della-fibra-ottica-e-dellefficienza-energetica-nella-sostenibilita-ambientale\\\/\",\"url\":\"https:\\\/\\\/www.planetel.it\\\/en\\\/2024\\\/06\\\/il-ruolo-della-fibra-ottica-e-dellefficienza-energetica-nella-sostenibilita-ambientale\\\/\",\"name\":\"Fibra Ottica e Efficienza Energetica nella Sostenibilit\u00e0 Ambientale\",\"isPartOf\":{\"@id\":\"https:\\\/\\\/www.planetel.it\\\/en\\\/#website\"},\"primaryImageOfPage\":{\"@id\":\"https:\\\/\\\/www.planetel.it\\\/en\\\/2024\\\/06\\\/il-ruolo-della-fibra-ottica-e-dellefficienza-energetica-nella-sostenibilita-ambientale\\\/#primaryimage\"},\"image\":{\"@id\":\"https:\\\/\\\/www.planetel.it\\\/en\\\/2024\\\/06\\\/il-ruolo-della-fibra-ottica-e-dellefficienza-energetica-nella-sostenibilita-ambientale\\\/#primaryimage\"},\"thumbnailUrl\":\"https:\\\/\\\/www.planetel.it\\\/wp-content\\\/uploads\\\/2024\\\/07\\\/448363199_1038956724686563_7045751846976855713_n.jpg\",\"datePublished\":\"2024-06-14T08:32:14+00:00\",\"dateModified\":\"2024-07-19T08:49:06+00:00\",\"description\":\"Scopri come la Fibra ottica e l'efficienza energetica stanno riducendo l'impatto ambientale e promuovendo la sostenibilit\u00e0.\",\"breadcrumb\":{\"@id\":\"https:\\\/\\\/www.planetel.it\\\/en\\\/2024\\\/06\\\/il-ruolo-della-fibra-ottica-e-dellefficienza-energetica-nella-sostenibilita-ambientale\\\/#breadcrumb\"},\"inLanguage\":\"en-US\",\"potentialAction\":[{\"@type\":\"ReadAction\",\"target\":[\"https:\\\/\\\/www.planetel.it\\\/en\\\/2024\\\/06\\\/il-ruolo-della-fibra-ottica-e-dellefficienza-energetica-nella-sostenibilita-ambientale\\\/\"]}]},{\"@type\":\"ImageObject\",\"inLanguage\":\"en-US\",\"@id\":\"https:\\\/\\\/www.planetel.it\\\/en\\\/2024\\\/06\\\/il-ruolo-della-fibra-ottica-e-dellefficienza-energetica-nella-sostenibilita-ambientale\\\/#primaryimage\",\"url\":\"https:\\\/\\\/www.planetel.it\\\/wp-content\\\/uploads\\\/2024\\\/07\\\/448363199_1038956724686563_7045751846976855713_n.jpg\",\"contentUrl\":\"https:\\\/\\\/www.planetel.it\\\/wp-content\\\/uploads\\\/2024\\\/07\\\/448363199_1038956724686563_7045751846976855713_n.jpg\",\"width\":1200,\"height\":630,\"caption\":\"Sostenibilit\u00e0 aziendale\"},{\"@type\":\"BreadcrumbList\",\"@id\":\"https:\\\/\\\/www.planetel.it\\\/en\\\/2024\\\/06\\\/il-ruolo-della-fibra-ottica-e-dellefficienza-energetica-nella-sostenibilita-ambientale\\\/#breadcrumb\",\"itemListElement\":[{\"@type\":\"ListItem\",\"position\":1,\"name\":\"Home\",\"item\":\"https:\\\/\\\/www.planetel.it\\\/en\\\/\"},{\"@type\":\"ListItem\",\"position\":2,\"name\":\"Servizi\",\"item\":\"https:\\\/\\\/www.planetel.it\\\/news\\\/blog\\\/categoria\\\/servizi\\\/\"},{\"@type\":\"ListItem\",\"position\":3,\"name\":\"Connettivit\u00e0 Fibra ottica\",\"item\":\"https:\\\/\\\/www.planetel.it\\\/news\\\/blog\\\/categoria\\\/connettivita-fibra-ottica\\\/\"},{\"@type\":\"ListItem\",\"position\":4,\"name\":\"Il Ruolo della Fibra Ottica e dell&#8217;Efficienza Energetica nella Sostenibilit\u00e0 Ambientale\"}]},{\"@type\":\"WebSite\",\"@id\":\"https:\\\/\\\/www.planetel.it\\\/en\\\/#website\",\"url\":\"https:\\\/\\\/www.planetel.it\\\/en\\\/\",\"name\":\"Planetel\",\"description\":\"Pi\u00f9 che una connessione\",\"publisher\":{\"@id\":\"https:\\\/\\\/www.planetel.it\\\/en\\\/#organization\"},\"potentialAction\":[{\"@type\":\"SearchAction\",\"target\":{\"@type\":\"EntryPoint\",\"urlTemplate\":\"https:\\\/\\\/www.planetel.it\\\/en\\\/?s={search_term_string}\"},\"query-input\":{\"@type\":\"PropertyValueSpecification\",\"valueRequired\":true,\"valueName\":\"search_term_string\"}}],\"inLanguage\":\"en-US\"},{\"@type\":\"Organization\",\"@id\":\"https:\\\/\\\/www.planetel.it\\\/en\\\/#organization\",\"name\":\"Planetel S.p.A.\",\"url\":\"https:\\\/\\\/www.planetel.it\\\/en\\\/\",\"logo\":{\"@type\":\"ImageObject\",\"inLanguage\":\"en-US\",\"@id\":\"https:\\\/\\\/www.planetel.it\\\/en\\\/#\\\/schema\\\/logo\\\/image\\\/\",\"url\":\"https:\\\/\\\/www.planetel.it\\\/wp-content\\\/uploads\\\/2024\\\/04\\\/logo-group-planetel.svg\",\"contentUrl\":\"https:\\\/\\\/www.planetel.it\\\/wp-content\\\/uploads\\\/2024\\\/04\\\/logo-group-planetel.svg\",\"width\":1,\"height\":1,\"caption\":\"Planetel S.p.A.\"},\"image\":{\"@id\":\"https:\\\/\\\/www.planetel.it\\\/en\\\/#\\\/schema\\\/logo\\\/image\\\/\"},\"sameAs\":[\"https:\\\/\\\/www.facebook.com\\\/planetelspa\",\"https:\\\/\\\/www.linkedin.com\\\/company\\\/planetel\",\"https:\\\/\\\/www.instagram.com\\\/planetelspa\"]},{\"@type\":\"Person\",\"@id\":\"https:\\\/\\\/www.planetel.it\\\/en\\\/#\\\/schema\\\/person\\\/8e74703d23ff222042246a845bb004fa\",\"name\":\"Andrea Brumana\",\"image\":{\"@type\":\"ImageObject\",\"inLanguage\":\"en-US\",\"@id\":\"https:\\\/\\\/secure.gravatar.com\\\/avatar\\\/9a839884f24513d8bf063a907c74d8d2483fb1c4bbbf7cf7222c3e08581e4219?s=96&d=mm&r=g\",\"url\":\"https:\\\/\\\/secure.gravatar.com\\\/avatar\\\/9a839884f24513d8bf063a907c74d8d2483fb1c4bbbf7cf7222c3e08581e4219?s=96&d=mm&r=g\",\"contentUrl\":\"https:\\\/\\\/secure.gravatar.com\\\/avatar\\\/9a839884f24513d8bf063a907c74d8d2483fb1c4bbbf7cf7222c3e08581e4219?s=96&d=mm&r=g\",\"caption\":\"Andrea Brumana\"},\"url\":\"https:\\\/\\\/www.planetel.it\\\/en\\\/author\\\/a-brumana\\\/\"}]}<\/script>\n<!-- \/ Yoast SEO plugin. -->","yoast_head_json":{"title":"Fibra Ottica e Efficienza Energetica nella Sostenibilit\u00e0 Ambientale","description":"Scopri come la Fibra ottica e l'efficienza energetica stanno riducendo l'impatto ambientale e promuovendo la sostenibilit\u00e0.","robots":{"index":"index","follow":"follow","max-snippet":"max-snippet:-1","max-image-preview":"max-image-preview:large","max-video-preview":"max-video-preview:-1"},"canonical":"https:\/\/www.planetel.it\/en\/2024\/06\/il-ruolo-della-fibra-ottica-e-dellefficienza-energetica-nella-sostenibilita-ambientale\/","og_locale":"en_US","og_type":"article","og_title":"Fibra Ottica e Efficienza Energetica nella Sostenibilit\u00e0 Ambientale","og_description":"Scopri come la Fibra ottica e l'efficienza energetica stanno riducendo l'impatto ambientale e promuovendo la sostenibilit\u00e0.","og_url":"https:\/\/www.planetel.it\/en\/2024\/06\/il-ruolo-della-fibra-ottica-e-dellefficienza-energetica-nella-sostenibilita-ambientale\/","og_site_name":"Planetel","article_publisher":"https:\/\/www.facebook.com\/planetelspa","article_published_time":"2024-06-14T08:32:14+00:00","article_modified_time":"2024-07-19T08:49:06+00:00","og_image":[{"width":1200,"height":630,"url":"https:\/\/www.planetel.it\/wp-content\/uploads\/2024\/07\/448363199_1038956724686563_7045751846976855713_n.jpg","type":"image\/jpeg"}],"twitter_card":"summary_large_image","twitter_misc":{"Written by":"Andrea Brumana","Est. reading time":"6 minutes"},"schema":{"@context":"https:\/\/schema.org","@graph":[{"@type":"Article","@id":"https:\/\/www.planetel.it\/en\/2024\/06\/il-ruolo-della-fibra-ottica-e-dellefficienza-energetica-nella-sostenibilita-ambientale\/#article","isPartOf":{"@id":"https:\/\/www.planetel.it\/en\/2024\/06\/il-ruolo-della-fibra-ottica-e-dellefficienza-energetica-nella-sostenibilita-ambientale\/"},"author":{"name":"Andrea Brumana","@id":"https:\/\/www.planetel.it\/en\/#\/schema\/person\/8e74703d23ff222042246a845bb004fa"},"headline":"Il Ruolo della Fibra Ottica e dell&#8217;Efficienza Energetica nella Sostenibilit\u00e0 Ambientale","datePublished":"2024-06-14T08:32:14+00:00","dateModified":"2024-07-19T08:49:06+00:00","mainEntityOfPage":{"@id":"https:\/\/www.planetel.it\/en\/2024\/06\/il-ruolo-della-fibra-ottica-e-dellefficienza-energetica-nella-sostenibilita-ambientale\/"},"wordCount":941,"publisher":{"@id":"https:\/\/www.planetel.it\/en\/#organization"},"image":{"@id":"https:\/\/www.planetel.it\/en\/2024\/06\/il-ruolo-della-fibra-ottica-e-dellefficienza-energetica-nella-sostenibilita-ambientale\/#primaryimage"},"thumbnailUrl":"https:\/\/www.planetel.it\/wp-content\/uploads\/2024\/07\/448363199_1038956724686563_7045751846976855713_n.jpg","keywords":["Fibra ottica","efficienza energetica","digitalizzazione","sostenibilit\u00e0","Planetel"],"articleSection":["Servizi","Connettivit\u00e0 Fibra ottica","Privati","Ambiente"],"inLanguage":"en-US"},{"@type":"WebPage","@id":"https:\/\/www.planetel.it\/en\/2024\/06\/il-ruolo-della-fibra-ottica-e-dellefficienza-energetica-nella-sostenibilita-ambientale\/","url":"https:\/\/www.planetel.it\/en\/2024\/06\/il-ruolo-della-fibra-ottica-e-dellefficienza-energetica-nella-sostenibilita-ambientale\/","name":"Fibra Ottica e Efficienza Energetica nella Sostenibilit\u00e0 Ambientale","isPartOf":{"@id":"https:\/\/www.planetel.it\/en\/#website"},"primaryImageOfPage":{"@id":"https:\/\/www.planetel.it\/en\/2024\/06\/il-ruolo-della-fibra-ottica-e-dellefficienza-energetica-nella-sostenibilita-ambientale\/#primaryimage"},"image":{"@id":"https:\/\/www.planetel.it\/en\/2024\/06\/il-ruolo-della-fibra-ottica-e-dellefficienza-energetica-nella-sostenibilita-ambientale\/#primaryimage"},"thumbnailUrl":"https:\/\/www.planetel.it\/wp-content\/uploads\/2024\/07\/448363199_1038956724686563_7045751846976855713_n.jpg","datePublished":"2024-06-14T08:32:14+00:00","dateModified":"2024-07-19T08:49:06+00:00","description":"Scopri come la Fibra ottica e l'efficienza energetica stanno riducendo l'impatto ambientale e promuovendo la sostenibilit\u00e0.","breadcrumb":{"@id":"https:\/\/www.planetel.it\/en\/2024\/06\/il-ruolo-della-fibra-ottica-e-dellefficienza-energetica-nella-sostenibilita-ambientale\/#breadcrumb"},"inLanguage":"en-US","potentialAction":[{"@type":"ReadAction","target":["https:\/\/www.planetel.it\/en\/2024\/06\/il-ruolo-della-fibra-ottica-e-dellefficienza-energetica-nella-sostenibilita-ambientale\/"]}]},{"@type":"ImageObject","inLanguage":"en-US","@id":"https:\/\/www.planetel.it\/en\/2024\/06\/il-ruolo-della-fibra-ottica-e-dellefficienza-energetica-nella-sostenibilita-ambientale\/#primaryimage","url":"https:\/\/www.planetel.it\/wp-content\/uploads\/2024\/07\/448363199_1038956724686563_7045751846976855713_n.jpg","contentUrl":"https:\/\/www.planetel.it\/wp-content\/uploads\/2024\/07\/448363199_1038956724686563_7045751846976855713_n.jpg","width":1200,"height":630,"caption":"Sostenibilit\u00e0 aziendale"},{"@type":"BreadcrumbList","@id":"https:\/\/www.planetel.it\/en\/2024\/06\/il-ruolo-della-fibra-ottica-e-dellefficienza-energetica-nella-sostenibilita-ambientale\/#breadcrumb","itemListElement":[{"@type":"ListItem","position":1,"name":"Home","item":"https:\/\/www.planetel.it\/en\/"},{"@type":"ListItem","position":2,"name":"Servizi","item":"https:\/\/www.planetel.it\/news\/blog\/categoria\/servizi\/"},{"@type":"ListItem","position":3,"name":"Connettivit\u00e0 Fibra ottica","item":"https:\/\/www.planetel.it\/news\/blog\/categoria\/connettivita-fibra-ottica\/"},{"@type":"ListItem","position":4,"name":"Il Ruolo della Fibra Ottica e dell&#8217;Efficienza Energetica nella Sostenibilit\u00e0 Ambientale"}]},{"@type":"WebSite","@id":"https:\/\/www.planetel.it\/en\/#website","url":"https:\/\/www.planetel.it\/en\/","name":"Planetel","description":"Pi\u00f9 che una connessione","publisher":{"@id":"https:\/\/www.planetel.it\/en\/#organization"},"potentialAction":[{"@type":"SearchAction","target":{"@type":"EntryPoint","urlTemplate":"https:\/\/www.planetel.it\/en\/?s={search_term_string}"},"query-input":{"@type":"PropertyValueSpecification","valueRequired":true,"valueName":"search_term_string"}}],"inLanguage":"en-US"},{"@type":"Organization","@id":"https:\/\/www.planetel.it\/en\/#organization","name":"Planetel S.p.A.","url":"https:\/\/www.planetel.it\/en\/","logo":{"@type":"ImageObject","inLanguage":"en-US","@id":"https:\/\/www.planetel.it\/en\/#\/schema\/logo\/image\/","url":"https:\/\/www.planetel.it\/wp-content\/uploads\/2024\/04\/logo-group-planetel.svg","contentUrl":"https:\/\/www.planetel.it\/wp-content\/uploads\/2024\/04\/logo-group-planetel.svg","width":1,"height":1,"caption":"Planetel S.p.A."},"image":{"@id":"https:\/\/www.planetel.it\/en\/#\/schema\/logo\/image\/"},"sameAs":["https:\/\/www.facebook.com\/planetelspa","https:\/\/www.linkedin.com\/company\/planetel","https:\/\/www.instagram.com\/planetelspa"]},{"@type":"Person","@id":"https:\/\/www.planetel.it\/en\/#\/schema\/person\/8e74703d23ff222042246a845bb004fa","name":"Andrea Brumana","image":{"@type":"ImageObject","inLanguage":"en-US","@id":"https:\/\/secure.gravatar.com\/avatar\/9a839884f24513d8bf063a907c74d8d2483fb1c4bbbf7cf7222c3e08581e4219?s=96&d=mm&r=g","url":"https:\/\/secure.gravatar.com\/avatar\/9a839884f24513d8bf063a907c74d8d2483fb1c4bbbf7cf7222c3e08581e4219?s=96&d=mm&r=g","contentUrl":"https:\/\/secure.gravatar.com\/avatar\/9a839884f24513d8bf063a907c74d8d2483fb1c4bbbf7cf7222c3e08581e4219?s=96&d=mm&r=g","caption":"Andrea Brumana"},"url":"https:\/\/www.planetel.it\/en\/author\/a-brumana\/"}]}},"_links":{"self":[{"href":"https:\/\/www.planetel.it\/en\/wp-json\/wp\/v2\/posts\/20318","targetHints":{"allow":["GET"]}}],"collection":[{"href":"https:\/\/www.planetel.it\/en\/wp-json\/wp\/v2\/posts"}],"about":[{"href":"https:\/\/www.planetel.it\/en\/wp-json\/wp\/v2\/types\/post"}],"author":[{"embeddable":true,"href":"https:\/\/www.planetel.it\/en\/wp-json\/wp\/v2\/users\/4"}],"replies":[{"embeddable":true,"href":"https:\/\/www.planetel.it\/en\/wp-json\/wp\/v2\/comments?post=20318"}],"version-history":[{"count":1,"href":"https:\/\/www.planetel.it\/en\/wp-json\/wp\/v2\/posts\/20318\/revisions"}],"predecessor-version":[{"id":20321,"href":"https:\/\/www.planetel.it\/en\/wp-json\/wp\/v2\/posts\/20318\/revisions\/20321"}],"wp:featuredmedia":[{"embeddable":true,"href":"https:\/\/www.planetel.it\/en\/wp-json\/wp\/v2\/media\/20323"}],"wp:attachment":[{"href":"https:\/\/www.planetel.it\/en\/wp-json\/wp\/v2\/media?parent=20318"}],"wp:term":[{"taxonomy":"category","embeddable":true,"href":"https:\/\/www.planetel.it\/en\/wp-json\/wp\/v2\/categories?post=20318"},{"taxonomy":"post_tag","embeddable":true,"href":"https:\/\/www.planetel.it\/en\/wp-json\/wp\/v2\/tags?post=20318"},{"taxonomy":"service_category","embeddable":true,"href":"https:\/\/www.planetel.it\/en\/wp-json\/wp\/v2\/service_category?post=20318"}],"curies":[{"name":"wp","href":"https:\/\/api.w.org\/{rel}","templated":true}]}}