{"id":20336,"date":"2024-06-21T15:44:08","date_gmt":"2024-06-21T13:44:08","guid":{"rendered":"https:\/\/www.planetel.it\/?p=20336"},"modified":"2024-07-19T15:49:51","modified_gmt":"2024-07-19T13:49:51","slug":"giornata-mondiale-del-wi-fi-con-le-soluzioni-planetel","status":"publish","type":"post","link":"https:\/\/www.planetel.it\/en\/2024\/06\/giornata-mondiale-del-wi-fi-con-le-soluzioni-planetel\/","title":{"rendered":"Celebriamo la Giornata Mondiale del Wi-Fi con le Soluzioni Avanzate di Planetel"},"content":{"rendered":"\n<p>Oggi, in occasione della <strong>Giornata Mondiale del Wi-Fi<\/strong>, vogliamo evidenziare l&#8217;importanza che questa tecnologia assume nella quotidianit\u00e0 di privati, aziende e professionisti. Una forma di connettivit\u00e0 tanto diffusa quanto irrinunciabile, che per la sua portata, immediatezza e flessibilit\u00e0 \u00e8 diventata una commodity di cui spesso si minimizzano complessit\u00e0, sicurezza e competenze. Questa giornata, infatti, mira a valorizzare il <strong>Wi-Fi<\/strong> e a sensibilizzare sull&#8217;importanza che riveste nella sfera della connettivit\u00e0, promuovendo l&#8217;accesso universale a internet e sottolineando come sia diventato un elemento imprescindibile per molte altre aree del quotidiano come l&#8217;istruzione, il lavoro e l&#8217;intrattenimento.<\/p>\n\n\n\n<p>Naturalmente, oggi \u00e8 anche un&#8217;opportunit\u00e0 per analizzare i progressi tecnologici in questo campo, come l\u2019introduzione e gli sviluppi degli standard quali il <strong>Wi-Fi 6 e 7<\/strong>, e per discutere delle sfide future, come la necessit\u00e0 di estendere la copertura Wi-Fi in aree sottoservite e l\u2019importanza di sensibilizzare l\u2019opinione pubblica sulle tematiche di sicurezza legate a questa tecnologia.<\/p>\n\n\n<h2 class=\"wp-block-heading\" id=\"le-declinazioni-della-tecnologia-wifi-nelle-soluzioni-planetel\"><strong>Le declinazioni della tecnologia Wi-Fi nelle soluzioni Planetel<\/strong><\/h2>\n\n\n<p>In Planetel, ci impegniamo a fornire soluzioni di alta qualit\u00e0 in termini di affidabilit\u00e0, efficienza e assistenza. Tutto, ovviamente, parte da un\u2019<a href=\"https:\/\/www.planetel.it\/servizi\/infrastrutture\/\">infrastruttura<\/a> di valore per quanto riguarda la rete proprietaria in <strong><a href=\"https:\/\/www.planetel.it\/servizi\/telecomunicazioni\/connettivita-fibra-ottica\/\">Fibra ottica<\/a><\/strong> e la <a href=\"https:\/\/www.planetel.it\/servizi\/telecomunicazioni\/connettivita-radio\/\"><strong>connettivit\u00e0 radio<\/strong><\/a>. Ci\u00f2 ci consente di connettere in modo efficace e performante realt\u00e0 business e private collocate sia in zone facilmente raggiungibili che in aree meno accessibili dal punto di vista della connessione a internet. Tutto questo, naturalmente, accompagnato dalla seriet\u00e0, dalla professionalit\u00e0, dall\u2019esperienza e dalla competenza di un\u2019azienda come Planetel che si fa forte di risorse interne altamente specializzate e di una presenza sul territorio \u201cumana\u201d e capillare.<\/p>\n\n\n<h3 class=\"wp-block-heading\" id=\"le-soluzioni-di-wifi-pubblico-di-planetel\"><strong>Le Soluzioni di Wi-Fi Pubblico di Planetel<\/strong><\/h3>\n\n\n<p>Il nostro servizio di <strong><a href=\"https:\/\/www.planetel.it\/struttura-tecnica\/ponti-radio\/\">Wi-Fi pubblico<\/a><\/strong> ha l\u2019obiettivo di assicurare la copertura di spazi comuni interni ed esterni attraverso un sistema <a href=\"https:\/\/www.planetel.it\/servizi\/telecomunicazioni\/hotspot\/\">Hotspot<\/a> ottimizzato, capace di combinare un\u2019autenticazione facile e immediata a un alto livello di sicurezza che va a proteggere la rete principale. Questo assicura che gli utenti possano navigare in internet senza preoccupazioni, godendo di una connessione stabile e sicura.<\/p>\n\n\n\n<p>Le nostre soluzioni di <strong>Wi-Fi pubblico<\/strong> sono:<\/p>\n\n\n\n<ul class=\"wp-block-list\">\n<li><strong>Facili da installare<\/strong><\/li>\n<\/ul>\n\n\n\n<p>Il servizio richiede unicamente un accesso ad Internet e il posizionamento di apparati router discreti. Inoltre, grazie alle esperienze consolidate nel settore della Connettivit\u00e0 radio Hiperlan.<\/p>\n\n\n\n<ul class=\"wp-block-list\">\n<li><strong>Facili da usare<\/strong><\/li>\n<\/ul>\n\n\n\n<p>L\u2019accesso alla rete pu\u00f2 essere effettuato direttamente dall\u2019utente tramite il proprio account Facebook o in alternativa il proprio numero di cellulare, senza richiedere l\u2019intervento dell\u2019esercente o la necessit\u00e0 di registrare dati personali.<\/p>\n\n\n\n<ul class=\"wp-block-list\">\n<li><strong>Facili da gestire<\/strong><\/li>\n<\/ul>\n\n\n\n<p>Grazie al comodo pannello di controllo online, l\u2019utente pu\u00f2 visualizzare in qualsiasi momento i dati ed il livello di utilizzo della rete.<\/p>\n\n\n\n<ul class=\"wp-block-list\">\n<li><strong>Personalizzabili<\/strong><\/li>\n<\/ul>\n\n\n\n<p>Il servizio di Hotspot \u00e8 personalizzabile con un marchio o con pubblicit\u00e0: possono diventare un passaggio obbligato per tutte le persone che tentano di collegarsi, permettendo di evidenziare prodotti, servizi o comunicazioni.<\/p>\n\n\n\n<ul class=\"wp-block-list\">\n<li><strong>Su misura<\/strong><\/li>\n<\/ul>\n\n\n\n<p>Oltre a permettere la personalizzazione del servizio sulle specifiche esigenze, aver realizzato integralmente il software di gestione del servizio ci consente di offrire un servizio di assistenza pi\u00f9 efficace e veloce, non dovendo dipendere da fornitori terzi.<\/p>\n\n\n\n<ul class=\"wp-block-list\">\n<li><strong>Sicuro<\/strong><\/li>\n<\/ul>\n\n\n\n<p>La sicurezza \u00e8 un punto fondamentale: la rete degli ospiti \u00e8 completamente separata dalla rete ospite, per garantire la tutela della privacy. Inoltre, la navigazione degli ospiti viene gestita tramite proxy internazionale, per garantire maggiore sicurezza sulla responsabilit\u00e0 legale.<\/p>\n\n\n<h3 class=\"wp-block-heading\" id=\"le-soluzioni-di-wifi-privato-di-planetel\"><strong>Le Soluzioni di Wi-Fi Privato di Planetel<\/strong><\/h3>\n\n\n<p>Per quanto riguarda gli ambienti privati, siano essi abitazioni, uffici o aziende, offriamo soluzioni di <a href=\"https:\/\/www.planetel.it\/servizi\/telecomunicazioni\/connettivita-radio\/\"><strong>Wi-Fi privato<\/strong><\/a> che garantiscono una connessione efficiente e stabile. Utilizziamo router e access point di ultima generazione per offrire la massima velocit\u00e0 e copertura, cos\u00ec da assicurare il soddisfacimento delle esigenze di connettivit\u00e0 pi\u00f9 elevate, sia per lo streaming ad alta definizione che per le applicazioni di lavoro locali e da remoto.<\/p>\n\n\n\n<p>Planetel, naturalmente, affianca alle sue soluzioni di Wi-Fi privato un supporto tecnico personalizzato. Il nostro <strong>team di esperti<\/strong> \u00e8 sempre disponibile per consulenza in fase di progettazione, assistenza nella configurazione, risoluzione dei problemi e ottimizzazione delle reti, assicurando che ogni cliente possa godere di una connettivit\u00e0 sicura e senza interruzioni.<\/p>\n\n\n\n<p>Nodo cruciale \u00e8, senza dubbio, quello della sicurezza. Da un rapporto di CorCom emerge come il <strong>Wi-Fi<\/strong> sia effettivamente una possibile minaccia per le aziende. Citando uno studio di Cisco\u00a0, infatti, si evidenzia il fatto che il 70% degli utenti usa i dispositivi personali anche per attivit\u00e0 lavorative e il 18% non ha mai cambiato la password del router domestico. A ci\u00f2 si aggiunge il problema che molte persone, oggigiorno, lavorano in spazi pubblici o in viaggio, collegandosi pertanto a reti non controllate e poco sicure. In questo contesto di aumento globale della criminalit\u00e0 informatica, noi di Planetel siamo pronti a mettere a disposizione le tecnologie pi\u00f9 innovative e gli specialisti pi\u00f9 qualificati per implementare in <a href=\"https:\/\/www.planetel.it\/privati\/\">casa<\/a> e in <a href=\"https:\/\/www.planetel.it\/aziende\/\">azienda<\/a> soluzioni di Wi-Fi privato che rispettino i pi\u00f9 elevati standard di sicurezza e affidabilit\u00e0<\/p>\n\n\n<h3 class=\"wp-block-heading\" id=\"il-wifi-6-nelle-soluzioni-planetel\"><strong>Il Wi-Fi 6 nelle soluzioni Planetel<\/strong><\/h3>\n\n\n<p>Gli apparecchi forniti da Planetel, specialmente quelli accompagnati alla fibra FTTH, sono dotati dello standard <strong>Wi-Fi 6<\/strong>, il quale assicura vantaggi rilevanti rispetto alle versioni precedenti. In attesa della diffusione dello standard Wi-Fi 7, che probabilmente non avverr\u00e0 in maniera consistente fino alla fine del 2025, le <strong>soluzioni Wi-Fi<\/strong> che proponiamo ai nostri clienti sono dotate, dunque, delle tecnologie migliori in termini di velocit\u00e0, capacit\u00e0, latenza ed efficienza energetica.<\/p>\n\n\n\n<p>Le soluzioni Wi-Fi di Planetel sono sinonimo di<\/p>\n\n\n\n<ul class=\"wp-block-list\">\n<li><strong>Maggior velocit\u00e0 di connessione<\/strong>, data da una pi\u00f9 efficace occupazione della banda radio.<\/li>\n\n\n\n<li><strong>Migliori performance<\/strong> in relazione alla progressiva saturazione della banda, dal momento che il Wi-Fi 6 permette un\u2019avanzata gestione e organizzazione dei flussi di dati, annullando i cosiddetti colli di bottiglia e fornendo ai dispositivi una connessione costantemente veloce.<\/li>\n\n\n\n<li><strong>Risparmio energetico<\/strong>, poich\u00e9 i nuovi algoritmi che regolano questo standard sono in grado di evitare inutili sprechi energetici e, conseguentemente, consentire un abbattimento dei consumi.<\/li>\n<\/ul>\n\n\n\n<p>In generale, quindi, il Wi-Fi 6 permette una migliore coesistenza nella rete di tutti i dispositivi connessi, assicurandone cos\u00ec una gestione sempre efficiente.<\/p>\n\n\n<h2 class=\"wp-block-heading\" id=\"scegli-la-qualita-delle-soluzioni-wifi-di-planetel\"><strong>Scegli la qualit\u00e0 delle soluzioni Wi-Fi di Planetel<\/strong><\/h2>\n\n\n<p>Scopri la differenza che le <strong>soluzioni Wi-Fi avanzate<\/strong> di Planetel possono fare per la tua connessione quotidiana in termini di affidabilit\u00e0, velocit\u00e0, sicurezza e supporto personalizzato. Contattaci scrivendo a <a href=\"mailto:commerciale@planetel.it\"><strong>commerciale@planetel.it<\/strong><\/a> o chiamando lo <strong>035.204070<\/strong> per scoprire come possiamo migliorare la tua esperienza di connettivit\u00e0, sia per la tua casa che per la tua organizzazione.<\/p>\n\n\n\n<p><a id=\"_msocom_1\"><\/a><\/p>\n","protected":false},"excerpt":{"rendered":"<p>Oggi, in occasione della Giornata Mondiale del Wi-Fi, vogliamo evidenziare l&#8217;importanza che questa tecnologia assume nella quotidianit\u00e0 di privati, aziende e professionisti. Una forma di connettivit\u00e0 tanto diffusa quanto irrinunciabile, che per la sua portata, immediatezza e flessibilit\u00e0 \u00e8 diventata una commodity di cui spesso si minimizzano complessit\u00e0, sicurezza e competenze. Questa giornata, infatti, mira [&hellip;]<\/p>\n","protected":false},"author":4,"featured_media":20381,"comment_status":"closed","ping_status":"closed","sticky":false,"template":"","format":"standard","meta":{"_acf_changed":false,"footnotes":""},"categories":[690,693,694,716,717,718,719,728],"tags":[358,746,441,421,438],"service_category":[312],"class_list":["post-20336","post","type-post","status-publish","format-standard","has-post-thumbnail","hentry","category-servizi","category-connettivita-radio-wireless","category-hotspot","category-privati","category-attivita-commerciali","category-medie-e-grandi-imprese","category-pubblica-amministrazione","category-ponti-radio","tag-planetel","tag-soluzioni-wi-fi","tag-wi-fi-6","tag-connettivita","tag-wi-fi","service_category-telecomunicazioni"],"acf":[],"yoast_head":"<!-- This site is optimized with the Yoast SEO plugin v27.3 - https:\/\/yoast.com\/product\/yoast-seo-wordpress\/ -->\n<title>Celebriamo la Giornata Mondiale del Wi-Fi con le Soluzioni Planetel<\/title>\n<meta name=\"description\" content=\"Scopri le soluzioni di Wi-Fi pubblico e privato di Planetel, che offrono una connettivit\u00e0 avanzata e affidabile.\" \/>\n<meta name=\"robots\" content=\"index, follow, max-snippet:-1, max-image-preview:large, max-video-preview:-1\" \/>\n<link rel=\"canonical\" href=\"https:\/\/www.planetel.it\/en\/2024\/06\/giornata-mondiale-del-wi-fi-con-le-soluzioni-planetel\/\" \/>\n<meta property=\"og:locale\" content=\"en_US\" \/>\n<meta property=\"og:type\" content=\"article\" \/>\n<meta property=\"og:title\" content=\"Celebriamo la Giornata Mondiale del Wi-Fi con le Soluzioni Planetel\" \/>\n<meta property=\"og:description\" content=\"Scopri le soluzioni di Wi-Fi pubblico e privato di Planetel, che offrono una connettivit\u00e0 avanzata e affidabile.\" \/>\n<meta property=\"og:url\" content=\"https:\/\/www.planetel.it\/en\/2024\/06\/giornata-mondiale-del-wi-fi-con-le-soluzioni-planetel\/\" \/>\n<meta property=\"og:site_name\" content=\"Planetel\" \/>\n<meta property=\"article:publisher\" content=\"https:\/\/www.facebook.com\/planetelspa\" \/>\n<meta property=\"article:published_time\" content=\"2024-06-21T13:44:08+00:00\" \/>\n<meta property=\"article:modified_time\" content=\"2024-07-19T13:49:51+00:00\" \/>\n<meta property=\"og:image\" content=\"https:\/\/www.planetel.it\/wp-content\/uploads\/2024\/07\/1200x630px_Copertine.jpg\" \/>\n\t<meta property=\"og:image:width\" content=\"1200\" \/>\n\t<meta property=\"og:image:height\" content=\"630\" \/>\n\t<meta property=\"og:image:type\" content=\"image\/jpeg\" \/>\n<meta name=\"twitter:card\" content=\"summary_large_image\" \/>\n<meta name=\"twitter:label1\" content=\"Written by\" \/>\n\t<meta name=\"twitter:data1\" content=\"Andrea Brumana\" \/>\n\t<meta name=\"twitter:label2\" content=\"Est. reading time\" \/>\n\t<meta name=\"twitter:data2\" content=\"6 minutes\" \/>\n<script type=\"application\/ld+json\" class=\"yoast-schema-graph\">{\"@context\":\"https:\\\/\\\/schema.org\",\"@graph\":[{\"@type\":\"Article\",\"@id\":\"https:\\\/\\\/www.planetel.it\\\/en\\\/2024\\\/06\\\/giornata-mondiale-del-wi-fi-con-le-soluzioni-planetel\\\/#article\",\"isPartOf\":{\"@id\":\"https:\\\/\\\/www.planetel.it\\\/en\\\/2024\\\/06\\\/giornata-mondiale-del-wi-fi-con-le-soluzioni-planetel\\\/\"},\"author\":{\"name\":\"Andrea Brumana\",\"@id\":\"https:\\\/\\\/www.planetel.it\\\/en\\\/#\\\/schema\\\/person\\\/8e74703d23ff222042246a845bb004fa\"},\"headline\":\"Celebriamo la Giornata Mondiale del Wi-Fi con le Soluzioni Avanzate di Planetel\",\"datePublished\":\"2024-06-21T13:44:08+00:00\",\"dateModified\":\"2024-07-19T13:49:51+00:00\",\"mainEntityOfPage\":{\"@id\":\"https:\\\/\\\/www.planetel.it\\\/en\\\/2024\\\/06\\\/giornata-mondiale-del-wi-fi-con-le-soluzioni-planetel\\\/\"},\"wordCount\":1057,\"publisher\":{\"@id\":\"https:\\\/\\\/www.planetel.it\\\/en\\\/#organization\"},\"image\":{\"@id\":\"https:\\\/\\\/www.planetel.it\\\/en\\\/2024\\\/06\\\/giornata-mondiale-del-wi-fi-con-le-soluzioni-planetel\\\/#primaryimage\"},\"thumbnailUrl\":\"https:\\\/\\\/www.planetel.it\\\/wp-content\\\/uploads\\\/2024\\\/07\\\/1200x630px_Copertine.jpg\",\"keywords\":[\"Planetel\",\"Soluzioni Wi-Fi\",\"wi-fi 6\",\"connettivit\u00e0\",\"wi-fi\"],\"articleSection\":[\"Servizi\",\"Connettivit\u00e0 Radio (Wireless)\",\"Hotspot\",\"Privati\",\"Attivit\u00e0 commerciali\",\"Medie e grandi Imprese\",\"Pubblica Amministrazione\",\"Ponti Radio\"],\"inLanguage\":\"en-US\"},{\"@type\":\"WebPage\",\"@id\":\"https:\\\/\\\/www.planetel.it\\\/en\\\/2024\\\/06\\\/giornata-mondiale-del-wi-fi-con-le-soluzioni-planetel\\\/\",\"url\":\"https:\\\/\\\/www.planetel.it\\\/en\\\/2024\\\/06\\\/giornata-mondiale-del-wi-fi-con-le-soluzioni-planetel\\\/\",\"name\":\"Celebriamo la Giornata Mondiale del Wi-Fi con le Soluzioni Planetel\",\"isPartOf\":{\"@id\":\"https:\\\/\\\/www.planetel.it\\\/en\\\/#website\"},\"primaryImageOfPage\":{\"@id\":\"https:\\\/\\\/www.planetel.it\\\/en\\\/2024\\\/06\\\/giornata-mondiale-del-wi-fi-con-le-soluzioni-planetel\\\/#primaryimage\"},\"image\":{\"@id\":\"https:\\\/\\\/www.planetel.it\\\/en\\\/2024\\\/06\\\/giornata-mondiale-del-wi-fi-con-le-soluzioni-planetel\\\/#primaryimage\"},\"thumbnailUrl\":\"https:\\\/\\\/www.planetel.it\\\/wp-content\\\/uploads\\\/2024\\\/07\\\/1200x630px_Copertine.jpg\",\"datePublished\":\"2024-06-21T13:44:08+00:00\",\"dateModified\":\"2024-07-19T13:49:51+00:00\",\"description\":\"Scopri le soluzioni di Wi-Fi pubblico e privato di Planetel, che offrono una connettivit\u00e0 avanzata e affidabile.\",\"breadcrumb\":{\"@id\":\"https:\\\/\\\/www.planetel.it\\\/en\\\/2024\\\/06\\\/giornata-mondiale-del-wi-fi-con-le-soluzioni-planetel\\\/#breadcrumb\"},\"inLanguage\":\"en-US\",\"potentialAction\":[{\"@type\":\"ReadAction\",\"target\":[\"https:\\\/\\\/www.planetel.it\\\/en\\\/2024\\\/06\\\/giornata-mondiale-del-wi-fi-con-le-soluzioni-planetel\\\/\"]}]},{\"@type\":\"ImageObject\",\"inLanguage\":\"en-US\",\"@id\":\"https:\\\/\\\/www.planetel.it\\\/en\\\/2024\\\/06\\\/giornata-mondiale-del-wi-fi-con-le-soluzioni-planetel\\\/#primaryimage\",\"url\":\"https:\\\/\\\/www.planetel.it\\\/wp-content\\\/uploads\\\/2024\\\/07\\\/1200x630px_Copertine.jpg\",\"contentUrl\":\"https:\\\/\\\/www.planetel.it\\\/wp-content\\\/uploads\\\/2024\\\/07\\\/1200x630px_Copertine.jpg\",\"width\":1200,\"height\":630,\"caption\":\"Wi-Fi\"},{\"@type\":\"BreadcrumbList\",\"@id\":\"https:\\\/\\\/www.planetel.it\\\/en\\\/2024\\\/06\\\/giornata-mondiale-del-wi-fi-con-le-soluzioni-planetel\\\/#breadcrumb\",\"itemListElement\":[{\"@type\":\"ListItem\",\"position\":1,\"name\":\"Home\",\"item\":\"https:\\\/\\\/www.planetel.it\\\/en\\\/\"},{\"@type\":\"ListItem\",\"position\":2,\"name\":\"Servizi\",\"item\":\"https:\\\/\\\/www.planetel.it\\\/news\\\/blog\\\/categoria\\\/servizi\\\/\"},{\"@type\":\"ListItem\",\"position\":3,\"name\":\"Connettivit\u00e0 Radio (Wireless)\",\"item\":\"https:\\\/\\\/www.planetel.it\\\/news\\\/blog\\\/categoria\\\/connettivita-radio-wireless\\\/\"},{\"@type\":\"ListItem\",\"position\":4,\"name\":\"Celebriamo la Giornata Mondiale del Wi-Fi con le Soluzioni Avanzate di Planetel\"}]},{\"@type\":\"WebSite\",\"@id\":\"https:\\\/\\\/www.planetel.it\\\/en\\\/#website\",\"url\":\"https:\\\/\\\/www.planetel.it\\\/en\\\/\",\"name\":\"Planetel\",\"description\":\"Pi\u00f9 che una connessione\",\"publisher\":{\"@id\":\"https:\\\/\\\/www.planetel.it\\\/en\\\/#organization\"},\"potentialAction\":[{\"@type\":\"SearchAction\",\"target\":{\"@type\":\"EntryPoint\",\"urlTemplate\":\"https:\\\/\\\/www.planetel.it\\\/en\\\/?s={search_term_string}\"},\"query-input\":{\"@type\":\"PropertyValueSpecification\",\"valueRequired\":true,\"valueName\":\"search_term_string\"}}],\"inLanguage\":\"en-US\"},{\"@type\":\"Organization\",\"@id\":\"https:\\\/\\\/www.planetel.it\\\/en\\\/#organization\",\"name\":\"Planetel S.p.A.\",\"url\":\"https:\\\/\\\/www.planetel.it\\\/en\\\/\",\"logo\":{\"@type\":\"ImageObject\",\"inLanguage\":\"en-US\",\"@id\":\"https:\\\/\\\/www.planetel.it\\\/en\\\/#\\\/schema\\\/logo\\\/image\\\/\",\"url\":\"https:\\\/\\\/www.planetel.it\\\/wp-content\\\/uploads\\\/2024\\\/04\\\/logo-group-planetel.svg\",\"contentUrl\":\"https:\\\/\\\/www.planetel.it\\\/wp-content\\\/uploads\\\/2024\\\/04\\\/logo-group-planetel.svg\",\"width\":1,\"height\":1,\"caption\":\"Planetel S.p.A.\"},\"image\":{\"@id\":\"https:\\\/\\\/www.planetel.it\\\/en\\\/#\\\/schema\\\/logo\\\/image\\\/\"},\"sameAs\":[\"https:\\\/\\\/www.facebook.com\\\/planetelspa\",\"https:\\\/\\\/www.linkedin.com\\\/company\\\/planetel\",\"https:\\\/\\\/www.instagram.com\\\/planetelspa\"]},{\"@type\":\"Person\",\"@id\":\"https:\\\/\\\/www.planetel.it\\\/en\\\/#\\\/schema\\\/person\\\/8e74703d23ff222042246a845bb004fa\",\"name\":\"Andrea Brumana\",\"image\":{\"@type\":\"ImageObject\",\"inLanguage\":\"en-US\",\"@id\":\"https:\\\/\\\/secure.gravatar.com\\\/avatar\\\/9a839884f24513d8bf063a907c74d8d2483fb1c4bbbf7cf7222c3e08581e4219?s=96&d=mm&r=g\",\"url\":\"https:\\\/\\\/secure.gravatar.com\\\/avatar\\\/9a839884f24513d8bf063a907c74d8d2483fb1c4bbbf7cf7222c3e08581e4219?s=96&d=mm&r=g\",\"contentUrl\":\"https:\\\/\\\/secure.gravatar.com\\\/avatar\\\/9a839884f24513d8bf063a907c74d8d2483fb1c4bbbf7cf7222c3e08581e4219?s=96&d=mm&r=g\",\"caption\":\"Andrea Brumana\"},\"url\":\"https:\\\/\\\/www.planetel.it\\\/en\\\/author\\\/a-brumana\\\/\"}]}<\/script>\n<!-- \/ Yoast SEO plugin. -->","yoast_head_json":{"title":"Celebriamo la Giornata Mondiale del Wi-Fi con le Soluzioni Planetel","description":"Scopri le soluzioni di Wi-Fi pubblico e privato di Planetel, che offrono una connettivit\u00e0 avanzata e affidabile.","robots":{"index":"index","follow":"follow","max-snippet":"max-snippet:-1","max-image-preview":"max-image-preview:large","max-video-preview":"max-video-preview:-1"},"canonical":"https:\/\/www.planetel.it\/en\/2024\/06\/giornata-mondiale-del-wi-fi-con-le-soluzioni-planetel\/","og_locale":"en_US","og_type":"article","og_title":"Celebriamo la Giornata Mondiale del Wi-Fi con le Soluzioni Planetel","og_description":"Scopri le soluzioni di Wi-Fi pubblico e privato di Planetel, che offrono una connettivit\u00e0 avanzata e affidabile.","og_url":"https:\/\/www.planetel.it\/en\/2024\/06\/giornata-mondiale-del-wi-fi-con-le-soluzioni-planetel\/","og_site_name":"Planetel","article_publisher":"https:\/\/www.facebook.com\/planetelspa","article_published_time":"2024-06-21T13:44:08+00:00","article_modified_time":"2024-07-19T13:49:51+00:00","og_image":[{"width":1200,"height":630,"url":"https:\/\/www.planetel.it\/wp-content\/uploads\/2024\/07\/1200x630px_Copertine.jpg","type":"image\/jpeg"}],"twitter_card":"summary_large_image","twitter_misc":{"Written by":"Andrea Brumana","Est. reading time":"6 minutes"},"schema":{"@context":"https:\/\/schema.org","@graph":[{"@type":"Article","@id":"https:\/\/www.planetel.it\/en\/2024\/06\/giornata-mondiale-del-wi-fi-con-le-soluzioni-planetel\/#article","isPartOf":{"@id":"https:\/\/www.planetel.it\/en\/2024\/06\/giornata-mondiale-del-wi-fi-con-le-soluzioni-planetel\/"},"author":{"name":"Andrea Brumana","@id":"https:\/\/www.planetel.it\/en\/#\/schema\/person\/8e74703d23ff222042246a845bb004fa"},"headline":"Celebriamo la Giornata Mondiale del Wi-Fi con le Soluzioni Avanzate di Planetel","datePublished":"2024-06-21T13:44:08+00:00","dateModified":"2024-07-19T13:49:51+00:00","mainEntityOfPage":{"@id":"https:\/\/www.planetel.it\/en\/2024\/06\/giornata-mondiale-del-wi-fi-con-le-soluzioni-planetel\/"},"wordCount":1057,"publisher":{"@id":"https:\/\/www.planetel.it\/en\/#organization"},"image":{"@id":"https:\/\/www.planetel.it\/en\/2024\/06\/giornata-mondiale-del-wi-fi-con-le-soluzioni-planetel\/#primaryimage"},"thumbnailUrl":"https:\/\/www.planetel.it\/wp-content\/uploads\/2024\/07\/1200x630px_Copertine.jpg","keywords":["Planetel","Soluzioni Wi-Fi","wi-fi 6","connettivit\u00e0","wi-fi"],"articleSection":["Servizi","Connettivit\u00e0 Radio (Wireless)","Hotspot","Privati","Attivit\u00e0 commerciali","Medie e grandi Imprese","Pubblica Amministrazione","Ponti Radio"],"inLanguage":"en-US"},{"@type":"WebPage","@id":"https:\/\/www.planetel.it\/en\/2024\/06\/giornata-mondiale-del-wi-fi-con-le-soluzioni-planetel\/","url":"https:\/\/www.planetel.it\/en\/2024\/06\/giornata-mondiale-del-wi-fi-con-le-soluzioni-planetel\/","name":"Celebriamo la Giornata Mondiale del Wi-Fi con le Soluzioni Planetel","isPartOf":{"@id":"https:\/\/www.planetel.it\/en\/#website"},"primaryImageOfPage":{"@id":"https:\/\/www.planetel.it\/en\/2024\/06\/giornata-mondiale-del-wi-fi-con-le-soluzioni-planetel\/#primaryimage"},"image":{"@id":"https:\/\/www.planetel.it\/en\/2024\/06\/giornata-mondiale-del-wi-fi-con-le-soluzioni-planetel\/#primaryimage"},"thumbnailUrl":"https:\/\/www.planetel.it\/wp-content\/uploads\/2024\/07\/1200x630px_Copertine.jpg","datePublished":"2024-06-21T13:44:08+00:00","dateModified":"2024-07-19T13:49:51+00:00","description":"Scopri le soluzioni di Wi-Fi pubblico e privato di Planetel, che offrono una connettivit\u00e0 avanzata e affidabile.","breadcrumb":{"@id":"https:\/\/www.planetel.it\/en\/2024\/06\/giornata-mondiale-del-wi-fi-con-le-soluzioni-planetel\/#breadcrumb"},"inLanguage":"en-US","potentialAction":[{"@type":"ReadAction","target":["https:\/\/www.planetel.it\/en\/2024\/06\/giornata-mondiale-del-wi-fi-con-le-soluzioni-planetel\/"]}]},{"@type":"ImageObject","inLanguage":"en-US","@id":"https:\/\/www.planetel.it\/en\/2024\/06\/giornata-mondiale-del-wi-fi-con-le-soluzioni-planetel\/#primaryimage","url":"https:\/\/www.planetel.it\/wp-content\/uploads\/2024\/07\/1200x630px_Copertine.jpg","contentUrl":"https:\/\/www.planetel.it\/wp-content\/uploads\/2024\/07\/1200x630px_Copertine.jpg","width":1200,"height":630,"caption":"Wi-Fi"},{"@type":"BreadcrumbList","@id":"https:\/\/www.planetel.it\/en\/2024\/06\/giornata-mondiale-del-wi-fi-con-le-soluzioni-planetel\/#breadcrumb","itemListElement":[{"@type":"ListItem","position":1,"name":"Home","item":"https:\/\/www.planetel.it\/en\/"},{"@type":"ListItem","position":2,"name":"Servizi","item":"https:\/\/www.planetel.it\/news\/blog\/categoria\/servizi\/"},{"@type":"ListItem","position":3,"name":"Connettivit\u00e0 Radio (Wireless)","item":"https:\/\/www.planetel.it\/news\/blog\/categoria\/connettivita-radio-wireless\/"},{"@type":"ListItem","position":4,"name":"Celebriamo la Giornata Mondiale del Wi-Fi con le Soluzioni Avanzate di Planetel"}]},{"@type":"WebSite","@id":"https:\/\/www.planetel.it\/en\/#website","url":"https:\/\/www.planetel.it\/en\/","name":"Planetel","description":"Pi\u00f9 che una connessione","publisher":{"@id":"https:\/\/www.planetel.it\/en\/#organization"},"potentialAction":[{"@type":"SearchAction","target":{"@type":"EntryPoint","urlTemplate":"https:\/\/www.planetel.it\/en\/?s={search_term_string}"},"query-input":{"@type":"PropertyValueSpecification","valueRequired":true,"valueName":"search_term_string"}}],"inLanguage":"en-US"},{"@type":"Organization","@id":"https:\/\/www.planetel.it\/en\/#organization","name":"Planetel S.p.A.","url":"https:\/\/www.planetel.it\/en\/","logo":{"@type":"ImageObject","inLanguage":"en-US","@id":"https:\/\/www.planetel.it\/en\/#\/schema\/logo\/image\/","url":"https:\/\/www.planetel.it\/wp-content\/uploads\/2024\/04\/logo-group-planetel.svg","contentUrl":"https:\/\/www.planetel.it\/wp-content\/uploads\/2024\/04\/logo-group-planetel.svg","width":1,"height":1,"caption":"Planetel S.p.A."},"image":{"@id":"https:\/\/www.planetel.it\/en\/#\/schema\/logo\/image\/"},"sameAs":["https:\/\/www.facebook.com\/planetelspa","https:\/\/www.linkedin.com\/company\/planetel","https:\/\/www.instagram.com\/planetelspa"]},{"@type":"Person","@id":"https:\/\/www.planetel.it\/en\/#\/schema\/person\/8e74703d23ff222042246a845bb004fa","name":"Andrea Brumana","image":{"@type":"ImageObject","inLanguage":"en-US","@id":"https:\/\/secure.gravatar.com\/avatar\/9a839884f24513d8bf063a907c74d8d2483fb1c4bbbf7cf7222c3e08581e4219?s=96&d=mm&r=g","url":"https:\/\/secure.gravatar.com\/avatar\/9a839884f24513d8bf063a907c74d8d2483fb1c4bbbf7cf7222c3e08581e4219?s=96&d=mm&r=g","contentUrl":"https:\/\/secure.gravatar.com\/avatar\/9a839884f24513d8bf063a907c74d8d2483fb1c4bbbf7cf7222c3e08581e4219?s=96&d=mm&r=g","caption":"Andrea Brumana"},"url":"https:\/\/www.planetel.it\/en\/author\/a-brumana\/"}]}},"_links":{"self":[{"href":"https:\/\/www.planetel.it\/en\/wp-json\/wp\/v2\/posts\/20336","targetHints":{"allow":["GET"]}}],"collection":[{"href":"https:\/\/www.planetel.it\/en\/wp-json\/wp\/v2\/posts"}],"about":[{"href":"https:\/\/www.planetel.it\/en\/wp-json\/wp\/v2\/types\/post"}],"author":[{"embeddable":true,"href":"https:\/\/www.planetel.it\/en\/wp-json\/wp\/v2\/users\/4"}],"replies":[{"embeddable":true,"href":"https:\/\/www.planetel.it\/en\/wp-json\/wp\/v2\/comments?post=20336"}],"version-history":[{"count":5,"href":"https:\/\/www.planetel.it\/en\/wp-json\/wp\/v2\/posts\/20336\/revisions"}],"predecessor-version":[{"id":20397,"href":"https:\/\/www.planetel.it\/en\/wp-json\/wp\/v2\/posts\/20336\/revisions\/20397"}],"wp:featuredmedia":[{"embeddable":true,"href":"https:\/\/www.planetel.it\/en\/wp-json\/wp\/v2\/media\/20381"}],"wp:attachment":[{"href":"https:\/\/www.planetel.it\/en\/wp-json\/wp\/v2\/media?parent=20336"}],"wp:term":[{"taxonomy":"category","embeddable":true,"href":"https:\/\/www.planetel.it\/en\/wp-json\/wp\/v2\/categories?post=20336"},{"taxonomy":"post_tag","embeddable":true,"href":"https:\/\/www.planetel.it\/en\/wp-json\/wp\/v2\/tags?post=20336"},{"taxonomy":"service_category","embeddable":true,"href":"https:\/\/www.planetel.it\/en\/wp-json\/wp\/v2\/service_category?post=20336"}],"curies":[{"name":"wp","href":"https:\/\/api.w.org\/{rel}","templated":true}]}}