{"id":20646,"date":"2024-09-27T17:18:54","date_gmt":"2024-09-27T15:18:54","guid":{"rendered":"https:\/\/www.planetel.it\/?p=20646"},"modified":"2024-09-27T17:18:58","modified_gmt":"2024-09-27T15:18:58","slug":"planetel-sponsor-di-solidarieta-insieme","status":"publish","type":"post","link":"https:\/\/www.planetel.it\/en\/2024\/09\/planetel-sponsor-di-solidarieta-insieme\/","title":{"rendered":"Planetel Sostiene l&#8217;Evento &#8220;Solidariet\u00e0 Insieme&#8221;: Una Serata di Sport, Amicizia e Beneficenza"},"content":{"rendered":"\n<p>Il 20 settembre, presso l&#8217;Oratorio Paolo VI di Albiate, si \u00e8 svolta una fantastica serata dedicata allo sport, all&#8217;amicizia e alla solidariet\u00e0. L&#8217;evento, dal titolo &#8220;<strong><em>Solidariet\u00e0 Insieme<\/em><\/strong>&#8220;. ha visto la partecipazione di figure di spicco come giornalisti e opinionisti di <strong>Telelombardia<\/strong>, insieme a rappresentative sportive locali. Tra gli sponsor c\u2019eravamo anche noi di Planetel, sempre sensibili verso il territorio e pronti a ribadire i <a href=\"https:\/\/www.planetel.it\/chi-siamo\/azienda\/\">valori<\/a> fondanti di vicinanza e supporto alla comunit\u00e0.<\/p>\n\n\n<h2 class=\"wp-block-heading\" id=\"planetel-allevento-solidarieta-insieme\"><strong>Planetel all&#8217;Evento &#8220;<em>Solidariet\u00e0 Insieme<\/em>&#8220;<\/strong><\/h2>\n\n\n<p>Come detto, Planetel pone costantemente una attenzione particolare verso le iniziative di carattere locale, benefico e sociale, motivo per cui ha deciso di partecipare come sponsor ufficiale dell&#8217;evento &#8220;<em>Solidariet\u00e0 Insieme<\/em>&#8220;. Questo appuntamento ha avuto come protagonisti sportivi locali e figure mediatiche di spicco, oltre a tante realt\u00e0 del paese, rendendo la serata un momento di forte impatto per tutta la comunit\u00e0.<\/p>\n\n\n\n<p>Per Planetel, sostenere queste iniziative significa contribuire attivamente allo sviluppo del territorio in cui opera, promuovendo valori che vanno oltre il mero business. La presenza di <strong>Mario Truffi<\/strong>, volto noto di Planetel su Telelombardia, ha dato ulteriore risalto all&#8217;importanza del legame tra azienda e comunit\u00e0, evidenziando come Planetel si impegni quotidianamente per essere un punto di riferimento per i suoi clienti e per il territorio.<\/p>\n\n\n<h2 class=\"wp-block-heading\" id=\"sport-e-solidarieta-un-impegno-condiviso-da-planetel\"><strong>Sport e Solidariet\u00e0: Un Impegno Condiviso da Planetel<\/strong><\/h2>\n\n\n<p>L&#8217;evento di Albiate non \u00e8 stato solo una serata di sport, ma anche un&#8217;occasione per celebrare la solidariet\u00e0 e l&#8217;amicizia. Planetel ha voluto dare il suo contributo, evidenziando come il percorso dell&#8217;azienda miri non soltanto a offrire <a href=\"https:\/\/www.planetel.it\/servizi\/telecomunicazioni\/\">servizi<\/a> tecnologici innovativi e all&#8217;avanguardia, ma anche a creare un <a href=\"https:\/\/www.planetel.it\/il-nostro-impegno\/\">impatto positivo<\/a> nelle vite delle persone.<\/p>\n\n\n\n<p>Con la partecipazione di rappresentative locali come l&#8217;Azzurra Albiate e le scuole del territorio, l&#8217;evento ha saputo unire realt\u00e0 diverse ma accumunate dal desiderio di collaborazione e divertimento, in un clima di assoluta inclusione. Noi di Planetel siamo felici di essere stati parte di tutto questo e di essere stati testimoni diretti di un altro momento di crescita collettiva del territorio.<\/p>\n\n\n\n<figure class=\"wp-block-gallery has-nested-images columns-default is-cropped wp-block-gallery-1 is-layout-flex wp-block-gallery-is-layout-flex\">\n<figure class=\"wp-block-image size-large\"><img loading=\"lazy\" decoding=\"async\" width=\"2048\" height=\"1400\" data-id=\"20652\" src=\"https:\/\/www.planetel.it\/wp-content\/uploads\/2024\/09\/Immagine-WhatsApp-2024-09-23-ore-14.48.59_650b5398.jpg\" alt=\"\" class=\"wp-image-20652\"\/><\/figure>\n\n\n\n<figure class=\"wp-block-image size-full\"><img loading=\"lazy\" decoding=\"async\" width=\"2048\" height=\"1400\" data-id=\"20653\" src=\"https:\/\/www.planetel.it\/wp-content\/uploads\/2024\/09\/Immagine-WhatsApp-2024-09-23-ore-14.48.32_b133940a.jpg\" alt=\"\" class=\"wp-image-20653\"\/><\/figure>\n\n\n\n<figure class=\"wp-block-image size-full\"><img loading=\"lazy\" decoding=\"async\" width=\"2048\" height=\"1400\" data-id=\"20655\" src=\"https:\/\/www.planetel.it\/wp-content\/uploads\/2024\/09\/Immagine-WhatsApp-2024-09-23-ore-14.48.32_e9d1c3a8.jpg\" alt=\"\" class=\"wp-image-20655\"\/><\/figure>\n\n\n\n<figure class=\"wp-block-image size-full\"><img loading=\"lazy\" decoding=\"async\" width=\"2048\" height=\"1400\" data-id=\"20654\" src=\"https:\/\/www.planetel.it\/wp-content\/uploads\/2024\/09\/Immagine-WhatsApp-2024-09-23-ore-14.48.32_83567ca0.jpg\" alt=\"\" class=\"wp-image-20654\"\/><\/figure>\n<\/figure>\n","protected":false},"excerpt":{"rendered":"<p>Il 20 settembre, presso l&#8217;Oratorio Paolo VI di Albiate, si \u00e8 svolta una fantastica serata dedicata allo sport, all&#8217;amicizia e alla solidariet\u00e0. L&#8217;evento, dal titolo &#8220;Solidariet\u00e0 Insieme&#8220;. ha visto la partecipazione di figure di spicco come giornalisti e opinionisti di Telelombardia, insieme a rappresentative sportive locali. Tra gli sponsor c\u2019eravamo anche noi di Planetel, sempre [&hellip;]<\/p>\n","protected":false},"author":4,"featured_media":20651,"comment_status":"closed","ping_status":"closed","sticky":false,"template":"","format":"standard","meta":{"_acf_changed":false,"footnotes":""},"categories":[722,672],"tags":[358,420,521,755,756,757],"service_category":[],"class_list":["post-20646","post","type-post","status-publish","format-standard","has-post-thumbnail","hentry","category-azienda","category-planetel","tag-planetel","tag-sponsorizzazione","tag-calcio","tag-telelombardia","tag-beneficenza","tag-albiate"],"acf":[],"yoast_head":"<!-- This site is optimized with the Yoast SEO plugin v27.3 - https:\/\/yoast.com\/product\/yoast-seo-wordpress\/ -->\n<title>Planetel sponsor di &quot;Solidariet\u00e0 Insieme&quot; tra sport e beneficienza<\/title>\n<meta name=\"description\" content=\"Planetel ha sponsorizzato l&#039;evento &quot;Solidariet\u00e0 Insieme&quot;, promuovendo valori di amicizia e solidariet\u00e0 con il volto noto di Mario Truffi.\" \/>\n<meta name=\"robots\" content=\"index, follow, max-snippet:-1, max-image-preview:large, max-video-preview:-1\" \/>\n<link rel=\"canonical\" href=\"https:\/\/www.planetel.it\/en\/2024\/09\/planetel-sponsor-di-solidarieta-insieme\/\" \/>\n<meta property=\"og:locale\" content=\"en_US\" \/>\n<meta property=\"og:type\" content=\"article\" \/>\n<meta property=\"og:title\" content=\"Planetel sponsor di &quot;Solidariet\u00e0 Insieme&quot; tra sport e beneficienza\" \/>\n<meta property=\"og:description\" content=\"Planetel ha sponsorizzato l&#039;evento &quot;Solidariet\u00e0 Insieme&quot;, promuovendo valori di amicizia e solidariet\u00e0 con il volto noto di Mario Truffi.\" \/>\n<meta property=\"og:url\" content=\"https:\/\/www.planetel.it\/en\/2024\/09\/planetel-sponsor-di-solidarieta-insieme\/\" \/>\n<meta property=\"og:site_name\" content=\"Planetel\" \/>\n<meta property=\"article:publisher\" content=\"https:\/\/www.facebook.com\/planetelspa\" \/>\n<meta property=\"article:published_time\" content=\"2024-09-27T15:18:54+00:00\" \/>\n<meta property=\"article:modified_time\" content=\"2024-09-27T15:18:58+00:00\" \/>\n<meta property=\"og:image\" content=\"https:\/\/www.planetel.it\/wp-content\/uploads\/2024\/09\/Volley-Bergamo.png\" \/>\n\t<meta property=\"og:image:width\" content=\"1200\" \/>\n\t<meta property=\"og:image:height\" content=\"630\" \/>\n\t<meta property=\"og:image:type\" content=\"image\/png\" \/>\n<meta name=\"twitter:card\" content=\"summary_large_image\" \/>\n<meta name=\"twitter:label1\" content=\"Written by\" \/>\n\t<meta name=\"twitter:data1\" content=\"Andrea Brumana\" \/>\n\t<meta name=\"twitter:label2\" content=\"Est. reading time\" \/>\n\t<meta name=\"twitter:data2\" content=\"3 minutes\" \/>\n<script type=\"application\/ld+json\" class=\"yoast-schema-graph\">{\"@context\":\"https:\\\/\\\/schema.org\",\"@graph\":[{\"@type\":\"Article\",\"@id\":\"https:\\\/\\\/www.planetel.it\\\/en\\\/2024\\\/09\\\/planetel-sponsor-di-solidarieta-insieme\\\/#article\",\"isPartOf\":{\"@id\":\"https:\\\/\\\/www.planetel.it\\\/en\\\/2024\\\/09\\\/planetel-sponsor-di-solidarieta-insieme\\\/\"},\"author\":{\"name\":\"Andrea Brumana\",\"@id\":\"https:\\\/\\\/www.planetel.it\\\/en\\\/#\\\/schema\\\/person\\\/8e74703d23ff222042246a845bb004fa\"},\"headline\":\"Planetel Sostiene l&#8217;Evento &#8220;Solidariet\u00e0 Insieme&#8221;: Una Serata di Sport, Amicizia e Beneficenza\",\"datePublished\":\"2024-09-27T15:18:54+00:00\",\"dateModified\":\"2024-09-27T15:18:58+00:00\",\"mainEntityOfPage\":{\"@id\":\"https:\\\/\\\/www.planetel.it\\\/en\\\/2024\\\/09\\\/planetel-sponsor-di-solidarieta-insieme\\\/\"},\"wordCount\":348,\"publisher\":{\"@id\":\"https:\\\/\\\/www.planetel.it\\\/en\\\/#organization\"},\"image\":{\"@id\":\"https:\\\/\\\/www.planetel.it\\\/en\\\/2024\\\/09\\\/planetel-sponsor-di-solidarieta-insieme\\\/#primaryimage\"},\"thumbnailUrl\":\"https:\\\/\\\/www.planetel.it\\\/wp-content\\\/uploads\\\/2024\\\/09\\\/Volley-Bergamo.png\",\"keywords\":[\"Planetel\",\"sponsorizzazione\",\"Calcio\",\"telelombardia\",\"beneficenza\",\"albiate\"],\"articleSection\":[\"Azienda\",\"Planetel\"],\"inLanguage\":\"en-US\"},{\"@type\":\"WebPage\",\"@id\":\"https:\\\/\\\/www.planetel.it\\\/en\\\/2024\\\/09\\\/planetel-sponsor-di-solidarieta-insieme\\\/\",\"url\":\"https:\\\/\\\/www.planetel.it\\\/en\\\/2024\\\/09\\\/planetel-sponsor-di-solidarieta-insieme\\\/\",\"name\":\"Planetel sponsor di \\\"Solidariet\u00e0 Insieme\\\" tra sport e beneficienza\",\"isPartOf\":{\"@id\":\"https:\\\/\\\/www.planetel.it\\\/en\\\/#website\"},\"primaryImageOfPage\":{\"@id\":\"https:\\\/\\\/www.planetel.it\\\/en\\\/2024\\\/09\\\/planetel-sponsor-di-solidarieta-insieme\\\/#primaryimage\"},\"image\":{\"@id\":\"https:\\\/\\\/www.planetel.it\\\/en\\\/2024\\\/09\\\/planetel-sponsor-di-solidarieta-insieme\\\/#primaryimage\"},\"thumbnailUrl\":\"https:\\\/\\\/www.planetel.it\\\/wp-content\\\/uploads\\\/2024\\\/09\\\/Volley-Bergamo.png\",\"datePublished\":\"2024-09-27T15:18:54+00:00\",\"dateModified\":\"2024-09-27T15:18:58+00:00\",\"description\":\"Planetel ha sponsorizzato l'evento \\\"Solidariet\u00e0 Insieme\\\", promuovendo valori di amicizia e solidariet\u00e0 con il volto noto di Mario Truffi.\",\"breadcrumb\":{\"@id\":\"https:\\\/\\\/www.planetel.it\\\/en\\\/2024\\\/09\\\/planetel-sponsor-di-solidarieta-insieme\\\/#breadcrumb\"},\"inLanguage\":\"en-US\",\"potentialAction\":[{\"@type\":\"ReadAction\",\"target\":[\"https:\\\/\\\/www.planetel.it\\\/en\\\/2024\\\/09\\\/planetel-sponsor-di-solidarieta-insieme\\\/\"]}]},{\"@type\":\"ImageObject\",\"inLanguage\":\"en-US\",\"@id\":\"https:\\\/\\\/www.planetel.it\\\/en\\\/2024\\\/09\\\/planetel-sponsor-di-solidarieta-insieme\\\/#primaryimage\",\"url\":\"https:\\\/\\\/www.planetel.it\\\/wp-content\\\/uploads\\\/2024\\\/09\\\/Volley-Bergamo.png\",\"contentUrl\":\"https:\\\/\\\/www.planetel.it\\\/wp-content\\\/uploads\\\/2024\\\/09\\\/Volley-Bergamo.png\",\"width\":1200,\"height\":630,\"caption\":\"Planetel\"},{\"@type\":\"BreadcrumbList\",\"@id\":\"https:\\\/\\\/www.planetel.it\\\/en\\\/2024\\\/09\\\/planetel-sponsor-di-solidarieta-insieme\\\/#breadcrumb\",\"itemListElement\":[{\"@type\":\"ListItem\",\"position\":1,\"name\":\"Home\",\"item\":\"https:\\\/\\\/www.planetel.it\\\/en\\\/\"},{\"@type\":\"ListItem\",\"position\":2,\"name\":\"Azienda\",\"item\":\"https:\\\/\\\/www.planetel.it\\\/news\\\/blog\\\/categoria\\\/azienda\\\/\"},{\"@type\":\"ListItem\",\"position\":3,\"name\":\"Planetel Sostiene l&#8217;Evento &#8220;Solidariet\u00e0 Insieme&#8221;: Una Serata di Sport, Amicizia e Beneficenza\"}]},{\"@type\":\"WebSite\",\"@id\":\"https:\\\/\\\/www.planetel.it\\\/en\\\/#website\",\"url\":\"https:\\\/\\\/www.planetel.it\\\/en\\\/\",\"name\":\"Planetel\",\"description\":\"Pi\u00f9 che una connessione\",\"publisher\":{\"@id\":\"https:\\\/\\\/www.planetel.it\\\/en\\\/#organization\"},\"potentialAction\":[{\"@type\":\"SearchAction\",\"target\":{\"@type\":\"EntryPoint\",\"urlTemplate\":\"https:\\\/\\\/www.planetel.it\\\/en\\\/?s={search_term_string}\"},\"query-input\":{\"@type\":\"PropertyValueSpecification\",\"valueRequired\":true,\"valueName\":\"search_term_string\"}}],\"inLanguage\":\"en-US\"},{\"@type\":\"Organization\",\"@id\":\"https:\\\/\\\/www.planetel.it\\\/en\\\/#organization\",\"name\":\"Planetel S.p.A.\",\"url\":\"https:\\\/\\\/www.planetel.it\\\/en\\\/\",\"logo\":{\"@type\":\"ImageObject\",\"inLanguage\":\"en-US\",\"@id\":\"https:\\\/\\\/www.planetel.it\\\/en\\\/#\\\/schema\\\/logo\\\/image\\\/\",\"url\":\"https:\\\/\\\/www.planetel.it\\\/wp-content\\\/uploads\\\/2024\\\/04\\\/logo-group-planetel.svg\",\"contentUrl\":\"https:\\\/\\\/www.planetel.it\\\/wp-content\\\/uploads\\\/2024\\\/04\\\/logo-group-planetel.svg\",\"width\":1,\"height\":1,\"caption\":\"Planetel S.p.A.\"},\"image\":{\"@id\":\"https:\\\/\\\/www.planetel.it\\\/en\\\/#\\\/schema\\\/logo\\\/image\\\/\"},\"sameAs\":[\"https:\\\/\\\/www.facebook.com\\\/planetelspa\",\"https:\\\/\\\/www.linkedin.com\\\/company\\\/planetel\",\"https:\\\/\\\/www.instagram.com\\\/planetelspa\"]},{\"@type\":\"Person\",\"@id\":\"https:\\\/\\\/www.planetel.it\\\/en\\\/#\\\/schema\\\/person\\\/8e74703d23ff222042246a845bb004fa\",\"name\":\"Andrea Brumana\",\"image\":{\"@type\":\"ImageObject\",\"inLanguage\":\"en-US\",\"@id\":\"https:\\\/\\\/secure.gravatar.com\\\/avatar\\\/9a839884f24513d8bf063a907c74d8d2483fb1c4bbbf7cf7222c3e08581e4219?s=96&d=mm&r=g\",\"url\":\"https:\\\/\\\/secure.gravatar.com\\\/avatar\\\/9a839884f24513d8bf063a907c74d8d2483fb1c4bbbf7cf7222c3e08581e4219?s=96&d=mm&r=g\",\"contentUrl\":\"https:\\\/\\\/secure.gravatar.com\\\/avatar\\\/9a839884f24513d8bf063a907c74d8d2483fb1c4bbbf7cf7222c3e08581e4219?s=96&d=mm&r=g\",\"caption\":\"Andrea Brumana\"},\"url\":\"https:\\\/\\\/www.planetel.it\\\/en\\\/author\\\/a-brumana\\\/\"}]}<\/script>\n<!-- \/ Yoast SEO plugin. -->","yoast_head_json":{"title":"Planetel sponsor di \"Solidariet\u00e0 Insieme\" tra sport e beneficienza","description":"Planetel ha sponsorizzato l'evento \"Solidariet\u00e0 Insieme\", promuovendo valori di amicizia e solidariet\u00e0 con il volto noto di Mario Truffi.","robots":{"index":"index","follow":"follow","max-snippet":"max-snippet:-1","max-image-preview":"max-image-preview:large","max-video-preview":"max-video-preview:-1"},"canonical":"https:\/\/www.planetel.it\/en\/2024\/09\/planetel-sponsor-di-solidarieta-insieme\/","og_locale":"en_US","og_type":"article","og_title":"Planetel sponsor di \"Solidariet\u00e0 Insieme\" tra sport e beneficienza","og_description":"Planetel ha sponsorizzato l'evento \"Solidariet\u00e0 Insieme\", promuovendo valori di amicizia e solidariet\u00e0 con il volto noto di Mario Truffi.","og_url":"https:\/\/www.planetel.it\/en\/2024\/09\/planetel-sponsor-di-solidarieta-insieme\/","og_site_name":"Planetel","article_publisher":"https:\/\/www.facebook.com\/planetelspa","article_published_time":"2024-09-27T15:18:54+00:00","article_modified_time":"2024-09-27T15:18:58+00:00","og_image":[{"width":1200,"height":630,"url":"https:\/\/www.planetel.it\/wp-content\/uploads\/2024\/09\/Volley-Bergamo.png","type":"image\/png"}],"twitter_card":"summary_large_image","twitter_misc":{"Written by":"Andrea Brumana","Est. reading time":"3 minutes"},"schema":{"@context":"https:\/\/schema.org","@graph":[{"@type":"Article","@id":"https:\/\/www.planetel.it\/en\/2024\/09\/planetel-sponsor-di-solidarieta-insieme\/#article","isPartOf":{"@id":"https:\/\/www.planetel.it\/en\/2024\/09\/planetel-sponsor-di-solidarieta-insieme\/"},"author":{"name":"Andrea Brumana","@id":"https:\/\/www.planetel.it\/en\/#\/schema\/person\/8e74703d23ff222042246a845bb004fa"},"headline":"Planetel Sostiene l&#8217;Evento &#8220;Solidariet\u00e0 Insieme&#8221;: Una Serata di Sport, Amicizia e Beneficenza","datePublished":"2024-09-27T15:18:54+00:00","dateModified":"2024-09-27T15:18:58+00:00","mainEntityOfPage":{"@id":"https:\/\/www.planetel.it\/en\/2024\/09\/planetel-sponsor-di-solidarieta-insieme\/"},"wordCount":348,"publisher":{"@id":"https:\/\/www.planetel.it\/en\/#organization"},"image":{"@id":"https:\/\/www.planetel.it\/en\/2024\/09\/planetel-sponsor-di-solidarieta-insieme\/#primaryimage"},"thumbnailUrl":"https:\/\/www.planetel.it\/wp-content\/uploads\/2024\/09\/Volley-Bergamo.png","keywords":["Planetel","sponsorizzazione","Calcio","telelombardia","beneficenza","albiate"],"articleSection":["Azienda","Planetel"],"inLanguage":"en-US"},{"@type":"WebPage","@id":"https:\/\/www.planetel.it\/en\/2024\/09\/planetel-sponsor-di-solidarieta-insieme\/","url":"https:\/\/www.planetel.it\/en\/2024\/09\/planetel-sponsor-di-solidarieta-insieme\/","name":"Planetel sponsor di \"Solidariet\u00e0 Insieme\" tra sport e beneficienza","isPartOf":{"@id":"https:\/\/www.planetel.it\/en\/#website"},"primaryImageOfPage":{"@id":"https:\/\/www.planetel.it\/en\/2024\/09\/planetel-sponsor-di-solidarieta-insieme\/#primaryimage"},"image":{"@id":"https:\/\/www.planetel.it\/en\/2024\/09\/planetel-sponsor-di-solidarieta-insieme\/#primaryimage"},"thumbnailUrl":"https:\/\/www.planetel.it\/wp-content\/uploads\/2024\/09\/Volley-Bergamo.png","datePublished":"2024-09-27T15:18:54+00:00","dateModified":"2024-09-27T15:18:58+00:00","description":"Planetel ha sponsorizzato l'evento \"Solidariet\u00e0 Insieme\", promuovendo valori di amicizia e solidariet\u00e0 con il volto noto di Mario Truffi.","breadcrumb":{"@id":"https:\/\/www.planetel.it\/en\/2024\/09\/planetel-sponsor-di-solidarieta-insieme\/#breadcrumb"},"inLanguage":"en-US","potentialAction":[{"@type":"ReadAction","target":["https:\/\/www.planetel.it\/en\/2024\/09\/planetel-sponsor-di-solidarieta-insieme\/"]}]},{"@type":"ImageObject","inLanguage":"en-US","@id":"https:\/\/www.planetel.it\/en\/2024\/09\/planetel-sponsor-di-solidarieta-insieme\/#primaryimage","url":"https:\/\/www.planetel.it\/wp-content\/uploads\/2024\/09\/Volley-Bergamo.png","contentUrl":"https:\/\/www.planetel.it\/wp-content\/uploads\/2024\/09\/Volley-Bergamo.png","width":1200,"height":630,"caption":"Planetel"},{"@type":"BreadcrumbList","@id":"https:\/\/www.planetel.it\/en\/2024\/09\/planetel-sponsor-di-solidarieta-insieme\/#breadcrumb","itemListElement":[{"@type":"ListItem","position":1,"name":"Home","item":"https:\/\/www.planetel.it\/en\/"},{"@type":"ListItem","position":2,"name":"Azienda","item":"https:\/\/www.planetel.it\/news\/blog\/categoria\/azienda\/"},{"@type":"ListItem","position":3,"name":"Planetel Sostiene l&#8217;Evento &#8220;Solidariet\u00e0 Insieme&#8221;: Una Serata di Sport, Amicizia e Beneficenza"}]},{"@type":"WebSite","@id":"https:\/\/www.planetel.it\/en\/#website","url":"https:\/\/www.planetel.it\/en\/","name":"Planetel","description":"Pi\u00f9 che una connessione","publisher":{"@id":"https:\/\/www.planetel.it\/en\/#organization"},"potentialAction":[{"@type":"SearchAction","target":{"@type":"EntryPoint","urlTemplate":"https:\/\/www.planetel.it\/en\/?s={search_term_string}"},"query-input":{"@type":"PropertyValueSpecification","valueRequired":true,"valueName":"search_term_string"}}],"inLanguage":"en-US"},{"@type":"Organization","@id":"https:\/\/www.planetel.it\/en\/#organization","name":"Planetel S.p.A.","url":"https:\/\/www.planetel.it\/en\/","logo":{"@type":"ImageObject","inLanguage":"en-US","@id":"https:\/\/www.planetel.it\/en\/#\/schema\/logo\/image\/","url":"https:\/\/www.planetel.it\/wp-content\/uploads\/2024\/04\/logo-group-planetel.svg","contentUrl":"https:\/\/www.planetel.it\/wp-content\/uploads\/2024\/04\/logo-group-planetel.svg","width":1,"height":1,"caption":"Planetel S.p.A."},"image":{"@id":"https:\/\/www.planetel.it\/en\/#\/schema\/logo\/image\/"},"sameAs":["https:\/\/www.facebook.com\/planetelspa","https:\/\/www.linkedin.com\/company\/planetel","https:\/\/www.instagram.com\/planetelspa"]},{"@type":"Person","@id":"https:\/\/www.planetel.it\/en\/#\/schema\/person\/8e74703d23ff222042246a845bb004fa","name":"Andrea Brumana","image":{"@type":"ImageObject","inLanguage":"en-US","@id":"https:\/\/secure.gravatar.com\/avatar\/9a839884f24513d8bf063a907c74d8d2483fb1c4bbbf7cf7222c3e08581e4219?s=96&d=mm&r=g","url":"https:\/\/secure.gravatar.com\/avatar\/9a839884f24513d8bf063a907c74d8d2483fb1c4bbbf7cf7222c3e08581e4219?s=96&d=mm&r=g","contentUrl":"https:\/\/secure.gravatar.com\/avatar\/9a839884f24513d8bf063a907c74d8d2483fb1c4bbbf7cf7222c3e08581e4219?s=96&d=mm&r=g","caption":"Andrea Brumana"},"url":"https:\/\/www.planetel.it\/en\/author\/a-brumana\/"}]}},"_links":{"self":[{"href":"https:\/\/www.planetel.it\/en\/wp-json\/wp\/v2\/posts\/20646","targetHints":{"allow":["GET"]}}],"collection":[{"href":"https:\/\/www.planetel.it\/en\/wp-json\/wp\/v2\/posts"}],"about":[{"href":"https:\/\/www.planetel.it\/en\/wp-json\/wp\/v2\/types\/post"}],"author":[{"embeddable":true,"href":"https:\/\/www.planetel.it\/en\/wp-json\/wp\/v2\/users\/4"}],"replies":[{"embeddable":true,"href":"https:\/\/www.planetel.it\/en\/wp-json\/wp\/v2\/comments?post=20646"}],"version-history":[{"count":1,"href":"https:\/\/www.planetel.it\/en\/wp-json\/wp\/v2\/posts\/20646\/revisions"}],"predecessor-version":[{"id":20656,"href":"https:\/\/www.planetel.it\/en\/wp-json\/wp\/v2\/posts\/20646\/revisions\/20656"}],"wp:featuredmedia":[{"embeddable":true,"href":"https:\/\/www.planetel.it\/en\/wp-json\/wp\/v2\/media\/20651"}],"wp:attachment":[{"href":"https:\/\/www.planetel.it\/en\/wp-json\/wp\/v2\/media?parent=20646"}],"wp:term":[{"taxonomy":"category","embeddable":true,"href":"https:\/\/www.planetel.it\/en\/wp-json\/wp\/v2\/categories?post=20646"},{"taxonomy":"post_tag","embeddable":true,"href":"https:\/\/www.planetel.it\/en\/wp-json\/wp\/v2\/tags?post=20646"},{"taxonomy":"service_category","embeddable":true,"href":"https:\/\/www.planetel.it\/en\/wp-json\/wp\/v2\/service_category?post=20646"}],"curies":[{"name":"wp","href":"https:\/\/api.w.org\/{rel}","templated":true}]}}