{"id":22961,"date":"2024-10-16T09:53:36","date_gmt":"2024-10-16T07:53:36","guid":{"rendered":"https:\/\/www.planetel.it\/?p=22961"},"modified":"2024-11-14T15:01:37","modified_gmt":"2024-11-14T14:01:37","slug":"planetel-alla-45-edizione-della-fiera-campionaria-di-bergamo","status":"publish","type":"post","link":"https:\/\/www.planetel.it\/en\/2024\/10\/planetel-alla-45-edizione-della-fiera-campionaria-di-bergamo\/","title":{"rendered":"Planetel alla 45\u00b0 edizione della Fiera Campionaria di Bergamo"},"content":{"rendered":"\n<p style=\"font-size:10px\">Aggiornamento 14\/11\/2024<\/p>\n\n\n\n<p>Anche quest&#8217;anno la partecipazione alla <strong>Fiera Campionaria di Bergamo<\/strong> \u00e8 stata un grande successo e un momento importante per incontrare tantissime persone e condividere con loro le nostre soluzioni per la casa. <\/p>\n\n\n\n<p>Essere presenti a un evento cos\u00ec significativo per il nostro territorio \u00e8 un\u2019occasione preziosa per creare relazioni, cercando di mostrare la qualit\u00e0 dei nostri servizi e la professionalit\u00e0 dei nostri collaboratori.<\/p>\n\n\n\n<div style=\"height:50px\" aria-hidden=\"true\" class=\"wp-block-spacer\"><\/div>\n\n\n\n<figure class=\"wp-block-embed is-type-video is-provider-youtube wp-block-embed-youtube wp-embed-aspect-16-9 wp-has-aspect-ratio\"><div class=\"wp-block-embed__wrapper\">\n<iframe loading=\"lazy\" title=\"PLANETEL alla Fiera CAMPIONARIA di Bergamo 2024\" width=\"500\" height=\"281\" src=\"https:\/\/www.youtube.com\/embed\/_F2FyrpKyFE?start=8&#038;feature=oembed\" frameborder=\"0\" allow=\"accelerometer; autoplay; clipboard-write; encrypted-media; gyroscope; picture-in-picture; web-share\" referrerpolicy=\"strict-origin-when-cross-origin\" allowfullscreen><\/iframe>\n<\/div><\/figure>\n\n\n\n<div style=\"height:50px\" aria-hidden=\"true\" class=\"wp-block-spacer\"><\/div>\n\n\n\n<hr class=\"wp-block-separator has-alpha-channel-opacity\"\/>\n\n\n\n<div style=\"height:50px\" aria-hidden=\"true\" class=\"wp-block-spacer\"><\/div>\n\n\n\n<p>Siamo felici di annunciare che anche quest\u2019anno parteciperemo alla nuova edizione della <strong>Fiera Campionaria <\/strong>di Bergamo dal 30 ottobre al 3 novembre 2024, una delle manifestazioni per eccellenza della provincia che da oltre 40 anni connette migliaia di visitatori con tantissimi espositori eterogenei per natura e settore.<\/p>\n\n\n\n<div style=\"height:50px\" aria-hidden=\"true\" class=\"wp-block-spacer\"><\/div>\n\n\n<h2 class=\"wp-block-heading\" id=\"i-numeri-a-testimonianza-del-valore-della-fiera-campionaria\">I numeri a testimonianza del valore della Fiera Campionaria<\/h2>\n\n\n<p>Anno dopo anno i numeri fatti registrare dalla <strong>Fiera Campionaria<\/strong> evidenziano il valore, per un\u2019azienda territoriale ma al contempo importante come la nostra, di ritagliarsi uno spazio tra le realt\u00e0 espositive presenti. La possibilit\u00e0 di presentare in modo dettagliato le nostre offerte e soluzioni, di illustrare alle persone la qualit\u00e0 e l\u2019innovazione dei nostri servizi e di sottolineare il nostro l\u2019impegno per lo sviluppo tecnologico e infrastrutturale del territorio bergamasco, trova nella Fiera Campionaria un palcoscenico ideale su cui esibirsi e dal quale ribadire i nostri valori attraverso il dialogo e il confronto diretto con i visitatori.<\/p>\n\n\n\n<p>Per descrivere l\u2019evento in termini quantitativi, la Fiera Campionaria conta 15.000 metri quadrati espositivi, oltre 170 espositori e circa 70.000 visitatori nella sua ultima edizione.<\/p>\n\n\n\n<div style=\"height:50px\" aria-hidden=\"true\" class=\"wp-block-spacer\"><\/div>\n\n\n<h2 class=\"wp-block-heading\" id=\"le-soluzioni-planetel-alla-fiera-campionaria-2024\">Le soluzioni Planetel alla Fiera Campionaria 2024<\/h2>\n\n\n<p>Parlando a un mercato principalmente B2C come quello a cui la <strong>Fiera Campionaria<\/strong> si rivolge, abbiamo pensato di mettere in risalto le <a href=\"https:\/\/www.planetel.it\/privati\/\">nostre offerte<\/a> e novit\u00e0 dedicate alla rivoluzione digitale della casa. Ci\u00f2 significa, naturalmente, poter ottenere subito la miglior <strong>connettivit\u00e0 in <\/strong><a href=\"https:\/\/www.planetel.it\/servizi\/telecomunicazioni\/connettivita-fibra-ottica\/\"><strong>Fibra Ottica<\/strong><\/a> disponibile all\u2019indirizzo selezionato, dalla classica FTTC alla performante FTTH. Ma non \u00e8 finita qui. Sar\u00e0, infatti, possibile approfondire insieme ai nostri esperti le soluzioni <a href=\"https:\/\/fibra.planetel.it\/offerte-casa\/planetel-sicurezza-casa\/\"><strong><em>Planetel Sicurezza Casa<\/em><\/strong><\/a> e <a href=\"https:\/\/fibra.planetel.it\/offerte-casa\/planetel-casa-green\/\"><strong><em>Planetel Casa Green<\/em><\/strong><\/a>, toccare con mano i dispositivi che caratterizzano questi due \u201cpacchetti\u201d e, eventualmente, sottoscrivere il contratto per assicurarsi, oltre alla linea internet ultraveloce, anche un nuovo sistema d\u2019allarme o un bellissimo device ricondizionato. Tutto ci\u00f2 con un\u2019aggiunta di pochi euro al canone mensile.<\/p>\n\n\n\n<div style=\"height:50px\" aria-hidden=\"true\" class=\"wp-block-spacer\"><\/div>\n\n\n<h3 class=\"wp-block-heading\" id=\"planetel-sicurezza-casa-la-novita-alla-fiera-campionaria\">Planetel Sicurezza Casa: la novit\u00e0 alla Fiera Campionaria<\/h3>\n\n\n<p>Entrando nel dettaglio, la grande novit\u00e0 che porteremo in Fiera sar\u00e0 la nostra soluzione <a href=\"https:\/\/www.planetel.it\/2024\/10\/offerta-planetel-sicurezza-casa\/\"><strong><em>Planetel Sicurezza Casa<\/em><\/strong><\/a>, un\u2019offerta che unisce connettivit\u00e0 in Fibra ottica e <strong>protezione domestica<\/strong>. Alla nostra linea internet stabile, veloce ed efficiente, infatti, \u00e8 ora possibile abbinare un <strong>sistema di allarme<\/strong> completo e facile da usare, composto da una centralina di monitoraggio e gestione, un sensore porta-finestra da installare su uno degli infissi e un rilevatore di movimento da posizionare in una zona strategica dell\u2019abitazione per riscontrare passaggi indesiderati. A ci\u00f2 si aggiunge una comoda applicazione per la gestione e il monitoraggio globale del sistema, degli utenti, delle notifiche e degli automatismi impostati, ed un radiocomando per il controllo a distanza.<\/p>\n\n\n\n<div style=\"height:15px\" aria-hidden=\"true\" class=\"wp-block-spacer\"><\/div>\n\n\n\n<div class=\"wp-block-buttons is-content-justification-center is-layout-flex wp-container-core-buttons-is-layout-062f0008 wp-block-buttons-is-layout-flex\">\n<div class=\"wp-block-button has-custom-font-size is-style-fill has-small-font-size\"><a class=\"wp-block-button__link has-white-color has-text-color has-background has-link-color wp-element-button\" href=\"https:\/\/fibra.planetel.it\/offerte-casa\/planetel-sicurezza-casa\/\" style=\"border-radius:15px;background-color:#439f35\"><strong>Scopri Planetel Sicurezza Casa<\/strong><\/a><\/div>\n<\/div>\n\n\n\n<div style=\"height:50px\" aria-hidden=\"true\" class=\"wp-block-spacer\"><\/div>\n\n\n<h3 class=\"wp-block-heading\" id=\"planetel-casa-green-lofferta-che-abbraccia-la-sostenibilita\">Planetel Casa Green: l\u2019offerta che abbraccia la sostenibilit\u00e0<\/h3>\n\n\n<p>La seconda proposta speciale che avremo in Fiera Campionaria sar\u00e0 <a href=\"https:\/\/fibra.planetel.it\/offerte-casa\/planetel-casa-green\/\"><strong><em>Planetel Casa Green<\/em><\/strong><\/a>, un pacchetto ecosostenibile attraverso cui \u00e8 possibile abbinare alla connettivit\u00e0 in Fibra ottica Planetel anche un <strong>dispositivo ricondizionato<\/strong> del partner TrenDevice. Il cliente, dunque, dopo aver verificato l\u2019effettiva copertura della propria abitazione insieme ai nostri specialisti presenti allo stand, avr\u00e0 l\u2019opportunit\u00e0 di scegliere un prodotto rigenerato di qualit\u00e0 A fra smartphone, tablet, pc, smartwatch e auricolari delle migliori marche. Una proposta che mescola la qualit\u00e0 e l\u2019innovazione tecnologica con la tutela e la salvaguardia delle dinamiche ambientali.<\/p>\n\n\n\n<div style=\"height:15px\" aria-hidden=\"true\" class=\"wp-block-spacer\"><\/div>\n\n\n\n<div class=\"wp-block-buttons is-content-justification-center is-layout-flex wp-container-core-buttons-is-layout-51f7783f wp-block-buttons-is-layout-flex\">\n<div class=\"wp-block-button has-custom-font-size has-small-font-size\"><a class=\"wp-block-button__link has-white-color has-text-color has-background has-link-color wp-element-button\" href=\"https:\/\/fibra.planetel.it\/offerte-casa\/planetel-casa-green\/\" style=\"border-radius:15px;background-color:#439f35\"><strong>Scopri Planetel Casa Green<\/strong><\/a><\/div>\n<\/div>\n\n\n\n<div style=\"height:50px\" aria-hidden=\"true\" class=\"wp-block-spacer\"><\/div>\n\n\n<h3 class=\"wp-block-heading\" id=\"tanti-servizi-anche-per-professionisti-pmi-e-grandi-aziende\">Tanti servizi anche per professionisti, PMI e grandi aziende<\/h3>\n\n\n<p>Naturalmente, la proposta commerciale di Planetel non si limita alla connettivit\u00e0 di casa e al mercato B2C ma allarga il suo raggio d\u2019azione a tutte quelle <a href=\"https:\/\/www.planetel.it\/aziende\/\"><strong>realt\u00e0 business<\/strong><\/a> che desiderano migliorare la propria infrastruttura IT e ottimizzare il proprio percorso di trasformazione digitale. I nostri esperti presenti in fiera, infatti, saranno felici di accogliere tutti i possessori di partita IVA, gli IT manager e, in generale, i professionisti che volessero saperne di pi\u00f9 sulla nostra offerta per il B2B: dal <strong>Cloud<\/strong> all\u2019<strong>IT<\/strong>, dalla <strong>Cybersecurity<\/strong> ai <strong>Servizi Web<\/strong> fino ad arrivare all\u2019<strong>Office Automation<\/strong>.<\/p>\n\n\n\n<div style=\"height:15px\" aria-hidden=\"true\" class=\"wp-block-spacer\"><\/div>\n\n\n\n<div class=\"wp-block-buttons is-content-justification-center is-layout-flex wp-container-core-buttons-is-layout-51f7783f wp-block-buttons-is-layout-flex\">\n<div class=\"wp-block-button has-custom-font-size has-small-font-size\"><a class=\"wp-block-button__link has-white-color has-text-color has-background has-link-color wp-element-button\" href=\"https:\/\/fibra.planetel.it\/offerte-aziende\/planetel-smart-business\/\" style=\"border-radius:15px;background-color:#439f35\"><strong>Scopri Smart Business<\/strong><\/a><\/div>\n<\/div>\n\n\n\n<div style=\"height:50px\" aria-hidden=\"true\" class=\"wp-block-spacer\"><\/div>\n\n\n\n<hr class=\"wp-block-separator has-alpha-channel-opacity\"\/>\n\n\n\n<p>L\u2019appuntamento con la Fiera Campionaria di Bergamo 2024 \u00e8 alle porte. Segnate sul calendario le date dal <strong>30 ottobre<\/strong> al <strong>3 novembre<\/strong> e venite a trovarci allo <strong>stand 81<\/strong>, <strong>padiglione A<\/strong>. Saremo entusiasti di incontrarvi, confrontarci con voi e presentavi la qualit\u00e0 delle nostre soluzioni. L\u2019ingresso \u00e8 gratuito!<\/p>\n\n\n\n<div style=\"height:15px\" aria-hidden=\"true\" class=\"wp-block-spacer\"><\/div>\n\n\n\n<div class=\"wp-block-buttons is-content-justification-center is-layout-flex wp-container-core-buttons-is-layout-16018d1d wp-block-buttons-is-layout-flex\">\n<div class=\"wp-block-button has-custom-font-size has-small-font-size\"><a class=\"wp-block-button__link has-white-color has-text-color has-background has-link-color wp-element-button\" href=\"https:\/\/www.campionaria-bergamo.it\/\" style=\"border-radius:15px;background-color:#439f35\"><strong>Scopri di pi\u00f9<\/strong><\/a><\/div>\n<\/div>\n","protected":false},"excerpt":{"rendered":"<p>Aggiornamento 14\/11\/2024 Anche quest&#8217;anno la partecipazione alla Fiera Campionaria di Bergamo \u00e8 stata un grande successo e un momento importante per incontrare tantissime persone e condividere con loro le nostre soluzioni per la casa. Essere presenti a un evento cos\u00ec significativo per il nostro territorio \u00e8 un\u2019occasione preziosa per creare relazioni, cercando di mostrare la [&hellip;]<\/p>\n","protected":false},"author":4,"featured_media":22966,"comment_status":"closed","ping_status":"closed","sticky":false,"template":"","format":"standard","meta":{"_acf_changed":false,"footnotes":""},"categories":[690,716],"tags":[358,379,509,766,787],"service_category":[],"class_list":["post-22961","post","type-post","status-publish","format-standard","has-post-thumbnail","hentry","category-servizi","category-privati","tag-planetel","tag-fibra-ottica","tag-fiera-campionaria","tag-sicurezza-casa","tag-casa-green"],"acf":[],"yoast_head":"<!-- This site is optimized with the Yoast SEO plugin v27.3 - https:\/\/yoast.com\/product\/yoast-seo-wordpress\/ -->\n<title>Planetel alla 45\u00b0 edizione della Fiera Campionaria di Bergamo<\/title>\n<meta name=\"description\" content=\"Scopri le soluzioni di Planetel alla Fiera Campionaria di Bergamo 2024. Visita il nostro stand e incontra i nostri esperti.\" \/>\n<meta name=\"robots\" content=\"index, follow, max-snippet:-1, max-image-preview:large, max-video-preview:-1\" \/>\n<link rel=\"canonical\" href=\"https:\/\/www.planetel.it\/en\/2024\/10\/planetel-alla-45-edizione-della-fiera-campionaria-di-bergamo\/\" \/>\n<meta property=\"og:locale\" content=\"en_US\" \/>\n<meta property=\"og:type\" content=\"article\" \/>\n<meta property=\"og:title\" content=\"Planetel alla 45\u00b0 edizione della Fiera Campionaria di Bergamo\" \/>\n<meta property=\"og:description\" content=\"Scopri le soluzioni di Planetel alla Fiera Campionaria di Bergamo 2024. Visita il nostro stand e incontra i nostri esperti.\" \/>\n<meta property=\"og:url\" content=\"https:\/\/www.planetel.it\/en\/2024\/10\/planetel-alla-45-edizione-della-fiera-campionaria-di-bergamo\/\" \/>\n<meta property=\"og:site_name\" content=\"Planetel\" \/>\n<meta property=\"article:publisher\" content=\"https:\/\/www.facebook.com\/planetelspa\" \/>\n<meta property=\"article:published_time\" content=\"2024-10-16T07:53:36+00:00\" \/>\n<meta property=\"article:modified_time\" content=\"2024-11-14T14:01:37+00:00\" \/>\n<meta property=\"og:image\" content=\"https:\/\/www.planetel.it\/wp-content\/uploads\/2024\/10\/Blog_Fiera_Campionaria.jpg\" \/>\n\t<meta property=\"og:image:width\" content=\"1200\" \/>\n\t<meta property=\"og:image:height\" content=\"630\" \/>\n\t<meta property=\"og:image:type\" content=\"image\/jpeg\" \/>\n<meta name=\"twitter:card\" content=\"summary_large_image\" \/>\n<meta name=\"twitter:label1\" content=\"Written by\" \/>\n\t<meta name=\"twitter:data1\" content=\"Andrea Brumana\" \/>\n\t<meta name=\"twitter:label2\" content=\"Est. reading time\" \/>\n\t<meta name=\"twitter:data2\" content=\"5 minutes\" \/>\n<script type=\"application\/ld+json\" class=\"yoast-schema-graph\">{\"@context\":\"https:\\\/\\\/schema.org\",\"@graph\":[{\"@type\":\"Article\",\"@id\":\"https:\\\/\\\/www.planetel.it\\\/en\\\/2024\\\/10\\\/planetel-alla-45-edizione-della-fiera-campionaria-di-bergamo\\\/#article\",\"isPartOf\":{\"@id\":\"https:\\\/\\\/www.planetel.it\\\/en\\\/2024\\\/10\\\/planetel-alla-45-edizione-della-fiera-campionaria-di-bergamo\\\/\"},\"author\":{\"name\":\"Andrea Brumana\",\"@id\":\"https:\\\/\\\/www.planetel.it\\\/en\\\/#\\\/schema\\\/person\\\/8e74703d23ff222042246a845bb004fa\"},\"headline\":\"Planetel alla 45\u00b0 edizione della Fiera Campionaria di Bergamo\",\"datePublished\":\"2024-10-16T07:53:36+00:00\",\"dateModified\":\"2024-11-14T14:01:37+00:00\",\"mainEntityOfPage\":{\"@id\":\"https:\\\/\\\/www.planetel.it\\\/en\\\/2024\\\/10\\\/planetel-alla-45-edizione-della-fiera-campionaria-di-bergamo\\\/\"},\"wordCount\":777,\"publisher\":{\"@id\":\"https:\\\/\\\/www.planetel.it\\\/en\\\/#organization\"},\"image\":{\"@id\":\"https:\\\/\\\/www.planetel.it\\\/en\\\/2024\\\/10\\\/planetel-alla-45-edizione-della-fiera-campionaria-di-bergamo\\\/#primaryimage\"},\"thumbnailUrl\":\"https:\\\/\\\/www.planetel.it\\\/wp-content\\\/uploads\\\/2024\\\/10\\\/Blog_Fiera_Campionaria.jpg\",\"keywords\":[\"Planetel\",\"Fibra ottica\",\"fiera campionaria\",\"Sicurezza Casa\",\"Casa Green\"],\"articleSection\":[\"Servizi\",\"Privati\"],\"inLanguage\":\"en-US\"},{\"@type\":\"WebPage\",\"@id\":\"https:\\\/\\\/www.planetel.it\\\/en\\\/2024\\\/10\\\/planetel-alla-45-edizione-della-fiera-campionaria-di-bergamo\\\/\",\"url\":\"https:\\\/\\\/www.planetel.it\\\/en\\\/2024\\\/10\\\/planetel-alla-45-edizione-della-fiera-campionaria-di-bergamo\\\/\",\"name\":\"Planetel alla 45\u00b0 edizione della Fiera Campionaria di Bergamo\",\"isPartOf\":{\"@id\":\"https:\\\/\\\/www.planetel.it\\\/en\\\/#website\"},\"primaryImageOfPage\":{\"@id\":\"https:\\\/\\\/www.planetel.it\\\/en\\\/2024\\\/10\\\/planetel-alla-45-edizione-della-fiera-campionaria-di-bergamo\\\/#primaryimage\"},\"image\":{\"@id\":\"https:\\\/\\\/www.planetel.it\\\/en\\\/2024\\\/10\\\/planetel-alla-45-edizione-della-fiera-campionaria-di-bergamo\\\/#primaryimage\"},\"thumbnailUrl\":\"https:\\\/\\\/www.planetel.it\\\/wp-content\\\/uploads\\\/2024\\\/10\\\/Blog_Fiera_Campionaria.jpg\",\"datePublished\":\"2024-10-16T07:53:36+00:00\",\"dateModified\":\"2024-11-14T14:01:37+00:00\",\"description\":\"Scopri le soluzioni di Planetel alla Fiera Campionaria di Bergamo 2024. Visita il nostro stand e incontra i nostri esperti.\",\"breadcrumb\":{\"@id\":\"https:\\\/\\\/www.planetel.it\\\/en\\\/2024\\\/10\\\/planetel-alla-45-edizione-della-fiera-campionaria-di-bergamo\\\/#breadcrumb\"},\"inLanguage\":\"en-US\",\"potentialAction\":[{\"@type\":\"ReadAction\",\"target\":[\"https:\\\/\\\/www.planetel.it\\\/en\\\/2024\\\/10\\\/planetel-alla-45-edizione-della-fiera-campionaria-di-bergamo\\\/\"]}]},{\"@type\":\"ImageObject\",\"inLanguage\":\"en-US\",\"@id\":\"https:\\\/\\\/www.planetel.it\\\/en\\\/2024\\\/10\\\/planetel-alla-45-edizione-della-fiera-campionaria-di-bergamo\\\/#primaryimage\",\"url\":\"https:\\\/\\\/www.planetel.it\\\/wp-content\\\/uploads\\\/2024\\\/10\\\/Blog_Fiera_Campionaria.jpg\",\"contentUrl\":\"https:\\\/\\\/www.planetel.it\\\/wp-content\\\/uploads\\\/2024\\\/10\\\/Blog_Fiera_Campionaria.jpg\",\"width\":1200,\"height\":630,\"caption\":\"Fiera Campionaria\"},{\"@type\":\"BreadcrumbList\",\"@id\":\"https:\\\/\\\/www.planetel.it\\\/en\\\/2024\\\/10\\\/planetel-alla-45-edizione-della-fiera-campionaria-di-bergamo\\\/#breadcrumb\",\"itemListElement\":[{\"@type\":\"ListItem\",\"position\":1,\"name\":\"Home\",\"item\":\"https:\\\/\\\/www.planetel.it\\\/en\\\/\"},{\"@type\":\"ListItem\",\"position\":2,\"name\":\"Servizi\",\"item\":\"https:\\\/\\\/www.planetel.it\\\/news\\\/blog\\\/categoria\\\/servizi\\\/\"},{\"@type\":\"ListItem\",\"position\":3,\"name\":\"Planetel alla 45\u00b0 edizione della Fiera Campionaria di Bergamo\"}]},{\"@type\":\"WebSite\",\"@id\":\"https:\\\/\\\/www.planetel.it\\\/en\\\/#website\",\"url\":\"https:\\\/\\\/www.planetel.it\\\/en\\\/\",\"name\":\"Planetel\",\"description\":\"Pi\u00f9 che una connessione\",\"publisher\":{\"@id\":\"https:\\\/\\\/www.planetel.it\\\/en\\\/#organization\"},\"potentialAction\":[{\"@type\":\"SearchAction\",\"target\":{\"@type\":\"EntryPoint\",\"urlTemplate\":\"https:\\\/\\\/www.planetel.it\\\/en\\\/?s={search_term_string}\"},\"query-input\":{\"@type\":\"PropertyValueSpecification\",\"valueRequired\":true,\"valueName\":\"search_term_string\"}}],\"inLanguage\":\"en-US\"},{\"@type\":\"Organization\",\"@id\":\"https:\\\/\\\/www.planetel.it\\\/en\\\/#organization\",\"name\":\"Planetel S.p.A.\",\"url\":\"https:\\\/\\\/www.planetel.it\\\/en\\\/\",\"logo\":{\"@type\":\"ImageObject\",\"inLanguage\":\"en-US\",\"@id\":\"https:\\\/\\\/www.planetel.it\\\/en\\\/#\\\/schema\\\/logo\\\/image\\\/\",\"url\":\"https:\\\/\\\/www.planetel.it\\\/wp-content\\\/uploads\\\/2024\\\/04\\\/logo-group-planetel.svg\",\"contentUrl\":\"https:\\\/\\\/www.planetel.it\\\/wp-content\\\/uploads\\\/2024\\\/04\\\/logo-group-planetel.svg\",\"width\":1,\"height\":1,\"caption\":\"Planetel S.p.A.\"},\"image\":{\"@id\":\"https:\\\/\\\/www.planetel.it\\\/en\\\/#\\\/schema\\\/logo\\\/image\\\/\"},\"sameAs\":[\"https:\\\/\\\/www.facebook.com\\\/planetelspa\",\"https:\\\/\\\/www.linkedin.com\\\/company\\\/planetel\",\"https:\\\/\\\/www.instagram.com\\\/planetelspa\"]},{\"@type\":\"Person\",\"@id\":\"https:\\\/\\\/www.planetel.it\\\/en\\\/#\\\/schema\\\/person\\\/8e74703d23ff222042246a845bb004fa\",\"name\":\"Andrea Brumana\",\"image\":{\"@type\":\"ImageObject\",\"inLanguage\":\"en-US\",\"@id\":\"https:\\\/\\\/secure.gravatar.com\\\/avatar\\\/9a839884f24513d8bf063a907c74d8d2483fb1c4bbbf7cf7222c3e08581e4219?s=96&d=mm&r=g\",\"url\":\"https:\\\/\\\/secure.gravatar.com\\\/avatar\\\/9a839884f24513d8bf063a907c74d8d2483fb1c4bbbf7cf7222c3e08581e4219?s=96&d=mm&r=g\",\"contentUrl\":\"https:\\\/\\\/secure.gravatar.com\\\/avatar\\\/9a839884f24513d8bf063a907c74d8d2483fb1c4bbbf7cf7222c3e08581e4219?s=96&d=mm&r=g\",\"caption\":\"Andrea Brumana\"},\"url\":\"https:\\\/\\\/www.planetel.it\\\/en\\\/author\\\/a-brumana\\\/\"}]}<\/script>\n<!-- \/ Yoast SEO plugin. -->","yoast_head_json":{"title":"Planetel alla 45\u00b0 edizione della Fiera Campionaria di Bergamo","description":"Scopri le soluzioni di Planetel alla Fiera Campionaria di Bergamo 2024. Visita il nostro stand e incontra i nostri esperti.","robots":{"index":"index","follow":"follow","max-snippet":"max-snippet:-1","max-image-preview":"max-image-preview:large","max-video-preview":"max-video-preview:-1"},"canonical":"https:\/\/www.planetel.it\/en\/2024\/10\/planetel-alla-45-edizione-della-fiera-campionaria-di-bergamo\/","og_locale":"en_US","og_type":"article","og_title":"Planetel alla 45\u00b0 edizione della Fiera Campionaria di Bergamo","og_description":"Scopri le soluzioni di Planetel alla Fiera Campionaria di Bergamo 2024. Visita il nostro stand e incontra i nostri esperti.","og_url":"https:\/\/www.planetel.it\/en\/2024\/10\/planetel-alla-45-edizione-della-fiera-campionaria-di-bergamo\/","og_site_name":"Planetel","article_publisher":"https:\/\/www.facebook.com\/planetelspa","article_published_time":"2024-10-16T07:53:36+00:00","article_modified_time":"2024-11-14T14:01:37+00:00","og_image":[{"width":1200,"height":630,"url":"https:\/\/www.planetel.it\/wp-content\/uploads\/2024\/10\/Blog_Fiera_Campionaria.jpg","type":"image\/jpeg"}],"twitter_card":"summary_large_image","twitter_misc":{"Written by":"Andrea Brumana","Est. reading time":"5 minutes"},"schema":{"@context":"https:\/\/schema.org","@graph":[{"@type":"Article","@id":"https:\/\/www.planetel.it\/en\/2024\/10\/planetel-alla-45-edizione-della-fiera-campionaria-di-bergamo\/#article","isPartOf":{"@id":"https:\/\/www.planetel.it\/en\/2024\/10\/planetel-alla-45-edizione-della-fiera-campionaria-di-bergamo\/"},"author":{"name":"Andrea Brumana","@id":"https:\/\/www.planetel.it\/en\/#\/schema\/person\/8e74703d23ff222042246a845bb004fa"},"headline":"Planetel alla 45\u00b0 edizione della Fiera Campionaria di Bergamo","datePublished":"2024-10-16T07:53:36+00:00","dateModified":"2024-11-14T14:01:37+00:00","mainEntityOfPage":{"@id":"https:\/\/www.planetel.it\/en\/2024\/10\/planetel-alla-45-edizione-della-fiera-campionaria-di-bergamo\/"},"wordCount":777,"publisher":{"@id":"https:\/\/www.planetel.it\/en\/#organization"},"image":{"@id":"https:\/\/www.planetel.it\/en\/2024\/10\/planetel-alla-45-edizione-della-fiera-campionaria-di-bergamo\/#primaryimage"},"thumbnailUrl":"https:\/\/www.planetel.it\/wp-content\/uploads\/2024\/10\/Blog_Fiera_Campionaria.jpg","keywords":["Planetel","Fibra ottica","fiera campionaria","Sicurezza Casa","Casa Green"],"articleSection":["Servizi","Privati"],"inLanguage":"en-US"},{"@type":"WebPage","@id":"https:\/\/www.planetel.it\/en\/2024\/10\/planetel-alla-45-edizione-della-fiera-campionaria-di-bergamo\/","url":"https:\/\/www.planetel.it\/en\/2024\/10\/planetel-alla-45-edizione-della-fiera-campionaria-di-bergamo\/","name":"Planetel alla 45\u00b0 edizione della Fiera Campionaria di Bergamo","isPartOf":{"@id":"https:\/\/www.planetel.it\/en\/#website"},"primaryImageOfPage":{"@id":"https:\/\/www.planetel.it\/en\/2024\/10\/planetel-alla-45-edizione-della-fiera-campionaria-di-bergamo\/#primaryimage"},"image":{"@id":"https:\/\/www.planetel.it\/en\/2024\/10\/planetel-alla-45-edizione-della-fiera-campionaria-di-bergamo\/#primaryimage"},"thumbnailUrl":"https:\/\/www.planetel.it\/wp-content\/uploads\/2024\/10\/Blog_Fiera_Campionaria.jpg","datePublished":"2024-10-16T07:53:36+00:00","dateModified":"2024-11-14T14:01:37+00:00","description":"Scopri le soluzioni di Planetel alla Fiera Campionaria di Bergamo 2024. Visita il nostro stand e incontra i nostri esperti.","breadcrumb":{"@id":"https:\/\/www.planetel.it\/en\/2024\/10\/planetel-alla-45-edizione-della-fiera-campionaria-di-bergamo\/#breadcrumb"},"inLanguage":"en-US","potentialAction":[{"@type":"ReadAction","target":["https:\/\/www.planetel.it\/en\/2024\/10\/planetel-alla-45-edizione-della-fiera-campionaria-di-bergamo\/"]}]},{"@type":"ImageObject","inLanguage":"en-US","@id":"https:\/\/www.planetel.it\/en\/2024\/10\/planetel-alla-45-edizione-della-fiera-campionaria-di-bergamo\/#primaryimage","url":"https:\/\/www.planetel.it\/wp-content\/uploads\/2024\/10\/Blog_Fiera_Campionaria.jpg","contentUrl":"https:\/\/www.planetel.it\/wp-content\/uploads\/2024\/10\/Blog_Fiera_Campionaria.jpg","width":1200,"height":630,"caption":"Fiera Campionaria"},{"@type":"BreadcrumbList","@id":"https:\/\/www.planetel.it\/en\/2024\/10\/planetel-alla-45-edizione-della-fiera-campionaria-di-bergamo\/#breadcrumb","itemListElement":[{"@type":"ListItem","position":1,"name":"Home","item":"https:\/\/www.planetel.it\/en\/"},{"@type":"ListItem","position":2,"name":"Servizi","item":"https:\/\/www.planetel.it\/news\/blog\/categoria\/servizi\/"},{"@type":"ListItem","position":3,"name":"Planetel alla 45\u00b0 edizione della Fiera Campionaria di Bergamo"}]},{"@type":"WebSite","@id":"https:\/\/www.planetel.it\/en\/#website","url":"https:\/\/www.planetel.it\/en\/","name":"Planetel","description":"Pi\u00f9 che una connessione","publisher":{"@id":"https:\/\/www.planetel.it\/en\/#organization"},"potentialAction":[{"@type":"SearchAction","target":{"@type":"EntryPoint","urlTemplate":"https:\/\/www.planetel.it\/en\/?s={search_term_string}"},"query-input":{"@type":"PropertyValueSpecification","valueRequired":true,"valueName":"search_term_string"}}],"inLanguage":"en-US"},{"@type":"Organization","@id":"https:\/\/www.planetel.it\/en\/#organization","name":"Planetel S.p.A.","url":"https:\/\/www.planetel.it\/en\/","logo":{"@type":"ImageObject","inLanguage":"en-US","@id":"https:\/\/www.planetel.it\/en\/#\/schema\/logo\/image\/","url":"https:\/\/www.planetel.it\/wp-content\/uploads\/2024\/04\/logo-group-planetel.svg","contentUrl":"https:\/\/www.planetel.it\/wp-content\/uploads\/2024\/04\/logo-group-planetel.svg","width":1,"height":1,"caption":"Planetel S.p.A."},"image":{"@id":"https:\/\/www.planetel.it\/en\/#\/schema\/logo\/image\/"},"sameAs":["https:\/\/www.facebook.com\/planetelspa","https:\/\/www.linkedin.com\/company\/planetel","https:\/\/www.instagram.com\/planetelspa"]},{"@type":"Person","@id":"https:\/\/www.planetel.it\/en\/#\/schema\/person\/8e74703d23ff222042246a845bb004fa","name":"Andrea Brumana","image":{"@type":"ImageObject","inLanguage":"en-US","@id":"https:\/\/secure.gravatar.com\/avatar\/9a839884f24513d8bf063a907c74d8d2483fb1c4bbbf7cf7222c3e08581e4219?s=96&d=mm&r=g","url":"https:\/\/secure.gravatar.com\/avatar\/9a839884f24513d8bf063a907c74d8d2483fb1c4bbbf7cf7222c3e08581e4219?s=96&d=mm&r=g","contentUrl":"https:\/\/secure.gravatar.com\/avatar\/9a839884f24513d8bf063a907c74d8d2483fb1c4bbbf7cf7222c3e08581e4219?s=96&d=mm&r=g","caption":"Andrea Brumana"},"url":"https:\/\/www.planetel.it\/en\/author\/a-brumana\/"}]}},"_links":{"self":[{"href":"https:\/\/www.planetel.it\/en\/wp-json\/wp\/v2\/posts\/22961","targetHints":{"allow":["GET"]}}],"collection":[{"href":"https:\/\/www.planetel.it\/en\/wp-json\/wp\/v2\/posts"}],"about":[{"href":"https:\/\/www.planetel.it\/en\/wp-json\/wp\/v2\/types\/post"}],"author":[{"embeddable":true,"href":"https:\/\/www.planetel.it\/en\/wp-json\/wp\/v2\/users\/4"}],"replies":[{"embeddable":true,"href":"https:\/\/www.planetel.it\/en\/wp-json\/wp\/v2\/comments?post=22961"}],"version-history":[{"count":4,"href":"https:\/\/www.planetel.it\/en\/wp-json\/wp\/v2\/posts\/22961\/revisions"}],"predecessor-version":[{"id":24522,"href":"https:\/\/www.planetel.it\/en\/wp-json\/wp\/v2\/posts\/22961\/revisions\/24522"}],"wp:featuredmedia":[{"embeddable":true,"href":"https:\/\/www.planetel.it\/en\/wp-json\/wp\/v2\/media\/22966"}],"wp:attachment":[{"href":"https:\/\/www.planetel.it\/en\/wp-json\/wp\/v2\/media?parent=22961"}],"wp:term":[{"taxonomy":"category","embeddable":true,"href":"https:\/\/www.planetel.it\/en\/wp-json\/wp\/v2\/categories?post=22961"},{"taxonomy":"post_tag","embeddable":true,"href":"https:\/\/www.planetel.it\/en\/wp-json\/wp\/v2\/tags?post=22961"},{"taxonomy":"service_category","embeddable":true,"href":"https:\/\/www.planetel.it\/en\/wp-json\/wp\/v2\/service_category?post=22961"}],"curies":[{"name":"wp","href":"https:\/\/api.w.org\/{rel}","templated":true}]}}