{"id":25011,"date":"2024-11-21T15:12:13","date_gmt":"2024-11-21T14:12:13","guid":{"rendered":"https:\/\/www.planetel.it\/?p=25011"},"modified":"2024-11-21T15:12:15","modified_gmt":"2024-11-21T14:12:15","slug":"alla-scoperta-dei-planetel-point-butterfly","status":"publish","type":"post","link":"https:\/\/www.planetel.it\/en\/2024\/11\/alla-scoperta-dei-planetel-point-butterfly\/","title":{"rendered":"Alla scoperta dei Planetel Point \u2013 Butterfly"},"content":{"rendered":"\n<p>Planetel ha costituito nel tempo una rete commerciale diversificata. Oltre alla vendita diretta e alle relazioni con partner specializzati, i cardini di questa struttura commerciale sono i <a href=\"https:\/\/fibra.planetel.it\/trova-point\/\" target=\"_blank\" rel=\"noreferrer noopener\">Planetel Point<\/a>. Per garantire, infatti, a tutti i clienti privati un riferimento qualificato e facilmente accessibile, l\u2019azienda ha sviluppato un ampio <strong>network di punti vendita affiliati<\/strong>, composto da oltre 120 Point focalizzati nel fornire agli utenti sul territorio competenza, supporto e vicinanza.<\/p>\n\n\n\n<p>\u00c8 naturale che il territorio attorno alla provincia di Bergamo sia quello maggiormente denso in termini di Planetel Point e che pi\u00f9 della met\u00e0 dei negozi rivenditori dei nostri servizi si trovi nella bergamasca, in quanto Planetel nasce nel cuore della provincia. Ovviamente, quei fattori di territorialit\u00e0 e capillarit\u00e0 alla base dell\u2019identit\u00e0 aziendale trovano qui la loro espressione pi\u00f9 marcata; tuttavia, Planetel si impegna costantemente per portare gli stessi valori in tutte le zone che presidia.<\/p>\n\n\n\n<div style=\"height:50px\" aria-hidden=\"true\" class=\"wp-block-spacer\"><\/div>\n\n\n<h2 class=\"wp-block-heading\" id=\"butterfly-dalledicola-ai-servizi-la-trasformazione-da-parte-delle-nuove-proprietarie\"><strong>Butterfly: dall\u2019edicola ai servizi. La trasformazione da parte delle nuove proprietarie<\/strong><\/h2>\n\n\n<p>Il negozio \u00e8 attivo da 35 anni, ma le attuali titolari Nicoletta Salamina e Andrea Franco lo hanno rilevato ad agosto 2024. Ad oggi, l\u2019attivit\u00e0 principale \u00e8 di edicola, a cui si aggiungono servizi diversificati: telefonia e connettivit\u00e0, spedizioni, attivazioni SPID e consulenza. Telefonia e connettivit\u00e0, in particolare, sono state introdotte dalle nuove proprietarie proprio a partire da agosto e, anche se recente, l\u2019attivit\u00e0 \u00e8 gi\u00e0 proficua, soprattutto grazie al lavoro di spinta che effettuano le due titolari nell\u2019offrire anche servizi diversi da quelli di edicola. I clienti, infatti, che sono principalmente privati, vengono attivamente indirizzati verso le molteplici proposte, spesso a semplice titolo informativo, e non \u00e8 raro che ritornino per attivare servizi diversi.<\/p>\n\n\n\n<p>Butterfly si trova ad <strong>Albano Sant\u2019Alessandro<\/strong>, in provincia di Bergamo, ed \u00e8 il primo Planetel Point di questo comune. &nbsp;Le titolari si sono attivate fin da subito per fare in modo che il centro diventasse un riferimento nel paese come <strong>punto vendita multi-servizio<\/strong>. L\u2019attivit\u00e0 di consulenza al cliente e i servizi, infatti, stanno prendendo sempre pi\u00f9 piede all\u2019interno dell\u2019offerta di Butterfly, creando una netta spaccatura rispetto all\u2019impostazione che aveva dato il precedente proprietario.<\/p>\n\n\n\n<div style=\"height:50px\" aria-hidden=\"true\" class=\"wp-block-spacer\"><\/div>\n\n\n<h2 class=\"wp-block-heading\" id=\"planetel-e-butterfly-un-connubio-nato-per-servire-in-modo-piu-completo-i-clienti\"><strong>Planetel e Butterfly: un connubio nato per servire in modo pi\u00f9 completo i clienti<\/strong><\/h2>\n\n\n<p>Come gi\u00e0 anticipato in precedenza, la nuova gestione Butterfly vuole coprire sempre pi\u00f9 servizi e, tra questi, <strong>telefonia e connettivit\u00e0 sono al centro dell\u2019offerta<\/strong>. Il negozio era gi\u00e0 cliente Planetel ed \u00e8 stata una loro richiesta quella di poter essere attivati come Point. Per loro non c\u2019\u00e8 stato alcun dubbio nella scelta di essere rivenditori dei <a href=\"https:\/\/www.planetel.it\/servizi\/telecomunicazioni\/\" target=\"_blank\" rel=\"noreferrer noopener\">servizi Planetel<\/a>, in quanto per primi ne hanno testato l\u2019efficacia e l\u2019affidabilit\u00e0 e, quindi, hanno gi\u00e0 profonde competenze per proporli alla loro clientela.<\/p>\n\n\n\n<p>Inoltre, grazie alla quindicinale esperienza di Nicoletta nell\u2019ambito della telefonia, all\u2019offerta si aggiunge la <strong>qualit\u00e0 della consulenza<\/strong> a supporto dei prodotti e servizi offerti. Un connubio reciprocamente vantaggioso, per Planetel e per le nostre competenti proprietarie! A tal proposito, la stessa Nicoletta Salamina evidenzia un\u2019importante differenza tra i centri di grandi retailer di telefonia e i negozi di prossimit\u00e0, caratteristica fondamentale per i Planetel Point: <em>\u201cIn passato ho lavorato per un grosso retailer e, in quel contesto, non potevo dare ai clienti tutta l\u2019attenzione di cui necessitavano, mentre in un negozio di paese \u00e8 diverso. Qui riesco a offrire una consulenza completa e porre attenzione sulla qualit\u00e0 dell\u2019offerta, di cui Planetel diventer\u00e0 nostro punto di riferimento.\u201d<\/em><\/p>\n\n\n\n<p>Per Planetel un punto vendita con queste caratteristiche \u00e8 cruciale per poter presentare al meglio i propri servizi e raggiungere il cliente in maniera efficace.<\/p>\n\n\n\n<p>Con queste premesse, \u00e8 stato naturale creare una solida base per una relazione commerciale duratura, ambiziosa e redditizia per entrambe le parti.<\/p>\n\n\n\n<div style=\"height:50px\" aria-hidden=\"true\" class=\"wp-block-spacer\"><\/div>\n\n\n\n<p class=\"has-black-color has-text-color has-link-color has-medium-font-size wp-elements-3c8e6f1661ef042c6045397751ffd8e8\"><strong>Qualche dettaglio in pi\u00f9<\/strong><\/p>\n\n\n\n<p>Butterfly \u00e8 un Planetel Point situato ad Albano Sant\u2019Alessandro (BG), in via Aldo Moro 2.<\/p>\n\n\n\n<p>Per ulteriori informazioni, contattare 035 58249, <a href=\"mailto:butterflyalbano@gmail.com\">butterflyalbano@gmail.com<\/a>.<\/p>\n","protected":false},"excerpt":{"rendered":"<p>Planetel ha costituito nel tempo una rete commerciale diversificata. Oltre alla vendita diretta e alle relazioni con partner specializzati, i cardini di questa struttura commerciale sono i Planetel Point. Per garantire, infatti, a tutti i clienti privati un riferimento qualificato e facilmente accessibile, l\u2019azienda ha sviluppato un ampio network di punti vendita affiliati, composto da [&hellip;]<\/p>\n","protected":false},"author":18,"featured_media":25014,"comment_status":"closed","ping_status":"closed","sticky":false,"template":"","format":"standard","meta":{"_acf_changed":false,"footnotes":""},"categories":[692,693,695,716,717,672],"tags":[379,358,433,821,822],"service_category":[312],"class_list":["post-25011","post","type-post","status-publish","format-standard","has-post-thumbnail","hentry","category-connettivita-fibra-ottica","category-connettivita-radio-wireless","category-telefonia","category-privati","category-attivita-commerciali","category-planetel","tag-fibra-ottica","tag-planetel","tag-planetel-point","tag-butterfly","tag-albano-santalessandro","service_category-telecomunicazioni"],"acf":[],"yoast_head":"<!-- This site is optimized with the Yoast SEO plugin v27.3 - https:\/\/yoast.com\/product\/yoast-seo-wordpress\/ -->\n<title>Alla scoperta dei Planetel Point \u2013 Butterfly<\/title>\n<meta name=\"description\" content=\"Vi presentiamo il Planetel Point Butterfly di Albano Sant\u2019Alessandro. Scopri di pi\u00f9.\" \/>\n<meta name=\"robots\" content=\"index, follow, max-snippet:-1, max-image-preview:large, max-video-preview:-1\" \/>\n<link rel=\"canonical\" href=\"https:\/\/www.planetel.it\/en\/2024\/11\/alla-scoperta-dei-planetel-point-butterfly\/\" \/>\n<meta property=\"og:locale\" content=\"en_US\" \/>\n<meta property=\"og:type\" content=\"article\" \/>\n<meta property=\"og:title\" content=\"Alla scoperta dei Planetel Point \u2013 Butterfly\" \/>\n<meta property=\"og:description\" content=\"Vi presentiamo il Planetel Point Butterfly di Albano Sant\u2019Alessandro. Scopri di pi\u00f9.\" \/>\n<meta property=\"og:url\" content=\"https:\/\/www.planetel.it\/en\/2024\/11\/alla-scoperta-dei-planetel-point-butterfly\/\" \/>\n<meta property=\"og:site_name\" content=\"Planetel\" \/>\n<meta property=\"article:publisher\" content=\"https:\/\/www.facebook.com\/planetelspa\" \/>\n<meta property=\"article:published_time\" content=\"2024-11-21T14:12:13+00:00\" \/>\n<meta property=\"article:modified_time\" content=\"2024-11-21T14:12:15+00:00\" \/>\n<meta property=\"og:image\" content=\"https:\/\/www.planetel.it\/wp-content\/uploads\/2024\/11\/Planetel-Point-Butterfly.png\" \/>\n\t<meta property=\"og:image:width\" content=\"1200\" \/>\n\t<meta property=\"og:image:height\" content=\"630\" \/>\n\t<meta property=\"og:image:type\" content=\"image\/png\" \/>\n<meta name=\"twitter:card\" content=\"summary_large_image\" \/>\n<meta name=\"twitter:label1\" content=\"Written by\" \/>\n\t<meta name=\"twitter:data1\" content=\"Mattia Capoferri\" \/>\n\t<meta name=\"twitter:label2\" content=\"Est. reading time\" \/>\n\t<meta name=\"twitter:data2\" content=\"4 minutes\" \/>\n<script type=\"application\/ld+json\" class=\"yoast-schema-graph\">{\"@context\":\"https:\\\/\\\/schema.org\",\"@graph\":[{\"@type\":\"Article\",\"@id\":\"https:\\\/\\\/www.planetel.it\\\/en\\\/2024\\\/11\\\/alla-scoperta-dei-planetel-point-butterfly\\\/#article\",\"isPartOf\":{\"@id\":\"https:\\\/\\\/www.planetel.it\\\/en\\\/2024\\\/11\\\/alla-scoperta-dei-planetel-point-butterfly\\\/\"},\"author\":{\"name\":\"Mattia Capoferri\",\"@id\":\"https:\\\/\\\/www.planetel.it\\\/en\\\/#\\\/schema\\\/person\\\/0e3763fa55f3eb52faddf41a99647fb1\"},\"headline\":\"Alla scoperta dei Planetel Point \u2013 Butterfly\",\"datePublished\":\"2024-11-21T14:12:13+00:00\",\"dateModified\":\"2024-11-21T14:12:15+00:00\",\"mainEntityOfPage\":{\"@id\":\"https:\\\/\\\/www.planetel.it\\\/en\\\/2024\\\/11\\\/alla-scoperta-dei-planetel-point-butterfly\\\/\"},\"wordCount\":638,\"publisher\":{\"@id\":\"https:\\\/\\\/www.planetel.it\\\/en\\\/#organization\"},\"image\":{\"@id\":\"https:\\\/\\\/www.planetel.it\\\/en\\\/2024\\\/11\\\/alla-scoperta-dei-planetel-point-butterfly\\\/#primaryimage\"},\"thumbnailUrl\":\"https:\\\/\\\/www.planetel.it\\\/wp-content\\\/uploads\\\/2024\\\/11\\\/Planetel-Point-Butterfly.png\",\"keywords\":[\"Fibra ottica\",\"Planetel\",\"Planetel Point\",\"Butterfly\",\"Albano Sant'Alessandro\"],\"articleSection\":[\"Connettivit\u00e0 Fibra ottica\",\"Connettivit\u00e0 Radio (Wireless)\",\"Telefonia\",\"Privati\",\"Attivit\u00e0 commerciali\",\"Planetel\"],\"inLanguage\":\"en-US\"},{\"@type\":\"WebPage\",\"@id\":\"https:\\\/\\\/www.planetel.it\\\/en\\\/2024\\\/11\\\/alla-scoperta-dei-planetel-point-butterfly\\\/\",\"url\":\"https:\\\/\\\/www.planetel.it\\\/en\\\/2024\\\/11\\\/alla-scoperta-dei-planetel-point-butterfly\\\/\",\"name\":\"Alla scoperta dei Planetel Point \u2013 Butterfly\",\"isPartOf\":{\"@id\":\"https:\\\/\\\/www.planetel.it\\\/en\\\/#website\"},\"primaryImageOfPage\":{\"@id\":\"https:\\\/\\\/www.planetel.it\\\/en\\\/2024\\\/11\\\/alla-scoperta-dei-planetel-point-butterfly\\\/#primaryimage\"},\"image\":{\"@id\":\"https:\\\/\\\/www.planetel.it\\\/en\\\/2024\\\/11\\\/alla-scoperta-dei-planetel-point-butterfly\\\/#primaryimage\"},\"thumbnailUrl\":\"https:\\\/\\\/www.planetel.it\\\/wp-content\\\/uploads\\\/2024\\\/11\\\/Planetel-Point-Butterfly.png\",\"datePublished\":\"2024-11-21T14:12:13+00:00\",\"dateModified\":\"2024-11-21T14:12:15+00:00\",\"description\":\"Vi presentiamo il Planetel Point Butterfly di Albano Sant\u2019Alessandro. Scopri di pi\u00f9.\",\"breadcrumb\":{\"@id\":\"https:\\\/\\\/www.planetel.it\\\/en\\\/2024\\\/11\\\/alla-scoperta-dei-planetel-point-butterfly\\\/#breadcrumb\"},\"inLanguage\":\"en-US\",\"potentialAction\":[{\"@type\":\"ReadAction\",\"target\":[\"https:\\\/\\\/www.planetel.it\\\/en\\\/2024\\\/11\\\/alla-scoperta-dei-planetel-point-butterfly\\\/\"]}]},{\"@type\":\"ImageObject\",\"inLanguage\":\"en-US\",\"@id\":\"https:\\\/\\\/www.planetel.it\\\/en\\\/2024\\\/11\\\/alla-scoperta-dei-planetel-point-butterfly\\\/#primaryimage\",\"url\":\"https:\\\/\\\/www.planetel.it\\\/wp-content\\\/uploads\\\/2024\\\/11\\\/Planetel-Point-Butterfly.png\",\"contentUrl\":\"https:\\\/\\\/www.planetel.it\\\/wp-content\\\/uploads\\\/2024\\\/11\\\/Planetel-Point-Butterfly.png\",\"width\":1200,\"height\":630,\"caption\":\"Butterfly\"},{\"@type\":\"BreadcrumbList\",\"@id\":\"https:\\\/\\\/www.planetel.it\\\/en\\\/2024\\\/11\\\/alla-scoperta-dei-planetel-point-butterfly\\\/#breadcrumb\",\"itemListElement\":[{\"@type\":\"ListItem\",\"position\":1,\"name\":\"Home\",\"item\":\"https:\\\/\\\/www.planetel.it\\\/en\\\/\"},{\"@type\":\"ListItem\",\"position\":2,\"name\":\"Servizi\",\"item\":\"https:\\\/\\\/www.planetel.it\\\/news\\\/blog\\\/categoria\\\/servizi\\\/\"},{\"@type\":\"ListItem\",\"position\":3,\"name\":\"Connettivit\u00e0 Fibra ottica\",\"item\":\"https:\\\/\\\/www.planetel.it\\\/news\\\/blog\\\/categoria\\\/connettivita-fibra-ottica\\\/\"},{\"@type\":\"ListItem\",\"position\":4,\"name\":\"Alla scoperta dei Planetel Point \u2013 Butterfly\"}]},{\"@type\":\"WebSite\",\"@id\":\"https:\\\/\\\/www.planetel.it\\\/en\\\/#website\",\"url\":\"https:\\\/\\\/www.planetel.it\\\/en\\\/\",\"name\":\"Planetel\",\"description\":\"Pi\u00f9 che una connessione\",\"publisher\":{\"@id\":\"https:\\\/\\\/www.planetel.it\\\/en\\\/#organization\"},\"potentialAction\":[{\"@type\":\"SearchAction\",\"target\":{\"@type\":\"EntryPoint\",\"urlTemplate\":\"https:\\\/\\\/www.planetel.it\\\/en\\\/?s={search_term_string}\"},\"query-input\":{\"@type\":\"PropertyValueSpecification\",\"valueRequired\":true,\"valueName\":\"search_term_string\"}}],\"inLanguage\":\"en-US\"},{\"@type\":\"Organization\",\"@id\":\"https:\\\/\\\/www.planetel.it\\\/en\\\/#organization\",\"name\":\"Planetel S.p.A.\",\"url\":\"https:\\\/\\\/www.planetel.it\\\/en\\\/\",\"logo\":{\"@type\":\"ImageObject\",\"inLanguage\":\"en-US\",\"@id\":\"https:\\\/\\\/www.planetel.it\\\/en\\\/#\\\/schema\\\/logo\\\/image\\\/\",\"url\":\"https:\\\/\\\/www.planetel.it\\\/wp-content\\\/uploads\\\/2024\\\/04\\\/logo-group-planetel.svg\",\"contentUrl\":\"https:\\\/\\\/www.planetel.it\\\/wp-content\\\/uploads\\\/2024\\\/04\\\/logo-group-planetel.svg\",\"width\":1,\"height\":1,\"caption\":\"Planetel S.p.A.\"},\"image\":{\"@id\":\"https:\\\/\\\/www.planetel.it\\\/en\\\/#\\\/schema\\\/logo\\\/image\\\/\"},\"sameAs\":[\"https:\\\/\\\/www.facebook.com\\\/planetelspa\",\"https:\\\/\\\/www.linkedin.com\\\/company\\\/planetel\",\"https:\\\/\\\/www.instagram.com\\\/planetelspa\"]},{\"@type\":\"Person\",\"@id\":\"https:\\\/\\\/www.planetel.it\\\/en\\\/#\\\/schema\\\/person\\\/0e3763fa55f3eb52faddf41a99647fb1\",\"name\":\"Mattia Capoferri\",\"image\":{\"@type\":\"ImageObject\",\"inLanguage\":\"en-US\",\"@id\":\"https:\\\/\\\/secure.gravatar.com\\\/avatar\\\/d3f936ad90e1102cfb5d8f503b28be8529269bae6a8f6f67921fbd7ff96104ed?s=96&d=mm&r=g\",\"url\":\"https:\\\/\\\/secure.gravatar.com\\\/avatar\\\/d3f936ad90e1102cfb5d8f503b28be8529269bae6a8f6f67921fbd7ff96104ed?s=96&d=mm&r=g\",\"contentUrl\":\"https:\\\/\\\/secure.gravatar.com\\\/avatar\\\/d3f936ad90e1102cfb5d8f503b28be8529269bae6a8f6f67921fbd7ff96104ed?s=96&d=mm&r=g\",\"caption\":\"Mattia Capoferri\"},\"url\":\"https:\\\/\\\/www.planetel.it\\\/en\\\/author\\\/mattiacapoferri\\\/\"}]}<\/script>\n<!-- \/ Yoast SEO plugin. -->","yoast_head_json":{"title":"Alla scoperta dei Planetel Point \u2013 Butterfly","description":"Vi presentiamo il Planetel Point Butterfly di Albano Sant\u2019Alessandro. Scopri di pi\u00f9.","robots":{"index":"index","follow":"follow","max-snippet":"max-snippet:-1","max-image-preview":"max-image-preview:large","max-video-preview":"max-video-preview:-1"},"canonical":"https:\/\/www.planetel.it\/en\/2024\/11\/alla-scoperta-dei-planetel-point-butterfly\/","og_locale":"en_US","og_type":"article","og_title":"Alla scoperta dei Planetel Point \u2013 Butterfly","og_description":"Vi presentiamo il Planetel Point Butterfly di Albano Sant\u2019Alessandro. Scopri di pi\u00f9.","og_url":"https:\/\/www.planetel.it\/en\/2024\/11\/alla-scoperta-dei-planetel-point-butterfly\/","og_site_name":"Planetel","article_publisher":"https:\/\/www.facebook.com\/planetelspa","article_published_time":"2024-11-21T14:12:13+00:00","article_modified_time":"2024-11-21T14:12:15+00:00","og_image":[{"width":1200,"height":630,"url":"https:\/\/www.planetel.it\/wp-content\/uploads\/2024\/11\/Planetel-Point-Butterfly.png","type":"image\/png"}],"twitter_card":"summary_large_image","twitter_misc":{"Written by":"Mattia Capoferri","Est. reading time":"4 minutes"},"schema":{"@context":"https:\/\/schema.org","@graph":[{"@type":"Article","@id":"https:\/\/www.planetel.it\/en\/2024\/11\/alla-scoperta-dei-planetel-point-butterfly\/#article","isPartOf":{"@id":"https:\/\/www.planetel.it\/en\/2024\/11\/alla-scoperta-dei-planetel-point-butterfly\/"},"author":{"name":"Mattia Capoferri","@id":"https:\/\/www.planetel.it\/en\/#\/schema\/person\/0e3763fa55f3eb52faddf41a99647fb1"},"headline":"Alla scoperta dei Planetel Point \u2013 Butterfly","datePublished":"2024-11-21T14:12:13+00:00","dateModified":"2024-11-21T14:12:15+00:00","mainEntityOfPage":{"@id":"https:\/\/www.planetel.it\/en\/2024\/11\/alla-scoperta-dei-planetel-point-butterfly\/"},"wordCount":638,"publisher":{"@id":"https:\/\/www.planetel.it\/en\/#organization"},"image":{"@id":"https:\/\/www.planetel.it\/en\/2024\/11\/alla-scoperta-dei-planetel-point-butterfly\/#primaryimage"},"thumbnailUrl":"https:\/\/www.planetel.it\/wp-content\/uploads\/2024\/11\/Planetel-Point-Butterfly.png","keywords":["Fibra ottica","Planetel","Planetel Point","Butterfly","Albano Sant'Alessandro"],"articleSection":["Connettivit\u00e0 Fibra ottica","Connettivit\u00e0 Radio (Wireless)","Telefonia","Privati","Attivit\u00e0 commerciali","Planetel"],"inLanguage":"en-US"},{"@type":"WebPage","@id":"https:\/\/www.planetel.it\/en\/2024\/11\/alla-scoperta-dei-planetel-point-butterfly\/","url":"https:\/\/www.planetel.it\/en\/2024\/11\/alla-scoperta-dei-planetel-point-butterfly\/","name":"Alla scoperta dei Planetel Point \u2013 Butterfly","isPartOf":{"@id":"https:\/\/www.planetel.it\/en\/#website"},"primaryImageOfPage":{"@id":"https:\/\/www.planetel.it\/en\/2024\/11\/alla-scoperta-dei-planetel-point-butterfly\/#primaryimage"},"image":{"@id":"https:\/\/www.planetel.it\/en\/2024\/11\/alla-scoperta-dei-planetel-point-butterfly\/#primaryimage"},"thumbnailUrl":"https:\/\/www.planetel.it\/wp-content\/uploads\/2024\/11\/Planetel-Point-Butterfly.png","datePublished":"2024-11-21T14:12:13+00:00","dateModified":"2024-11-21T14:12:15+00:00","description":"Vi presentiamo il Planetel Point Butterfly di Albano Sant\u2019Alessandro. Scopri di pi\u00f9.","breadcrumb":{"@id":"https:\/\/www.planetel.it\/en\/2024\/11\/alla-scoperta-dei-planetel-point-butterfly\/#breadcrumb"},"inLanguage":"en-US","potentialAction":[{"@type":"ReadAction","target":["https:\/\/www.planetel.it\/en\/2024\/11\/alla-scoperta-dei-planetel-point-butterfly\/"]}]},{"@type":"ImageObject","inLanguage":"en-US","@id":"https:\/\/www.planetel.it\/en\/2024\/11\/alla-scoperta-dei-planetel-point-butterfly\/#primaryimage","url":"https:\/\/www.planetel.it\/wp-content\/uploads\/2024\/11\/Planetel-Point-Butterfly.png","contentUrl":"https:\/\/www.planetel.it\/wp-content\/uploads\/2024\/11\/Planetel-Point-Butterfly.png","width":1200,"height":630,"caption":"Butterfly"},{"@type":"BreadcrumbList","@id":"https:\/\/www.planetel.it\/en\/2024\/11\/alla-scoperta-dei-planetel-point-butterfly\/#breadcrumb","itemListElement":[{"@type":"ListItem","position":1,"name":"Home","item":"https:\/\/www.planetel.it\/en\/"},{"@type":"ListItem","position":2,"name":"Servizi","item":"https:\/\/www.planetel.it\/news\/blog\/categoria\/servizi\/"},{"@type":"ListItem","position":3,"name":"Connettivit\u00e0 Fibra ottica","item":"https:\/\/www.planetel.it\/news\/blog\/categoria\/connettivita-fibra-ottica\/"},{"@type":"ListItem","position":4,"name":"Alla scoperta dei Planetel Point \u2013 Butterfly"}]},{"@type":"WebSite","@id":"https:\/\/www.planetel.it\/en\/#website","url":"https:\/\/www.planetel.it\/en\/","name":"Planetel","description":"Pi\u00f9 che una connessione","publisher":{"@id":"https:\/\/www.planetel.it\/en\/#organization"},"potentialAction":[{"@type":"SearchAction","target":{"@type":"EntryPoint","urlTemplate":"https:\/\/www.planetel.it\/en\/?s={search_term_string}"},"query-input":{"@type":"PropertyValueSpecification","valueRequired":true,"valueName":"search_term_string"}}],"inLanguage":"en-US"},{"@type":"Organization","@id":"https:\/\/www.planetel.it\/en\/#organization","name":"Planetel S.p.A.","url":"https:\/\/www.planetel.it\/en\/","logo":{"@type":"ImageObject","inLanguage":"en-US","@id":"https:\/\/www.planetel.it\/en\/#\/schema\/logo\/image\/","url":"https:\/\/www.planetel.it\/wp-content\/uploads\/2024\/04\/logo-group-planetel.svg","contentUrl":"https:\/\/www.planetel.it\/wp-content\/uploads\/2024\/04\/logo-group-planetel.svg","width":1,"height":1,"caption":"Planetel S.p.A."},"image":{"@id":"https:\/\/www.planetel.it\/en\/#\/schema\/logo\/image\/"},"sameAs":["https:\/\/www.facebook.com\/planetelspa","https:\/\/www.linkedin.com\/company\/planetel","https:\/\/www.instagram.com\/planetelspa"]},{"@type":"Person","@id":"https:\/\/www.planetel.it\/en\/#\/schema\/person\/0e3763fa55f3eb52faddf41a99647fb1","name":"Mattia Capoferri","image":{"@type":"ImageObject","inLanguage":"en-US","@id":"https:\/\/secure.gravatar.com\/avatar\/d3f936ad90e1102cfb5d8f503b28be8529269bae6a8f6f67921fbd7ff96104ed?s=96&d=mm&r=g","url":"https:\/\/secure.gravatar.com\/avatar\/d3f936ad90e1102cfb5d8f503b28be8529269bae6a8f6f67921fbd7ff96104ed?s=96&d=mm&r=g","contentUrl":"https:\/\/secure.gravatar.com\/avatar\/d3f936ad90e1102cfb5d8f503b28be8529269bae6a8f6f67921fbd7ff96104ed?s=96&d=mm&r=g","caption":"Mattia Capoferri"},"url":"https:\/\/www.planetel.it\/en\/author\/mattiacapoferri\/"}]}},"_links":{"self":[{"href":"https:\/\/www.planetel.it\/en\/wp-json\/wp\/v2\/posts\/25011","targetHints":{"allow":["GET"]}}],"collection":[{"href":"https:\/\/www.planetel.it\/en\/wp-json\/wp\/v2\/posts"}],"about":[{"href":"https:\/\/www.planetel.it\/en\/wp-json\/wp\/v2\/types\/post"}],"author":[{"embeddable":true,"href":"https:\/\/www.planetel.it\/en\/wp-json\/wp\/v2\/users\/18"}],"replies":[{"embeddable":true,"href":"https:\/\/www.planetel.it\/en\/wp-json\/wp\/v2\/comments?post=25011"}],"version-history":[{"count":5,"href":"https:\/\/www.planetel.it\/en\/wp-json\/wp\/v2\/posts\/25011\/revisions"}],"predecessor-version":[{"id":25018,"href":"https:\/\/www.planetel.it\/en\/wp-json\/wp\/v2\/posts\/25011\/revisions\/25018"}],"wp:featuredmedia":[{"embeddable":true,"href":"https:\/\/www.planetel.it\/en\/wp-json\/wp\/v2\/media\/25014"}],"wp:attachment":[{"href":"https:\/\/www.planetel.it\/en\/wp-json\/wp\/v2\/media?parent=25011"}],"wp:term":[{"taxonomy":"category","embeddable":true,"href":"https:\/\/www.planetel.it\/en\/wp-json\/wp\/v2\/categories?post=25011"},{"taxonomy":"post_tag","embeddable":true,"href":"https:\/\/www.planetel.it\/en\/wp-json\/wp\/v2\/tags?post=25011"},{"taxonomy":"service_category","embeddable":true,"href":"https:\/\/www.planetel.it\/en\/wp-json\/wp\/v2\/service_category?post=25011"}],"curies":[{"name":"wp","href":"https:\/\/api.w.org\/{rel}","templated":true}]}}