{"id":25748,"date":"2024-12-03T18:12:58","date_gmt":"2024-12-03T17:12:58","guid":{"rendered":"https:\/\/www.planetel.it\/?p=25748"},"modified":"2024-12-03T18:13:00","modified_gmt":"2024-12-03T17:13:00","slug":"planetel-con-la-controllata-suardi-srl-al-forum-della-polizia-locale-alla-fiera-di-bergamo","status":"publish","type":"post","link":"https:\/\/www.planetel.it\/en\/2024\/12\/planetel-con-la-controllata-suardi-srl-al-forum-della-polizia-locale-alla-fiera-di-bergamo\/","title":{"rendered":"Planetel con la controllata Suardi Srl al Forum della Polizia Locale alla Fiera di Bergamo"},"content":{"rendered":"\n<p>Da pochi giorni entrata a far parte del Gruppo Planetel al termine di un progetto di acquisizione, <a href=\"https:\/\/suardi.it\/\" target=\"_blank\" rel=\"noreferrer noopener\">Suardi Srl<\/a> sar\u00e0 presente per la 3\u00b0 edizione del Forum della Polizia Locale presso la Fiera di Bergamo dal 4 al 5 dicembre 2024.<\/p>\n\n\n\n<p>L\u2019obiettivo per Planetel \u00e8 rafforzare il proprio posizionamento nei settori delle TLC e ampliare la gamma di servizi offerti ai clienti, grazie alla storicit\u00e0 e l\u2019esperienza della neo-acquisita Suardi (leader dal 1974 nella provincia bergamasca) specializzata nella progettazione e realizzazione di impianti avanzati di videosorveglianza, lettura targhe e soluzioni innovative per la sicurezza urbana.<\/p>\n\n\n\n<div style=\"height:50px\" aria-hidden=\"true\" class=\"wp-block-spacer\"><\/div>\n\n\n<h2 class=\"wp-block-heading\" id=\"forum-della-polizia-locale-al-via-la-3%25c2%25b0-edizione\"><strong>Forum della Polizia Locale: al via la 3\u00b0 edizione<\/strong><\/h2>\n\n\n<p>Nelle giornate di mercoled\u00ec 4 e gioved\u00ec 5 dicembre, presso la Sala Convegni della Fiera di Bergamo, situata in Via Lunga, si terr\u00e0 la terza edizione del <a href=\"https:\/\/www.forumpolizialocale.it\/chi-siamo\/\" target=\"_blank\" rel=\"noreferrer noopener\">Forum della Polizia Locale<\/a>. L\u2019evento \u00e8 rivolto ai Corpi e Servizi di Polizia Locale dove esposizione fieristica, business e formazione specializzata si incontrano dando vita a una manifestazione unica e di rilievo. L\u2019area dove si terranno i convegni e le sessioni formative si propone di fornire <strong>aggiornamenti legislativi e operativi <\/strong>nelle varie materie di competenza, oltre che consolidare le conoscenze acquisite in servizio, grazie alla presenza di relatori qualificati.<\/p>\n\n\n\n<p>L\u2019area espositiva punta a riunire numerose realt\u00e0 del settore in un <strong>contesto unico, specializzato e tecnico con l\u2019obiettivo <\/strong>di acquisire nuovi contatti e clienti, sviluppare nuovi business e favorire lo scambio di idee.<\/p>\n\n\n\n<div style=\"height:50px\" aria-hidden=\"true\" class=\"wp-block-spacer\"><\/div>\n\n\n<h2 class=\"wp-block-heading\" id=\"unopportunita-per-proporre-i-propri-servizi-alle-forze-dellordine-e-fare-networking\"><strong>Un\u2019opportunit\u00e0 per proporre i propri servizi alle forze dell\u2019ordine e fare networking<\/strong><\/h2>\n\n\n<p>Il Forum della Polizia Locale rappresenta una grande opportunit\u00e0 per il Gruppo Planetel di esporre i propri prodotti a servizio delle forze dell\u2019ordine. Con Suardi, azienda da sempre attiva nel comparto della sicurezza e della videosorveglianza, saranno proposte novit\u00e0 e soluzioni di grande utilit\u00e0 per la Polizia Locale: lettura targhe, ZTL, rilevazioni infrazioni semaforiche, bodycam e molto altro. Il tutto con le tecnologie pi\u00f9 avanzate e l\u2019utilizzo dell\u2019intelligenza artificiale.<\/p>\n\n\n\n<p>L\u2019evento \u00e8 aperto a tutti gli interessati ai temi della sicurezza e della videosorveglianza. Molte delle soluzioni offerte da Suardi, infatti, possono essere allettanti anche per le aziende. Vieni a trovarci, per scoprire le nostre soluzioni, scambiare idee e creare connessioni.<\/p>\n","protected":false},"excerpt":{"rendered":"<p>Da pochi giorni entrata a far parte del Gruppo Planetel al termine di un progetto di acquisizione, Suardi Srl sar\u00e0 presente per la 3\u00b0 edizione del Forum della Polizia Locale presso la Fiera di Bergamo dal 4 al 5 dicembre 2024. L\u2019obiettivo per Planetel \u00e8 rafforzare il proprio posizionamento nei settori delle TLC e ampliare [&hellip;]<\/p>\n","protected":false},"author":18,"featured_media":25750,"comment_status":"closed","ping_status":"closed","sticky":false,"template":"","format":"standard","meta":{"_acf_changed":false,"footnotes":""},"categories":[700,706,707,723],"tags":[358,830,831,832,833],"service_category":[315],"class_list":["post-25748","post","type-post","status-publish","format-standard","has-post-thumbnail","hentry","category-servizi-it","category-monitoraggio-reti","category-impianti-videosorveglianza","category-il-gruppo","tag-planetel","tag-suardi","tag-forum-polizia-locale","tag-fiera-bergamo","tag-videosorveglianza","service_category-per-operatori-del-settore"],"acf":[],"yoast_head":"<!-- This site is optimized with the Yoast SEO plugin v27.3 - https:\/\/yoast.com\/product\/yoast-seo-wordpress\/ -->\n<title>Planetel con la controllata Suardi Srl al Forum della Polizia Locale<\/title>\n<meta name=\"description\" content=\"Suardi, la nuova realt\u00e0 del Gruppo Planetel, parteciper\u00e0 come espositore per proporre le sue soluzioni tecnologiche per videosorveglianza e sicurezza\" \/>\n<meta name=\"robots\" content=\"index, follow, max-snippet:-1, max-image-preview:large, max-video-preview:-1\" \/>\n<link rel=\"canonical\" href=\"https:\/\/www.planetel.it\/en\/2024\/12\/planetel-con-la-controllata-suardi-srl-al-forum-della-polizia-locale-alla-fiera-di-bergamo\/\" \/>\n<meta property=\"og:locale\" content=\"en_US\" \/>\n<meta property=\"og:type\" content=\"article\" \/>\n<meta property=\"og:title\" content=\"Planetel con la controllata Suardi Srl al Forum della Polizia Locale alla Fiera di Bergamo\" \/>\n<meta property=\"og:description\" content=\"Suardi, la nuova realt\u00e0 del Gruppo Planetel, parteciper\u00e0 come espositore per proporre le sue soluzioni tecnologiche per videosorveglianza e sicurezza\" \/>\n<meta property=\"og:url\" content=\"https:\/\/www.planetel.it\/en\/2024\/12\/planetel-con-la-controllata-suardi-srl-al-forum-della-polizia-locale-alla-fiera-di-bergamo\/\" \/>\n<meta property=\"og:site_name\" content=\"Planetel\" \/>\n<meta property=\"article:publisher\" content=\"https:\/\/www.facebook.com\/planetelspa\" \/>\n<meta property=\"article:published_time\" content=\"2024-12-03T17:12:58+00:00\" \/>\n<meta property=\"article:modified_time\" content=\"2024-12-03T17:13:00+00:00\" \/>\n<meta property=\"og:image\" content=\"https:\/\/www.planetel.it\/wp-content\/uploads\/2024\/12\/Suardi-in-Fiera.png\" \/>\n\t<meta property=\"og:image:width\" content=\"1200\" \/>\n\t<meta property=\"og:image:height\" content=\"630\" \/>\n\t<meta property=\"og:image:type\" content=\"image\/png\" \/>\n<meta name=\"twitter:card\" content=\"summary_large_image\" \/>\n<meta name=\"twitter:label1\" content=\"Written by\" \/>\n\t<meta name=\"twitter:data1\" content=\"Mattia Capoferri\" \/>\n\t<meta name=\"twitter:label2\" content=\"Est. reading time\" \/>\n\t<meta name=\"twitter:data2\" content=\"3 minutes\" \/>\n<script type=\"application\/ld+json\" class=\"yoast-schema-graph\">{\"@context\":\"https:\\\/\\\/schema.org\",\"@graph\":[{\"@type\":\"Article\",\"@id\":\"https:\\\/\\\/www.planetel.it\\\/en\\\/2024\\\/12\\\/planetel-con-la-controllata-suardi-srl-al-forum-della-polizia-locale-alla-fiera-di-bergamo\\\/#article\",\"isPartOf\":{\"@id\":\"https:\\\/\\\/www.planetel.it\\\/en\\\/2024\\\/12\\\/planetel-con-la-controllata-suardi-srl-al-forum-della-polizia-locale-alla-fiera-di-bergamo\\\/\"},\"author\":{\"name\":\"Mattia Capoferri\",\"@id\":\"https:\\\/\\\/www.planetel.it\\\/en\\\/#\\\/schema\\\/person\\\/0e3763fa55f3eb52faddf41a99647fb1\"},\"headline\":\"Planetel con la controllata Suardi Srl al Forum della Polizia Locale alla Fiera di Bergamo\",\"datePublished\":\"2024-12-03T17:12:58+00:00\",\"dateModified\":\"2024-12-03T17:13:00+00:00\",\"mainEntityOfPage\":{\"@id\":\"https:\\\/\\\/www.planetel.it\\\/en\\\/2024\\\/12\\\/planetel-con-la-controllata-suardi-srl-al-forum-della-polizia-locale-alla-fiera-di-bergamo\\\/\"},\"wordCount\":371,\"publisher\":{\"@id\":\"https:\\\/\\\/www.planetel.it\\\/en\\\/#organization\"},\"image\":{\"@id\":\"https:\\\/\\\/www.planetel.it\\\/en\\\/2024\\\/12\\\/planetel-con-la-controllata-suardi-srl-al-forum-della-polizia-locale-alla-fiera-di-bergamo\\\/#primaryimage\"},\"thumbnailUrl\":\"https:\\\/\\\/www.planetel.it\\\/wp-content\\\/uploads\\\/2024\\\/12\\\/Suardi-in-Fiera.png\",\"keywords\":[\"Planetel\",\"Suardi\",\"Forum Polizia Locale\",\"Fiera Bergamo\",\"Videosorveglianza\"],\"articleSection\":[\"Servizi IT\",\"Monitoraggio reti\",\"Impianti videosorveglianza\",\"Il gruppo\"],\"inLanguage\":\"en-US\"},{\"@type\":\"WebPage\",\"@id\":\"https:\\\/\\\/www.planetel.it\\\/en\\\/2024\\\/12\\\/planetel-con-la-controllata-suardi-srl-al-forum-della-polizia-locale-alla-fiera-di-bergamo\\\/\",\"url\":\"https:\\\/\\\/www.planetel.it\\\/en\\\/2024\\\/12\\\/planetel-con-la-controllata-suardi-srl-al-forum-della-polizia-locale-alla-fiera-di-bergamo\\\/\",\"name\":\"Planetel con la controllata Suardi Srl al Forum della Polizia Locale\",\"isPartOf\":{\"@id\":\"https:\\\/\\\/www.planetel.it\\\/en\\\/#website\"},\"primaryImageOfPage\":{\"@id\":\"https:\\\/\\\/www.planetel.it\\\/en\\\/2024\\\/12\\\/planetel-con-la-controllata-suardi-srl-al-forum-della-polizia-locale-alla-fiera-di-bergamo\\\/#primaryimage\"},\"image\":{\"@id\":\"https:\\\/\\\/www.planetel.it\\\/en\\\/2024\\\/12\\\/planetel-con-la-controllata-suardi-srl-al-forum-della-polizia-locale-alla-fiera-di-bergamo\\\/#primaryimage\"},\"thumbnailUrl\":\"https:\\\/\\\/www.planetel.it\\\/wp-content\\\/uploads\\\/2024\\\/12\\\/Suardi-in-Fiera.png\",\"datePublished\":\"2024-12-03T17:12:58+00:00\",\"dateModified\":\"2024-12-03T17:13:00+00:00\",\"description\":\"Suardi, la nuova realt\u00e0 del Gruppo Planetel, parteciper\u00e0 come espositore per proporre le sue soluzioni tecnologiche per videosorveglianza e sicurezza\",\"breadcrumb\":{\"@id\":\"https:\\\/\\\/www.planetel.it\\\/en\\\/2024\\\/12\\\/planetel-con-la-controllata-suardi-srl-al-forum-della-polizia-locale-alla-fiera-di-bergamo\\\/#breadcrumb\"},\"inLanguage\":\"en-US\",\"potentialAction\":[{\"@type\":\"ReadAction\",\"target\":[\"https:\\\/\\\/www.planetel.it\\\/en\\\/2024\\\/12\\\/planetel-con-la-controllata-suardi-srl-al-forum-della-polizia-locale-alla-fiera-di-bergamo\\\/\"]}]},{\"@type\":\"ImageObject\",\"inLanguage\":\"en-US\",\"@id\":\"https:\\\/\\\/www.planetel.it\\\/en\\\/2024\\\/12\\\/planetel-con-la-controllata-suardi-srl-al-forum-della-polizia-locale-alla-fiera-di-bergamo\\\/#primaryimage\",\"url\":\"https:\\\/\\\/www.planetel.it\\\/wp-content\\\/uploads\\\/2024\\\/12\\\/Suardi-in-Fiera.png\",\"contentUrl\":\"https:\\\/\\\/www.planetel.it\\\/wp-content\\\/uploads\\\/2024\\\/12\\\/Suardi-in-Fiera.png\",\"width\":1200,\"height\":630,\"caption\":\"Forum Polizia Locale\"},{\"@type\":\"BreadcrumbList\",\"@id\":\"https:\\\/\\\/www.planetel.it\\\/en\\\/2024\\\/12\\\/planetel-con-la-controllata-suardi-srl-al-forum-della-polizia-locale-alla-fiera-di-bergamo\\\/#breadcrumb\",\"itemListElement\":[{\"@type\":\"ListItem\",\"position\":1,\"name\":\"Home\",\"item\":\"https:\\\/\\\/www.planetel.it\\\/en\\\/\"},{\"@type\":\"ListItem\",\"position\":2,\"name\":\"Servizi\",\"item\":\"https:\\\/\\\/www.planetel.it\\\/news\\\/blog\\\/categoria\\\/servizi\\\/\"},{\"@type\":\"ListItem\",\"position\":3,\"name\":\"Servizi IT\",\"item\":\"https:\\\/\\\/www.planetel.it\\\/news\\\/blog\\\/categoria\\\/servizi-it\\\/\"},{\"@type\":\"ListItem\",\"position\":4,\"name\":\"Planetel con la controllata Suardi Srl al Forum della Polizia Locale alla Fiera di Bergamo\"}]},{\"@type\":\"WebSite\",\"@id\":\"https:\\\/\\\/www.planetel.it\\\/en\\\/#website\",\"url\":\"https:\\\/\\\/www.planetel.it\\\/en\\\/\",\"name\":\"Planetel\",\"description\":\"Pi\u00f9 che una connessione\",\"publisher\":{\"@id\":\"https:\\\/\\\/www.planetel.it\\\/en\\\/#organization\"},\"potentialAction\":[{\"@type\":\"SearchAction\",\"target\":{\"@type\":\"EntryPoint\",\"urlTemplate\":\"https:\\\/\\\/www.planetel.it\\\/en\\\/?s={search_term_string}\"},\"query-input\":{\"@type\":\"PropertyValueSpecification\",\"valueRequired\":true,\"valueName\":\"search_term_string\"}}],\"inLanguage\":\"en-US\"},{\"@type\":\"Organization\",\"@id\":\"https:\\\/\\\/www.planetel.it\\\/en\\\/#organization\",\"name\":\"Planetel S.p.A.\",\"url\":\"https:\\\/\\\/www.planetel.it\\\/en\\\/\",\"logo\":{\"@type\":\"ImageObject\",\"inLanguage\":\"en-US\",\"@id\":\"https:\\\/\\\/www.planetel.it\\\/en\\\/#\\\/schema\\\/logo\\\/image\\\/\",\"url\":\"https:\\\/\\\/www.planetel.it\\\/wp-content\\\/uploads\\\/2024\\\/04\\\/logo-group-planetel.svg\",\"contentUrl\":\"https:\\\/\\\/www.planetel.it\\\/wp-content\\\/uploads\\\/2024\\\/04\\\/logo-group-planetel.svg\",\"width\":1,\"height\":1,\"caption\":\"Planetel S.p.A.\"},\"image\":{\"@id\":\"https:\\\/\\\/www.planetel.it\\\/en\\\/#\\\/schema\\\/logo\\\/image\\\/\"},\"sameAs\":[\"https:\\\/\\\/www.facebook.com\\\/planetelspa\",\"https:\\\/\\\/www.linkedin.com\\\/company\\\/planetel\",\"https:\\\/\\\/www.instagram.com\\\/planetelspa\"]},{\"@type\":\"Person\",\"@id\":\"https:\\\/\\\/www.planetel.it\\\/en\\\/#\\\/schema\\\/person\\\/0e3763fa55f3eb52faddf41a99647fb1\",\"name\":\"Mattia Capoferri\",\"image\":{\"@type\":\"ImageObject\",\"inLanguage\":\"en-US\",\"@id\":\"https:\\\/\\\/secure.gravatar.com\\\/avatar\\\/d3f936ad90e1102cfb5d8f503b28be8529269bae6a8f6f67921fbd7ff96104ed?s=96&d=mm&r=g\",\"url\":\"https:\\\/\\\/secure.gravatar.com\\\/avatar\\\/d3f936ad90e1102cfb5d8f503b28be8529269bae6a8f6f67921fbd7ff96104ed?s=96&d=mm&r=g\",\"contentUrl\":\"https:\\\/\\\/secure.gravatar.com\\\/avatar\\\/d3f936ad90e1102cfb5d8f503b28be8529269bae6a8f6f67921fbd7ff96104ed?s=96&d=mm&r=g\",\"caption\":\"Mattia Capoferri\"},\"url\":\"https:\\\/\\\/www.planetel.it\\\/en\\\/author\\\/mattiacapoferri\\\/\"}]}<\/script>\n<!-- \/ Yoast SEO plugin. -->","yoast_head_json":{"title":"Planetel con la controllata Suardi Srl al Forum della Polizia Locale","description":"Suardi, la nuova realt\u00e0 del Gruppo Planetel, parteciper\u00e0 come espositore per proporre le sue soluzioni tecnologiche per videosorveglianza e sicurezza","robots":{"index":"index","follow":"follow","max-snippet":"max-snippet:-1","max-image-preview":"max-image-preview:large","max-video-preview":"max-video-preview:-1"},"canonical":"https:\/\/www.planetel.it\/en\/2024\/12\/planetel-con-la-controllata-suardi-srl-al-forum-della-polizia-locale-alla-fiera-di-bergamo\/","og_locale":"en_US","og_type":"article","og_title":"Planetel con la controllata Suardi Srl al Forum della Polizia Locale alla Fiera di Bergamo","og_description":"Suardi, la nuova realt\u00e0 del Gruppo Planetel, parteciper\u00e0 come espositore per proporre le sue soluzioni tecnologiche per videosorveglianza e sicurezza","og_url":"https:\/\/www.planetel.it\/en\/2024\/12\/planetel-con-la-controllata-suardi-srl-al-forum-della-polizia-locale-alla-fiera-di-bergamo\/","og_site_name":"Planetel","article_publisher":"https:\/\/www.facebook.com\/planetelspa","article_published_time":"2024-12-03T17:12:58+00:00","article_modified_time":"2024-12-03T17:13:00+00:00","og_image":[{"width":1200,"height":630,"url":"https:\/\/www.planetel.it\/wp-content\/uploads\/2024\/12\/Suardi-in-Fiera.png","type":"image\/png"}],"twitter_card":"summary_large_image","twitter_misc":{"Written by":"Mattia Capoferri","Est. reading time":"3 minutes"},"schema":{"@context":"https:\/\/schema.org","@graph":[{"@type":"Article","@id":"https:\/\/www.planetel.it\/en\/2024\/12\/planetel-con-la-controllata-suardi-srl-al-forum-della-polizia-locale-alla-fiera-di-bergamo\/#article","isPartOf":{"@id":"https:\/\/www.planetel.it\/en\/2024\/12\/planetel-con-la-controllata-suardi-srl-al-forum-della-polizia-locale-alla-fiera-di-bergamo\/"},"author":{"name":"Mattia Capoferri","@id":"https:\/\/www.planetel.it\/en\/#\/schema\/person\/0e3763fa55f3eb52faddf41a99647fb1"},"headline":"Planetel con la controllata Suardi Srl al Forum della Polizia Locale alla Fiera di Bergamo","datePublished":"2024-12-03T17:12:58+00:00","dateModified":"2024-12-03T17:13:00+00:00","mainEntityOfPage":{"@id":"https:\/\/www.planetel.it\/en\/2024\/12\/planetel-con-la-controllata-suardi-srl-al-forum-della-polizia-locale-alla-fiera-di-bergamo\/"},"wordCount":371,"publisher":{"@id":"https:\/\/www.planetel.it\/en\/#organization"},"image":{"@id":"https:\/\/www.planetel.it\/en\/2024\/12\/planetel-con-la-controllata-suardi-srl-al-forum-della-polizia-locale-alla-fiera-di-bergamo\/#primaryimage"},"thumbnailUrl":"https:\/\/www.planetel.it\/wp-content\/uploads\/2024\/12\/Suardi-in-Fiera.png","keywords":["Planetel","Suardi","Forum Polizia Locale","Fiera Bergamo","Videosorveglianza"],"articleSection":["Servizi IT","Monitoraggio reti","Impianti videosorveglianza","Il gruppo"],"inLanguage":"en-US"},{"@type":"WebPage","@id":"https:\/\/www.planetel.it\/en\/2024\/12\/planetel-con-la-controllata-suardi-srl-al-forum-della-polizia-locale-alla-fiera-di-bergamo\/","url":"https:\/\/www.planetel.it\/en\/2024\/12\/planetel-con-la-controllata-suardi-srl-al-forum-della-polizia-locale-alla-fiera-di-bergamo\/","name":"Planetel con la controllata Suardi Srl al Forum della Polizia Locale","isPartOf":{"@id":"https:\/\/www.planetel.it\/en\/#website"},"primaryImageOfPage":{"@id":"https:\/\/www.planetel.it\/en\/2024\/12\/planetel-con-la-controllata-suardi-srl-al-forum-della-polizia-locale-alla-fiera-di-bergamo\/#primaryimage"},"image":{"@id":"https:\/\/www.planetel.it\/en\/2024\/12\/planetel-con-la-controllata-suardi-srl-al-forum-della-polizia-locale-alla-fiera-di-bergamo\/#primaryimage"},"thumbnailUrl":"https:\/\/www.planetel.it\/wp-content\/uploads\/2024\/12\/Suardi-in-Fiera.png","datePublished":"2024-12-03T17:12:58+00:00","dateModified":"2024-12-03T17:13:00+00:00","description":"Suardi, la nuova realt\u00e0 del Gruppo Planetel, parteciper\u00e0 come espositore per proporre le sue soluzioni tecnologiche per videosorveglianza e sicurezza","breadcrumb":{"@id":"https:\/\/www.planetel.it\/en\/2024\/12\/planetel-con-la-controllata-suardi-srl-al-forum-della-polizia-locale-alla-fiera-di-bergamo\/#breadcrumb"},"inLanguage":"en-US","potentialAction":[{"@type":"ReadAction","target":["https:\/\/www.planetel.it\/en\/2024\/12\/planetel-con-la-controllata-suardi-srl-al-forum-della-polizia-locale-alla-fiera-di-bergamo\/"]}]},{"@type":"ImageObject","inLanguage":"en-US","@id":"https:\/\/www.planetel.it\/en\/2024\/12\/planetel-con-la-controllata-suardi-srl-al-forum-della-polizia-locale-alla-fiera-di-bergamo\/#primaryimage","url":"https:\/\/www.planetel.it\/wp-content\/uploads\/2024\/12\/Suardi-in-Fiera.png","contentUrl":"https:\/\/www.planetel.it\/wp-content\/uploads\/2024\/12\/Suardi-in-Fiera.png","width":1200,"height":630,"caption":"Forum Polizia Locale"},{"@type":"BreadcrumbList","@id":"https:\/\/www.planetel.it\/en\/2024\/12\/planetel-con-la-controllata-suardi-srl-al-forum-della-polizia-locale-alla-fiera-di-bergamo\/#breadcrumb","itemListElement":[{"@type":"ListItem","position":1,"name":"Home","item":"https:\/\/www.planetel.it\/en\/"},{"@type":"ListItem","position":2,"name":"Servizi","item":"https:\/\/www.planetel.it\/news\/blog\/categoria\/servizi\/"},{"@type":"ListItem","position":3,"name":"Servizi IT","item":"https:\/\/www.planetel.it\/news\/blog\/categoria\/servizi-it\/"},{"@type":"ListItem","position":4,"name":"Planetel con la controllata Suardi Srl al Forum della Polizia Locale alla Fiera di Bergamo"}]},{"@type":"WebSite","@id":"https:\/\/www.planetel.it\/en\/#website","url":"https:\/\/www.planetel.it\/en\/","name":"Planetel","description":"Pi\u00f9 che una connessione","publisher":{"@id":"https:\/\/www.planetel.it\/en\/#organization"},"potentialAction":[{"@type":"SearchAction","target":{"@type":"EntryPoint","urlTemplate":"https:\/\/www.planetel.it\/en\/?s={search_term_string}"},"query-input":{"@type":"PropertyValueSpecification","valueRequired":true,"valueName":"search_term_string"}}],"inLanguage":"en-US"},{"@type":"Organization","@id":"https:\/\/www.planetel.it\/en\/#organization","name":"Planetel S.p.A.","url":"https:\/\/www.planetel.it\/en\/","logo":{"@type":"ImageObject","inLanguage":"en-US","@id":"https:\/\/www.planetel.it\/en\/#\/schema\/logo\/image\/","url":"https:\/\/www.planetel.it\/wp-content\/uploads\/2024\/04\/logo-group-planetel.svg","contentUrl":"https:\/\/www.planetel.it\/wp-content\/uploads\/2024\/04\/logo-group-planetel.svg","width":1,"height":1,"caption":"Planetel S.p.A."},"image":{"@id":"https:\/\/www.planetel.it\/en\/#\/schema\/logo\/image\/"},"sameAs":["https:\/\/www.facebook.com\/planetelspa","https:\/\/www.linkedin.com\/company\/planetel","https:\/\/www.instagram.com\/planetelspa"]},{"@type":"Person","@id":"https:\/\/www.planetel.it\/en\/#\/schema\/person\/0e3763fa55f3eb52faddf41a99647fb1","name":"Mattia Capoferri","image":{"@type":"ImageObject","inLanguage":"en-US","@id":"https:\/\/secure.gravatar.com\/avatar\/d3f936ad90e1102cfb5d8f503b28be8529269bae6a8f6f67921fbd7ff96104ed?s=96&d=mm&r=g","url":"https:\/\/secure.gravatar.com\/avatar\/d3f936ad90e1102cfb5d8f503b28be8529269bae6a8f6f67921fbd7ff96104ed?s=96&d=mm&r=g","contentUrl":"https:\/\/secure.gravatar.com\/avatar\/d3f936ad90e1102cfb5d8f503b28be8529269bae6a8f6f67921fbd7ff96104ed?s=96&d=mm&r=g","caption":"Mattia Capoferri"},"url":"https:\/\/www.planetel.it\/en\/author\/mattiacapoferri\/"}]}},"_links":{"self":[{"href":"https:\/\/www.planetel.it\/en\/wp-json\/wp\/v2\/posts\/25748","targetHints":{"allow":["GET"]}}],"collection":[{"href":"https:\/\/www.planetel.it\/en\/wp-json\/wp\/v2\/posts"}],"about":[{"href":"https:\/\/www.planetel.it\/en\/wp-json\/wp\/v2\/types\/post"}],"author":[{"embeddable":true,"href":"https:\/\/www.planetel.it\/en\/wp-json\/wp\/v2\/users\/18"}],"replies":[{"embeddable":true,"href":"https:\/\/www.planetel.it\/en\/wp-json\/wp\/v2\/comments?post=25748"}],"version-history":[{"count":2,"href":"https:\/\/www.planetel.it\/en\/wp-json\/wp\/v2\/posts\/25748\/revisions"}],"predecessor-version":[{"id":25751,"href":"https:\/\/www.planetel.it\/en\/wp-json\/wp\/v2\/posts\/25748\/revisions\/25751"}],"wp:featuredmedia":[{"embeddable":true,"href":"https:\/\/www.planetel.it\/en\/wp-json\/wp\/v2\/media\/25750"}],"wp:attachment":[{"href":"https:\/\/www.planetel.it\/en\/wp-json\/wp\/v2\/media?parent=25748"}],"wp:term":[{"taxonomy":"category","embeddable":true,"href":"https:\/\/www.planetel.it\/en\/wp-json\/wp\/v2\/categories?post=25748"},{"taxonomy":"post_tag","embeddable":true,"href":"https:\/\/www.planetel.it\/en\/wp-json\/wp\/v2\/tags?post=25748"},{"taxonomy":"service_category","embeddable":true,"href":"https:\/\/www.planetel.it\/en\/wp-json\/wp\/v2\/service_category?post=25748"}],"curies":[{"name":"wp","href":"https:\/\/api.w.org\/{rel}","templated":true}]}}