{"id":26468,"date":"2024-12-17T11:42:44","date_gmt":"2024-12-17T10:42:44","guid":{"rendered":"https:\/\/www.planetel.it\/?p=26468"},"modified":"2024-12-17T11:42:46","modified_gmt":"2024-12-17T10:42:46","slug":"alla-scoperta-dei-planetel-point-daylight-2-0","status":"publish","type":"post","link":"https:\/\/www.planetel.it\/en\/2024\/12\/alla-scoperta-dei-planetel-point-daylight-2-0\/","title":{"rendered":"Alla scoperta dei Planetel Point \u2013 Daylight 2.0"},"content":{"rendered":"\n<p>Ormai da tempo, Planetel sta portando avanti un importante progetto infrastrutturale nella zona di Treviglio, investendo risorse economiche e umane per estendere, anche in quel territorio, la propria rete in fibra ottica in maniera vasta e capillare. Questo aspetto \u00e8 sostenuto anche dal numero di Point ingaggiati, tratto fondamentale per ribadire quei <strong>valori di prossimit\u00e0 e vicinanza al cliente<\/strong> che plasmano l\u2019identit\u00e0 e l\u2019immagine di Planetel.<\/p>\n\n\n\n<p>Un <a href=\"https:\/\/fibra.planetel.it\/trova-point\/\" target=\"_blank\" rel=\"noreferrer noopener\">Point<\/a> non \u00e8 soltanto un semplice negozio che offre ai clienti un\u2019ampia gamma di soluzioni anche trasversali a pi\u00f9 brand, ma \u00e8, soprattutto, una realt\u00e0 che ha deciso di sposare la causa di Planetel. Nel momento in cui l\u2019azienda porta la propria connettivit\u00e0 in un\u2019area di influenza, l\u00ec innesta quei valori originali di territorialit\u00e0 e vicinanza che trovano nei Point una delle massime concretizzazioni.<\/p>\n\n\n\n<div style=\"height:50px\" aria-hidden=\"true\" class=\"wp-block-spacer\"><\/div>\n\n\n<h2 class=\"wp-block-heading\" id=\"daylight-20-un-esempio-di-gestione-di-successo\"><strong>Daylight 2.0: un esempio di gestione di successo<\/strong><\/h2>\n\n\n<p>Daylight 2.0 \u00e8 stato fondato nel cuore di <strong>Treviglio<\/strong> a marzo 2024 da Mattia Bettinelli. Inizialmente avviato come generica agenzia d\u2019affari e biglietteria aerea, il centro ha saputo ritagliarsi sempre pi\u00f9 spazio nelle attivit\u00e0 legate a telefonia e connettivit\u00e0 e attivazione luce e gas. Completano l\u2019offerta le attivazioni SPID e PEC, i rinnovi documenti e i money transfer. Il loro <strong>focus \u00e8 sui privati<\/strong>, ma, nel corso dei mesi, hanno saputo coinvolgere sempre pi\u00f9 clienti business, soprattutto in ambito telefonia e connettivit\u00e0.<\/p>\n\n\n\n<p>Il negozio \u00e8 diventato un Planetel Point solo da settembre, ma ha gi\u00e0 saputo raggiungere importanti risultati, soprattutto grazie al contributo di Sofia Bettinelli, sorella del titolare, che si occupa in prima persona delle attivazioni di contratti di telefonia. Infatti, attraverso la sua capacit\u00e0 di essere diretta e di fornire assistenza post-vendita, \u00e8 in grado di <strong>trovare sempre la migliore soluzione per i clienti<\/strong> e diventare per loro un punto di riferimento per ogni eventuale problematica. La dimostrazione che questo approccio \u00e8 vincente \u00e8 data dalla vittoria della FantaPoint Challenge del periodo luglio-ottobre, competizione ideata da Planetel per mettere a confronto e coinvolgere maggiormente i Point. Nonostante abbia avuto meno tempo per poter attivare contratti Planetel, avendo aderito al progetto solo a partire da settembre, il centro si \u00e8 distinto rispetto agli altri con cui \u00e8 stato messo a confronto.<\/p>\n\n\n\n<div style=\"height:50px\" aria-hidden=\"true\" class=\"wp-block-spacer\"><\/div>\n\n\n<h2 class=\"wp-block-heading\" id=\"planetel-e-daylight-20-insieme-per-portare-la-fibra-ai-cittadini-di-treviglio\"><strong>Planetel e Daylight 2.0: insieme per portare la fibra ai cittadini di Treviglio<\/strong><\/h2>\n\n\n<p>Come gi\u00e0 anticipato in precedenza, Planetel, da sempre attenta al valore della territorialit\u00e0, ha deciso di investire molto nella zona di Treviglio e i Point sono un canale su cui ha deciso di puntare per servire questo comune. Da un confronto con il personale di Daylight 2.0, infatti, \u00e8 emerso come prediligano attivare la <a href=\"https:\/\/www.planetel.it\/servizi\/telecomunicazioni\/connettivita-fibra-ottica\/\" target=\"_blank\" rel=\"noreferrer noopener\">connettivit\u00e0 Planetel<\/a> rispetto ad altre proposte che vendono in quanto perfino i grandi retailer ad oggi non hanno ancora saputo portare la fibra a Treviglio. Riprendendo le parole di Sofia Bettinelli: <em>\u201cTreviglio \u00e8 molto ben coperta da Planetel e per noi \u00e8 pi\u00f9 semplice e conveniente vendere la fibra rispetto alle altre proposte. Inoltre, quando ho bisogno di assistenza, mi rispondono sempre subito e cos\u00ec riesco a fornire pi\u00f9 informazioni ai clienti anche in tempo reale. Per questo, a breve anche il nostro centro passer\u00e0 alla fibra di Planetel.\u201d<\/em><\/p>\n\n\n\n<p>Nelle loro idee e nel loro approccio al cliente, l\u2019azienda bergamasca ritrova i propri valori della <strong>qualit\u00e0 dell\u2019offerta<\/strong> e dell\u2019<strong>efficienza del servizio<\/strong>. Un partner con questa competenza e dedizione \u00e8 fondamentale per presentare al meglio i servizi di Planetel e i risultati positivi raggiunti da Daylight 2.0 dimostrano che \u00e8 una partnership di successo.<\/p>\n\n\n\n<p>Un rapporto, dunque, di collaborazione e reciproca fedelt\u00e0, fatto non soltanto di numeri, contratti e fatturato, ma anche di eventi, momenti di confronto e riconoscenza.<\/p>\n\n\n\n<div style=\"height:50px\" aria-hidden=\"true\" class=\"wp-block-spacer\"><\/div>\n\n\n\n<p class=\"has-black-color has-text-color has-link-color has-medium-font-size wp-elements-3c8e6f1661ef042c6045397751ffd8e8\"><strong>Qualche dettaglio in pi\u00f9<\/strong><\/p>\n\n\n\n<p>Daylight 2.0\u00e8 un Planetel Point situato a Treviglio (BG), in Via Abate Crippa 1\/B.<\/p>\n\n\n\n<p>Per ulteriori informazioni, chiamare 371 3499628.<\/p>\n","protected":false},"excerpt":{"rendered":"<p>Ormai da tempo, Planetel sta portando avanti un importante progetto infrastrutturale nella zona di Treviglio, investendo risorse economiche e umane per estendere, anche in quel territorio, la propria rete in fibra ottica in maniera vasta e capillare. Questo aspetto \u00e8 sostenuto anche dal numero di Point ingaggiati, tratto fondamentale per ribadire quei valori di prossimit\u00e0 [&hellip;]<\/p>\n","protected":false},"author":18,"featured_media":26472,"comment_status":"closed","ping_status":"closed","sticky":false,"template":"","format":"standard","meta":{"_acf_changed":false,"footnotes":""},"categories":[692,693,695,716,717,672],"tags":[358,379,433,518,846],"service_category":[312],"class_list":["post-26468","post","type-post","status-publish","format-standard","has-post-thumbnail","hentry","category-connettivita-fibra-ottica","category-connettivita-radio-wireless","category-telefonia","category-privati","category-attivita-commerciali","category-planetel","tag-planetel","tag-fibra-ottica","tag-planetel-point","tag-treviglio","tag-daylight-2-0","service_category-telecomunicazioni"],"acf":[],"yoast_head":"<!-- This site is optimized with the Yoast SEO plugin v27.3 - https:\/\/yoast.com\/product\/yoast-seo-wordpress\/ -->\n<title>Alla scoperta dei Planetel Point - Daylight 2.0<\/title>\n<meta name=\"description\" content=\"Vi presentiamo il Planetel Point Daylight 2.0 di Treviglio. Scopri di pi\u00f9.\" \/>\n<meta name=\"robots\" content=\"index, follow, max-snippet:-1, max-image-preview:large, max-video-preview:-1\" \/>\n<link rel=\"canonical\" href=\"https:\/\/www.planetel.it\/en\/2024\/12\/alla-scoperta-dei-planetel-point-daylight-2-0\/\" \/>\n<meta property=\"og:locale\" content=\"en_US\" \/>\n<meta property=\"og:type\" content=\"article\" \/>\n<meta property=\"og:title\" content=\"Alla scoperta dei Planetel Point - Daylight 2.0\" \/>\n<meta property=\"og:description\" content=\"Vi presentiamo il Planetel Point Daylight 2.0 di Treviglio. Scopri di pi\u00f9.\" \/>\n<meta property=\"og:url\" content=\"https:\/\/www.planetel.it\/en\/2024\/12\/alla-scoperta-dei-planetel-point-daylight-2-0\/\" \/>\n<meta property=\"og:site_name\" content=\"Planetel\" \/>\n<meta property=\"article:publisher\" content=\"https:\/\/www.facebook.com\/planetelspa\" \/>\n<meta property=\"article:published_time\" content=\"2024-12-17T10:42:44+00:00\" \/>\n<meta property=\"article:modified_time\" content=\"2024-12-17T10:42:46+00:00\" \/>\n<meta property=\"og:image\" content=\"https:\/\/www.planetel.it\/wp-content\/uploads\/2024\/12\/Planetel-Point-Daylight-2.0.png\" \/>\n\t<meta property=\"og:image:width\" content=\"1200\" \/>\n\t<meta property=\"og:image:height\" content=\"630\" \/>\n\t<meta property=\"og:image:type\" content=\"image\/png\" \/>\n<meta name=\"twitter:card\" content=\"summary_large_image\" \/>\n<meta name=\"twitter:label1\" content=\"Written by\" \/>\n\t<meta name=\"twitter:data1\" content=\"Mattia Capoferri\" \/>\n\t<meta name=\"twitter:label2\" content=\"Est. reading time\" \/>\n\t<meta name=\"twitter:data2\" content=\"4 minutes\" \/>\n<script type=\"application\/ld+json\" class=\"yoast-schema-graph\">{\"@context\":\"https:\\\/\\\/schema.org\",\"@graph\":[{\"@type\":\"Article\",\"@id\":\"https:\\\/\\\/www.planetel.it\\\/en\\\/2024\\\/12\\\/alla-scoperta-dei-planetel-point-daylight-2-0\\\/#article\",\"isPartOf\":{\"@id\":\"https:\\\/\\\/www.planetel.it\\\/en\\\/2024\\\/12\\\/alla-scoperta-dei-planetel-point-daylight-2-0\\\/\"},\"author\":{\"name\":\"Mattia Capoferri\",\"@id\":\"https:\\\/\\\/www.planetel.it\\\/en\\\/#\\\/schema\\\/person\\\/0e3763fa55f3eb52faddf41a99647fb1\"},\"headline\":\"Alla scoperta dei Planetel Point \u2013 Daylight 2.0\",\"datePublished\":\"2024-12-17T10:42:44+00:00\",\"dateModified\":\"2024-12-17T10:42:46+00:00\",\"mainEntityOfPage\":{\"@id\":\"https:\\\/\\\/www.planetel.it\\\/en\\\/2024\\\/12\\\/alla-scoperta-dei-planetel-point-daylight-2-0\\\/\"},\"wordCount\":611,\"publisher\":{\"@id\":\"https:\\\/\\\/www.planetel.it\\\/en\\\/#organization\"},\"image\":{\"@id\":\"https:\\\/\\\/www.planetel.it\\\/en\\\/2024\\\/12\\\/alla-scoperta-dei-planetel-point-daylight-2-0\\\/#primaryimage\"},\"thumbnailUrl\":\"https:\\\/\\\/www.planetel.it\\\/wp-content\\\/uploads\\\/2024\\\/12\\\/Planetel-Point-Daylight-2.0.png\",\"keywords\":[\"Planetel\",\"Fibra ottica\",\"Planetel Point\",\"Treviglio\",\"Daylight 2.0\"],\"articleSection\":[\"Connettivit\u00e0 Fibra ottica\",\"Connettivit\u00e0 Radio (Wireless)\",\"Telefonia\",\"Privati\",\"Attivit\u00e0 commerciali\",\"Planetel\"],\"inLanguage\":\"en-US\"},{\"@type\":\"WebPage\",\"@id\":\"https:\\\/\\\/www.planetel.it\\\/en\\\/2024\\\/12\\\/alla-scoperta-dei-planetel-point-daylight-2-0\\\/\",\"url\":\"https:\\\/\\\/www.planetel.it\\\/en\\\/2024\\\/12\\\/alla-scoperta-dei-planetel-point-daylight-2-0\\\/\",\"name\":\"Alla scoperta dei Planetel Point - Daylight 2.0\",\"isPartOf\":{\"@id\":\"https:\\\/\\\/www.planetel.it\\\/en\\\/#website\"},\"primaryImageOfPage\":{\"@id\":\"https:\\\/\\\/www.planetel.it\\\/en\\\/2024\\\/12\\\/alla-scoperta-dei-planetel-point-daylight-2-0\\\/#primaryimage\"},\"image\":{\"@id\":\"https:\\\/\\\/www.planetel.it\\\/en\\\/2024\\\/12\\\/alla-scoperta-dei-planetel-point-daylight-2-0\\\/#primaryimage\"},\"thumbnailUrl\":\"https:\\\/\\\/www.planetel.it\\\/wp-content\\\/uploads\\\/2024\\\/12\\\/Planetel-Point-Daylight-2.0.png\",\"datePublished\":\"2024-12-17T10:42:44+00:00\",\"dateModified\":\"2024-12-17T10:42:46+00:00\",\"description\":\"Vi presentiamo il Planetel Point Daylight 2.0 di Treviglio. Scopri di pi\u00f9.\",\"breadcrumb\":{\"@id\":\"https:\\\/\\\/www.planetel.it\\\/en\\\/2024\\\/12\\\/alla-scoperta-dei-planetel-point-daylight-2-0\\\/#breadcrumb\"},\"inLanguage\":\"en-US\",\"potentialAction\":[{\"@type\":\"ReadAction\",\"target\":[\"https:\\\/\\\/www.planetel.it\\\/en\\\/2024\\\/12\\\/alla-scoperta-dei-planetel-point-daylight-2-0\\\/\"]}]},{\"@type\":\"ImageObject\",\"inLanguage\":\"en-US\",\"@id\":\"https:\\\/\\\/www.planetel.it\\\/en\\\/2024\\\/12\\\/alla-scoperta-dei-planetel-point-daylight-2-0\\\/#primaryimage\",\"url\":\"https:\\\/\\\/www.planetel.it\\\/wp-content\\\/uploads\\\/2024\\\/12\\\/Planetel-Point-Daylight-2.0.png\",\"contentUrl\":\"https:\\\/\\\/www.planetel.it\\\/wp-content\\\/uploads\\\/2024\\\/12\\\/Planetel-Point-Daylight-2.0.png\",\"width\":1200,\"height\":630,\"caption\":\"Daylight 2.0\"},{\"@type\":\"BreadcrumbList\",\"@id\":\"https:\\\/\\\/www.planetel.it\\\/en\\\/2024\\\/12\\\/alla-scoperta-dei-planetel-point-daylight-2-0\\\/#breadcrumb\",\"itemListElement\":[{\"@type\":\"ListItem\",\"position\":1,\"name\":\"Home\",\"item\":\"https:\\\/\\\/www.planetel.it\\\/en\\\/\"},{\"@type\":\"ListItem\",\"position\":2,\"name\":\"Servizi\",\"item\":\"https:\\\/\\\/www.planetel.it\\\/news\\\/blog\\\/categoria\\\/servizi\\\/\"},{\"@type\":\"ListItem\",\"position\":3,\"name\":\"Connettivit\u00e0 Fibra ottica\",\"item\":\"https:\\\/\\\/www.planetel.it\\\/news\\\/blog\\\/categoria\\\/connettivita-fibra-ottica\\\/\"},{\"@type\":\"ListItem\",\"position\":4,\"name\":\"Alla scoperta dei Planetel Point \u2013 Daylight 2.0\"}]},{\"@type\":\"WebSite\",\"@id\":\"https:\\\/\\\/www.planetel.it\\\/en\\\/#website\",\"url\":\"https:\\\/\\\/www.planetel.it\\\/en\\\/\",\"name\":\"Planetel\",\"description\":\"Pi\u00f9 che una connessione\",\"publisher\":{\"@id\":\"https:\\\/\\\/www.planetel.it\\\/en\\\/#organization\"},\"potentialAction\":[{\"@type\":\"SearchAction\",\"target\":{\"@type\":\"EntryPoint\",\"urlTemplate\":\"https:\\\/\\\/www.planetel.it\\\/en\\\/?s={search_term_string}\"},\"query-input\":{\"@type\":\"PropertyValueSpecification\",\"valueRequired\":true,\"valueName\":\"search_term_string\"}}],\"inLanguage\":\"en-US\"},{\"@type\":\"Organization\",\"@id\":\"https:\\\/\\\/www.planetel.it\\\/en\\\/#organization\",\"name\":\"Planetel S.p.A.\",\"url\":\"https:\\\/\\\/www.planetel.it\\\/en\\\/\",\"logo\":{\"@type\":\"ImageObject\",\"inLanguage\":\"en-US\",\"@id\":\"https:\\\/\\\/www.planetel.it\\\/en\\\/#\\\/schema\\\/logo\\\/image\\\/\",\"url\":\"https:\\\/\\\/www.planetel.it\\\/wp-content\\\/uploads\\\/2024\\\/04\\\/logo-group-planetel.svg\",\"contentUrl\":\"https:\\\/\\\/www.planetel.it\\\/wp-content\\\/uploads\\\/2024\\\/04\\\/logo-group-planetel.svg\",\"width\":1,\"height\":1,\"caption\":\"Planetel S.p.A.\"},\"image\":{\"@id\":\"https:\\\/\\\/www.planetel.it\\\/en\\\/#\\\/schema\\\/logo\\\/image\\\/\"},\"sameAs\":[\"https:\\\/\\\/www.facebook.com\\\/planetelspa\",\"https:\\\/\\\/www.linkedin.com\\\/company\\\/planetel\",\"https:\\\/\\\/www.instagram.com\\\/planetelspa\"]},{\"@type\":\"Person\",\"@id\":\"https:\\\/\\\/www.planetel.it\\\/en\\\/#\\\/schema\\\/person\\\/0e3763fa55f3eb52faddf41a99647fb1\",\"name\":\"Mattia Capoferri\",\"image\":{\"@type\":\"ImageObject\",\"inLanguage\":\"en-US\",\"@id\":\"https:\\\/\\\/secure.gravatar.com\\\/avatar\\\/d3f936ad90e1102cfb5d8f503b28be8529269bae6a8f6f67921fbd7ff96104ed?s=96&d=mm&r=g\",\"url\":\"https:\\\/\\\/secure.gravatar.com\\\/avatar\\\/d3f936ad90e1102cfb5d8f503b28be8529269bae6a8f6f67921fbd7ff96104ed?s=96&d=mm&r=g\",\"contentUrl\":\"https:\\\/\\\/secure.gravatar.com\\\/avatar\\\/d3f936ad90e1102cfb5d8f503b28be8529269bae6a8f6f67921fbd7ff96104ed?s=96&d=mm&r=g\",\"caption\":\"Mattia Capoferri\"},\"url\":\"https:\\\/\\\/www.planetel.it\\\/en\\\/author\\\/mattiacapoferri\\\/\"}]}<\/script>\n<!-- \/ Yoast SEO plugin. -->","yoast_head_json":{"title":"Alla scoperta dei Planetel Point - Daylight 2.0","description":"Vi presentiamo il Planetel Point Daylight 2.0 di Treviglio. Scopri di pi\u00f9.","robots":{"index":"index","follow":"follow","max-snippet":"max-snippet:-1","max-image-preview":"max-image-preview:large","max-video-preview":"max-video-preview:-1"},"canonical":"https:\/\/www.planetel.it\/en\/2024\/12\/alla-scoperta-dei-planetel-point-daylight-2-0\/","og_locale":"en_US","og_type":"article","og_title":"Alla scoperta dei Planetel Point - Daylight 2.0","og_description":"Vi presentiamo il Planetel Point Daylight 2.0 di Treviglio. Scopri di pi\u00f9.","og_url":"https:\/\/www.planetel.it\/en\/2024\/12\/alla-scoperta-dei-planetel-point-daylight-2-0\/","og_site_name":"Planetel","article_publisher":"https:\/\/www.facebook.com\/planetelspa","article_published_time":"2024-12-17T10:42:44+00:00","article_modified_time":"2024-12-17T10:42:46+00:00","og_image":[{"width":1200,"height":630,"url":"https:\/\/www.planetel.it\/wp-content\/uploads\/2024\/12\/Planetel-Point-Daylight-2.0.png","type":"image\/png"}],"twitter_card":"summary_large_image","twitter_misc":{"Written by":"Mattia Capoferri","Est. reading time":"4 minutes"},"schema":{"@context":"https:\/\/schema.org","@graph":[{"@type":"Article","@id":"https:\/\/www.planetel.it\/en\/2024\/12\/alla-scoperta-dei-planetel-point-daylight-2-0\/#article","isPartOf":{"@id":"https:\/\/www.planetel.it\/en\/2024\/12\/alla-scoperta-dei-planetel-point-daylight-2-0\/"},"author":{"name":"Mattia Capoferri","@id":"https:\/\/www.planetel.it\/en\/#\/schema\/person\/0e3763fa55f3eb52faddf41a99647fb1"},"headline":"Alla scoperta dei Planetel Point \u2013 Daylight 2.0","datePublished":"2024-12-17T10:42:44+00:00","dateModified":"2024-12-17T10:42:46+00:00","mainEntityOfPage":{"@id":"https:\/\/www.planetel.it\/en\/2024\/12\/alla-scoperta-dei-planetel-point-daylight-2-0\/"},"wordCount":611,"publisher":{"@id":"https:\/\/www.planetel.it\/en\/#organization"},"image":{"@id":"https:\/\/www.planetel.it\/en\/2024\/12\/alla-scoperta-dei-planetel-point-daylight-2-0\/#primaryimage"},"thumbnailUrl":"https:\/\/www.planetel.it\/wp-content\/uploads\/2024\/12\/Planetel-Point-Daylight-2.0.png","keywords":["Planetel","Fibra ottica","Planetel Point","Treviglio","Daylight 2.0"],"articleSection":["Connettivit\u00e0 Fibra ottica","Connettivit\u00e0 Radio (Wireless)","Telefonia","Privati","Attivit\u00e0 commerciali","Planetel"],"inLanguage":"en-US"},{"@type":"WebPage","@id":"https:\/\/www.planetel.it\/en\/2024\/12\/alla-scoperta-dei-planetel-point-daylight-2-0\/","url":"https:\/\/www.planetel.it\/en\/2024\/12\/alla-scoperta-dei-planetel-point-daylight-2-0\/","name":"Alla scoperta dei Planetel Point - Daylight 2.0","isPartOf":{"@id":"https:\/\/www.planetel.it\/en\/#website"},"primaryImageOfPage":{"@id":"https:\/\/www.planetel.it\/en\/2024\/12\/alla-scoperta-dei-planetel-point-daylight-2-0\/#primaryimage"},"image":{"@id":"https:\/\/www.planetel.it\/en\/2024\/12\/alla-scoperta-dei-planetel-point-daylight-2-0\/#primaryimage"},"thumbnailUrl":"https:\/\/www.planetel.it\/wp-content\/uploads\/2024\/12\/Planetel-Point-Daylight-2.0.png","datePublished":"2024-12-17T10:42:44+00:00","dateModified":"2024-12-17T10:42:46+00:00","description":"Vi presentiamo il Planetel Point Daylight 2.0 di Treviglio. Scopri di pi\u00f9.","breadcrumb":{"@id":"https:\/\/www.planetel.it\/en\/2024\/12\/alla-scoperta-dei-planetel-point-daylight-2-0\/#breadcrumb"},"inLanguage":"en-US","potentialAction":[{"@type":"ReadAction","target":["https:\/\/www.planetel.it\/en\/2024\/12\/alla-scoperta-dei-planetel-point-daylight-2-0\/"]}]},{"@type":"ImageObject","inLanguage":"en-US","@id":"https:\/\/www.planetel.it\/en\/2024\/12\/alla-scoperta-dei-planetel-point-daylight-2-0\/#primaryimage","url":"https:\/\/www.planetel.it\/wp-content\/uploads\/2024\/12\/Planetel-Point-Daylight-2.0.png","contentUrl":"https:\/\/www.planetel.it\/wp-content\/uploads\/2024\/12\/Planetel-Point-Daylight-2.0.png","width":1200,"height":630,"caption":"Daylight 2.0"},{"@type":"BreadcrumbList","@id":"https:\/\/www.planetel.it\/en\/2024\/12\/alla-scoperta-dei-planetel-point-daylight-2-0\/#breadcrumb","itemListElement":[{"@type":"ListItem","position":1,"name":"Home","item":"https:\/\/www.planetel.it\/en\/"},{"@type":"ListItem","position":2,"name":"Servizi","item":"https:\/\/www.planetel.it\/news\/blog\/categoria\/servizi\/"},{"@type":"ListItem","position":3,"name":"Connettivit\u00e0 Fibra ottica","item":"https:\/\/www.planetel.it\/news\/blog\/categoria\/connettivita-fibra-ottica\/"},{"@type":"ListItem","position":4,"name":"Alla scoperta dei Planetel Point \u2013 Daylight 2.0"}]},{"@type":"WebSite","@id":"https:\/\/www.planetel.it\/en\/#website","url":"https:\/\/www.planetel.it\/en\/","name":"Planetel","description":"Pi\u00f9 che una connessione","publisher":{"@id":"https:\/\/www.planetel.it\/en\/#organization"},"potentialAction":[{"@type":"SearchAction","target":{"@type":"EntryPoint","urlTemplate":"https:\/\/www.planetel.it\/en\/?s={search_term_string}"},"query-input":{"@type":"PropertyValueSpecification","valueRequired":true,"valueName":"search_term_string"}}],"inLanguage":"en-US"},{"@type":"Organization","@id":"https:\/\/www.planetel.it\/en\/#organization","name":"Planetel S.p.A.","url":"https:\/\/www.planetel.it\/en\/","logo":{"@type":"ImageObject","inLanguage":"en-US","@id":"https:\/\/www.planetel.it\/en\/#\/schema\/logo\/image\/","url":"https:\/\/www.planetel.it\/wp-content\/uploads\/2024\/04\/logo-group-planetel.svg","contentUrl":"https:\/\/www.planetel.it\/wp-content\/uploads\/2024\/04\/logo-group-planetel.svg","width":1,"height":1,"caption":"Planetel S.p.A."},"image":{"@id":"https:\/\/www.planetel.it\/en\/#\/schema\/logo\/image\/"},"sameAs":["https:\/\/www.facebook.com\/planetelspa","https:\/\/www.linkedin.com\/company\/planetel","https:\/\/www.instagram.com\/planetelspa"]},{"@type":"Person","@id":"https:\/\/www.planetel.it\/en\/#\/schema\/person\/0e3763fa55f3eb52faddf41a99647fb1","name":"Mattia Capoferri","image":{"@type":"ImageObject","inLanguage":"en-US","@id":"https:\/\/secure.gravatar.com\/avatar\/d3f936ad90e1102cfb5d8f503b28be8529269bae6a8f6f67921fbd7ff96104ed?s=96&d=mm&r=g","url":"https:\/\/secure.gravatar.com\/avatar\/d3f936ad90e1102cfb5d8f503b28be8529269bae6a8f6f67921fbd7ff96104ed?s=96&d=mm&r=g","contentUrl":"https:\/\/secure.gravatar.com\/avatar\/d3f936ad90e1102cfb5d8f503b28be8529269bae6a8f6f67921fbd7ff96104ed?s=96&d=mm&r=g","caption":"Mattia Capoferri"},"url":"https:\/\/www.planetel.it\/en\/author\/mattiacapoferri\/"}]}},"_links":{"self":[{"href":"https:\/\/www.planetel.it\/en\/wp-json\/wp\/v2\/posts\/26468","targetHints":{"allow":["GET"]}}],"collection":[{"href":"https:\/\/www.planetel.it\/en\/wp-json\/wp\/v2\/posts"}],"about":[{"href":"https:\/\/www.planetel.it\/en\/wp-json\/wp\/v2\/types\/post"}],"author":[{"embeddable":true,"href":"https:\/\/www.planetel.it\/en\/wp-json\/wp\/v2\/users\/18"}],"replies":[{"embeddable":true,"href":"https:\/\/www.planetel.it\/en\/wp-json\/wp\/v2\/comments?post=26468"}],"version-history":[{"count":4,"href":"https:\/\/www.planetel.it\/en\/wp-json\/wp\/v2\/posts\/26468\/revisions"}],"predecessor-version":[{"id":26474,"href":"https:\/\/www.planetel.it\/en\/wp-json\/wp\/v2\/posts\/26468\/revisions\/26474"}],"wp:featuredmedia":[{"embeddable":true,"href":"https:\/\/www.planetel.it\/en\/wp-json\/wp\/v2\/media\/26472"}],"wp:attachment":[{"href":"https:\/\/www.planetel.it\/en\/wp-json\/wp\/v2\/media?parent=26468"}],"wp:term":[{"taxonomy":"category","embeddable":true,"href":"https:\/\/www.planetel.it\/en\/wp-json\/wp\/v2\/categories?post=26468"},{"taxonomy":"post_tag","embeddable":true,"href":"https:\/\/www.planetel.it\/en\/wp-json\/wp\/v2\/tags?post=26468"},{"taxonomy":"service_category","embeddable":true,"href":"https:\/\/www.planetel.it\/en\/wp-json\/wp\/v2\/service_category?post=26468"}],"curies":[{"name":"wp","href":"https:\/\/api.w.org\/{rel}","templated":true}]}}