{"id":26636,"date":"2024-12-20T09:25:43","date_gmt":"2024-12-20T08:25:43","guid":{"rendered":"https:\/\/www.planetel.it\/?p=26636"},"modified":"2025-04-04T08:48:01","modified_gmt":"2025-04-04T06:48:01","slug":"le-scadenze-del-nis2-dic-gen-feb","status":"publish","type":"post","link":"https:\/\/www.planetel.it\/en\/2024\/12\/le-scadenze-del-nis2-dic-gen-feb\/","title":{"rendered":"Le scadenze del NIS2: i prossimi passi per l\u2019adeguamento."},"content":{"rendered":"\n<div style=\"height:50px\" aria-hidden=\"true\" class=\"wp-block-spacer\"><\/div>\n\n\n\n<p>Ormai da un paio di mesi la nuova direttiva <a href=\"https:\/\/www.planetel.it\/2024\/10\/introduzione-alla-direttiva-nis2\/\" target=\"_blank\" rel=\"noreferrer noopener\"><strong>NIS2<\/strong><\/a> \u00e8 entrata in vigore, portando con s\u00e9 tutta una serie di nuovi obblighi per aziende e pubbliche amministrazioni in materia di sicurezza informatica. Oltre a descrivere che cosa i soggetti sono chiamati a fare, il testo indica anche delle scadenze di breve, medio e lungo periodo, restituendo una panoramica di applicazione che abbraccia almeno il prossimo biennio.<\/p>\n\n\n\n<p>Ma vediamo ora le date pi\u00f9 incombenti da cerchiare sul calendario.<\/p>\n\n\n\n<div style=\"height:50px\" aria-hidden=\"true\" class=\"wp-block-spacer\"><\/div>\n\n\n<h2 class=\"wp-block-heading\" id=\"nis2-le-scadenze-di-dicembre-gennaio-e-febbraio\"><strong>NIS2: Le scadenze di dicembre, gennaio e febbraio.<\/strong><\/h2>\n\n\n<div style=\"height:50px\" aria-hidden=\"true\" class=\"wp-block-spacer\"><\/div>\n\n\n\n<p>Malgrado il percorso di adeguamento abbia un respiro che tocchi il 2026, in realt\u00e0 i prossimi mesi sono cruciali per comprendere la propria situazione in relazione alla Direttiva e muovere eventualmente i primi passi.<\/p>\n\n\n\n<p>In tal senso, la prima data da cerchiare sul calendario \u00e8 il <strong>31 dicembre 2024<\/strong>, individuata come termine ultimo per svolgere l\u2019<strong>assessment<\/strong> della propria Organizzazione. Ci\u00f2 significa che entro la fine dell\u2019anno le aziende e le pubbliche amministrazioni dovranno svolgere un\u2019azione di auto valutazione per comprendere se siano soggette o meno agli obblighi della Direttiva NIS2, in particolare in relazione al dettato degli artt. 6 e 7, degli Allegati I, II, III e IV, nonch\u00e9 di ogni altro atto che verr\u00e0 emanato.<\/p>\n\n\n\n<p>Il secondo appuntamento \u00e8 rappresentato dal primo bimestre del nuovo anno. Tra il <strong>1\u00b0 gennaio e il 28 febbraio 2025<\/strong>, infatti, le realt\u00e0 private e pubbliche che ritengano di rientrare nell\u2019ambito di applicazione del decreto a seguito dell\u2019assessment effettuato in precedenza, saranno chiamate a <strong>registrarsi sulla piattaforma<\/strong> resa disponibile da <strong>ACN<\/strong>, fornendo informazioni e dettagli sulla base di quanto richiesto. Nello specifico, dovranno essere individuati i cosiddetti <em>punti di contatto<\/em>, ossia utenti designati appositamente che avranno il compito di autenticarsi sul Portale ACN tramite credenziali SPID. Tali figure dovranno compilare un\u2019apposita dichiarazione per fornire informazioni corrette e specifiche riguardo l\u2019Organizzazione che rappresentano.<\/p>\n\n\n\n<p>In questa specifica fase temporale, quindi, le aziende e le pubbliche amministrazioni devono assumere un atteggiamento proattivo e analitico, pianificando con attenzione le attivit\u00e0 e seguendo i dettami normativi.<\/p>\n\n\n\n<p>In sintesi:<\/p>\n\n\n\n<ul class=\"wp-block-list\">\n<li><strong>Entro il 31 dicembre 2024<\/strong>: assessment per valutare la propria Organizzazione.<\/li>\n\n\n\n<li><strong>Dal 1\u00b0 gennaio al 28 febbraio 2025<\/strong>: autenticazione su piattaforma ACN.<\/li>\n<\/ul>\n\n\n\n<div style=\"height:50px\" aria-hidden=\"true\" class=\"wp-block-spacer\"><\/div>\n\n\n<h2 class=\"wp-block-heading\" id=\"adeguamento-al-nis2-planetel-e-al-tuo-fianco\"><strong>Adeguamento al NIS2: <\/strong><a href=\"https:\/\/www.planetel.it\" target=\"_blank\" rel=\"noreferrer noopener\"><strong>Planetel<\/strong><\/a><strong> \u00e8 al tuo fianco.<\/strong><\/h2>\n\n\n<div style=\"height:50px\" aria-hidden=\"true\" class=\"wp-block-spacer\"><\/div>\n\n\n\n<p>Il connubio tra sicurezza informatica e adempimenti normativi pu\u00f2 spaventare, o quantomeno necessita di investimenti significativi in termini di risorse, competenze e tempo. Ecco perch\u00e9 il modo migliore per affrontare la Direttiva NIS2 \u00e8 affidarsi ad un <strong>partner affidabile e competente<\/strong>, in grado effettuare test tecnici di valutazione delle debolezze dei sistemi. In questo senso, noi di <strong>Planetel<\/strong> siamo al fianco delle aziende e delle pubbliche amministrazioni che sono chiamate ad adeguarsi alla normativa.<\/p>\n\n\n\n<p>Supportiamo il cliente nei vari passaggi verso la conformit\u00e0, guidandolo dalla valutazione del rischio alla gestione degli incidenti attraverso l\u2019implementazione di <a href=\"https:\/\/www.planetel.it\/servizi\/servizi-it-cloud\/\" target=\"_blank\" rel=\"noreferrer noopener\"><strong>Sistemi di Protezione Avanzata<\/strong><\/a>.<\/p>\n\n\n\n<p>A lui non rimane che concentrarsi sul proprio business, con la tranquillit\u00e0 di essere seguito da un\u2019azienda affermata, dotata di soluzioni tecnologiche all\u2019avanguardia e di professionisti qualificati in grado di offrire supporto costante, completo e personalizzato.<\/p>\n\n\n\n<p>L\u2019evoluzione digitale \u00e8 adesso. Noi siamo al tuo fianco! Contattaci allo <strong>035204461<\/strong> o all\u2019indirizzo e-mail <a href=\"mailto:servizicloud@planetel.it\" target=\"_blank\" rel=\"noreferrer noopener\"><strong>servizicloud@planetel.it<\/strong><\/a><\/p>\n\n\n\n<div style=\"height:50px\" aria-hidden=\"true\" class=\"wp-block-spacer\"><\/div>\n\n\n\n<div class=\"wp-block-buttons is-content-justification-center is-layout-flex wp-container-core-buttons-is-layout-16018d1d wp-block-buttons-is-layout-flex\">\n<div class=\"wp-block-button has-custom-font-size is-style-fill has-medium-font-size\"><a class=\"wp-block-button__link has-white-color has-text-color has-background has-link-color wp-element-button\" href=\"https:\/\/www.planetel.it\/novita\/nis2-la-nuova-direttiva-europea\/\" style=\"border-radius:12px;background-color:#439f36\" target=\"_blank\" rel=\"noreferrer noopener\">Scopri di pi\u00f9<\/a><\/div>\n<\/div>\n","protected":false},"excerpt":{"rendered":"<p>Ormai da un paio di mesi la nuova direttiva NIS2 \u00e8 entrata in vigore, portando con s\u00e9 tutta una serie di nuovi obblighi per aziende e pubbliche amministrazioni in materia di sicurezza informatica. Oltre a descrivere che cosa i soggetti sono chiamati a fare, il testo indica anche delle scadenze di breve, medio e lungo [&hellip;]<\/p>\n","protected":false},"author":4,"featured_media":26640,"comment_status":"closed","ping_status":"closed","sticky":false,"template":"","format":"standard","meta":{"_acf_changed":false,"footnotes":""},"categories":[690,698,699,700,702,718,719],"tags":[358,767,848,849],"service_category":[313],"class_list":["post-26636","post","type-post","status-publish","format-standard","has-post-thumbnail","hentry","category-servizi","category-servizi-it-cloud","category-servizi-cloud","category-servizi-it","category-cybersecurity","category-medie-e-grandi-imprese","category-pubblica-amministrazione","tag-planetel","tag-nis2","tag-itcloud","tag-compliance","service_category-servizi-it-cloud"],"acf":[],"yoast_head":"<!-- This site is optimized with the Yoast SEO plugin v27.3 - https:\/\/yoast.com\/product\/yoast-seo-wordpress\/ -->\n<title>Le scadenze del NIS2: i prossimi passi per l\u2019adeguamento<\/title>\n<meta name=\"description\" content=\"Il NIS2 \u00e8 entrato in vigore e i prossimi mesi saranno decisivi per adeguarsi. Planetel \u00e8 al tuo fianco in questo percorso. Scopri di pi\u00f9.\" \/>\n<meta name=\"robots\" content=\"index, follow, max-snippet:-1, max-image-preview:large, max-video-preview:-1\" \/>\n<link rel=\"canonical\" href=\"https:\/\/www.planetel.it\/en\/2024\/12\/le-scadenze-del-nis2-dic-gen-feb\/\" \/>\n<meta property=\"og:locale\" content=\"en_US\" \/>\n<meta property=\"og:type\" content=\"article\" \/>\n<meta property=\"og:title\" content=\"Le scadenze del NIS2: i prossimi passi per l\u2019adeguamento\" \/>\n<meta property=\"og:description\" content=\"Il NIS2 \u00e8 entrato in vigore e i prossimi mesi saranno decisivi per adeguarsi. Planetel \u00e8 al tuo fianco in questo percorso. Scopri di pi\u00f9.\" \/>\n<meta property=\"og:url\" content=\"https:\/\/www.planetel.it\/en\/2024\/12\/le-scadenze-del-nis2-dic-gen-feb\/\" \/>\n<meta property=\"og:site_name\" content=\"Planetel\" \/>\n<meta property=\"article:publisher\" content=\"https:\/\/www.facebook.com\/planetelspa\" \/>\n<meta property=\"article:published_time\" content=\"2024-12-20T08:25:43+00:00\" \/>\n<meta property=\"article:modified_time\" content=\"2025-04-04T06:48:01+00:00\" \/>\n<meta property=\"og:image\" content=\"https:\/\/www.planetel.it\/wp-content\/uploads\/2024\/12\/20241220-Scadenze-NIS2-Dic24-Feb25.png\" \/>\n\t<meta property=\"og:image:width\" content=\"1200\" \/>\n\t<meta property=\"og:image:height\" content=\"630\" \/>\n\t<meta property=\"og:image:type\" content=\"image\/png\" \/>\n<meta name=\"twitter:card\" content=\"summary_large_image\" \/>\n<meta name=\"twitter:label1\" content=\"Written by\" \/>\n\t<meta name=\"twitter:data1\" content=\"Andrea Brumana\" \/>\n\t<meta name=\"twitter:label2\" content=\"Est. reading time\" \/>\n\t<meta name=\"twitter:data2\" content=\"3 minutes\" \/>\n<script type=\"application\/ld+json\" class=\"yoast-schema-graph\">{\"@context\":\"https:\\\/\\\/schema.org\",\"@graph\":[{\"@type\":\"Article\",\"@id\":\"https:\\\/\\\/www.planetel.it\\\/en\\\/2024\\\/12\\\/le-scadenze-del-nis2-dic-gen-feb\\\/#article\",\"isPartOf\":{\"@id\":\"https:\\\/\\\/www.planetel.it\\\/en\\\/2024\\\/12\\\/le-scadenze-del-nis2-dic-gen-feb\\\/\"},\"author\":{\"name\":\"Andrea Brumana\",\"@id\":\"https:\\\/\\\/www.planetel.it\\\/en\\\/#\\\/schema\\\/person\\\/8e74703d23ff222042246a845bb004fa\"},\"headline\":\"Le scadenze del NIS2: i prossimi passi per l\u2019adeguamento.\",\"datePublished\":\"2024-12-20T08:25:43+00:00\",\"dateModified\":\"2025-04-04T06:48:01+00:00\",\"mainEntityOfPage\":{\"@id\":\"https:\\\/\\\/www.planetel.it\\\/en\\\/2024\\\/12\\\/le-scadenze-del-nis2-dic-gen-feb\\\/\"},\"wordCount\":523,\"publisher\":{\"@id\":\"https:\\\/\\\/www.planetel.it\\\/en\\\/#organization\"},\"image\":{\"@id\":\"https:\\\/\\\/www.planetel.it\\\/en\\\/2024\\\/12\\\/le-scadenze-del-nis2-dic-gen-feb\\\/#primaryimage\"},\"thumbnailUrl\":\"https:\\\/\\\/www.planetel.it\\\/wp-content\\\/uploads\\\/2024\\\/12\\\/20241220-Scadenze-NIS2-Dic24-Feb25.png\",\"keywords\":[\"Planetel\",\"NIS2\",\"IT&amp;Cloud\",\"Compliance\"],\"articleSection\":[\"Servizi\",\"Servizi IT &amp; Cloud\",\"Servizi Cloud\",\"Servizi IT\",\"Cybersecurity\",\"Medie e grandi Imprese\",\"Pubblica Amministrazione\"],\"inLanguage\":\"en-US\"},{\"@type\":\"WebPage\",\"@id\":\"https:\\\/\\\/www.planetel.it\\\/en\\\/2024\\\/12\\\/le-scadenze-del-nis2-dic-gen-feb\\\/\",\"url\":\"https:\\\/\\\/www.planetel.it\\\/en\\\/2024\\\/12\\\/le-scadenze-del-nis2-dic-gen-feb\\\/\",\"name\":\"Le scadenze del NIS2: i prossimi passi per l\u2019adeguamento\",\"isPartOf\":{\"@id\":\"https:\\\/\\\/www.planetel.it\\\/en\\\/#website\"},\"primaryImageOfPage\":{\"@id\":\"https:\\\/\\\/www.planetel.it\\\/en\\\/2024\\\/12\\\/le-scadenze-del-nis2-dic-gen-feb\\\/#primaryimage\"},\"image\":{\"@id\":\"https:\\\/\\\/www.planetel.it\\\/en\\\/2024\\\/12\\\/le-scadenze-del-nis2-dic-gen-feb\\\/#primaryimage\"},\"thumbnailUrl\":\"https:\\\/\\\/www.planetel.it\\\/wp-content\\\/uploads\\\/2024\\\/12\\\/20241220-Scadenze-NIS2-Dic24-Feb25.png\",\"datePublished\":\"2024-12-20T08:25:43+00:00\",\"dateModified\":\"2025-04-04T06:48:01+00:00\",\"description\":\"Il NIS2 \u00e8 entrato in vigore e i prossimi mesi saranno decisivi per adeguarsi. Planetel \u00e8 al tuo fianco in questo percorso. Scopri di pi\u00f9.\",\"breadcrumb\":{\"@id\":\"https:\\\/\\\/www.planetel.it\\\/en\\\/2024\\\/12\\\/le-scadenze-del-nis2-dic-gen-feb\\\/#breadcrumb\"},\"inLanguage\":\"en-US\",\"potentialAction\":[{\"@type\":\"ReadAction\",\"target\":[\"https:\\\/\\\/www.planetel.it\\\/en\\\/2024\\\/12\\\/le-scadenze-del-nis2-dic-gen-feb\\\/\"]}]},{\"@type\":\"ImageObject\",\"inLanguage\":\"en-US\",\"@id\":\"https:\\\/\\\/www.planetel.it\\\/en\\\/2024\\\/12\\\/le-scadenze-del-nis2-dic-gen-feb\\\/#primaryimage\",\"url\":\"https:\\\/\\\/www.planetel.it\\\/wp-content\\\/uploads\\\/2024\\\/12\\\/20241220-Scadenze-NIS2-Dic24-Feb25.png\",\"contentUrl\":\"https:\\\/\\\/www.planetel.it\\\/wp-content\\\/uploads\\\/2024\\\/12\\\/20241220-Scadenze-NIS2-Dic24-Feb25.png\",\"width\":1200,\"height\":630,\"caption\":\"NIS2\"},{\"@type\":\"BreadcrumbList\",\"@id\":\"https:\\\/\\\/www.planetel.it\\\/en\\\/2024\\\/12\\\/le-scadenze-del-nis2-dic-gen-feb\\\/#breadcrumb\",\"itemListElement\":[{\"@type\":\"ListItem\",\"position\":1,\"name\":\"Home\",\"item\":\"https:\\\/\\\/www.planetel.it\\\/en\\\/\"},{\"@type\":\"ListItem\",\"position\":2,\"name\":\"Servizi\",\"item\":\"https:\\\/\\\/www.planetel.it\\\/news\\\/blog\\\/categoria\\\/servizi\\\/\"},{\"@type\":\"ListItem\",\"position\":3,\"name\":\"Servizi IT &amp; Cloud\",\"item\":\"https:\\\/\\\/www.planetel.it\\\/news\\\/blog\\\/categoria\\\/servizi-it-cloud\\\/\"},{\"@type\":\"ListItem\",\"position\":4,\"name\":\"Le scadenze del NIS2: i prossimi passi per l\u2019adeguamento.\"}]},{\"@type\":\"WebSite\",\"@id\":\"https:\\\/\\\/www.planetel.it\\\/en\\\/#website\",\"url\":\"https:\\\/\\\/www.planetel.it\\\/en\\\/\",\"name\":\"Planetel\",\"description\":\"Pi\u00f9 che una connessione\",\"publisher\":{\"@id\":\"https:\\\/\\\/www.planetel.it\\\/en\\\/#organization\"},\"potentialAction\":[{\"@type\":\"SearchAction\",\"target\":{\"@type\":\"EntryPoint\",\"urlTemplate\":\"https:\\\/\\\/www.planetel.it\\\/en\\\/?s={search_term_string}\"},\"query-input\":{\"@type\":\"PropertyValueSpecification\",\"valueRequired\":true,\"valueName\":\"search_term_string\"}}],\"inLanguage\":\"en-US\"},{\"@type\":\"Organization\",\"@id\":\"https:\\\/\\\/www.planetel.it\\\/en\\\/#organization\",\"name\":\"Planetel S.p.A.\",\"url\":\"https:\\\/\\\/www.planetel.it\\\/en\\\/\",\"logo\":{\"@type\":\"ImageObject\",\"inLanguage\":\"en-US\",\"@id\":\"https:\\\/\\\/www.planetel.it\\\/en\\\/#\\\/schema\\\/logo\\\/image\\\/\",\"url\":\"https:\\\/\\\/www.planetel.it\\\/wp-content\\\/uploads\\\/2024\\\/04\\\/logo-group-planetel.svg\",\"contentUrl\":\"https:\\\/\\\/www.planetel.it\\\/wp-content\\\/uploads\\\/2024\\\/04\\\/logo-group-planetel.svg\",\"width\":1,\"height\":1,\"caption\":\"Planetel S.p.A.\"},\"image\":{\"@id\":\"https:\\\/\\\/www.planetel.it\\\/en\\\/#\\\/schema\\\/logo\\\/image\\\/\"},\"sameAs\":[\"https:\\\/\\\/www.facebook.com\\\/planetelspa\",\"https:\\\/\\\/www.linkedin.com\\\/company\\\/planetel\",\"https:\\\/\\\/www.instagram.com\\\/planetelspa\"]},{\"@type\":\"Person\",\"@id\":\"https:\\\/\\\/www.planetel.it\\\/en\\\/#\\\/schema\\\/person\\\/8e74703d23ff222042246a845bb004fa\",\"name\":\"Andrea Brumana\",\"image\":{\"@type\":\"ImageObject\",\"inLanguage\":\"en-US\",\"@id\":\"https:\\\/\\\/secure.gravatar.com\\\/avatar\\\/9a839884f24513d8bf063a907c74d8d2483fb1c4bbbf7cf7222c3e08581e4219?s=96&d=mm&r=g\",\"url\":\"https:\\\/\\\/secure.gravatar.com\\\/avatar\\\/9a839884f24513d8bf063a907c74d8d2483fb1c4bbbf7cf7222c3e08581e4219?s=96&d=mm&r=g\",\"contentUrl\":\"https:\\\/\\\/secure.gravatar.com\\\/avatar\\\/9a839884f24513d8bf063a907c74d8d2483fb1c4bbbf7cf7222c3e08581e4219?s=96&d=mm&r=g\",\"caption\":\"Andrea Brumana\"},\"url\":\"https:\\\/\\\/www.planetel.it\\\/en\\\/author\\\/a-brumana\\\/\"}]}<\/script>\n<!-- \/ Yoast SEO plugin. -->","yoast_head_json":{"title":"Le scadenze del NIS2: i prossimi passi per l\u2019adeguamento","description":"Il NIS2 \u00e8 entrato in vigore e i prossimi mesi saranno decisivi per adeguarsi. Planetel \u00e8 al tuo fianco in questo percorso. Scopri di pi\u00f9.","robots":{"index":"index","follow":"follow","max-snippet":"max-snippet:-1","max-image-preview":"max-image-preview:large","max-video-preview":"max-video-preview:-1"},"canonical":"https:\/\/www.planetel.it\/en\/2024\/12\/le-scadenze-del-nis2-dic-gen-feb\/","og_locale":"en_US","og_type":"article","og_title":"Le scadenze del NIS2: i prossimi passi per l\u2019adeguamento","og_description":"Il NIS2 \u00e8 entrato in vigore e i prossimi mesi saranno decisivi per adeguarsi. Planetel \u00e8 al tuo fianco in questo percorso. Scopri di pi\u00f9.","og_url":"https:\/\/www.planetel.it\/en\/2024\/12\/le-scadenze-del-nis2-dic-gen-feb\/","og_site_name":"Planetel","article_publisher":"https:\/\/www.facebook.com\/planetelspa","article_published_time":"2024-12-20T08:25:43+00:00","article_modified_time":"2025-04-04T06:48:01+00:00","og_image":[{"width":1200,"height":630,"url":"https:\/\/www.planetel.it\/wp-content\/uploads\/2024\/12\/20241220-Scadenze-NIS2-Dic24-Feb25.png","type":"image\/png"}],"twitter_card":"summary_large_image","twitter_misc":{"Written by":"Andrea Brumana","Est. reading time":"3 minutes"},"schema":{"@context":"https:\/\/schema.org","@graph":[{"@type":"Article","@id":"https:\/\/www.planetel.it\/en\/2024\/12\/le-scadenze-del-nis2-dic-gen-feb\/#article","isPartOf":{"@id":"https:\/\/www.planetel.it\/en\/2024\/12\/le-scadenze-del-nis2-dic-gen-feb\/"},"author":{"name":"Andrea Brumana","@id":"https:\/\/www.planetel.it\/en\/#\/schema\/person\/8e74703d23ff222042246a845bb004fa"},"headline":"Le scadenze del NIS2: i prossimi passi per l\u2019adeguamento.","datePublished":"2024-12-20T08:25:43+00:00","dateModified":"2025-04-04T06:48:01+00:00","mainEntityOfPage":{"@id":"https:\/\/www.planetel.it\/en\/2024\/12\/le-scadenze-del-nis2-dic-gen-feb\/"},"wordCount":523,"publisher":{"@id":"https:\/\/www.planetel.it\/en\/#organization"},"image":{"@id":"https:\/\/www.planetel.it\/en\/2024\/12\/le-scadenze-del-nis2-dic-gen-feb\/#primaryimage"},"thumbnailUrl":"https:\/\/www.planetel.it\/wp-content\/uploads\/2024\/12\/20241220-Scadenze-NIS2-Dic24-Feb25.png","keywords":["Planetel","NIS2","IT&amp;Cloud","Compliance"],"articleSection":["Servizi","Servizi IT &amp; Cloud","Servizi Cloud","Servizi IT","Cybersecurity","Medie e grandi Imprese","Pubblica Amministrazione"],"inLanguage":"en-US"},{"@type":"WebPage","@id":"https:\/\/www.planetel.it\/en\/2024\/12\/le-scadenze-del-nis2-dic-gen-feb\/","url":"https:\/\/www.planetel.it\/en\/2024\/12\/le-scadenze-del-nis2-dic-gen-feb\/","name":"Le scadenze del NIS2: i prossimi passi per l\u2019adeguamento","isPartOf":{"@id":"https:\/\/www.planetel.it\/en\/#website"},"primaryImageOfPage":{"@id":"https:\/\/www.planetel.it\/en\/2024\/12\/le-scadenze-del-nis2-dic-gen-feb\/#primaryimage"},"image":{"@id":"https:\/\/www.planetel.it\/en\/2024\/12\/le-scadenze-del-nis2-dic-gen-feb\/#primaryimage"},"thumbnailUrl":"https:\/\/www.planetel.it\/wp-content\/uploads\/2024\/12\/20241220-Scadenze-NIS2-Dic24-Feb25.png","datePublished":"2024-12-20T08:25:43+00:00","dateModified":"2025-04-04T06:48:01+00:00","description":"Il NIS2 \u00e8 entrato in vigore e i prossimi mesi saranno decisivi per adeguarsi. Planetel \u00e8 al tuo fianco in questo percorso. Scopri di pi\u00f9.","breadcrumb":{"@id":"https:\/\/www.planetel.it\/en\/2024\/12\/le-scadenze-del-nis2-dic-gen-feb\/#breadcrumb"},"inLanguage":"en-US","potentialAction":[{"@type":"ReadAction","target":["https:\/\/www.planetel.it\/en\/2024\/12\/le-scadenze-del-nis2-dic-gen-feb\/"]}]},{"@type":"ImageObject","inLanguage":"en-US","@id":"https:\/\/www.planetel.it\/en\/2024\/12\/le-scadenze-del-nis2-dic-gen-feb\/#primaryimage","url":"https:\/\/www.planetel.it\/wp-content\/uploads\/2024\/12\/20241220-Scadenze-NIS2-Dic24-Feb25.png","contentUrl":"https:\/\/www.planetel.it\/wp-content\/uploads\/2024\/12\/20241220-Scadenze-NIS2-Dic24-Feb25.png","width":1200,"height":630,"caption":"NIS2"},{"@type":"BreadcrumbList","@id":"https:\/\/www.planetel.it\/en\/2024\/12\/le-scadenze-del-nis2-dic-gen-feb\/#breadcrumb","itemListElement":[{"@type":"ListItem","position":1,"name":"Home","item":"https:\/\/www.planetel.it\/en\/"},{"@type":"ListItem","position":2,"name":"Servizi","item":"https:\/\/www.planetel.it\/news\/blog\/categoria\/servizi\/"},{"@type":"ListItem","position":3,"name":"Servizi IT &amp; Cloud","item":"https:\/\/www.planetel.it\/news\/blog\/categoria\/servizi-it-cloud\/"},{"@type":"ListItem","position":4,"name":"Le scadenze del NIS2: i prossimi passi per l\u2019adeguamento."}]},{"@type":"WebSite","@id":"https:\/\/www.planetel.it\/en\/#website","url":"https:\/\/www.planetel.it\/en\/","name":"Planetel","description":"Pi\u00f9 che una connessione","publisher":{"@id":"https:\/\/www.planetel.it\/en\/#organization"},"potentialAction":[{"@type":"SearchAction","target":{"@type":"EntryPoint","urlTemplate":"https:\/\/www.planetel.it\/en\/?s={search_term_string}"},"query-input":{"@type":"PropertyValueSpecification","valueRequired":true,"valueName":"search_term_string"}}],"inLanguage":"en-US"},{"@type":"Organization","@id":"https:\/\/www.planetel.it\/en\/#organization","name":"Planetel S.p.A.","url":"https:\/\/www.planetel.it\/en\/","logo":{"@type":"ImageObject","inLanguage":"en-US","@id":"https:\/\/www.planetel.it\/en\/#\/schema\/logo\/image\/","url":"https:\/\/www.planetel.it\/wp-content\/uploads\/2024\/04\/logo-group-planetel.svg","contentUrl":"https:\/\/www.planetel.it\/wp-content\/uploads\/2024\/04\/logo-group-planetel.svg","width":1,"height":1,"caption":"Planetel S.p.A."},"image":{"@id":"https:\/\/www.planetel.it\/en\/#\/schema\/logo\/image\/"},"sameAs":["https:\/\/www.facebook.com\/planetelspa","https:\/\/www.linkedin.com\/company\/planetel","https:\/\/www.instagram.com\/planetelspa"]},{"@type":"Person","@id":"https:\/\/www.planetel.it\/en\/#\/schema\/person\/8e74703d23ff222042246a845bb004fa","name":"Andrea Brumana","image":{"@type":"ImageObject","inLanguage":"en-US","@id":"https:\/\/secure.gravatar.com\/avatar\/9a839884f24513d8bf063a907c74d8d2483fb1c4bbbf7cf7222c3e08581e4219?s=96&d=mm&r=g","url":"https:\/\/secure.gravatar.com\/avatar\/9a839884f24513d8bf063a907c74d8d2483fb1c4bbbf7cf7222c3e08581e4219?s=96&d=mm&r=g","contentUrl":"https:\/\/secure.gravatar.com\/avatar\/9a839884f24513d8bf063a907c74d8d2483fb1c4bbbf7cf7222c3e08581e4219?s=96&d=mm&r=g","caption":"Andrea Brumana"},"url":"https:\/\/www.planetel.it\/en\/author\/a-brumana\/"}]}},"_links":{"self":[{"href":"https:\/\/www.planetel.it\/en\/wp-json\/wp\/v2\/posts\/26636","targetHints":{"allow":["GET"]}}],"collection":[{"href":"https:\/\/www.planetel.it\/en\/wp-json\/wp\/v2\/posts"}],"about":[{"href":"https:\/\/www.planetel.it\/en\/wp-json\/wp\/v2\/types\/post"}],"author":[{"embeddable":true,"href":"https:\/\/www.planetel.it\/en\/wp-json\/wp\/v2\/users\/4"}],"replies":[{"embeddable":true,"href":"https:\/\/www.planetel.it\/en\/wp-json\/wp\/v2\/comments?post=26636"}],"version-history":[{"count":2,"href":"https:\/\/www.planetel.it\/en\/wp-json\/wp\/v2\/posts\/26636\/revisions"}],"predecessor-version":[{"id":26641,"href":"https:\/\/www.planetel.it\/en\/wp-json\/wp\/v2\/posts\/26636\/revisions\/26641"}],"wp:featuredmedia":[{"embeddable":true,"href":"https:\/\/www.planetel.it\/en\/wp-json\/wp\/v2\/media\/26640"}],"wp:attachment":[{"href":"https:\/\/www.planetel.it\/en\/wp-json\/wp\/v2\/media?parent=26636"}],"wp:term":[{"taxonomy":"category","embeddable":true,"href":"https:\/\/www.planetel.it\/en\/wp-json\/wp\/v2\/categories?post=26636"},{"taxonomy":"post_tag","embeddable":true,"href":"https:\/\/www.planetel.it\/en\/wp-json\/wp\/v2\/tags?post=26636"},{"taxonomy":"service_category","embeddable":true,"href":"https:\/\/www.planetel.it\/en\/wp-json\/wp\/v2\/service_category?post=26636"}],"curies":[{"name":"wp","href":"https:\/\/api.w.org\/{rel}","templated":true}]}}