{"id":31886,"date":"2025-03-07T08:53:50","date_gmt":"2025-03-07T07:53:50","guid":{"rendered":"https:\/\/www.planetel.it\/?p=31886"},"modified":"2025-03-07T08:53:52","modified_gmt":"2025-03-07T07:53:52","slug":"security-awareness-formazione-del-personale-per-la-protezione-dei-dati","status":"publish","type":"post","link":"https:\/\/www.planetel.it\/en\/2025\/03\/security-awareness-formazione-del-personale-per-la-protezione-dei-dati\/","title":{"rendered":"Security Awareness: formazione del personale per la protezione dei dati"},"content":{"rendered":"\n<div style=\"height:30px\" aria-hidden=\"true\" class=\"wp-block-spacer\"><\/div>\n\n\n\n<p>La <strong>Security Awareness \u00e8 un pilastro <\/strong>fondamentale <strong>della cybersecurity<\/strong>. Con l\u2019aumento degli attacchi informatici, quali phishing o spoofing, \u00e8 essenziale attuare una <strong>strategia efficace di formazione del personale<\/strong>, affinch\u00e9 tutti i dipendenti sappiano prevenire le minacce digitali e rappresentino la prima difesa per la protezione dei dati.<\/p>\n\n\n\n<p>In questo articolo approfondiremo il tema della consapevolezza attorno alla sicurezza informatica e vedremo come <a href=\"https:\/\/www.planetel.it\/\" target=\"_blank\" rel=\"noreferrer noopener\">Planetel<\/a> \u00e8 in grado di affiancare le aziende nell\u2019implementazione di una strategia di Security Awareness affidabile e all\u2019avanguardia.<\/p>\n\n\n\n<div style=\"height:30px\" aria-hidden=\"true\" class=\"wp-block-spacer\"><\/div>\n\n\n<h2 class=\"wp-block-heading\" id=\"cose-la-security-awareness-e-perche-e-fondamentale\">Cos&#8217;\u00e8 la Security Awareness e perch\u00e9 \u00e8 fondamentale<\/h2>\n\n\n<p>Con l\u2019espressione Security Awareness si fa riferimento alla conoscenza e alla consapevolezza dei rischi informatici da parte dei dipendenti. Si tratta di un aspetto della <a href=\"https:\/\/www.planetel.it\/servizi\/servizi-it-cloud\/cybersecurity\/\" target=\"_blank\" rel=\"noreferrer noopener\"><strong>cybersecurity<\/strong><\/a><strong> tanto importante quanto sottovalutato<\/strong>, dal momento che, spesso, viene compresa la pericolosit\u00e0 della variabile umana solamente quando il danno \u00e8 ormai fatto. <strong>Una scarsa formazione<\/strong> in materia di sicurezza informatica, infatti, <strong>pu\u00f2 rendere un&#8217;azienda vulnerabile<\/strong> a minacce come phishing, malware e attacchi di social engineering.<\/p>\n\n\n\n<p>In sintesi, dunque, i rischi che derivano dal trascurare la Security Awareness sono:<\/p>\n\n\n\n<ul class=\"wp-block-list\">\n<li>Maggiore esposizione <strong>agli attacchi informatici<\/strong>;<\/li>\n\n\n\n<li>Scarsa <strong>protezione dei dati<\/strong>;<\/li>\n\n\n\n<li>Perdita o furto di informazioni sensibili;<\/li>\n\n\n\n<li>Danni economici e reputazionali per l\u2019azienda.<\/li>\n<\/ul>\n\n\n\n<div style=\"height:30px\" aria-hidden=\"true\" class=\"wp-block-spacer\"><\/div>\n\n\n<h3 class=\"wp-block-heading\" id=\"il-phishing-una-delle-minacce-piu-diffuse\">Il phishing: una delle minacce pi\u00f9 diffuse<\/h3>\n\n\n<p>Quando si parla di cybersecurity, <strong>una delle<\/strong> <strong>minacce pi\u00f9 comuni che sfrutta <\/strong>proprio <strong>le carenze in termini di Security Awareness \u00e8 il phishing<\/strong>, una tecnica di attacco informatico attraverso la quale i cybercriminali inviano <a href=\"https:\/\/www.planetel.it\/2025\/02\/protezione-e-mail-per-la-cyber-security-aziendale\/\" target=\"_blank\" rel=\"noreferrer noopener\">e-mail ingannevoli<\/a> per diffondere malware, rubare credenziali e accedere ai sistemi informativi dell\u2019azienda. Il successo di questa azione risiede, ovviamente, nella scarsa cultura del personale attorno a questa tematica e nell\u2019incapacit\u00e0 di riconoscere l\u2019inganno.<\/p>\n\n\n\n<p>Oggi, la tecnica del phishing \u00e8 molto precisa anche grazie a pratiche di social engineering che rendono i messaggi davvero fuorvianti. Facendo leva su fattori quali l\u2019emotivit\u00e0 o la fretta, i cyber criminali riescono a mettere a segno l\u2019attacco in modo abbastanza agevole.<\/p>\n\n\n\n<p>Ecco perch\u00e9 implementare in azienda una strategia di Security Awareness efficace \u00e8 essenziale.<\/p>\n\n\n\n<div style=\"height:30px\" aria-hidden=\"true\" class=\"wp-block-spacer\"><\/div>\n\n\n<h2 class=\"wp-block-heading\" id=\"la-soluzione-di-planetel-formazione-avanzata-per-aziende\">La soluzione di Planetel: formazione avanzata per aziende <\/h2>\n\n\n<p>Planetel si pone come partner ideale per le aziende che vogliono proteggere il loro patrimonio informativo da minacce sempre pi\u00f9 sofisticate. Proponiamo, infatti, un servizio di Security Awareness personalizzato e su misura, progettato per educare i dipendenti e ridurre il rischio di attacchi informatici.<\/p>\n\n\n\n<div style=\"height:30px\" aria-hidden=\"true\" class=\"wp-block-spacer\"><\/div>\n\n\n<h3 class=\"wp-block-heading\" id=\"un-approccio-efficace-interattivo-e-su-misura\">Un approccio efficace, interattivo e su misura<\/h3>\n\n\n<p>L\u2019assunto da cui noi di Planetel partiamo per portare la cybersecurity nelle imprese \u00e8 questo: ogni azienda \u00e8 diversa per dimensioni, struttura, disponibilit\u00e0 economica e, di conseguenza, esigenze. Per questo, i nostri esperti comprendono le specifiche necessit\u00e0 e propongono le soluzioni migliori. Parlando di <strong>Security Awareness<\/strong>, offriamo <strong>percorsi di formazione personalizzati, con aggiornamenti costanti sulle nuove minacce<\/strong>.<\/p>\n\n\n\n<p>Utilizziamo simulazioni di phishing e scenari realistici per:<\/p>\n\n\n\n<ul class=\"wp-block-list\">\n<li>Insegnare ai dipendenti a riconoscere e-mail e link sospetti;<\/li>\n\n\n\n<li>Aumentare la consapevolezza sulla protezione dei dati;<\/li>\n\n\n\n<li>Promuovere una cultura aziendale orientata alla sicurezza.<\/li>\n<\/ul>\n\n\n\n<p>Investire nella Security Awareness significa proteggere i dati, l\u2019operativit\u00e0, la reputazione e il fatturato della propria azienda. Questo \u00e8 ancora pi\u00f9 facile con il supporto di Planetel!<\/p>\n\n\n\n<div style=\"height:30px\" aria-hidden=\"true\" class=\"wp-block-spacer\"><\/div>\n\n\n<h3 class=\"wp-block-heading has-text-align-center\" id=\"scopri-di-piu-sui-servizi-di-security-awareness-di-planetel-e-proteggi-la-tua-azienda-oggi-stesso\">Scopri di pi\u00f9 sui servizi di Security Awareness di Planetel e proteggi la tua azienda oggi stesso!<\/h3>\n\n\n<div style=\"height:15px\" aria-hidden=\"true\" class=\"wp-block-spacer\"><\/div>\n\n\n\n<div class=\"wp-block-buttons is-content-justification-center is-layout-flex wp-container-core-buttons-is-layout-16018d1d wp-block-buttons-is-layout-flex\">\n<div class=\"wp-block-button has-custom-font-size has-medium-font-size\"><a class=\"wp-block-button__link has-white-color has-text-color has-background has-link-color wp-element-button\" href=\"mailto:servizicloud@planetel.it\" style=\"border-radius:20px;background-color:#439f36\" target=\"_blank\" rel=\"noreferrer noopener\">Scrivici<\/a><\/div>\n\n\n\n<div class=\"wp-block-button has-custom-font-size has-medium-font-size\"><a class=\"wp-block-button__link has-white-color has-text-color has-background has-link-color wp-element-button\" href=\"tel:+39035204461\" style=\"border-radius:20px;background-color:#439f36\" target=\"_blank\" rel=\"noreferrer noopener\">Chiamaci<\/a><\/div>\n<\/div>\n","protected":false},"excerpt":{"rendered":"<p>La Security Awareness \u00e8 un pilastro fondamentale della cybersecurity. Con l\u2019aumento degli attacchi informatici, quali phishing o spoofing, \u00e8 essenziale attuare una strategia efficace di formazione del personale, affinch\u00e9 tutti i dipendenti sappiano prevenire le minacce digitali e rappresentino la prima difesa per la protezione dei dati. In questo articolo approfondiremo il tema della consapevolezza [&hellip;]<\/p>\n","protected":false},"author":4,"featured_media":31891,"comment_status":"closed","ping_status":"closed","sticky":false,"template":"","format":"standard","meta":{"_acf_changed":false,"footnotes":""},"categories":[690,698,702,717,718,719],"tags":[358,384,879,880,881],"service_category":[313],"class_list":["post-31886","post","type-post","status-publish","format-standard","has-post-thumbnail","hentry","category-servizi","category-servizi-it-cloud","category-cybersecurity","category-attivita-commerciali","category-medie-e-grandi-imprese","category-pubblica-amministrazione","tag-planetel","tag-cybersecurity","tag-security-awareness","tag-formazione-dipendenti","tag-protezione-dati","service_category-servizi-it-cloud"],"acf":[],"yoast_head":"<!-- This site is optimized with the Yoast SEO plugin v27.3 - https:\/\/yoast.com\/product\/yoast-seo-wordpress\/ -->\n<title>Security Awareness: lo stai facendo nel modo giusto?<\/title>\n<meta name=\"description\" content=\"[SEI AL SICURO DAI TUOI DIPENDENTI?] La formazione del personale \u00e8 essenziale per la protezione dei dati dagli attacchi informatici.\" \/>\n<meta name=\"robots\" content=\"index, follow, max-snippet:-1, max-image-preview:large, max-video-preview:-1\" \/>\n<link rel=\"canonical\" href=\"https:\/\/www.planetel.it\/en\/2025\/03\/security-awareness-formazione-del-personale-per-la-protezione-dei-dati\/\" \/>\n<meta property=\"og:locale\" content=\"en_US\" \/>\n<meta property=\"og:type\" content=\"article\" \/>\n<meta property=\"og:title\" content=\"Security Awareness: lo stai facendo nel modo giusto?\" \/>\n<meta property=\"og:description\" content=\"[SEI AL SICURO DAI TUOI DIPENDENTI?] La formazione del personale \u00e8 essenziale per la protezione dei dati dagli attacchi informatici.\" \/>\n<meta property=\"og:url\" content=\"https:\/\/www.planetel.it\/en\/2025\/03\/security-awareness-formazione-del-personale-per-la-protezione-dei-dati\/\" \/>\n<meta property=\"og:site_name\" content=\"Planetel\" \/>\n<meta property=\"article:publisher\" content=\"https:\/\/www.facebook.com\/planetelspa\" \/>\n<meta property=\"article:published_time\" content=\"2025-03-07T07:53:50+00:00\" \/>\n<meta property=\"article:modified_time\" content=\"2025-03-07T07:53:52+00:00\" \/>\n<meta property=\"og:image\" content=\"https:\/\/www.planetel.it\/wp-content\/uploads\/2025\/03\/Security-Awareness-copertina.png\" \/>\n\t<meta property=\"og:image:width\" content=\"1200\" \/>\n\t<meta property=\"og:image:height\" content=\"630\" \/>\n\t<meta property=\"og:image:type\" content=\"image\/png\" \/>\n<meta name=\"twitter:card\" content=\"summary_large_image\" \/>\n<meta name=\"twitter:label1\" content=\"Written by\" \/>\n\t<meta name=\"twitter:data1\" content=\"Andrea Brumana\" \/>\n\t<meta name=\"twitter:label2\" content=\"Est. reading time\" \/>\n\t<meta name=\"twitter:data2\" content=\"3 minutes\" \/>\n<script type=\"application\/ld+json\" class=\"yoast-schema-graph\">{\"@context\":\"https:\\\/\\\/schema.org\",\"@graph\":[{\"@type\":\"Article\",\"@id\":\"https:\\\/\\\/www.planetel.it\\\/en\\\/2025\\\/03\\\/security-awareness-formazione-del-personale-per-la-protezione-dei-dati\\\/#article\",\"isPartOf\":{\"@id\":\"https:\\\/\\\/www.planetel.it\\\/en\\\/2025\\\/03\\\/security-awareness-formazione-del-personale-per-la-protezione-dei-dati\\\/\"},\"author\":{\"name\":\"Andrea Brumana\",\"@id\":\"https:\\\/\\\/www.planetel.it\\\/en\\\/#\\\/schema\\\/person\\\/8e74703d23ff222042246a845bb004fa\"},\"headline\":\"Security Awareness: formazione del personale per la protezione dei dati\",\"datePublished\":\"2025-03-07T07:53:50+00:00\",\"dateModified\":\"2025-03-07T07:53:52+00:00\",\"mainEntityOfPage\":{\"@id\":\"https:\\\/\\\/www.planetel.it\\\/en\\\/2025\\\/03\\\/security-awareness-formazione-del-personale-per-la-protezione-dei-dati\\\/\"},\"wordCount\":529,\"publisher\":{\"@id\":\"https:\\\/\\\/www.planetel.it\\\/en\\\/#organization\"},\"image\":{\"@id\":\"https:\\\/\\\/www.planetel.it\\\/en\\\/2025\\\/03\\\/security-awareness-formazione-del-personale-per-la-protezione-dei-dati\\\/#primaryimage\"},\"thumbnailUrl\":\"https:\\\/\\\/www.planetel.it\\\/wp-content\\\/uploads\\\/2025\\\/03\\\/Security-Awareness-copertina.png\",\"keywords\":[\"Planetel\",\"cybersecurity\",\"Security Awareness\",\"Formazione dipendenti\",\"Protezione dati\"],\"articleSection\":[\"Servizi\",\"Servizi IT &amp; Cloud\",\"Cybersecurity\",\"Attivit\u00e0 commerciali\",\"Medie e grandi Imprese\",\"Pubblica Amministrazione\"],\"inLanguage\":\"en-US\"},{\"@type\":\"WebPage\",\"@id\":\"https:\\\/\\\/www.planetel.it\\\/en\\\/2025\\\/03\\\/security-awareness-formazione-del-personale-per-la-protezione-dei-dati\\\/\",\"url\":\"https:\\\/\\\/www.planetel.it\\\/en\\\/2025\\\/03\\\/security-awareness-formazione-del-personale-per-la-protezione-dei-dati\\\/\",\"name\":\"Security Awareness: lo stai facendo nel modo giusto?\",\"isPartOf\":{\"@id\":\"https:\\\/\\\/www.planetel.it\\\/en\\\/#website\"},\"primaryImageOfPage\":{\"@id\":\"https:\\\/\\\/www.planetel.it\\\/en\\\/2025\\\/03\\\/security-awareness-formazione-del-personale-per-la-protezione-dei-dati\\\/#primaryimage\"},\"image\":{\"@id\":\"https:\\\/\\\/www.planetel.it\\\/en\\\/2025\\\/03\\\/security-awareness-formazione-del-personale-per-la-protezione-dei-dati\\\/#primaryimage\"},\"thumbnailUrl\":\"https:\\\/\\\/www.planetel.it\\\/wp-content\\\/uploads\\\/2025\\\/03\\\/Security-Awareness-copertina.png\",\"datePublished\":\"2025-03-07T07:53:50+00:00\",\"dateModified\":\"2025-03-07T07:53:52+00:00\",\"description\":\"[SEI AL SICURO DAI TUOI DIPENDENTI?] La formazione del personale \u00e8 essenziale per la protezione dei dati dagli attacchi informatici.\",\"breadcrumb\":{\"@id\":\"https:\\\/\\\/www.planetel.it\\\/en\\\/2025\\\/03\\\/security-awareness-formazione-del-personale-per-la-protezione-dei-dati\\\/#breadcrumb\"},\"inLanguage\":\"en-US\",\"potentialAction\":[{\"@type\":\"ReadAction\",\"target\":[\"https:\\\/\\\/www.planetel.it\\\/en\\\/2025\\\/03\\\/security-awareness-formazione-del-personale-per-la-protezione-dei-dati\\\/\"]}]},{\"@type\":\"ImageObject\",\"inLanguage\":\"en-US\",\"@id\":\"https:\\\/\\\/www.planetel.it\\\/en\\\/2025\\\/03\\\/security-awareness-formazione-del-personale-per-la-protezione-dei-dati\\\/#primaryimage\",\"url\":\"https:\\\/\\\/www.planetel.it\\\/wp-content\\\/uploads\\\/2025\\\/03\\\/Security-Awareness-copertina.png\",\"contentUrl\":\"https:\\\/\\\/www.planetel.it\\\/wp-content\\\/uploads\\\/2025\\\/03\\\/Security-Awareness-copertina.png\",\"width\":1200,\"height\":630,\"caption\":\"Security Awareness\"},{\"@type\":\"BreadcrumbList\",\"@id\":\"https:\\\/\\\/www.planetel.it\\\/en\\\/2025\\\/03\\\/security-awareness-formazione-del-personale-per-la-protezione-dei-dati\\\/#breadcrumb\",\"itemListElement\":[{\"@type\":\"ListItem\",\"position\":1,\"name\":\"Home\",\"item\":\"https:\\\/\\\/www.planetel.it\\\/en\\\/\"},{\"@type\":\"ListItem\",\"position\":2,\"name\":\"Servizi\",\"item\":\"https:\\\/\\\/www.planetel.it\\\/news\\\/blog\\\/categoria\\\/servizi\\\/\"},{\"@type\":\"ListItem\",\"position\":3,\"name\":\"Security Awareness: formazione del personale per la protezione dei dati\"}]},{\"@type\":\"WebSite\",\"@id\":\"https:\\\/\\\/www.planetel.it\\\/en\\\/#website\",\"url\":\"https:\\\/\\\/www.planetel.it\\\/en\\\/\",\"name\":\"Planetel\",\"description\":\"Pi\u00f9 che una connessione\",\"publisher\":{\"@id\":\"https:\\\/\\\/www.planetel.it\\\/en\\\/#organization\"},\"potentialAction\":[{\"@type\":\"SearchAction\",\"target\":{\"@type\":\"EntryPoint\",\"urlTemplate\":\"https:\\\/\\\/www.planetel.it\\\/en\\\/?s={search_term_string}\"},\"query-input\":{\"@type\":\"PropertyValueSpecification\",\"valueRequired\":true,\"valueName\":\"search_term_string\"}}],\"inLanguage\":\"en-US\"},{\"@type\":\"Organization\",\"@id\":\"https:\\\/\\\/www.planetel.it\\\/en\\\/#organization\",\"name\":\"Planetel S.p.A.\",\"url\":\"https:\\\/\\\/www.planetel.it\\\/en\\\/\",\"logo\":{\"@type\":\"ImageObject\",\"inLanguage\":\"en-US\",\"@id\":\"https:\\\/\\\/www.planetel.it\\\/en\\\/#\\\/schema\\\/logo\\\/image\\\/\",\"url\":\"https:\\\/\\\/www.planetel.it\\\/wp-content\\\/uploads\\\/2024\\\/04\\\/logo-group-planetel.svg\",\"contentUrl\":\"https:\\\/\\\/www.planetel.it\\\/wp-content\\\/uploads\\\/2024\\\/04\\\/logo-group-planetel.svg\",\"width\":1,\"height\":1,\"caption\":\"Planetel S.p.A.\"},\"image\":{\"@id\":\"https:\\\/\\\/www.planetel.it\\\/en\\\/#\\\/schema\\\/logo\\\/image\\\/\"},\"sameAs\":[\"https:\\\/\\\/www.facebook.com\\\/planetelspa\",\"https:\\\/\\\/www.linkedin.com\\\/company\\\/planetel\",\"https:\\\/\\\/www.instagram.com\\\/planetelspa\"]},{\"@type\":\"Person\",\"@id\":\"https:\\\/\\\/www.planetel.it\\\/en\\\/#\\\/schema\\\/person\\\/8e74703d23ff222042246a845bb004fa\",\"name\":\"Andrea Brumana\",\"image\":{\"@type\":\"ImageObject\",\"inLanguage\":\"en-US\",\"@id\":\"https:\\\/\\\/secure.gravatar.com\\\/avatar\\\/9a839884f24513d8bf063a907c74d8d2483fb1c4bbbf7cf7222c3e08581e4219?s=96&d=mm&r=g\",\"url\":\"https:\\\/\\\/secure.gravatar.com\\\/avatar\\\/9a839884f24513d8bf063a907c74d8d2483fb1c4bbbf7cf7222c3e08581e4219?s=96&d=mm&r=g\",\"contentUrl\":\"https:\\\/\\\/secure.gravatar.com\\\/avatar\\\/9a839884f24513d8bf063a907c74d8d2483fb1c4bbbf7cf7222c3e08581e4219?s=96&d=mm&r=g\",\"caption\":\"Andrea Brumana\"},\"url\":\"https:\\\/\\\/www.planetel.it\\\/en\\\/author\\\/a-brumana\\\/\"}]}<\/script>\n<!-- \/ Yoast SEO plugin. -->","yoast_head_json":{"title":"Security Awareness: lo stai facendo nel modo giusto?","description":"[SEI AL SICURO DAI TUOI DIPENDENTI?] La formazione del personale \u00e8 essenziale per la protezione dei dati dagli attacchi informatici.","robots":{"index":"index","follow":"follow","max-snippet":"max-snippet:-1","max-image-preview":"max-image-preview:large","max-video-preview":"max-video-preview:-1"},"canonical":"https:\/\/www.planetel.it\/en\/2025\/03\/security-awareness-formazione-del-personale-per-la-protezione-dei-dati\/","og_locale":"en_US","og_type":"article","og_title":"Security Awareness: lo stai facendo nel modo giusto?","og_description":"[SEI AL SICURO DAI TUOI DIPENDENTI?] La formazione del personale \u00e8 essenziale per la protezione dei dati dagli attacchi informatici.","og_url":"https:\/\/www.planetel.it\/en\/2025\/03\/security-awareness-formazione-del-personale-per-la-protezione-dei-dati\/","og_site_name":"Planetel","article_publisher":"https:\/\/www.facebook.com\/planetelspa","article_published_time":"2025-03-07T07:53:50+00:00","article_modified_time":"2025-03-07T07:53:52+00:00","og_image":[{"width":1200,"height":630,"url":"https:\/\/www.planetel.it\/wp-content\/uploads\/2025\/03\/Security-Awareness-copertina.png","type":"image\/png"}],"twitter_card":"summary_large_image","twitter_misc":{"Written by":"Andrea Brumana","Est. reading time":"3 minutes"},"schema":{"@context":"https:\/\/schema.org","@graph":[{"@type":"Article","@id":"https:\/\/www.planetel.it\/en\/2025\/03\/security-awareness-formazione-del-personale-per-la-protezione-dei-dati\/#article","isPartOf":{"@id":"https:\/\/www.planetel.it\/en\/2025\/03\/security-awareness-formazione-del-personale-per-la-protezione-dei-dati\/"},"author":{"name":"Andrea Brumana","@id":"https:\/\/www.planetel.it\/en\/#\/schema\/person\/8e74703d23ff222042246a845bb004fa"},"headline":"Security Awareness: formazione del personale per la protezione dei dati","datePublished":"2025-03-07T07:53:50+00:00","dateModified":"2025-03-07T07:53:52+00:00","mainEntityOfPage":{"@id":"https:\/\/www.planetel.it\/en\/2025\/03\/security-awareness-formazione-del-personale-per-la-protezione-dei-dati\/"},"wordCount":529,"publisher":{"@id":"https:\/\/www.planetel.it\/en\/#organization"},"image":{"@id":"https:\/\/www.planetel.it\/en\/2025\/03\/security-awareness-formazione-del-personale-per-la-protezione-dei-dati\/#primaryimage"},"thumbnailUrl":"https:\/\/www.planetel.it\/wp-content\/uploads\/2025\/03\/Security-Awareness-copertina.png","keywords":["Planetel","cybersecurity","Security Awareness","Formazione dipendenti","Protezione dati"],"articleSection":["Servizi","Servizi IT &amp; Cloud","Cybersecurity","Attivit\u00e0 commerciali","Medie e grandi Imprese","Pubblica Amministrazione"],"inLanguage":"en-US"},{"@type":"WebPage","@id":"https:\/\/www.planetel.it\/en\/2025\/03\/security-awareness-formazione-del-personale-per-la-protezione-dei-dati\/","url":"https:\/\/www.planetel.it\/en\/2025\/03\/security-awareness-formazione-del-personale-per-la-protezione-dei-dati\/","name":"Security Awareness: lo stai facendo nel modo giusto?","isPartOf":{"@id":"https:\/\/www.planetel.it\/en\/#website"},"primaryImageOfPage":{"@id":"https:\/\/www.planetel.it\/en\/2025\/03\/security-awareness-formazione-del-personale-per-la-protezione-dei-dati\/#primaryimage"},"image":{"@id":"https:\/\/www.planetel.it\/en\/2025\/03\/security-awareness-formazione-del-personale-per-la-protezione-dei-dati\/#primaryimage"},"thumbnailUrl":"https:\/\/www.planetel.it\/wp-content\/uploads\/2025\/03\/Security-Awareness-copertina.png","datePublished":"2025-03-07T07:53:50+00:00","dateModified":"2025-03-07T07:53:52+00:00","description":"[SEI AL SICURO DAI TUOI DIPENDENTI?] La formazione del personale \u00e8 essenziale per la protezione dei dati dagli attacchi informatici.","breadcrumb":{"@id":"https:\/\/www.planetel.it\/en\/2025\/03\/security-awareness-formazione-del-personale-per-la-protezione-dei-dati\/#breadcrumb"},"inLanguage":"en-US","potentialAction":[{"@type":"ReadAction","target":["https:\/\/www.planetel.it\/en\/2025\/03\/security-awareness-formazione-del-personale-per-la-protezione-dei-dati\/"]}]},{"@type":"ImageObject","inLanguage":"en-US","@id":"https:\/\/www.planetel.it\/en\/2025\/03\/security-awareness-formazione-del-personale-per-la-protezione-dei-dati\/#primaryimage","url":"https:\/\/www.planetel.it\/wp-content\/uploads\/2025\/03\/Security-Awareness-copertina.png","contentUrl":"https:\/\/www.planetel.it\/wp-content\/uploads\/2025\/03\/Security-Awareness-copertina.png","width":1200,"height":630,"caption":"Security Awareness"},{"@type":"BreadcrumbList","@id":"https:\/\/www.planetel.it\/en\/2025\/03\/security-awareness-formazione-del-personale-per-la-protezione-dei-dati\/#breadcrumb","itemListElement":[{"@type":"ListItem","position":1,"name":"Home","item":"https:\/\/www.planetel.it\/en\/"},{"@type":"ListItem","position":2,"name":"Servizi","item":"https:\/\/www.planetel.it\/news\/blog\/categoria\/servizi\/"},{"@type":"ListItem","position":3,"name":"Security Awareness: formazione del personale per la protezione dei dati"}]},{"@type":"WebSite","@id":"https:\/\/www.planetel.it\/en\/#website","url":"https:\/\/www.planetel.it\/en\/","name":"Planetel","description":"Pi\u00f9 che una connessione","publisher":{"@id":"https:\/\/www.planetel.it\/en\/#organization"},"potentialAction":[{"@type":"SearchAction","target":{"@type":"EntryPoint","urlTemplate":"https:\/\/www.planetel.it\/en\/?s={search_term_string}"},"query-input":{"@type":"PropertyValueSpecification","valueRequired":true,"valueName":"search_term_string"}}],"inLanguage":"en-US"},{"@type":"Organization","@id":"https:\/\/www.planetel.it\/en\/#organization","name":"Planetel S.p.A.","url":"https:\/\/www.planetel.it\/en\/","logo":{"@type":"ImageObject","inLanguage":"en-US","@id":"https:\/\/www.planetel.it\/en\/#\/schema\/logo\/image\/","url":"https:\/\/www.planetel.it\/wp-content\/uploads\/2024\/04\/logo-group-planetel.svg","contentUrl":"https:\/\/www.planetel.it\/wp-content\/uploads\/2024\/04\/logo-group-planetel.svg","width":1,"height":1,"caption":"Planetel S.p.A."},"image":{"@id":"https:\/\/www.planetel.it\/en\/#\/schema\/logo\/image\/"},"sameAs":["https:\/\/www.facebook.com\/planetelspa","https:\/\/www.linkedin.com\/company\/planetel","https:\/\/www.instagram.com\/planetelspa"]},{"@type":"Person","@id":"https:\/\/www.planetel.it\/en\/#\/schema\/person\/8e74703d23ff222042246a845bb004fa","name":"Andrea Brumana","image":{"@type":"ImageObject","inLanguage":"en-US","@id":"https:\/\/secure.gravatar.com\/avatar\/9a839884f24513d8bf063a907c74d8d2483fb1c4bbbf7cf7222c3e08581e4219?s=96&d=mm&r=g","url":"https:\/\/secure.gravatar.com\/avatar\/9a839884f24513d8bf063a907c74d8d2483fb1c4bbbf7cf7222c3e08581e4219?s=96&d=mm&r=g","contentUrl":"https:\/\/secure.gravatar.com\/avatar\/9a839884f24513d8bf063a907c74d8d2483fb1c4bbbf7cf7222c3e08581e4219?s=96&d=mm&r=g","caption":"Andrea Brumana"},"url":"https:\/\/www.planetel.it\/en\/author\/a-brumana\/"}]}},"_links":{"self":[{"href":"https:\/\/www.planetel.it\/en\/wp-json\/wp\/v2\/posts\/31886","targetHints":{"allow":["GET"]}}],"collection":[{"href":"https:\/\/www.planetel.it\/en\/wp-json\/wp\/v2\/posts"}],"about":[{"href":"https:\/\/www.planetel.it\/en\/wp-json\/wp\/v2\/types\/post"}],"author":[{"embeddable":true,"href":"https:\/\/www.planetel.it\/en\/wp-json\/wp\/v2\/users\/4"}],"replies":[{"embeddable":true,"href":"https:\/\/www.planetel.it\/en\/wp-json\/wp\/v2\/comments?post=31886"}],"version-history":[{"count":5,"href":"https:\/\/www.planetel.it\/en\/wp-json\/wp\/v2\/posts\/31886\/revisions"}],"predecessor-version":[{"id":31938,"href":"https:\/\/www.planetel.it\/en\/wp-json\/wp\/v2\/posts\/31886\/revisions\/31938"}],"wp:featuredmedia":[{"embeddable":true,"href":"https:\/\/www.planetel.it\/en\/wp-json\/wp\/v2\/media\/31891"}],"wp:attachment":[{"href":"https:\/\/www.planetel.it\/en\/wp-json\/wp\/v2\/media?parent=31886"}],"wp:term":[{"taxonomy":"category","embeddable":true,"href":"https:\/\/www.planetel.it\/en\/wp-json\/wp\/v2\/categories?post=31886"},{"taxonomy":"post_tag","embeddable":true,"href":"https:\/\/www.planetel.it\/en\/wp-json\/wp\/v2\/tags?post=31886"},{"taxonomy":"service_category","embeddable":true,"href":"https:\/\/www.planetel.it\/en\/wp-json\/wp\/v2\/service_category?post=31886"}],"curies":[{"name":"wp","href":"https:\/\/api.w.org\/{rel}","templated":true}]}}