{"id":60845,"date":"2025-03-24T10:51:54","date_gmt":"2025-03-24T09:51:54","guid":{"rendered":"https:\/\/www.planetel.it\/?p=60845"},"modified":"2025-03-24T10:51:56","modified_gmt":"2025-03-24T09:51:56","slug":"planetel-al-richmond-italia-it-director-forum-spring-2025","status":"publish","type":"post","link":"https:\/\/www.planetel.it\/en\/2025\/03\/planetel-al-richmond-italia-it-director-forum-spring-2025\/","title":{"rendered":"Planetel al Richmond Italia IT Director Forum Spring 2025"},"content":{"rendered":"\n<div style=\"height:30px\" aria-hidden=\"true\" class=\"wp-block-spacer\"><\/div>\n\n\n\n<p>Dal 30 marzo al 1\u00b0 aprile 2025, il Grand Hotel di Rimini ospiter\u00e0 il <a href=\"https:\/\/www.richmonditalia.it\/eventi\/it-director-forum-spring\/\"><strong><em>Richmond Italia IT Director Forum Spring<\/em><\/strong><\/a>, un appuntamento esclusivo dedicato a CIO, IT Manager e professionisti del settore. Questo evento offre un&#8217;opportunit\u00e0 unica di networking, formazione e confronto sulle opportunit\u00e0 di business nel mondo IT e sulle <strong>principali sfide che<\/strong>, oggi, <strong>la trasformazione digitale pone<\/strong> sia alle aziende sia agli operatori.<\/p>\n\n\n\n<p><strong>Noi di <\/strong><a href=\"https:\/\/www.planetel.it\/\"><strong>Planetel<\/strong><\/a><strong> saremo presenti con i nostri esperti<\/strong>. Questo perch\u00e9 il forum rappresenta un punto di incontro di valore tra domanda e offerta nel mondo dell\u2019Information Technology, favorendo il dialogo tra decision-maker aziendali e fornitori di soluzioni innovative come noi.<\/p>\n\n\n\n<div style=\"height:30px\" aria-hidden=\"true\" class=\"wp-block-spacer\"><\/div>\n\n\n<h2 class=\"wp-block-heading\" id=\"planetel-protagonista-dellinnovazione-digitale\">Planetel protagonista dell\u2019innovazione digitale<\/h2>\n\n\n<p><strong>Siamo orgogliosi di annunciare la nostra partecipazione<\/strong> come espositore al <em>Richmond Italia IT Director Forum Spring 2025<\/em>. Da anni, infatti, ci impegniamo a supportare le imprese nel loro percorso di trasformazione digitale, offrendo soluzioni avanzate di connettivit\u00e0 in Fibra ottica, cloud e sicurezza informatica.<\/p>\n\n\n\n<p>Durante l\u2019evento, i nostri esperti presenteranno <strong>le nostre tecnologie all\u2019avanguardia e il nostro approccio personalizzato e su misura<\/strong>. Attraverso un fitto programma di incontri One-to-One, avremo modo di discutere con le aziende presenti riguardo le migliori strategie per ottimizzare le infrastrutture IT e garantire massimo supporto nel processo di digital e cloud transformation.<\/p>\n\n\n\n<div style=\"height:30px\" aria-hidden=\"true\" class=\"wp-block-spacer\"><\/div>\n\n\n<h3 class=\"wp-block-heading\" id=\"le-soluzioni-planetel-per-la-trasformazione-digitale\">Le soluzioni Planetel per la trasformazione digitale<\/h3>\n\n\n<p>Guardando al contesto odierno, in continua evoluzione dal punto di vista tecnologico e sempre pi\u00f9 minacciato da attacchi informatici e problematiche di sicurezza, le aziende necessitano di strumenti digitali affidabili ed efficaci per affrontare tali sfide. In quest\u2019ottica, <strong>Planetel rappresenta un <\/strong><a href=\"https:\/\/www.planetel.it\/qualita\/\"><strong>partner qualificato e certificato<\/strong><\/a> per fornire supporto attivo e soluzioni su misura per quanto riguarda:<\/p>\n\n\n\n<ul class=\"wp-block-list\">\n<li><a href=\"https:\/\/www.planetel.it\/servizi\/telecomunicazioni\/connettivita-fibra-ottica\/\"><strong>Connettivit\u00e0 ultra-performante<\/strong><\/a>, per garantire la massima efficienza e stabilit\u00e0.<\/li>\n\n\n\n<li><a href=\"https:\/\/www.planetel.it\/servizi\/servizi-it-cloud\/\"><strong>Servizi Cloud<\/strong><\/a> scalabili e sicuri per migliorare la gestione dei dati aziendali.<\/li>\n\n\n\n<li><a href=\"https:\/\/www.planetel.it\/servizi\/servizi-it-cloud\/cybersecurity\/\"><strong>Cybersecurity<\/strong><\/a>, con tecnologie avanzate per la protezione delle infrastrutture IT.<\/li>\n<\/ul>\n\n\n\n<p>Ci\u00f2 potendo contare su una <a href=\"https:\/\/www.planetel.it\/struttura-tecnica\/\">struttura tecnica<\/a> di altissimo livello, composta dalla nostra rete proprietaria in Fibra ottica di oltre 3.000 km e da 6 data center interconnessi e ridondati, tutti collocati nel nord Italia.<\/p>\n\n\n\n<div style=\"height:30px\" aria-hidden=\"true\" class=\"wp-block-spacer\"><\/div>\n\n\n<h2 class=\"wp-block-heading\" id=\"incontri-di-valore-al-richmond-italia-it-director-forum-spring-2025\">Incontri di valore al <em>Richmond Italia IT Director Forum Spring 2025<\/em>!<\/h2>\n\n\n<p>Essere presenti a un evento di questa caratura significa venire riconosciuti come un <strong>interlocutore importante nelle dinamiche digitali odierne e poter creare connessioni di valore<\/strong> con aziende di livello nazionale e internazionale. Il riscontro ricevuto in termini di programmazione dei meeting e di appuntamenti con i referenti di queste importanti realt\u00e0 conferma la bont\u00e0 della nostra strategia e dei nostri investimenti. Oggi <strong>Planetel \u00e8 visto come un provider affidabile e di qualit\u00e0<\/strong>, in grado di andare incontro alle esigenze di ogni cliente dal punto di vista sia tecnologico sia di esperti a supporto.<\/p>\n","protected":false},"excerpt":{"rendered":"<p>Dal 30 marzo al 1\u00b0 aprile 2025, il Grand Hotel di Rimini ospiter\u00e0 il Richmond Italia IT Director Forum Spring, un appuntamento esclusivo dedicato a CIO, IT Manager e professionisti del settore. Questo evento offre un&#8217;opportunit\u00e0 unica di networking, formazione e confronto sulle opportunit\u00e0 di business nel mondo IT e sulle principali sfide che, oggi, [&hellip;]<\/p>\n","protected":false},"author":4,"featured_media":60847,"comment_status":"closed","ping_status":"closed","sticky":false,"template":"","format":"standard","meta":{"_acf_changed":false,"footnotes":""},"categories":[718,672],"tags":[358,891,892,893],"service_category":[],"class_list":["post-60845","post","type-post","status-publish","format-standard","has-post-thumbnail","hentry","category-medie-e-grandi-imprese","category-planetel","tag-planetel","tag-evento-2","tag-richmond","tag-richmond-it-director-forum-spring-2025"],"acf":[],"yoast_head":"<!-- This site is optimized with the Yoast SEO plugin v27.3 - https:\/\/yoast.com\/product\/yoast-seo-wordpress\/ -->\n<title>Planetel al Richmond IT Director Forum Spring 2025<\/title>\n<meta name=\"description\" content=\"[Planetel sempre pi\u00f9 in alto]. L&#039;appuntamento con il Richmond IT Director Forum Spring 2025 \u00e8 alle porte. Scopri di pi\u00f9\" \/>\n<meta name=\"robots\" content=\"index, follow, max-snippet:-1, max-image-preview:large, max-video-preview:-1\" \/>\n<link rel=\"canonical\" href=\"https:\/\/www.planetel.it\/en\/2025\/03\/planetel-al-richmond-italia-it-director-forum-spring-2025\/\" \/>\n<meta property=\"og:locale\" content=\"en_US\" \/>\n<meta property=\"og:type\" content=\"article\" \/>\n<meta property=\"og:title\" content=\"Planetel al Richmond IT Director Forum Spring 2025\" \/>\n<meta property=\"og:description\" content=\"[Planetel sempre pi\u00f9 in alto]. L&#039;appuntamento con il Richmond IT Director Forum Spring 2025 \u00e8 alle porte. Scopri di pi\u00f9\" \/>\n<meta property=\"og:url\" content=\"https:\/\/www.planetel.it\/en\/2025\/03\/planetel-al-richmond-italia-it-director-forum-spring-2025\/\" \/>\n<meta property=\"og:site_name\" content=\"Planetel\" \/>\n<meta property=\"article:publisher\" content=\"https:\/\/www.facebook.com\/planetelspa\" \/>\n<meta property=\"article:published_time\" content=\"2025-03-24T09:51:54+00:00\" \/>\n<meta property=\"article:modified_time\" content=\"2025-03-24T09:51:56+00:00\" \/>\n<meta property=\"og:image\" content=\"https:\/\/www.planetel.it\/wp-content\/uploads\/2025\/03\/Richmond-Forum_Spring-edition-2025.png\" \/>\n\t<meta property=\"og:image:width\" content=\"1200\" \/>\n\t<meta property=\"og:image:height\" content=\"630\" \/>\n\t<meta property=\"og:image:type\" content=\"image\/png\" \/>\n<meta name=\"twitter:card\" content=\"summary_large_image\" \/>\n<meta name=\"twitter:label1\" content=\"Written by\" \/>\n\t<meta name=\"twitter:data1\" content=\"Andrea Brumana\" \/>\n\t<meta name=\"twitter:label2\" content=\"Est. reading time\" \/>\n\t<meta name=\"twitter:data2\" content=\"3 minutes\" \/>\n<script type=\"application\/ld+json\" class=\"yoast-schema-graph\">{\"@context\":\"https:\\\/\\\/schema.org\",\"@graph\":[{\"@type\":\"Article\",\"@id\":\"https:\\\/\\\/www.planetel.it\\\/en\\\/2025\\\/03\\\/planetel-al-richmond-italia-it-director-forum-spring-2025\\\/#article\",\"isPartOf\":{\"@id\":\"https:\\\/\\\/www.planetel.it\\\/en\\\/2025\\\/03\\\/planetel-al-richmond-italia-it-director-forum-spring-2025\\\/\"},\"author\":{\"name\":\"Andrea Brumana\",\"@id\":\"https:\\\/\\\/www.planetel.it\\\/en\\\/#\\\/schema\\\/person\\\/8e74703d23ff222042246a845bb004fa\"},\"headline\":\"Planetel al Richmond Italia IT Director Forum Spring 2025\",\"datePublished\":\"2025-03-24T09:51:54+00:00\",\"dateModified\":\"2025-03-24T09:51:56+00:00\",\"mainEntityOfPage\":{\"@id\":\"https:\\\/\\\/www.planetel.it\\\/en\\\/2025\\\/03\\\/planetel-al-richmond-italia-it-director-forum-spring-2025\\\/\"},\"wordCount\":446,\"publisher\":{\"@id\":\"https:\\\/\\\/www.planetel.it\\\/en\\\/#organization\"},\"image\":{\"@id\":\"https:\\\/\\\/www.planetel.it\\\/en\\\/2025\\\/03\\\/planetel-al-richmond-italia-it-director-forum-spring-2025\\\/#primaryimage\"},\"thumbnailUrl\":\"https:\\\/\\\/www.planetel.it\\\/wp-content\\\/uploads\\\/2025\\\/03\\\/Richmond-Forum_Spring-edition-2025.png\",\"keywords\":[\"Planetel\",\"Evento\",\"Richmond\",\"Richmond IT Director Forum Spring 2025\"],\"articleSection\":[\"Medie e grandi Imprese\",\"Planetel\"],\"inLanguage\":\"en-US\"},{\"@type\":\"WebPage\",\"@id\":\"https:\\\/\\\/www.planetel.it\\\/en\\\/2025\\\/03\\\/planetel-al-richmond-italia-it-director-forum-spring-2025\\\/\",\"url\":\"https:\\\/\\\/www.planetel.it\\\/en\\\/2025\\\/03\\\/planetel-al-richmond-italia-it-director-forum-spring-2025\\\/\",\"name\":\"Planetel al Richmond IT Director Forum Spring 2025\",\"isPartOf\":{\"@id\":\"https:\\\/\\\/www.planetel.it\\\/en\\\/#website\"},\"primaryImageOfPage\":{\"@id\":\"https:\\\/\\\/www.planetel.it\\\/en\\\/2025\\\/03\\\/planetel-al-richmond-italia-it-director-forum-spring-2025\\\/#primaryimage\"},\"image\":{\"@id\":\"https:\\\/\\\/www.planetel.it\\\/en\\\/2025\\\/03\\\/planetel-al-richmond-italia-it-director-forum-spring-2025\\\/#primaryimage\"},\"thumbnailUrl\":\"https:\\\/\\\/www.planetel.it\\\/wp-content\\\/uploads\\\/2025\\\/03\\\/Richmond-Forum_Spring-edition-2025.png\",\"datePublished\":\"2025-03-24T09:51:54+00:00\",\"dateModified\":\"2025-03-24T09:51:56+00:00\",\"description\":\"[Planetel sempre pi\u00f9 in alto]. L'appuntamento con il Richmond IT Director Forum Spring 2025 \u00e8 alle porte. Scopri di pi\u00f9\",\"breadcrumb\":{\"@id\":\"https:\\\/\\\/www.planetel.it\\\/en\\\/2025\\\/03\\\/planetel-al-richmond-italia-it-director-forum-spring-2025\\\/#breadcrumb\"},\"inLanguage\":\"en-US\",\"potentialAction\":[{\"@type\":\"ReadAction\",\"target\":[\"https:\\\/\\\/www.planetel.it\\\/en\\\/2025\\\/03\\\/planetel-al-richmond-italia-it-director-forum-spring-2025\\\/\"]}]},{\"@type\":\"ImageObject\",\"inLanguage\":\"en-US\",\"@id\":\"https:\\\/\\\/www.planetel.it\\\/en\\\/2025\\\/03\\\/planetel-al-richmond-italia-it-director-forum-spring-2025\\\/#primaryimage\",\"url\":\"https:\\\/\\\/www.planetel.it\\\/wp-content\\\/uploads\\\/2025\\\/03\\\/Richmond-Forum_Spring-edition-2025.png\",\"contentUrl\":\"https:\\\/\\\/www.planetel.it\\\/wp-content\\\/uploads\\\/2025\\\/03\\\/Richmond-Forum_Spring-edition-2025.png\",\"width\":1200,\"height\":630,\"caption\":\"Planetel\"},{\"@type\":\"BreadcrumbList\",\"@id\":\"https:\\\/\\\/www.planetel.it\\\/en\\\/2025\\\/03\\\/planetel-al-richmond-italia-it-director-forum-spring-2025\\\/#breadcrumb\",\"itemListElement\":[{\"@type\":\"ListItem\",\"position\":1,\"name\":\"Home\",\"item\":\"https:\\\/\\\/www.planetel.it\\\/en\\\/\"},{\"@type\":\"ListItem\",\"position\":2,\"name\":\"Azienda\",\"item\":\"https:\\\/\\\/www.planetel.it\\\/news\\\/blog\\\/categoria\\\/azienda\\\/\"},{\"@type\":\"ListItem\",\"position\":3,\"name\":\"Planetel\",\"item\":\"https:\\\/\\\/www.planetel.it\\\/news\\\/blog\\\/categoria\\\/planetel\\\/\"},{\"@type\":\"ListItem\",\"position\":4,\"name\":\"Planetel al Richmond Italia IT Director Forum Spring 2025\"}]},{\"@type\":\"WebSite\",\"@id\":\"https:\\\/\\\/www.planetel.it\\\/en\\\/#website\",\"url\":\"https:\\\/\\\/www.planetel.it\\\/en\\\/\",\"name\":\"Planetel\",\"description\":\"Pi\u00f9 che una connessione\",\"publisher\":{\"@id\":\"https:\\\/\\\/www.planetel.it\\\/en\\\/#organization\"},\"potentialAction\":[{\"@type\":\"SearchAction\",\"target\":{\"@type\":\"EntryPoint\",\"urlTemplate\":\"https:\\\/\\\/www.planetel.it\\\/en\\\/?s={search_term_string}\"},\"query-input\":{\"@type\":\"PropertyValueSpecification\",\"valueRequired\":true,\"valueName\":\"search_term_string\"}}],\"inLanguage\":\"en-US\"},{\"@type\":\"Organization\",\"@id\":\"https:\\\/\\\/www.planetel.it\\\/en\\\/#organization\",\"name\":\"Planetel S.p.A.\",\"url\":\"https:\\\/\\\/www.planetel.it\\\/en\\\/\",\"logo\":{\"@type\":\"ImageObject\",\"inLanguage\":\"en-US\",\"@id\":\"https:\\\/\\\/www.planetel.it\\\/en\\\/#\\\/schema\\\/logo\\\/image\\\/\",\"url\":\"https:\\\/\\\/www.planetel.it\\\/wp-content\\\/uploads\\\/2024\\\/04\\\/logo-group-planetel.svg\",\"contentUrl\":\"https:\\\/\\\/www.planetel.it\\\/wp-content\\\/uploads\\\/2024\\\/04\\\/logo-group-planetel.svg\",\"width\":1,\"height\":1,\"caption\":\"Planetel S.p.A.\"},\"image\":{\"@id\":\"https:\\\/\\\/www.planetel.it\\\/en\\\/#\\\/schema\\\/logo\\\/image\\\/\"},\"sameAs\":[\"https:\\\/\\\/www.facebook.com\\\/planetelspa\",\"https:\\\/\\\/www.linkedin.com\\\/company\\\/planetel\",\"https:\\\/\\\/www.instagram.com\\\/planetelspa\"]},{\"@type\":\"Person\",\"@id\":\"https:\\\/\\\/www.planetel.it\\\/en\\\/#\\\/schema\\\/person\\\/8e74703d23ff222042246a845bb004fa\",\"name\":\"Andrea Brumana\",\"image\":{\"@type\":\"ImageObject\",\"inLanguage\":\"en-US\",\"@id\":\"https:\\\/\\\/secure.gravatar.com\\\/avatar\\\/9a839884f24513d8bf063a907c74d8d2483fb1c4bbbf7cf7222c3e08581e4219?s=96&d=mm&r=g\",\"url\":\"https:\\\/\\\/secure.gravatar.com\\\/avatar\\\/9a839884f24513d8bf063a907c74d8d2483fb1c4bbbf7cf7222c3e08581e4219?s=96&d=mm&r=g\",\"contentUrl\":\"https:\\\/\\\/secure.gravatar.com\\\/avatar\\\/9a839884f24513d8bf063a907c74d8d2483fb1c4bbbf7cf7222c3e08581e4219?s=96&d=mm&r=g\",\"caption\":\"Andrea Brumana\"},\"url\":\"https:\\\/\\\/www.planetel.it\\\/en\\\/author\\\/a-brumana\\\/\"}]}<\/script>\n<!-- \/ Yoast SEO plugin. -->","yoast_head_json":{"title":"Planetel al Richmond IT Director Forum Spring 2025","description":"[Planetel sempre pi\u00f9 in alto]. L'appuntamento con il Richmond IT Director Forum Spring 2025 \u00e8 alle porte. Scopri di pi\u00f9","robots":{"index":"index","follow":"follow","max-snippet":"max-snippet:-1","max-image-preview":"max-image-preview:large","max-video-preview":"max-video-preview:-1"},"canonical":"https:\/\/www.planetel.it\/en\/2025\/03\/planetel-al-richmond-italia-it-director-forum-spring-2025\/","og_locale":"en_US","og_type":"article","og_title":"Planetel al Richmond IT Director Forum Spring 2025","og_description":"[Planetel sempre pi\u00f9 in alto]. L'appuntamento con il Richmond IT Director Forum Spring 2025 \u00e8 alle porte. Scopri di pi\u00f9","og_url":"https:\/\/www.planetel.it\/en\/2025\/03\/planetel-al-richmond-italia-it-director-forum-spring-2025\/","og_site_name":"Planetel","article_publisher":"https:\/\/www.facebook.com\/planetelspa","article_published_time":"2025-03-24T09:51:54+00:00","article_modified_time":"2025-03-24T09:51:56+00:00","og_image":[{"width":1200,"height":630,"url":"https:\/\/www.planetel.it\/wp-content\/uploads\/2025\/03\/Richmond-Forum_Spring-edition-2025.png","type":"image\/png"}],"twitter_card":"summary_large_image","twitter_misc":{"Written by":"Andrea Brumana","Est. reading time":"3 minutes"},"schema":{"@context":"https:\/\/schema.org","@graph":[{"@type":"Article","@id":"https:\/\/www.planetel.it\/en\/2025\/03\/planetel-al-richmond-italia-it-director-forum-spring-2025\/#article","isPartOf":{"@id":"https:\/\/www.planetel.it\/en\/2025\/03\/planetel-al-richmond-italia-it-director-forum-spring-2025\/"},"author":{"name":"Andrea Brumana","@id":"https:\/\/www.planetel.it\/en\/#\/schema\/person\/8e74703d23ff222042246a845bb004fa"},"headline":"Planetel al Richmond Italia IT Director Forum Spring 2025","datePublished":"2025-03-24T09:51:54+00:00","dateModified":"2025-03-24T09:51:56+00:00","mainEntityOfPage":{"@id":"https:\/\/www.planetel.it\/en\/2025\/03\/planetel-al-richmond-italia-it-director-forum-spring-2025\/"},"wordCount":446,"publisher":{"@id":"https:\/\/www.planetel.it\/en\/#organization"},"image":{"@id":"https:\/\/www.planetel.it\/en\/2025\/03\/planetel-al-richmond-italia-it-director-forum-spring-2025\/#primaryimage"},"thumbnailUrl":"https:\/\/www.planetel.it\/wp-content\/uploads\/2025\/03\/Richmond-Forum_Spring-edition-2025.png","keywords":["Planetel","Evento","Richmond","Richmond IT Director Forum Spring 2025"],"articleSection":["Medie e grandi Imprese","Planetel"],"inLanguage":"en-US"},{"@type":"WebPage","@id":"https:\/\/www.planetel.it\/en\/2025\/03\/planetel-al-richmond-italia-it-director-forum-spring-2025\/","url":"https:\/\/www.planetel.it\/en\/2025\/03\/planetel-al-richmond-italia-it-director-forum-spring-2025\/","name":"Planetel al Richmond IT Director Forum Spring 2025","isPartOf":{"@id":"https:\/\/www.planetel.it\/en\/#website"},"primaryImageOfPage":{"@id":"https:\/\/www.planetel.it\/en\/2025\/03\/planetel-al-richmond-italia-it-director-forum-spring-2025\/#primaryimage"},"image":{"@id":"https:\/\/www.planetel.it\/en\/2025\/03\/planetel-al-richmond-italia-it-director-forum-spring-2025\/#primaryimage"},"thumbnailUrl":"https:\/\/www.planetel.it\/wp-content\/uploads\/2025\/03\/Richmond-Forum_Spring-edition-2025.png","datePublished":"2025-03-24T09:51:54+00:00","dateModified":"2025-03-24T09:51:56+00:00","description":"[Planetel sempre pi\u00f9 in alto]. L'appuntamento con il Richmond IT Director Forum Spring 2025 \u00e8 alle porte. Scopri di pi\u00f9","breadcrumb":{"@id":"https:\/\/www.planetel.it\/en\/2025\/03\/planetel-al-richmond-italia-it-director-forum-spring-2025\/#breadcrumb"},"inLanguage":"en-US","potentialAction":[{"@type":"ReadAction","target":["https:\/\/www.planetel.it\/en\/2025\/03\/planetel-al-richmond-italia-it-director-forum-spring-2025\/"]}]},{"@type":"ImageObject","inLanguage":"en-US","@id":"https:\/\/www.planetel.it\/en\/2025\/03\/planetel-al-richmond-italia-it-director-forum-spring-2025\/#primaryimage","url":"https:\/\/www.planetel.it\/wp-content\/uploads\/2025\/03\/Richmond-Forum_Spring-edition-2025.png","contentUrl":"https:\/\/www.planetel.it\/wp-content\/uploads\/2025\/03\/Richmond-Forum_Spring-edition-2025.png","width":1200,"height":630,"caption":"Planetel"},{"@type":"BreadcrumbList","@id":"https:\/\/www.planetel.it\/en\/2025\/03\/planetel-al-richmond-italia-it-director-forum-spring-2025\/#breadcrumb","itemListElement":[{"@type":"ListItem","position":1,"name":"Home","item":"https:\/\/www.planetel.it\/en\/"},{"@type":"ListItem","position":2,"name":"Azienda","item":"https:\/\/www.planetel.it\/news\/blog\/categoria\/azienda\/"},{"@type":"ListItem","position":3,"name":"Planetel","item":"https:\/\/www.planetel.it\/news\/blog\/categoria\/planetel\/"},{"@type":"ListItem","position":4,"name":"Planetel al Richmond Italia IT Director Forum Spring 2025"}]},{"@type":"WebSite","@id":"https:\/\/www.planetel.it\/en\/#website","url":"https:\/\/www.planetel.it\/en\/","name":"Planetel","description":"Pi\u00f9 che una connessione","publisher":{"@id":"https:\/\/www.planetel.it\/en\/#organization"},"potentialAction":[{"@type":"SearchAction","target":{"@type":"EntryPoint","urlTemplate":"https:\/\/www.planetel.it\/en\/?s={search_term_string}"},"query-input":{"@type":"PropertyValueSpecification","valueRequired":true,"valueName":"search_term_string"}}],"inLanguage":"en-US"},{"@type":"Organization","@id":"https:\/\/www.planetel.it\/en\/#organization","name":"Planetel S.p.A.","url":"https:\/\/www.planetel.it\/en\/","logo":{"@type":"ImageObject","inLanguage":"en-US","@id":"https:\/\/www.planetel.it\/en\/#\/schema\/logo\/image\/","url":"https:\/\/www.planetel.it\/wp-content\/uploads\/2024\/04\/logo-group-planetel.svg","contentUrl":"https:\/\/www.planetel.it\/wp-content\/uploads\/2024\/04\/logo-group-planetel.svg","width":1,"height":1,"caption":"Planetel S.p.A."},"image":{"@id":"https:\/\/www.planetel.it\/en\/#\/schema\/logo\/image\/"},"sameAs":["https:\/\/www.facebook.com\/planetelspa","https:\/\/www.linkedin.com\/company\/planetel","https:\/\/www.instagram.com\/planetelspa"]},{"@type":"Person","@id":"https:\/\/www.planetel.it\/en\/#\/schema\/person\/8e74703d23ff222042246a845bb004fa","name":"Andrea Brumana","image":{"@type":"ImageObject","inLanguage":"en-US","@id":"https:\/\/secure.gravatar.com\/avatar\/9a839884f24513d8bf063a907c74d8d2483fb1c4bbbf7cf7222c3e08581e4219?s=96&d=mm&r=g","url":"https:\/\/secure.gravatar.com\/avatar\/9a839884f24513d8bf063a907c74d8d2483fb1c4bbbf7cf7222c3e08581e4219?s=96&d=mm&r=g","contentUrl":"https:\/\/secure.gravatar.com\/avatar\/9a839884f24513d8bf063a907c74d8d2483fb1c4bbbf7cf7222c3e08581e4219?s=96&d=mm&r=g","caption":"Andrea Brumana"},"url":"https:\/\/www.planetel.it\/en\/author\/a-brumana\/"}]}},"_links":{"self":[{"href":"https:\/\/www.planetel.it\/en\/wp-json\/wp\/v2\/posts\/60845","targetHints":{"allow":["GET"]}}],"collection":[{"href":"https:\/\/www.planetel.it\/en\/wp-json\/wp\/v2\/posts"}],"about":[{"href":"https:\/\/www.planetel.it\/en\/wp-json\/wp\/v2\/types\/post"}],"author":[{"embeddable":true,"href":"https:\/\/www.planetel.it\/en\/wp-json\/wp\/v2\/users\/4"}],"replies":[{"embeddable":true,"href":"https:\/\/www.planetel.it\/en\/wp-json\/wp\/v2\/comments?post=60845"}],"version-history":[{"count":1,"href":"https:\/\/www.planetel.it\/en\/wp-json\/wp\/v2\/posts\/60845\/revisions"}],"predecessor-version":[{"id":60846,"href":"https:\/\/www.planetel.it\/en\/wp-json\/wp\/v2\/posts\/60845\/revisions\/60846"}],"wp:featuredmedia":[{"embeddable":true,"href":"https:\/\/www.planetel.it\/en\/wp-json\/wp\/v2\/media\/60847"}],"wp:attachment":[{"href":"https:\/\/www.planetel.it\/en\/wp-json\/wp\/v2\/media?parent=60845"}],"wp:term":[{"taxonomy":"category","embeddable":true,"href":"https:\/\/www.planetel.it\/en\/wp-json\/wp\/v2\/categories?post=60845"},{"taxonomy":"post_tag","embeddable":true,"href":"https:\/\/www.planetel.it\/en\/wp-json\/wp\/v2\/tags?post=60845"},{"taxonomy":"service_category","embeddable":true,"href":"https:\/\/www.planetel.it\/en\/wp-json\/wp\/v2\/service_category?post=60845"}],"curies":[{"name":"wp","href":"https:\/\/api.w.org\/{rel}","templated":true}]}}