{"id":61518,"date":"2025-04-04T08:52:31","date_gmt":"2025-04-04T06:52:31","guid":{"rendered":"https:\/\/www.planetel.it\/?p=61518"},"modified":"2025-04-04T08:52:33","modified_gmt":"2025-04-04T06:52:33","slug":"nis2-le-scadenze-da-aprile-2025-e-come-adeguarsi","status":"publish","type":"post","link":"https:\/\/www.planetel.it\/en\/2025\/04\/nis2-le-scadenze-da-aprile-2025-e-come-adeguarsi\/","title":{"rendered":"NIS2: Le Scadenze da aprile 2025 e come adeguarsi"},"content":{"rendered":"\n<div style=\"height:30px\" aria-hidden=\"true\" class=\"wp-block-spacer\"><\/div>\n\n\n\n<p>Sappiamo bene, ormai, che <strong>la <a href=\"https:\/\/www.planetel.it\/2024\/10\/introduzione-alla-direttiva-nis2\/\" target=\"_blank\" rel=\"noreferrer noopener\">Direttiva NIS2<\/a> impone alle aziende l\u2019implementazione di misure avanzate per la sicurezza informatica, la protezione dei dati e la continuit\u00e0 operativa<\/strong>, con scadenze precise che devono essere rispettate per evitare sanzioni e problematiche.<\/p>\n\n\n\n<p>In Italia, dopo l&#8217;identificazione dei soggetti essenziali e importanti avvenuta in questo primo trimestre del 2025, a partire da aprile scatteranno nuovi obblighi operativi e di conformit\u00e0.<\/p>\n\n\n\n<p>In questo articolo vedremo le prossime scadenze e <strong>come le imprese possono adeguarsi efficacemente al NIS2 con il supporto di <\/strong><a href=\"https:\/\/www.planetel.cloud\/\" target=\"_blank\" rel=\"noreferrer noopener\"><strong>Planetel.Cloud<\/strong><\/a>, il nuovo brand di Planetel specializzato in soluzioni Cloud, IT e Cybersecurity su misura.<\/p>\n\n\n\n<div style=\"height:30px\" aria-hidden=\"true\" class=\"wp-block-spacer\"><\/div>\n\n\n<h2 class=\"wp-block-heading\" id=\"le-scadenze-del-nis2-da-aprile-2025\">Le scadenze del NIS2 da aprile 2025<\/h2>\n\n\n<p>Dopo la registrazione sulla piattaforma ACN, il cui limite ultimo era il 28 febbraio scorso, e la pubblicazione dell\u2019elenco ufficiale delle entit\u00e0 soggette, avvenuta alla fine di marzo, ecco le principali scadenze da tenere a mente da qui a fine anno.<\/p>\n\n\n\n<div style=\"height:10px\" aria-hidden=\"true\" class=\"wp-block-spacer\"><\/div>\n\n\n\n<ul class=\"wp-block-list\">\n<li><strong>1-15 aprile 2025<\/strong>: L&#8217;ACN notificher\u00e0 ai soggetti registrati il loro inserimento nell&#8217;elenco delle entit\u00e0 essenziali e importanti. Definir\u00e0, inoltre, le modalit\u00e0 di adozione degli obblighi di base in materia di misure di sicurezza informatica e notifica di incidenti. Le aziende, invece, dovranno designare un responsabile per la cybersicurezza, incaricato di supervisionare la conformit\u00e0 alla normativa.<\/li>\n<\/ul>\n\n\n\n<div style=\"height:10px\" aria-hidden=\"true\" class=\"wp-block-spacer\"><\/div>\n\n\n\n<ul class=\"wp-block-list\">\n<li><strong>Entro il 31 maggio 2025<\/strong>: Le organizzazioni dovranno aggiornare i loro dati sulla piattaforma per perfezionare la registrazione, fornendo, ad esempio, ulteriori dati come indirizzi IP pubblici e nomi di dominio utilizzati, stato membro in cui operano e nominativi dei referenti per la cybersicurezza.<\/li>\n<\/ul>\n\n\n\n<div style=\"height:10px\" aria-hidden=\"true\" class=\"wp-block-spacer\"><\/div>\n\n\n\n<ul class=\"wp-block-list\">\n<li><strong>Giugno-dicembre 2025<\/strong>: Le aziende inizieranno a implementare sistemi e tecnologie per l\u2019adeguamento alla direttiva. In questa fase, ci sar\u00e0 anche la verifica della conformit\u00e0 da parte delle autorit\u00e0, con possibili ispezioni e sanzioni per chi non rispetta le normative.<\/li>\n<\/ul>\n\n\n\n<div style=\"height:10px\" aria-hidden=\"true\" class=\"wp-block-spacer\"><\/div>\n\n\n\n<p>Il mancato rispetto di queste scadenze pu\u00f2 portare a sanzioni significative fino al 2% del fatturato annuo globale per le entit\u00e0 essenziali e all\u20191,4% per quelle importanti.<\/p>\n\n\n\n<div style=\"height:30px\" aria-hidden=\"true\" class=\"wp-block-spacer\"><\/div>\n\n\n<h2 class=\"wp-block-heading\" id=\"planetel-il-partner-qualificato-per-ladeguamento-alla-nis2\">Planetel: il partner qualificato per l\u2019adeguamento alla NIS2<\/h2>\n\n\n<p>Per un adeguamento alla normativa NIS2 sicuro, conforme e tranquillo, la strategia migliore per le aziende \u00e8 quello di affidarsi a un partner competente e qualificato, che possa supportarle nell\u2019intero processo di conformit\u00e0.<\/p>\n\n\n\n<p>In questo senso, noi possiamo proporreconsulenza specifica e soluzioni specializzate attraverso il konw how di <strong>Planetel.Cloud, il nuovo brand del <\/strong><a href=\"https:\/\/www.planetel.it\/chi-siamo\/il-gruppo-planetel\/\" target=\"_blank\" rel=\"noreferrer noopener\"><strong>Gruppo Planetel<\/strong><\/a><strong> dedicato ai servizi digitali<\/strong>.<\/p>\n\n\n\n<p>La divisione Planetel.Cloud, infatti, \u00e8 in grado di accompagnare le organizzazioni verso l\u2019adeguamento al NIS2 attraverso:<\/p>\n\n\n\n<ul class=\"wp-block-list\">\n<li><strong>Assessment e consulenza personalizzata<\/strong>.<\/li>\n\n\n\n<li><strong>Soluzioni avanzate di Cybersecurity<\/strong> per la protezione delle reti e dei dati.<\/li>\n\n\n\n<li><strong>Servizi Cloud e IT<\/strong> per garantire continuit\u00e0 operativa e sicurezza.<\/li>\n\n\n\n<li><strong>Monitoraggio e gestione degli incidenti informatici<\/strong>.<\/li>\n<\/ul>\n\n\n\n<div style=\"height:30px\" aria-hidden=\"true\" class=\"wp-block-spacer\"><\/div>\n\n\n<h3 class=\"wp-block-heading has-text-align-center\" id=\"adeguati-alla-nis2-con-planetel\">Adeguati alla NIS2 con Planetel<\/h3>\n\n\n<div style=\"height:30px\" aria-hidden=\"true\" class=\"wp-block-spacer\"><\/div>\n\n\n\n<p class=\"has-text-align-center\">Scopri di pi\u00f9 sulla NIS2<\/p>\n\n\n\n<div class=\"wp-block-buttons is-content-justification-center is-layout-flex wp-container-core-buttons-is-layout-16018d1d wp-block-buttons-is-layout-flex\">\n<div class=\"wp-block-button has-custom-font-size has-medium-font-size\"><a class=\"wp-block-button__link has-white-color has-text-color has-background has-link-color wp-element-button\" href=\"https:\/\/www.planetel.it\/novita\/nis2-la-nuova-direttiva-europea\/\" style=\"border-radius:20px;background-color:#439f36\" target=\"_blank\" rel=\"noreferrer noopener\"><strong>Scarica il Whitepaper NIS2<\/strong><\/a><\/div>\n<\/div>\n\n\n\n<div style=\"height:30px\" aria-hidden=\"true\" class=\"wp-block-spacer\"><\/div>\n\n\n\n<p class=\"has-text-align-center\">Esplora i servizi di Planetel.Cloud<\/p>\n\n\n\n<div class=\"wp-block-buttons is-content-justification-center is-layout-flex wp-container-core-buttons-is-layout-16018d1d wp-block-buttons-is-layout-flex\">\n<div class=\"wp-block-button has-custom-font-size has-medium-font-size\"><a class=\"wp-block-button__link has-white-color has-text-color has-background has-link-color wp-element-button\" href=\"https:\/\/www.planetel.it\/novita\/planetel-cloud\/\" style=\"border-radius:20px;background-color:#439f36\" target=\"_blank\" rel=\"noreferrer noopener\"><strong>Scopri di pi\u00f9<\/strong><\/a><\/div>\n<\/div>\n","protected":false},"excerpt":{"rendered":"<p>Sappiamo bene, ormai, che la Direttiva NIS2 impone alle aziende l\u2019implementazione di misure avanzate per la sicurezza informatica, la protezione dei dati e la continuit\u00e0 operativa, con scadenze precise che devono essere rispettate per evitare sanzioni e problematiche. In Italia, dopo l&#8217;identificazione dei soggetti essenziali e importanti avvenuta in questo primo trimestre del 2025, a [&hellip;]<\/p>\n","protected":false},"author":4,"featured_media":61520,"comment_status":"closed","ping_status":"closed","sticky":false,"template":"","format":"standard","meta":{"_acf_changed":false,"footnotes":""},"categories":[690,698,699,700,702,704,718],"tags":[767,384,364,358],"service_category":[313],"class_list":["post-61518","post","type-post","status-publish","format-standard","has-post-thumbnail","hentry","category-servizi","category-servizi-it-cloud","category-servizi-cloud","category-servizi-it","category-cybersecurity","category-infrastrutture","category-medie-e-grandi-imprese","tag-nis2","tag-cybersecurity","tag-cloud","tag-planetel","service_category-servizi-it-cloud"],"acf":[],"yoast_head":"<!-- This site is optimized with the Yoast SEO plugin v27.3 - https:\/\/yoast.com\/product\/yoast-seo-wordpress\/ -->\n<title>Le Scadenze NIS2 da Aprile 2025 e Come Adeguarsi<\/title>\n<meta name=\"description\" content=\"[Evita le sanzioni] Scopri le scadenze NIS2 da aprile 2025 e come Planetel pu\u00f2 supportarti nell&#039;adeguamento.\" \/>\n<meta name=\"robots\" content=\"index, follow, max-snippet:-1, max-image-preview:large, max-video-preview:-1\" \/>\n<link rel=\"canonical\" href=\"https:\/\/www.planetel.it\/en\/2025\/04\/nis2-le-scadenze-da-aprile-2025-e-come-adeguarsi\/\" \/>\n<meta property=\"og:locale\" content=\"en_US\" \/>\n<meta property=\"og:type\" content=\"article\" \/>\n<meta property=\"og:title\" content=\"Le Scadenze NIS2 da Aprile 2025 e Come Adeguarsi\" \/>\n<meta property=\"og:description\" content=\"[Evita le sanzioni] Scopri le scadenze NIS2 da aprile 2025 e come Planetel pu\u00f2 supportarti nell&#039;adeguamento.\" \/>\n<meta property=\"og:url\" content=\"https:\/\/www.planetel.it\/en\/2025\/04\/nis2-le-scadenze-da-aprile-2025-e-come-adeguarsi\/\" \/>\n<meta property=\"og:site_name\" content=\"Planetel\" \/>\n<meta property=\"article:publisher\" content=\"https:\/\/www.facebook.com\/planetelspa\" \/>\n<meta property=\"article:published_time\" content=\"2025-04-04T06:52:31+00:00\" \/>\n<meta property=\"article:modified_time\" content=\"2025-04-04T06:52:33+00:00\" \/>\n<meta property=\"og:image\" content=\"https:\/\/www.planetel.it\/wp-content\/uploads\/2025\/04\/Direttiva-NIS2-Aprile.png\" \/>\n\t<meta property=\"og:image:width\" content=\"1200\" \/>\n\t<meta property=\"og:image:height\" content=\"630\" \/>\n\t<meta property=\"og:image:type\" content=\"image\/png\" \/>\n<meta name=\"twitter:card\" content=\"summary_large_image\" \/>\n<meta name=\"twitter:label1\" content=\"Written by\" \/>\n\t<meta name=\"twitter:data1\" content=\"Andrea Brumana\" \/>\n\t<meta name=\"twitter:label2\" content=\"Est. reading time\" \/>\n\t<meta name=\"twitter:data2\" content=\"3 minutes\" \/>\n<script type=\"application\/ld+json\" class=\"yoast-schema-graph\">{\"@context\":\"https:\\\/\\\/schema.org\",\"@graph\":[{\"@type\":\"Article\",\"@id\":\"https:\\\/\\\/www.planetel.it\\\/en\\\/2025\\\/04\\\/nis2-le-scadenze-da-aprile-2025-e-come-adeguarsi\\\/#article\",\"isPartOf\":{\"@id\":\"https:\\\/\\\/www.planetel.it\\\/en\\\/2025\\\/04\\\/nis2-le-scadenze-da-aprile-2025-e-come-adeguarsi\\\/\"},\"author\":{\"name\":\"Andrea Brumana\",\"@id\":\"https:\\\/\\\/www.planetel.it\\\/en\\\/#\\\/schema\\\/person\\\/8e74703d23ff222042246a845bb004fa\"},\"headline\":\"NIS2: Le Scadenze da aprile 2025 e come adeguarsi\",\"datePublished\":\"2025-04-04T06:52:31+00:00\",\"dateModified\":\"2025-04-04T06:52:33+00:00\",\"mainEntityOfPage\":{\"@id\":\"https:\\\/\\\/www.planetel.it\\\/en\\\/2025\\\/04\\\/nis2-le-scadenze-da-aprile-2025-e-come-adeguarsi\\\/\"},\"wordCount\":461,\"publisher\":{\"@id\":\"https:\\\/\\\/www.planetel.it\\\/en\\\/#organization\"},\"image\":{\"@id\":\"https:\\\/\\\/www.planetel.it\\\/en\\\/2025\\\/04\\\/nis2-le-scadenze-da-aprile-2025-e-come-adeguarsi\\\/#primaryimage\"},\"thumbnailUrl\":\"https:\\\/\\\/www.planetel.it\\\/wp-content\\\/uploads\\\/2025\\\/04\\\/Direttiva-NIS2-Aprile.png\",\"keywords\":[\"NIS2\",\"cybersecurity\",\"cloud\",\"Planetel\"],\"articleSection\":[\"Servizi\",\"Servizi IT &amp; Cloud\",\"Servizi Cloud\",\"Servizi IT\",\"Cybersecurity\",\"Infrastrutture\",\"Medie e grandi Imprese\"],\"inLanguage\":\"en-US\"},{\"@type\":\"WebPage\",\"@id\":\"https:\\\/\\\/www.planetel.it\\\/en\\\/2025\\\/04\\\/nis2-le-scadenze-da-aprile-2025-e-come-adeguarsi\\\/\",\"url\":\"https:\\\/\\\/www.planetel.it\\\/en\\\/2025\\\/04\\\/nis2-le-scadenze-da-aprile-2025-e-come-adeguarsi\\\/\",\"name\":\"Le Scadenze NIS2 da Aprile 2025 e Come Adeguarsi\",\"isPartOf\":{\"@id\":\"https:\\\/\\\/www.planetel.it\\\/en\\\/#website\"},\"primaryImageOfPage\":{\"@id\":\"https:\\\/\\\/www.planetel.it\\\/en\\\/2025\\\/04\\\/nis2-le-scadenze-da-aprile-2025-e-come-adeguarsi\\\/#primaryimage\"},\"image\":{\"@id\":\"https:\\\/\\\/www.planetel.it\\\/en\\\/2025\\\/04\\\/nis2-le-scadenze-da-aprile-2025-e-come-adeguarsi\\\/#primaryimage\"},\"thumbnailUrl\":\"https:\\\/\\\/www.planetel.it\\\/wp-content\\\/uploads\\\/2025\\\/04\\\/Direttiva-NIS2-Aprile.png\",\"datePublished\":\"2025-04-04T06:52:31+00:00\",\"dateModified\":\"2025-04-04T06:52:33+00:00\",\"description\":\"[Evita le sanzioni] Scopri le scadenze NIS2 da aprile 2025 e come Planetel pu\u00f2 supportarti nell'adeguamento.\",\"breadcrumb\":{\"@id\":\"https:\\\/\\\/www.planetel.it\\\/en\\\/2025\\\/04\\\/nis2-le-scadenze-da-aprile-2025-e-come-adeguarsi\\\/#breadcrumb\"},\"inLanguage\":\"en-US\",\"potentialAction\":[{\"@type\":\"ReadAction\",\"target\":[\"https:\\\/\\\/www.planetel.it\\\/en\\\/2025\\\/04\\\/nis2-le-scadenze-da-aprile-2025-e-come-adeguarsi\\\/\"]}]},{\"@type\":\"ImageObject\",\"inLanguage\":\"en-US\",\"@id\":\"https:\\\/\\\/www.planetel.it\\\/en\\\/2025\\\/04\\\/nis2-le-scadenze-da-aprile-2025-e-come-adeguarsi\\\/#primaryimage\",\"url\":\"https:\\\/\\\/www.planetel.it\\\/wp-content\\\/uploads\\\/2025\\\/04\\\/Direttiva-NIS2-Aprile.png\",\"contentUrl\":\"https:\\\/\\\/www.planetel.it\\\/wp-content\\\/uploads\\\/2025\\\/04\\\/Direttiva-NIS2-Aprile.png\",\"width\":1200,\"height\":630,\"caption\":\"NIS2\"},{\"@type\":\"BreadcrumbList\",\"@id\":\"https:\\\/\\\/www.planetel.it\\\/en\\\/2025\\\/04\\\/nis2-le-scadenze-da-aprile-2025-e-come-adeguarsi\\\/#breadcrumb\",\"itemListElement\":[{\"@type\":\"ListItem\",\"position\":1,\"name\":\"Home\",\"item\":\"https:\\\/\\\/www.planetel.it\\\/en\\\/\"},{\"@type\":\"ListItem\",\"position\":2,\"name\":\"Servizi\",\"item\":\"https:\\\/\\\/www.planetel.it\\\/news\\\/blog\\\/categoria\\\/servizi\\\/\"},{\"@type\":\"ListItem\",\"position\":3,\"name\":\"Servizi IT &amp; Cloud\",\"item\":\"https:\\\/\\\/www.planetel.it\\\/news\\\/blog\\\/categoria\\\/servizi-it-cloud\\\/\"},{\"@type\":\"ListItem\",\"position\":4,\"name\":\"NIS2: Le Scadenze da aprile 2025 e come adeguarsi\"}]},{\"@type\":\"WebSite\",\"@id\":\"https:\\\/\\\/www.planetel.it\\\/en\\\/#website\",\"url\":\"https:\\\/\\\/www.planetel.it\\\/en\\\/\",\"name\":\"Planetel\",\"description\":\"Pi\u00f9 che una connessione\",\"publisher\":{\"@id\":\"https:\\\/\\\/www.planetel.it\\\/en\\\/#organization\"},\"potentialAction\":[{\"@type\":\"SearchAction\",\"target\":{\"@type\":\"EntryPoint\",\"urlTemplate\":\"https:\\\/\\\/www.planetel.it\\\/en\\\/?s={search_term_string}\"},\"query-input\":{\"@type\":\"PropertyValueSpecification\",\"valueRequired\":true,\"valueName\":\"search_term_string\"}}],\"inLanguage\":\"en-US\"},{\"@type\":\"Organization\",\"@id\":\"https:\\\/\\\/www.planetel.it\\\/en\\\/#organization\",\"name\":\"Planetel S.p.A.\",\"url\":\"https:\\\/\\\/www.planetel.it\\\/en\\\/\",\"logo\":{\"@type\":\"ImageObject\",\"inLanguage\":\"en-US\",\"@id\":\"https:\\\/\\\/www.planetel.it\\\/en\\\/#\\\/schema\\\/logo\\\/image\\\/\",\"url\":\"https:\\\/\\\/www.planetel.it\\\/wp-content\\\/uploads\\\/2024\\\/04\\\/logo-group-planetel.svg\",\"contentUrl\":\"https:\\\/\\\/www.planetel.it\\\/wp-content\\\/uploads\\\/2024\\\/04\\\/logo-group-planetel.svg\",\"width\":1,\"height\":1,\"caption\":\"Planetel S.p.A.\"},\"image\":{\"@id\":\"https:\\\/\\\/www.planetel.it\\\/en\\\/#\\\/schema\\\/logo\\\/image\\\/\"},\"sameAs\":[\"https:\\\/\\\/www.facebook.com\\\/planetelspa\",\"https:\\\/\\\/www.linkedin.com\\\/company\\\/planetel\",\"https:\\\/\\\/www.instagram.com\\\/planetelspa\"]},{\"@type\":\"Person\",\"@id\":\"https:\\\/\\\/www.planetel.it\\\/en\\\/#\\\/schema\\\/person\\\/8e74703d23ff222042246a845bb004fa\",\"name\":\"Andrea Brumana\",\"image\":{\"@type\":\"ImageObject\",\"inLanguage\":\"en-US\",\"@id\":\"https:\\\/\\\/secure.gravatar.com\\\/avatar\\\/9a839884f24513d8bf063a907c74d8d2483fb1c4bbbf7cf7222c3e08581e4219?s=96&d=mm&r=g\",\"url\":\"https:\\\/\\\/secure.gravatar.com\\\/avatar\\\/9a839884f24513d8bf063a907c74d8d2483fb1c4bbbf7cf7222c3e08581e4219?s=96&d=mm&r=g\",\"contentUrl\":\"https:\\\/\\\/secure.gravatar.com\\\/avatar\\\/9a839884f24513d8bf063a907c74d8d2483fb1c4bbbf7cf7222c3e08581e4219?s=96&d=mm&r=g\",\"caption\":\"Andrea Brumana\"},\"url\":\"https:\\\/\\\/www.planetel.it\\\/en\\\/author\\\/a-brumana\\\/\"}]}<\/script>\n<!-- \/ Yoast SEO plugin. -->","yoast_head_json":{"title":"Le Scadenze NIS2 da Aprile 2025 e Come Adeguarsi","description":"[Evita le sanzioni] Scopri le scadenze NIS2 da aprile 2025 e come Planetel pu\u00f2 supportarti nell'adeguamento.","robots":{"index":"index","follow":"follow","max-snippet":"max-snippet:-1","max-image-preview":"max-image-preview:large","max-video-preview":"max-video-preview:-1"},"canonical":"https:\/\/www.planetel.it\/en\/2025\/04\/nis2-le-scadenze-da-aprile-2025-e-come-adeguarsi\/","og_locale":"en_US","og_type":"article","og_title":"Le Scadenze NIS2 da Aprile 2025 e Come Adeguarsi","og_description":"[Evita le sanzioni] Scopri le scadenze NIS2 da aprile 2025 e come Planetel pu\u00f2 supportarti nell'adeguamento.","og_url":"https:\/\/www.planetel.it\/en\/2025\/04\/nis2-le-scadenze-da-aprile-2025-e-come-adeguarsi\/","og_site_name":"Planetel","article_publisher":"https:\/\/www.facebook.com\/planetelspa","article_published_time":"2025-04-04T06:52:31+00:00","article_modified_time":"2025-04-04T06:52:33+00:00","og_image":[{"width":1200,"height":630,"url":"https:\/\/www.planetel.it\/wp-content\/uploads\/2025\/04\/Direttiva-NIS2-Aprile.png","type":"image\/png"}],"twitter_card":"summary_large_image","twitter_misc":{"Written by":"Andrea Brumana","Est. reading time":"3 minutes"},"schema":{"@context":"https:\/\/schema.org","@graph":[{"@type":"Article","@id":"https:\/\/www.planetel.it\/en\/2025\/04\/nis2-le-scadenze-da-aprile-2025-e-come-adeguarsi\/#article","isPartOf":{"@id":"https:\/\/www.planetel.it\/en\/2025\/04\/nis2-le-scadenze-da-aprile-2025-e-come-adeguarsi\/"},"author":{"name":"Andrea Brumana","@id":"https:\/\/www.planetel.it\/en\/#\/schema\/person\/8e74703d23ff222042246a845bb004fa"},"headline":"NIS2: Le Scadenze da aprile 2025 e come adeguarsi","datePublished":"2025-04-04T06:52:31+00:00","dateModified":"2025-04-04T06:52:33+00:00","mainEntityOfPage":{"@id":"https:\/\/www.planetel.it\/en\/2025\/04\/nis2-le-scadenze-da-aprile-2025-e-come-adeguarsi\/"},"wordCount":461,"publisher":{"@id":"https:\/\/www.planetel.it\/en\/#organization"},"image":{"@id":"https:\/\/www.planetel.it\/en\/2025\/04\/nis2-le-scadenze-da-aprile-2025-e-come-adeguarsi\/#primaryimage"},"thumbnailUrl":"https:\/\/www.planetel.it\/wp-content\/uploads\/2025\/04\/Direttiva-NIS2-Aprile.png","keywords":["NIS2","cybersecurity","cloud","Planetel"],"articleSection":["Servizi","Servizi IT &amp; Cloud","Servizi Cloud","Servizi IT","Cybersecurity","Infrastrutture","Medie e grandi Imprese"],"inLanguage":"en-US"},{"@type":"WebPage","@id":"https:\/\/www.planetel.it\/en\/2025\/04\/nis2-le-scadenze-da-aprile-2025-e-come-adeguarsi\/","url":"https:\/\/www.planetel.it\/en\/2025\/04\/nis2-le-scadenze-da-aprile-2025-e-come-adeguarsi\/","name":"Le Scadenze NIS2 da Aprile 2025 e Come Adeguarsi","isPartOf":{"@id":"https:\/\/www.planetel.it\/en\/#website"},"primaryImageOfPage":{"@id":"https:\/\/www.planetel.it\/en\/2025\/04\/nis2-le-scadenze-da-aprile-2025-e-come-adeguarsi\/#primaryimage"},"image":{"@id":"https:\/\/www.planetel.it\/en\/2025\/04\/nis2-le-scadenze-da-aprile-2025-e-come-adeguarsi\/#primaryimage"},"thumbnailUrl":"https:\/\/www.planetel.it\/wp-content\/uploads\/2025\/04\/Direttiva-NIS2-Aprile.png","datePublished":"2025-04-04T06:52:31+00:00","dateModified":"2025-04-04T06:52:33+00:00","description":"[Evita le sanzioni] Scopri le scadenze NIS2 da aprile 2025 e come Planetel pu\u00f2 supportarti nell'adeguamento.","breadcrumb":{"@id":"https:\/\/www.planetel.it\/en\/2025\/04\/nis2-le-scadenze-da-aprile-2025-e-come-adeguarsi\/#breadcrumb"},"inLanguage":"en-US","potentialAction":[{"@type":"ReadAction","target":["https:\/\/www.planetel.it\/en\/2025\/04\/nis2-le-scadenze-da-aprile-2025-e-come-adeguarsi\/"]}]},{"@type":"ImageObject","inLanguage":"en-US","@id":"https:\/\/www.planetel.it\/en\/2025\/04\/nis2-le-scadenze-da-aprile-2025-e-come-adeguarsi\/#primaryimage","url":"https:\/\/www.planetel.it\/wp-content\/uploads\/2025\/04\/Direttiva-NIS2-Aprile.png","contentUrl":"https:\/\/www.planetel.it\/wp-content\/uploads\/2025\/04\/Direttiva-NIS2-Aprile.png","width":1200,"height":630,"caption":"NIS2"},{"@type":"BreadcrumbList","@id":"https:\/\/www.planetel.it\/en\/2025\/04\/nis2-le-scadenze-da-aprile-2025-e-come-adeguarsi\/#breadcrumb","itemListElement":[{"@type":"ListItem","position":1,"name":"Home","item":"https:\/\/www.planetel.it\/en\/"},{"@type":"ListItem","position":2,"name":"Servizi","item":"https:\/\/www.planetel.it\/news\/blog\/categoria\/servizi\/"},{"@type":"ListItem","position":3,"name":"Servizi IT &amp; Cloud","item":"https:\/\/www.planetel.it\/news\/blog\/categoria\/servizi-it-cloud\/"},{"@type":"ListItem","position":4,"name":"NIS2: Le Scadenze da aprile 2025 e come adeguarsi"}]},{"@type":"WebSite","@id":"https:\/\/www.planetel.it\/en\/#website","url":"https:\/\/www.planetel.it\/en\/","name":"Planetel","description":"Pi\u00f9 che una connessione","publisher":{"@id":"https:\/\/www.planetel.it\/en\/#organization"},"potentialAction":[{"@type":"SearchAction","target":{"@type":"EntryPoint","urlTemplate":"https:\/\/www.planetel.it\/en\/?s={search_term_string}"},"query-input":{"@type":"PropertyValueSpecification","valueRequired":true,"valueName":"search_term_string"}}],"inLanguage":"en-US"},{"@type":"Organization","@id":"https:\/\/www.planetel.it\/en\/#organization","name":"Planetel S.p.A.","url":"https:\/\/www.planetel.it\/en\/","logo":{"@type":"ImageObject","inLanguage":"en-US","@id":"https:\/\/www.planetel.it\/en\/#\/schema\/logo\/image\/","url":"https:\/\/www.planetel.it\/wp-content\/uploads\/2024\/04\/logo-group-planetel.svg","contentUrl":"https:\/\/www.planetel.it\/wp-content\/uploads\/2024\/04\/logo-group-planetel.svg","width":1,"height":1,"caption":"Planetel S.p.A."},"image":{"@id":"https:\/\/www.planetel.it\/en\/#\/schema\/logo\/image\/"},"sameAs":["https:\/\/www.facebook.com\/planetelspa","https:\/\/www.linkedin.com\/company\/planetel","https:\/\/www.instagram.com\/planetelspa"]},{"@type":"Person","@id":"https:\/\/www.planetel.it\/en\/#\/schema\/person\/8e74703d23ff222042246a845bb004fa","name":"Andrea Brumana","image":{"@type":"ImageObject","inLanguage":"en-US","@id":"https:\/\/secure.gravatar.com\/avatar\/9a839884f24513d8bf063a907c74d8d2483fb1c4bbbf7cf7222c3e08581e4219?s=96&d=mm&r=g","url":"https:\/\/secure.gravatar.com\/avatar\/9a839884f24513d8bf063a907c74d8d2483fb1c4bbbf7cf7222c3e08581e4219?s=96&d=mm&r=g","contentUrl":"https:\/\/secure.gravatar.com\/avatar\/9a839884f24513d8bf063a907c74d8d2483fb1c4bbbf7cf7222c3e08581e4219?s=96&d=mm&r=g","caption":"Andrea Brumana"},"url":"https:\/\/www.planetel.it\/en\/author\/a-brumana\/"}]}},"_links":{"self":[{"href":"https:\/\/www.planetel.it\/en\/wp-json\/wp\/v2\/posts\/61518","targetHints":{"allow":["GET"]}}],"collection":[{"href":"https:\/\/www.planetel.it\/en\/wp-json\/wp\/v2\/posts"}],"about":[{"href":"https:\/\/www.planetel.it\/en\/wp-json\/wp\/v2\/types\/post"}],"author":[{"embeddable":true,"href":"https:\/\/www.planetel.it\/en\/wp-json\/wp\/v2\/users\/4"}],"replies":[{"embeddable":true,"href":"https:\/\/www.planetel.it\/en\/wp-json\/wp\/v2\/comments?post=61518"}],"version-history":[{"count":4,"href":"https:\/\/www.planetel.it\/en\/wp-json\/wp\/v2\/posts\/61518\/revisions"}],"predecessor-version":[{"id":61523,"href":"https:\/\/www.planetel.it\/en\/wp-json\/wp\/v2\/posts\/61518\/revisions\/61523"}],"wp:featuredmedia":[{"embeddable":true,"href":"https:\/\/www.planetel.it\/en\/wp-json\/wp\/v2\/media\/61520"}],"wp:attachment":[{"href":"https:\/\/www.planetel.it\/en\/wp-json\/wp\/v2\/media?parent=61518"}],"wp:term":[{"taxonomy":"category","embeddable":true,"href":"https:\/\/www.planetel.it\/en\/wp-json\/wp\/v2\/categories?post=61518"},{"taxonomy":"post_tag","embeddable":true,"href":"https:\/\/www.planetel.it\/en\/wp-json\/wp\/v2\/tags?post=61518"},{"taxonomy":"service_category","embeddable":true,"href":"https:\/\/www.planetel.it\/en\/wp-json\/wp\/v2\/service_category?post=61518"}],"curies":[{"name":"wp","href":"https:\/\/api.w.org\/{rel}","templated":true}]}}