{"id":63767,"date":"2025-05-16T09:26:30","date_gmt":"2025-05-16T07:26:30","guid":{"rendered":"https:\/\/www.planetel.it\/?p=63767"},"modified":"2025-05-16T09:26:32","modified_gmt":"2025-05-16T07:26:32","slug":"planetel-sostiene-arca-di-leonardo","status":"publish","type":"post","link":"https:\/\/www.planetel.it\/en\/2025\/05\/planetel-sostiene-arca-di-leonardo\/","title":{"rendered":"Planetel e L\u2019Arca di Leonardo: una connessione che fa bene al territorio"},"content":{"rendered":"\n<div style=\"height:30px\" aria-hidden=\"true\" class=\"wp-block-spacer\"><\/div>\n\n\n<h2 class=\"wp-block-heading\" id=\"un-gesto-concreto-per-sostenere-chi-si-prende-cura-degli-altri\">Un gesto concreto per sostenere chi si prende cura degli altri<\/h2>\n\n\n<p>C\u2019\u00e8 un modo potente di fare la differenza: mettersi a disposizione. Noi di <a href=\"https:\/\/www.planetel.it\/\" target=\"_blank\" rel=\"noreferrer noopener\">Planetel<\/a> lo facciamo quotidianamente attraverso i nostri servizi e il nostro modo di rapportarci ai clienti, ma non \u00e8 l\u2019unica strada. A volte sono importanti anche azioni concrete che rispondano ai bisogni sociali del nostro territorio. \u00c8 da questa premessa che nasce la nuova iniziativa di Planetel. Abbiamo scelto, infatti, di <strong>sostenere <em>L\u2019<a href=\"https:\/\/www.arcadileonardo.org\/\" target=\"_blank\" rel=\"noreferrer noopener\">Arca di Leonardo<\/a><\/em> donando la nostra connettivit\u00e0 in Fibra ottica<\/strong> alla sede dell\u2019associazione.<\/p>\n\n\n\n<p>Questo semplice gesto unisce il cuore della nostra mission aziendale, ossia favorire connessione e innovazione, con un impegno ancora pi\u00f9 profondo verso il territorio e le persone che lo vivono ogni giorno.<\/p>\n\n\n\n<div style=\"height:30px\" aria-hidden=\"true\" class=\"wp-block-spacer\"><\/div>\n\n\n<h2 class=\"wp-block-heading\" id=\"chi-e-larca-di-leonardo-e-perche-labbiamo-scelta\">Chi \u00e8 L\u2019Arca di Leonardo e perch\u00e9 l\u2019abbiamo scelta<\/h2>\n\n\n<p>L\u2019Arca di Leonardo \u00e8 una realt\u00e0 del terzo settore che da anni opera con passione e dedizione per offrire a bambini e anziani fragili momenti di leggerezza, socialit\u00e0 e crescita. Organizza attivit\u00e0 ludiche, laboratori creativi, esperienze teatrali e progetti educativi che coinvolgono minori accolti in comunit\u00e0, persone anziane sole o ospiti di RSA, e tante famiglie che vivono situazioni difficili.<\/p>\n\n\n\n<p>La sede dell\u2019associazione si trova a pochi passi da quella di Planetel. Ma non \u00e8 solo una questione di prossimit\u00e0 geografica: <strong>l\u2019Arca rappresenta quel tipo di valore umano e sociale che riteniamo fondamentale sostenere<\/strong>, perch\u00e9 fa bene al presente e costruisce futuro.<\/p>\n\n\n\n<div style=\"height:30px\" aria-hidden=\"true\" class=\"wp-block-spacer\"><\/div>\n\n\n<h3 class=\"wp-block-heading\" id=\"connessione-in-fibra-ottica-una-risorsa-in-piu-per-chi-si-prende-cura\">Connessione in fibra ottica: una risorsa in pi\u00f9 per chi si prende cura<\/h3>\n\n\n<p>La nostra speranza \u00e8 che, attraverso la soluzione di connettivit\u00e0 in Fibra ottica che abbiamo donato, l\u2019Arca di Leonardo possa ora contare su un\u2019<strong>infrastruttura tecnologica stabile, veloce e affidabile<\/strong> a supporto delle proprie attivit\u00e0 quotidiane e del fantastico servizio che sta svolgendo.<\/p>\n\n\n\n<p>Il desiderio \u00e8 che possa rappresentare una risorsa importante, ad esempio, per gestire la comunicazione con i volontari e le famiglie, coordinare progetti in rete con altre realt\u00e0 del territorio, promuovere le proprie iniziative online e ampliare l\u2019accesso a strumenti digitali formativi e ricreativi.<\/p>\n\n\n\n<p>Come Planetel pensiamo che la tecnologia, in questo caso, non sia solo un servizio, ma uno <strong>strumento di supporto reale<\/strong> a chi ogni giorno lavora per migliorare la vita degli altri.<\/p>\n\n\n\n<div style=\"height:30px\" aria-hidden=\"true\" class=\"wp-block-spacer\"><\/div>\n\n\n<h3 class=\"wp-block-heading\" id=\"un-impegno-che-parte-dal-territorio\">Un impegno che parte dal territorio<\/h3>\n\n\n<p>L\u2019iniziativa si inserisce all\u2019interno del percorso di <strong>responsabilit\u00e0 sociale<\/strong> <strong>che Planetel porta avanti con continuit\u00e0<\/strong>, soprattutto nei territori dove viviamo e siamo presenti. \u00c8 cruciale, naturalmente, che la crescita economica e tecnologica cammini parallelamente alla crescita sociale.<\/p>\n\n\n\n<p>Ecco perch\u00e9 fare business, per noi, significa anche questo: mettere a disposizione ci\u00f2 che sappiamo fare meglio per creare valore comune.<\/p>\n\n\n\n<p>In altre parole, supportare L\u2019Arca di Leonardo \u00e8 per noi di Planetel un modo sincero per dire grazie a chi costruisce comunit\u00e0 con il sorriso, il gioco e l\u2019inclusione.<\/p>\n\n\n\n<div style=\"height:30px\" aria-hidden=\"true\" class=\"wp-block-spacer\"><\/div>\n\n\n<h3 class=\"wp-block-heading has-text-align-center\" id=\"scopri-il-nostro-impegno-e-le-altre-iniziative-messe-in-atto-da-planetel\">Scopri il nostro impegno e le altre iniziative messe in atto da Planetel<\/h3>\n\n\n<div class=\"wp-block-buttons is-content-justification-center is-layout-flex wp-container-core-buttons-is-layout-16018d1d wp-block-buttons-is-layout-flex\">\n<div class=\"wp-block-button is-style-fill\"><a class=\"wp-block-button__link has-white-color has-text-color has-background has-link-color has-medium-font-size has-custom-font-size wp-element-button\" href=\"https:\/\/www.planetel.it\/il-nostro-impegno\/\" style=\"border-radius:20px;background-color:#439f36\">Scopri di pi\u00f9<\/a><\/div>\n<\/div>\n\n\n\n<p><\/p>\n","protected":false},"excerpt":{"rendered":"<p>Un gesto concreto per sostenere chi si prende cura degli altri C\u2019\u00e8 un modo potente di fare la differenza: mettersi a disposizione. Noi di Planetel lo facciamo quotidianamente attraverso i nostri servizi e il nostro modo di rapportarci ai clienti, ma non \u00e8 l\u2019unica strada. A volte sono importanti anche azioni concrete che rispondano ai [&hellip;]<\/p>\n","protected":false},"author":4,"featured_media":63770,"comment_status":"closed","ping_status":"closed","sticky":false,"template":"","format":"standard","meta":{"_acf_changed":false,"footnotes":""},"categories":[672,729],"tags":[358,360,922,923],"service_category":[],"class_list":["post-63767","post","type-post","status-publish","format-standard","has-post-thumbnail","hentry","category-planetel","category-sponsorizzazioni","tag-planetel","tag-esg","tag-sponsorizzazioni","tag-arca-di-leonardo"],"acf":[],"yoast_head":"<!-- This site is optimized with the Yoast SEO plugin v27.3 - https:\/\/yoast.com\/product\/yoast-seo-wordpress\/ -->\n<title>Planetel e L\u2019Arca di Leonardo: una connessione per il sociale.<\/title>\n<meta name=\"description\" content=\"Planetel sostiene l\u2019associazione L\u2019Arca di Leonardo donando connessione in fibra ottica. Un gesto concreto per supportare il territorio.\" \/>\n<meta name=\"robots\" content=\"index, follow, max-snippet:-1, max-image-preview:large, max-video-preview:-1\" \/>\n<link rel=\"canonical\" href=\"https:\/\/www.planetel.it\/en\/2025\/05\/planetel-sostiene-arca-di-leonardo\/\" \/>\n<meta property=\"og:locale\" content=\"en_US\" \/>\n<meta property=\"og:type\" content=\"article\" \/>\n<meta property=\"og:title\" content=\"Planetel e L\u2019Arca di Leonardo: una connessione per il sociale.\" \/>\n<meta property=\"og:description\" content=\"Planetel sostiene l\u2019associazione L\u2019Arca di Leonardo donando connessione in fibra ottica. Un gesto concreto per supportare il territorio.\" \/>\n<meta property=\"og:url\" content=\"https:\/\/www.planetel.it\/en\/2025\/05\/planetel-sostiene-arca-di-leonardo\/\" \/>\n<meta property=\"og:site_name\" content=\"Planetel\" \/>\n<meta property=\"article:publisher\" content=\"https:\/\/www.facebook.com\/planetelspa\" \/>\n<meta property=\"article:published_time\" content=\"2025-05-16T07:26:30+00:00\" \/>\n<meta property=\"article:modified_time\" content=\"2025-05-16T07:26:32+00:00\" \/>\n<meta property=\"og:image\" content=\"https:\/\/www.planetel.it\/wp-content\/uploads\/2025\/05\/Arca-di-Leo.png\" \/>\n\t<meta property=\"og:image:width\" content=\"1200\" \/>\n\t<meta property=\"og:image:height\" content=\"630\" \/>\n\t<meta property=\"og:image:type\" content=\"image\/png\" \/>\n<meta name=\"twitter:card\" content=\"summary_large_image\" \/>\n<meta name=\"twitter:label1\" content=\"Written by\" \/>\n\t<meta name=\"twitter:data1\" content=\"Andrea Brumana\" \/>\n\t<meta name=\"twitter:label2\" content=\"Est. reading time\" \/>\n\t<meta name=\"twitter:data2\" content=\"3 minutes\" \/>\n<script type=\"application\/ld+json\" class=\"yoast-schema-graph\">{\"@context\":\"https:\\\/\\\/schema.org\",\"@graph\":[{\"@type\":\"Article\",\"@id\":\"https:\\\/\\\/www.planetel.it\\\/en\\\/2025\\\/05\\\/planetel-sostiene-arca-di-leonardo\\\/#article\",\"isPartOf\":{\"@id\":\"https:\\\/\\\/www.planetel.it\\\/en\\\/2025\\\/05\\\/planetel-sostiene-arca-di-leonardo\\\/\"},\"author\":{\"name\":\"Andrea Brumana\",\"@id\":\"https:\\\/\\\/www.planetel.it\\\/en\\\/#\\\/schema\\\/person\\\/8e74703d23ff222042246a845bb004fa\"},\"headline\":\"Planetel e L\u2019Arca di Leonardo: una connessione che fa bene al territorio\",\"datePublished\":\"2025-05-16T07:26:30+00:00\",\"dateModified\":\"2025-05-16T07:26:32+00:00\",\"mainEntityOfPage\":{\"@id\":\"https:\\\/\\\/www.planetel.it\\\/en\\\/2025\\\/05\\\/planetel-sostiene-arca-di-leonardo\\\/\"},\"wordCount\":490,\"publisher\":{\"@id\":\"https:\\\/\\\/www.planetel.it\\\/en\\\/#organization\"},\"image\":{\"@id\":\"https:\\\/\\\/www.planetel.it\\\/en\\\/2025\\\/05\\\/planetel-sostiene-arca-di-leonardo\\\/#primaryimage\"},\"thumbnailUrl\":\"https:\\\/\\\/www.planetel.it\\\/wp-content\\\/uploads\\\/2025\\\/05\\\/Arca-di-Leo.png\",\"keywords\":[\"Planetel\",\"esg\",\"Sponsorizzazioni\",\"Arca di Leonardo\"],\"articleSection\":[\"Planetel\",\"Sponsorizzazioni\"],\"inLanguage\":\"en-US\"},{\"@type\":\"WebPage\",\"@id\":\"https:\\\/\\\/www.planetel.it\\\/en\\\/2025\\\/05\\\/planetel-sostiene-arca-di-leonardo\\\/\",\"url\":\"https:\\\/\\\/www.planetel.it\\\/en\\\/2025\\\/05\\\/planetel-sostiene-arca-di-leonardo\\\/\",\"name\":\"Planetel e L\u2019Arca di Leonardo: una connessione per il sociale.\",\"isPartOf\":{\"@id\":\"https:\\\/\\\/www.planetel.it\\\/en\\\/#website\"},\"primaryImageOfPage\":{\"@id\":\"https:\\\/\\\/www.planetel.it\\\/en\\\/2025\\\/05\\\/planetel-sostiene-arca-di-leonardo\\\/#primaryimage\"},\"image\":{\"@id\":\"https:\\\/\\\/www.planetel.it\\\/en\\\/2025\\\/05\\\/planetel-sostiene-arca-di-leonardo\\\/#primaryimage\"},\"thumbnailUrl\":\"https:\\\/\\\/www.planetel.it\\\/wp-content\\\/uploads\\\/2025\\\/05\\\/Arca-di-Leo.png\",\"datePublished\":\"2025-05-16T07:26:30+00:00\",\"dateModified\":\"2025-05-16T07:26:32+00:00\",\"description\":\"Planetel sostiene l\u2019associazione L\u2019Arca di Leonardo donando connessione in fibra ottica. Un gesto concreto per supportare il territorio.\",\"breadcrumb\":{\"@id\":\"https:\\\/\\\/www.planetel.it\\\/en\\\/2025\\\/05\\\/planetel-sostiene-arca-di-leonardo\\\/#breadcrumb\"},\"inLanguage\":\"en-US\",\"potentialAction\":[{\"@type\":\"ReadAction\",\"target\":[\"https:\\\/\\\/www.planetel.it\\\/en\\\/2025\\\/05\\\/planetel-sostiene-arca-di-leonardo\\\/\"]}]},{\"@type\":\"ImageObject\",\"inLanguage\":\"en-US\",\"@id\":\"https:\\\/\\\/www.planetel.it\\\/en\\\/2025\\\/05\\\/planetel-sostiene-arca-di-leonardo\\\/#primaryimage\",\"url\":\"https:\\\/\\\/www.planetel.it\\\/wp-content\\\/uploads\\\/2025\\\/05\\\/Arca-di-Leo.png\",\"contentUrl\":\"https:\\\/\\\/www.planetel.it\\\/wp-content\\\/uploads\\\/2025\\\/05\\\/Arca-di-Leo.png\",\"width\":1200,\"height\":630,\"caption\":\"Arca di Leonardo\"},{\"@type\":\"BreadcrumbList\",\"@id\":\"https:\\\/\\\/www.planetel.it\\\/en\\\/2025\\\/05\\\/planetel-sostiene-arca-di-leonardo\\\/#breadcrumb\",\"itemListElement\":[{\"@type\":\"ListItem\",\"position\":1,\"name\":\"Home\",\"item\":\"https:\\\/\\\/www.planetel.it\\\/en\\\/\"},{\"@type\":\"ListItem\",\"position\":2,\"name\":\"Azienda\",\"item\":\"https:\\\/\\\/www.planetel.it\\\/news\\\/blog\\\/categoria\\\/azienda\\\/\"},{\"@type\":\"ListItem\",\"position\":3,\"name\":\"Sponsorizzazioni\",\"item\":\"https:\\\/\\\/www.planetel.it\\\/news\\\/blog\\\/categoria\\\/sponsorizzazioni\\\/\"},{\"@type\":\"ListItem\",\"position\":4,\"name\":\"Planetel e L\u2019Arca di Leonardo: una connessione che fa bene al territorio\"}]},{\"@type\":\"WebSite\",\"@id\":\"https:\\\/\\\/www.planetel.it\\\/en\\\/#website\",\"url\":\"https:\\\/\\\/www.planetel.it\\\/en\\\/\",\"name\":\"Planetel\",\"description\":\"Pi\u00f9 che una connessione\",\"publisher\":{\"@id\":\"https:\\\/\\\/www.planetel.it\\\/en\\\/#organization\"},\"potentialAction\":[{\"@type\":\"SearchAction\",\"target\":{\"@type\":\"EntryPoint\",\"urlTemplate\":\"https:\\\/\\\/www.planetel.it\\\/en\\\/?s={search_term_string}\"},\"query-input\":{\"@type\":\"PropertyValueSpecification\",\"valueRequired\":true,\"valueName\":\"search_term_string\"}}],\"inLanguage\":\"en-US\"},{\"@type\":\"Organization\",\"@id\":\"https:\\\/\\\/www.planetel.it\\\/en\\\/#organization\",\"name\":\"Planetel S.p.A.\",\"url\":\"https:\\\/\\\/www.planetel.it\\\/en\\\/\",\"logo\":{\"@type\":\"ImageObject\",\"inLanguage\":\"en-US\",\"@id\":\"https:\\\/\\\/www.planetel.it\\\/en\\\/#\\\/schema\\\/logo\\\/image\\\/\",\"url\":\"https:\\\/\\\/www.planetel.it\\\/wp-content\\\/uploads\\\/2024\\\/04\\\/logo-group-planetel.svg\",\"contentUrl\":\"https:\\\/\\\/www.planetel.it\\\/wp-content\\\/uploads\\\/2024\\\/04\\\/logo-group-planetel.svg\",\"width\":1,\"height\":1,\"caption\":\"Planetel S.p.A.\"},\"image\":{\"@id\":\"https:\\\/\\\/www.planetel.it\\\/en\\\/#\\\/schema\\\/logo\\\/image\\\/\"},\"sameAs\":[\"https:\\\/\\\/www.facebook.com\\\/planetelspa\",\"https:\\\/\\\/www.linkedin.com\\\/company\\\/planetel\",\"https:\\\/\\\/www.instagram.com\\\/planetelspa\"]},{\"@type\":\"Person\",\"@id\":\"https:\\\/\\\/www.planetel.it\\\/en\\\/#\\\/schema\\\/person\\\/8e74703d23ff222042246a845bb004fa\",\"name\":\"Andrea Brumana\",\"image\":{\"@type\":\"ImageObject\",\"inLanguage\":\"en-US\",\"@id\":\"https:\\\/\\\/secure.gravatar.com\\\/avatar\\\/9a839884f24513d8bf063a907c74d8d2483fb1c4bbbf7cf7222c3e08581e4219?s=96&d=mm&r=g\",\"url\":\"https:\\\/\\\/secure.gravatar.com\\\/avatar\\\/9a839884f24513d8bf063a907c74d8d2483fb1c4bbbf7cf7222c3e08581e4219?s=96&d=mm&r=g\",\"contentUrl\":\"https:\\\/\\\/secure.gravatar.com\\\/avatar\\\/9a839884f24513d8bf063a907c74d8d2483fb1c4bbbf7cf7222c3e08581e4219?s=96&d=mm&r=g\",\"caption\":\"Andrea Brumana\"},\"url\":\"https:\\\/\\\/www.planetel.it\\\/en\\\/author\\\/a-brumana\\\/\"}]}<\/script>\n<!-- \/ Yoast SEO plugin. -->","yoast_head_json":{"title":"Planetel e L\u2019Arca di Leonardo: una connessione per il sociale.","description":"Planetel sostiene l\u2019associazione L\u2019Arca di Leonardo donando connessione in fibra ottica. Un gesto concreto per supportare il territorio.","robots":{"index":"index","follow":"follow","max-snippet":"max-snippet:-1","max-image-preview":"max-image-preview:large","max-video-preview":"max-video-preview:-1"},"canonical":"https:\/\/www.planetel.it\/en\/2025\/05\/planetel-sostiene-arca-di-leonardo\/","og_locale":"en_US","og_type":"article","og_title":"Planetel e L\u2019Arca di Leonardo: una connessione per il sociale.","og_description":"Planetel sostiene l\u2019associazione L\u2019Arca di Leonardo donando connessione in fibra ottica. Un gesto concreto per supportare il territorio.","og_url":"https:\/\/www.planetel.it\/en\/2025\/05\/planetel-sostiene-arca-di-leonardo\/","og_site_name":"Planetel","article_publisher":"https:\/\/www.facebook.com\/planetelspa","article_published_time":"2025-05-16T07:26:30+00:00","article_modified_time":"2025-05-16T07:26:32+00:00","og_image":[{"width":1200,"height":630,"url":"https:\/\/www.planetel.it\/wp-content\/uploads\/2025\/05\/Arca-di-Leo.png","type":"image\/png"}],"twitter_card":"summary_large_image","twitter_misc":{"Written by":"Andrea Brumana","Est. reading time":"3 minutes"},"schema":{"@context":"https:\/\/schema.org","@graph":[{"@type":"Article","@id":"https:\/\/www.planetel.it\/en\/2025\/05\/planetel-sostiene-arca-di-leonardo\/#article","isPartOf":{"@id":"https:\/\/www.planetel.it\/en\/2025\/05\/planetel-sostiene-arca-di-leonardo\/"},"author":{"name":"Andrea Brumana","@id":"https:\/\/www.planetel.it\/en\/#\/schema\/person\/8e74703d23ff222042246a845bb004fa"},"headline":"Planetel e L\u2019Arca di Leonardo: una connessione che fa bene al territorio","datePublished":"2025-05-16T07:26:30+00:00","dateModified":"2025-05-16T07:26:32+00:00","mainEntityOfPage":{"@id":"https:\/\/www.planetel.it\/en\/2025\/05\/planetel-sostiene-arca-di-leonardo\/"},"wordCount":490,"publisher":{"@id":"https:\/\/www.planetel.it\/en\/#organization"},"image":{"@id":"https:\/\/www.planetel.it\/en\/2025\/05\/planetel-sostiene-arca-di-leonardo\/#primaryimage"},"thumbnailUrl":"https:\/\/www.planetel.it\/wp-content\/uploads\/2025\/05\/Arca-di-Leo.png","keywords":["Planetel","esg","Sponsorizzazioni","Arca di Leonardo"],"articleSection":["Planetel","Sponsorizzazioni"],"inLanguage":"en-US"},{"@type":"WebPage","@id":"https:\/\/www.planetel.it\/en\/2025\/05\/planetel-sostiene-arca-di-leonardo\/","url":"https:\/\/www.planetel.it\/en\/2025\/05\/planetel-sostiene-arca-di-leonardo\/","name":"Planetel e L\u2019Arca di Leonardo: una connessione per il sociale.","isPartOf":{"@id":"https:\/\/www.planetel.it\/en\/#website"},"primaryImageOfPage":{"@id":"https:\/\/www.planetel.it\/en\/2025\/05\/planetel-sostiene-arca-di-leonardo\/#primaryimage"},"image":{"@id":"https:\/\/www.planetel.it\/en\/2025\/05\/planetel-sostiene-arca-di-leonardo\/#primaryimage"},"thumbnailUrl":"https:\/\/www.planetel.it\/wp-content\/uploads\/2025\/05\/Arca-di-Leo.png","datePublished":"2025-05-16T07:26:30+00:00","dateModified":"2025-05-16T07:26:32+00:00","description":"Planetel sostiene l\u2019associazione L\u2019Arca di Leonardo donando connessione in fibra ottica. Un gesto concreto per supportare il territorio.","breadcrumb":{"@id":"https:\/\/www.planetel.it\/en\/2025\/05\/planetel-sostiene-arca-di-leonardo\/#breadcrumb"},"inLanguage":"en-US","potentialAction":[{"@type":"ReadAction","target":["https:\/\/www.planetel.it\/en\/2025\/05\/planetel-sostiene-arca-di-leonardo\/"]}]},{"@type":"ImageObject","inLanguage":"en-US","@id":"https:\/\/www.planetel.it\/en\/2025\/05\/planetel-sostiene-arca-di-leonardo\/#primaryimage","url":"https:\/\/www.planetel.it\/wp-content\/uploads\/2025\/05\/Arca-di-Leo.png","contentUrl":"https:\/\/www.planetel.it\/wp-content\/uploads\/2025\/05\/Arca-di-Leo.png","width":1200,"height":630,"caption":"Arca di Leonardo"},{"@type":"BreadcrumbList","@id":"https:\/\/www.planetel.it\/en\/2025\/05\/planetel-sostiene-arca-di-leonardo\/#breadcrumb","itemListElement":[{"@type":"ListItem","position":1,"name":"Home","item":"https:\/\/www.planetel.it\/en\/"},{"@type":"ListItem","position":2,"name":"Azienda","item":"https:\/\/www.planetel.it\/news\/blog\/categoria\/azienda\/"},{"@type":"ListItem","position":3,"name":"Sponsorizzazioni","item":"https:\/\/www.planetel.it\/news\/blog\/categoria\/sponsorizzazioni\/"},{"@type":"ListItem","position":4,"name":"Planetel e L\u2019Arca di Leonardo: una connessione che fa bene al territorio"}]},{"@type":"WebSite","@id":"https:\/\/www.planetel.it\/en\/#website","url":"https:\/\/www.planetel.it\/en\/","name":"Planetel","description":"Pi\u00f9 che una connessione","publisher":{"@id":"https:\/\/www.planetel.it\/en\/#organization"},"potentialAction":[{"@type":"SearchAction","target":{"@type":"EntryPoint","urlTemplate":"https:\/\/www.planetel.it\/en\/?s={search_term_string}"},"query-input":{"@type":"PropertyValueSpecification","valueRequired":true,"valueName":"search_term_string"}}],"inLanguage":"en-US"},{"@type":"Organization","@id":"https:\/\/www.planetel.it\/en\/#organization","name":"Planetel S.p.A.","url":"https:\/\/www.planetel.it\/en\/","logo":{"@type":"ImageObject","inLanguage":"en-US","@id":"https:\/\/www.planetel.it\/en\/#\/schema\/logo\/image\/","url":"https:\/\/www.planetel.it\/wp-content\/uploads\/2024\/04\/logo-group-planetel.svg","contentUrl":"https:\/\/www.planetel.it\/wp-content\/uploads\/2024\/04\/logo-group-planetel.svg","width":1,"height":1,"caption":"Planetel S.p.A."},"image":{"@id":"https:\/\/www.planetel.it\/en\/#\/schema\/logo\/image\/"},"sameAs":["https:\/\/www.facebook.com\/planetelspa","https:\/\/www.linkedin.com\/company\/planetel","https:\/\/www.instagram.com\/planetelspa"]},{"@type":"Person","@id":"https:\/\/www.planetel.it\/en\/#\/schema\/person\/8e74703d23ff222042246a845bb004fa","name":"Andrea Brumana","image":{"@type":"ImageObject","inLanguage":"en-US","@id":"https:\/\/secure.gravatar.com\/avatar\/9a839884f24513d8bf063a907c74d8d2483fb1c4bbbf7cf7222c3e08581e4219?s=96&d=mm&r=g","url":"https:\/\/secure.gravatar.com\/avatar\/9a839884f24513d8bf063a907c74d8d2483fb1c4bbbf7cf7222c3e08581e4219?s=96&d=mm&r=g","contentUrl":"https:\/\/secure.gravatar.com\/avatar\/9a839884f24513d8bf063a907c74d8d2483fb1c4bbbf7cf7222c3e08581e4219?s=96&d=mm&r=g","caption":"Andrea Brumana"},"url":"https:\/\/www.planetel.it\/en\/author\/a-brumana\/"}]}},"_links":{"self":[{"href":"https:\/\/www.planetel.it\/en\/wp-json\/wp\/v2\/posts\/63767","targetHints":{"allow":["GET"]}}],"collection":[{"href":"https:\/\/www.planetel.it\/en\/wp-json\/wp\/v2\/posts"}],"about":[{"href":"https:\/\/www.planetel.it\/en\/wp-json\/wp\/v2\/types\/post"}],"author":[{"embeddable":true,"href":"https:\/\/www.planetel.it\/en\/wp-json\/wp\/v2\/users\/4"}],"replies":[{"embeddable":true,"href":"https:\/\/www.planetel.it\/en\/wp-json\/wp\/v2\/comments?post=63767"}],"version-history":[{"count":2,"href":"https:\/\/www.planetel.it\/en\/wp-json\/wp\/v2\/posts\/63767\/revisions"}],"predecessor-version":[{"id":63769,"href":"https:\/\/www.planetel.it\/en\/wp-json\/wp\/v2\/posts\/63767\/revisions\/63769"}],"wp:featuredmedia":[{"embeddable":true,"href":"https:\/\/www.planetel.it\/en\/wp-json\/wp\/v2\/media\/63770"}],"wp:attachment":[{"href":"https:\/\/www.planetel.it\/en\/wp-json\/wp\/v2\/media?parent=63767"}],"wp:term":[{"taxonomy":"category","embeddable":true,"href":"https:\/\/www.planetel.it\/en\/wp-json\/wp\/v2\/categories?post=63767"},{"taxonomy":"post_tag","embeddable":true,"href":"https:\/\/www.planetel.it\/en\/wp-json\/wp\/v2\/tags?post=63767"},{"taxonomy":"service_category","embeddable":true,"href":"https:\/\/www.planetel.it\/en\/wp-json\/wp\/v2\/service_category?post=63767"}],"curies":[{"name":"wp","href":"https:\/\/api.w.org\/{rel}","templated":true}]}}