{"id":64964,"date":"2025-06-09T10:24:45","date_gmt":"2025-06-09T08:24:45","guid":{"rendered":"https:\/\/www.planetel.it\/?p=64964"},"modified":"2025-06-09T10:24:49","modified_gmt":"2025-06-09T08:24:49","slug":"planetel-sponsor-lazzaretto-estate-2025-con-wi-fi","status":"publish","type":"post","link":"https:\/\/www.planetel.it\/en\/2025\/06\/planetel-sponsor-lazzaretto-estate-2025-con-wi-fi\/","title":{"rendered":"Planetel connette l\u2019estate bergamasca: Wi-Fi performante al Lazzaretto Estate 2025"},"content":{"rendered":"\n<div style=\"height:30px\" aria-hidden=\"true\" class=\"wp-block-spacer\"><\/div>\n\n\n\n<p>Oggi le persone che prendono parte a uno spettacolo, a un concerto o, in generale, a una serata di intrattenimento non vogliono pi\u00f9 soltanto gustarsi lo show, ma desiderano essere connessi per poter condividere queste emozioni. Ecco perch\u00e9, quando un evento culturale incontra la tecnologia, l\u2019esperienza del pubblico cambia. \u00c8 esattamente ci\u00f2 che succeder\u00e0 durante il <strong>Lazzaretto Estate 2025<\/strong>, la rassegna di musica, teatro e spettacoli che animer\u00e0 Bergamo dal 13 giugno al 27 luglio. Anche quest\u2019anno, a rendere l\u2019estate bergamasca ancora pi\u00f9 connessa, ci penseremo noi di <strong>Planetel<\/strong>. In qualit\u00e0 di sponsor tecnico ufficiale della manifestazione, infatti, metteremo a disposizione il nostro servizio di <strong><a href=\"https:\/\/www.planetel.it\/servizi\/telecomunicazioni\/hotspot\/\">connettivit\u00e0 Wi-Fi per spazi pubblici<\/a><\/strong> basato su tecnologia FWA punto-punto.<\/p>\n\n\n\n<p>Una scelta che non solo valorizza la manifestazione, ma racconta bene chi siamo e cosa facciamo: <strong>offrire connettivit\u00e0 sicura e ad alte prestazioni<\/strong>, ovunque ce ne sia bisogno.<\/p>\n\n\n\n<div style=\"height:30px\" aria-hidden=\"true\" class=\"wp-block-spacer\"><\/div>\n\n\n<h2 class=\"wp-block-heading\" id=\"un-wifi-che-connette-persone-luoghi-ed-emozioni\">Un Wi-Fi che connette persone, luoghi ed emozioni <\/h2>\n\n\n<p>Durante tutte le serate di Lazzaretto Estate 2025, i visitatori potranno navigare gratuitamente grazie alla <strong>rete Wi-Fi pubblica firmata Planetel<\/strong>, pensata per supportare iniziative ad alta affluenza. La nostra tecnologia <strong>FWA punto-punto<\/strong> \u00e8 la soluzione ideale per contesti temporanei o dinamici, dove la fibra ottica ovviamente non \u00e8 disponibile o non conveniente.<\/p>\n\n\n\n<p>In sintesi, \u00e8 la soluzione ideale per enti, pubbliche amministrazioni e organizzazioni che desiderano una soluzione di connettivit\u00e0 efficiente, affidabile e sicura per eventi pubblici e privati, nonch\u00e9 per spazi comuni e condivisi in aziende, comuni o aree pubbliche.<\/p>\n\n\n\n<p>La connettivit\u00e0 \u00e8 una necessit\u00e0 e avere una rete stabile, veloce e sicura \u00e8 oggi un requisito fondamentale ovunque e per qualsiasi contesto.<\/p>\n\n\n\n<div style=\"height:30px\" aria-hidden=\"true\" class=\"wp-block-spacer\"><\/div>\n\n\n<h3 class=\"wp-block-heading\" id=\"perche-scegliere-planetel-per-la-connettivita-pubblica-wifi\">Perch\u00e9 scegliere Planetel per la connettivit\u00e0 pubblica Wi-Fi<\/h3>\n\n\n<p>La nostra esperienza nel campo delle soluzioni digitali per la trasformazione tecnologica ci consente di offrire non solo <a href=\"https:\/\/www.planetel.it\/servizi\/telecomunicazioni\/connettivita-fibra-ottica\/\" target=\"_blank\" rel=\"noreferrer noopener\">fibra ottica ultraveloce<\/a>, ma anche <strong>servizi flessibili pensati per le specifiche esigenze dei territori<\/strong>.<\/p>\n\n\n\n<p>Il Wi-Fi per spazi pubblici non \u00e8 un semplice hotspot. Ecco perch\u00e9 sempre pi\u00f9 realt\u00e0 pubbliche e private ci scelgono per:<\/p>\n\n\n\n<ul class=\"wp-block-list\">\n<li>Copertura garantita<\/li>\n\n\n\n<li>Sicurezza della rete<\/li>\n\n\n\n<li>Gestione personalizzata dell\u2019accesso<\/li>\n\n\n\n<li>Rapidit\u00e0 d\u2019installazione<\/li>\n\n\n\n<li>Assistenza tecnica dedicata<\/li>\n<\/ul>\n\n\n\n<div style=\"height:30px\" aria-hidden=\"true\" class=\"wp-block-spacer\"><\/div>\n\n\n<h2 class=\"wp-block-heading\" id=\"vivi-lestate-connessa-cerca-il-qr-code-wifi-planetel-al-lazzaretto\">Vivi l\u2019estate connessa: cerca il QR Code Wi-Fi Planetel al Lazzaretto <\/h2>\n\n\n<p>Se parteciperai a una delle serate del <strong>Lazzaretto Estate 2025<\/strong>, ti invitiamo a provare direttamente la qualit\u00e0 del nostro servizio. In diversi punti dell\u2019area troverai i <strong>QR Code Planetel<\/strong>: inquadrali con il tuo smartphone per accedere alla rete Wi-Fi gratuita e vivere una serata connessa, sicura e senza interruzioni.<\/p>\n\n\n\n<p>Che tu stia condividendo una storia su Instagram, consultando il programma online o semplicemente navigando, la nostra rete \u00e8 pronta a connettere le tue emozioni.<\/p>\n\n\n\n<div style=\"height:30px\" aria-hidden=\"true\" class=\"wp-block-spacer\"><\/div>\n\n\n<h3 class=\"wp-block-heading has-text-align-center\" id=\"cerchi-connettivita-wifi-per-gli-spazi-pubblici\">Cerchi Connettivit\u00e0 Wi-Fi per gli spazi pubblici? <\/h3>\n\n\n<div class=\"wp-block-buttons is-content-justification-center is-layout-flex wp-container-core-buttons-is-layout-16018d1d wp-block-buttons-is-layout-flex\">\n<div class=\"wp-block-button\"><a class=\"wp-block-button__link has-white-color has-text-color has-background has-link-color has-medium-font-size has-custom-font-size wp-element-button\" href=\"https:\/\/www.planetel.it\/servizi\/telecomunicazioni\/hotspot\/\" style=\"border-radius:20px;background-color:#439f36\">Scopri di pi\u00f9<\/a><\/div>\n<\/div>\n","protected":false},"excerpt":{"rendered":"<p>Oggi le persone che prendono parte a uno spettacolo, a un concerto o, in generale, a una serata di intrattenimento non vogliono pi\u00f9 soltanto gustarsi lo show, ma desiderano essere connessi per poter condividere queste emozioni. Ecco perch\u00e9, quando un evento culturale incontra la tecnologia, l\u2019esperienza del pubblico cambia. \u00c8 esattamente ci\u00f2 che succeder\u00e0 durante [&hellip;]<\/p>\n","protected":false},"author":4,"featured_media":64966,"comment_status":"closed","ping_status":"closed","sticky":false,"template":"","format":"standard","meta":{"_acf_changed":false,"footnotes":""},"categories":[690,693,694,717,718,719,728,729],"tags":[358,420,421,438,932,933],"service_category":[312],"class_list":["post-64964","post","type-post","status-publish","format-standard","has-post-thumbnail","hentry","category-servizi","category-connettivita-radio-wireless","category-hotspot","category-attivita-commerciali","category-medie-e-grandi-imprese","category-pubblica-amministrazione","category-ponti-radio","category-sponsorizzazioni","tag-planetel","tag-sponsorizzazione","tag-connettivita","tag-wi-fi","tag-lazzaretto-estate-2025","tag-wi-fi-pubblico","service_category-telecomunicazioni"],"acf":[],"yoast_head":"<!-- This site is optimized with the Yoast SEO plugin v27.3 - https:\/\/yoast.com\/product\/yoast-seo-wordpress\/ -->\n<title>Planetel connette con il suo Wi-Fi il Lazzaretto Estate 2025.<\/title>\n<meta name=\"description\" content=\"Planetel \u00e8 sponsor tecnico di Lazzaretto Estate 2025. Scopri di pi\u00f9 sul nostro servizio di connettivit\u00e0 Wi-Fi per gli spazi pubblici.\" \/>\n<meta name=\"robots\" content=\"index, follow, max-snippet:-1, max-image-preview:large, max-video-preview:-1\" \/>\n<link rel=\"canonical\" href=\"https:\/\/www.planetel.it\/en\/2025\/06\/planetel-sponsor-lazzaretto-estate-2025-con-wi-fi\/\" \/>\n<meta property=\"og:locale\" content=\"en_US\" \/>\n<meta property=\"og:type\" content=\"article\" \/>\n<meta property=\"og:title\" content=\"Planetel connette con il suo Wi-Fi il Lazzaretto Estate 2025.\" \/>\n<meta property=\"og:description\" content=\"Planetel \u00e8 sponsor tecnico di Lazzaretto Estate 2025. Scopri di pi\u00f9 sul nostro servizio di connettivit\u00e0 Wi-Fi per gli spazi pubblici.\" \/>\n<meta property=\"og:url\" content=\"https:\/\/www.planetel.it\/en\/2025\/06\/planetel-sponsor-lazzaretto-estate-2025-con-wi-fi\/\" \/>\n<meta property=\"og:site_name\" content=\"Planetel\" \/>\n<meta property=\"article:publisher\" content=\"https:\/\/www.facebook.com\/planetelspa\" \/>\n<meta property=\"article:published_time\" content=\"2025-06-09T08:24:45+00:00\" \/>\n<meta property=\"article:modified_time\" content=\"2025-06-09T08:24:49+00:00\" \/>\n<meta property=\"og:image\" content=\"https:\/\/www.planetel.it\/wp-content\/uploads\/2025\/06\/Estate-Lazzaretto.png\" \/>\n\t<meta property=\"og:image:width\" content=\"1200\" \/>\n\t<meta property=\"og:image:height\" content=\"630\" \/>\n\t<meta property=\"og:image:type\" content=\"image\/png\" \/>\n<meta name=\"twitter:card\" content=\"summary_large_image\" \/>\n<meta name=\"twitter:label1\" content=\"Written by\" \/>\n\t<meta name=\"twitter:data1\" content=\"Andrea Brumana\" \/>\n\t<meta name=\"twitter:label2\" content=\"Est. reading time\" \/>\n\t<meta name=\"twitter:data2\" content=\"3 minutes\" \/>\n<script type=\"application\/ld+json\" class=\"yoast-schema-graph\">{\"@context\":\"https:\\\/\\\/schema.org\",\"@graph\":[{\"@type\":\"Article\",\"@id\":\"https:\\\/\\\/www.planetel.it\\\/en\\\/2025\\\/06\\\/planetel-sponsor-lazzaretto-estate-2025-con-wi-fi\\\/#article\",\"isPartOf\":{\"@id\":\"https:\\\/\\\/www.planetel.it\\\/en\\\/2025\\\/06\\\/planetel-sponsor-lazzaretto-estate-2025-con-wi-fi\\\/\"},\"author\":{\"name\":\"Andrea Brumana\",\"@id\":\"https:\\\/\\\/www.planetel.it\\\/en\\\/#\\\/schema\\\/person\\\/8e74703d23ff222042246a845bb004fa\"},\"headline\":\"Planetel connette l\u2019estate bergamasca: Wi-Fi performante al Lazzaretto Estate 2025\",\"datePublished\":\"2025-06-09T08:24:45+00:00\",\"dateModified\":\"2025-06-09T08:24:49+00:00\",\"mainEntityOfPage\":{\"@id\":\"https:\\\/\\\/www.planetel.it\\\/en\\\/2025\\\/06\\\/planetel-sponsor-lazzaretto-estate-2025-con-wi-fi\\\/\"},\"wordCount\":438,\"publisher\":{\"@id\":\"https:\\\/\\\/www.planetel.it\\\/en\\\/#organization\"},\"image\":{\"@id\":\"https:\\\/\\\/www.planetel.it\\\/en\\\/2025\\\/06\\\/planetel-sponsor-lazzaretto-estate-2025-con-wi-fi\\\/#primaryimage\"},\"thumbnailUrl\":\"https:\\\/\\\/www.planetel.it\\\/wp-content\\\/uploads\\\/2025\\\/06\\\/Estate-Lazzaretto.png\",\"keywords\":[\"Planetel\",\"sponsorizzazione\",\"connettivit\u00e0\",\"wi-fi\",\"Lazzaretto Estate 2025\",\"Wi-Fi pubblico\"],\"articleSection\":[\"Servizi\",\"Connettivit\u00e0 Radio (Wireless)\",\"Hotspot\",\"Attivit\u00e0 commerciali\",\"Medie e grandi Imprese\",\"Pubblica Amministrazione\",\"Ponti Radio\",\"Sponsorizzazioni\"],\"inLanguage\":\"en-US\"},{\"@type\":\"WebPage\",\"@id\":\"https:\\\/\\\/www.planetel.it\\\/en\\\/2025\\\/06\\\/planetel-sponsor-lazzaretto-estate-2025-con-wi-fi\\\/\",\"url\":\"https:\\\/\\\/www.planetel.it\\\/en\\\/2025\\\/06\\\/planetel-sponsor-lazzaretto-estate-2025-con-wi-fi\\\/\",\"name\":\"Planetel connette con il suo Wi-Fi il Lazzaretto Estate 2025.\",\"isPartOf\":{\"@id\":\"https:\\\/\\\/www.planetel.it\\\/en\\\/#website\"},\"primaryImageOfPage\":{\"@id\":\"https:\\\/\\\/www.planetel.it\\\/en\\\/2025\\\/06\\\/planetel-sponsor-lazzaretto-estate-2025-con-wi-fi\\\/#primaryimage\"},\"image\":{\"@id\":\"https:\\\/\\\/www.planetel.it\\\/en\\\/2025\\\/06\\\/planetel-sponsor-lazzaretto-estate-2025-con-wi-fi\\\/#primaryimage\"},\"thumbnailUrl\":\"https:\\\/\\\/www.planetel.it\\\/wp-content\\\/uploads\\\/2025\\\/06\\\/Estate-Lazzaretto.png\",\"datePublished\":\"2025-06-09T08:24:45+00:00\",\"dateModified\":\"2025-06-09T08:24:49+00:00\",\"description\":\"Planetel \u00e8 sponsor tecnico di Lazzaretto Estate 2025. Scopri di pi\u00f9 sul nostro servizio di connettivit\u00e0 Wi-Fi per gli spazi pubblici.\",\"breadcrumb\":{\"@id\":\"https:\\\/\\\/www.planetel.it\\\/en\\\/2025\\\/06\\\/planetel-sponsor-lazzaretto-estate-2025-con-wi-fi\\\/#breadcrumb\"},\"inLanguage\":\"en-US\",\"potentialAction\":[{\"@type\":\"ReadAction\",\"target\":[\"https:\\\/\\\/www.planetel.it\\\/en\\\/2025\\\/06\\\/planetel-sponsor-lazzaretto-estate-2025-con-wi-fi\\\/\"]}]},{\"@type\":\"ImageObject\",\"inLanguage\":\"en-US\",\"@id\":\"https:\\\/\\\/www.planetel.it\\\/en\\\/2025\\\/06\\\/planetel-sponsor-lazzaretto-estate-2025-con-wi-fi\\\/#primaryimage\",\"url\":\"https:\\\/\\\/www.planetel.it\\\/wp-content\\\/uploads\\\/2025\\\/06\\\/Estate-Lazzaretto.png\",\"contentUrl\":\"https:\\\/\\\/www.planetel.it\\\/wp-content\\\/uploads\\\/2025\\\/06\\\/Estate-Lazzaretto.png\",\"width\":1200,\"height\":630,\"caption\":\"Wi-Fi\"},{\"@type\":\"BreadcrumbList\",\"@id\":\"https:\\\/\\\/www.planetel.it\\\/en\\\/2025\\\/06\\\/planetel-sponsor-lazzaretto-estate-2025-con-wi-fi\\\/#breadcrumb\",\"itemListElement\":[{\"@type\":\"ListItem\",\"position\":1,\"name\":\"Home\",\"item\":\"https:\\\/\\\/www.planetel.it\\\/en\\\/\"},{\"@type\":\"ListItem\",\"position\":2,\"name\":\"Servizi\",\"item\":\"https:\\\/\\\/www.planetel.it\\\/news\\\/blog\\\/categoria\\\/servizi\\\/\"},{\"@type\":\"ListItem\",\"position\":3,\"name\":\"Hotspot\",\"item\":\"https:\\\/\\\/www.planetel.it\\\/news\\\/blog\\\/categoria\\\/hotspot\\\/\"},{\"@type\":\"ListItem\",\"position\":4,\"name\":\"Planetel connette l\u2019estate bergamasca: Wi-Fi performante al Lazzaretto Estate 2025\"}]},{\"@type\":\"WebSite\",\"@id\":\"https:\\\/\\\/www.planetel.it\\\/en\\\/#website\",\"url\":\"https:\\\/\\\/www.planetel.it\\\/en\\\/\",\"name\":\"Planetel\",\"description\":\"Pi\u00f9 che una connessione\",\"publisher\":{\"@id\":\"https:\\\/\\\/www.planetel.it\\\/en\\\/#organization\"},\"potentialAction\":[{\"@type\":\"SearchAction\",\"target\":{\"@type\":\"EntryPoint\",\"urlTemplate\":\"https:\\\/\\\/www.planetel.it\\\/en\\\/?s={search_term_string}\"},\"query-input\":{\"@type\":\"PropertyValueSpecification\",\"valueRequired\":true,\"valueName\":\"search_term_string\"}}],\"inLanguage\":\"en-US\"},{\"@type\":\"Organization\",\"@id\":\"https:\\\/\\\/www.planetel.it\\\/en\\\/#organization\",\"name\":\"Planetel S.p.A.\",\"url\":\"https:\\\/\\\/www.planetel.it\\\/en\\\/\",\"logo\":{\"@type\":\"ImageObject\",\"inLanguage\":\"en-US\",\"@id\":\"https:\\\/\\\/www.planetel.it\\\/en\\\/#\\\/schema\\\/logo\\\/image\\\/\",\"url\":\"https:\\\/\\\/www.planetel.it\\\/wp-content\\\/uploads\\\/2024\\\/04\\\/logo-group-planetel.svg\",\"contentUrl\":\"https:\\\/\\\/www.planetel.it\\\/wp-content\\\/uploads\\\/2024\\\/04\\\/logo-group-planetel.svg\",\"width\":1,\"height\":1,\"caption\":\"Planetel S.p.A.\"},\"image\":{\"@id\":\"https:\\\/\\\/www.planetel.it\\\/en\\\/#\\\/schema\\\/logo\\\/image\\\/\"},\"sameAs\":[\"https:\\\/\\\/www.facebook.com\\\/planetelspa\",\"https:\\\/\\\/www.linkedin.com\\\/company\\\/planetel\",\"https:\\\/\\\/www.instagram.com\\\/planetelspa\"]},{\"@type\":\"Person\",\"@id\":\"https:\\\/\\\/www.planetel.it\\\/en\\\/#\\\/schema\\\/person\\\/8e74703d23ff222042246a845bb004fa\",\"name\":\"Andrea Brumana\",\"image\":{\"@type\":\"ImageObject\",\"inLanguage\":\"en-US\",\"@id\":\"https:\\\/\\\/secure.gravatar.com\\\/avatar\\\/9a839884f24513d8bf063a907c74d8d2483fb1c4bbbf7cf7222c3e08581e4219?s=96&d=mm&r=g\",\"url\":\"https:\\\/\\\/secure.gravatar.com\\\/avatar\\\/9a839884f24513d8bf063a907c74d8d2483fb1c4bbbf7cf7222c3e08581e4219?s=96&d=mm&r=g\",\"contentUrl\":\"https:\\\/\\\/secure.gravatar.com\\\/avatar\\\/9a839884f24513d8bf063a907c74d8d2483fb1c4bbbf7cf7222c3e08581e4219?s=96&d=mm&r=g\",\"caption\":\"Andrea Brumana\"},\"url\":\"https:\\\/\\\/www.planetel.it\\\/en\\\/author\\\/a-brumana\\\/\"}]}<\/script>\n<!-- \/ Yoast SEO plugin. -->","yoast_head_json":{"title":"Planetel connette con il suo Wi-Fi il Lazzaretto Estate 2025.","description":"Planetel \u00e8 sponsor tecnico di Lazzaretto Estate 2025. Scopri di pi\u00f9 sul nostro servizio di connettivit\u00e0 Wi-Fi per gli spazi pubblici.","robots":{"index":"index","follow":"follow","max-snippet":"max-snippet:-1","max-image-preview":"max-image-preview:large","max-video-preview":"max-video-preview:-1"},"canonical":"https:\/\/www.planetel.it\/en\/2025\/06\/planetel-sponsor-lazzaretto-estate-2025-con-wi-fi\/","og_locale":"en_US","og_type":"article","og_title":"Planetel connette con il suo Wi-Fi il Lazzaretto Estate 2025.","og_description":"Planetel \u00e8 sponsor tecnico di Lazzaretto Estate 2025. Scopri di pi\u00f9 sul nostro servizio di connettivit\u00e0 Wi-Fi per gli spazi pubblici.","og_url":"https:\/\/www.planetel.it\/en\/2025\/06\/planetel-sponsor-lazzaretto-estate-2025-con-wi-fi\/","og_site_name":"Planetel","article_publisher":"https:\/\/www.facebook.com\/planetelspa","article_published_time":"2025-06-09T08:24:45+00:00","article_modified_time":"2025-06-09T08:24:49+00:00","og_image":[{"width":1200,"height":630,"url":"https:\/\/www.planetel.it\/wp-content\/uploads\/2025\/06\/Estate-Lazzaretto.png","type":"image\/png"}],"twitter_card":"summary_large_image","twitter_misc":{"Written by":"Andrea Brumana","Est. reading time":"3 minutes"},"schema":{"@context":"https:\/\/schema.org","@graph":[{"@type":"Article","@id":"https:\/\/www.planetel.it\/en\/2025\/06\/planetel-sponsor-lazzaretto-estate-2025-con-wi-fi\/#article","isPartOf":{"@id":"https:\/\/www.planetel.it\/en\/2025\/06\/planetel-sponsor-lazzaretto-estate-2025-con-wi-fi\/"},"author":{"name":"Andrea Brumana","@id":"https:\/\/www.planetel.it\/en\/#\/schema\/person\/8e74703d23ff222042246a845bb004fa"},"headline":"Planetel connette l\u2019estate bergamasca: Wi-Fi performante al Lazzaretto Estate 2025","datePublished":"2025-06-09T08:24:45+00:00","dateModified":"2025-06-09T08:24:49+00:00","mainEntityOfPage":{"@id":"https:\/\/www.planetel.it\/en\/2025\/06\/planetel-sponsor-lazzaretto-estate-2025-con-wi-fi\/"},"wordCount":438,"publisher":{"@id":"https:\/\/www.planetel.it\/en\/#organization"},"image":{"@id":"https:\/\/www.planetel.it\/en\/2025\/06\/planetel-sponsor-lazzaretto-estate-2025-con-wi-fi\/#primaryimage"},"thumbnailUrl":"https:\/\/www.planetel.it\/wp-content\/uploads\/2025\/06\/Estate-Lazzaretto.png","keywords":["Planetel","sponsorizzazione","connettivit\u00e0","wi-fi","Lazzaretto Estate 2025","Wi-Fi pubblico"],"articleSection":["Servizi","Connettivit\u00e0 Radio (Wireless)","Hotspot","Attivit\u00e0 commerciali","Medie e grandi Imprese","Pubblica Amministrazione","Ponti Radio","Sponsorizzazioni"],"inLanguage":"en-US"},{"@type":"WebPage","@id":"https:\/\/www.planetel.it\/en\/2025\/06\/planetel-sponsor-lazzaretto-estate-2025-con-wi-fi\/","url":"https:\/\/www.planetel.it\/en\/2025\/06\/planetel-sponsor-lazzaretto-estate-2025-con-wi-fi\/","name":"Planetel connette con il suo Wi-Fi il Lazzaretto Estate 2025.","isPartOf":{"@id":"https:\/\/www.planetel.it\/en\/#website"},"primaryImageOfPage":{"@id":"https:\/\/www.planetel.it\/en\/2025\/06\/planetel-sponsor-lazzaretto-estate-2025-con-wi-fi\/#primaryimage"},"image":{"@id":"https:\/\/www.planetel.it\/en\/2025\/06\/planetel-sponsor-lazzaretto-estate-2025-con-wi-fi\/#primaryimage"},"thumbnailUrl":"https:\/\/www.planetel.it\/wp-content\/uploads\/2025\/06\/Estate-Lazzaretto.png","datePublished":"2025-06-09T08:24:45+00:00","dateModified":"2025-06-09T08:24:49+00:00","description":"Planetel \u00e8 sponsor tecnico di Lazzaretto Estate 2025. Scopri di pi\u00f9 sul nostro servizio di connettivit\u00e0 Wi-Fi per gli spazi pubblici.","breadcrumb":{"@id":"https:\/\/www.planetel.it\/en\/2025\/06\/planetel-sponsor-lazzaretto-estate-2025-con-wi-fi\/#breadcrumb"},"inLanguage":"en-US","potentialAction":[{"@type":"ReadAction","target":["https:\/\/www.planetel.it\/en\/2025\/06\/planetel-sponsor-lazzaretto-estate-2025-con-wi-fi\/"]}]},{"@type":"ImageObject","inLanguage":"en-US","@id":"https:\/\/www.planetel.it\/en\/2025\/06\/planetel-sponsor-lazzaretto-estate-2025-con-wi-fi\/#primaryimage","url":"https:\/\/www.planetel.it\/wp-content\/uploads\/2025\/06\/Estate-Lazzaretto.png","contentUrl":"https:\/\/www.planetel.it\/wp-content\/uploads\/2025\/06\/Estate-Lazzaretto.png","width":1200,"height":630,"caption":"Wi-Fi"},{"@type":"BreadcrumbList","@id":"https:\/\/www.planetel.it\/en\/2025\/06\/planetel-sponsor-lazzaretto-estate-2025-con-wi-fi\/#breadcrumb","itemListElement":[{"@type":"ListItem","position":1,"name":"Home","item":"https:\/\/www.planetel.it\/en\/"},{"@type":"ListItem","position":2,"name":"Servizi","item":"https:\/\/www.planetel.it\/news\/blog\/categoria\/servizi\/"},{"@type":"ListItem","position":3,"name":"Hotspot","item":"https:\/\/www.planetel.it\/news\/blog\/categoria\/hotspot\/"},{"@type":"ListItem","position":4,"name":"Planetel connette l\u2019estate bergamasca: Wi-Fi performante al Lazzaretto Estate 2025"}]},{"@type":"WebSite","@id":"https:\/\/www.planetel.it\/en\/#website","url":"https:\/\/www.planetel.it\/en\/","name":"Planetel","description":"Pi\u00f9 che una connessione","publisher":{"@id":"https:\/\/www.planetel.it\/en\/#organization"},"potentialAction":[{"@type":"SearchAction","target":{"@type":"EntryPoint","urlTemplate":"https:\/\/www.planetel.it\/en\/?s={search_term_string}"},"query-input":{"@type":"PropertyValueSpecification","valueRequired":true,"valueName":"search_term_string"}}],"inLanguage":"en-US"},{"@type":"Organization","@id":"https:\/\/www.planetel.it\/en\/#organization","name":"Planetel S.p.A.","url":"https:\/\/www.planetel.it\/en\/","logo":{"@type":"ImageObject","inLanguage":"en-US","@id":"https:\/\/www.planetel.it\/en\/#\/schema\/logo\/image\/","url":"https:\/\/www.planetel.it\/wp-content\/uploads\/2024\/04\/logo-group-planetel.svg","contentUrl":"https:\/\/www.planetel.it\/wp-content\/uploads\/2024\/04\/logo-group-planetel.svg","width":1,"height":1,"caption":"Planetel S.p.A."},"image":{"@id":"https:\/\/www.planetel.it\/en\/#\/schema\/logo\/image\/"},"sameAs":["https:\/\/www.facebook.com\/planetelspa","https:\/\/www.linkedin.com\/company\/planetel","https:\/\/www.instagram.com\/planetelspa"]},{"@type":"Person","@id":"https:\/\/www.planetel.it\/en\/#\/schema\/person\/8e74703d23ff222042246a845bb004fa","name":"Andrea Brumana","image":{"@type":"ImageObject","inLanguage":"en-US","@id":"https:\/\/secure.gravatar.com\/avatar\/9a839884f24513d8bf063a907c74d8d2483fb1c4bbbf7cf7222c3e08581e4219?s=96&d=mm&r=g","url":"https:\/\/secure.gravatar.com\/avatar\/9a839884f24513d8bf063a907c74d8d2483fb1c4bbbf7cf7222c3e08581e4219?s=96&d=mm&r=g","contentUrl":"https:\/\/secure.gravatar.com\/avatar\/9a839884f24513d8bf063a907c74d8d2483fb1c4bbbf7cf7222c3e08581e4219?s=96&d=mm&r=g","caption":"Andrea Brumana"},"url":"https:\/\/www.planetel.it\/en\/author\/a-brumana\/"}]}},"_links":{"self":[{"href":"https:\/\/www.planetel.it\/en\/wp-json\/wp\/v2\/posts\/64964","targetHints":{"allow":["GET"]}}],"collection":[{"href":"https:\/\/www.planetel.it\/en\/wp-json\/wp\/v2\/posts"}],"about":[{"href":"https:\/\/www.planetel.it\/en\/wp-json\/wp\/v2\/types\/post"}],"author":[{"embeddable":true,"href":"https:\/\/www.planetel.it\/en\/wp-json\/wp\/v2\/users\/4"}],"replies":[{"embeddable":true,"href":"https:\/\/www.planetel.it\/en\/wp-json\/wp\/v2\/comments?post=64964"}],"version-history":[{"count":1,"href":"https:\/\/www.planetel.it\/en\/wp-json\/wp\/v2\/posts\/64964\/revisions"}],"predecessor-version":[{"id":64968,"href":"https:\/\/www.planetel.it\/en\/wp-json\/wp\/v2\/posts\/64964\/revisions\/64968"}],"wp:featuredmedia":[{"embeddable":true,"href":"https:\/\/www.planetel.it\/en\/wp-json\/wp\/v2\/media\/64966"}],"wp:attachment":[{"href":"https:\/\/www.planetel.it\/en\/wp-json\/wp\/v2\/media?parent=64964"}],"wp:term":[{"taxonomy":"category","embeddable":true,"href":"https:\/\/www.planetel.it\/en\/wp-json\/wp\/v2\/categories?post=64964"},{"taxonomy":"post_tag","embeddable":true,"href":"https:\/\/www.planetel.it\/en\/wp-json\/wp\/v2\/tags?post=64964"},{"taxonomy":"service_category","embeddable":true,"href":"https:\/\/www.planetel.it\/en\/wp-json\/wp\/v2\/service_category?post=64964"}],"curies":[{"name":"wp","href":"https:\/\/api.w.org\/{rel}","templated":true}]}}