{"id":65259,"date":"2025-06-16T08:30:00","date_gmt":"2025-06-16T06:30:00","guid":{"rendered":"https:\/\/www.planetel.it\/?p=65259"},"modified":"2025-06-13T11:26:54","modified_gmt":"2025-06-13T09:26:54","slug":"il-gruppo-planetel-al-sicurezza-ict-padova-2025-con-planetel-cloud","status":"publish","type":"post","link":"https:\/\/www.planetel.it\/en\/2025\/06\/il-gruppo-planetel-al-sicurezza-ict-padova-2025-con-planetel-cloud\/","title":{"rendered":"Il Gruppo Planetel al Sicurezza ICT Padova 2025 con Planetel.Cloud"},"content":{"rendered":"<h2 class=\"wp-block-heading\" id=\"sicurezza-ict-padova-soluzioni-per-la-trasformazione-digitale-delle-aziende\">Sicurezza ICT Padova: soluzioni per la trasformazione digitale delle aziende<\/h2>\n\n\n<p>Il prossimo 18 giugno 2025 parteciperemo come Gruppo Planetel al convegno <a href=\"https:\/\/www.soiel.it\/eventi\/sicurezzaict-2025-padova\/\" target=\"_blank\" rel=\"noreferrer noopener\"><strong>Sicurezza ICT Padova 2025<\/strong><\/a>, una delle tappe pi\u00f9 rilevanti del tour nazionale organizzato da Soiel International dedicato alla <strong>cybersecurity<\/strong>,<strong> al cloud <\/strong>e alla<strong> trasformazione digitale<\/strong>.<\/p>\n\n\n\n<p>L\u2019evento si svolger\u00e0 al Four Points by Sheraton Padova e si rivolge a <strong>imprese<\/strong>,<strong> system integrator<\/strong>,<strong> provider IT <\/strong>e<strong> professionisti del digitale<\/strong>, con l\u2019obiettivo di confrontarsi su tecnologie, scenari e soluzioni per un futuro sempre pi\u00f9 sicuro, connesso e performante.<\/p>\n\n\n\n<div style=\"height:30px\" aria-hidden=\"true\" class=\"wp-block-spacer\"><\/div>\n\n\n<h3 class=\"wp-block-heading\" id=\"le-tematiche-al-centro-del-confronto-del-sicurezza-ict-padova\">Le tematiche al centro del confronto del Sicurezza ICT Padova<\/h3>\n\n\n<p>Durante l\u2019evento verranno affrontati diversi temi all\u2019interno di speech dedicati e sar\u00e0 possibile dialogare insieme su argomenti di particolare rilevanza quali <strong>sicurezza dei dati<\/strong> e delle informazioni, <strong>cybersecurity<\/strong>, <strong>compliance<\/strong> con le normative e <strong>strategie per la digital transformation<\/strong>.<\/p>\n\n\n\n<div style=\"height:10px\" aria-hidden=\"true\" class=\"wp-block-spacer\"><\/div>\n\n\n<h4 class=\"wp-block-heading\" id=\"cybersecurity\">Cybersecurity<\/h4>\n\n\n<p>Minacce in continua evoluzione, attacchi mirati, rischio reputazionale e perdita delle informazioni rendono la sicurezza informatica una priorit\u00e0 assoluta. \u00c8 importante, per le aziende, implementare <strong>soluzioni proattive e personalizzate<\/strong> per la protezione di reti, infrastrutture, dispositivi e dati.<\/p>\n\n\n\n<div style=\"height:10px\" aria-hidden=\"true\" class=\"wp-block-spacer\"><\/div>\n\n\n<h4 class=\"wp-block-heading\" id=\"cloud-e-servizi-it\">Cloud e servizi IT<\/h4>\n\n\n<p>Scalabilit\u00e0, affidabilit\u00e0 e flessibilit\u00e0 sono le parole chiave per avere <strong>servizi cloud<\/strong> <strong>e IT efficienti<\/strong> e in grado di ottimizzare le dinamiche aziendali, garantendo performance elevate anche in ambienti ibridi o complessi.<\/p>\n\n\n\n<div style=\"height:10px\" aria-hidden=\"true\" class=\"wp-block-spacer\"><\/div>\n\n\n<h4 class=\"wp-block-heading\" id=\"digital-transformation-su-misura\">Digital Transformation su misura<\/h4>\n\n\n<p>Ogni azienda ha un proprio percorso di crescita. Con un approccio consulenziale e un\u2019offerta modulare esse devono poter contare su un partner capace di accompagnarle nella costruzione di un <strong>ecosistema digitale coerente e sostenibile<\/strong>, dalla connettivit\u00e0 in fibra ottica ai servizi pi\u00f9 evoluti.<\/p>\n\n\n\n<div style=\"height:10px\" aria-hidden=\"true\" class=\"wp-block-spacer\"><\/div>\n\n\n<h4 class=\"wp-block-heading\" id=\"nis2\">NIS2<\/h4>\n\n\n<p>Sapersi adeguare alle normative vigenti \u00e8 fondamentale per non incappare in sanzioni e conseguenze spiacevoli. La scelta migliore, anche in questo caso, \u00e8 affidarsi a professionisti qualificati, pronti a guidare il cliente nella complessit\u00e0 delle normative e definire una strategia.<\/p>\n\n\n\n<div style=\"height:30px\" aria-hidden=\"true\" class=\"wp-block-spacer\"><\/div>\n\n\n<h2 class=\"wp-block-heading\" id=\"con-il-gruppo-planetel-competenza-innovazione-e-prossimita-al-territorio\">Con il Gruppo Planetel competenza, innovazione e prossimit\u00e0 al territorio<\/h2>\n\n\n<p>Le tematiche esposte in precedenza rappresentano il pane quotidiano della nostra divisione <a href=\"https:\/\/www.planetel.cloud\/\" target=\"_blank\" rel=\"noreferrer noopener\">Planetel.Cloud<\/a>. Tramite la nostra infrastruttura, le nostre competenze e le nostre soluzioni possiamo rispondere prontamente alle esigenze di aziende, professionisti ed enti pubblici in materia di ICT, sicurezza e digitale.<\/p>\n\n\n\n<p>La partecipazione del Gruppo Planetel al Sicurezza ICT Padova rappresenta, pertanto, un passaggio chiave, in quanto rafforza la <strong>nostra presenza in Veneto<\/strong> tramite le controllate Trivenet e Connetical, conferma la nostra vocazione a essere <strong>partner strategico per far fronte alle sfide della digitalizzazione<\/strong> e chiarisce il nostro obiettivo di <strong>offrire soluzioni IT innovative, integrate e sicure<\/strong>, costruite su misura per le specifiche esigenze del tessuto imprenditoriale.<\/p>\n\n\n\n<div style=\"height:30px\" aria-hidden=\"true\" class=\"wp-block-spacer\"><\/div>\n\n\n<h3 class=\"wp-block-heading\" id=\"il-valore-di-una-presenza-locale-con-una-visione-nazionale\">Il valore di una presenza locale, con una visione nazionale <\/h3>\n\n\n<p>Grazie a <strong>Trivenet<\/strong> e <strong>Connetical<\/strong>, realt\u00e0 storiche e radicate nel territorio veneto, il Gruppo Planetel affianca alle competenze locali l\u2019infrastruttura e il know-how di un gruppo in forte crescita a livello nazionale.<\/p>\n\n\n\n<p>Una sinergia che si traduce in <strong>vicinanza ai clienti<\/strong>,<strong> rapidit\u00e0 di intervento <\/strong>e<strong> soluzioni IT all\u2019avanguardia<\/strong>, capaci di supportare l\u2019innovazione di ogni tipologia di cliente.<\/p>\n\n\n\n<div style=\"height:30px\" aria-hidden=\"true\" class=\"wp-block-spacer\"><\/div>\n\n\n<h3 class=\"wp-block-heading\" id=\"vieni-a-trovarci-a-sicurezza-ict-padova-2025\">Vieni a trovarci a Sicurezza ICT Padova 2025<\/h3>\n\n\n<p>Mercoled\u00ec 18 giugno 2025 vieni a trovarci al Four Points by Sheraton di Padova. I nostri consulenti saranno presenti per ascoltare le tue esigenze, condividere soluzioni e avviare un confronto concreto e senza impegno sui progetti di trasformazione digitale. Passa dal nostro spazio espositivo, conosciamoci di persona e scopri come possiamo affiancarti nella costruzione di un futuro digitale, solido e protetto per la tua attivit\u00e0<\/p>\n\n\n\n<div style=\"height:30px\" aria-hidden=\"true\" class=\"wp-block-spacer\"><\/div>\n\n\n\n<p class=\"has-text-align-center\"><strong>Per entrare in contatto con i nostri specialisti:<\/strong><\/p>\n\n\n\n<div class=\"wp-block-buttons is-content-justification-center is-layout-flex wp-container-core-buttons-is-layout-16018d1d wp-block-buttons-is-layout-flex\">\n<div class=\"wp-block-button\"><a class=\"wp-block-button__link has-white-color has-text-color has-background has-link-color has-medium-font-size has-custom-font-size wp-element-button\" href=\"tel:+39035204461\" style=\"border-radius:20px;background-color:#439f36\">Chiamaci<\/a><\/div>\n\n\n\n<div class=\"wp-block-button\"><a class=\"wp-block-button__link has-white-color has-text-color has-background has-link-color has-medium-font-size has-custom-font-size wp-element-button\" href=\"mailto:servizicloud@planetel.it\" style=\"border-radius:20px;background-color:#439f36\">Scrivici<\/a><\/div>\n<\/div>\n\n\n\n<p><strong><br><\/strong><\/p>\n","protected":false},"excerpt":{"rendered":"<p>Sicurezza ICT Padova: soluzioni per la trasformazione digitale delle aziende Il prossimo 18 giugno 2025 parteciperemo come Gruppo Planetel al convegno Sicurezza ICT Padova 2025, una delle tappe pi\u00f9 rilevanti del tour nazionale organizzato da Soiel International dedicato alla cybersecurity, al cloud e alla trasformazione digitale. L\u2019evento si svolger\u00e0 al Four Points by Sheraton Padova [&hellip;]<\/p>\n","protected":false},"author":4,"featured_media":65269,"comment_status":"closed","ping_status":"closed","sticky":false,"template":"","format":"standard","meta":{"_acf_changed":false,"footnotes":""},"categories":[691,698,717,718,719,723],"tags":[937,358,364,384,421],"service_category":[313],"class_list":["post-65259","post","type-post","status-publish","format-standard","has-post-thumbnail","hentry","category-telecomunicazioni","category-servizi-it-cloud","category-attivita-commerciali","category-medie-e-grandi-imprese","category-pubblica-amministrazione","category-il-gruppo","tag-ict-padova","tag-planetel","tag-cloud","tag-cybersecurity","tag-connettivita","service_category-servizi-it-cloud"],"acf":[],"yoast_head":"<!-- This site is optimized with the Yoast SEO plugin v27.3 - https:\/\/yoast.com\/product\/yoast-seo-wordpress\/ -->\n<title>Il Gruppo Planetel al Sicurezza ICT Padova 2025<\/title>\n<meta name=\"description\" content=\"Il 18 giugno vieni a trovarci al Sicurezza ICT Padova 2025. Scopri le nostre soluzioni cloud, cybersecurity e IT per la tua attivit\u00e0.\" \/>\n<meta name=\"robots\" content=\"index, follow, max-snippet:-1, max-image-preview:large, max-video-preview:-1\" \/>\n<link rel=\"canonical\" href=\"https:\/\/www.planetel.it\/en\/2025\/06\/il-gruppo-planetel-al-sicurezza-ict-padova-2025-con-planetel-cloud\/\" \/>\n<meta property=\"og:locale\" content=\"en_US\" \/>\n<meta property=\"og:type\" content=\"article\" \/>\n<meta property=\"og:title\" content=\"Il Gruppo Planetel al Sicurezza ICT Padova 2025\" \/>\n<meta property=\"og:description\" content=\"Il 18 giugno vieni a trovarci al Sicurezza ICT Padova 2025. Scopri le nostre soluzioni cloud, cybersecurity e IT per la tua attivit\u00e0.\" \/>\n<meta property=\"og:url\" content=\"https:\/\/www.planetel.it\/en\/2025\/06\/il-gruppo-planetel-al-sicurezza-ict-padova-2025-con-planetel-cloud\/\" \/>\n<meta property=\"og:site_name\" content=\"Planetel\" \/>\n<meta property=\"article:publisher\" content=\"https:\/\/www.facebook.com\/planetelspa\" \/>\n<meta property=\"article:published_time\" content=\"2025-06-16T06:30:00+00:00\" \/>\n<meta property=\"og:image\" content=\"https:\/\/www.planetel.it\/wp-content\/uploads\/2025\/06\/Sicurezza-ICT-Padova_Copertina.png\" \/>\n\t<meta property=\"og:image:width\" content=\"1200\" \/>\n\t<meta property=\"og:image:height\" content=\"630\" \/>\n\t<meta property=\"og:image:type\" content=\"image\/png\" \/>\n<meta name=\"twitter:card\" content=\"summary_large_image\" \/>\n<meta name=\"twitter:label1\" content=\"Written by\" \/>\n\t<meta name=\"twitter:data1\" content=\"Andrea Brumana\" \/>\n\t<meta name=\"twitter:label2\" content=\"Est. reading time\" \/>\n\t<meta name=\"twitter:data2\" content=\"4 minutes\" \/>\n<script type=\"application\/ld+json\" class=\"yoast-schema-graph\">{\"@context\":\"https:\\\/\\\/schema.org\",\"@graph\":[{\"@type\":\"Article\",\"@id\":\"https:\\\/\\\/www.planetel.it\\\/en\\\/2025\\\/06\\\/il-gruppo-planetel-al-sicurezza-ict-padova-2025-con-planetel-cloud\\\/#article\",\"isPartOf\":{\"@id\":\"https:\\\/\\\/www.planetel.it\\\/en\\\/2025\\\/06\\\/il-gruppo-planetel-al-sicurezza-ict-padova-2025-con-planetel-cloud\\\/\"},\"author\":{\"name\":\"Andrea Brumana\",\"@id\":\"https:\\\/\\\/www.planetel.it\\\/en\\\/#\\\/schema\\\/person\\\/8e74703d23ff222042246a845bb004fa\"},\"headline\":\"Il Gruppo Planetel al Sicurezza ICT Padova 2025 con Planetel.Cloud\",\"datePublished\":\"2025-06-16T06:30:00+00:00\",\"mainEntityOfPage\":{\"@id\":\"https:\\\/\\\/www.planetel.it\\\/en\\\/2025\\\/06\\\/il-gruppo-planetel-al-sicurezza-ict-padova-2025-con-planetel-cloud\\\/\"},\"wordCount\":575,\"publisher\":{\"@id\":\"https:\\\/\\\/www.planetel.it\\\/en\\\/#organization\"},\"image\":{\"@id\":\"https:\\\/\\\/www.planetel.it\\\/en\\\/2025\\\/06\\\/il-gruppo-planetel-al-sicurezza-ict-padova-2025-con-planetel-cloud\\\/#primaryimage\"},\"thumbnailUrl\":\"https:\\\/\\\/www.planetel.it\\\/wp-content\\\/uploads\\\/2025\\\/06\\\/Sicurezza-ICT-Padova_Copertina.png\",\"keywords\":[\"ICT Padova\",\"Planetel\",\"cloud\",\"cybersecurity\",\"connettivit\u00e0\"],\"articleSection\":[\"Telecomunicazioni\",\"Servizi IT &amp; Cloud\",\"Attivit\u00e0 commerciali\",\"Medie e grandi Imprese\",\"Pubblica Amministrazione\",\"Il gruppo\"],\"inLanguage\":\"en-US\"},{\"@type\":\"WebPage\",\"@id\":\"https:\\\/\\\/www.planetel.it\\\/en\\\/2025\\\/06\\\/il-gruppo-planetel-al-sicurezza-ict-padova-2025-con-planetel-cloud\\\/\",\"url\":\"https:\\\/\\\/www.planetel.it\\\/en\\\/2025\\\/06\\\/il-gruppo-planetel-al-sicurezza-ict-padova-2025-con-planetel-cloud\\\/\",\"name\":\"Il Gruppo Planetel al Sicurezza ICT Padova 2025\",\"isPartOf\":{\"@id\":\"https:\\\/\\\/www.planetel.it\\\/en\\\/#website\"},\"primaryImageOfPage\":{\"@id\":\"https:\\\/\\\/www.planetel.it\\\/en\\\/2025\\\/06\\\/il-gruppo-planetel-al-sicurezza-ict-padova-2025-con-planetel-cloud\\\/#primaryimage\"},\"image\":{\"@id\":\"https:\\\/\\\/www.planetel.it\\\/en\\\/2025\\\/06\\\/il-gruppo-planetel-al-sicurezza-ict-padova-2025-con-planetel-cloud\\\/#primaryimage\"},\"thumbnailUrl\":\"https:\\\/\\\/www.planetel.it\\\/wp-content\\\/uploads\\\/2025\\\/06\\\/Sicurezza-ICT-Padova_Copertina.png\",\"datePublished\":\"2025-06-16T06:30:00+00:00\",\"description\":\"Il 18 giugno vieni a trovarci al Sicurezza ICT Padova 2025. Scopri le nostre soluzioni cloud, cybersecurity e IT per la tua attivit\u00e0.\",\"breadcrumb\":{\"@id\":\"https:\\\/\\\/www.planetel.it\\\/en\\\/2025\\\/06\\\/il-gruppo-planetel-al-sicurezza-ict-padova-2025-con-planetel-cloud\\\/#breadcrumb\"},\"inLanguage\":\"en-US\",\"potentialAction\":[{\"@type\":\"ReadAction\",\"target\":[\"https:\\\/\\\/www.planetel.it\\\/en\\\/2025\\\/06\\\/il-gruppo-planetel-al-sicurezza-ict-padova-2025-con-planetel-cloud\\\/\"]}]},{\"@type\":\"ImageObject\",\"inLanguage\":\"en-US\",\"@id\":\"https:\\\/\\\/www.planetel.it\\\/en\\\/2025\\\/06\\\/il-gruppo-planetel-al-sicurezza-ict-padova-2025-con-planetel-cloud\\\/#primaryimage\",\"url\":\"https:\\\/\\\/www.planetel.it\\\/wp-content\\\/uploads\\\/2025\\\/06\\\/Sicurezza-ICT-Padova_Copertina.png\",\"contentUrl\":\"https:\\\/\\\/www.planetel.it\\\/wp-content\\\/uploads\\\/2025\\\/06\\\/Sicurezza-ICT-Padova_Copertina.png\",\"width\":1200,\"height\":630,\"caption\":\"Sicurezza ICT Padova\"},{\"@type\":\"BreadcrumbList\",\"@id\":\"https:\\\/\\\/www.planetel.it\\\/en\\\/2025\\\/06\\\/il-gruppo-planetel-al-sicurezza-ict-padova-2025-con-planetel-cloud\\\/#breadcrumb\",\"itemListElement\":[{\"@type\":\"ListItem\",\"position\":1,\"name\":\"Home\",\"item\":\"https:\\\/\\\/www.planetel.it\\\/en\\\/\"},{\"@type\":\"ListItem\",\"position\":2,\"name\":\"Servizi\",\"item\":\"https:\\\/\\\/www.planetel.it\\\/news\\\/blog\\\/categoria\\\/servizi\\\/\"},{\"@type\":\"ListItem\",\"position\":3,\"name\":\"Servizi IT &amp; Cloud\",\"item\":\"https:\\\/\\\/www.planetel.it\\\/news\\\/blog\\\/categoria\\\/servizi-it-cloud\\\/\"},{\"@type\":\"ListItem\",\"position\":4,\"name\":\"Il Gruppo Planetel al Sicurezza ICT Padova 2025 con Planetel.Cloud\"}]},{\"@type\":\"WebSite\",\"@id\":\"https:\\\/\\\/www.planetel.it\\\/en\\\/#website\",\"url\":\"https:\\\/\\\/www.planetel.it\\\/en\\\/\",\"name\":\"Planetel\",\"description\":\"Pi\u00f9 che una connessione\",\"publisher\":{\"@id\":\"https:\\\/\\\/www.planetel.it\\\/en\\\/#organization\"},\"potentialAction\":[{\"@type\":\"SearchAction\",\"target\":{\"@type\":\"EntryPoint\",\"urlTemplate\":\"https:\\\/\\\/www.planetel.it\\\/en\\\/?s={search_term_string}\"},\"query-input\":{\"@type\":\"PropertyValueSpecification\",\"valueRequired\":true,\"valueName\":\"search_term_string\"}}],\"inLanguage\":\"en-US\"},{\"@type\":\"Organization\",\"@id\":\"https:\\\/\\\/www.planetel.it\\\/en\\\/#organization\",\"name\":\"Planetel S.p.A.\",\"url\":\"https:\\\/\\\/www.planetel.it\\\/en\\\/\",\"logo\":{\"@type\":\"ImageObject\",\"inLanguage\":\"en-US\",\"@id\":\"https:\\\/\\\/www.planetel.it\\\/en\\\/#\\\/schema\\\/logo\\\/image\\\/\",\"url\":\"https:\\\/\\\/www.planetel.it\\\/wp-content\\\/uploads\\\/2024\\\/04\\\/logo-group-planetel.svg\",\"contentUrl\":\"https:\\\/\\\/www.planetel.it\\\/wp-content\\\/uploads\\\/2024\\\/04\\\/logo-group-planetel.svg\",\"width\":1,\"height\":1,\"caption\":\"Planetel S.p.A.\"},\"image\":{\"@id\":\"https:\\\/\\\/www.planetel.it\\\/en\\\/#\\\/schema\\\/logo\\\/image\\\/\"},\"sameAs\":[\"https:\\\/\\\/www.facebook.com\\\/planetelspa\",\"https:\\\/\\\/www.linkedin.com\\\/company\\\/planetel\",\"https:\\\/\\\/www.instagram.com\\\/planetelspa\"]},{\"@type\":\"Person\",\"@id\":\"https:\\\/\\\/www.planetel.it\\\/en\\\/#\\\/schema\\\/person\\\/8e74703d23ff222042246a845bb004fa\",\"name\":\"Andrea Brumana\",\"image\":{\"@type\":\"ImageObject\",\"inLanguage\":\"en-US\",\"@id\":\"https:\\\/\\\/secure.gravatar.com\\\/avatar\\\/9a839884f24513d8bf063a907c74d8d2483fb1c4bbbf7cf7222c3e08581e4219?s=96&d=mm&r=g\",\"url\":\"https:\\\/\\\/secure.gravatar.com\\\/avatar\\\/9a839884f24513d8bf063a907c74d8d2483fb1c4bbbf7cf7222c3e08581e4219?s=96&d=mm&r=g\",\"contentUrl\":\"https:\\\/\\\/secure.gravatar.com\\\/avatar\\\/9a839884f24513d8bf063a907c74d8d2483fb1c4bbbf7cf7222c3e08581e4219?s=96&d=mm&r=g\",\"caption\":\"Andrea Brumana\"},\"url\":\"https:\\\/\\\/www.planetel.it\\\/en\\\/author\\\/a-brumana\\\/\"}]}<\/script>\n<!-- \/ Yoast SEO plugin. -->","yoast_head_json":{"title":"Il Gruppo Planetel al Sicurezza ICT Padova 2025","description":"Il 18 giugno vieni a trovarci al Sicurezza ICT Padova 2025. Scopri le nostre soluzioni cloud, cybersecurity e IT per la tua attivit\u00e0.","robots":{"index":"index","follow":"follow","max-snippet":"max-snippet:-1","max-image-preview":"max-image-preview:large","max-video-preview":"max-video-preview:-1"},"canonical":"https:\/\/www.planetel.it\/en\/2025\/06\/il-gruppo-planetel-al-sicurezza-ict-padova-2025-con-planetel-cloud\/","og_locale":"en_US","og_type":"article","og_title":"Il Gruppo Planetel al Sicurezza ICT Padova 2025","og_description":"Il 18 giugno vieni a trovarci al Sicurezza ICT Padova 2025. Scopri le nostre soluzioni cloud, cybersecurity e IT per la tua attivit\u00e0.","og_url":"https:\/\/www.planetel.it\/en\/2025\/06\/il-gruppo-planetel-al-sicurezza-ict-padova-2025-con-planetel-cloud\/","og_site_name":"Planetel","article_publisher":"https:\/\/www.facebook.com\/planetelspa","article_published_time":"2025-06-16T06:30:00+00:00","og_image":[{"width":1200,"height":630,"url":"https:\/\/www.planetel.it\/wp-content\/uploads\/2025\/06\/Sicurezza-ICT-Padova_Copertina.png","type":"image\/png"}],"twitter_card":"summary_large_image","twitter_misc":{"Written by":"Andrea Brumana","Est. reading time":"4 minutes"},"schema":{"@context":"https:\/\/schema.org","@graph":[{"@type":"Article","@id":"https:\/\/www.planetel.it\/en\/2025\/06\/il-gruppo-planetel-al-sicurezza-ict-padova-2025-con-planetel-cloud\/#article","isPartOf":{"@id":"https:\/\/www.planetel.it\/en\/2025\/06\/il-gruppo-planetel-al-sicurezza-ict-padova-2025-con-planetel-cloud\/"},"author":{"name":"Andrea Brumana","@id":"https:\/\/www.planetel.it\/en\/#\/schema\/person\/8e74703d23ff222042246a845bb004fa"},"headline":"Il Gruppo Planetel al Sicurezza ICT Padova 2025 con Planetel.Cloud","datePublished":"2025-06-16T06:30:00+00:00","mainEntityOfPage":{"@id":"https:\/\/www.planetel.it\/en\/2025\/06\/il-gruppo-planetel-al-sicurezza-ict-padova-2025-con-planetel-cloud\/"},"wordCount":575,"publisher":{"@id":"https:\/\/www.planetel.it\/en\/#organization"},"image":{"@id":"https:\/\/www.planetel.it\/en\/2025\/06\/il-gruppo-planetel-al-sicurezza-ict-padova-2025-con-planetel-cloud\/#primaryimage"},"thumbnailUrl":"https:\/\/www.planetel.it\/wp-content\/uploads\/2025\/06\/Sicurezza-ICT-Padova_Copertina.png","keywords":["ICT Padova","Planetel","cloud","cybersecurity","connettivit\u00e0"],"articleSection":["Telecomunicazioni","Servizi IT &amp; Cloud","Attivit\u00e0 commerciali","Medie e grandi Imprese","Pubblica Amministrazione","Il gruppo"],"inLanguage":"en-US"},{"@type":"WebPage","@id":"https:\/\/www.planetel.it\/en\/2025\/06\/il-gruppo-planetel-al-sicurezza-ict-padova-2025-con-planetel-cloud\/","url":"https:\/\/www.planetel.it\/en\/2025\/06\/il-gruppo-planetel-al-sicurezza-ict-padova-2025-con-planetel-cloud\/","name":"Il Gruppo Planetel al Sicurezza ICT Padova 2025","isPartOf":{"@id":"https:\/\/www.planetel.it\/en\/#website"},"primaryImageOfPage":{"@id":"https:\/\/www.planetel.it\/en\/2025\/06\/il-gruppo-planetel-al-sicurezza-ict-padova-2025-con-planetel-cloud\/#primaryimage"},"image":{"@id":"https:\/\/www.planetel.it\/en\/2025\/06\/il-gruppo-planetel-al-sicurezza-ict-padova-2025-con-planetel-cloud\/#primaryimage"},"thumbnailUrl":"https:\/\/www.planetel.it\/wp-content\/uploads\/2025\/06\/Sicurezza-ICT-Padova_Copertina.png","datePublished":"2025-06-16T06:30:00+00:00","description":"Il 18 giugno vieni a trovarci al Sicurezza ICT Padova 2025. Scopri le nostre soluzioni cloud, cybersecurity e IT per la tua attivit\u00e0.","breadcrumb":{"@id":"https:\/\/www.planetel.it\/en\/2025\/06\/il-gruppo-planetel-al-sicurezza-ict-padova-2025-con-planetel-cloud\/#breadcrumb"},"inLanguage":"en-US","potentialAction":[{"@type":"ReadAction","target":["https:\/\/www.planetel.it\/en\/2025\/06\/il-gruppo-planetel-al-sicurezza-ict-padova-2025-con-planetel-cloud\/"]}]},{"@type":"ImageObject","inLanguage":"en-US","@id":"https:\/\/www.planetel.it\/en\/2025\/06\/il-gruppo-planetel-al-sicurezza-ict-padova-2025-con-planetel-cloud\/#primaryimage","url":"https:\/\/www.planetel.it\/wp-content\/uploads\/2025\/06\/Sicurezza-ICT-Padova_Copertina.png","contentUrl":"https:\/\/www.planetel.it\/wp-content\/uploads\/2025\/06\/Sicurezza-ICT-Padova_Copertina.png","width":1200,"height":630,"caption":"Sicurezza ICT Padova"},{"@type":"BreadcrumbList","@id":"https:\/\/www.planetel.it\/en\/2025\/06\/il-gruppo-planetel-al-sicurezza-ict-padova-2025-con-planetel-cloud\/#breadcrumb","itemListElement":[{"@type":"ListItem","position":1,"name":"Home","item":"https:\/\/www.planetel.it\/en\/"},{"@type":"ListItem","position":2,"name":"Servizi","item":"https:\/\/www.planetel.it\/news\/blog\/categoria\/servizi\/"},{"@type":"ListItem","position":3,"name":"Servizi IT &amp; Cloud","item":"https:\/\/www.planetel.it\/news\/blog\/categoria\/servizi-it-cloud\/"},{"@type":"ListItem","position":4,"name":"Il Gruppo Planetel al Sicurezza ICT Padova 2025 con Planetel.Cloud"}]},{"@type":"WebSite","@id":"https:\/\/www.planetel.it\/en\/#website","url":"https:\/\/www.planetel.it\/en\/","name":"Planetel","description":"Pi\u00f9 che una connessione","publisher":{"@id":"https:\/\/www.planetel.it\/en\/#organization"},"potentialAction":[{"@type":"SearchAction","target":{"@type":"EntryPoint","urlTemplate":"https:\/\/www.planetel.it\/en\/?s={search_term_string}"},"query-input":{"@type":"PropertyValueSpecification","valueRequired":true,"valueName":"search_term_string"}}],"inLanguage":"en-US"},{"@type":"Organization","@id":"https:\/\/www.planetel.it\/en\/#organization","name":"Planetel S.p.A.","url":"https:\/\/www.planetel.it\/en\/","logo":{"@type":"ImageObject","inLanguage":"en-US","@id":"https:\/\/www.planetel.it\/en\/#\/schema\/logo\/image\/","url":"https:\/\/www.planetel.it\/wp-content\/uploads\/2024\/04\/logo-group-planetel.svg","contentUrl":"https:\/\/www.planetel.it\/wp-content\/uploads\/2024\/04\/logo-group-planetel.svg","width":1,"height":1,"caption":"Planetel S.p.A."},"image":{"@id":"https:\/\/www.planetel.it\/en\/#\/schema\/logo\/image\/"},"sameAs":["https:\/\/www.facebook.com\/planetelspa","https:\/\/www.linkedin.com\/company\/planetel","https:\/\/www.instagram.com\/planetelspa"]},{"@type":"Person","@id":"https:\/\/www.planetel.it\/en\/#\/schema\/person\/8e74703d23ff222042246a845bb004fa","name":"Andrea Brumana","image":{"@type":"ImageObject","inLanguage":"en-US","@id":"https:\/\/secure.gravatar.com\/avatar\/9a839884f24513d8bf063a907c74d8d2483fb1c4bbbf7cf7222c3e08581e4219?s=96&d=mm&r=g","url":"https:\/\/secure.gravatar.com\/avatar\/9a839884f24513d8bf063a907c74d8d2483fb1c4bbbf7cf7222c3e08581e4219?s=96&d=mm&r=g","contentUrl":"https:\/\/secure.gravatar.com\/avatar\/9a839884f24513d8bf063a907c74d8d2483fb1c4bbbf7cf7222c3e08581e4219?s=96&d=mm&r=g","caption":"Andrea Brumana"},"url":"https:\/\/www.planetel.it\/en\/author\/a-brumana\/"}]}},"_links":{"self":[{"href":"https:\/\/www.planetel.it\/en\/wp-json\/wp\/v2\/posts\/65259","targetHints":{"allow":["GET"]}}],"collection":[{"href":"https:\/\/www.planetel.it\/en\/wp-json\/wp\/v2\/posts"}],"about":[{"href":"https:\/\/www.planetel.it\/en\/wp-json\/wp\/v2\/types\/post"}],"author":[{"embeddable":true,"href":"https:\/\/www.planetel.it\/en\/wp-json\/wp\/v2\/users\/4"}],"replies":[{"embeddable":true,"href":"https:\/\/www.planetel.it\/en\/wp-json\/wp\/v2\/comments?post=65259"}],"version-history":[{"count":4,"href":"https:\/\/www.planetel.it\/en\/wp-json\/wp\/v2\/posts\/65259\/revisions"}],"predecessor-version":[{"id":65263,"href":"https:\/\/www.planetel.it\/en\/wp-json\/wp\/v2\/posts\/65259\/revisions\/65263"}],"wp:featuredmedia":[{"embeddable":true,"href":"https:\/\/www.planetel.it\/en\/wp-json\/wp\/v2\/media\/65269"}],"wp:attachment":[{"href":"https:\/\/www.planetel.it\/en\/wp-json\/wp\/v2\/media?parent=65259"}],"wp:term":[{"taxonomy":"category","embeddable":true,"href":"https:\/\/www.planetel.it\/en\/wp-json\/wp\/v2\/categories?post=65259"},{"taxonomy":"post_tag","embeddable":true,"href":"https:\/\/www.planetel.it\/en\/wp-json\/wp\/v2\/tags?post=65259"},{"taxonomy":"service_category","embeddable":true,"href":"https:\/\/www.planetel.it\/en\/wp-json\/wp\/v2\/service_category?post=65259"}],"curies":[{"name":"wp","href":"https:\/\/api.w.org\/{rel}","templated":true}]}}