{"id":65264,"date":"2025-06-18T08:30:00","date_gmt":"2025-06-18T06:30:00","guid":{"rendered":"https:\/\/www.planetel.it\/?p=65264"},"modified":"2025-07-07T12:06:57","modified_gmt":"2025-07-07T10:06:57","slug":"coppa-planetel-2025-al-via-la-5a-edizione-al-golf-bogliaco","status":"publish","type":"post","link":"https:\/\/www.planetel.it\/en\/2025\/06\/coppa-planetel-2025-al-via-la-5a-edizione-al-golf-bogliaco\/","title":{"rendered":"Coppa Planetel 2025: al via la 5\u00aa edizione al Golf Bogliaco"},"content":{"rendered":"\n<figure class=\"wp-block-gallery has-nested-images columns-default is-cropped wp-block-gallery-1 is-layout-flex wp-block-gallery-is-layout-flex\">\n<figure class=\"wp-block-image size-large\"><img loading=\"lazy\" decoding=\"async\" width=\"1536\" height=\"2048\" data-id=\"66544\" src=\"https:\/\/www.planetel.it\/wp-content\/uploads\/2025\/06\/Golf-4.jpeg\" alt=\"\" class=\"wp-image-66544\" srcset=\"https:\/\/www.planetel.it\/wp-content\/uploads\/2025\/06\/Golf-4.jpeg 1536w, https:\/\/www.planetel.it\/wp-content\/uploads\/2025\/06\/Golf-4-500x667.jpeg 500w\" sizes=\"auto, (max-width: 1536px) 100vw, 1536px\" \/><\/figure>\n\n\n\n<figure class=\"wp-block-image size-full\"><img loading=\"lazy\" decoding=\"async\" width=\"1536\" height=\"2048\" data-id=\"66542\" src=\"https:\/\/www.planetel.it\/wp-content\/uploads\/2025\/06\/Golf-5.jpeg\" alt=\"\" class=\"wp-image-66542\" srcset=\"https:\/\/www.planetel.it\/wp-content\/uploads\/2025\/06\/Golf-5.jpeg 1536w, https:\/\/www.planetel.it\/wp-content\/uploads\/2025\/06\/Golf-5-500x667.jpeg 500w\" sizes=\"auto, (max-width: 1536px) 100vw, 1536px\" \/><\/figure>\n\n\n\n<figure class=\"wp-block-image size-large\"><img loading=\"lazy\" decoding=\"async\" width=\"1536\" height=\"2048\" data-id=\"66543\" src=\"https:\/\/www.planetel.it\/wp-content\/uploads\/2025\/06\/Golf-3.jpeg\" alt=\"\" class=\"wp-image-66543\" srcset=\"https:\/\/www.planetel.it\/wp-content\/uploads\/2025\/06\/Golf-3.jpeg 1536w, https:\/\/www.planetel.it\/wp-content\/uploads\/2025\/06\/Golf-3-500x667.jpeg 500w\" sizes=\"auto, (max-width: 1536px) 100vw, 1536px\" \/><\/figure>\n<\/figure>\n\n\n\n<div style=\"height:30px\" aria-hidden=\"true\" class=\"wp-block-spacer\"><\/div>\n\n\n\n<p><strong>Sabato 21 giugno<\/strong> torna l\u2019appuntamento atteso dagli amanti del green: la <strong>Coppa Planetel<\/strong>. Il torneo di golf, giunto alla sua quinta edizione, si svolger\u00e0 nella splendida cornice del Golf Bogliaco, affacciato sul Lago di Garda, e anche quest\u2019anno promette una giornata di sport e convivialit\u00e0, in una dinamica di <strong>attenzione e valorizzazione del territorio<\/strong> tipica di Planetel.<\/p>\n\n\n\n<div style=\"height:30px\" aria-hidden=\"true\" class=\"wp-block-spacer\"><\/div>\n\n\n<h2 class=\"wp-block-heading\" id=\"coppa-planetel-una-gara-tra-natura-tecnologia-e-passione-sportiva\">Coppa Planetel: una gara tra natura, tecnologia e passione sportiva<\/h2>\n\n\n<p>La Coppa Planetel \u00e8 un torneo singolo su 18 buche Stableford, suddiviso in 3 categorie, con la formula di gara su un solo giro. Dopo l\u2019ottima partecipazione degli anni precedenti, Planetel rinnova l\u2019impegno nel sostenere questo evento sportivo, che \u00e8 diventato un simbolo <strong>del legame tra l\u2019azienda, il territorio e i valori dello sport<\/strong>.<\/p>\n\n\n\n<div style=\"height:30px\" aria-hidden=\"true\" class=\"wp-block-spacer\"><\/div>\n\n\n<h3 class=\"wp-block-heading\" id=\"la-coppa-planetel-nella-location-mozzafiato-del-golf-bogliaco\">La Coppa Planetel nella location mozzafiato del Golf Bogliaco<\/h3>\n\n\n<p>L\u2019evento si svolger\u00e0 presso il suggestivo Golf Bogliaco di Toscolano Maderno (BS), un circolo storico immerso in una conca verde tra le colline gardesane. Con il campo che si affaccia direttamente sul lago, i partecipanti potranno godere di una giornata di golf all\u2019insegna di panorami mozzafiato, ospitalit\u00e0 e qualit\u00e0 tecnica.<\/p>\n\n\n\n<div style=\"height:30px\" aria-hidden=\"true\" class=\"wp-block-spacer\"><\/div>\n\n\n<h2 class=\"wp-block-heading\" id=\"planetel-scende-in-campo\">Planetel scende in campo <\/h2>\n\n\n<p>Anche quest\u2019anno, Planetel sar\u00e0 ovviamente presente durante l\u2019intera giornata per accogliere i partecipanti e dialogare con tutti gli interessati. I nostri professionisti saranno a disposizione per raccontare l\u2019evoluzione dei nostri servizi e le <strong>soluzioni dedicate a privati e imprese<\/strong>: <a href=\"https:\/\/www.planetel.it\/servizi\/telecomunicazioni\/connettivita-fibra-ottica\/\" target=\"_blank\" rel=\"noreferrer noopener\">fibra ottica ultraveloce<\/a>, <a href=\"https:\/\/www.planetel.it\/servizi\/servizi-it-cloud\/servizi-cloud\/\" target=\"_blank\" rel=\"noreferrer noopener\">servizi cloud<\/a>, <a href=\"https:\/\/www.planetel.it\/servizi\/servizi-it-cloud\/cybersecurity\/\" target=\"_blank\" rel=\"noreferrer noopener\">sicurezza IT<\/a> e <a href=\"https:\/\/www.planetel.it\/servizi\/servizi-it-cloud\/infrastruttura-it\/\" target=\"_blank\" rel=\"noreferrer noopener\">infrastrutture digitali<\/a>.<\/p>\n\n\n\n<p>In particolare, per quanto riguarda la connettivit\u00e0 di casa, saremo entusiasti di illustrare la nostra <a href=\"https:\/\/fibra.planetel.it\/simmetrica\/\" target=\"_blank\" rel=\"noreferrer noopener\">Offerta Fibra Simmetrica<\/a> e la nostro soluzione <a href=\"https:\/\/fibra.planetel.it\/offerte-casa\/a-consumo\/\" target=\"_blank\" rel=\"noreferrer noopener\">Day Home<\/a>. La prima consente di avere <strong>upload e download alla stessa velocit\u00e0<\/strong>, per navigare alla massima potenza sempre. La seconda \u00e8 pensata appositamente per le vacanze, fornendo una connettivit\u00e0 performante in base all&#8217;<strong>effettiva necessit\u00e0 e consumo<\/strong> del cliente. <\/p>\n\n\n\n<div style=\"height:30px\" aria-hidden=\"true\" class=\"wp-block-spacer\"><\/div>\n\n\n<h3 class=\"wp-block-heading\" id=\"perche-la-coppa-planetel-e-piu-di-un-torneo-di-golf\">Perch\u00e9 la Coppa Planetel \u00e8 pi\u00f9 di un torneo di golf<\/h3>\n\n\n<p>La Coppa Planetel rappresenta l\u2019impegno concreto dell\u2019azienda nel sostenere il territorio gardesano, valorizzando iniziative locali e rafforzando una presenza che si concretizza anche attraverso investimenti in infrastrutture digitali. Il nostro obiettivo? Portare sempre pi\u00f9 <strong>comuni connessi alla nostra rete proprietaria<\/strong>, <strong>con soluzioni tecnologiche all\u2019avanguardia<\/strong>. Ma non solo: Planetel crede fermamente nei valori dello sport e nella sostenibilit\u00e0. Partecipare alla Coppa Planetel significa condividere questi valori e contribuire a un modo pi\u00f9 consapevole di vivere il territorio e l\u2019innovazione.<\/p>\n\n\n\n<p><\/p>\n","protected":false},"excerpt":{"rendered":"<p>Sabato 21 giugno torna l\u2019appuntamento atteso dagli amanti del green: la Coppa Planetel. Il torneo di golf, giunto alla sua quinta edizione, si svolger\u00e0 nella splendida cornice del Golf Bogliaco, affacciato sul Lago di Garda, e anche quest\u2019anno promette una giornata di sport e convivialit\u00e0, in una dinamica di attenzione e valorizzazione del territorio tipica [&hellip;]<\/p>\n","protected":false},"author":4,"featured_media":65456,"comment_status":"closed","ping_status":"closed","sticky":false,"template":"","format":"standard","meta":{"_acf_changed":false,"footnotes":""},"categories":[729],"tags":[358,420,483],"service_category":[],"class_list":["post-65264","post","type-post","status-publish","format-standard","has-post-thumbnail","hentry","category-sponsorizzazioni","tag-planetel","tag-sponsorizzazione","tag-coppa-planetel"],"acf":[],"yoast_head":"<!-- This site is optimized with the Yoast SEO plugin v27.3 - https:\/\/yoast.com\/product\/yoast-seo-wordpress\/ -->\n<title>Coppa Planetel 2025: al via la 5\u00aa edizione al Golf Bogliaco<\/title>\n<meta name=\"description\" content=\"Sabato 21 giugno torna la Coppa Planetel: sport, territorio e innovazione in una giornata speciale sul Lago di Garda.\" \/>\n<meta name=\"robots\" content=\"index, follow, max-snippet:-1, max-image-preview:large, max-video-preview:-1\" \/>\n<link rel=\"canonical\" href=\"https:\/\/www.planetel.it\/en\/2025\/06\/coppa-planetel-2025-al-via-la-5a-edizione-al-golf-bogliaco\/\" \/>\n<meta property=\"og:locale\" content=\"en_US\" \/>\n<meta property=\"og:type\" content=\"article\" \/>\n<meta property=\"og:title\" content=\"Coppa Planetel 2025: al via la 5\u00aa edizione al Golf Bogliaco\" \/>\n<meta property=\"og:description\" content=\"Sabato 21 giugno torna la Coppa Planetel: sport, territorio e innovazione in una giornata speciale sul Lago di Garda.\" \/>\n<meta property=\"og:url\" content=\"https:\/\/www.planetel.it\/en\/2025\/06\/coppa-planetel-2025-al-via-la-5a-edizione-al-golf-bogliaco\/\" \/>\n<meta property=\"og:site_name\" content=\"Planetel\" \/>\n<meta property=\"article:publisher\" content=\"https:\/\/www.facebook.com\/planetelspa\" \/>\n<meta property=\"article:published_time\" content=\"2025-06-18T06:30:00+00:00\" \/>\n<meta property=\"article:modified_time\" content=\"2025-07-07T10:06:57+00:00\" \/>\n<meta property=\"og:image\" content=\"https:\/\/www.planetel.it\/wp-content\/uploads\/2025\/06\/banner_1200x627_5.png\" \/>\n\t<meta property=\"og:image:width\" content=\"1200\" \/>\n\t<meta property=\"og:image:height\" content=\"630\" \/>\n\t<meta property=\"og:image:type\" content=\"image\/png\" \/>\n<meta name=\"twitter:card\" content=\"summary_large_image\" \/>\n<meta name=\"twitter:label1\" content=\"Written by\" \/>\n\t<meta name=\"twitter:data1\" content=\"Andrea Brumana\" \/>\n\t<meta name=\"twitter:label2\" content=\"Est. reading time\" \/>\n\t<meta name=\"twitter:data2\" content=\"3 minutes\" \/>\n<script type=\"application\/ld+json\" class=\"yoast-schema-graph\">{\"@context\":\"https:\\\/\\\/schema.org\",\"@graph\":[{\"@type\":\"Article\",\"@id\":\"https:\\\/\\\/www.planetel.it\\\/en\\\/2025\\\/06\\\/coppa-planetel-2025-al-via-la-5a-edizione-al-golf-bogliaco\\\/#article\",\"isPartOf\":{\"@id\":\"https:\\\/\\\/www.planetel.it\\\/en\\\/2025\\\/06\\\/coppa-planetel-2025-al-via-la-5a-edizione-al-golf-bogliaco\\\/\"},\"author\":{\"name\":\"Andrea Brumana\",\"@id\":\"https:\\\/\\\/www.planetel.it\\\/en\\\/#\\\/schema\\\/person\\\/8e74703d23ff222042246a845bb004fa\"},\"headline\":\"Coppa Planetel 2025: al via la 5\u00aa edizione al Golf Bogliaco\",\"datePublished\":\"2025-06-18T06:30:00+00:00\",\"dateModified\":\"2025-07-07T10:06:57+00:00\",\"mainEntityOfPage\":{\"@id\":\"https:\\\/\\\/www.planetel.it\\\/en\\\/2025\\\/06\\\/coppa-planetel-2025-al-via-la-5a-edizione-al-golf-bogliaco\\\/\"},\"wordCount\":400,\"publisher\":{\"@id\":\"https:\\\/\\\/www.planetel.it\\\/en\\\/#organization\"},\"image\":{\"@id\":\"https:\\\/\\\/www.planetel.it\\\/en\\\/2025\\\/06\\\/coppa-planetel-2025-al-via-la-5a-edizione-al-golf-bogliaco\\\/#primaryimage\"},\"thumbnailUrl\":\"https:\\\/\\\/www.planetel.it\\\/wp-content\\\/uploads\\\/2025\\\/06\\\/banner_1200x627_5.png\",\"keywords\":[\"Planetel\",\"sponsorizzazione\",\"coppa planetel\"],\"articleSection\":[\"Sponsorizzazioni\"],\"inLanguage\":\"en-US\"},{\"@type\":\"WebPage\",\"@id\":\"https:\\\/\\\/www.planetel.it\\\/en\\\/2025\\\/06\\\/coppa-planetel-2025-al-via-la-5a-edizione-al-golf-bogliaco\\\/\",\"url\":\"https:\\\/\\\/www.planetel.it\\\/en\\\/2025\\\/06\\\/coppa-planetel-2025-al-via-la-5a-edizione-al-golf-bogliaco\\\/\",\"name\":\"Coppa Planetel 2025: al via la 5\u00aa edizione al Golf Bogliaco\",\"isPartOf\":{\"@id\":\"https:\\\/\\\/www.planetel.it\\\/en\\\/#website\"},\"primaryImageOfPage\":{\"@id\":\"https:\\\/\\\/www.planetel.it\\\/en\\\/2025\\\/06\\\/coppa-planetel-2025-al-via-la-5a-edizione-al-golf-bogliaco\\\/#primaryimage\"},\"image\":{\"@id\":\"https:\\\/\\\/www.planetel.it\\\/en\\\/2025\\\/06\\\/coppa-planetel-2025-al-via-la-5a-edizione-al-golf-bogliaco\\\/#primaryimage\"},\"thumbnailUrl\":\"https:\\\/\\\/www.planetel.it\\\/wp-content\\\/uploads\\\/2025\\\/06\\\/banner_1200x627_5.png\",\"datePublished\":\"2025-06-18T06:30:00+00:00\",\"dateModified\":\"2025-07-07T10:06:57+00:00\",\"description\":\"Sabato 21 giugno torna la Coppa Planetel: sport, territorio e innovazione in una giornata speciale sul Lago di Garda.\",\"breadcrumb\":{\"@id\":\"https:\\\/\\\/www.planetel.it\\\/en\\\/2025\\\/06\\\/coppa-planetel-2025-al-via-la-5a-edizione-al-golf-bogliaco\\\/#breadcrumb\"},\"inLanguage\":\"en-US\",\"potentialAction\":[{\"@type\":\"ReadAction\",\"target\":[\"https:\\\/\\\/www.planetel.it\\\/en\\\/2025\\\/06\\\/coppa-planetel-2025-al-via-la-5a-edizione-al-golf-bogliaco\\\/\"]}]},{\"@type\":\"ImageObject\",\"inLanguage\":\"en-US\",\"@id\":\"https:\\\/\\\/www.planetel.it\\\/en\\\/2025\\\/06\\\/coppa-planetel-2025-al-via-la-5a-edizione-al-golf-bogliaco\\\/#primaryimage\",\"url\":\"https:\\\/\\\/www.planetel.it\\\/wp-content\\\/uploads\\\/2025\\\/06\\\/banner_1200x627_5.png\",\"contentUrl\":\"https:\\\/\\\/www.planetel.it\\\/wp-content\\\/uploads\\\/2025\\\/06\\\/banner_1200x627_5.png\",\"width\":1200,\"height\":630,\"caption\":\"Coppa Planetel\"},{\"@type\":\"BreadcrumbList\",\"@id\":\"https:\\\/\\\/www.planetel.it\\\/en\\\/2025\\\/06\\\/coppa-planetel-2025-al-via-la-5a-edizione-al-golf-bogliaco\\\/#breadcrumb\",\"itemListElement\":[{\"@type\":\"ListItem\",\"position\":1,\"name\":\"Home\",\"item\":\"https:\\\/\\\/www.planetel.it\\\/en\\\/\"},{\"@type\":\"ListItem\",\"position\":2,\"name\":\"Azienda\",\"item\":\"https:\\\/\\\/www.planetel.it\\\/news\\\/blog\\\/categoria\\\/azienda\\\/\"},{\"@type\":\"ListItem\",\"position\":3,\"name\":\"Sponsorizzazioni\",\"item\":\"https:\\\/\\\/www.planetel.it\\\/news\\\/blog\\\/categoria\\\/sponsorizzazioni\\\/\"},{\"@type\":\"ListItem\",\"position\":4,\"name\":\"Coppa Planetel 2025: al via la 5\u00aa edizione al Golf Bogliaco\"}]},{\"@type\":\"WebSite\",\"@id\":\"https:\\\/\\\/www.planetel.it\\\/en\\\/#website\",\"url\":\"https:\\\/\\\/www.planetel.it\\\/en\\\/\",\"name\":\"Planetel\",\"description\":\"Pi\u00f9 che una connessione\",\"publisher\":{\"@id\":\"https:\\\/\\\/www.planetel.it\\\/en\\\/#organization\"},\"potentialAction\":[{\"@type\":\"SearchAction\",\"target\":{\"@type\":\"EntryPoint\",\"urlTemplate\":\"https:\\\/\\\/www.planetel.it\\\/en\\\/?s={search_term_string}\"},\"query-input\":{\"@type\":\"PropertyValueSpecification\",\"valueRequired\":true,\"valueName\":\"search_term_string\"}}],\"inLanguage\":\"en-US\"},{\"@type\":\"Organization\",\"@id\":\"https:\\\/\\\/www.planetel.it\\\/en\\\/#organization\",\"name\":\"Planetel S.p.A.\",\"url\":\"https:\\\/\\\/www.planetel.it\\\/en\\\/\",\"logo\":{\"@type\":\"ImageObject\",\"inLanguage\":\"en-US\",\"@id\":\"https:\\\/\\\/www.planetel.it\\\/en\\\/#\\\/schema\\\/logo\\\/image\\\/\",\"url\":\"https:\\\/\\\/www.planetel.it\\\/wp-content\\\/uploads\\\/2024\\\/04\\\/logo-group-planetel.svg\",\"contentUrl\":\"https:\\\/\\\/www.planetel.it\\\/wp-content\\\/uploads\\\/2024\\\/04\\\/logo-group-planetel.svg\",\"width\":1,\"height\":1,\"caption\":\"Planetel S.p.A.\"},\"image\":{\"@id\":\"https:\\\/\\\/www.planetel.it\\\/en\\\/#\\\/schema\\\/logo\\\/image\\\/\"},\"sameAs\":[\"https:\\\/\\\/www.facebook.com\\\/planetelspa\",\"https:\\\/\\\/www.linkedin.com\\\/company\\\/planetel\",\"https:\\\/\\\/www.instagram.com\\\/planetelspa\"]},{\"@type\":\"Person\",\"@id\":\"https:\\\/\\\/www.planetel.it\\\/en\\\/#\\\/schema\\\/person\\\/8e74703d23ff222042246a845bb004fa\",\"name\":\"Andrea Brumana\",\"image\":{\"@type\":\"ImageObject\",\"inLanguage\":\"en-US\",\"@id\":\"https:\\\/\\\/secure.gravatar.com\\\/avatar\\\/9a839884f24513d8bf063a907c74d8d2483fb1c4bbbf7cf7222c3e08581e4219?s=96&d=mm&r=g\",\"url\":\"https:\\\/\\\/secure.gravatar.com\\\/avatar\\\/9a839884f24513d8bf063a907c74d8d2483fb1c4bbbf7cf7222c3e08581e4219?s=96&d=mm&r=g\",\"contentUrl\":\"https:\\\/\\\/secure.gravatar.com\\\/avatar\\\/9a839884f24513d8bf063a907c74d8d2483fb1c4bbbf7cf7222c3e08581e4219?s=96&d=mm&r=g\",\"caption\":\"Andrea Brumana\"},\"url\":\"https:\\\/\\\/www.planetel.it\\\/en\\\/author\\\/a-brumana\\\/\"}]}<\/script>\n<!-- \/ Yoast SEO plugin. -->","yoast_head_json":{"title":"Coppa Planetel 2025: al via la 5\u00aa edizione al Golf Bogliaco","description":"Sabato 21 giugno torna la Coppa Planetel: sport, territorio e innovazione in una giornata speciale sul Lago di Garda.","robots":{"index":"index","follow":"follow","max-snippet":"max-snippet:-1","max-image-preview":"max-image-preview:large","max-video-preview":"max-video-preview:-1"},"canonical":"https:\/\/www.planetel.it\/en\/2025\/06\/coppa-planetel-2025-al-via-la-5a-edizione-al-golf-bogliaco\/","og_locale":"en_US","og_type":"article","og_title":"Coppa Planetel 2025: al via la 5\u00aa edizione al Golf Bogliaco","og_description":"Sabato 21 giugno torna la Coppa Planetel: sport, territorio e innovazione in una giornata speciale sul Lago di Garda.","og_url":"https:\/\/www.planetel.it\/en\/2025\/06\/coppa-planetel-2025-al-via-la-5a-edizione-al-golf-bogliaco\/","og_site_name":"Planetel","article_publisher":"https:\/\/www.facebook.com\/planetelspa","article_published_time":"2025-06-18T06:30:00+00:00","article_modified_time":"2025-07-07T10:06:57+00:00","og_image":[{"width":1200,"height":630,"url":"https:\/\/www.planetel.it\/wp-content\/uploads\/2025\/06\/banner_1200x627_5.png","type":"image\/png"}],"twitter_card":"summary_large_image","twitter_misc":{"Written by":"Andrea Brumana","Est. reading time":"3 minutes"},"schema":{"@context":"https:\/\/schema.org","@graph":[{"@type":"Article","@id":"https:\/\/www.planetel.it\/en\/2025\/06\/coppa-planetel-2025-al-via-la-5a-edizione-al-golf-bogliaco\/#article","isPartOf":{"@id":"https:\/\/www.planetel.it\/en\/2025\/06\/coppa-planetel-2025-al-via-la-5a-edizione-al-golf-bogliaco\/"},"author":{"name":"Andrea Brumana","@id":"https:\/\/www.planetel.it\/en\/#\/schema\/person\/8e74703d23ff222042246a845bb004fa"},"headline":"Coppa Planetel 2025: al via la 5\u00aa edizione al Golf Bogliaco","datePublished":"2025-06-18T06:30:00+00:00","dateModified":"2025-07-07T10:06:57+00:00","mainEntityOfPage":{"@id":"https:\/\/www.planetel.it\/en\/2025\/06\/coppa-planetel-2025-al-via-la-5a-edizione-al-golf-bogliaco\/"},"wordCount":400,"publisher":{"@id":"https:\/\/www.planetel.it\/en\/#organization"},"image":{"@id":"https:\/\/www.planetel.it\/en\/2025\/06\/coppa-planetel-2025-al-via-la-5a-edizione-al-golf-bogliaco\/#primaryimage"},"thumbnailUrl":"https:\/\/www.planetel.it\/wp-content\/uploads\/2025\/06\/banner_1200x627_5.png","keywords":["Planetel","sponsorizzazione","coppa planetel"],"articleSection":["Sponsorizzazioni"],"inLanguage":"en-US"},{"@type":"WebPage","@id":"https:\/\/www.planetel.it\/en\/2025\/06\/coppa-planetel-2025-al-via-la-5a-edizione-al-golf-bogliaco\/","url":"https:\/\/www.planetel.it\/en\/2025\/06\/coppa-planetel-2025-al-via-la-5a-edizione-al-golf-bogliaco\/","name":"Coppa Planetel 2025: al via la 5\u00aa edizione al Golf Bogliaco","isPartOf":{"@id":"https:\/\/www.planetel.it\/en\/#website"},"primaryImageOfPage":{"@id":"https:\/\/www.planetel.it\/en\/2025\/06\/coppa-planetel-2025-al-via-la-5a-edizione-al-golf-bogliaco\/#primaryimage"},"image":{"@id":"https:\/\/www.planetel.it\/en\/2025\/06\/coppa-planetel-2025-al-via-la-5a-edizione-al-golf-bogliaco\/#primaryimage"},"thumbnailUrl":"https:\/\/www.planetel.it\/wp-content\/uploads\/2025\/06\/banner_1200x627_5.png","datePublished":"2025-06-18T06:30:00+00:00","dateModified":"2025-07-07T10:06:57+00:00","description":"Sabato 21 giugno torna la Coppa Planetel: sport, territorio e innovazione in una giornata speciale sul Lago di Garda.","breadcrumb":{"@id":"https:\/\/www.planetel.it\/en\/2025\/06\/coppa-planetel-2025-al-via-la-5a-edizione-al-golf-bogliaco\/#breadcrumb"},"inLanguage":"en-US","potentialAction":[{"@type":"ReadAction","target":["https:\/\/www.planetel.it\/en\/2025\/06\/coppa-planetel-2025-al-via-la-5a-edizione-al-golf-bogliaco\/"]}]},{"@type":"ImageObject","inLanguage":"en-US","@id":"https:\/\/www.planetel.it\/en\/2025\/06\/coppa-planetel-2025-al-via-la-5a-edizione-al-golf-bogliaco\/#primaryimage","url":"https:\/\/www.planetel.it\/wp-content\/uploads\/2025\/06\/banner_1200x627_5.png","contentUrl":"https:\/\/www.planetel.it\/wp-content\/uploads\/2025\/06\/banner_1200x627_5.png","width":1200,"height":630,"caption":"Coppa Planetel"},{"@type":"BreadcrumbList","@id":"https:\/\/www.planetel.it\/en\/2025\/06\/coppa-planetel-2025-al-via-la-5a-edizione-al-golf-bogliaco\/#breadcrumb","itemListElement":[{"@type":"ListItem","position":1,"name":"Home","item":"https:\/\/www.planetel.it\/en\/"},{"@type":"ListItem","position":2,"name":"Azienda","item":"https:\/\/www.planetel.it\/news\/blog\/categoria\/azienda\/"},{"@type":"ListItem","position":3,"name":"Sponsorizzazioni","item":"https:\/\/www.planetel.it\/news\/blog\/categoria\/sponsorizzazioni\/"},{"@type":"ListItem","position":4,"name":"Coppa Planetel 2025: al via la 5\u00aa edizione al Golf Bogliaco"}]},{"@type":"WebSite","@id":"https:\/\/www.planetel.it\/en\/#website","url":"https:\/\/www.planetel.it\/en\/","name":"Planetel","description":"Pi\u00f9 che una connessione","publisher":{"@id":"https:\/\/www.planetel.it\/en\/#organization"},"potentialAction":[{"@type":"SearchAction","target":{"@type":"EntryPoint","urlTemplate":"https:\/\/www.planetel.it\/en\/?s={search_term_string}"},"query-input":{"@type":"PropertyValueSpecification","valueRequired":true,"valueName":"search_term_string"}}],"inLanguage":"en-US"},{"@type":"Organization","@id":"https:\/\/www.planetel.it\/en\/#organization","name":"Planetel S.p.A.","url":"https:\/\/www.planetel.it\/en\/","logo":{"@type":"ImageObject","inLanguage":"en-US","@id":"https:\/\/www.planetel.it\/en\/#\/schema\/logo\/image\/","url":"https:\/\/www.planetel.it\/wp-content\/uploads\/2024\/04\/logo-group-planetel.svg","contentUrl":"https:\/\/www.planetel.it\/wp-content\/uploads\/2024\/04\/logo-group-planetel.svg","width":1,"height":1,"caption":"Planetel S.p.A."},"image":{"@id":"https:\/\/www.planetel.it\/en\/#\/schema\/logo\/image\/"},"sameAs":["https:\/\/www.facebook.com\/planetelspa","https:\/\/www.linkedin.com\/company\/planetel","https:\/\/www.instagram.com\/planetelspa"]},{"@type":"Person","@id":"https:\/\/www.planetel.it\/en\/#\/schema\/person\/8e74703d23ff222042246a845bb004fa","name":"Andrea Brumana","image":{"@type":"ImageObject","inLanguage":"en-US","@id":"https:\/\/secure.gravatar.com\/avatar\/9a839884f24513d8bf063a907c74d8d2483fb1c4bbbf7cf7222c3e08581e4219?s=96&d=mm&r=g","url":"https:\/\/secure.gravatar.com\/avatar\/9a839884f24513d8bf063a907c74d8d2483fb1c4bbbf7cf7222c3e08581e4219?s=96&d=mm&r=g","contentUrl":"https:\/\/secure.gravatar.com\/avatar\/9a839884f24513d8bf063a907c74d8d2483fb1c4bbbf7cf7222c3e08581e4219?s=96&d=mm&r=g","caption":"Andrea Brumana"},"url":"https:\/\/www.planetel.it\/en\/author\/a-brumana\/"}]}},"_links":{"self":[{"href":"https:\/\/www.planetel.it\/en\/wp-json\/wp\/v2\/posts\/65264","targetHints":{"allow":["GET"]}}],"collection":[{"href":"https:\/\/www.planetel.it\/en\/wp-json\/wp\/v2\/posts"}],"about":[{"href":"https:\/\/www.planetel.it\/en\/wp-json\/wp\/v2\/types\/post"}],"author":[{"embeddable":true,"href":"https:\/\/www.planetel.it\/en\/wp-json\/wp\/v2\/users\/4"}],"replies":[{"embeddable":true,"href":"https:\/\/www.planetel.it\/en\/wp-json\/wp\/v2\/comments?post=65264"}],"version-history":[{"count":4,"href":"https:\/\/www.planetel.it\/en\/wp-json\/wp\/v2\/posts\/65264\/revisions"}],"predecessor-version":[{"id":66546,"href":"https:\/\/www.planetel.it\/en\/wp-json\/wp\/v2\/posts\/65264\/revisions\/66546"}],"wp:featuredmedia":[{"embeddable":true,"href":"https:\/\/www.planetel.it\/en\/wp-json\/wp\/v2\/media\/65456"}],"wp:attachment":[{"href":"https:\/\/www.planetel.it\/en\/wp-json\/wp\/v2\/media?parent=65264"}],"wp:term":[{"taxonomy":"category","embeddable":true,"href":"https:\/\/www.planetel.it\/en\/wp-json\/wp\/v2\/categories?post=65264"},{"taxonomy":"post_tag","embeddable":true,"href":"https:\/\/www.planetel.it\/en\/wp-json\/wp\/v2\/tags?post=65264"},{"taxonomy":"service_category","embeddable":true,"href":"https:\/\/www.planetel.it\/en\/wp-json\/wp\/v2\/service_category?post=65264"}],"curies":[{"name":"wp","href":"https:\/\/api.w.org\/{rel}","templated":true}]}}