{"id":65506,"date":"2025-06-24T09:55:08","date_gmt":"2025-06-24T07:55:08","guid":{"rendered":"https:\/\/www.planetel.it\/?p=65506"},"modified":"2025-06-24T09:55:12","modified_gmt":"2025-06-24T07:55:12","slug":"materiali-fsc-per-la-sostenibilita","status":"publish","type":"post","link":"https:\/\/www.planetel.it\/en\/2025\/06\/materiali-fsc-per-la-sostenibilita\/","title":{"rendered":"Connessioni e sostenibilit\u00e0: Planetel sceglie materiali FSC per packaging e comunicazione"},"content":{"rendered":"\n<div style=\"height:30px\" aria-hidden=\"true\" class=\"wp-block-spacer\"><\/div>\n\n\n\n<p>La sostenibilit\u00e0 ambientale e le scelte ESG rappresentano per un\u2019azienda moderna e innovativa come Planetel un modello strategico che, indubbiamente, deve essere inserito nelle dinamiche di business, in un\u2019ottica di responsabilit\u00e0 e sensibilit\u00e0 oggi imprescindibili. In Planetel crediamo da sempre in una tecnologia che crea connessioni, non solo tra persone, ma anche con il mondo che ci circonda. Un <a href=\"https:\/\/www.planetel.it\/il-nostro-impegno\/\" target=\"_blank\" rel=\"noreferrer noopener\">impegno<\/a> che si traduce in azioni concrete, quali l\u2019adozione sistematica di <strong>materiali certificati FSC\u00ae<\/strong> per il packaging dei prodotti e per tutti i principali strumenti di comunicazione.<\/p>\n\n\n\n<p>Una scelta consapevole, coerente con la nostra adesione al <strong>Global Compact ONU<\/strong>, con la <strong>certificazione <\/strong><a href=\"https:\/\/www.planetel.it\/2025\/05\/planetel-conquista-la-medaglia-silver-ecovadis-per-il-2025\/\" target=\"_blank\" rel=\"noreferrer noopener\"><strong>EcoVadis Silver<\/strong><\/a> la <a href=\"https:\/\/www.planetel.it\/2025\/03\/planetel-certificato-iso-14001-per-la-gestione-ambientale\/\" target=\"_blank\" rel=\"noreferrer noopener\"><strong>ISO 14001<\/strong><\/a>, nonch\u00e9 con le <strong>numerose iniziative ESG<\/strong> che portiamo avanti su pi\u00f9 fronti.<\/p>\n\n\n\n<div style=\"height:30px\" aria-hidden=\"true\" class=\"wp-block-spacer\"><\/div>\n\n\n<h2 class=\"wp-block-heading\" id=\"la-sostenibilita-planetel-perche-il-marchio-fsc%25c2%25ae-fa-la-differenza\">La sostenibilit\u00e0 Planetel: perch\u00e9 il marchio FSC\u00ae fa la differenza<\/h2>\n\n\n<div style=\"height:30px\" aria-hidden=\"true\" class=\"wp-block-spacer\"><\/div>\n\n\n\n<figure class=\"wp-block-gallery has-nested-images columns-default is-cropped wp-block-gallery-1 is-layout-flex wp-block-gallery-is-layout-flex\">\n<figure class=\"wp-block-image size-full\"><img loading=\"lazy\" decoding=\"async\" width=\"1000\" height=\"750\" data-id=\"65855\" src=\"https:\/\/www.planetel.it\/wp-content\/uploads\/2025\/06\/Progetto-senza-titolo.jpg\" alt=\"Sostenibilit\u00e0\" class=\"wp-image-65855\" srcset=\"https:\/\/www.planetel.it\/wp-content\/uploads\/2025\/06\/Progetto-senza-titolo.jpg 1000w, https:\/\/www.planetel.it\/wp-content\/uploads\/2025\/06\/Progetto-senza-titolo-500x375.jpg 500w\" sizes=\"auto, (max-width: 1000px) 100vw, 1000px\" \/><\/figure>\n\n\n\n<figure class=\"wp-block-image size-full\"><img loading=\"lazy\" decoding=\"async\" width=\"1000\" height=\"750\" data-id=\"65857\" src=\"https:\/\/www.planetel.it\/wp-content\/uploads\/2025\/06\/Progetto-senza-titolo-2.jpg\" alt=\"Sostenibilit\u00e0\" class=\"wp-image-65857\" srcset=\"https:\/\/www.planetel.it\/wp-content\/uploads\/2025\/06\/Progetto-senza-titolo-2.jpg 1000w, https:\/\/www.planetel.it\/wp-content\/uploads\/2025\/06\/Progetto-senza-titolo-2-500x375.jpg 500w\" sizes=\"auto, (max-width: 1000px) 100vw, 1000px\" \/><\/figure>\n<\/figure>\n\n\n\n<div style=\"height:30px\" aria-hidden=\"true\" class=\"wp-block-spacer\"><\/div>\n\n\n\n<p>Il marchio FSC\u00ae (<em>Forest Stewardship Council<\/em>) \u00e8 riconosciuto a livello internazionale come garanzia di <strong>gestione responsabile delle foreste<\/strong> e di <strong>tracciabilit\u00e0 lungo tutta la filiera<\/strong>. I materiali certificati FSC\u00ae provengono da fonti che rispettano precisi criteri ambientali, sociali ed economici.<\/p>\n\n\n\n<p>Per noi di Planetel, utilizzare questi materiali significa ridurre l\u2019impatto ambientale dei nostri prodotti, offrire trasparenza e valore aggiunto per i clienti, contribuire a un\u2019economia pi\u00f9 giusta, sostenibile e circolare.<\/p>\n\n\n\n<div style=\"height:30px\" aria-hidden=\"true\" class=\"wp-block-spacer\"><\/div>\n\n\n<h3 class=\"wp-block-heading\" id=\"i-materiali-fsc%25c2%25ae-nei-prodotti-planetel\">I materiali FSC\u00ae nei prodotti Planetel<\/h3>\n\n\n<p>Abbiamo scelto di integrare la certificazione FSC\u00ae in modo trasversale, in molti dei nostri materiali aziendali, sia destinati al cliente consumer che a quello business. Ecco alcuni esempi:<\/p>\n\n\n\n<div style=\"height:10px\" aria-hidden=\"true\" class=\"wp-block-spacer\"><\/div>\n\n\n<h4 class=\"wp-block-heading\" id=\"packaging-router-in-fibra-ottica\">Packaging router in fibra ottica<\/h4>\n\n\n<p>Ogni volta che un nuovo cliente attiva la nostra connettivit\u00e0 in fibra ottica o un gi\u00e0 cliente necessita di una sostituzione degli apparati per differenti motivi, riceve il nostro <strong>router confezionato in una <\/strong>bellissima<strong> scatola<\/strong> <strong>realizzata con cartone FSC\u00ae<\/strong>. Un gesto semplice, ma che racconta il nostro impegno gi\u00e0 al primo contatto con l\u2019azienda e con il servizio.<\/p>\n\n\n\n<div style=\"height:10px\" aria-hidden=\"true\" class=\"wp-block-spacer\"><\/div>\n\n\n<h4 class=\"wp-block-heading\" id=\"cartoline-promozionali\">Cartoline promozionali<\/h4>\n\n\n<p>Le campagne <em>Connessioni di Quartiere<\/em> e <em><a href=\"https:\/\/fibra.planetel.it\/simmetrica\/\" target=\"_blank\" rel=\"noreferrer noopener\">Fibra Simmetrica<\/a><\/em>, lanciate recentemente da Planetel per promuovere l\u2019interessante offerta di connettivit\u00e0 con upload e download alla stessa velocit\u00e0, utilizzano <strong>cartoline promozionali stampate su carta FSC\u00ae<\/strong>. Perch\u00e9 anche la pubblicit\u00e0 pu\u00f2 e deve rispettare l\u2019ambiente, soprattutto se prevede un\u2019attivit\u00e0 di stampa ingente.<\/p>\n\n\n\n<div style=\"height:10px\" aria-hidden=\"true\" class=\"wp-block-spacer\"><\/div>\n\n\n<h4 class=\"wp-block-heading\" id=\"pieghevoli-e-materiali-b2b\">Pieghevoli e materiali B2B <\/h4>\n\n\n<p>Tutti i <strong>materiali informativi destinati al mondo business<\/strong>, come il nostro nuovo <a href=\"https:\/\/www.planetel.it\/docs\/202506-pieghevole-3-ante-b2b\/\" target=\"_blank\" rel=\"noreferrer noopener\">pieghevole a 3 ante<\/a> per la presentazione del Gruppo Planetel e dei servizi aziendali, <strong>sono stampati su carta certificata<\/strong>, cos\u00ec come i flyer A5 per volantinaggio e le cartellette portadocumenti utilizzate per fiere, eventi o semplici incontri con i clienti.<\/p>\n\n\n\n<div style=\"height:10px\" aria-hidden=\"true\" class=\"wp-block-spacer\"><\/div>\n\n\n<h4 class=\"wp-block-heading\" id=\"biglietti-da-visita-e-tasche-porta-sim\">Biglietti da visita e tasche porta SIM<\/h4>\n\n\n<p>Anche prodotti di altro genere come i <strong>biglietti da visita <\/strong>del nostro personale e le <strong>tasche porta SIM<\/strong> per clienti business sono <strong>realizzati in carta FSC\u00ae<\/strong>. Perch\u00e9 la sostenibilit\u00e0 \u00e8 una responsabilit\u00e0 che si vede nei dettagli.<\/p>\n\n\n\n<div style=\"height:30px\" aria-hidden=\"true\" class=\"wp-block-spacer\"><\/div>\n\n\n<h3 class=\"wp-block-heading\" id=\"una-dichiarazione-di-intenti-sostenibilita-stampata-su-ogni-prodotto\">Una dichiarazione di intenti: sostenibilit\u00e0 stampata su ogni prodotto <\/h3>\n\n\n<p>A testimonianza della seriet\u00e0 e della trasparenza di Planetel in materia di sostenibilit\u00e0 ambientale, i nostri materiali FSC\u00ae riportano il <strong>logo ufficiale<\/strong>, il <strong>codice di certificazione<\/strong> e, laddove possibile in termini grafici, <strong>una dicitura<\/strong> che rappresenta il cuore della nostra visione:<\/p>\n\n\n\n<p><em>&#8220;In Planetel crediamo in un futuro sostenibile, fatto di scelte consapevoli e connessioni che rispettano il mondo in cui viviamo. Questo prodotto \u00e8 realizzato con carta certificata FSC\u00ae, proveniente da foreste gestite in modo responsabile e da filiere controllate. Perch\u00e9 ogni connessione \u00e8 anche un impegno verso l\u2019ambiente e la comunit\u00e0.&#8221;<\/em><\/p>\n\n\n\n<p>Una frase che non \u00e8 solo estetica, ma <strong>etica<\/strong>: un messaggio che vogliamo condividere con ogni persona, cliente o partner, che entra in contatto con Planetel.<\/p>\n\n\n\n<div style=\"height:30px\" aria-hidden=\"true\" class=\"wp-block-spacer\"><\/div>\n\n\n<h3 class=\"wp-block-heading\" id=\"anche-il-cotone-e-circolare\">Anche il cotone \u00e8 circolare <\/h3>\n\n\n<p>Sebbene non rientri nella certificazione FSC\u00ae per evidenti motivi, anche i nostri gadget riflettono la stessa visione green. Un esempio sono le <strong>t-shirt promozionali Planetel<\/strong> utilizzate durante fiere, eventi o manifestazioni. Questa tipologia di prodotti, infatti, sono realizzate con <strong>cotone riciclato<\/strong>, nell\u2019ottica di ridurre gli sprechi tessili e promuovere un modello pi\u00f9 sostenibile anche nei materiali corporate.<\/p>\n\n\n\n<div style=\"height:30px\" aria-hidden=\"true\" class=\"wp-block-spacer\"><\/div>\n\n\n<h2 class=\"wp-block-heading\" id=\"la-sostenibilita-di-connessioni-responsabili\">La sostenibilit\u00e0 di connessioni responsabili<\/h2>\n\n\n<p>Planetel, dunque, dimostra che anche nel settore delle telecomunicazioni e dell\u2019IT \u00e8 possibile unire <strong>innovazione tecnologica<\/strong> e <strong>rispetto per l\u2019ambiente<\/strong>. Non si tratta solo di offrire una connessione veloce o servizi digitali all\u2019avanguardia, ma anche di farlo in modo consapevole, sostenibile e responsabile.<\/p>\n\n\n\n<p>Siamo convinti che ogni piccola azione conti. E scegliere carta FSC\u00ae per comunicare i nostri servizi \u00e8 un passo concreto in questa direzione. Un passo che vogliamo condividere con tutti i nostri clienti, partner e collaboratori.<\/p>\n\n\n\n<p>Perch\u00e9 <strong>ogni connessione \u00e8 anche un impegno verso il futuro<\/strong>.<\/p>\n\n\n\n<div style=\"height:30px\" aria-hidden=\"true\" class=\"wp-block-spacer\"><\/div>\n\n\n\n<figure class=\"wp-block-image size-full\"><img loading=\"lazy\" decoding=\"async\" width=\"1476\" height=\"849\" src=\"https:\/\/www.planetel.it\/wp-content\/uploads\/2025\/06\/Progetto-senza-titolo.png\" alt=\"Sostenibilit\u00e0\" class=\"wp-image-65845\" srcset=\"https:\/\/www.planetel.it\/wp-content\/uploads\/2025\/06\/Progetto-senza-titolo.png 1476w, https:\/\/www.planetel.it\/wp-content\/uploads\/2025\/06\/Progetto-senza-titolo-500x288.png 500w\" sizes=\"auto, (max-width: 1476px) 100vw, 1476px\" \/><\/figure>\n\n\n\n<p><\/p>\n","protected":false},"excerpt":{"rendered":"<p>La sostenibilit\u00e0 ambientale e le scelte ESG rappresentano per un\u2019azienda moderna e innovativa come Planetel un modello strategico che, indubbiamente, deve essere inserito nelle dinamiche di business, in un\u2019ottica di responsabilit\u00e0 e sensibilit\u00e0 oggi imprescindibili. In Planetel crediamo da sempre in una tecnologia che crea connessioni, non solo tra persone, ma anche con il mondo [&hellip;]<\/p>\n","protected":false},"author":4,"featured_media":65844,"comment_status":"closed","ping_status":"closed","sticky":false,"template":"","format":"standard","meta":{"_acf_changed":false,"footnotes":""},"categories":[730],"tags":[939,938,459,408,362],"service_category":[],"class_list":["post-65506","post","type-post","status-publish","format-standard","has-post-thumbnail","hentry","category-ambiente","tag-materiali-fsc","tag-fsc","tag-ambiente","tag-economia-circolare","tag-sostenibilita"],"acf":[],"yoast_head":"<!-- This site is optimized with the Yoast SEO plugin v27.3 - https:\/\/yoast.com\/product\/yoast-seo-wordpress\/ -->\n<title>Planetel e sostenibilit\u00e0: comunicazione e packaging in carta FSC\u00ae<\/title>\n<meta name=\"description\" content=\"Planetel sceglie carta certificata FSC\u00ae per packaging e materiali promozionali. Un impegno concreto per l\u2019ambiente e la sostenibilit\u00e0 ESG.\" \/>\n<meta name=\"robots\" content=\"index, follow, max-snippet:-1, max-image-preview:large, max-video-preview:-1\" \/>\n<link rel=\"canonical\" href=\"https:\/\/www.planetel.it\/en\/2025\/06\/materiali-fsc-per-la-sostenibilita\/\" \/>\n<meta property=\"og:locale\" content=\"en_US\" \/>\n<meta property=\"og:type\" content=\"article\" \/>\n<meta property=\"og:title\" content=\"Planetel e sostenibilit\u00e0: comunicazione e packaging in carta FSC\u00ae\" \/>\n<meta property=\"og:description\" content=\"Planetel sceglie carta certificata FSC\u00ae per packaging e materiali promozionali. Un impegno concreto per l\u2019ambiente e la sostenibilit\u00e0 ESG.\" \/>\n<meta property=\"og:url\" content=\"https:\/\/www.planetel.it\/en\/2025\/06\/materiali-fsc-per-la-sostenibilita\/\" \/>\n<meta property=\"og:site_name\" content=\"Planetel\" \/>\n<meta property=\"article:publisher\" content=\"https:\/\/www.facebook.com\/planetelspa\" \/>\n<meta property=\"article:published_time\" content=\"2025-06-24T07:55:08+00:00\" \/>\n<meta property=\"article:modified_time\" content=\"2025-06-24T07:55:12+00:00\" \/>\n<meta property=\"og:image\" content=\"https:\/\/www.planetel.it\/wp-content\/uploads\/2025\/06\/Copertina_Materiali-FSC.png\" \/>\n\t<meta property=\"og:image:width\" content=\"1200\" \/>\n\t<meta property=\"og:image:height\" content=\"630\" \/>\n\t<meta property=\"og:image:type\" content=\"image\/png\" \/>\n<meta name=\"twitter:card\" content=\"summary_large_image\" \/>\n<meta name=\"twitter:label1\" content=\"Written by\" \/>\n\t<meta name=\"twitter:data1\" content=\"Andrea Brumana\" \/>\n\t<meta name=\"twitter:label2\" content=\"Est. reading time\" \/>\n\t<meta name=\"twitter:data2\" content=\"5 minutes\" \/>\n<script type=\"application\/ld+json\" class=\"yoast-schema-graph\">{\"@context\":\"https:\\\/\\\/schema.org\",\"@graph\":[{\"@type\":\"Article\",\"@id\":\"https:\\\/\\\/www.planetel.it\\\/en\\\/2025\\\/06\\\/materiali-fsc-per-la-sostenibilita\\\/#article\",\"isPartOf\":{\"@id\":\"https:\\\/\\\/www.planetel.it\\\/en\\\/2025\\\/06\\\/materiali-fsc-per-la-sostenibilita\\\/\"},\"author\":{\"name\":\"Andrea Brumana\",\"@id\":\"https:\\\/\\\/www.planetel.it\\\/en\\\/#\\\/schema\\\/person\\\/8e74703d23ff222042246a845bb004fa\"},\"headline\":\"Connessioni e sostenibilit\u00e0: Planetel sceglie materiali FSC per packaging e comunicazione\",\"datePublished\":\"2025-06-24T07:55:08+00:00\",\"dateModified\":\"2025-06-24T07:55:12+00:00\",\"mainEntityOfPage\":{\"@id\":\"https:\\\/\\\/www.planetel.it\\\/en\\\/2025\\\/06\\\/materiali-fsc-per-la-sostenibilita\\\/\"},\"wordCount\":743,\"publisher\":{\"@id\":\"https:\\\/\\\/www.planetel.it\\\/en\\\/#organization\"},\"image\":{\"@id\":\"https:\\\/\\\/www.planetel.it\\\/en\\\/2025\\\/06\\\/materiali-fsc-per-la-sostenibilita\\\/#primaryimage\"},\"thumbnailUrl\":\"https:\\\/\\\/www.planetel.it\\\/wp-content\\\/uploads\\\/2025\\\/06\\\/Copertina_Materiali-FSC.png\",\"keywords\":[\"materiali FSC\",\"FSC\",\"ambiente\",\"economia circolare\",\"sostenibilit\u00e0\"],\"articleSection\":[\"Ambiente\"],\"inLanguage\":\"en-US\"},{\"@type\":\"WebPage\",\"@id\":\"https:\\\/\\\/www.planetel.it\\\/en\\\/2025\\\/06\\\/materiali-fsc-per-la-sostenibilita\\\/\",\"url\":\"https:\\\/\\\/www.planetel.it\\\/en\\\/2025\\\/06\\\/materiali-fsc-per-la-sostenibilita\\\/\",\"name\":\"Planetel e sostenibilit\u00e0: comunicazione e packaging in carta FSC\u00ae\",\"isPartOf\":{\"@id\":\"https:\\\/\\\/www.planetel.it\\\/en\\\/#website\"},\"primaryImageOfPage\":{\"@id\":\"https:\\\/\\\/www.planetel.it\\\/en\\\/2025\\\/06\\\/materiali-fsc-per-la-sostenibilita\\\/#primaryimage\"},\"image\":{\"@id\":\"https:\\\/\\\/www.planetel.it\\\/en\\\/2025\\\/06\\\/materiali-fsc-per-la-sostenibilita\\\/#primaryimage\"},\"thumbnailUrl\":\"https:\\\/\\\/www.planetel.it\\\/wp-content\\\/uploads\\\/2025\\\/06\\\/Copertina_Materiali-FSC.png\",\"datePublished\":\"2025-06-24T07:55:08+00:00\",\"dateModified\":\"2025-06-24T07:55:12+00:00\",\"description\":\"Planetel sceglie carta certificata FSC\u00ae per packaging e materiali promozionali. Un impegno concreto per l\u2019ambiente e la sostenibilit\u00e0 ESG.\",\"breadcrumb\":{\"@id\":\"https:\\\/\\\/www.planetel.it\\\/en\\\/2025\\\/06\\\/materiali-fsc-per-la-sostenibilita\\\/#breadcrumb\"},\"inLanguage\":\"en-US\",\"potentialAction\":[{\"@type\":\"ReadAction\",\"target\":[\"https:\\\/\\\/www.planetel.it\\\/en\\\/2025\\\/06\\\/materiali-fsc-per-la-sostenibilita\\\/\"]}]},{\"@type\":\"ImageObject\",\"inLanguage\":\"en-US\",\"@id\":\"https:\\\/\\\/www.planetel.it\\\/en\\\/2025\\\/06\\\/materiali-fsc-per-la-sostenibilita\\\/#primaryimage\",\"url\":\"https:\\\/\\\/www.planetel.it\\\/wp-content\\\/uploads\\\/2025\\\/06\\\/Copertina_Materiali-FSC.png\",\"contentUrl\":\"https:\\\/\\\/www.planetel.it\\\/wp-content\\\/uploads\\\/2025\\\/06\\\/Copertina_Materiali-FSC.png\",\"width\":1200,\"height\":630,\"caption\":\"Sostenibilit\u00e0\"},{\"@type\":\"BreadcrumbList\",\"@id\":\"https:\\\/\\\/www.planetel.it\\\/en\\\/2025\\\/06\\\/materiali-fsc-per-la-sostenibilita\\\/#breadcrumb\",\"itemListElement\":[{\"@type\":\"ListItem\",\"position\":1,\"name\":\"Home\",\"item\":\"https:\\\/\\\/www.planetel.it\\\/en\\\/\"},{\"@type\":\"ListItem\",\"position\":2,\"name\":\"Azienda\",\"item\":\"https:\\\/\\\/www.planetel.it\\\/news\\\/blog\\\/categoria\\\/azienda\\\/\"},{\"@type\":\"ListItem\",\"position\":3,\"name\":\"Ambiente\",\"item\":\"https:\\\/\\\/www.planetel.it\\\/news\\\/blog\\\/categoria\\\/ambiente\\\/\"},{\"@type\":\"ListItem\",\"position\":4,\"name\":\"Connessioni e sostenibilit\u00e0: Planetel sceglie materiali FSC per packaging e comunicazione\"}]},{\"@type\":\"WebSite\",\"@id\":\"https:\\\/\\\/www.planetel.it\\\/en\\\/#website\",\"url\":\"https:\\\/\\\/www.planetel.it\\\/en\\\/\",\"name\":\"Planetel\",\"description\":\"Pi\u00f9 che una connessione\",\"publisher\":{\"@id\":\"https:\\\/\\\/www.planetel.it\\\/en\\\/#organization\"},\"potentialAction\":[{\"@type\":\"SearchAction\",\"target\":{\"@type\":\"EntryPoint\",\"urlTemplate\":\"https:\\\/\\\/www.planetel.it\\\/en\\\/?s={search_term_string}\"},\"query-input\":{\"@type\":\"PropertyValueSpecification\",\"valueRequired\":true,\"valueName\":\"search_term_string\"}}],\"inLanguage\":\"en-US\"},{\"@type\":\"Organization\",\"@id\":\"https:\\\/\\\/www.planetel.it\\\/en\\\/#organization\",\"name\":\"Planetel S.p.A.\",\"url\":\"https:\\\/\\\/www.planetel.it\\\/en\\\/\",\"logo\":{\"@type\":\"ImageObject\",\"inLanguage\":\"en-US\",\"@id\":\"https:\\\/\\\/www.planetel.it\\\/en\\\/#\\\/schema\\\/logo\\\/image\\\/\",\"url\":\"https:\\\/\\\/www.planetel.it\\\/wp-content\\\/uploads\\\/2024\\\/04\\\/logo-group-planetel.svg\",\"contentUrl\":\"https:\\\/\\\/www.planetel.it\\\/wp-content\\\/uploads\\\/2024\\\/04\\\/logo-group-planetel.svg\",\"width\":1,\"height\":1,\"caption\":\"Planetel S.p.A.\"},\"image\":{\"@id\":\"https:\\\/\\\/www.planetel.it\\\/en\\\/#\\\/schema\\\/logo\\\/image\\\/\"},\"sameAs\":[\"https:\\\/\\\/www.facebook.com\\\/planetelspa\",\"https:\\\/\\\/www.linkedin.com\\\/company\\\/planetel\",\"https:\\\/\\\/www.instagram.com\\\/planetelspa\"]},{\"@type\":\"Person\",\"@id\":\"https:\\\/\\\/www.planetel.it\\\/en\\\/#\\\/schema\\\/person\\\/8e74703d23ff222042246a845bb004fa\",\"name\":\"Andrea Brumana\",\"image\":{\"@type\":\"ImageObject\",\"inLanguage\":\"en-US\",\"@id\":\"https:\\\/\\\/secure.gravatar.com\\\/avatar\\\/9a839884f24513d8bf063a907c74d8d2483fb1c4bbbf7cf7222c3e08581e4219?s=96&d=mm&r=g\",\"url\":\"https:\\\/\\\/secure.gravatar.com\\\/avatar\\\/9a839884f24513d8bf063a907c74d8d2483fb1c4bbbf7cf7222c3e08581e4219?s=96&d=mm&r=g\",\"contentUrl\":\"https:\\\/\\\/secure.gravatar.com\\\/avatar\\\/9a839884f24513d8bf063a907c74d8d2483fb1c4bbbf7cf7222c3e08581e4219?s=96&d=mm&r=g\",\"caption\":\"Andrea Brumana\"},\"url\":\"https:\\\/\\\/www.planetel.it\\\/en\\\/author\\\/a-brumana\\\/\"}]}<\/script>\n<!-- \/ Yoast SEO plugin. -->","yoast_head_json":{"title":"Planetel e sostenibilit\u00e0: comunicazione e packaging in carta FSC\u00ae","description":"Planetel sceglie carta certificata FSC\u00ae per packaging e materiali promozionali. Un impegno concreto per l\u2019ambiente e la sostenibilit\u00e0 ESG.","robots":{"index":"index","follow":"follow","max-snippet":"max-snippet:-1","max-image-preview":"max-image-preview:large","max-video-preview":"max-video-preview:-1"},"canonical":"https:\/\/www.planetel.it\/en\/2025\/06\/materiali-fsc-per-la-sostenibilita\/","og_locale":"en_US","og_type":"article","og_title":"Planetel e sostenibilit\u00e0: comunicazione e packaging in carta FSC\u00ae","og_description":"Planetel sceglie carta certificata FSC\u00ae per packaging e materiali promozionali. Un impegno concreto per l\u2019ambiente e la sostenibilit\u00e0 ESG.","og_url":"https:\/\/www.planetel.it\/en\/2025\/06\/materiali-fsc-per-la-sostenibilita\/","og_site_name":"Planetel","article_publisher":"https:\/\/www.facebook.com\/planetelspa","article_published_time":"2025-06-24T07:55:08+00:00","article_modified_time":"2025-06-24T07:55:12+00:00","og_image":[{"width":1200,"height":630,"url":"https:\/\/www.planetel.it\/wp-content\/uploads\/2025\/06\/Copertina_Materiali-FSC.png","type":"image\/png"}],"twitter_card":"summary_large_image","twitter_misc":{"Written by":"Andrea Brumana","Est. reading time":"5 minutes"},"schema":{"@context":"https:\/\/schema.org","@graph":[{"@type":"Article","@id":"https:\/\/www.planetel.it\/en\/2025\/06\/materiali-fsc-per-la-sostenibilita\/#article","isPartOf":{"@id":"https:\/\/www.planetel.it\/en\/2025\/06\/materiali-fsc-per-la-sostenibilita\/"},"author":{"name":"Andrea Brumana","@id":"https:\/\/www.planetel.it\/en\/#\/schema\/person\/8e74703d23ff222042246a845bb004fa"},"headline":"Connessioni e sostenibilit\u00e0: Planetel sceglie materiali FSC per packaging e comunicazione","datePublished":"2025-06-24T07:55:08+00:00","dateModified":"2025-06-24T07:55:12+00:00","mainEntityOfPage":{"@id":"https:\/\/www.planetel.it\/en\/2025\/06\/materiali-fsc-per-la-sostenibilita\/"},"wordCount":743,"publisher":{"@id":"https:\/\/www.planetel.it\/en\/#organization"},"image":{"@id":"https:\/\/www.planetel.it\/en\/2025\/06\/materiali-fsc-per-la-sostenibilita\/#primaryimage"},"thumbnailUrl":"https:\/\/www.planetel.it\/wp-content\/uploads\/2025\/06\/Copertina_Materiali-FSC.png","keywords":["materiali FSC","FSC","ambiente","economia circolare","sostenibilit\u00e0"],"articleSection":["Ambiente"],"inLanguage":"en-US"},{"@type":"WebPage","@id":"https:\/\/www.planetel.it\/en\/2025\/06\/materiali-fsc-per-la-sostenibilita\/","url":"https:\/\/www.planetel.it\/en\/2025\/06\/materiali-fsc-per-la-sostenibilita\/","name":"Planetel e sostenibilit\u00e0: comunicazione e packaging in carta FSC\u00ae","isPartOf":{"@id":"https:\/\/www.planetel.it\/en\/#website"},"primaryImageOfPage":{"@id":"https:\/\/www.planetel.it\/en\/2025\/06\/materiali-fsc-per-la-sostenibilita\/#primaryimage"},"image":{"@id":"https:\/\/www.planetel.it\/en\/2025\/06\/materiali-fsc-per-la-sostenibilita\/#primaryimage"},"thumbnailUrl":"https:\/\/www.planetel.it\/wp-content\/uploads\/2025\/06\/Copertina_Materiali-FSC.png","datePublished":"2025-06-24T07:55:08+00:00","dateModified":"2025-06-24T07:55:12+00:00","description":"Planetel sceglie carta certificata FSC\u00ae per packaging e materiali promozionali. Un impegno concreto per l\u2019ambiente e la sostenibilit\u00e0 ESG.","breadcrumb":{"@id":"https:\/\/www.planetel.it\/en\/2025\/06\/materiali-fsc-per-la-sostenibilita\/#breadcrumb"},"inLanguage":"en-US","potentialAction":[{"@type":"ReadAction","target":["https:\/\/www.planetel.it\/en\/2025\/06\/materiali-fsc-per-la-sostenibilita\/"]}]},{"@type":"ImageObject","inLanguage":"en-US","@id":"https:\/\/www.planetel.it\/en\/2025\/06\/materiali-fsc-per-la-sostenibilita\/#primaryimage","url":"https:\/\/www.planetel.it\/wp-content\/uploads\/2025\/06\/Copertina_Materiali-FSC.png","contentUrl":"https:\/\/www.planetel.it\/wp-content\/uploads\/2025\/06\/Copertina_Materiali-FSC.png","width":1200,"height":630,"caption":"Sostenibilit\u00e0"},{"@type":"BreadcrumbList","@id":"https:\/\/www.planetel.it\/en\/2025\/06\/materiali-fsc-per-la-sostenibilita\/#breadcrumb","itemListElement":[{"@type":"ListItem","position":1,"name":"Home","item":"https:\/\/www.planetel.it\/en\/"},{"@type":"ListItem","position":2,"name":"Azienda","item":"https:\/\/www.planetel.it\/news\/blog\/categoria\/azienda\/"},{"@type":"ListItem","position":3,"name":"Ambiente","item":"https:\/\/www.planetel.it\/news\/blog\/categoria\/ambiente\/"},{"@type":"ListItem","position":4,"name":"Connessioni e sostenibilit\u00e0: Planetel sceglie materiali FSC per packaging e comunicazione"}]},{"@type":"WebSite","@id":"https:\/\/www.planetel.it\/en\/#website","url":"https:\/\/www.planetel.it\/en\/","name":"Planetel","description":"Pi\u00f9 che una connessione","publisher":{"@id":"https:\/\/www.planetel.it\/en\/#organization"},"potentialAction":[{"@type":"SearchAction","target":{"@type":"EntryPoint","urlTemplate":"https:\/\/www.planetel.it\/en\/?s={search_term_string}"},"query-input":{"@type":"PropertyValueSpecification","valueRequired":true,"valueName":"search_term_string"}}],"inLanguage":"en-US"},{"@type":"Organization","@id":"https:\/\/www.planetel.it\/en\/#organization","name":"Planetel S.p.A.","url":"https:\/\/www.planetel.it\/en\/","logo":{"@type":"ImageObject","inLanguage":"en-US","@id":"https:\/\/www.planetel.it\/en\/#\/schema\/logo\/image\/","url":"https:\/\/www.planetel.it\/wp-content\/uploads\/2024\/04\/logo-group-planetel.svg","contentUrl":"https:\/\/www.planetel.it\/wp-content\/uploads\/2024\/04\/logo-group-planetel.svg","width":1,"height":1,"caption":"Planetel S.p.A."},"image":{"@id":"https:\/\/www.planetel.it\/en\/#\/schema\/logo\/image\/"},"sameAs":["https:\/\/www.facebook.com\/planetelspa","https:\/\/www.linkedin.com\/company\/planetel","https:\/\/www.instagram.com\/planetelspa"]},{"@type":"Person","@id":"https:\/\/www.planetel.it\/en\/#\/schema\/person\/8e74703d23ff222042246a845bb004fa","name":"Andrea Brumana","image":{"@type":"ImageObject","inLanguage":"en-US","@id":"https:\/\/secure.gravatar.com\/avatar\/9a839884f24513d8bf063a907c74d8d2483fb1c4bbbf7cf7222c3e08581e4219?s=96&d=mm&r=g","url":"https:\/\/secure.gravatar.com\/avatar\/9a839884f24513d8bf063a907c74d8d2483fb1c4bbbf7cf7222c3e08581e4219?s=96&d=mm&r=g","contentUrl":"https:\/\/secure.gravatar.com\/avatar\/9a839884f24513d8bf063a907c74d8d2483fb1c4bbbf7cf7222c3e08581e4219?s=96&d=mm&r=g","caption":"Andrea Brumana"},"url":"https:\/\/www.planetel.it\/en\/author\/a-brumana\/"}]}},"_links":{"self":[{"href":"https:\/\/www.planetel.it\/en\/wp-json\/wp\/v2\/posts\/65506","targetHints":{"allow":["GET"]}}],"collection":[{"href":"https:\/\/www.planetel.it\/en\/wp-json\/wp\/v2\/posts"}],"about":[{"href":"https:\/\/www.planetel.it\/en\/wp-json\/wp\/v2\/types\/post"}],"author":[{"embeddable":true,"href":"https:\/\/www.planetel.it\/en\/wp-json\/wp\/v2\/users\/4"}],"replies":[{"embeddable":true,"href":"https:\/\/www.planetel.it\/en\/wp-json\/wp\/v2\/comments?post=65506"}],"version-history":[{"count":5,"href":"https:\/\/www.planetel.it\/en\/wp-json\/wp\/v2\/posts\/65506\/revisions"}],"predecessor-version":[{"id":65859,"href":"https:\/\/www.planetel.it\/en\/wp-json\/wp\/v2\/posts\/65506\/revisions\/65859"}],"wp:featuredmedia":[{"embeddable":true,"href":"https:\/\/www.planetel.it\/en\/wp-json\/wp\/v2\/media\/65844"}],"wp:attachment":[{"href":"https:\/\/www.planetel.it\/en\/wp-json\/wp\/v2\/media?parent=65506"}],"wp:term":[{"taxonomy":"category","embeddable":true,"href":"https:\/\/www.planetel.it\/en\/wp-json\/wp\/v2\/categories?post=65506"},{"taxonomy":"post_tag","embeddable":true,"href":"https:\/\/www.planetel.it\/en\/wp-json\/wp\/v2\/tags?post=65506"},{"taxonomy":"service_category","embeddable":true,"href":"https:\/\/www.planetel.it\/en\/wp-json\/wp\/v2\/service_category?post=65506"}],"curies":[{"name":"wp","href":"https:\/\/api.w.org\/{rel}","templated":true}]}}