{"id":65938,"date":"2025-06-30T08:30:00","date_gmt":"2025-06-30T06:30:00","guid":{"rendered":"https:\/\/www.planetel.it\/?p=65938"},"modified":"2025-06-26T10:31:00","modified_gmt":"2025-06-26T08:31:00","slug":"day-home-planetel-internet-veloce-solo-nei-giorni-che-contano","status":"publish","type":"post","link":"https:\/\/www.planetel.it\/en\/2025\/06\/day-home-planetel-internet-veloce-solo-nei-giorni-che-contano\/","title":{"rendered":"Day Home Planetel: internet veloce solo nei giorni che contano"},"content":{"rendered":"\n<div style=\"height:30px\" aria-hidden=\"true\" class=\"wp-block-spacer\"><\/div>\n\n\n\n<p>Se hai seconde case, residence, B&amp;B o residenze non abitate in modo continuativo, sai bene quanto possa essere frustrante pagare un canone fisso tutto l\u2019anno, e a prezzo pieno, per una connessione che usi poche volte. Con l\u2019offerta <strong>Day Home di Planetel<\/strong>, ti mettiamo a disposizione la <strong>connessione on<\/strong><strong>\u2011demand<\/strong> che stavi aspettando: internet veloce solo nei giorni che contano, <strong>per essere connessi solo quando serve<\/strong>.<\/p>\n\n\n\n<div style=\"height:30px\" aria-hidden=\"true\" class=\"wp-block-spacer\"><\/div>\n\n\n<h2 class=\"wp-block-heading\" id=\"perche-scegliere-lofferta-day-home-di-planetel\">Perch\u00e9 scegliere l\u2019offerta Day Home di Planetel <\/h2>\n\n\n<p>Poter contare su una tipologia di connettivit\u00e0 cos\u00ec dinamica e flessibile rappresenta un\u2019opportunit\u00e0 davvero interessante per chi desidera avere le prestazioni delle nostre offerte migliori ma soltanto quando serve, senza sprechi economici, tecnologici e ambientali.<\/p>\n\n\n\n<div style=\"height:30px\" aria-hidden=\"true\" class=\"wp-block-spacer\"><\/div>\n\n\n<h3 class=\"wp-block-heading\" id=\"gestione-semplificata\">Gestione semplificata<\/h3>\n\n\n<p>Una volta attivata, la linea rimane accesa a banda costante e minima di 1 Mb\/s in download e upload, cos\u00ec da garantire la continuit\u00e0 e l\u2019efficienza di eventuali servizi essenziali quali domotica e videosorveglianza. <strong>L\u2019upgrade delle prestazioni<\/strong> \u00e8 sempre pronto e disponibile <strong>in base alla reale necessit\u00e0<\/strong>, attivabile nei giorni di utilizzo senza costi nascosti n\u00e9 vincoli di durata.<\/p>\n\n\n\n<div style=\"height:10px\" aria-hidden=\"true\" class=\"wp-block-spacer\"><\/div>\n\n\n<h3 class=\"wp-block-heading\" id=\"risparmio-e-massima-efficienza\">Risparmio e massima efficienza<\/h3>\n\n\n<p>Con un canone base a partire da \u20ac\u202f6,00\/mese, paghi il minimo indispensabile. Nei giorni di effettivo utilizzo, puoi facilmente attivare la tua connessione con soli \u20ac\u202f2\/giorno, ideale per picchi di traffico, smart working, fruizione di contenuti e ottimizzazione delle attivit\u00e0 digitali quotidiane. In poche parole, decidi tu quando usufruire di una connettivit\u00e0 super performante, <strong>unendo risparmio e massima efficienza<\/strong>.<\/p>\n\n\n\n<div style=\"height:10px\" aria-hidden=\"true\" class=\"wp-block-spacer\"><\/div>\n\n\n<h3 class=\"wp-block-heading\" id=\"pacchetto-a-valore-aggiunto\">Pacchetto a valore aggiunto <\/h3>\n\n\n<p>L\u2019offerta presenta la stessa cornice di elementi a valore aggiunto propria delle offerte Planetel per la casa. Questo significa avere a disposizione la nostra <strong>assistenza locale e dedicata<\/strong>, pronta a supportare il cliente rispondendo prontamente a ogni necessit\u00e0. Oltre a ci\u00f2, \u00e8 <strong>compreso il router Wi-Fi<\/strong>, per navigare wireless in modo efficace e affidabile in ogni angolo della tua abitazione. Infine, \u00e8 possibile attivare su richiesta la <strong>linea telefonica<\/strong>, per avere ovunque voce e dati.<\/p>\n\n\n\n<div style=\"height:30px\" aria-hidden=\"true\" class=\"wp-block-spacer\"><\/div>\n\n\n<h2 class=\"wp-block-heading\" id=\"come-funziona-lattivazione-dellofferta-day-home-planetel\">Come funziona l\u2019attivazione dell\u2019offerta Day Home Planetel<\/h2>\n\n\n<p>Come detto, <strong>questo servizio prevede una componente <em>stand\u2011by \u201calways on\u201d<\/em><\/strong> che garantisce una banda minima garantita di 1\u202fMb\/s in download e upload, sufficiente per sistemi di allarme, domotica, telecamere e controllo remoto. Questa componente comporta un canone mensile fisso di 6\u20ac al mese.<\/p>\n\n\n\n<p>Partendo da questa base, <strong>quando ti serve puoi dare un boost alla tua linea<\/strong> portandola a 1\u202fGb\/s per l\u2019FTTH e 200 Mb\/s per l\u2019FTTCab. In tal caso, il pagamento \u00e8 on-demand e corrisponde a 2\u20ac per giorno di utilizzo.<\/p>\n\n\n\n<p>L\u2019attivazione dell\u2019offerta Day Home avviene in modo semplice e lineare come per tutte le altre soluzioni di connettivit\u00e0 per la casa. Puoi chiamarci allo <strong><a href=\"tel:+39035204070\" target=\"_blank\" rel=\"noreferrer noopener\">035204070<\/a><\/strong>, scriverci a <a href=\"mailto:privati@planetel.it\" target=\"_blank\" rel=\"noreferrer noopener\"><strong>privati@planetel.it<\/strong><\/a> o <strong>attivare online<\/strong>.<\/p>\n\n\n\n<div style=\"height:30px\" aria-hidden=\"true\" class=\"wp-block-spacer\"><\/div>\n\n\n\n<p class=\"has-text-align-center\"><strong>Attiva subito la nostra offerta Day Home!<\/strong><\/p>\n\n\n\n<div class=\"wp-block-buttons is-content-justification-center is-layout-flex wp-container-core-buttons-is-layout-16018d1d wp-block-buttons-is-layout-flex\">\n<div class=\"wp-block-button\"><a class=\"wp-block-button__link has-white-color has-text-color has-background has-link-color has-medium-font-size has-custom-font-size wp-element-button\" href=\"https:\/\/fibra.planetel.it\/offerte-casa\/a-consumo\/\" style=\"border-radius:20px;background-color:#439f36\">Scopri di pi\u00f9<\/a><\/div>\n<\/div>\n\n\n\n<div style=\"height:30px\" aria-hidden=\"true\" class=\"wp-block-spacer\"><\/div>\n\n\n\n<p class=\"has-small-font-size\">*Offerta soggetta a limiti geografici e tecnologici<\/p>\n","protected":false},"excerpt":{"rendered":"<p>Se hai seconde case, residence, B&amp;B o residenze non abitate in modo continuativo, sai bene quanto possa essere frustrante pagare un canone fisso tutto l\u2019anno, e a prezzo pieno, per una connessione che usi poche volte. Con l\u2019offerta Day Home di Planetel, ti mettiamo a disposizione la connessione on\u2011demand che stavi aspettando: internet veloce solo [&hellip;]<\/p>\n","protected":false},"author":4,"featured_media":65944,"comment_status":"closed","ping_status":"closed","sticky":false,"template":"","format":"standard","meta":{"_acf_changed":false,"footnotes":""},"categories":[692,716],"tags":[358,379,421,940],"service_category":[312],"class_list":["post-65938","post","type-post","status-publish","format-standard","has-post-thumbnail","hentry","category-connettivita-fibra-ottica","category-privati","tag-planetel","tag-fibra-ottica","tag-connettivita","tag-day-home","service_category-telecomunicazioni"],"acf":[],"yoast_head":"<!-- This site is optimized with the Yoast SEO plugin v27.3 - https:\/\/yoast.com\/product\/yoast-seo-wordpress\/ -->\n<title>Day Home di Planetel: Internet veloce solo nei giorni che contano.<\/title>\n<meta name=\"description\" content=\"Scopri Day Home di Planetel, la connessione per seconde case, residence e B&amp;B flessibile per essere connessi solo quando serve.\" \/>\n<meta name=\"robots\" content=\"index, follow, max-snippet:-1, max-image-preview:large, max-video-preview:-1\" \/>\n<link rel=\"canonical\" href=\"https:\/\/www.planetel.it\/en\/2025\/06\/day-home-planetel-internet-veloce-solo-nei-giorni-che-contano\/\" \/>\n<meta property=\"og:locale\" content=\"en_US\" \/>\n<meta property=\"og:type\" content=\"article\" \/>\n<meta property=\"og:title\" content=\"Day Home di Planetel: Internet veloce solo nei giorni che contano.\" \/>\n<meta property=\"og:description\" content=\"Scopri Day Home di Planetel, la connessione per seconde case, residence e B&amp;B flessibile per essere connessi solo quando serve.\" \/>\n<meta property=\"og:url\" content=\"https:\/\/www.planetel.it\/en\/2025\/06\/day-home-planetel-internet-veloce-solo-nei-giorni-che-contano\/\" \/>\n<meta property=\"og:site_name\" content=\"Planetel\" \/>\n<meta property=\"article:publisher\" content=\"https:\/\/www.facebook.com\/planetelspa\" \/>\n<meta property=\"article:published_time\" content=\"2025-06-30T06:30:00+00:00\" \/>\n<meta property=\"og:image\" content=\"https:\/\/www.planetel.it\/wp-content\/uploads\/2025\/06\/day-home-blog.jpg\" \/>\n\t<meta property=\"og:image:width\" content=\"1200\" \/>\n\t<meta property=\"og:image:height\" content=\"630\" \/>\n\t<meta property=\"og:image:type\" content=\"image\/jpeg\" \/>\n<meta name=\"twitter:card\" content=\"summary_large_image\" \/>\n<meta name=\"twitter:label1\" content=\"Written by\" \/>\n\t<meta name=\"twitter:data1\" content=\"Andrea Brumana\" \/>\n\t<meta name=\"twitter:label2\" content=\"Est. reading time\" \/>\n\t<meta name=\"twitter:data2\" content=\"3 minutes\" \/>\n<script type=\"application\/ld+json\" class=\"yoast-schema-graph\">{\"@context\":\"https:\\\/\\\/schema.org\",\"@graph\":[{\"@type\":\"Article\",\"@id\":\"https:\\\/\\\/www.planetel.it\\\/en\\\/2025\\\/06\\\/day-home-planetel-internet-veloce-solo-nei-giorni-che-contano\\\/#article\",\"isPartOf\":{\"@id\":\"https:\\\/\\\/www.planetel.it\\\/en\\\/2025\\\/06\\\/day-home-planetel-internet-veloce-solo-nei-giorni-che-contano\\\/\"},\"author\":{\"name\":\"Andrea Brumana\",\"@id\":\"https:\\\/\\\/www.planetel.it\\\/en\\\/#\\\/schema\\\/person\\\/8e74703d23ff222042246a845bb004fa\"},\"headline\":\"Day Home Planetel: internet veloce solo nei giorni che contano\",\"datePublished\":\"2025-06-30T06:30:00+00:00\",\"mainEntityOfPage\":{\"@id\":\"https:\\\/\\\/www.planetel.it\\\/en\\\/2025\\\/06\\\/day-home-planetel-internet-veloce-solo-nei-giorni-che-contano\\\/\"},\"wordCount\":471,\"publisher\":{\"@id\":\"https:\\\/\\\/www.planetel.it\\\/en\\\/#organization\"},\"image\":{\"@id\":\"https:\\\/\\\/www.planetel.it\\\/en\\\/2025\\\/06\\\/day-home-planetel-internet-veloce-solo-nei-giorni-che-contano\\\/#primaryimage\"},\"thumbnailUrl\":\"https:\\\/\\\/www.planetel.it\\\/wp-content\\\/uploads\\\/2025\\\/06\\\/day-home-blog.jpg\",\"keywords\":[\"Planetel\",\"Fibra ottica\",\"connettivit\u00e0\",\"Day Home\"],\"articleSection\":[\"Connettivit\u00e0 Fibra ottica\",\"Privati\"],\"inLanguage\":\"en-US\"},{\"@type\":\"WebPage\",\"@id\":\"https:\\\/\\\/www.planetel.it\\\/en\\\/2025\\\/06\\\/day-home-planetel-internet-veloce-solo-nei-giorni-che-contano\\\/\",\"url\":\"https:\\\/\\\/www.planetel.it\\\/en\\\/2025\\\/06\\\/day-home-planetel-internet-veloce-solo-nei-giorni-che-contano\\\/\",\"name\":\"Day Home di Planetel: Internet veloce solo nei giorni che contano.\",\"isPartOf\":{\"@id\":\"https:\\\/\\\/www.planetel.it\\\/en\\\/#website\"},\"primaryImageOfPage\":{\"@id\":\"https:\\\/\\\/www.planetel.it\\\/en\\\/2025\\\/06\\\/day-home-planetel-internet-veloce-solo-nei-giorni-che-contano\\\/#primaryimage\"},\"image\":{\"@id\":\"https:\\\/\\\/www.planetel.it\\\/en\\\/2025\\\/06\\\/day-home-planetel-internet-veloce-solo-nei-giorni-che-contano\\\/#primaryimage\"},\"thumbnailUrl\":\"https:\\\/\\\/www.planetel.it\\\/wp-content\\\/uploads\\\/2025\\\/06\\\/day-home-blog.jpg\",\"datePublished\":\"2025-06-30T06:30:00+00:00\",\"description\":\"Scopri Day Home di Planetel, la connessione per seconde case, residence e B&B flessibile per essere connessi solo quando serve.\",\"breadcrumb\":{\"@id\":\"https:\\\/\\\/www.planetel.it\\\/en\\\/2025\\\/06\\\/day-home-planetel-internet-veloce-solo-nei-giorni-che-contano\\\/#breadcrumb\"},\"inLanguage\":\"en-US\",\"potentialAction\":[{\"@type\":\"ReadAction\",\"target\":[\"https:\\\/\\\/www.planetel.it\\\/en\\\/2025\\\/06\\\/day-home-planetel-internet-veloce-solo-nei-giorni-che-contano\\\/\"]}]},{\"@type\":\"ImageObject\",\"inLanguage\":\"en-US\",\"@id\":\"https:\\\/\\\/www.planetel.it\\\/en\\\/2025\\\/06\\\/day-home-planetel-internet-veloce-solo-nei-giorni-che-contano\\\/#primaryimage\",\"url\":\"https:\\\/\\\/www.planetel.it\\\/wp-content\\\/uploads\\\/2025\\\/06\\\/day-home-blog.jpg\",\"contentUrl\":\"https:\\\/\\\/www.planetel.it\\\/wp-content\\\/uploads\\\/2025\\\/06\\\/day-home-blog.jpg\",\"width\":1200,\"height\":630,\"caption\":\"Day Home Planetel\"},{\"@type\":\"BreadcrumbList\",\"@id\":\"https:\\\/\\\/www.planetel.it\\\/en\\\/2025\\\/06\\\/day-home-planetel-internet-veloce-solo-nei-giorni-che-contano\\\/#breadcrumb\",\"itemListElement\":[{\"@type\":\"ListItem\",\"position\":1,\"name\":\"Home\",\"item\":\"https:\\\/\\\/www.planetel.it\\\/en\\\/\"},{\"@type\":\"ListItem\",\"position\":2,\"name\":\"Servizi\",\"item\":\"https:\\\/\\\/www.planetel.it\\\/news\\\/blog\\\/categoria\\\/servizi\\\/\"},{\"@type\":\"ListItem\",\"position\":3,\"name\":\"Connettivit\u00e0 Fibra ottica\",\"item\":\"https:\\\/\\\/www.planetel.it\\\/news\\\/blog\\\/categoria\\\/connettivita-fibra-ottica\\\/\"},{\"@type\":\"ListItem\",\"position\":4,\"name\":\"Day Home Planetel: internet veloce solo nei giorni che contano\"}]},{\"@type\":\"WebSite\",\"@id\":\"https:\\\/\\\/www.planetel.it\\\/en\\\/#website\",\"url\":\"https:\\\/\\\/www.planetel.it\\\/en\\\/\",\"name\":\"Planetel\",\"description\":\"Pi\u00f9 che una connessione\",\"publisher\":{\"@id\":\"https:\\\/\\\/www.planetel.it\\\/en\\\/#organization\"},\"potentialAction\":[{\"@type\":\"SearchAction\",\"target\":{\"@type\":\"EntryPoint\",\"urlTemplate\":\"https:\\\/\\\/www.planetel.it\\\/en\\\/?s={search_term_string}\"},\"query-input\":{\"@type\":\"PropertyValueSpecification\",\"valueRequired\":true,\"valueName\":\"search_term_string\"}}],\"inLanguage\":\"en-US\"},{\"@type\":\"Organization\",\"@id\":\"https:\\\/\\\/www.planetel.it\\\/en\\\/#organization\",\"name\":\"Planetel S.p.A.\",\"url\":\"https:\\\/\\\/www.planetel.it\\\/en\\\/\",\"logo\":{\"@type\":\"ImageObject\",\"inLanguage\":\"en-US\",\"@id\":\"https:\\\/\\\/www.planetel.it\\\/en\\\/#\\\/schema\\\/logo\\\/image\\\/\",\"url\":\"https:\\\/\\\/www.planetel.it\\\/wp-content\\\/uploads\\\/2024\\\/04\\\/logo-group-planetel.svg\",\"contentUrl\":\"https:\\\/\\\/www.planetel.it\\\/wp-content\\\/uploads\\\/2024\\\/04\\\/logo-group-planetel.svg\",\"width\":1,\"height\":1,\"caption\":\"Planetel S.p.A.\"},\"image\":{\"@id\":\"https:\\\/\\\/www.planetel.it\\\/en\\\/#\\\/schema\\\/logo\\\/image\\\/\"},\"sameAs\":[\"https:\\\/\\\/www.facebook.com\\\/planetelspa\",\"https:\\\/\\\/www.linkedin.com\\\/company\\\/planetel\",\"https:\\\/\\\/www.instagram.com\\\/planetelspa\"]},{\"@type\":\"Person\",\"@id\":\"https:\\\/\\\/www.planetel.it\\\/en\\\/#\\\/schema\\\/person\\\/8e74703d23ff222042246a845bb004fa\",\"name\":\"Andrea Brumana\",\"image\":{\"@type\":\"ImageObject\",\"inLanguage\":\"en-US\",\"@id\":\"https:\\\/\\\/secure.gravatar.com\\\/avatar\\\/9a839884f24513d8bf063a907c74d8d2483fb1c4bbbf7cf7222c3e08581e4219?s=96&d=mm&r=g\",\"url\":\"https:\\\/\\\/secure.gravatar.com\\\/avatar\\\/9a839884f24513d8bf063a907c74d8d2483fb1c4bbbf7cf7222c3e08581e4219?s=96&d=mm&r=g\",\"contentUrl\":\"https:\\\/\\\/secure.gravatar.com\\\/avatar\\\/9a839884f24513d8bf063a907c74d8d2483fb1c4bbbf7cf7222c3e08581e4219?s=96&d=mm&r=g\",\"caption\":\"Andrea Brumana\"},\"url\":\"https:\\\/\\\/www.planetel.it\\\/en\\\/author\\\/a-brumana\\\/\"}]}<\/script>\n<!-- \/ Yoast SEO plugin. -->","yoast_head_json":{"title":"Day Home di Planetel: Internet veloce solo nei giorni che contano.","description":"Scopri Day Home di Planetel, la connessione per seconde case, residence e B&B flessibile per essere connessi solo quando serve.","robots":{"index":"index","follow":"follow","max-snippet":"max-snippet:-1","max-image-preview":"max-image-preview:large","max-video-preview":"max-video-preview:-1"},"canonical":"https:\/\/www.planetel.it\/en\/2025\/06\/day-home-planetel-internet-veloce-solo-nei-giorni-che-contano\/","og_locale":"en_US","og_type":"article","og_title":"Day Home di Planetel: Internet veloce solo nei giorni che contano.","og_description":"Scopri Day Home di Planetel, la connessione per seconde case, residence e B&B flessibile per essere connessi solo quando serve.","og_url":"https:\/\/www.planetel.it\/en\/2025\/06\/day-home-planetel-internet-veloce-solo-nei-giorni-che-contano\/","og_site_name":"Planetel","article_publisher":"https:\/\/www.facebook.com\/planetelspa","article_published_time":"2025-06-30T06:30:00+00:00","og_image":[{"width":1200,"height":630,"url":"https:\/\/www.planetel.it\/wp-content\/uploads\/2025\/06\/day-home-blog.jpg","type":"image\/jpeg"}],"twitter_card":"summary_large_image","twitter_misc":{"Written by":"Andrea Brumana","Est. reading time":"3 minutes"},"schema":{"@context":"https:\/\/schema.org","@graph":[{"@type":"Article","@id":"https:\/\/www.planetel.it\/en\/2025\/06\/day-home-planetel-internet-veloce-solo-nei-giorni-che-contano\/#article","isPartOf":{"@id":"https:\/\/www.planetel.it\/en\/2025\/06\/day-home-planetel-internet-veloce-solo-nei-giorni-che-contano\/"},"author":{"name":"Andrea Brumana","@id":"https:\/\/www.planetel.it\/en\/#\/schema\/person\/8e74703d23ff222042246a845bb004fa"},"headline":"Day Home Planetel: internet veloce solo nei giorni che contano","datePublished":"2025-06-30T06:30:00+00:00","mainEntityOfPage":{"@id":"https:\/\/www.planetel.it\/en\/2025\/06\/day-home-planetel-internet-veloce-solo-nei-giorni-che-contano\/"},"wordCount":471,"publisher":{"@id":"https:\/\/www.planetel.it\/en\/#organization"},"image":{"@id":"https:\/\/www.planetel.it\/en\/2025\/06\/day-home-planetel-internet-veloce-solo-nei-giorni-che-contano\/#primaryimage"},"thumbnailUrl":"https:\/\/www.planetel.it\/wp-content\/uploads\/2025\/06\/day-home-blog.jpg","keywords":["Planetel","Fibra ottica","connettivit\u00e0","Day Home"],"articleSection":["Connettivit\u00e0 Fibra ottica","Privati"],"inLanguage":"en-US"},{"@type":"WebPage","@id":"https:\/\/www.planetel.it\/en\/2025\/06\/day-home-planetel-internet-veloce-solo-nei-giorni-che-contano\/","url":"https:\/\/www.planetel.it\/en\/2025\/06\/day-home-planetel-internet-veloce-solo-nei-giorni-che-contano\/","name":"Day Home di Planetel: Internet veloce solo nei giorni che contano.","isPartOf":{"@id":"https:\/\/www.planetel.it\/en\/#website"},"primaryImageOfPage":{"@id":"https:\/\/www.planetel.it\/en\/2025\/06\/day-home-planetel-internet-veloce-solo-nei-giorni-che-contano\/#primaryimage"},"image":{"@id":"https:\/\/www.planetel.it\/en\/2025\/06\/day-home-planetel-internet-veloce-solo-nei-giorni-che-contano\/#primaryimage"},"thumbnailUrl":"https:\/\/www.planetel.it\/wp-content\/uploads\/2025\/06\/day-home-blog.jpg","datePublished":"2025-06-30T06:30:00+00:00","description":"Scopri Day Home di Planetel, la connessione per seconde case, residence e B&B flessibile per essere connessi solo quando serve.","breadcrumb":{"@id":"https:\/\/www.planetel.it\/en\/2025\/06\/day-home-planetel-internet-veloce-solo-nei-giorni-che-contano\/#breadcrumb"},"inLanguage":"en-US","potentialAction":[{"@type":"ReadAction","target":["https:\/\/www.planetel.it\/en\/2025\/06\/day-home-planetel-internet-veloce-solo-nei-giorni-che-contano\/"]}]},{"@type":"ImageObject","inLanguage":"en-US","@id":"https:\/\/www.planetel.it\/en\/2025\/06\/day-home-planetel-internet-veloce-solo-nei-giorni-che-contano\/#primaryimage","url":"https:\/\/www.planetel.it\/wp-content\/uploads\/2025\/06\/day-home-blog.jpg","contentUrl":"https:\/\/www.planetel.it\/wp-content\/uploads\/2025\/06\/day-home-blog.jpg","width":1200,"height":630,"caption":"Day Home Planetel"},{"@type":"BreadcrumbList","@id":"https:\/\/www.planetel.it\/en\/2025\/06\/day-home-planetel-internet-veloce-solo-nei-giorni-che-contano\/#breadcrumb","itemListElement":[{"@type":"ListItem","position":1,"name":"Home","item":"https:\/\/www.planetel.it\/en\/"},{"@type":"ListItem","position":2,"name":"Servizi","item":"https:\/\/www.planetel.it\/news\/blog\/categoria\/servizi\/"},{"@type":"ListItem","position":3,"name":"Connettivit\u00e0 Fibra ottica","item":"https:\/\/www.planetel.it\/news\/blog\/categoria\/connettivita-fibra-ottica\/"},{"@type":"ListItem","position":4,"name":"Day Home Planetel: internet veloce solo nei giorni che contano"}]},{"@type":"WebSite","@id":"https:\/\/www.planetel.it\/en\/#website","url":"https:\/\/www.planetel.it\/en\/","name":"Planetel","description":"Pi\u00f9 che una connessione","publisher":{"@id":"https:\/\/www.planetel.it\/en\/#organization"},"potentialAction":[{"@type":"SearchAction","target":{"@type":"EntryPoint","urlTemplate":"https:\/\/www.planetel.it\/en\/?s={search_term_string}"},"query-input":{"@type":"PropertyValueSpecification","valueRequired":true,"valueName":"search_term_string"}}],"inLanguage":"en-US"},{"@type":"Organization","@id":"https:\/\/www.planetel.it\/en\/#organization","name":"Planetel S.p.A.","url":"https:\/\/www.planetel.it\/en\/","logo":{"@type":"ImageObject","inLanguage":"en-US","@id":"https:\/\/www.planetel.it\/en\/#\/schema\/logo\/image\/","url":"https:\/\/www.planetel.it\/wp-content\/uploads\/2024\/04\/logo-group-planetel.svg","contentUrl":"https:\/\/www.planetel.it\/wp-content\/uploads\/2024\/04\/logo-group-planetel.svg","width":1,"height":1,"caption":"Planetel S.p.A."},"image":{"@id":"https:\/\/www.planetel.it\/en\/#\/schema\/logo\/image\/"},"sameAs":["https:\/\/www.facebook.com\/planetelspa","https:\/\/www.linkedin.com\/company\/planetel","https:\/\/www.instagram.com\/planetelspa"]},{"@type":"Person","@id":"https:\/\/www.planetel.it\/en\/#\/schema\/person\/8e74703d23ff222042246a845bb004fa","name":"Andrea Brumana","image":{"@type":"ImageObject","inLanguage":"en-US","@id":"https:\/\/secure.gravatar.com\/avatar\/9a839884f24513d8bf063a907c74d8d2483fb1c4bbbf7cf7222c3e08581e4219?s=96&d=mm&r=g","url":"https:\/\/secure.gravatar.com\/avatar\/9a839884f24513d8bf063a907c74d8d2483fb1c4bbbf7cf7222c3e08581e4219?s=96&d=mm&r=g","contentUrl":"https:\/\/secure.gravatar.com\/avatar\/9a839884f24513d8bf063a907c74d8d2483fb1c4bbbf7cf7222c3e08581e4219?s=96&d=mm&r=g","caption":"Andrea Brumana"},"url":"https:\/\/www.planetel.it\/en\/author\/a-brumana\/"}]}},"_links":{"self":[{"href":"https:\/\/www.planetel.it\/en\/wp-json\/wp\/v2\/posts\/65938","targetHints":{"allow":["GET"]}}],"collection":[{"href":"https:\/\/www.planetel.it\/en\/wp-json\/wp\/v2\/posts"}],"about":[{"href":"https:\/\/www.planetel.it\/en\/wp-json\/wp\/v2\/types\/post"}],"author":[{"embeddable":true,"href":"https:\/\/www.planetel.it\/en\/wp-json\/wp\/v2\/users\/4"}],"replies":[{"embeddable":true,"href":"https:\/\/www.planetel.it\/en\/wp-json\/wp\/v2\/comments?post=65938"}],"version-history":[{"count":1,"href":"https:\/\/www.planetel.it\/en\/wp-json\/wp\/v2\/posts\/65938\/revisions"}],"predecessor-version":[{"id":65946,"href":"https:\/\/www.planetel.it\/en\/wp-json\/wp\/v2\/posts\/65938\/revisions\/65946"}],"wp:featuredmedia":[{"embeddable":true,"href":"https:\/\/www.planetel.it\/en\/wp-json\/wp\/v2\/media\/65944"}],"wp:attachment":[{"href":"https:\/\/www.planetel.it\/en\/wp-json\/wp\/v2\/media?parent=65938"}],"wp:term":[{"taxonomy":"category","embeddable":true,"href":"https:\/\/www.planetel.it\/en\/wp-json\/wp\/v2\/categories?post=65938"},{"taxonomy":"post_tag","embeddable":true,"href":"https:\/\/www.planetel.it\/en\/wp-json\/wp\/v2\/tags?post=65938"},{"taxonomy":"service_category","embeddable":true,"href":"https:\/\/www.planetel.it\/en\/wp-json\/wp\/v2\/service_category?post=65938"}],"curies":[{"name":"wp","href":"https:\/\/api.w.org\/{rel}","templated":true}]}}