{"id":66672,"date":"2025-07-09T15:04:51","date_gmt":"2025-07-09T13:04:51","guid":{"rendered":"https:\/\/www.planetel.it\/?p=66672"},"modified":"2025-07-09T15:04:56","modified_gmt":"2025-07-09T13:04:56","slug":"fibra-ottica-ftth-planetel-per-il-b2b","status":"publish","type":"post","link":"https:\/\/www.planetel.it\/en\/2025\/07\/fibra-ottica-ftth-planetel-per-il-b2b\/","title":{"rendered":"Fibra ottica FTTH Planetel: la svolta nella connettivit\u00e0 B2B"},"content":{"rendered":"\n<p>La soluzione di connettivit\u00e0 in <a href=\"https:\/\/www.planetel.it\/servizi\/telecomunicazioni\/connettivita-fibra-ottica\/\" target=\"_blank\" rel=\"noreferrer noopener\"><strong>Fibra ottica FTTH<\/strong><\/a><strong> di Planetel garantisce prestazioni, velocit\u00e0 e stabilit\u00e0 <\/strong>sia al mercato domestico sia, soprattutto, a quello business, mettendo a disposizione di aziende e organizzazioni un\u2019infrastruttura all\u2019avanguardia per il loro processo di &nbsp;trasformazione digitale.<\/p>\n\n\n\n<p>Tradotto in numeri, abbiamo sviluppato nel corso degli anni una dorsale in fibra ottica proprietaria di oltre 3.300\u202fkm, che copre quasi 300 comuni tra Lombardia e Veneto e interconnette ad anello 7 data center.<\/p>\n\n\n\n<p>Ci\u00f2 comporta, per le realt\u00e0 che decidono di affidarsi alla competenza di Planetel, un controllo totale su prestazioni, manutenzione e tempi di attivazione, nonch\u00e9 la sicurezza di una connettivit\u00e0 solida con latenze minime e un livello di servizio costante anche nei picchi di traffico.<\/p>\n\n\n\n<div style=\"height:30px\" aria-hidden=\"true\" class=\"wp-block-spacer\"><\/div>\n\n\n<h2 class=\"wp-block-heading\" id=\"fibra-ottica-ftth-planetel-e-le-sfide-del-mercato-b2b\">Fibra ottica FTTH Planetel e le sfide del mercato B2B<\/h2>\n\n\n<p>Guardando dati e tendenze, appare chiaro come negli anni recenti sia in corso un processo di digitalizzazione delle imprese italiane che parte inevitabilmente dalla richiesta di banda ultra-larga e da una connettivit\u00e0 in grado di sostenere l\u2019intera operativit\u00e0 aziendale.<\/p>\n\n\n\n<p>Questo significa avere fondamenta solide per far fronte a tutte le necessit\u00e0 con cui un\u2019azienda nel 2025 \u00e8 chiamata a confrontarsi. Collegamenti istantanei tra pi\u00f9 sedi, ottimizzazione dei processi interni, accesso rapido ai dati e alle piattaforme cloud, analisi dati in real\u2011time, gestione delle modalit\u00e0 di lavoro ibride e smart sono solo alcuni dei fattori che spingono la domanda verso <strong>soluzioni di connettivit\u00e0 FTTH estremamente prestazionali<\/strong>.<\/p>\n\n\n\n<p>Come risponde Planetel? In sostanza con <strong>architetture di rete FTTH adatte e adattabili a qualsiasi realt\u00e0 aziendale<\/strong>. Infatti, mettiamo a disposizione dei nostri clienti sia profili condivisi con velocit\u00e0 fino a 10\u202fGb\/s e banda garantita fino al 50%, sia profili dedicati che raggiungono i 100\u202fGb\/s e garantiscono fino al 99% di banda.<\/p>\n\n\n\n<div style=\"height:30px\" aria-hidden=\"true\" class=\"wp-block-spacer\"><\/div>\n\n\n<h3 class=\"wp-block-heading\" id=\"efficienza-operativa-e-continuita-garantita\">Efficienza operativa e continuit\u00e0 garantita<\/h3>\n\n\n<p>Per un\u2019azienda, ogni minuto di inattivit\u00e0 pu\u00f2 avere conseguenze significative in termini economici e reputazionali. Con Planetel <strong>l\u2019efficienza operativa e la continuit\u00e0 sono assicurate<\/strong>, garantendo cos\u00ec sicurezza e affidabilit\u00e0 in relazione alle attivit\u00e0 critiche di ciascuna organizzazione: sincronizzazione immediata con il cloud, gestione ottimizzata dei picchi di traffico, conformit\u00e0 alla normativa e sicurezza dei dati.<\/p>\n\n\n\n<div style=\"height:30px\" aria-hidden=\"true\" class=\"wp-block-spacer\"><\/div>\n\n\n<h3 class=\"wp-block-heading\" id=\"smart-working-e-collaborazione-distribuita\">Smart working e collaborazione distribuita <\/h3>\n\n\n<p>La diffusione di modelli di lavoro ibridi, flessibili e decentralizzati richiede <strong>connessioni stabili, veloci e sicure<\/strong>. Con Planetel, ogni utente, anche da remoto, sperimenta la stessa qualit\u00e0 ed efficienza operativa della sede principale. Le videochiamate ad alta risoluzione, l\u2019accesso VPN e i tool di collaborazione cloud diventano fluidi, senza interruzioni n\u00e9 degradazioni.<\/p>\n\n\n\n<div style=\"height:30px\" aria-hidden=\"true\" class=\"wp-block-spacer\"><\/div>\n\n\n<h3 class=\"wp-block-heading\" id=\"migrazione-al-cloud-e-integrazione-di-servizi\">Migrazione al cloud e integrazione di servizi<\/h3>\n\n\n<p>Una connettivit\u00e0 deve essere in grado di ottimizzare i servizi e i processi con cui un\u2019azienda si interfaccia quotidianamente. In tal senso, attraverso la scelta dei servizi Planetel su rete proprietaria, diamo ai nostri clienti la possibilit\u00e0 di avere <strong>linee punto-punto con larghezze e capacit\u00e0 di banda personalizzate, nonch\u00e9 collegamenti dedicati tra i nostri data center e le loro sedi sia in layer 2 che in layer 3<\/strong>. Ci\u00f2 significa che l\u2019infrastruttura in Fibra ottica FTTH di Planetel rende flessibili, personalizzabili e performanti in maniera pressoch\u00e9 totale i nostri servizi a valore aggiunto, quali Backup, Disaster Recovery e soluzioni IaaS, PaaS e SaaS, facendo s\u00ec che sia fortemente indicata per il perseguimento delle dinamiche IoT e di Industria 4.0 con cui, oggi, le imprese devono inevitabilmente fare i conti.<\/p>\n\n\n\n<div style=\"height:30px\" aria-hidden=\"true\" class=\"wp-block-spacer\"><\/div>\n\n\n<h2 class=\"wp-block-heading\" id=\"il-valore-aggiunto-della-fibra-ottica-ftth-planetel-per-il-b2b\">Il valore aggiunto della Fibra ottica FTTH Planetel per il B2B <\/h2>\n\n\n<p>Nelle dinamiche del mercato B2B, la <strong>fibra ottica FTTH di Planetel rappresenta un asset strategico<\/strong> che assicura alle aziende clienti banda ultraveloce, stabilit\u00e0 e sicurezza per migliorare la produttivit\u00e0 interna, garantire continuit\u00e0 operativa e sostenere modelli di lavoro innovativi.<\/p>\n\n\n\n<p>Tuttavia, non ci limitiamo a essere provider di connettivit\u00e0, ma affianchiamo le aziende a 360\u00b0 nel loro processo di trasformazione digitale con <a href=\"https:\/\/www.planetel.it\/servizi\/servizi-it-cloud\/\" target=\"_blank\" rel=\"noreferrer noopener\">soluzioni Cloud, IT e Cybersecurity<\/a> a valore aggiunto, la competenza di esperti qualificati e la qualit\u00e0 dell\u2019assistenza dedicata Planetel.<\/p>\n\n\n\n<div style=\"height:30px\" aria-hidden=\"true\" class=\"wp-block-spacer\"><\/div>\n\n\n\n<p class=\"has-text-align-center\"><strong>Porta la tua azienda nel futuro con la connettivit\u00e0 in Fibra ottica FTTH di Planetel.<\/strong><\/p>\n\n\n\n<div style=\"height:30px\" aria-hidden=\"true\" class=\"wp-block-spacer\"><\/div>\n\n\n\n<div class=\"wp-block-buttons is-content-justification-center is-layout-flex wp-container-core-buttons-is-layout-16018d1d wp-block-buttons-is-layout-flex\">\n<div class=\"wp-block-button\"><a class=\"wp-block-button__link has-white-color has-text-color has-background has-link-color has-medium-font-size has-custom-font-size wp-element-button\" href=\"tel:+39035204070\" style=\"border-radius:20px;background-color:#439f36\">Chiamaci<\/a><\/div>\n<\/div>\n\n\n\n<div style=\"height:30px\" aria-hidden=\"true\" class=\"wp-block-spacer\"><\/div>\n\n\n\n<div class=\"wp-block-buttons is-content-justification-center is-layout-flex wp-container-core-buttons-is-layout-16018d1d wp-block-buttons-is-layout-flex\">\n<div class=\"wp-block-button\"><a class=\"wp-block-button__link has-white-color has-text-color has-background has-link-color has-medium-font-size has-custom-font-size wp-element-button\" href=\"mailto:commerciale@planetel.it\" style=\"border-radius:20px;background-color:#439f36\">Scrivici<\/a><\/div>\n<\/div>\n","protected":false},"excerpt":{"rendered":"<p>La soluzione di connettivit\u00e0 in Fibra ottica FTTH di Planetel garantisce prestazioni, velocit\u00e0 e stabilit\u00e0 sia al mercato domestico sia, soprattutto, a quello business, mettendo a disposizione di aziende e organizzazioni un\u2019infrastruttura all\u2019avanguardia per il loro processo di &nbsp;trasformazione digitale. Tradotto in numeri, abbiamo sviluppato nel corso degli anni una dorsale in fibra ottica proprietaria [&hellip;]<\/p>\n","protected":false},"author":4,"featured_media":66673,"comment_status":"closed","ping_status":"closed","sticky":false,"template":"","format":"standard","meta":{"_acf_changed":false,"footnotes":""},"categories":[690,691,692,717,718,719],"tags":[358,379,421,859],"service_category":[312],"class_list":["post-66672","post","type-post","status-publish","format-standard","has-post-thumbnail","hentry","category-servizi","category-telecomunicazioni","category-connettivita-fibra-ottica","category-attivita-commerciali","category-medie-e-grandi-imprese","category-pubblica-amministrazione","tag-planetel","tag-fibra-ottica","tag-connettivita","tag-ftth","service_category-telecomunicazioni"],"acf":[],"yoast_head":"<!-- This site is optimized with the Yoast SEO plugin v27.3 - https:\/\/yoast.com\/product\/yoast-seo-wordpress\/ -->\n<title>Fibra ottica FTTH Planetel: connettivit\u00e0 ultraveloce per il B2B<\/title>\n<meta name=\"description\" content=\"Porta la tua azienda nel futuro con la Fibra ottica FTTH di Planetel: massima produttivit\u00e0 e processi ottimizzati per il B2B. Scopri di pi\u00f9.\" \/>\n<meta name=\"robots\" content=\"index, follow, max-snippet:-1, max-image-preview:large, max-video-preview:-1\" \/>\n<link rel=\"canonical\" href=\"https:\/\/www.planetel.it\/en\/2025\/07\/fibra-ottica-ftth-planetel-per-il-b2b\/\" \/>\n<meta property=\"og:locale\" content=\"en_US\" \/>\n<meta property=\"og:type\" content=\"article\" \/>\n<meta property=\"og:title\" content=\"Fibra ottica FTTH Planetel: connettivit\u00e0 ultraveloce per il B2B\" \/>\n<meta property=\"og:description\" content=\"Porta la tua azienda nel futuro con la Fibra ottica FTTH di Planetel: massima produttivit\u00e0 e processi ottimizzati per il B2B. Scopri di pi\u00f9.\" \/>\n<meta property=\"og:url\" content=\"https:\/\/www.planetel.it\/en\/2025\/07\/fibra-ottica-ftth-planetel-per-il-b2b\/\" \/>\n<meta property=\"og:site_name\" content=\"Planetel\" \/>\n<meta property=\"article:publisher\" content=\"https:\/\/www.facebook.com\/planetelspa\" \/>\n<meta property=\"article:published_time\" content=\"2025-07-09T13:04:51+00:00\" \/>\n<meta property=\"article:modified_time\" content=\"2025-07-09T13:04:56+00:00\" \/>\n<meta property=\"og:image\" content=\"https:\/\/www.planetel.it\/wp-content\/uploads\/2025\/07\/FTTH-per-B2B.png\" \/>\n\t<meta property=\"og:image:width\" content=\"1200\" \/>\n\t<meta property=\"og:image:height\" content=\"630\" \/>\n\t<meta property=\"og:image:type\" content=\"image\/png\" \/>\n<meta name=\"twitter:card\" content=\"summary_large_image\" \/>\n<meta name=\"twitter:label1\" content=\"Written by\" \/>\n\t<meta name=\"twitter:data1\" content=\"Andrea Brumana\" \/>\n\t<meta name=\"twitter:label2\" content=\"Est. reading time\" \/>\n\t<meta name=\"twitter:data2\" content=\"4 minutes\" \/>\n<script type=\"application\/ld+json\" class=\"yoast-schema-graph\">{\"@context\":\"https:\\\/\\\/schema.org\",\"@graph\":[{\"@type\":\"Article\",\"@id\":\"https:\\\/\\\/www.planetel.it\\\/en\\\/2025\\\/07\\\/fibra-ottica-ftth-planetel-per-il-b2b\\\/#article\",\"isPartOf\":{\"@id\":\"https:\\\/\\\/www.planetel.it\\\/en\\\/2025\\\/07\\\/fibra-ottica-ftth-planetel-per-il-b2b\\\/\"},\"author\":{\"name\":\"Andrea Brumana\",\"@id\":\"https:\\\/\\\/www.planetel.it\\\/en\\\/#\\\/schema\\\/person\\\/8e74703d23ff222042246a845bb004fa\"},\"headline\":\"Fibra ottica FTTH Planetel: la svolta nella connettivit\u00e0 B2B\",\"datePublished\":\"2025-07-09T13:04:51+00:00\",\"dateModified\":\"2025-07-09T13:04:56+00:00\",\"mainEntityOfPage\":{\"@id\":\"https:\\\/\\\/www.planetel.it\\\/en\\\/2025\\\/07\\\/fibra-ottica-ftth-planetel-per-il-b2b\\\/\"},\"wordCount\":663,\"publisher\":{\"@id\":\"https:\\\/\\\/www.planetel.it\\\/en\\\/#organization\"},\"image\":{\"@id\":\"https:\\\/\\\/www.planetel.it\\\/en\\\/2025\\\/07\\\/fibra-ottica-ftth-planetel-per-il-b2b\\\/#primaryimage\"},\"thumbnailUrl\":\"https:\\\/\\\/www.planetel.it\\\/wp-content\\\/uploads\\\/2025\\\/07\\\/FTTH-per-B2B.png\",\"keywords\":[\"Planetel\",\"Fibra ottica\",\"connettivit\u00e0\",\"FTTH\"],\"articleSection\":[\"Servizi\",\"Telecomunicazioni\",\"Connettivit\u00e0 Fibra ottica\",\"Attivit\u00e0 commerciali\",\"Medie e grandi Imprese\",\"Pubblica Amministrazione\"],\"inLanguage\":\"en-US\"},{\"@type\":\"WebPage\",\"@id\":\"https:\\\/\\\/www.planetel.it\\\/en\\\/2025\\\/07\\\/fibra-ottica-ftth-planetel-per-il-b2b\\\/\",\"url\":\"https:\\\/\\\/www.planetel.it\\\/en\\\/2025\\\/07\\\/fibra-ottica-ftth-planetel-per-il-b2b\\\/\",\"name\":\"Fibra ottica FTTH Planetel: connettivit\u00e0 ultraveloce per il B2B\",\"isPartOf\":{\"@id\":\"https:\\\/\\\/www.planetel.it\\\/en\\\/#website\"},\"primaryImageOfPage\":{\"@id\":\"https:\\\/\\\/www.planetel.it\\\/en\\\/2025\\\/07\\\/fibra-ottica-ftth-planetel-per-il-b2b\\\/#primaryimage\"},\"image\":{\"@id\":\"https:\\\/\\\/www.planetel.it\\\/en\\\/2025\\\/07\\\/fibra-ottica-ftth-planetel-per-il-b2b\\\/#primaryimage\"},\"thumbnailUrl\":\"https:\\\/\\\/www.planetel.it\\\/wp-content\\\/uploads\\\/2025\\\/07\\\/FTTH-per-B2B.png\",\"datePublished\":\"2025-07-09T13:04:51+00:00\",\"dateModified\":\"2025-07-09T13:04:56+00:00\",\"description\":\"Porta la tua azienda nel futuro con la Fibra ottica FTTH di Planetel: massima produttivit\u00e0 e processi ottimizzati per il B2B. Scopri di pi\u00f9.\",\"breadcrumb\":{\"@id\":\"https:\\\/\\\/www.planetel.it\\\/en\\\/2025\\\/07\\\/fibra-ottica-ftth-planetel-per-il-b2b\\\/#breadcrumb\"},\"inLanguage\":\"en-US\",\"potentialAction\":[{\"@type\":\"ReadAction\",\"target\":[\"https:\\\/\\\/www.planetel.it\\\/en\\\/2025\\\/07\\\/fibra-ottica-ftth-planetel-per-il-b2b\\\/\"]}]},{\"@type\":\"ImageObject\",\"inLanguage\":\"en-US\",\"@id\":\"https:\\\/\\\/www.planetel.it\\\/en\\\/2025\\\/07\\\/fibra-ottica-ftth-planetel-per-il-b2b\\\/#primaryimage\",\"url\":\"https:\\\/\\\/www.planetel.it\\\/wp-content\\\/uploads\\\/2025\\\/07\\\/FTTH-per-B2B.png\",\"contentUrl\":\"https:\\\/\\\/www.planetel.it\\\/wp-content\\\/uploads\\\/2025\\\/07\\\/FTTH-per-B2B.png\",\"width\":1200,\"height\":630,\"caption\":\"Fibra ottica FTTH Planetel\"},{\"@type\":\"BreadcrumbList\",\"@id\":\"https:\\\/\\\/www.planetel.it\\\/en\\\/2025\\\/07\\\/fibra-ottica-ftth-planetel-per-il-b2b\\\/#breadcrumb\",\"itemListElement\":[{\"@type\":\"ListItem\",\"position\":1,\"name\":\"Home\",\"item\":\"https:\\\/\\\/www.planetel.it\\\/en\\\/\"},{\"@type\":\"ListItem\",\"position\":2,\"name\":\"Servizi\",\"item\":\"https:\\\/\\\/www.planetel.it\\\/news\\\/blog\\\/categoria\\\/servizi\\\/\"},{\"@type\":\"ListItem\",\"position\":3,\"name\":\"Connettivit\u00e0 Fibra ottica\",\"item\":\"https:\\\/\\\/www.planetel.it\\\/news\\\/blog\\\/categoria\\\/connettivita-fibra-ottica\\\/\"},{\"@type\":\"ListItem\",\"position\":4,\"name\":\"Fibra ottica FTTH Planetel: la svolta nella connettivit\u00e0 B2B\"}]},{\"@type\":\"WebSite\",\"@id\":\"https:\\\/\\\/www.planetel.it\\\/en\\\/#website\",\"url\":\"https:\\\/\\\/www.planetel.it\\\/en\\\/\",\"name\":\"Planetel\",\"description\":\"Pi\u00f9 che una connessione\",\"publisher\":{\"@id\":\"https:\\\/\\\/www.planetel.it\\\/en\\\/#organization\"},\"potentialAction\":[{\"@type\":\"SearchAction\",\"target\":{\"@type\":\"EntryPoint\",\"urlTemplate\":\"https:\\\/\\\/www.planetel.it\\\/en\\\/?s={search_term_string}\"},\"query-input\":{\"@type\":\"PropertyValueSpecification\",\"valueRequired\":true,\"valueName\":\"search_term_string\"}}],\"inLanguage\":\"en-US\"},{\"@type\":\"Organization\",\"@id\":\"https:\\\/\\\/www.planetel.it\\\/en\\\/#organization\",\"name\":\"Planetel S.p.A.\",\"url\":\"https:\\\/\\\/www.planetel.it\\\/en\\\/\",\"logo\":{\"@type\":\"ImageObject\",\"inLanguage\":\"en-US\",\"@id\":\"https:\\\/\\\/www.planetel.it\\\/en\\\/#\\\/schema\\\/logo\\\/image\\\/\",\"url\":\"https:\\\/\\\/www.planetel.it\\\/wp-content\\\/uploads\\\/2024\\\/04\\\/logo-group-planetel.svg\",\"contentUrl\":\"https:\\\/\\\/www.planetel.it\\\/wp-content\\\/uploads\\\/2024\\\/04\\\/logo-group-planetel.svg\",\"width\":1,\"height\":1,\"caption\":\"Planetel S.p.A.\"},\"image\":{\"@id\":\"https:\\\/\\\/www.planetel.it\\\/en\\\/#\\\/schema\\\/logo\\\/image\\\/\"},\"sameAs\":[\"https:\\\/\\\/www.facebook.com\\\/planetelspa\",\"https:\\\/\\\/www.linkedin.com\\\/company\\\/planetel\",\"https:\\\/\\\/www.instagram.com\\\/planetelspa\"]},{\"@type\":\"Person\",\"@id\":\"https:\\\/\\\/www.planetel.it\\\/en\\\/#\\\/schema\\\/person\\\/8e74703d23ff222042246a845bb004fa\",\"name\":\"Andrea Brumana\",\"image\":{\"@type\":\"ImageObject\",\"inLanguage\":\"en-US\",\"@id\":\"https:\\\/\\\/secure.gravatar.com\\\/avatar\\\/9a839884f24513d8bf063a907c74d8d2483fb1c4bbbf7cf7222c3e08581e4219?s=96&d=mm&r=g\",\"url\":\"https:\\\/\\\/secure.gravatar.com\\\/avatar\\\/9a839884f24513d8bf063a907c74d8d2483fb1c4bbbf7cf7222c3e08581e4219?s=96&d=mm&r=g\",\"contentUrl\":\"https:\\\/\\\/secure.gravatar.com\\\/avatar\\\/9a839884f24513d8bf063a907c74d8d2483fb1c4bbbf7cf7222c3e08581e4219?s=96&d=mm&r=g\",\"caption\":\"Andrea Brumana\"},\"url\":\"https:\\\/\\\/www.planetel.it\\\/en\\\/author\\\/a-brumana\\\/\"}]}<\/script>\n<!-- \/ Yoast SEO plugin. -->","yoast_head_json":{"title":"Fibra ottica FTTH Planetel: connettivit\u00e0 ultraveloce per il B2B","description":"Porta la tua azienda nel futuro con la Fibra ottica FTTH di Planetel: massima produttivit\u00e0 e processi ottimizzati per il B2B. Scopri di pi\u00f9.","robots":{"index":"index","follow":"follow","max-snippet":"max-snippet:-1","max-image-preview":"max-image-preview:large","max-video-preview":"max-video-preview:-1"},"canonical":"https:\/\/www.planetel.it\/en\/2025\/07\/fibra-ottica-ftth-planetel-per-il-b2b\/","og_locale":"en_US","og_type":"article","og_title":"Fibra ottica FTTH Planetel: connettivit\u00e0 ultraveloce per il B2B","og_description":"Porta la tua azienda nel futuro con la Fibra ottica FTTH di Planetel: massima produttivit\u00e0 e processi ottimizzati per il B2B. Scopri di pi\u00f9.","og_url":"https:\/\/www.planetel.it\/en\/2025\/07\/fibra-ottica-ftth-planetel-per-il-b2b\/","og_site_name":"Planetel","article_publisher":"https:\/\/www.facebook.com\/planetelspa","article_published_time":"2025-07-09T13:04:51+00:00","article_modified_time":"2025-07-09T13:04:56+00:00","og_image":[{"width":1200,"height":630,"url":"https:\/\/www.planetel.it\/wp-content\/uploads\/2025\/07\/FTTH-per-B2B.png","type":"image\/png"}],"twitter_card":"summary_large_image","twitter_misc":{"Written by":"Andrea Brumana","Est. reading time":"4 minutes"},"schema":{"@context":"https:\/\/schema.org","@graph":[{"@type":"Article","@id":"https:\/\/www.planetel.it\/en\/2025\/07\/fibra-ottica-ftth-planetel-per-il-b2b\/#article","isPartOf":{"@id":"https:\/\/www.planetel.it\/en\/2025\/07\/fibra-ottica-ftth-planetel-per-il-b2b\/"},"author":{"name":"Andrea Brumana","@id":"https:\/\/www.planetel.it\/en\/#\/schema\/person\/8e74703d23ff222042246a845bb004fa"},"headline":"Fibra ottica FTTH Planetel: la svolta nella connettivit\u00e0 B2B","datePublished":"2025-07-09T13:04:51+00:00","dateModified":"2025-07-09T13:04:56+00:00","mainEntityOfPage":{"@id":"https:\/\/www.planetel.it\/en\/2025\/07\/fibra-ottica-ftth-planetel-per-il-b2b\/"},"wordCount":663,"publisher":{"@id":"https:\/\/www.planetel.it\/en\/#organization"},"image":{"@id":"https:\/\/www.planetel.it\/en\/2025\/07\/fibra-ottica-ftth-planetel-per-il-b2b\/#primaryimage"},"thumbnailUrl":"https:\/\/www.planetel.it\/wp-content\/uploads\/2025\/07\/FTTH-per-B2B.png","keywords":["Planetel","Fibra ottica","connettivit\u00e0","FTTH"],"articleSection":["Servizi","Telecomunicazioni","Connettivit\u00e0 Fibra ottica","Attivit\u00e0 commerciali","Medie e grandi Imprese","Pubblica Amministrazione"],"inLanguage":"en-US"},{"@type":"WebPage","@id":"https:\/\/www.planetel.it\/en\/2025\/07\/fibra-ottica-ftth-planetel-per-il-b2b\/","url":"https:\/\/www.planetel.it\/en\/2025\/07\/fibra-ottica-ftth-planetel-per-il-b2b\/","name":"Fibra ottica FTTH Planetel: connettivit\u00e0 ultraveloce per il B2B","isPartOf":{"@id":"https:\/\/www.planetel.it\/en\/#website"},"primaryImageOfPage":{"@id":"https:\/\/www.planetel.it\/en\/2025\/07\/fibra-ottica-ftth-planetel-per-il-b2b\/#primaryimage"},"image":{"@id":"https:\/\/www.planetel.it\/en\/2025\/07\/fibra-ottica-ftth-planetel-per-il-b2b\/#primaryimage"},"thumbnailUrl":"https:\/\/www.planetel.it\/wp-content\/uploads\/2025\/07\/FTTH-per-B2B.png","datePublished":"2025-07-09T13:04:51+00:00","dateModified":"2025-07-09T13:04:56+00:00","description":"Porta la tua azienda nel futuro con la Fibra ottica FTTH di Planetel: massima produttivit\u00e0 e processi ottimizzati per il B2B. Scopri di pi\u00f9.","breadcrumb":{"@id":"https:\/\/www.planetel.it\/en\/2025\/07\/fibra-ottica-ftth-planetel-per-il-b2b\/#breadcrumb"},"inLanguage":"en-US","potentialAction":[{"@type":"ReadAction","target":["https:\/\/www.planetel.it\/en\/2025\/07\/fibra-ottica-ftth-planetel-per-il-b2b\/"]}]},{"@type":"ImageObject","inLanguage":"en-US","@id":"https:\/\/www.planetel.it\/en\/2025\/07\/fibra-ottica-ftth-planetel-per-il-b2b\/#primaryimage","url":"https:\/\/www.planetel.it\/wp-content\/uploads\/2025\/07\/FTTH-per-B2B.png","contentUrl":"https:\/\/www.planetel.it\/wp-content\/uploads\/2025\/07\/FTTH-per-B2B.png","width":1200,"height":630,"caption":"Fibra ottica FTTH Planetel"},{"@type":"BreadcrumbList","@id":"https:\/\/www.planetel.it\/en\/2025\/07\/fibra-ottica-ftth-planetel-per-il-b2b\/#breadcrumb","itemListElement":[{"@type":"ListItem","position":1,"name":"Home","item":"https:\/\/www.planetel.it\/en\/"},{"@type":"ListItem","position":2,"name":"Servizi","item":"https:\/\/www.planetel.it\/news\/blog\/categoria\/servizi\/"},{"@type":"ListItem","position":3,"name":"Connettivit\u00e0 Fibra ottica","item":"https:\/\/www.planetel.it\/news\/blog\/categoria\/connettivita-fibra-ottica\/"},{"@type":"ListItem","position":4,"name":"Fibra ottica FTTH Planetel: la svolta nella connettivit\u00e0 B2B"}]},{"@type":"WebSite","@id":"https:\/\/www.planetel.it\/en\/#website","url":"https:\/\/www.planetel.it\/en\/","name":"Planetel","description":"Pi\u00f9 che una connessione","publisher":{"@id":"https:\/\/www.planetel.it\/en\/#organization"},"potentialAction":[{"@type":"SearchAction","target":{"@type":"EntryPoint","urlTemplate":"https:\/\/www.planetel.it\/en\/?s={search_term_string}"},"query-input":{"@type":"PropertyValueSpecification","valueRequired":true,"valueName":"search_term_string"}}],"inLanguage":"en-US"},{"@type":"Organization","@id":"https:\/\/www.planetel.it\/en\/#organization","name":"Planetel S.p.A.","url":"https:\/\/www.planetel.it\/en\/","logo":{"@type":"ImageObject","inLanguage":"en-US","@id":"https:\/\/www.planetel.it\/en\/#\/schema\/logo\/image\/","url":"https:\/\/www.planetel.it\/wp-content\/uploads\/2024\/04\/logo-group-planetel.svg","contentUrl":"https:\/\/www.planetel.it\/wp-content\/uploads\/2024\/04\/logo-group-planetel.svg","width":1,"height":1,"caption":"Planetel S.p.A."},"image":{"@id":"https:\/\/www.planetel.it\/en\/#\/schema\/logo\/image\/"},"sameAs":["https:\/\/www.facebook.com\/planetelspa","https:\/\/www.linkedin.com\/company\/planetel","https:\/\/www.instagram.com\/planetelspa"]},{"@type":"Person","@id":"https:\/\/www.planetel.it\/en\/#\/schema\/person\/8e74703d23ff222042246a845bb004fa","name":"Andrea Brumana","image":{"@type":"ImageObject","inLanguage":"en-US","@id":"https:\/\/secure.gravatar.com\/avatar\/9a839884f24513d8bf063a907c74d8d2483fb1c4bbbf7cf7222c3e08581e4219?s=96&d=mm&r=g","url":"https:\/\/secure.gravatar.com\/avatar\/9a839884f24513d8bf063a907c74d8d2483fb1c4bbbf7cf7222c3e08581e4219?s=96&d=mm&r=g","contentUrl":"https:\/\/secure.gravatar.com\/avatar\/9a839884f24513d8bf063a907c74d8d2483fb1c4bbbf7cf7222c3e08581e4219?s=96&d=mm&r=g","caption":"Andrea Brumana"},"url":"https:\/\/www.planetel.it\/en\/author\/a-brumana\/"}]}},"_links":{"self":[{"href":"https:\/\/www.planetel.it\/en\/wp-json\/wp\/v2\/posts\/66672","targetHints":{"allow":["GET"]}}],"collection":[{"href":"https:\/\/www.planetel.it\/en\/wp-json\/wp\/v2\/posts"}],"about":[{"href":"https:\/\/www.planetel.it\/en\/wp-json\/wp\/v2\/types\/post"}],"author":[{"embeddable":true,"href":"https:\/\/www.planetel.it\/en\/wp-json\/wp\/v2\/users\/4"}],"replies":[{"embeddable":true,"href":"https:\/\/www.planetel.it\/en\/wp-json\/wp\/v2\/comments?post=66672"}],"version-history":[{"count":4,"href":"https:\/\/www.planetel.it\/en\/wp-json\/wp\/v2\/posts\/66672\/revisions"}],"predecessor-version":[{"id":66689,"href":"https:\/\/www.planetel.it\/en\/wp-json\/wp\/v2\/posts\/66672\/revisions\/66689"}],"wp:featuredmedia":[{"embeddable":true,"href":"https:\/\/www.planetel.it\/en\/wp-json\/wp\/v2\/media\/66673"}],"wp:attachment":[{"href":"https:\/\/www.planetel.it\/en\/wp-json\/wp\/v2\/media?parent=66672"}],"wp:term":[{"taxonomy":"category","embeddable":true,"href":"https:\/\/www.planetel.it\/en\/wp-json\/wp\/v2\/categories?post=66672"},{"taxonomy":"post_tag","embeddable":true,"href":"https:\/\/www.planetel.it\/en\/wp-json\/wp\/v2\/tags?post=66672"},{"taxonomy":"service_category","embeddable":true,"href":"https:\/\/www.planetel.it\/en\/wp-json\/wp\/v2\/service_category?post=66672"}],"curies":[{"name":"wp","href":"https:\/\/api.w.org\/{rel}","templated":true}]}}