{"id":67191,"date":"2025-07-23T08:30:00","date_gmt":"2025-07-23T06:30:00","guid":{"rendered":"https:\/\/www.planetel.it\/?p=67191"},"modified":"2025-07-22T09:07:09","modified_gmt":"2025-07-22T07:07:09","slug":"fantapoint-challenge-planetel-3-edizione-e-risultati-generali","status":"publish","type":"post","link":"https:\/\/www.planetel.it\/en\/2025\/07\/fantapoint-challenge-planetel-3-edizione-e-risultati-generali\/","title":{"rendered":"FantaPoint Challenge Planetel: 3\u00b0 edizione e risultati generali"},"content":{"rendered":"\n<div style=\"height:30px\" aria-hidden=\"true\" class=\"wp-block-spacer\"><\/div>\n\n\n\n<p>Con il mese di giugno si \u00e8 conclusa anche la 3\u00b0 e ultima edizione della <strong>FantaPoint Challenge 2024-2025<\/strong>, consentendoci di tirare le somme su questa bella esperienza di condivisione e gioco di squadra che abbiamo voluto costruire insieme ai nostri Planetel Point.<\/p>\n\n\n\n<p>Siamo entusiasti di evidenziare il successo dell\u2019iniziativa, che ha raggiunto l\u2019obiettivo principale che ci eravamo prefissati: <strong>fornire ai nostri clienti un servizio sempre pi\u00f9 efficiente e qualitativo<\/strong> attraverso la presenza capillare di Planetel nel territorio. E ci\u00f2 \u00e8 stato possibile grazie al lavoro dei Planetel Point, che ci hanno consentito di essere vicini alle persone con professionalit\u00e0 e competenza.<\/p>\n\n\n\n<div style=\"height:30px\" aria-hidden=\"true\" class=\"wp-block-spacer\"><\/div>\n\n\n<h2 class=\"wp-block-heading\" id=\"tutti-i-vincitori-della-fantapoint-challenge-planetel-20242025\">Tutti i vincitori della FantaPoint Challenge Planetel 2024-2025<\/h2>\n\n\n<p>Come per le precedenti edizioni, anche questa ha coinvolto i punti vendita di Lombardia e Veneto. Ribadendo il nostro ringraziamento a tutti i negozi che hanno preso parte alla \u201ccompetizione\u201d, vogliamo ora presentare i vincitori della 3\u00b0 edizione e dell\u2019intero anno.<\/p>\n\n\n\n<div style=\"height:30px\" aria-hidden=\"true\" class=\"wp-block-spacer\"><\/div>\n\n\n<h3 class=\"wp-block-heading\" id=\"i-vincitori-della-3%25c2%25b0-edizione-della-fantapoint-challenge\">I vincitori della 3\u00b0 edizione della FantaPoint Challenge<\/h3>\n\n\n<div style=\"height:30px\" aria-hidden=\"true\" class=\"wp-block-spacer\"><\/div>\n\n\n\n<p><strong>AREA LOMBARDIA<\/strong><\/p>\n\n\n\n<p>Ecco i vincitori dell\u2019area lombarda, che in questa 3\u00b0 edizione si sono distinti per il loro impegno e i risultati ottenuti.<\/p>\n\n\n\n<p><strong><span style=\"text-decoration: underline;\">GF impianti<\/span><\/strong> \u2013 Planetel Point a Curno (BG), in via Enrico Fermi 56.<\/p>\n\n\n\n<p><strong><span style=\"text-decoration: underline;\">Si&amp;Se<\/span><\/strong> \u2013 Planetel Point situato a Seriate (BG), in via Guglielmo Marconi 19B.<\/p>\n\n\n\n<p><strong><span style=\"text-decoration: underline;\">Mediaplanet<\/span><\/strong> \u2013 Planetel Point di Vigano S. Martino (BG), sito in via Nazionale 18.<\/p>\n\n\n\n<div style=\"height:30px\" aria-hidden=\"true\" class=\"wp-block-spacer\"><\/div>\n\n\n\n<p><strong>AREA VENETO<\/strong><\/p>\n\n\n\n<p>Ed ora, i negozi che hanno primeggiato nell\u2019area veneta.<\/p>\n\n\n\n<p><strong><span style=\"text-decoration: underline;\">Software 2000<\/span><\/strong> \u2013 Planetel Point collocato a Desenzano del Garda (BS), in P.za per la Concordia 24.<\/p>\n\n\n\n<p><strong><span style=\"text-decoration: underline;\">DB Elettronica<\/span><\/strong> \u2013 Planetel Point di Bardolino (VR), sito in Via Colombo 10\/12.<\/p>\n\n\n\n<div style=\"height:30px\" aria-hidden=\"true\" class=\"wp-block-spacer\"><\/div>\n\n\n<h3 class=\"wp-block-heading\" id=\"fantapoint-challenge-i-vincitori-dellintera-edizione-20242025\">FantaPoint Challenge: i vincitori dell\u2019intera edizione 2024-2025<\/h3>\n\n\n<p>Come detto, con la 3\u00b0 edizione si conclude anche l\u2019annualit\u00e0 2024-2025 della FantaPoint Challenge. Durante l\u2019<a href=\"https:\/\/youtube.com\/shorts\/-U5UHDO2qTY\" target=\"_blank\" rel=\"noreferrer noopener\">evento dedicato ai Planetel Point<\/a>, che si \u00e8 tenuto lo scorso 7 luglio, abbiamo voluto premiare i vincitori della classifica generale, ossia i punti vendita che nel complesso delle tre edizioni hanno primeggiato.<\/p>\n\n\n\n<div style=\"height:30px\" aria-hidden=\"true\" class=\"wp-block-spacer\"><\/div>\n\n\n\n<p><strong>AREA LOMBARDIA<\/strong><\/p>\n\n\n\n<div style=\"height:30px\" aria-hidden=\"true\" class=\"wp-block-spacer\"><\/div>\n\n\n\n<p><strong>Daylight 2.0<\/strong> \u2013 Planetel Point di Treviglio (BG), in Via Abate Crippa 1\/B<\/p>\n\n\n\n<figure class=\"wp-block-image size-full\"><img loading=\"lazy\" decoding=\"async\" width=\"2560\" height=\"1707\" src=\"https:\/\/www.planetel.it\/wp-content\/uploads\/2025\/07\/Daylight-scaled.jpg\" alt=\"\" class=\"wp-image-67200\" srcset=\"https:\/\/www.planetel.it\/wp-content\/uploads\/2025\/07\/Daylight-scaled.jpg 2560w, https:\/\/www.planetel.it\/wp-content\/uploads\/2025\/07\/Daylight-500x333.jpg 500w, https:\/\/www.planetel.it\/wp-content\/uploads\/2025\/07\/Daylight-2048x1365.jpg 2048w\" sizes=\"auto, (max-width: 2560px) 100vw, 2560px\" \/><\/figure>\n\n\n\n<div style=\"height:30px\" aria-hidden=\"true\" class=\"wp-block-spacer\"><\/div>\n\n\n\n<p><strong>DS Informatica<\/strong> \u2013 Planetel Point di Mozzanica (BG), sito in via Guglielmo Marconi 18<\/p>\n\n\n\n<figure class=\"wp-block-image size-full\"><img loading=\"lazy\" decoding=\"async\" width=\"2560\" height=\"1707\" src=\"https:\/\/www.planetel.it\/wp-content\/uploads\/2025\/07\/Ds-Informatica-scaled.jpg\" alt=\"\" class=\"wp-image-67202\" srcset=\"https:\/\/www.planetel.it\/wp-content\/uploads\/2025\/07\/Ds-Informatica-scaled.jpg 2560w, https:\/\/www.planetel.it\/wp-content\/uploads\/2025\/07\/Ds-Informatica-500x333.jpg 500w, https:\/\/www.planetel.it\/wp-content\/uploads\/2025\/07\/Ds-Informatica-2048x1365.jpg 2048w\" sizes=\"auto, (max-width: 2560px) 100vw, 2560px\" \/><\/figure>\n\n\n\n<div style=\"height:30px\" aria-hidden=\"true\" class=\"wp-block-spacer\"><\/div>\n\n\n\n<p><strong>Mediaplanet<\/strong> &#8211; Planetel Point di Vigano S. Martino (BG), in via Nazionale 18.<\/p>\n\n\n\n<figure class=\"wp-block-image size-full\"><img loading=\"lazy\" decoding=\"async\" width=\"2560\" height=\"1707\" src=\"https:\/\/www.planetel.it\/wp-content\/uploads\/2025\/07\/MediaPlanet-scaled.jpg\" alt=\"\" class=\"wp-image-67203\" srcset=\"https:\/\/www.planetel.it\/wp-content\/uploads\/2025\/07\/MediaPlanet-scaled.jpg 2560w, https:\/\/www.planetel.it\/wp-content\/uploads\/2025\/07\/MediaPlanet-500x333.jpg 500w, https:\/\/www.planetel.it\/wp-content\/uploads\/2025\/07\/MediaPlanet-2048x1365.jpg 2048w\" sizes=\"auto, (max-width: 2560px) 100vw, 2560px\" \/><\/figure>\n\n\n\n<div style=\"height:30px\" aria-hidden=\"true\" class=\"wp-block-spacer\"><\/div>\n\n\n\n<p><strong>AREA VENETO<\/strong><\/p>\n\n\n\n<div style=\"height:30px\" aria-hidden=\"true\" class=\"wp-block-spacer\"><\/div>\n\n\n\n<p><strong>DB Elettronica <\/strong>&#8211; Planetel Point di Bardolino (VR), sito in Via Colombo 10\/12.<\/p>\n\n\n\n<figure class=\"wp-block-image size-full\"><img loading=\"lazy\" decoding=\"async\" width=\"2560\" height=\"1707\" src=\"https:\/\/www.planetel.it\/wp-content\/uploads\/2025\/07\/DB-Elettronica-1-scaled.jpg\" alt=\"\" class=\"wp-image-67206\" srcset=\"https:\/\/www.planetel.it\/wp-content\/uploads\/2025\/07\/DB-Elettronica-1-scaled.jpg 2560w, https:\/\/www.planetel.it\/wp-content\/uploads\/2025\/07\/DB-Elettronica-1-500x333.jpg 500w, https:\/\/www.planetel.it\/wp-content\/uploads\/2025\/07\/DB-Elettronica-1-2048x1366.jpg 2048w\" sizes=\"auto, (max-width: 2560px) 100vw, 2560px\" \/><\/figure>\n\n\n\n<div style=\"height:30px\" aria-hidden=\"true\" class=\"wp-block-spacer\"><\/div>\n\n\n\n<p><strong>Digital Idea<\/strong> -Planetel Point di Bussolengo (VR), in via degli Astri 19<\/p>\n\n\n\n<figure class=\"wp-block-image size-full\"><img loading=\"lazy\" decoding=\"async\" width=\"2560\" height=\"1707\" src=\"https:\/\/www.planetel.it\/wp-content\/uploads\/2025\/07\/Digital-Idea-scaled.jpg\" alt=\"\" class=\"wp-image-67208\" srcset=\"https:\/\/www.planetel.it\/wp-content\/uploads\/2025\/07\/Digital-Idea-scaled.jpg 2560w, https:\/\/www.planetel.it\/wp-content\/uploads\/2025\/07\/Digital-Idea-500x333.jpg 500w, https:\/\/www.planetel.it\/wp-content\/uploads\/2025\/07\/Digital-Idea-2048x1365.jpg 2048w\" sizes=\"auto, (max-width: 2560px) 100vw, 2560px\" \/><\/figure>\n\n\n\n<div style=\"height:30px\" aria-hidden=\"true\" class=\"wp-block-spacer\"><\/div>\n\n\n<h2 class=\"wp-block-heading\" id=\"limportanza-dei-planetel-point-nel-modello-di-business-planetel\">L\u2019importanza dei Planetel Point nel modello di business Planetel<\/h2>\n\n\n<p>Ci\u00f2 che ci rende diversi dagli altri fornitori di soluzioni digitali \u00e8 la <strong>prossimit\u00e0 ai clienti e la capillarit\u00e0 <\/strong>che abbiamo all\u2019interno dei nostri territori. Tutto ci\u00f2 affiancato dai valori di professionalit\u00e0, vicinanza e umanit\u00e0 che ci contraddistinguono.<\/p>\n\n\n\n<p>In queste dinamiche, i Planetel Point rappresentano un asset importante per il modello di business di Planetel, essendo sostanzialmente uno dei touch point pi\u00f9 diretti nel rapporto con le persone.<\/p>\n\n\n\n<p>Pertanto, se desideri avere maggiori informazioni sui nostri servizi, attivare un servizio o scoprire le nuove offerte, <strong>cerca il Planetel Point pi\u00f9 vicino a te<\/strong> ed entra a far parte del mondo Planetel.<\/p>\n\n\n\n<div style=\"height:30px\" aria-hidden=\"true\" class=\"wp-block-spacer\"><\/div>\n\n\n\n<div class=\"wp-block-buttons is-content-justification-center is-layout-flex wp-container-core-buttons-is-layout-16018d1d wp-block-buttons-is-layout-flex\">\n<div class=\"wp-block-button is-style-fill\"><a class=\"wp-block-button__link has-white-color has-text-color has-background has-link-color has-medium-font-size has-custom-font-size wp-element-button\" href=\"https:\/\/fibra.planetel.it\/trova-point\/\" style=\"border-radius:20px;background-color:#439f36\" target=\"_blank\" rel=\"noreferrer noopener\">Trova il tuo Planetel Point<\/a><\/div>\n<\/div>\n","protected":false},"excerpt":{"rendered":"<p>Con il mese di giugno si \u00e8 conclusa anche la 3\u00b0 e ultima edizione della FantaPoint Challenge 2024-2025, consentendoci di tirare le somme su questa bella esperienza di condivisione e gioco di squadra che abbiamo voluto costruire insieme ai nostri Planetel Point. Siamo entusiasti di evidenziare il successo dell\u2019iniziativa, che ha raggiunto l\u2019obiettivo principale che [&hellip;]<\/p>\n","protected":false},"author":4,"featured_media":67194,"comment_status":"closed","ping_status":"closed","sticky":false,"template":"","format":"standard","meta":{"_acf_changed":false,"footnotes":""},"categories":[716,717,672],"tags":[847,433,358],"service_category":[],"class_list":["post-67191","post","type-post","status-publish","format-standard","has-post-thumbnail","hentry","category-privati","category-attivita-commerciali","category-planetel","tag-fantapoint-challenge","tag-planetel-point","tag-planetel"],"acf":[],"yoast_head":"<!-- This site is optimized with the Yoast SEO plugin v27.3 - https:\/\/yoast.com\/product\/yoast-seo-wordpress\/ -->\n<title>FantaPoint Challenge di Planetel: 3\u00b0 edizione e risultati generali<\/title>\n<meta name=\"description\" content=\"Scopri chi ha vinto la 3\u00b0 edizione e la classifica generale della FantaPoint Challenge organizzata da Planetel.\" \/>\n<meta name=\"robots\" content=\"index, follow, max-snippet:-1, max-image-preview:large, max-video-preview:-1\" \/>\n<link rel=\"canonical\" href=\"https:\/\/www.planetel.it\/en\/2025\/07\/fantapoint-challenge-planetel-3-edizione-e-risultati-generali\/\" \/>\n<meta property=\"og:locale\" content=\"en_US\" \/>\n<meta property=\"og:type\" content=\"article\" \/>\n<meta property=\"og:title\" content=\"FantaPoint Challenge di Planetel: 3\u00b0 edizione e risultati generali\" \/>\n<meta property=\"og:description\" content=\"Scopri chi ha vinto la 3\u00b0 edizione e la classifica generale della FantaPoint Challenge organizzata da Planetel.\" \/>\n<meta property=\"og:url\" content=\"https:\/\/www.planetel.it\/en\/2025\/07\/fantapoint-challenge-planetel-3-edizione-e-risultati-generali\/\" \/>\n<meta property=\"og:site_name\" content=\"Planetel\" \/>\n<meta property=\"article:publisher\" content=\"https:\/\/www.facebook.com\/planetelspa\" \/>\n<meta property=\"article:published_time\" content=\"2025-07-23T06:30:00+00:00\" \/>\n<meta property=\"og:image\" content=\"https:\/\/www.planetel.it\/wp-content\/uploads\/2025\/07\/Fantapoint-3-edizione-1.png\" \/>\n\t<meta property=\"og:image:width\" content=\"1200\" \/>\n\t<meta property=\"og:image:height\" content=\"630\" \/>\n\t<meta property=\"og:image:type\" content=\"image\/png\" \/>\n<meta name=\"twitter:card\" content=\"summary_large_image\" \/>\n<meta name=\"twitter:label1\" content=\"Written by\" \/>\n\t<meta name=\"twitter:data1\" content=\"Andrea Brumana\" \/>\n\t<meta name=\"twitter:label2\" content=\"Est. reading time\" \/>\n\t<meta name=\"twitter:data2\" content=\"4 minutes\" \/>\n<script type=\"application\/ld+json\" class=\"yoast-schema-graph\">{\"@context\":\"https:\\\/\\\/schema.org\",\"@graph\":[{\"@type\":\"Article\",\"@id\":\"https:\\\/\\\/www.planetel.it\\\/en\\\/2025\\\/07\\\/fantapoint-challenge-planetel-3-edizione-e-risultati-generali\\\/#article\",\"isPartOf\":{\"@id\":\"https:\\\/\\\/www.planetel.it\\\/en\\\/2025\\\/07\\\/fantapoint-challenge-planetel-3-edizione-e-risultati-generali\\\/\"},\"author\":{\"name\":\"Andrea Brumana\",\"@id\":\"https:\\\/\\\/www.planetel.it\\\/en\\\/#\\\/schema\\\/person\\\/8e74703d23ff222042246a845bb004fa\"},\"headline\":\"FantaPoint Challenge Planetel: 3\u00b0 edizione e risultati generali\",\"datePublished\":\"2025-07-23T06:30:00+00:00\",\"mainEntityOfPage\":{\"@id\":\"https:\\\/\\\/www.planetel.it\\\/en\\\/2025\\\/07\\\/fantapoint-challenge-planetel-3-edizione-e-risultati-generali\\\/\"},\"wordCount\":494,\"publisher\":{\"@id\":\"https:\\\/\\\/www.planetel.it\\\/en\\\/#organization\"},\"image\":{\"@id\":\"https:\\\/\\\/www.planetel.it\\\/en\\\/2025\\\/07\\\/fantapoint-challenge-planetel-3-edizione-e-risultati-generali\\\/#primaryimage\"},\"thumbnailUrl\":\"https:\\\/\\\/www.planetel.it\\\/wp-content\\\/uploads\\\/2025\\\/07\\\/Fantapoint-3-edizione-1.png\",\"keywords\":[\"FantaPoint Challenge\",\"Planetel Point\",\"Planetel\"],\"articleSection\":[\"Privati\",\"Attivit\u00e0 commerciali\",\"Planetel\"],\"inLanguage\":\"en-US\"},{\"@type\":\"WebPage\",\"@id\":\"https:\\\/\\\/www.planetel.it\\\/en\\\/2025\\\/07\\\/fantapoint-challenge-planetel-3-edizione-e-risultati-generali\\\/\",\"url\":\"https:\\\/\\\/www.planetel.it\\\/en\\\/2025\\\/07\\\/fantapoint-challenge-planetel-3-edizione-e-risultati-generali\\\/\",\"name\":\"FantaPoint Challenge di Planetel: 3\u00b0 edizione e risultati generali\",\"isPartOf\":{\"@id\":\"https:\\\/\\\/www.planetel.it\\\/en\\\/#website\"},\"primaryImageOfPage\":{\"@id\":\"https:\\\/\\\/www.planetel.it\\\/en\\\/2025\\\/07\\\/fantapoint-challenge-planetel-3-edizione-e-risultati-generali\\\/#primaryimage\"},\"image\":{\"@id\":\"https:\\\/\\\/www.planetel.it\\\/en\\\/2025\\\/07\\\/fantapoint-challenge-planetel-3-edizione-e-risultati-generali\\\/#primaryimage\"},\"thumbnailUrl\":\"https:\\\/\\\/www.planetel.it\\\/wp-content\\\/uploads\\\/2025\\\/07\\\/Fantapoint-3-edizione-1.png\",\"datePublished\":\"2025-07-23T06:30:00+00:00\",\"description\":\"Scopri chi ha vinto la 3\u00b0 edizione e la classifica generale della FantaPoint Challenge organizzata da Planetel.\",\"breadcrumb\":{\"@id\":\"https:\\\/\\\/www.planetel.it\\\/en\\\/2025\\\/07\\\/fantapoint-challenge-planetel-3-edizione-e-risultati-generali\\\/#breadcrumb\"},\"inLanguage\":\"en-US\",\"potentialAction\":[{\"@type\":\"ReadAction\",\"target\":[\"https:\\\/\\\/www.planetel.it\\\/en\\\/2025\\\/07\\\/fantapoint-challenge-planetel-3-edizione-e-risultati-generali\\\/\"]}]},{\"@type\":\"ImageObject\",\"inLanguage\":\"en-US\",\"@id\":\"https:\\\/\\\/www.planetel.it\\\/en\\\/2025\\\/07\\\/fantapoint-challenge-planetel-3-edizione-e-risultati-generali\\\/#primaryimage\",\"url\":\"https:\\\/\\\/www.planetel.it\\\/wp-content\\\/uploads\\\/2025\\\/07\\\/Fantapoint-3-edizione-1.png\",\"contentUrl\":\"https:\\\/\\\/www.planetel.it\\\/wp-content\\\/uploads\\\/2025\\\/07\\\/Fantapoint-3-edizione-1.png\",\"width\":1200,\"height\":630,\"caption\":\"FantaPoint Planetel\"},{\"@type\":\"BreadcrumbList\",\"@id\":\"https:\\\/\\\/www.planetel.it\\\/en\\\/2025\\\/07\\\/fantapoint-challenge-planetel-3-edizione-e-risultati-generali\\\/#breadcrumb\",\"itemListElement\":[{\"@type\":\"ListItem\",\"position\":1,\"name\":\"Home\",\"item\":\"https:\\\/\\\/www.planetel.it\\\/en\\\/\"},{\"@type\":\"ListItem\",\"position\":2,\"name\":\"Azienda\",\"item\":\"https:\\\/\\\/www.planetel.it\\\/news\\\/blog\\\/categoria\\\/azienda\\\/\"},{\"@type\":\"ListItem\",\"position\":3,\"name\":\"Planetel\",\"item\":\"https:\\\/\\\/www.planetel.it\\\/news\\\/blog\\\/categoria\\\/planetel\\\/\"},{\"@type\":\"ListItem\",\"position\":4,\"name\":\"FantaPoint Challenge Planetel: 3\u00b0 edizione e risultati generali\"}]},{\"@type\":\"WebSite\",\"@id\":\"https:\\\/\\\/www.planetel.it\\\/en\\\/#website\",\"url\":\"https:\\\/\\\/www.planetel.it\\\/en\\\/\",\"name\":\"Planetel\",\"description\":\"Pi\u00f9 che una connessione\",\"publisher\":{\"@id\":\"https:\\\/\\\/www.planetel.it\\\/en\\\/#organization\"},\"potentialAction\":[{\"@type\":\"SearchAction\",\"target\":{\"@type\":\"EntryPoint\",\"urlTemplate\":\"https:\\\/\\\/www.planetel.it\\\/en\\\/?s={search_term_string}\"},\"query-input\":{\"@type\":\"PropertyValueSpecification\",\"valueRequired\":true,\"valueName\":\"search_term_string\"}}],\"inLanguage\":\"en-US\"},{\"@type\":\"Organization\",\"@id\":\"https:\\\/\\\/www.planetel.it\\\/en\\\/#organization\",\"name\":\"Planetel S.p.A.\",\"url\":\"https:\\\/\\\/www.planetel.it\\\/en\\\/\",\"logo\":{\"@type\":\"ImageObject\",\"inLanguage\":\"en-US\",\"@id\":\"https:\\\/\\\/www.planetel.it\\\/en\\\/#\\\/schema\\\/logo\\\/image\\\/\",\"url\":\"https:\\\/\\\/www.planetel.it\\\/wp-content\\\/uploads\\\/2024\\\/04\\\/logo-group-planetel.svg\",\"contentUrl\":\"https:\\\/\\\/www.planetel.it\\\/wp-content\\\/uploads\\\/2024\\\/04\\\/logo-group-planetel.svg\",\"width\":1,\"height\":1,\"caption\":\"Planetel S.p.A.\"},\"image\":{\"@id\":\"https:\\\/\\\/www.planetel.it\\\/en\\\/#\\\/schema\\\/logo\\\/image\\\/\"},\"sameAs\":[\"https:\\\/\\\/www.facebook.com\\\/planetelspa\",\"https:\\\/\\\/www.linkedin.com\\\/company\\\/planetel\",\"https:\\\/\\\/www.instagram.com\\\/planetelspa\"]},{\"@type\":\"Person\",\"@id\":\"https:\\\/\\\/www.planetel.it\\\/en\\\/#\\\/schema\\\/person\\\/8e74703d23ff222042246a845bb004fa\",\"name\":\"Andrea Brumana\",\"image\":{\"@type\":\"ImageObject\",\"inLanguage\":\"en-US\",\"@id\":\"https:\\\/\\\/secure.gravatar.com\\\/avatar\\\/9a839884f24513d8bf063a907c74d8d2483fb1c4bbbf7cf7222c3e08581e4219?s=96&d=mm&r=g\",\"url\":\"https:\\\/\\\/secure.gravatar.com\\\/avatar\\\/9a839884f24513d8bf063a907c74d8d2483fb1c4bbbf7cf7222c3e08581e4219?s=96&d=mm&r=g\",\"contentUrl\":\"https:\\\/\\\/secure.gravatar.com\\\/avatar\\\/9a839884f24513d8bf063a907c74d8d2483fb1c4bbbf7cf7222c3e08581e4219?s=96&d=mm&r=g\",\"caption\":\"Andrea Brumana\"},\"url\":\"https:\\\/\\\/www.planetel.it\\\/en\\\/author\\\/a-brumana\\\/\"}]}<\/script>\n<!-- \/ Yoast SEO plugin. -->","yoast_head_json":{"title":"FantaPoint Challenge di Planetel: 3\u00b0 edizione e risultati generali","description":"Scopri chi ha vinto la 3\u00b0 edizione e la classifica generale della FantaPoint Challenge organizzata da Planetel.","robots":{"index":"index","follow":"follow","max-snippet":"max-snippet:-1","max-image-preview":"max-image-preview:large","max-video-preview":"max-video-preview:-1"},"canonical":"https:\/\/www.planetel.it\/en\/2025\/07\/fantapoint-challenge-planetel-3-edizione-e-risultati-generali\/","og_locale":"en_US","og_type":"article","og_title":"FantaPoint Challenge di Planetel: 3\u00b0 edizione e risultati generali","og_description":"Scopri chi ha vinto la 3\u00b0 edizione e la classifica generale della FantaPoint Challenge organizzata da Planetel.","og_url":"https:\/\/www.planetel.it\/en\/2025\/07\/fantapoint-challenge-planetel-3-edizione-e-risultati-generali\/","og_site_name":"Planetel","article_publisher":"https:\/\/www.facebook.com\/planetelspa","article_published_time":"2025-07-23T06:30:00+00:00","og_image":[{"width":1200,"height":630,"url":"https:\/\/www.planetel.it\/wp-content\/uploads\/2025\/07\/Fantapoint-3-edizione-1.png","type":"image\/png"}],"twitter_card":"summary_large_image","twitter_misc":{"Written by":"Andrea Brumana","Est. reading time":"4 minutes"},"schema":{"@context":"https:\/\/schema.org","@graph":[{"@type":"Article","@id":"https:\/\/www.planetel.it\/en\/2025\/07\/fantapoint-challenge-planetel-3-edizione-e-risultati-generali\/#article","isPartOf":{"@id":"https:\/\/www.planetel.it\/en\/2025\/07\/fantapoint-challenge-planetel-3-edizione-e-risultati-generali\/"},"author":{"name":"Andrea Brumana","@id":"https:\/\/www.planetel.it\/en\/#\/schema\/person\/8e74703d23ff222042246a845bb004fa"},"headline":"FantaPoint Challenge Planetel: 3\u00b0 edizione e risultati generali","datePublished":"2025-07-23T06:30:00+00:00","mainEntityOfPage":{"@id":"https:\/\/www.planetel.it\/en\/2025\/07\/fantapoint-challenge-planetel-3-edizione-e-risultati-generali\/"},"wordCount":494,"publisher":{"@id":"https:\/\/www.planetel.it\/en\/#organization"},"image":{"@id":"https:\/\/www.planetel.it\/en\/2025\/07\/fantapoint-challenge-planetel-3-edizione-e-risultati-generali\/#primaryimage"},"thumbnailUrl":"https:\/\/www.planetel.it\/wp-content\/uploads\/2025\/07\/Fantapoint-3-edizione-1.png","keywords":["FantaPoint Challenge","Planetel Point","Planetel"],"articleSection":["Privati","Attivit\u00e0 commerciali","Planetel"],"inLanguage":"en-US"},{"@type":"WebPage","@id":"https:\/\/www.planetel.it\/en\/2025\/07\/fantapoint-challenge-planetel-3-edizione-e-risultati-generali\/","url":"https:\/\/www.planetel.it\/en\/2025\/07\/fantapoint-challenge-planetel-3-edizione-e-risultati-generali\/","name":"FantaPoint Challenge di Planetel: 3\u00b0 edizione e risultati generali","isPartOf":{"@id":"https:\/\/www.planetel.it\/en\/#website"},"primaryImageOfPage":{"@id":"https:\/\/www.planetel.it\/en\/2025\/07\/fantapoint-challenge-planetel-3-edizione-e-risultati-generali\/#primaryimage"},"image":{"@id":"https:\/\/www.planetel.it\/en\/2025\/07\/fantapoint-challenge-planetel-3-edizione-e-risultati-generali\/#primaryimage"},"thumbnailUrl":"https:\/\/www.planetel.it\/wp-content\/uploads\/2025\/07\/Fantapoint-3-edizione-1.png","datePublished":"2025-07-23T06:30:00+00:00","description":"Scopri chi ha vinto la 3\u00b0 edizione e la classifica generale della FantaPoint Challenge organizzata da Planetel.","breadcrumb":{"@id":"https:\/\/www.planetel.it\/en\/2025\/07\/fantapoint-challenge-planetel-3-edizione-e-risultati-generali\/#breadcrumb"},"inLanguage":"en-US","potentialAction":[{"@type":"ReadAction","target":["https:\/\/www.planetel.it\/en\/2025\/07\/fantapoint-challenge-planetel-3-edizione-e-risultati-generali\/"]}]},{"@type":"ImageObject","inLanguage":"en-US","@id":"https:\/\/www.planetel.it\/en\/2025\/07\/fantapoint-challenge-planetel-3-edizione-e-risultati-generali\/#primaryimage","url":"https:\/\/www.planetel.it\/wp-content\/uploads\/2025\/07\/Fantapoint-3-edizione-1.png","contentUrl":"https:\/\/www.planetel.it\/wp-content\/uploads\/2025\/07\/Fantapoint-3-edizione-1.png","width":1200,"height":630,"caption":"FantaPoint Planetel"},{"@type":"BreadcrumbList","@id":"https:\/\/www.planetel.it\/en\/2025\/07\/fantapoint-challenge-planetel-3-edizione-e-risultati-generali\/#breadcrumb","itemListElement":[{"@type":"ListItem","position":1,"name":"Home","item":"https:\/\/www.planetel.it\/en\/"},{"@type":"ListItem","position":2,"name":"Azienda","item":"https:\/\/www.planetel.it\/news\/blog\/categoria\/azienda\/"},{"@type":"ListItem","position":3,"name":"Planetel","item":"https:\/\/www.planetel.it\/news\/blog\/categoria\/planetel\/"},{"@type":"ListItem","position":4,"name":"FantaPoint Challenge Planetel: 3\u00b0 edizione e risultati generali"}]},{"@type":"WebSite","@id":"https:\/\/www.planetel.it\/en\/#website","url":"https:\/\/www.planetel.it\/en\/","name":"Planetel","description":"Pi\u00f9 che una connessione","publisher":{"@id":"https:\/\/www.planetel.it\/en\/#organization"},"potentialAction":[{"@type":"SearchAction","target":{"@type":"EntryPoint","urlTemplate":"https:\/\/www.planetel.it\/en\/?s={search_term_string}"},"query-input":{"@type":"PropertyValueSpecification","valueRequired":true,"valueName":"search_term_string"}}],"inLanguage":"en-US"},{"@type":"Organization","@id":"https:\/\/www.planetel.it\/en\/#organization","name":"Planetel S.p.A.","url":"https:\/\/www.planetel.it\/en\/","logo":{"@type":"ImageObject","inLanguage":"en-US","@id":"https:\/\/www.planetel.it\/en\/#\/schema\/logo\/image\/","url":"https:\/\/www.planetel.it\/wp-content\/uploads\/2024\/04\/logo-group-planetel.svg","contentUrl":"https:\/\/www.planetel.it\/wp-content\/uploads\/2024\/04\/logo-group-planetel.svg","width":1,"height":1,"caption":"Planetel S.p.A."},"image":{"@id":"https:\/\/www.planetel.it\/en\/#\/schema\/logo\/image\/"},"sameAs":["https:\/\/www.facebook.com\/planetelspa","https:\/\/www.linkedin.com\/company\/planetel","https:\/\/www.instagram.com\/planetelspa"]},{"@type":"Person","@id":"https:\/\/www.planetel.it\/en\/#\/schema\/person\/8e74703d23ff222042246a845bb004fa","name":"Andrea Brumana","image":{"@type":"ImageObject","inLanguage":"en-US","@id":"https:\/\/secure.gravatar.com\/avatar\/9a839884f24513d8bf063a907c74d8d2483fb1c4bbbf7cf7222c3e08581e4219?s=96&d=mm&r=g","url":"https:\/\/secure.gravatar.com\/avatar\/9a839884f24513d8bf063a907c74d8d2483fb1c4bbbf7cf7222c3e08581e4219?s=96&d=mm&r=g","contentUrl":"https:\/\/secure.gravatar.com\/avatar\/9a839884f24513d8bf063a907c74d8d2483fb1c4bbbf7cf7222c3e08581e4219?s=96&d=mm&r=g","caption":"Andrea Brumana"},"url":"https:\/\/www.planetel.it\/en\/author\/a-brumana\/"}]}},"_links":{"self":[{"href":"https:\/\/www.planetel.it\/en\/wp-json\/wp\/v2\/posts\/67191","targetHints":{"allow":["GET"]}}],"collection":[{"href":"https:\/\/www.planetel.it\/en\/wp-json\/wp\/v2\/posts"}],"about":[{"href":"https:\/\/www.planetel.it\/en\/wp-json\/wp\/v2\/types\/post"}],"author":[{"embeddable":true,"href":"https:\/\/www.planetel.it\/en\/wp-json\/wp\/v2\/users\/4"}],"replies":[{"embeddable":true,"href":"https:\/\/www.planetel.it\/en\/wp-json\/wp\/v2\/comments?post=67191"}],"version-history":[{"count":5,"href":"https:\/\/www.planetel.it\/en\/wp-json\/wp\/v2\/posts\/67191\/revisions"}],"predecessor-version":[{"id":67503,"href":"https:\/\/www.planetel.it\/en\/wp-json\/wp\/v2\/posts\/67191\/revisions\/67503"}],"wp:featuredmedia":[{"embeddable":true,"href":"https:\/\/www.planetel.it\/en\/wp-json\/wp\/v2\/media\/67194"}],"wp:attachment":[{"href":"https:\/\/www.planetel.it\/en\/wp-json\/wp\/v2\/media?parent=67191"}],"wp:term":[{"taxonomy":"category","embeddable":true,"href":"https:\/\/www.planetel.it\/en\/wp-json\/wp\/v2\/categories?post=67191"},{"taxonomy":"post_tag","embeddable":true,"href":"https:\/\/www.planetel.it\/en\/wp-json\/wp\/v2\/tags?post=67191"},{"taxonomy":"service_category","embeddable":true,"href":"https:\/\/www.planetel.it\/en\/wp-json\/wp\/v2\/service_category?post=67191"}],"curies":[{"name":"wp","href":"https:\/\/api.w.org\/{rel}","templated":true}]}}