{"id":67500,"date":"2025-07-28T08:30:00","date_gmt":"2025-07-28T06:30:00","guid":{"rendered":"https:\/\/www.planetel.it\/?p=67500"},"modified":"2025-07-25T10:40:53","modified_gmt":"2025-07-25T08:40:53","slug":"fibra-ottica-fttcab-lalternativa-per-privati-e-pmi","status":"publish","type":"post","link":"https:\/\/www.planetel.it\/en\/2025\/07\/fibra-ottica-fttcab-lalternativa-per-privati-e-pmi\/","title":{"rendered":"Fibra ottica FTTCab: l\u2019alternativa efficace per privati e PMI"},"content":{"rendered":"\n<div style=\"height:30px\" aria-hidden=\"true\" class=\"wp-block-spacer\"><\/div>\n\n\n<h2 class=\"wp-block-heading\" id=\"fibra-ottica-cose-la-tecnologia-fttcab\">Fibra ottica: cos&#8217;\u00e8 la tecnologia FTTCab<\/h2>\n\n\n<p><strong>La fibra ottica FTTCab<\/strong> (Fiber to the Cabinet), nota anche semplicemente come FTTC, rappresenta una <strong>soluzione valida per portare internet veloce in aree dove la <\/strong><a href=\"https:\/\/www.planetel.it\/2025\/07\/fibra-ottica-ftth-planetel-per-il-b2b\/\" target=\"_blank\" rel=\"noreferrer noopener\"><strong>fibra FTTH<\/strong><\/a> (Fiber to the Home)<strong> non \u00e8 ancora arrivata<\/strong>. Con questa tecnologia, la fibra ottica raggiunge un armadio stradale (cabinet), e da l\u00ec il collegamento prosegue tramite il classico doppino telefonico in rame fino all\u2019abitazione o all\u2019azienda. Questa peculiarit\u00e0 permette una <a href=\"https:\/\/fibra.planetel.it\/offerte-casa\/#verifica\" target=\"_blank\" rel=\"noreferrer noopener\"><strong>copertura<\/strong><\/a><strong> FTTCab ampia e veloce<\/strong> da implementare, risultando strategica soprattutto nelle zone periferiche o semi-periferiche, o semplicemente laddove non \u00e8 ancora presente la copertura in FTTH.<\/p>\n\n\n\n<div style=\"height:30px\" aria-hidden=\"true\" class=\"wp-block-spacer\"><\/div>\n\n\n<h3 class=\"wp-block-heading\" id=\"differenza-tra-fttcab-e-ftth\">Differenza tra FTTCab e FTTH<\/h3>\n\n\n<p>Ma qual \u00e8 la <strong>differenza tra FTTCab e FTTH<\/strong>? Innanzitutto, \u00e8 importante specificare che si tratta sempre di una tecnologia in Fibra ottica, seppur con caratteristiche e prestazioni differenti. In linea di massima, la principale differenza risiede nella modalit\u00e0 di collegamento finale.<\/p>\n\n\n\n<p>Attraverso un\u2019architettura di rete di tipo FTTH, la fibra viene portata direttamente nell&#8217;edificio o nell&#8217;abitazione garantendo una velocit\u00e0, una larghezza di banda e una stabilit\u00e0 senza pari.<\/p>\n\n\n\n<p>La Fibra ottica FTTCab, invece, si ferma all\u2019armadio stradale, continuando poi con il rame all\u2019interno dell\u2019edificio di destinazione. \u00c8 ovvio che questa differenza influisce sulle prestazioni, ma la tecnologia FTTCab rimane comunque nettamente superiore rispetto alle tradizionali connessioni xDSL.<\/p>\n\n\n\n<div style=\"height:30px\" aria-hidden=\"true\" class=\"wp-block-spacer\"><\/div>\n\n\n<h3 class=\"wp-block-heading\" id=\"soluzione-internet-per-pmi-non-coperte-da-ftth\">Soluzione internet per PMI non coperte da FTTH<\/h3>\n\n\n<p>Sulla base di ci\u00f2, ecco perch\u00e9 la Fibra ottica FTTCab rappresenta una valida alternativa per privati e PMI che non possono ancora contare sull\u2019FTTH.<\/p>\n\n\n\n<p>Focalizzando l\u2019attenzione lato business, <strong>l\u2019FTTCab rappresenta la miglior connessione per le piccole e medie imprese situate in zone periferiche<\/strong> non ancora cablate integralmente con FTTH. In tal senso, la fibra FTTCab diventa la soluzione pi\u00f9 immediata ed efficace per migliorare le prestazioni aziendali. <strong>Planetel offre FTTC per le PMI<\/strong> con tariffe competitive, velocit\u00e0 fino a 200 Mb\/s e <a href=\"https:\/\/www.planetel.it\/servizi\/servizi-it-cloud\/\" target=\"_blank\" rel=\"noreferrer noopener\">servizi aggiuntivi<\/a> come IP statici, backup e soluzioni di sicurezza con firewall aziendale per garantire attivit\u00e0 digitali avanzate, performanti, protette e in continuit\u00e0 operativa.<\/p>\n\n\n\n<div style=\"height:30px\" aria-hidden=\"true\" class=\"wp-block-spacer\"><\/div>\n\n\n<h3 class=\"wp-block-heading\" id=\"fttcab-per-aziende-costi-e-vantaggi\">FTTCab per aziende: costi e vantaggi<\/h3>\n\n\n<p>Partiamo col dire che <strong>l\u2019upgrade da xDSL e FTTC per aziende rappresenta un salto tecnologico e operativo enorme<\/strong>, in grado di migliorare drasticamente la qualit\u00e0 della connessione aziendale. La tecnologia FTTCab di Planetel consente di ottimizzare le performance digitali, rendendo pi\u00f9 fluide e stabili tutte le attivit\u00e0 del quotidiano.<\/p>\n\n\n\n<p>Inoltre, la fibra FTTCab offre un rapporto costo-prestazioni davvero vantaggioso. I costi inferiori rispetto alla fibra ottica FTTH, uniti alla facilit\u00e0 e rapidit\u00e0 di attivazione, rendono questa tecnologia particolarmente appetibile per le aziende che desiderano migliorare rapidamente la propria infrastruttura digitale. Tra i vantaggi principali: costi competitivi, buona velocit\u00e0 fino a 200 Mb\/s, alta stabilit\u00e0 della connessione e tempi di attivazione rapida.<\/p>\n\n\n\n<p>Naturalmente la Fibra ottica FTTH rimane indiscutibilmente la scelta di connettivit\u00e0 migliore sia per un privato sia per un\u2019azienda. Tuttavia, in sua assenza, la FTTCab \u00e8 l\u2019opzione pi\u00f9 vantaggiosa, prestazionale e affidabile, in grado di garantire comunque un\u2019ottima esperienza digitale sia nell\u2019ambiente domestico sia in quello business.<\/p>\n\n\n\n<div style=\"height:30px\" aria-hidden=\"true\" class=\"wp-block-spacer\"><\/div>\n\n\n<h2 class=\"wp-block-heading\" id=\"come-migliorare-la-connettivita-aziendale-senza-ftth-con-planetel\">Come migliorare la connettivit\u00e0 aziendale senza FTTH con Planetel<\/h2>\n\n\n<p>L\u2019impegno di Planetel \u00e8 quello di ampliare costantemente la propria infrastruttura di rete FTTH, portando a sempre pi\u00f9 persone e aziende la migliore connettivit\u00e0 ad oggi disponibile. Tuttavia, laddove non ancora possibile, la nostra tecnologia FTTCab consente di superare efficacemente il divario digitale.<\/p>\n\n\n\n<p><strong>La tecnologia FTTCab \u00e8<\/strong>, dunque, una <strong>soluzione concreta e immediata per privati e PMI che desiderano ottimizzare la propria connettivit\u00e0 in assenza di copertura FTTH<\/strong>. Noi di Planetel mettiamo a disposizione servizi dedicati e una copertura FTTCab capillare, confermando il nostro ruolo chiave nel supportare la digitalizzazione di famiglie e imprese del territorio.<\/p>\n\n\n\n<div style=\"height:30px\" aria-hidden=\"true\" class=\"wp-block-spacer\"><\/div>\n\n\n\n<p class=\"has-text-align-center\"><strong>Approfondisci le nostre soluzioni di Fibra ottica.<\/strong><\/p>\n\n\n\n<div class=\"wp-block-buttons is-content-justification-center is-layout-flex wp-container-core-buttons-is-layout-16018d1d wp-block-buttons-is-layout-flex\">\n<div class=\"wp-block-button\"><a class=\"wp-block-button__link has-white-color has-text-color has-background has-link-color has-medium-font-size has-custom-font-size wp-element-button\" href=\"https:\/\/www.planetel.it\/servizi\/telecomunicazioni\/connettivita-fibra-ottica\/\" style=\"border-radius:20px;background-color:#439f36\">Scopri di pi\u00f9<\/a><\/div>\n<\/div>\n\n\n\n<p><\/p>\n","protected":false},"excerpt":{"rendered":"<p>Fibra ottica: cos&#8217;\u00e8 la tecnologia FTTCab La fibra ottica FTTCab (Fiber to the Cabinet), nota anche semplicemente come FTTC, rappresenta una soluzione valida per portare internet veloce in aree dove la fibra FTTH (Fiber to the Home) non \u00e8 ancora arrivata. Con questa tecnologia, la fibra ottica raggiunge un armadio stradale (cabinet), e da l\u00ec [&hellip;]<\/p>\n","protected":false},"author":4,"featured_media":67502,"comment_status":"closed","ping_status":"closed","sticky":false,"template":"","format":"standard","meta":{"_acf_changed":false,"footnotes":""},"categories":[691,692,716,717],"tags":[358,379,421,508,952],"service_category":[],"class_list":["post-67500","post","type-post","status-publish","format-standard","has-post-thumbnail","hentry","category-telecomunicazioni","category-connettivita-fibra-ottica","category-privati","category-attivita-commerciali","tag-planetel","tag-fibra-ottica","tag-connettivita","tag-pmi","tag-fttcab"],"acf":[],"yoast_head":"<!-- This site is optimized with the Yoast SEO plugin v27.3 - https:\/\/yoast.com\/product\/yoast-seo-wordpress\/ -->\n<title>Fibra ottica FTTCab Planetel: alternativa per privati e PMI.<\/title>\n<meta name=\"description\" content=\"Scopri la fibra FTTCab di Planetel: la soluzione ideale per privati e PMI non raggiunti da FTTH. Migliora subito la tua connessione xDSL!\" \/>\n<meta name=\"robots\" content=\"index, follow, max-snippet:-1, max-image-preview:large, max-video-preview:-1\" \/>\n<link rel=\"canonical\" href=\"https:\/\/www.planetel.it\/en\/2025\/07\/fibra-ottica-fttcab-lalternativa-per-privati-e-pmi\/\" \/>\n<meta property=\"og:locale\" content=\"en_US\" \/>\n<meta property=\"og:type\" content=\"article\" \/>\n<meta property=\"og:title\" content=\"Fibra ottica FTTCab Planetel: alternativa per privati e PMI.\" \/>\n<meta property=\"og:description\" content=\"Scopri la fibra FTTCab di Planetel: la soluzione ideale per privati e PMI non raggiunti da FTTH. Migliora subito la tua connessione xDSL!\" \/>\n<meta property=\"og:url\" content=\"https:\/\/www.planetel.it\/en\/2025\/07\/fibra-ottica-fttcab-lalternativa-per-privati-e-pmi\/\" \/>\n<meta property=\"og:site_name\" content=\"Planetel\" \/>\n<meta property=\"article:publisher\" content=\"https:\/\/www.facebook.com\/planetelspa\" \/>\n<meta property=\"article:published_time\" content=\"2025-07-28T06:30:00+00:00\" \/>\n<meta property=\"og:image\" content=\"https:\/\/www.planetel.it\/wp-content\/uploads\/2025\/07\/FTTCAB.png\" \/>\n\t<meta property=\"og:image:width\" content=\"1200\" \/>\n\t<meta property=\"og:image:height\" content=\"630\" \/>\n\t<meta property=\"og:image:type\" content=\"image\/png\" \/>\n<meta name=\"twitter:card\" content=\"summary_large_image\" \/>\n<meta name=\"twitter:label1\" content=\"Written by\" \/>\n\t<meta name=\"twitter:data1\" content=\"Andrea Brumana\" \/>\n\t<meta name=\"twitter:label2\" content=\"Est. reading time\" \/>\n\t<meta name=\"twitter:data2\" content=\"4 minutes\" \/>\n<script type=\"application\/ld+json\" class=\"yoast-schema-graph\">{\"@context\":\"https:\\\/\\\/schema.org\",\"@graph\":[{\"@type\":\"Article\",\"@id\":\"https:\\\/\\\/www.planetel.it\\\/en\\\/2025\\\/07\\\/fibra-ottica-fttcab-lalternativa-per-privati-e-pmi\\\/#article\",\"isPartOf\":{\"@id\":\"https:\\\/\\\/www.planetel.it\\\/en\\\/2025\\\/07\\\/fibra-ottica-fttcab-lalternativa-per-privati-e-pmi\\\/\"},\"author\":{\"name\":\"Andrea Brumana\",\"@id\":\"https:\\\/\\\/www.planetel.it\\\/en\\\/#\\\/schema\\\/person\\\/8e74703d23ff222042246a845bb004fa\"},\"headline\":\"Fibra ottica FTTCab: l\u2019alternativa efficace per privati e PMI\",\"datePublished\":\"2025-07-28T06:30:00+00:00\",\"mainEntityOfPage\":{\"@id\":\"https:\\\/\\\/www.planetel.it\\\/en\\\/2025\\\/07\\\/fibra-ottica-fttcab-lalternativa-per-privati-e-pmi\\\/\"},\"wordCount\":624,\"publisher\":{\"@id\":\"https:\\\/\\\/www.planetel.it\\\/en\\\/#organization\"},\"image\":{\"@id\":\"https:\\\/\\\/www.planetel.it\\\/en\\\/2025\\\/07\\\/fibra-ottica-fttcab-lalternativa-per-privati-e-pmi\\\/#primaryimage\"},\"thumbnailUrl\":\"https:\\\/\\\/www.planetel.it\\\/wp-content\\\/uploads\\\/2025\\\/07\\\/FTTCAB.png\",\"keywords\":[\"Planetel\",\"Fibra ottica\",\"connettivit\u00e0\",\"PMI\",\"FTTCAB\"],\"articleSection\":[\"Telecomunicazioni\",\"Connettivit\u00e0 Fibra ottica\",\"Privati\",\"Attivit\u00e0 commerciali\"],\"inLanguage\":\"en-US\"},{\"@type\":\"WebPage\",\"@id\":\"https:\\\/\\\/www.planetel.it\\\/en\\\/2025\\\/07\\\/fibra-ottica-fttcab-lalternativa-per-privati-e-pmi\\\/\",\"url\":\"https:\\\/\\\/www.planetel.it\\\/en\\\/2025\\\/07\\\/fibra-ottica-fttcab-lalternativa-per-privati-e-pmi\\\/\",\"name\":\"Fibra ottica FTTCab Planetel: alternativa per privati e PMI.\",\"isPartOf\":{\"@id\":\"https:\\\/\\\/www.planetel.it\\\/en\\\/#website\"},\"primaryImageOfPage\":{\"@id\":\"https:\\\/\\\/www.planetel.it\\\/en\\\/2025\\\/07\\\/fibra-ottica-fttcab-lalternativa-per-privati-e-pmi\\\/#primaryimage\"},\"image\":{\"@id\":\"https:\\\/\\\/www.planetel.it\\\/en\\\/2025\\\/07\\\/fibra-ottica-fttcab-lalternativa-per-privati-e-pmi\\\/#primaryimage\"},\"thumbnailUrl\":\"https:\\\/\\\/www.planetel.it\\\/wp-content\\\/uploads\\\/2025\\\/07\\\/FTTCAB.png\",\"datePublished\":\"2025-07-28T06:30:00+00:00\",\"description\":\"Scopri la fibra FTTCab di Planetel: la soluzione ideale per privati e PMI non raggiunti da FTTH. Migliora subito la tua connessione xDSL!\",\"breadcrumb\":{\"@id\":\"https:\\\/\\\/www.planetel.it\\\/en\\\/2025\\\/07\\\/fibra-ottica-fttcab-lalternativa-per-privati-e-pmi\\\/#breadcrumb\"},\"inLanguage\":\"en-US\",\"potentialAction\":[{\"@type\":\"ReadAction\",\"target\":[\"https:\\\/\\\/www.planetel.it\\\/en\\\/2025\\\/07\\\/fibra-ottica-fttcab-lalternativa-per-privati-e-pmi\\\/\"]}]},{\"@type\":\"ImageObject\",\"inLanguage\":\"en-US\",\"@id\":\"https:\\\/\\\/www.planetel.it\\\/en\\\/2025\\\/07\\\/fibra-ottica-fttcab-lalternativa-per-privati-e-pmi\\\/#primaryimage\",\"url\":\"https:\\\/\\\/www.planetel.it\\\/wp-content\\\/uploads\\\/2025\\\/07\\\/FTTCAB.png\",\"contentUrl\":\"https:\\\/\\\/www.planetel.it\\\/wp-content\\\/uploads\\\/2025\\\/07\\\/FTTCAB.png\",\"width\":1200,\"height\":630,\"caption\":\"Fibra ottica FTTCab\"},{\"@type\":\"BreadcrumbList\",\"@id\":\"https:\\\/\\\/www.planetel.it\\\/en\\\/2025\\\/07\\\/fibra-ottica-fttcab-lalternativa-per-privati-e-pmi\\\/#breadcrumb\",\"itemListElement\":[{\"@type\":\"ListItem\",\"position\":1,\"name\":\"Home\",\"item\":\"https:\\\/\\\/www.planetel.it\\\/en\\\/\"},{\"@type\":\"ListItem\",\"position\":2,\"name\":\"Servizi\",\"item\":\"https:\\\/\\\/www.planetel.it\\\/news\\\/blog\\\/categoria\\\/servizi\\\/\"},{\"@type\":\"ListItem\",\"position\":3,\"name\":\"Telecomunicazioni\",\"item\":\"https:\\\/\\\/www.planetel.it\\\/news\\\/blog\\\/categoria\\\/telecomunicazioni\\\/\"},{\"@type\":\"ListItem\",\"position\":4,\"name\":\"Fibra ottica FTTCab: l\u2019alternativa efficace per privati e PMI\"}]},{\"@type\":\"WebSite\",\"@id\":\"https:\\\/\\\/www.planetel.it\\\/en\\\/#website\",\"url\":\"https:\\\/\\\/www.planetel.it\\\/en\\\/\",\"name\":\"Planetel\",\"description\":\"Pi\u00f9 che una connessione\",\"publisher\":{\"@id\":\"https:\\\/\\\/www.planetel.it\\\/en\\\/#organization\"},\"potentialAction\":[{\"@type\":\"SearchAction\",\"target\":{\"@type\":\"EntryPoint\",\"urlTemplate\":\"https:\\\/\\\/www.planetel.it\\\/en\\\/?s={search_term_string}\"},\"query-input\":{\"@type\":\"PropertyValueSpecification\",\"valueRequired\":true,\"valueName\":\"search_term_string\"}}],\"inLanguage\":\"en-US\"},{\"@type\":\"Organization\",\"@id\":\"https:\\\/\\\/www.planetel.it\\\/en\\\/#organization\",\"name\":\"Planetel S.p.A.\",\"url\":\"https:\\\/\\\/www.planetel.it\\\/en\\\/\",\"logo\":{\"@type\":\"ImageObject\",\"inLanguage\":\"en-US\",\"@id\":\"https:\\\/\\\/www.planetel.it\\\/en\\\/#\\\/schema\\\/logo\\\/image\\\/\",\"url\":\"https:\\\/\\\/www.planetel.it\\\/wp-content\\\/uploads\\\/2024\\\/04\\\/logo-group-planetel.svg\",\"contentUrl\":\"https:\\\/\\\/www.planetel.it\\\/wp-content\\\/uploads\\\/2024\\\/04\\\/logo-group-planetel.svg\",\"width\":1,\"height\":1,\"caption\":\"Planetel S.p.A.\"},\"image\":{\"@id\":\"https:\\\/\\\/www.planetel.it\\\/en\\\/#\\\/schema\\\/logo\\\/image\\\/\"},\"sameAs\":[\"https:\\\/\\\/www.facebook.com\\\/planetelspa\",\"https:\\\/\\\/www.linkedin.com\\\/company\\\/planetel\",\"https:\\\/\\\/www.instagram.com\\\/planetelspa\"]},{\"@type\":\"Person\",\"@id\":\"https:\\\/\\\/www.planetel.it\\\/en\\\/#\\\/schema\\\/person\\\/8e74703d23ff222042246a845bb004fa\",\"name\":\"Andrea Brumana\",\"image\":{\"@type\":\"ImageObject\",\"inLanguage\":\"en-US\",\"@id\":\"https:\\\/\\\/secure.gravatar.com\\\/avatar\\\/9a839884f24513d8bf063a907c74d8d2483fb1c4bbbf7cf7222c3e08581e4219?s=96&d=mm&r=g\",\"url\":\"https:\\\/\\\/secure.gravatar.com\\\/avatar\\\/9a839884f24513d8bf063a907c74d8d2483fb1c4bbbf7cf7222c3e08581e4219?s=96&d=mm&r=g\",\"contentUrl\":\"https:\\\/\\\/secure.gravatar.com\\\/avatar\\\/9a839884f24513d8bf063a907c74d8d2483fb1c4bbbf7cf7222c3e08581e4219?s=96&d=mm&r=g\",\"caption\":\"Andrea Brumana\"},\"url\":\"https:\\\/\\\/www.planetel.it\\\/en\\\/author\\\/a-brumana\\\/\"}]}<\/script>\n<!-- \/ Yoast SEO plugin. -->","yoast_head_json":{"title":"Fibra ottica FTTCab Planetel: alternativa per privati e PMI.","description":"Scopri la fibra FTTCab di Planetel: la soluzione ideale per privati e PMI non raggiunti da FTTH. Migliora subito la tua connessione xDSL!","robots":{"index":"index","follow":"follow","max-snippet":"max-snippet:-1","max-image-preview":"max-image-preview:large","max-video-preview":"max-video-preview:-1"},"canonical":"https:\/\/www.planetel.it\/en\/2025\/07\/fibra-ottica-fttcab-lalternativa-per-privati-e-pmi\/","og_locale":"en_US","og_type":"article","og_title":"Fibra ottica FTTCab Planetel: alternativa per privati e PMI.","og_description":"Scopri la fibra FTTCab di Planetel: la soluzione ideale per privati e PMI non raggiunti da FTTH. Migliora subito la tua connessione xDSL!","og_url":"https:\/\/www.planetel.it\/en\/2025\/07\/fibra-ottica-fttcab-lalternativa-per-privati-e-pmi\/","og_site_name":"Planetel","article_publisher":"https:\/\/www.facebook.com\/planetelspa","article_published_time":"2025-07-28T06:30:00+00:00","og_image":[{"width":1200,"height":630,"url":"https:\/\/www.planetel.it\/wp-content\/uploads\/2025\/07\/FTTCAB.png","type":"image\/png"}],"twitter_card":"summary_large_image","twitter_misc":{"Written by":"Andrea Brumana","Est. reading time":"4 minutes"},"schema":{"@context":"https:\/\/schema.org","@graph":[{"@type":"Article","@id":"https:\/\/www.planetel.it\/en\/2025\/07\/fibra-ottica-fttcab-lalternativa-per-privati-e-pmi\/#article","isPartOf":{"@id":"https:\/\/www.planetel.it\/en\/2025\/07\/fibra-ottica-fttcab-lalternativa-per-privati-e-pmi\/"},"author":{"name":"Andrea Brumana","@id":"https:\/\/www.planetel.it\/en\/#\/schema\/person\/8e74703d23ff222042246a845bb004fa"},"headline":"Fibra ottica FTTCab: l\u2019alternativa efficace per privati e PMI","datePublished":"2025-07-28T06:30:00+00:00","mainEntityOfPage":{"@id":"https:\/\/www.planetel.it\/en\/2025\/07\/fibra-ottica-fttcab-lalternativa-per-privati-e-pmi\/"},"wordCount":624,"publisher":{"@id":"https:\/\/www.planetel.it\/en\/#organization"},"image":{"@id":"https:\/\/www.planetel.it\/en\/2025\/07\/fibra-ottica-fttcab-lalternativa-per-privati-e-pmi\/#primaryimage"},"thumbnailUrl":"https:\/\/www.planetel.it\/wp-content\/uploads\/2025\/07\/FTTCAB.png","keywords":["Planetel","Fibra ottica","connettivit\u00e0","PMI","FTTCAB"],"articleSection":["Telecomunicazioni","Connettivit\u00e0 Fibra ottica","Privati","Attivit\u00e0 commerciali"],"inLanguage":"en-US"},{"@type":"WebPage","@id":"https:\/\/www.planetel.it\/en\/2025\/07\/fibra-ottica-fttcab-lalternativa-per-privati-e-pmi\/","url":"https:\/\/www.planetel.it\/en\/2025\/07\/fibra-ottica-fttcab-lalternativa-per-privati-e-pmi\/","name":"Fibra ottica FTTCab Planetel: alternativa per privati e PMI.","isPartOf":{"@id":"https:\/\/www.planetel.it\/en\/#website"},"primaryImageOfPage":{"@id":"https:\/\/www.planetel.it\/en\/2025\/07\/fibra-ottica-fttcab-lalternativa-per-privati-e-pmi\/#primaryimage"},"image":{"@id":"https:\/\/www.planetel.it\/en\/2025\/07\/fibra-ottica-fttcab-lalternativa-per-privati-e-pmi\/#primaryimage"},"thumbnailUrl":"https:\/\/www.planetel.it\/wp-content\/uploads\/2025\/07\/FTTCAB.png","datePublished":"2025-07-28T06:30:00+00:00","description":"Scopri la fibra FTTCab di Planetel: la soluzione ideale per privati e PMI non raggiunti da FTTH. Migliora subito la tua connessione xDSL!","breadcrumb":{"@id":"https:\/\/www.planetel.it\/en\/2025\/07\/fibra-ottica-fttcab-lalternativa-per-privati-e-pmi\/#breadcrumb"},"inLanguage":"en-US","potentialAction":[{"@type":"ReadAction","target":["https:\/\/www.planetel.it\/en\/2025\/07\/fibra-ottica-fttcab-lalternativa-per-privati-e-pmi\/"]}]},{"@type":"ImageObject","inLanguage":"en-US","@id":"https:\/\/www.planetel.it\/en\/2025\/07\/fibra-ottica-fttcab-lalternativa-per-privati-e-pmi\/#primaryimage","url":"https:\/\/www.planetel.it\/wp-content\/uploads\/2025\/07\/FTTCAB.png","contentUrl":"https:\/\/www.planetel.it\/wp-content\/uploads\/2025\/07\/FTTCAB.png","width":1200,"height":630,"caption":"Fibra ottica FTTCab"},{"@type":"BreadcrumbList","@id":"https:\/\/www.planetel.it\/en\/2025\/07\/fibra-ottica-fttcab-lalternativa-per-privati-e-pmi\/#breadcrumb","itemListElement":[{"@type":"ListItem","position":1,"name":"Home","item":"https:\/\/www.planetel.it\/en\/"},{"@type":"ListItem","position":2,"name":"Servizi","item":"https:\/\/www.planetel.it\/news\/blog\/categoria\/servizi\/"},{"@type":"ListItem","position":3,"name":"Telecomunicazioni","item":"https:\/\/www.planetel.it\/news\/blog\/categoria\/telecomunicazioni\/"},{"@type":"ListItem","position":4,"name":"Fibra ottica FTTCab: l\u2019alternativa efficace per privati e PMI"}]},{"@type":"WebSite","@id":"https:\/\/www.planetel.it\/en\/#website","url":"https:\/\/www.planetel.it\/en\/","name":"Planetel","description":"Pi\u00f9 che una connessione","publisher":{"@id":"https:\/\/www.planetel.it\/en\/#organization"},"potentialAction":[{"@type":"SearchAction","target":{"@type":"EntryPoint","urlTemplate":"https:\/\/www.planetel.it\/en\/?s={search_term_string}"},"query-input":{"@type":"PropertyValueSpecification","valueRequired":true,"valueName":"search_term_string"}}],"inLanguage":"en-US"},{"@type":"Organization","@id":"https:\/\/www.planetel.it\/en\/#organization","name":"Planetel S.p.A.","url":"https:\/\/www.planetel.it\/en\/","logo":{"@type":"ImageObject","inLanguage":"en-US","@id":"https:\/\/www.planetel.it\/en\/#\/schema\/logo\/image\/","url":"https:\/\/www.planetel.it\/wp-content\/uploads\/2024\/04\/logo-group-planetel.svg","contentUrl":"https:\/\/www.planetel.it\/wp-content\/uploads\/2024\/04\/logo-group-planetel.svg","width":1,"height":1,"caption":"Planetel S.p.A."},"image":{"@id":"https:\/\/www.planetel.it\/en\/#\/schema\/logo\/image\/"},"sameAs":["https:\/\/www.facebook.com\/planetelspa","https:\/\/www.linkedin.com\/company\/planetel","https:\/\/www.instagram.com\/planetelspa"]},{"@type":"Person","@id":"https:\/\/www.planetel.it\/en\/#\/schema\/person\/8e74703d23ff222042246a845bb004fa","name":"Andrea Brumana","image":{"@type":"ImageObject","inLanguage":"en-US","@id":"https:\/\/secure.gravatar.com\/avatar\/9a839884f24513d8bf063a907c74d8d2483fb1c4bbbf7cf7222c3e08581e4219?s=96&d=mm&r=g","url":"https:\/\/secure.gravatar.com\/avatar\/9a839884f24513d8bf063a907c74d8d2483fb1c4bbbf7cf7222c3e08581e4219?s=96&d=mm&r=g","contentUrl":"https:\/\/secure.gravatar.com\/avatar\/9a839884f24513d8bf063a907c74d8d2483fb1c4bbbf7cf7222c3e08581e4219?s=96&d=mm&r=g","caption":"Andrea Brumana"},"url":"https:\/\/www.planetel.it\/en\/author\/a-brumana\/"}]}},"_links":{"self":[{"href":"https:\/\/www.planetel.it\/en\/wp-json\/wp\/v2\/posts\/67500","targetHints":{"allow":["GET"]}}],"collection":[{"href":"https:\/\/www.planetel.it\/en\/wp-json\/wp\/v2\/posts"}],"about":[{"href":"https:\/\/www.planetel.it\/en\/wp-json\/wp\/v2\/types\/post"}],"author":[{"embeddable":true,"href":"https:\/\/www.planetel.it\/en\/wp-json\/wp\/v2\/users\/4"}],"replies":[{"embeddable":true,"href":"https:\/\/www.planetel.it\/en\/wp-json\/wp\/v2\/comments?post=67500"}],"version-history":[{"count":1,"href":"https:\/\/www.planetel.it\/en\/wp-json\/wp\/v2\/posts\/67500\/revisions"}],"predecessor-version":[{"id":67501,"href":"https:\/\/www.planetel.it\/en\/wp-json\/wp\/v2\/posts\/67500\/revisions\/67501"}],"wp:featuredmedia":[{"embeddable":true,"href":"https:\/\/www.planetel.it\/en\/wp-json\/wp\/v2\/media\/67502"}],"wp:attachment":[{"href":"https:\/\/www.planetel.it\/en\/wp-json\/wp\/v2\/media?parent=67500"}],"wp:term":[{"taxonomy":"category","embeddable":true,"href":"https:\/\/www.planetel.it\/en\/wp-json\/wp\/v2\/categories?post=67500"},{"taxonomy":"post_tag","embeddable":true,"href":"https:\/\/www.planetel.it\/en\/wp-json\/wp\/v2\/tags?post=67500"},{"taxonomy":"service_category","embeddable":true,"href":"https:\/\/www.planetel.it\/en\/wp-json\/wp\/v2\/service_category?post=67500"}],"curies":[{"name":"wp","href":"https:\/\/api.w.org\/{rel}","templated":true}]}}