{"id":68551,"date":"2025-08-19T11:17:26","date_gmt":"2025-08-19T09:17:26","guid":{"rendered":"https:\/\/www.planetel.it\/?p=68551"},"modified":"2025-08-19T11:17:29","modified_gmt":"2025-08-19T09:17:29","slug":"planetel-porta-la-sua-connessione-al-food-film-fest-2025","status":"publish","type":"post","link":"https:\/\/www.planetel.it\/en\/2025\/08\/planetel-porta-la-sua-connessione-al-food-film-fest-2025\/","title":{"rendered":"Planetel porta la sua connessione al Food Film Fest 2025"},"content":{"rendered":"\n<div style=\"height:20px\" aria-hidden=\"true\" class=\"wp-block-spacer\"><\/div>\n\n\n\n<p>Tra gli eventi pi\u00f9 attesi dell\u2019estate bergamasca c\u2019\u00e8 il Festival Internazionale di Cinema e Cibo che si terr\u00e0 dal 20 al 23 agosto in Piazza Mascheroni, Citt\u00e0 Alta \u2013 Bergamo. Giunto alla dodicesima edizione, <a href=\"http:\/\/www.foodfilmfestbergamo.it\" target=\"_blank\" rel=\"noreferrer noopener\">Food Film Fest<\/a> ha raccolto quest\u2019anno oltre 600 film da tutto il mondo, opere che raccontano storie di cibo, ambiente, salute, cultura, amore e tradizioni, provenienti da Paesi vicini e lontani.\u00a0<\/p>\n\n\n\n<p>In dodici anni di attivit\u00e0, il festival ha inoltre costruito una cineteca ricca e variegata, un archivio in continuo aggiornamento che raccoglie film e cortometraggi provenienti da ogni angolo del mondo, preziosa memoria visiva del rapporto tra cibo e umanit\u00e0.&nbsp;<\/p>\n\n\n\n<p>Il tema di quest\u2019anno riguarda quel filo invisibile che unisce i piatti della nostra infanzia, i gesti di chi li preparava e le storie raccontate attorno a una tavola. Food Film Fest 2025 sar\u00e0 un viaggio nei sapori del passato e nelle trasformazioni del presente: un luogo vivo e aperto al pubblico, dove cineasti, cuochi, produttori, artigiani, studiosi e appassionati si incontrano per condividere storie, idee ed esperienze. Un\u2019occasione di stimolo e approfondimento, dove il cibo diventa chiave di lettura del nostro tempo e il dialogo tra culture si fa esperienza concreta.&nbsp;<\/p>\n\n\n\n<p>L\u2019iniziativa \u00e8 patrocinata e sostenuta da diversi partner, tra cui anche Planetel che sar\u00e0 presente come partner tecnico dell\u2019iniziativa, portando una connessione superveloce per tutti i partecipanti.&nbsp;<\/p>\n\n\n\n<div style=\"height:30px\" aria-hidden=\"true\" class=\"wp-block-spacer\"><\/div>\n\n\n<h2 class=\"wp-block-heading\" id=\"un-wifi-che-non-e-solo-connessione-ma-anche-unione-tra-le-persone\">Un Wi-Fi che non \u00e8 solo connessione, ma anche unione tra le persone<\/h2>\n\n\n<p>Durante tutte le serate del Food Film Fest 2025, i visitatori potranno navigare gratuitamente grazie alla <strong>rete Wi-Fi pubblica firmata Planetel<\/strong>, pensata per supportare iniziative ad alta affluenza. La nostra tecnologia <strong>FWA punto-punto<\/strong> \u00e8 la soluzione ideale per contesti temporanei o dinamici, dove la fibra ottica ovviamente non \u00e8 disponibile o non conveniente.&nbsp;<\/p>\n\n\n\n<p>In sintesi, \u00e8 la soluzione ideale per enti, pubbliche amministrazioni e organizzazioni che desiderano una soluzione di connettivit\u00e0 efficiente, affidabile e sicura per eventi pubblici e privati, nonch\u00e9 per spazi comuni e condivisi in aziende, comuni o aree pubbliche.&nbsp;&nbsp;<\/p>\n\n\n\n<div style=\"height:30px\" aria-hidden=\"true\" class=\"wp-block-spacer\"><\/div>\n\n\n<h3 class=\"wp-block-heading\" id=\"perche-scegliere-planetel-per-la-connettivita-pubblica\">Perch\u00e9 scegliere Planetel per la connettivit\u00e0 pubblica<\/h3>\n\n\n<p>La nostra esperienza nel campo delle soluzioni digitali per la trasformazione tecnologica ci consente di offrire non solo <a href=\"https:\/\/www.planetel.it\/servizi\/telecomunicazioni\/connettivita-fibra-ottica\/\" target=\"_blank\" rel=\"noreferrer noopener\">fibra ottica ultraveloce<\/a>, ma anche <strong>servizi flessibili pensati per le specifiche esigenze dei territori<\/strong>.\u00a0<\/p>\n\n\n\n<p>Il Wi-Fi per spazi pubblici non \u00e8 un semplice hotspot. Infatti, sempre pi\u00f9 realt\u00e0 pubbliche e private ci scelgono per:&nbsp;<\/p>\n\n\n\n<ul class=\"wp-block-list\">\n<li>Copertura garantita\u00a0\u00a0<\/li>\n<\/ul>\n\n\n\n<ul class=\"wp-block-list\">\n<li>Sicurezza della rete\u00a0\u00a0<\/li>\n<\/ul>\n\n\n\n<ul class=\"wp-block-list\">\n<li>Gestione personalizzata dell\u2019accesso\u00a0\u00a0<\/li>\n<\/ul>\n\n\n\n<ul class=\"wp-block-list\">\n<li>Rapidit\u00e0 d\u2019installazione\u00a0\u00a0<\/li>\n<\/ul>\n\n\n\n<ul class=\"wp-block-list\">\n<li>Assistenza tecnica dedicata\u00a0<\/li>\n<\/ul>\n\n\n\n<div style=\"height:30px\" aria-hidden=\"true\" class=\"wp-block-spacer\"><\/div>\n\n\n<h2 class=\"wp-block-heading\" id=\"connettiti-con-planetel-durante-le-serate-del-food-film-fest\">Connettiti con Planetel durante le serate del Food Film Fest<\/h2>\n\n\n<p>Se parteciperai a una delle serate del <strong>Food Film Fest 2025<\/strong>, ti invitiamo a provare direttamente la qualit\u00e0 del nostro servizio. Troverai istruzioni nell\u2019area pubblica dell\u2019evento per accedere alla rete Wi-Fi gratuita e vivere una serata connessa, sicura e senza interruzioni.&nbsp;<\/p>\n\n\n\n<p>Che tu stia condividendo una storia su Instagram, consultando il programma online o semplicemente navigando, la nostra rete \u00e8 pronta a connettere le tue emozioni.&nbsp;<\/p>\n\n\n\n<div style=\"height:30px\" aria-hidden=\"true\" class=\"wp-block-spacer\"><\/div>\n\n\n<h3 class=\"wp-block-heading has-text-align-center\" id=\"cerchi-connettivita-wifi-per-gli-spazi-pubblici\">Cerchi Connettivit\u00e0 Wi-Fi per gli spazi pubblici?<\/h3>\n\n\n<div class=\"wp-block-buttons is-content-justification-center is-layout-flex wp-container-core-buttons-is-layout-16018d1d wp-block-buttons-is-layout-flex\">\n<div class=\"wp-block-button\"><a class=\"wp-block-button__link has-white-color has-text-color has-background has-link-color has-medium-font-size has-text-align-center has-custom-font-size wp-element-button\" href=\"https:\/\/www.planetel.it\/servizi\/telecomunicazioni\/hotspot\/\" style=\"background-color:#439f36\">Scopri di pi\u00f9<\/a><\/div>\n<\/div>\n\n\n\n<p><\/p>\n","protected":false},"excerpt":{"rendered":"<p>Tra gli eventi pi\u00f9 attesi dell\u2019estate bergamasca c\u2019\u00e8 il Festival Internazionale di Cinema e Cibo che si terr\u00e0 dal 20 al 23 agosto in Piazza Mascheroni, Citt\u00e0 Alta \u2013 Bergamo. Giunto alla dodicesima edizione, Food Film Fest ha raccolto quest\u2019anno oltre 600 film da tutto il mondo, opere che raccontano storie di cibo, ambiente, salute, [&hellip;]<\/p>\n","protected":false},"author":18,"featured_media":68557,"comment_status":"closed","ping_status":"closed","sticky":false,"template":"","format":"standard","meta":{"_acf_changed":false,"footnotes":""},"categories":[690,693,694,717,718,719,728,729],"tags":[358,420,421,954,933],"service_category":[],"class_list":["post-68551","post","type-post","status-publish","format-standard","has-post-thumbnail","hentry","category-servizi","category-connettivita-radio-wireless","category-hotspot","category-attivita-commerciali","category-medie-e-grandi-imprese","category-pubblica-amministrazione","category-ponti-radio","category-sponsorizzazioni","tag-planetel","tag-sponsorizzazione","tag-connettivita","tag-food-film-fest-2025","tag-wi-fi-pubblico"],"acf":[],"yoast_head":"<!-- This site is optimized with the Yoast SEO plugin v27.3 - https:\/\/yoast.com\/product\/yoast-seo-wordpress\/ -->\n<title>Planetel al Food Film Fest 2025: Wi-fi per eventi e spazi pubblici<\/title>\n<meta name=\"description\" content=\"Planetel \u00e8 sponsor tecnico del Food Film Fest 2025, fornendo il Wi-Fi per i visitatori. Scopri di pi\u00f9 sul nostro servizio di connettivit\u00e0 per gli spazi pubblici.\" \/>\n<meta name=\"robots\" content=\"index, follow, max-snippet:-1, max-image-preview:large, max-video-preview:-1\" \/>\n<link rel=\"canonical\" href=\"https:\/\/www.planetel.it\/en\/2025\/08\/planetel-porta-la-sua-connessione-al-food-film-fest-2025\/\" \/>\n<meta property=\"og:locale\" content=\"en_US\" \/>\n<meta property=\"og:type\" content=\"article\" \/>\n<meta property=\"og:title\" content=\"Planetel porta la sua connessione al Food Film Fest 2025\" \/>\n<meta property=\"og:description\" content=\"Planetel \u00e8 sponsor tecnico del Food Film Fest 2025 a Bergamo, fornendo Wi-Fi pubblico per i visitatori. Scopri di pi\u00f9 sul nostro servizio di connettivit\u00e0 per gli spazi pubblici.\" \/>\n<meta property=\"og:url\" content=\"https:\/\/www.planetel.it\/en\/2025\/08\/planetel-porta-la-sua-connessione-al-food-film-fest-2025\/\" \/>\n<meta property=\"og:site_name\" content=\"Planetel\" \/>\n<meta property=\"article:publisher\" content=\"https:\/\/www.facebook.com\/planetelspa\" \/>\n<meta property=\"article:published_time\" content=\"2025-08-19T09:17:26+00:00\" \/>\n<meta property=\"article:modified_time\" content=\"2025-08-19T09:17:29+00:00\" \/>\n<meta property=\"og:image\" content=\"https:\/\/www.planetel.it\/wp-content\/uploads\/2025\/08\/Sponsor-FFF_2025.png\" \/>\n\t<meta property=\"og:image:width\" content=\"1200\" \/>\n\t<meta property=\"og:image:height\" content=\"630\" \/>\n\t<meta property=\"og:image:type\" content=\"image\/png\" \/>\n<meta name=\"twitter:card\" content=\"summary_large_image\" \/>\n<meta name=\"twitter:label1\" content=\"Written by\" \/>\n\t<meta name=\"twitter:data1\" content=\"Mattia Capoferri\" \/>\n\t<meta name=\"twitter:label2\" content=\"Est. reading time\" \/>\n\t<meta name=\"twitter:data2\" content=\"3 minutes\" \/>\n<script type=\"application\/ld+json\" class=\"yoast-schema-graph\">{\"@context\":\"https:\\\/\\\/schema.org\",\"@graph\":[{\"@type\":\"Article\",\"@id\":\"https:\\\/\\\/www.planetel.it\\\/en\\\/2025\\\/08\\\/planetel-porta-la-sua-connessione-al-food-film-fest-2025\\\/#article\",\"isPartOf\":{\"@id\":\"https:\\\/\\\/www.planetel.it\\\/en\\\/2025\\\/08\\\/planetel-porta-la-sua-connessione-al-food-film-fest-2025\\\/\"},\"author\":{\"name\":\"Mattia Capoferri\",\"@id\":\"https:\\\/\\\/www.planetel.it\\\/en\\\/#\\\/schema\\\/person\\\/0e3763fa55f3eb52faddf41a99647fb1\"},\"headline\":\"Planetel porta la sua connessione al Food Film Fest 2025\",\"datePublished\":\"2025-08-19T09:17:26+00:00\",\"dateModified\":\"2025-08-19T09:17:29+00:00\",\"mainEntityOfPage\":{\"@id\":\"https:\\\/\\\/www.planetel.it\\\/en\\\/2025\\\/08\\\/planetel-porta-la-sua-connessione-al-food-film-fest-2025\\\/\"},\"wordCount\":501,\"publisher\":{\"@id\":\"https:\\\/\\\/www.planetel.it\\\/en\\\/#organization\"},\"image\":{\"@id\":\"https:\\\/\\\/www.planetel.it\\\/en\\\/2025\\\/08\\\/planetel-porta-la-sua-connessione-al-food-film-fest-2025\\\/#primaryimage\"},\"thumbnailUrl\":\"https:\\\/\\\/www.planetel.it\\\/wp-content\\\/uploads\\\/2025\\\/08\\\/Sponsor-FFF_2025.png\",\"keywords\":[\"Planetel\",\"sponsorizzazione\",\"connettivit\u00e0\",\"Food Film Fest 2025\",\"Wi-Fi pubblico\"],\"articleSection\":[\"Servizi\",\"Connettivit\u00e0 Radio (Wireless)\",\"Hotspot\",\"Attivit\u00e0 commerciali\",\"Medie e grandi Imprese\",\"Pubblica Amministrazione\",\"Ponti Radio\",\"Sponsorizzazioni\"],\"inLanguage\":\"en-US\"},{\"@type\":\"WebPage\",\"@id\":\"https:\\\/\\\/www.planetel.it\\\/en\\\/2025\\\/08\\\/planetel-porta-la-sua-connessione-al-food-film-fest-2025\\\/\",\"url\":\"https:\\\/\\\/www.planetel.it\\\/en\\\/2025\\\/08\\\/planetel-porta-la-sua-connessione-al-food-film-fest-2025\\\/\",\"name\":\"Planetel al Food Film Fest 2025: Wi-fi per eventi e spazi pubblici\",\"isPartOf\":{\"@id\":\"https:\\\/\\\/www.planetel.it\\\/en\\\/#website\"},\"primaryImageOfPage\":{\"@id\":\"https:\\\/\\\/www.planetel.it\\\/en\\\/2025\\\/08\\\/planetel-porta-la-sua-connessione-al-food-film-fest-2025\\\/#primaryimage\"},\"image\":{\"@id\":\"https:\\\/\\\/www.planetel.it\\\/en\\\/2025\\\/08\\\/planetel-porta-la-sua-connessione-al-food-film-fest-2025\\\/#primaryimage\"},\"thumbnailUrl\":\"https:\\\/\\\/www.planetel.it\\\/wp-content\\\/uploads\\\/2025\\\/08\\\/Sponsor-FFF_2025.png\",\"datePublished\":\"2025-08-19T09:17:26+00:00\",\"dateModified\":\"2025-08-19T09:17:29+00:00\",\"description\":\"Planetel \u00e8 sponsor tecnico del Food Film Fest 2025, fornendo il Wi-Fi per i visitatori. Scopri di pi\u00f9 sul nostro servizio di connettivit\u00e0 per gli spazi pubblici.\",\"breadcrumb\":{\"@id\":\"https:\\\/\\\/www.planetel.it\\\/en\\\/2025\\\/08\\\/planetel-porta-la-sua-connessione-al-food-film-fest-2025\\\/#breadcrumb\"},\"inLanguage\":\"en-US\",\"potentialAction\":[{\"@type\":\"ReadAction\",\"target\":[\"https:\\\/\\\/www.planetel.it\\\/en\\\/2025\\\/08\\\/planetel-porta-la-sua-connessione-al-food-film-fest-2025\\\/\"]}]},{\"@type\":\"ImageObject\",\"inLanguage\":\"en-US\",\"@id\":\"https:\\\/\\\/www.planetel.it\\\/en\\\/2025\\\/08\\\/planetel-porta-la-sua-connessione-al-food-film-fest-2025\\\/#primaryimage\",\"url\":\"https:\\\/\\\/www.planetel.it\\\/wp-content\\\/uploads\\\/2025\\\/08\\\/Sponsor-FFF_2025.png\",\"contentUrl\":\"https:\\\/\\\/www.planetel.it\\\/wp-content\\\/uploads\\\/2025\\\/08\\\/Sponsor-FFF_2025.png\",\"width\":1200,\"height\":630},{\"@type\":\"BreadcrumbList\",\"@id\":\"https:\\\/\\\/www.planetel.it\\\/en\\\/2025\\\/08\\\/planetel-porta-la-sua-connessione-al-food-film-fest-2025\\\/#breadcrumb\",\"itemListElement\":[{\"@type\":\"ListItem\",\"position\":1,\"name\":\"Home\",\"item\":\"https:\\\/\\\/www.planetel.it\\\/en\\\/\"},{\"@type\":\"ListItem\",\"position\":2,\"name\":\"Servizi\",\"item\":\"https:\\\/\\\/www.planetel.it\\\/news\\\/blog\\\/categoria\\\/servizi\\\/\"},{\"@type\":\"ListItem\",\"position\":3,\"name\":\"Planetel porta la sua connessione al Food Film Fest 2025\"}]},{\"@type\":\"WebSite\",\"@id\":\"https:\\\/\\\/www.planetel.it\\\/en\\\/#website\",\"url\":\"https:\\\/\\\/www.planetel.it\\\/en\\\/\",\"name\":\"Planetel\",\"description\":\"Pi\u00f9 che una connessione\",\"publisher\":{\"@id\":\"https:\\\/\\\/www.planetel.it\\\/en\\\/#organization\"},\"potentialAction\":[{\"@type\":\"SearchAction\",\"target\":{\"@type\":\"EntryPoint\",\"urlTemplate\":\"https:\\\/\\\/www.planetel.it\\\/en\\\/?s={search_term_string}\"},\"query-input\":{\"@type\":\"PropertyValueSpecification\",\"valueRequired\":true,\"valueName\":\"search_term_string\"}}],\"inLanguage\":\"en-US\"},{\"@type\":\"Organization\",\"@id\":\"https:\\\/\\\/www.planetel.it\\\/en\\\/#organization\",\"name\":\"Planetel S.p.A.\",\"url\":\"https:\\\/\\\/www.planetel.it\\\/en\\\/\",\"logo\":{\"@type\":\"ImageObject\",\"inLanguage\":\"en-US\",\"@id\":\"https:\\\/\\\/www.planetel.it\\\/en\\\/#\\\/schema\\\/logo\\\/image\\\/\",\"url\":\"https:\\\/\\\/www.planetel.it\\\/wp-content\\\/uploads\\\/2024\\\/04\\\/logo-group-planetel.svg\",\"contentUrl\":\"https:\\\/\\\/www.planetel.it\\\/wp-content\\\/uploads\\\/2024\\\/04\\\/logo-group-planetel.svg\",\"width\":1,\"height\":1,\"caption\":\"Planetel S.p.A.\"},\"image\":{\"@id\":\"https:\\\/\\\/www.planetel.it\\\/en\\\/#\\\/schema\\\/logo\\\/image\\\/\"},\"sameAs\":[\"https:\\\/\\\/www.facebook.com\\\/planetelspa\",\"https:\\\/\\\/www.linkedin.com\\\/company\\\/planetel\",\"https:\\\/\\\/www.instagram.com\\\/planetelspa\"]},{\"@type\":\"Person\",\"@id\":\"https:\\\/\\\/www.planetel.it\\\/en\\\/#\\\/schema\\\/person\\\/0e3763fa55f3eb52faddf41a99647fb1\",\"name\":\"Mattia Capoferri\",\"image\":{\"@type\":\"ImageObject\",\"inLanguage\":\"en-US\",\"@id\":\"https:\\\/\\\/secure.gravatar.com\\\/avatar\\\/d3f936ad90e1102cfb5d8f503b28be8529269bae6a8f6f67921fbd7ff96104ed?s=96&d=mm&r=g\",\"url\":\"https:\\\/\\\/secure.gravatar.com\\\/avatar\\\/d3f936ad90e1102cfb5d8f503b28be8529269bae6a8f6f67921fbd7ff96104ed?s=96&d=mm&r=g\",\"contentUrl\":\"https:\\\/\\\/secure.gravatar.com\\\/avatar\\\/d3f936ad90e1102cfb5d8f503b28be8529269bae6a8f6f67921fbd7ff96104ed?s=96&d=mm&r=g\",\"caption\":\"Mattia Capoferri\"},\"url\":\"https:\\\/\\\/www.planetel.it\\\/en\\\/author\\\/mattiacapoferri\\\/\"}]}<\/script>\n<!-- \/ Yoast SEO plugin. -->","yoast_head_json":{"title":"Planetel al Food Film Fest 2025: Wi-fi per eventi e spazi pubblici","description":"Planetel \u00e8 sponsor tecnico del Food Film Fest 2025, fornendo il Wi-Fi per i visitatori. Scopri di pi\u00f9 sul nostro servizio di connettivit\u00e0 per gli spazi pubblici.","robots":{"index":"index","follow":"follow","max-snippet":"max-snippet:-1","max-image-preview":"max-image-preview:large","max-video-preview":"max-video-preview:-1"},"canonical":"https:\/\/www.planetel.it\/en\/2025\/08\/planetel-porta-la-sua-connessione-al-food-film-fest-2025\/","og_locale":"en_US","og_type":"article","og_title":"Planetel porta la sua connessione al Food Film Fest 2025","og_description":"Planetel \u00e8 sponsor tecnico del Food Film Fest 2025 a Bergamo, fornendo Wi-Fi pubblico per i visitatori. Scopri di pi\u00f9 sul nostro servizio di connettivit\u00e0 per gli spazi pubblici.","og_url":"https:\/\/www.planetel.it\/en\/2025\/08\/planetel-porta-la-sua-connessione-al-food-film-fest-2025\/","og_site_name":"Planetel","article_publisher":"https:\/\/www.facebook.com\/planetelspa","article_published_time":"2025-08-19T09:17:26+00:00","article_modified_time":"2025-08-19T09:17:29+00:00","og_image":[{"width":1200,"height":630,"url":"https:\/\/www.planetel.it\/wp-content\/uploads\/2025\/08\/Sponsor-FFF_2025.png","type":"image\/png"}],"twitter_card":"summary_large_image","twitter_misc":{"Written by":"Mattia Capoferri","Est. reading time":"3 minutes"},"schema":{"@context":"https:\/\/schema.org","@graph":[{"@type":"Article","@id":"https:\/\/www.planetel.it\/en\/2025\/08\/planetel-porta-la-sua-connessione-al-food-film-fest-2025\/#article","isPartOf":{"@id":"https:\/\/www.planetel.it\/en\/2025\/08\/planetel-porta-la-sua-connessione-al-food-film-fest-2025\/"},"author":{"name":"Mattia Capoferri","@id":"https:\/\/www.planetel.it\/en\/#\/schema\/person\/0e3763fa55f3eb52faddf41a99647fb1"},"headline":"Planetel porta la sua connessione al Food Film Fest 2025","datePublished":"2025-08-19T09:17:26+00:00","dateModified":"2025-08-19T09:17:29+00:00","mainEntityOfPage":{"@id":"https:\/\/www.planetel.it\/en\/2025\/08\/planetel-porta-la-sua-connessione-al-food-film-fest-2025\/"},"wordCount":501,"publisher":{"@id":"https:\/\/www.planetel.it\/en\/#organization"},"image":{"@id":"https:\/\/www.planetel.it\/en\/2025\/08\/planetel-porta-la-sua-connessione-al-food-film-fest-2025\/#primaryimage"},"thumbnailUrl":"https:\/\/www.planetel.it\/wp-content\/uploads\/2025\/08\/Sponsor-FFF_2025.png","keywords":["Planetel","sponsorizzazione","connettivit\u00e0","Food Film Fest 2025","Wi-Fi pubblico"],"articleSection":["Servizi","Connettivit\u00e0 Radio (Wireless)","Hotspot","Attivit\u00e0 commerciali","Medie e grandi Imprese","Pubblica Amministrazione","Ponti Radio","Sponsorizzazioni"],"inLanguage":"en-US"},{"@type":"WebPage","@id":"https:\/\/www.planetel.it\/en\/2025\/08\/planetel-porta-la-sua-connessione-al-food-film-fest-2025\/","url":"https:\/\/www.planetel.it\/en\/2025\/08\/planetel-porta-la-sua-connessione-al-food-film-fest-2025\/","name":"Planetel al Food Film Fest 2025: Wi-fi per eventi e spazi pubblici","isPartOf":{"@id":"https:\/\/www.planetel.it\/en\/#website"},"primaryImageOfPage":{"@id":"https:\/\/www.planetel.it\/en\/2025\/08\/planetel-porta-la-sua-connessione-al-food-film-fest-2025\/#primaryimage"},"image":{"@id":"https:\/\/www.planetel.it\/en\/2025\/08\/planetel-porta-la-sua-connessione-al-food-film-fest-2025\/#primaryimage"},"thumbnailUrl":"https:\/\/www.planetel.it\/wp-content\/uploads\/2025\/08\/Sponsor-FFF_2025.png","datePublished":"2025-08-19T09:17:26+00:00","dateModified":"2025-08-19T09:17:29+00:00","description":"Planetel \u00e8 sponsor tecnico del Food Film Fest 2025, fornendo il Wi-Fi per i visitatori. Scopri di pi\u00f9 sul nostro servizio di connettivit\u00e0 per gli spazi pubblici.","breadcrumb":{"@id":"https:\/\/www.planetel.it\/en\/2025\/08\/planetel-porta-la-sua-connessione-al-food-film-fest-2025\/#breadcrumb"},"inLanguage":"en-US","potentialAction":[{"@type":"ReadAction","target":["https:\/\/www.planetel.it\/en\/2025\/08\/planetel-porta-la-sua-connessione-al-food-film-fest-2025\/"]}]},{"@type":"ImageObject","inLanguage":"en-US","@id":"https:\/\/www.planetel.it\/en\/2025\/08\/planetel-porta-la-sua-connessione-al-food-film-fest-2025\/#primaryimage","url":"https:\/\/www.planetel.it\/wp-content\/uploads\/2025\/08\/Sponsor-FFF_2025.png","contentUrl":"https:\/\/www.planetel.it\/wp-content\/uploads\/2025\/08\/Sponsor-FFF_2025.png","width":1200,"height":630},{"@type":"BreadcrumbList","@id":"https:\/\/www.planetel.it\/en\/2025\/08\/planetel-porta-la-sua-connessione-al-food-film-fest-2025\/#breadcrumb","itemListElement":[{"@type":"ListItem","position":1,"name":"Home","item":"https:\/\/www.planetel.it\/en\/"},{"@type":"ListItem","position":2,"name":"Servizi","item":"https:\/\/www.planetel.it\/news\/blog\/categoria\/servizi\/"},{"@type":"ListItem","position":3,"name":"Planetel porta la sua connessione al Food Film Fest 2025"}]},{"@type":"WebSite","@id":"https:\/\/www.planetel.it\/en\/#website","url":"https:\/\/www.planetel.it\/en\/","name":"Planetel","description":"Pi\u00f9 che una connessione","publisher":{"@id":"https:\/\/www.planetel.it\/en\/#organization"},"potentialAction":[{"@type":"SearchAction","target":{"@type":"EntryPoint","urlTemplate":"https:\/\/www.planetel.it\/en\/?s={search_term_string}"},"query-input":{"@type":"PropertyValueSpecification","valueRequired":true,"valueName":"search_term_string"}}],"inLanguage":"en-US"},{"@type":"Organization","@id":"https:\/\/www.planetel.it\/en\/#organization","name":"Planetel S.p.A.","url":"https:\/\/www.planetel.it\/en\/","logo":{"@type":"ImageObject","inLanguage":"en-US","@id":"https:\/\/www.planetel.it\/en\/#\/schema\/logo\/image\/","url":"https:\/\/www.planetel.it\/wp-content\/uploads\/2024\/04\/logo-group-planetel.svg","contentUrl":"https:\/\/www.planetel.it\/wp-content\/uploads\/2024\/04\/logo-group-planetel.svg","width":1,"height":1,"caption":"Planetel S.p.A."},"image":{"@id":"https:\/\/www.planetel.it\/en\/#\/schema\/logo\/image\/"},"sameAs":["https:\/\/www.facebook.com\/planetelspa","https:\/\/www.linkedin.com\/company\/planetel","https:\/\/www.instagram.com\/planetelspa"]},{"@type":"Person","@id":"https:\/\/www.planetel.it\/en\/#\/schema\/person\/0e3763fa55f3eb52faddf41a99647fb1","name":"Mattia Capoferri","image":{"@type":"ImageObject","inLanguage":"en-US","@id":"https:\/\/secure.gravatar.com\/avatar\/d3f936ad90e1102cfb5d8f503b28be8529269bae6a8f6f67921fbd7ff96104ed?s=96&d=mm&r=g","url":"https:\/\/secure.gravatar.com\/avatar\/d3f936ad90e1102cfb5d8f503b28be8529269bae6a8f6f67921fbd7ff96104ed?s=96&d=mm&r=g","contentUrl":"https:\/\/secure.gravatar.com\/avatar\/d3f936ad90e1102cfb5d8f503b28be8529269bae6a8f6f67921fbd7ff96104ed?s=96&d=mm&r=g","caption":"Mattia Capoferri"},"url":"https:\/\/www.planetel.it\/en\/author\/mattiacapoferri\/"}]}},"_links":{"self":[{"href":"https:\/\/www.planetel.it\/en\/wp-json\/wp\/v2\/posts\/68551","targetHints":{"allow":["GET"]}}],"collection":[{"href":"https:\/\/www.planetel.it\/en\/wp-json\/wp\/v2\/posts"}],"about":[{"href":"https:\/\/www.planetel.it\/en\/wp-json\/wp\/v2\/types\/post"}],"author":[{"embeddable":true,"href":"https:\/\/www.planetel.it\/en\/wp-json\/wp\/v2\/users\/18"}],"replies":[{"embeddable":true,"href":"https:\/\/www.planetel.it\/en\/wp-json\/wp\/v2\/comments?post=68551"}],"version-history":[{"count":4,"href":"https:\/\/www.planetel.it\/en\/wp-json\/wp\/v2\/posts\/68551\/revisions"}],"predecessor-version":[{"id":68556,"href":"https:\/\/www.planetel.it\/en\/wp-json\/wp\/v2\/posts\/68551\/revisions\/68556"}],"wp:featuredmedia":[{"embeddable":true,"href":"https:\/\/www.planetel.it\/en\/wp-json\/wp\/v2\/media\/68557"}],"wp:attachment":[{"href":"https:\/\/www.planetel.it\/en\/wp-json\/wp\/v2\/media?parent=68551"}],"wp:term":[{"taxonomy":"category","embeddable":true,"href":"https:\/\/www.planetel.it\/en\/wp-json\/wp\/v2\/categories?post=68551"},{"taxonomy":"post_tag","embeddable":true,"href":"https:\/\/www.planetel.it\/en\/wp-json\/wp\/v2\/tags?post=68551"},{"taxonomy":"service_category","embeddable":true,"href":"https:\/\/www.planetel.it\/en\/wp-json\/wp\/v2\/service_category?post=68551"}],"curies":[{"name":"wp","href":"https:\/\/api.w.org\/{rel}","templated":true}]}}