{"id":70243,"date":"2025-09-05T16:37:40","date_gmt":"2025-09-05T14:37:40","guid":{"rendered":"https:\/\/www.planetel.it\/?p=70243"},"modified":"2025-09-09T09:36:52","modified_gmt":"2025-09-09T07:36:52","slug":"planetel-affitta-il-ramo-dazienda-di-ora-0","status":"publish","type":"post","link":"https:\/\/www.planetel.it\/en\/2025\/09\/planetel-affitta-il-ramo-dazienda-di-ora-0\/","title":{"rendered":"Planetel affitta il ramo d\u2019azienda di ORA-0: pi\u00f9 competenze in cyber security, ICT e R&amp;S."},"content":{"rendered":"\n<p>Planetel continua a crescere e a investire in settori strategici per il futuro digitale del territorio. Dal <strong>4 settembre 2025<\/strong> \u00e8 infatti operativo il contratto di affitto del ramo d\u2019azienda di <strong>ORA-0 S.r.l. Societ\u00e0 Benefit<\/strong>, realt\u00e0 specializzata in <strong>cyber security, servizi SOC-SIEM, consulenza ICT e ricerca e sviluppo<\/strong>.<\/p>\n\n\n\n<p>Si tratta di un passo importante, che conferma la nostra volont\u00e0 di rafforzare le competenze in ambito IT e ampliare l\u2019offerta rivolta a clienti business e istituzionali.<\/p>\n\n\n\n<div style=\"height:50px\" aria-hidden=\"true\" class=\"wp-block-spacer\"><\/div>\n\n\n<h2 class=\"wp-block-heading\" id=\"ora0-perche-planetel-ha-fatto-questa-operazione\">ORA-0: Perch\u00e9 Planetel ha fatto questa operazione?<\/h2>\n\n\n<p>Negli ultimi anni tematiche quali la trasformazione digitale, il cloud e la sicurezza informatica sono diventate una priorit\u00e0 assoluta e inevitabile per aziende e pubbliche amministrazioni, richiedendo soluzioni avanzate e il supporto di professionisti qualificati.<\/p>\n\n\n\n<p>Con questa operazione, Planetel garantisce continuit\u00e0 alle attivit\u00e0 di ORA-0, ed introduce una strategia mirata: <strong>acquisire ulteriori know-how, tecnologie e competenze specifiche<\/strong>, integrandole all\u2019interno di un gruppo solido e in crescita.<\/p>\n\n\n\n<p>Un approccio che va oltre il semplice investimento economico e si traduce in un rafforzamento strutturale della nostra capacit\u00e0 di affrontare le nuove sfide digitali.<\/p>\n\n\n\n<div style=\"height:50px\" aria-hidden=\"true\" class=\"wp-block-spacer\"><\/div>\n\n\n<h3 class=\"wp-block-heading\" id=\"con-ora0-un-passo-strategico-verso-leccellenza-in-campo-digitale\">Con ORA-0 un passo strategico verso l\u2019eccellenza in campo digitale<\/h3>\n\n\n<p>Grazie a questa integrazione, Planetel potr\u00e0 contare sull\u2019esperienza di oltre <strong>21 tecnici specializzati<\/strong>, gi\u00e0 parte del team ORA-0. Professionisti che portano con s\u00e9 competenze preziose in ambito SOC-SIEM, monitoraggio avanzato e ricerca scientifica.<br>Questo significa poter offrire ai clienti <strong>nuove linee di servizio<\/strong> nel campo della sicurezza informatica e consolidare la posizione di Planetel come partner tecnologico a 360 gradi.<\/p>\n\n\n\n<div style=\"height:50px\" aria-hidden=\"true\" class=\"wp-block-spacer\"><\/div>\n\n\n<h3 class=\"wp-block-heading\" id=\"planetel-e-ora0-i-benefici-per-clienti-e-mercato\">Planetel e ORA-0: i benefici per clienti e mercato<\/h3>\n\n\n<p>Per i clienti, questa operazione si traduce in un\u2019offerta ancora pi\u00f9 completa, capace di rispondere non solo ai bisogni di connettivit\u00e0 e cloud, ma anche alle crescenti esigenze di protezione dei dati e delle infrastrutture digitali.<\/p>\n\n\n\n<p>Inoltre, la scelta di ricorrere all\u2019affitto del ramo d\u2019azienda garantisce <strong>continuit\u00e0 nei progetti in corso e nei rapporti di lavoro<\/strong>, evitando interruzioni e tutelando al massimo le persone coinvolte.<\/p>\n\n\n\n<div style=\"height:50px\" aria-hidden=\"true\" class=\"wp-block-spacer\"><\/div>\n\n\n<h3 class=\"wp-block-heading\" id=\"continuita-per-persone-e-competenze\">Continuit\u00e0 per persone e competenze<\/h3>\n\n\n<p>Il valore di questa operazione non si misura solo nei numeri, ma soprattutto nella capacit\u00e0 di preservare un <strong>capitale umano altamente specializzato<\/strong>.<\/p>\n\n\n\n<p>Planetel ha scelto di salvaguardare professionalit\u00e0 ed esperienze, integrandole nel proprio percorso di crescita: un messaggio importante per clienti e partner, che potranno contare su un team ancora pi\u00f9 competente, qualificato e multidisciplinare.<\/p>\n\n\n\n<div style=\"height:50px\" aria-hidden=\"true\" class=\"wp-block-spacer\"><\/div>\n\n\n<h2 class=\"wp-block-heading\" id=\"uno-sguardo-al-futuro-dellintegrazione-di-ora0\">Uno sguardo al futuro dell\u2019integrazione di ORA-0<\/h2>\n\n\n<p>L\u2019operazione di affitto di ORA- 0 \u00e8 solo il primo passo. Planetel ha infatti gi\u00e0 avviato una <strong>due diligence<\/strong> finalizzata a un\u2019eventuale <strong>acquisizione definitiva<\/strong> del ramo d\u2019azienda, a conferma della volont\u00e0 di rendere questa integrazione parte stabile e strategica del proprio sviluppo.<\/p>\n\n\n\n<p>In prospettiva, l\u2019operazione permetter\u00e0 a Planetel di consolidare la propria offerta nel settore ICT, rafforzare la presenza in mercati ad alto valore tecnologico e continuare a crescere in linea con la volont\u00e0 di fornire soluzioni digitali integrate, sicure e innovative.<\/p>\n\n\n\n<p>Con l\u2019affitto del ramo d\u2019azienda di ORA-0, Planetel compie quindi un passo concreto verso il futuro: <strong>pi\u00f9 sicurezza, pi\u00f9 competenze, pi\u00f9 valore per i clienti<\/strong>.<\/p>\n\n\n\n<div style=\"height:50px\" aria-hidden=\"true\" class=\"wp-block-spacer\"><\/div>\n\n\n\n<p class=\"has-text-align-center\"><strong>Leggi il comunicato stampa<\/strong><\/p>\n\n\n\n<div class=\"wp-block-buttons is-content-justification-center is-layout-flex wp-container-core-buttons-is-layout-16018d1d wp-block-buttons-is-layout-flex\">\n<div class=\"wp-block-button\"><a class=\"wp-block-button__link has-white-color has-text-color has-background has-link-color has-medium-font-size has-text-align-center has-custom-font-size wp-element-button\" href=\"https:\/\/www.planetel.it\/docs\/planetel-sottoscrive-il-contratto-di-affitto-del-ramo-dazienda-di-ora-0-s-r-l-societa-benefit\/\" style=\"border-radius:20px;background-color:#439f36\">Comunicato Stampa<\/a><\/div>\n<\/div>\n\n\n\n<div style=\"height:50px\" aria-hidden=\"true\" class=\"wp-block-spacer\"><\/div>\n\n\n\n<p class=\"has-text-align-center\"><strong>Scopri l&#8217;offerta di ORA-0<\/strong><\/p>\n\n\n\n<div class=\"wp-block-buttons is-content-justification-center is-layout-flex wp-container-core-buttons-is-layout-16018d1d wp-block-buttons-is-layout-flex\">\n<div class=\"wp-block-button\"><a class=\"wp-block-button__link has-white-color has-text-color has-background has-link-color has-medium-font-size has-text-align-center has-custom-font-size wp-element-button\" href=\"http:\/\/www.orazerogroup.com\/\" style=\"border-radius:20px;background-color:#439f36\">Scopri l&#8217;offerta<\/a><\/div>\n<\/div>\n\n\n\n<p><\/p>\n","protected":false},"excerpt":{"rendered":"<p>Planetel continua a crescere e a investire in settori strategici per il futuro digitale del territorio. Dal 4 settembre 2025 \u00e8 infatti operativo il contratto di affitto del ramo d\u2019azienda di ORA-0 S.r.l. Societ\u00e0 Benefit, realt\u00e0 specializzata in cyber security, servizi SOC-SIEM, consulenza ICT e ricerca e sviluppo. Si tratta di un passo importante, che [&hellip;]<\/p>\n","protected":false},"author":4,"featured_media":70244,"comment_status":"closed","ping_status":"closed","sticky":false,"template":"","format":"standard","meta":{"_acf_changed":false,"footnotes":""},"categories":[722,672,723],"tags":[959,958,957,384,358],"service_category":[],"class_list":["post-70243","post","type-post","status-publish","format-standard","has-post-thumbnail","hentry","category-azienda","category-planetel","category-il-gruppo","tag-servizi-digitali","tag-affitto","tag-ora-0","tag-cybersecurity","tag-planetel"],"acf":[],"yoast_head":"<!-- This site is optimized with the Yoast SEO plugin v27.3 - https:\/\/yoast.com\/product\/yoast-seo-wordpress\/ -->\n<title>Planetel affitta il ramo di ORA-0 per rafforzare competenze digitali.<\/title>\n<meta name=\"description\" content=\"Planetel annuncia l\u2019affitto del ramo d\u2019azienda di ORA-0 S.r.l.: pi\u00f9 competenze in cyber security, nuovi servizi e continuit\u00e0 per i clienti.\" \/>\n<meta name=\"robots\" content=\"index, follow, max-snippet:-1, max-image-preview:large, max-video-preview:-1\" \/>\n<link rel=\"canonical\" href=\"https:\/\/www.planetel.it\/en\/2025\/09\/planetel-affitta-il-ramo-dazienda-di-ora-0\/\" \/>\n<meta property=\"og:locale\" content=\"en_US\" \/>\n<meta property=\"og:type\" content=\"article\" \/>\n<meta property=\"og:title\" content=\"Planetel affitta il ramo di ORA-0 per rafforzare competenze digitali.\" \/>\n<meta property=\"og:description\" content=\"Planetel annuncia l\u2019affitto del ramo d\u2019azienda di ORA-0 S.r.l.: pi\u00f9 competenze in cyber security, nuovi servizi e continuit\u00e0 per i clienti.\" \/>\n<meta property=\"og:url\" content=\"https:\/\/www.planetel.it\/en\/2025\/09\/planetel-affitta-il-ramo-dazienda-di-ora-0\/\" \/>\n<meta property=\"og:site_name\" content=\"Planetel\" \/>\n<meta property=\"article:publisher\" content=\"https:\/\/www.facebook.com\/planetelspa\" \/>\n<meta property=\"article:published_time\" content=\"2025-09-05T14:37:40+00:00\" \/>\n<meta property=\"article:modified_time\" content=\"2025-09-09T07:36:52+00:00\" \/>\n<meta property=\"og:image\" content=\"https:\/\/www.planetel.it\/wp-content\/uploads\/2025\/09\/Copertina-Orazero.png\" \/>\n\t<meta property=\"og:image:width\" content=\"1200\" \/>\n\t<meta property=\"og:image:height\" content=\"630\" \/>\n\t<meta property=\"og:image:type\" content=\"image\/png\" \/>\n<meta name=\"twitter:card\" content=\"summary_large_image\" \/>\n<meta name=\"twitter:label1\" content=\"Written by\" \/>\n\t<meta name=\"twitter:data1\" content=\"Andrea Brumana\" \/>\n\t<meta name=\"twitter:label2\" content=\"Est. reading time\" \/>\n\t<meta name=\"twitter:data2\" content=\"3 minutes\" \/>\n<script type=\"application\/ld+json\" class=\"yoast-schema-graph\">{\"@context\":\"https:\\\/\\\/schema.org\",\"@graph\":[{\"@type\":\"Article\",\"@id\":\"https:\\\/\\\/www.planetel.it\\\/en\\\/2025\\\/09\\\/planetel-affitta-il-ramo-dazienda-di-ora-0\\\/#article\",\"isPartOf\":{\"@id\":\"https:\\\/\\\/www.planetel.it\\\/en\\\/2025\\\/09\\\/planetel-affitta-il-ramo-dazienda-di-ora-0\\\/\"},\"author\":{\"name\":\"Andrea Brumana\",\"@id\":\"https:\\\/\\\/www.planetel.it\\\/en\\\/#\\\/schema\\\/person\\\/8e74703d23ff222042246a845bb004fa\"},\"headline\":\"Planetel affitta il ramo d\u2019azienda di ORA-0: pi\u00f9 competenze in cyber security, ICT e R&amp;S.\",\"datePublished\":\"2025-09-05T14:37:40+00:00\",\"dateModified\":\"2025-09-09T07:36:52+00:00\",\"mainEntityOfPage\":{\"@id\":\"https:\\\/\\\/www.planetel.it\\\/en\\\/2025\\\/09\\\/planetel-affitta-il-ramo-dazienda-di-ora-0\\\/\"},\"wordCount\":533,\"publisher\":{\"@id\":\"https:\\\/\\\/www.planetel.it\\\/en\\\/#organization\"},\"image\":{\"@id\":\"https:\\\/\\\/www.planetel.it\\\/en\\\/2025\\\/09\\\/planetel-affitta-il-ramo-dazienda-di-ora-0\\\/#primaryimage\"},\"thumbnailUrl\":\"https:\\\/\\\/www.planetel.it\\\/wp-content\\\/uploads\\\/2025\\\/09\\\/Copertina-Orazero.png\",\"keywords\":[\"Servizi digitali\",\"Affitto\",\"ORA-0\",\"cybersecurity\",\"Planetel\"],\"articleSection\":[\"Azienda\",\"Planetel\",\"Il gruppo\"],\"inLanguage\":\"en-US\"},{\"@type\":\"WebPage\",\"@id\":\"https:\\\/\\\/www.planetel.it\\\/en\\\/2025\\\/09\\\/planetel-affitta-il-ramo-dazienda-di-ora-0\\\/\",\"url\":\"https:\\\/\\\/www.planetel.it\\\/en\\\/2025\\\/09\\\/planetel-affitta-il-ramo-dazienda-di-ora-0\\\/\",\"name\":\"Planetel affitta il ramo di ORA-0 per rafforzare competenze digitali.\",\"isPartOf\":{\"@id\":\"https:\\\/\\\/www.planetel.it\\\/en\\\/#website\"},\"primaryImageOfPage\":{\"@id\":\"https:\\\/\\\/www.planetel.it\\\/en\\\/2025\\\/09\\\/planetel-affitta-il-ramo-dazienda-di-ora-0\\\/#primaryimage\"},\"image\":{\"@id\":\"https:\\\/\\\/www.planetel.it\\\/en\\\/2025\\\/09\\\/planetel-affitta-il-ramo-dazienda-di-ora-0\\\/#primaryimage\"},\"thumbnailUrl\":\"https:\\\/\\\/www.planetel.it\\\/wp-content\\\/uploads\\\/2025\\\/09\\\/Copertina-Orazero.png\",\"datePublished\":\"2025-09-05T14:37:40+00:00\",\"dateModified\":\"2025-09-09T07:36:52+00:00\",\"description\":\"Planetel annuncia l\u2019affitto del ramo d\u2019azienda di ORA-0 S.r.l.: pi\u00f9 competenze in cyber security, nuovi servizi e continuit\u00e0 per i clienti.\",\"breadcrumb\":{\"@id\":\"https:\\\/\\\/www.planetel.it\\\/en\\\/2025\\\/09\\\/planetel-affitta-il-ramo-dazienda-di-ora-0\\\/#breadcrumb\"},\"inLanguage\":\"en-US\",\"potentialAction\":[{\"@type\":\"ReadAction\",\"target\":[\"https:\\\/\\\/www.planetel.it\\\/en\\\/2025\\\/09\\\/planetel-affitta-il-ramo-dazienda-di-ora-0\\\/\"]}]},{\"@type\":\"ImageObject\",\"inLanguage\":\"en-US\",\"@id\":\"https:\\\/\\\/www.planetel.it\\\/en\\\/2025\\\/09\\\/planetel-affitta-il-ramo-dazienda-di-ora-0\\\/#primaryimage\",\"url\":\"https:\\\/\\\/www.planetel.it\\\/wp-content\\\/uploads\\\/2025\\\/09\\\/Copertina-Orazero.png\",\"contentUrl\":\"https:\\\/\\\/www.planetel.it\\\/wp-content\\\/uploads\\\/2025\\\/09\\\/Copertina-Orazero.png\",\"width\":1200,\"height\":630,\"caption\":\"ORA-0\"},{\"@type\":\"BreadcrumbList\",\"@id\":\"https:\\\/\\\/www.planetel.it\\\/en\\\/2025\\\/09\\\/planetel-affitta-il-ramo-dazienda-di-ora-0\\\/#breadcrumb\",\"itemListElement\":[{\"@type\":\"ListItem\",\"position\":1,\"name\":\"Home\",\"item\":\"https:\\\/\\\/www.planetel.it\\\/en\\\/\"},{\"@type\":\"ListItem\",\"position\":2,\"name\":\"Azienda\",\"item\":\"https:\\\/\\\/www.planetel.it\\\/news\\\/blog\\\/categoria\\\/azienda\\\/\"},{\"@type\":\"ListItem\",\"position\":3,\"name\":\"Planetel\",\"item\":\"https:\\\/\\\/www.planetel.it\\\/news\\\/blog\\\/categoria\\\/planetel\\\/\"},{\"@type\":\"ListItem\",\"position\":4,\"name\":\"Planetel affitta il ramo d\u2019azienda di ORA-0: pi\u00f9 competenze in cyber security, ICT e R&amp;S.\"}]},{\"@type\":\"WebSite\",\"@id\":\"https:\\\/\\\/www.planetel.it\\\/en\\\/#website\",\"url\":\"https:\\\/\\\/www.planetel.it\\\/en\\\/\",\"name\":\"Planetel\",\"description\":\"Pi\u00f9 che una connessione\",\"publisher\":{\"@id\":\"https:\\\/\\\/www.planetel.it\\\/en\\\/#organization\"},\"potentialAction\":[{\"@type\":\"SearchAction\",\"target\":{\"@type\":\"EntryPoint\",\"urlTemplate\":\"https:\\\/\\\/www.planetel.it\\\/en\\\/?s={search_term_string}\"},\"query-input\":{\"@type\":\"PropertyValueSpecification\",\"valueRequired\":true,\"valueName\":\"search_term_string\"}}],\"inLanguage\":\"en-US\"},{\"@type\":\"Organization\",\"@id\":\"https:\\\/\\\/www.planetel.it\\\/en\\\/#organization\",\"name\":\"Planetel S.p.A.\",\"url\":\"https:\\\/\\\/www.planetel.it\\\/en\\\/\",\"logo\":{\"@type\":\"ImageObject\",\"inLanguage\":\"en-US\",\"@id\":\"https:\\\/\\\/www.planetel.it\\\/en\\\/#\\\/schema\\\/logo\\\/image\\\/\",\"url\":\"https:\\\/\\\/www.planetel.it\\\/wp-content\\\/uploads\\\/2024\\\/04\\\/logo-group-planetel.svg\",\"contentUrl\":\"https:\\\/\\\/www.planetel.it\\\/wp-content\\\/uploads\\\/2024\\\/04\\\/logo-group-planetel.svg\",\"width\":1,\"height\":1,\"caption\":\"Planetel S.p.A.\"},\"image\":{\"@id\":\"https:\\\/\\\/www.planetel.it\\\/en\\\/#\\\/schema\\\/logo\\\/image\\\/\"},\"sameAs\":[\"https:\\\/\\\/www.facebook.com\\\/planetelspa\",\"https:\\\/\\\/www.linkedin.com\\\/company\\\/planetel\",\"https:\\\/\\\/www.instagram.com\\\/planetelspa\"]},{\"@type\":\"Person\",\"@id\":\"https:\\\/\\\/www.planetel.it\\\/en\\\/#\\\/schema\\\/person\\\/8e74703d23ff222042246a845bb004fa\",\"name\":\"Andrea Brumana\",\"image\":{\"@type\":\"ImageObject\",\"inLanguage\":\"en-US\",\"@id\":\"https:\\\/\\\/secure.gravatar.com\\\/avatar\\\/9a839884f24513d8bf063a907c74d8d2483fb1c4bbbf7cf7222c3e08581e4219?s=96&d=mm&r=g\",\"url\":\"https:\\\/\\\/secure.gravatar.com\\\/avatar\\\/9a839884f24513d8bf063a907c74d8d2483fb1c4bbbf7cf7222c3e08581e4219?s=96&d=mm&r=g\",\"contentUrl\":\"https:\\\/\\\/secure.gravatar.com\\\/avatar\\\/9a839884f24513d8bf063a907c74d8d2483fb1c4bbbf7cf7222c3e08581e4219?s=96&d=mm&r=g\",\"caption\":\"Andrea Brumana\"},\"url\":\"https:\\\/\\\/www.planetel.it\\\/en\\\/author\\\/a-brumana\\\/\"}]}<\/script>\n<!-- \/ Yoast SEO plugin. -->","yoast_head_json":{"title":"Planetel affitta il ramo di ORA-0 per rafforzare competenze digitali.","description":"Planetel annuncia l\u2019affitto del ramo d\u2019azienda di ORA-0 S.r.l.: pi\u00f9 competenze in cyber security, nuovi servizi e continuit\u00e0 per i clienti.","robots":{"index":"index","follow":"follow","max-snippet":"max-snippet:-1","max-image-preview":"max-image-preview:large","max-video-preview":"max-video-preview:-1"},"canonical":"https:\/\/www.planetel.it\/en\/2025\/09\/planetel-affitta-il-ramo-dazienda-di-ora-0\/","og_locale":"en_US","og_type":"article","og_title":"Planetel affitta il ramo di ORA-0 per rafforzare competenze digitali.","og_description":"Planetel annuncia l\u2019affitto del ramo d\u2019azienda di ORA-0 S.r.l.: pi\u00f9 competenze in cyber security, nuovi servizi e continuit\u00e0 per i clienti.","og_url":"https:\/\/www.planetel.it\/en\/2025\/09\/planetel-affitta-il-ramo-dazienda-di-ora-0\/","og_site_name":"Planetel","article_publisher":"https:\/\/www.facebook.com\/planetelspa","article_published_time":"2025-09-05T14:37:40+00:00","article_modified_time":"2025-09-09T07:36:52+00:00","og_image":[{"width":1200,"height":630,"url":"https:\/\/www.planetel.it\/wp-content\/uploads\/2025\/09\/Copertina-Orazero.png","type":"image\/png"}],"twitter_card":"summary_large_image","twitter_misc":{"Written by":"Andrea Brumana","Est. reading time":"3 minutes"},"schema":{"@context":"https:\/\/schema.org","@graph":[{"@type":"Article","@id":"https:\/\/www.planetel.it\/en\/2025\/09\/planetel-affitta-il-ramo-dazienda-di-ora-0\/#article","isPartOf":{"@id":"https:\/\/www.planetel.it\/en\/2025\/09\/planetel-affitta-il-ramo-dazienda-di-ora-0\/"},"author":{"name":"Andrea Brumana","@id":"https:\/\/www.planetel.it\/en\/#\/schema\/person\/8e74703d23ff222042246a845bb004fa"},"headline":"Planetel affitta il ramo d\u2019azienda di ORA-0: pi\u00f9 competenze in cyber security, ICT e R&amp;S.","datePublished":"2025-09-05T14:37:40+00:00","dateModified":"2025-09-09T07:36:52+00:00","mainEntityOfPage":{"@id":"https:\/\/www.planetel.it\/en\/2025\/09\/planetel-affitta-il-ramo-dazienda-di-ora-0\/"},"wordCount":533,"publisher":{"@id":"https:\/\/www.planetel.it\/en\/#organization"},"image":{"@id":"https:\/\/www.planetel.it\/en\/2025\/09\/planetel-affitta-il-ramo-dazienda-di-ora-0\/#primaryimage"},"thumbnailUrl":"https:\/\/www.planetel.it\/wp-content\/uploads\/2025\/09\/Copertina-Orazero.png","keywords":["Servizi digitali","Affitto","ORA-0","cybersecurity","Planetel"],"articleSection":["Azienda","Planetel","Il gruppo"],"inLanguage":"en-US"},{"@type":"WebPage","@id":"https:\/\/www.planetel.it\/en\/2025\/09\/planetel-affitta-il-ramo-dazienda-di-ora-0\/","url":"https:\/\/www.planetel.it\/en\/2025\/09\/planetel-affitta-il-ramo-dazienda-di-ora-0\/","name":"Planetel affitta il ramo di ORA-0 per rafforzare competenze digitali.","isPartOf":{"@id":"https:\/\/www.planetel.it\/en\/#website"},"primaryImageOfPage":{"@id":"https:\/\/www.planetel.it\/en\/2025\/09\/planetel-affitta-il-ramo-dazienda-di-ora-0\/#primaryimage"},"image":{"@id":"https:\/\/www.planetel.it\/en\/2025\/09\/planetel-affitta-il-ramo-dazienda-di-ora-0\/#primaryimage"},"thumbnailUrl":"https:\/\/www.planetel.it\/wp-content\/uploads\/2025\/09\/Copertina-Orazero.png","datePublished":"2025-09-05T14:37:40+00:00","dateModified":"2025-09-09T07:36:52+00:00","description":"Planetel annuncia l\u2019affitto del ramo d\u2019azienda di ORA-0 S.r.l.: pi\u00f9 competenze in cyber security, nuovi servizi e continuit\u00e0 per i clienti.","breadcrumb":{"@id":"https:\/\/www.planetel.it\/en\/2025\/09\/planetel-affitta-il-ramo-dazienda-di-ora-0\/#breadcrumb"},"inLanguage":"en-US","potentialAction":[{"@type":"ReadAction","target":["https:\/\/www.planetel.it\/en\/2025\/09\/planetel-affitta-il-ramo-dazienda-di-ora-0\/"]}]},{"@type":"ImageObject","inLanguage":"en-US","@id":"https:\/\/www.planetel.it\/en\/2025\/09\/planetel-affitta-il-ramo-dazienda-di-ora-0\/#primaryimage","url":"https:\/\/www.planetel.it\/wp-content\/uploads\/2025\/09\/Copertina-Orazero.png","contentUrl":"https:\/\/www.planetel.it\/wp-content\/uploads\/2025\/09\/Copertina-Orazero.png","width":1200,"height":630,"caption":"ORA-0"},{"@type":"BreadcrumbList","@id":"https:\/\/www.planetel.it\/en\/2025\/09\/planetel-affitta-il-ramo-dazienda-di-ora-0\/#breadcrumb","itemListElement":[{"@type":"ListItem","position":1,"name":"Home","item":"https:\/\/www.planetel.it\/en\/"},{"@type":"ListItem","position":2,"name":"Azienda","item":"https:\/\/www.planetel.it\/news\/blog\/categoria\/azienda\/"},{"@type":"ListItem","position":3,"name":"Planetel","item":"https:\/\/www.planetel.it\/news\/blog\/categoria\/planetel\/"},{"@type":"ListItem","position":4,"name":"Planetel affitta il ramo d\u2019azienda di ORA-0: pi\u00f9 competenze in cyber security, ICT e R&amp;S."}]},{"@type":"WebSite","@id":"https:\/\/www.planetel.it\/en\/#website","url":"https:\/\/www.planetel.it\/en\/","name":"Planetel","description":"Pi\u00f9 che una connessione","publisher":{"@id":"https:\/\/www.planetel.it\/en\/#organization"},"potentialAction":[{"@type":"SearchAction","target":{"@type":"EntryPoint","urlTemplate":"https:\/\/www.planetel.it\/en\/?s={search_term_string}"},"query-input":{"@type":"PropertyValueSpecification","valueRequired":true,"valueName":"search_term_string"}}],"inLanguage":"en-US"},{"@type":"Organization","@id":"https:\/\/www.planetel.it\/en\/#organization","name":"Planetel S.p.A.","url":"https:\/\/www.planetel.it\/en\/","logo":{"@type":"ImageObject","inLanguage":"en-US","@id":"https:\/\/www.planetel.it\/en\/#\/schema\/logo\/image\/","url":"https:\/\/www.planetel.it\/wp-content\/uploads\/2024\/04\/logo-group-planetel.svg","contentUrl":"https:\/\/www.planetel.it\/wp-content\/uploads\/2024\/04\/logo-group-planetel.svg","width":1,"height":1,"caption":"Planetel S.p.A."},"image":{"@id":"https:\/\/www.planetel.it\/en\/#\/schema\/logo\/image\/"},"sameAs":["https:\/\/www.facebook.com\/planetelspa","https:\/\/www.linkedin.com\/company\/planetel","https:\/\/www.instagram.com\/planetelspa"]},{"@type":"Person","@id":"https:\/\/www.planetel.it\/en\/#\/schema\/person\/8e74703d23ff222042246a845bb004fa","name":"Andrea Brumana","image":{"@type":"ImageObject","inLanguage":"en-US","@id":"https:\/\/secure.gravatar.com\/avatar\/9a839884f24513d8bf063a907c74d8d2483fb1c4bbbf7cf7222c3e08581e4219?s=96&d=mm&r=g","url":"https:\/\/secure.gravatar.com\/avatar\/9a839884f24513d8bf063a907c74d8d2483fb1c4bbbf7cf7222c3e08581e4219?s=96&d=mm&r=g","contentUrl":"https:\/\/secure.gravatar.com\/avatar\/9a839884f24513d8bf063a907c74d8d2483fb1c4bbbf7cf7222c3e08581e4219?s=96&d=mm&r=g","caption":"Andrea Brumana"},"url":"https:\/\/www.planetel.it\/en\/author\/a-brumana\/"}]}},"_links":{"self":[{"href":"https:\/\/www.planetel.it\/en\/wp-json\/wp\/v2\/posts\/70243","targetHints":{"allow":["GET"]}}],"collection":[{"href":"https:\/\/www.planetel.it\/en\/wp-json\/wp\/v2\/posts"}],"about":[{"href":"https:\/\/www.planetel.it\/en\/wp-json\/wp\/v2\/types\/post"}],"author":[{"embeddable":true,"href":"https:\/\/www.planetel.it\/en\/wp-json\/wp\/v2\/users\/4"}],"replies":[{"embeddable":true,"href":"https:\/\/www.planetel.it\/en\/wp-json\/wp\/v2\/comments?post=70243"}],"version-history":[{"count":3,"href":"https:\/\/www.planetel.it\/en\/wp-json\/wp\/v2\/posts\/70243\/revisions"}],"predecessor-version":[{"id":70472,"href":"https:\/\/www.planetel.it\/en\/wp-json\/wp\/v2\/posts\/70243\/revisions\/70472"}],"wp:featuredmedia":[{"embeddable":true,"href":"https:\/\/www.planetel.it\/en\/wp-json\/wp\/v2\/media\/70244"}],"wp:attachment":[{"href":"https:\/\/www.planetel.it\/en\/wp-json\/wp\/v2\/media?parent=70243"}],"wp:term":[{"taxonomy":"category","embeddable":true,"href":"https:\/\/www.planetel.it\/en\/wp-json\/wp\/v2\/categories?post=70243"},{"taxonomy":"post_tag","embeddable":true,"href":"https:\/\/www.planetel.it\/en\/wp-json\/wp\/v2\/tags?post=70243"},{"taxonomy":"service_category","embeddable":true,"href":"https:\/\/www.planetel.it\/en\/wp-json\/wp\/v2\/service_category?post=70243"}],"curies":[{"name":"wp","href":"https:\/\/api.w.org\/{rel}","templated":true}]}}