{"id":70811,"date":"2025-09-15T16:34:47","date_gmt":"2025-09-15T14:34:47","guid":{"rendered":"https:\/\/www.planetel.it\/?p=70811"},"modified":"2025-09-15T16:34:48","modified_gmt":"2025-09-15T14:34:48","slug":"planetel-partner-museo-degli-alpini-di-lugagnano","status":"publish","type":"post","link":"https:\/\/www.planetel.it\/en\/2025\/09\/planetel-partner-museo-degli-alpini-di-lugagnano\/","title":{"rendered":"Planetel partner tecnologico del Museo degli Alpini di Lugagnano di Sona"},"content":{"rendered":"\n<p>Planetel rafforza il proprio legame con il territorio e con la comunit\u00e0 veneta diventando <strong>partner tecnologico del <\/strong><a href=\"https:\/\/www.museostoricoalpini.it\/\" target=\"_blank\" rel=\"noreferrer noopener\"><strong>Museo degli Alpini<\/strong><\/a><strong> di Lugagnano di Sona<\/strong>, realt\u00e0 culturale e storica che custodisce e valorizza le testimonianze della tradizione alpina e della civilt\u00e0 locale.<\/p>\n\n\n\n<p>Una scelta che ha un risvolto sociale significativo, confermando la nostra attenzione non solo verso lo sviluppo tecnologico e infrastrutturale di questa area, ma anche verso il <strong>patrimonio socioculturale<\/strong> delle comunit\u00e0 in cui operiamo.<\/p>\n\n\n\n<div style=\"height:50px\" aria-hidden=\"true\" class=\"wp-block-spacer\"><\/div>\n\n\n<h2 class=\"wp-block-heading\" id=\"planetel-e-museo-degli-alpini-una-partnership-che-connette-storia-e-futuro\">Planetel e Museo degli Alpini: una partnership che connette storia e futuro<\/h2>\n\n\n<p>Il Museo degli Alpini di Lugagnano, recentemente ampliato e pronto a celebrare i <strong>100 anni del Gruppo <\/strong>con quattro giorni di eventi (dal 18 al 21 settembre 2025), rappresenta oggi un punto di riferimento per la memoria collettiva e per la didattica. La sua missione \u00e8 custodire reperti militari delle due guerre mondiali, documenti storici, oggetti della civilt\u00e0 contadina e testimonianze della vita quotidiana, offrendo a studenti, famiglie e visitatori un\u2019<strong>esperienza educativa stimolante e accessibile a tutti<\/strong>, fedele al motto: <em>\u201cUn museo di tutti e per tutti\u201d<\/em>.<\/p>\n\n\n\n<p>Diventando <strong>partner ufficiale per la connettivit\u00e0 della sede<\/strong>, Planetel garantisce al Museo una rete veloce, stabile e sicura, fondamentale per la gestione e la valorizzazione del patrimonio storico. La <strong>partnership tecnologica Planetel &#8211; Museo Alpini<\/strong> \u00e8 un esempio concreto di come la tecnologia possa supportare non solo imprese e famiglie, ma anche realt\u00e0 culturali e associative.<\/p>\n\n\n\n<p>Grazie alla nuova connettivit\u00e0, il Museo potr\u00e0 ampliare le proprie attivit\u00e0 didattiche, rendere pi\u00f9 accessibili i contenuti digitali e migliorare i servizi offerti a visitatori, scuole e comunit\u00e0 locali. Un tassello che unisce memoria e innovazione, tradizione e futuro.<\/p>\n\n\n\n<div style=\"height:50px\" aria-hidden=\"true\" class=\"wp-block-spacer\"><\/div>\n\n\n<h2 class=\"wp-block-heading\" id=\"limpegno-esg-e-territoriale-di-planetel\">L\u2019impegno ESG e territoriale di Planetel<\/h2>\n\n\n<p>Questa iniziativa si inserisce nel pi\u00f9 ampio percorso di <a href=\"https:\/\/www.planetel.it\/il-nostro-impegno\/\" target=\"_blank\" rel=\"noreferrer noopener\"><strong>impegno ESG Planetel<\/strong><\/a>, che da sempre guarda alla sostenibilit\u00e0, al rispetto dell\u2019ambiente e al sostegno delle comunit\u00e0 locali. Sponsorizzazioni culturali, iniziative sportive, progetti educativi e ambientali testimoniano l\u2019attenzione costante dell\u2019azienda a costruire un futuro in cui la <strong>tecnologia sia al servizio delle persone e del territorio<\/strong>.<\/p>\n\n\n\n<p>Sostenere il Museo degli Alpini significa anche <strong>rafforzare il legame con la memoria storica<\/strong>, valorizzando l\u2019identit\u00e0 di una comunit\u00e0 e trasmettendo valori di solidariet\u00e0, impegno civile e inclusione. Un passo che conferma la nostra volont\u00e0 di essere non solo un provider di connettivit\u00e0 e servizi digitali, ma un vero e proprio <strong>partner di crescita sociale e culturale<\/strong>.<\/p>\n","protected":false},"excerpt":{"rendered":"<p>Planetel rafforza il proprio legame con il territorio e con la comunit\u00e0 veneta diventando partner tecnologico del Museo degli Alpini di Lugagnano di Sona, realt\u00e0 culturale e storica che custodisce e valorizza le testimonianze della tradizione alpina e della civilt\u00e0 locale. Una scelta che ha un risvolto sociale significativo, confermando la nostra attenzione non solo [&hellip;]<\/p>\n","protected":false},"author":4,"featured_media":70812,"comment_status":"closed","ping_status":"closed","sticky":false,"template":"","format":"standard","meta":{"_acf_changed":false,"footnotes":""},"categories":[691,672,729],"tags":[962,961,358],"service_category":[],"class_list":["post-70811","post","type-post","status-publish","format-standard","has-post-thumbnail","hentry","category-telecomunicazioni","category-planetel","category-sponsorizzazioni","tag-lugagnano","tag-museo-alpini","tag-planetel"],"acf":[],"yoast_head":"<!-- This site is optimized with the Yoast SEO plugin v27.3 - https:\/\/yoast.com\/product\/yoast-seo-wordpress\/ -->\n<title>Planetel partner tecnologico del Museo degli Alpini di Lugagnano<\/title>\n<meta name=\"description\" content=\"Planetel sostiene il Museo degli Alpini di Lugagnano come partner tecnologico per la connettivit\u00e0, rafforzando l\u2019impegno ESG sul territorio.\" \/>\n<meta name=\"robots\" content=\"index, follow, max-snippet:-1, max-image-preview:large, max-video-preview:-1\" \/>\n<link rel=\"canonical\" href=\"https:\/\/www.planetel.it\/en\/2025\/09\/planetel-partner-museo-degli-alpini-di-lugagnano\/\" \/>\n<meta property=\"og:locale\" content=\"en_US\" \/>\n<meta property=\"og:type\" content=\"article\" \/>\n<meta property=\"og:title\" content=\"Planetel partner tecnologico del Museo degli Alpini di Lugagnano\" \/>\n<meta property=\"og:description\" content=\"Planetel sostiene il Museo degli Alpini di Lugagnano come partner tecnologico per la connettivit\u00e0, rafforzando l\u2019impegno ESG sul territorio.\" \/>\n<meta property=\"og:url\" content=\"https:\/\/www.planetel.it\/en\/2025\/09\/planetel-partner-museo-degli-alpini-di-lugagnano\/\" \/>\n<meta property=\"og:site_name\" content=\"Planetel\" \/>\n<meta property=\"article:publisher\" content=\"https:\/\/www.facebook.com\/planetelspa\" \/>\n<meta property=\"article:published_time\" content=\"2025-09-15T14:34:47+00:00\" \/>\n<meta property=\"article:modified_time\" content=\"2025-09-15T14:34:48+00:00\" \/>\n<meta property=\"og:image\" content=\"https:\/\/www.planetel.it\/wp-content\/uploads\/2025\/09\/Sponsor-Museo-Alpini_2025.png\" \/>\n\t<meta property=\"og:image:width\" content=\"1200\" \/>\n\t<meta property=\"og:image:height\" content=\"630\" \/>\n\t<meta property=\"og:image:type\" content=\"image\/png\" \/>\n<meta name=\"twitter:card\" content=\"summary_large_image\" \/>\n<meta name=\"twitter:label1\" content=\"Written by\" \/>\n\t<meta name=\"twitter:data1\" content=\"Andrea Brumana\" \/>\n\t<meta name=\"twitter:label2\" content=\"Est. reading time\" \/>\n\t<meta name=\"twitter:data2\" content=\"3 minutes\" \/>\n<script type=\"application\/ld+json\" class=\"yoast-schema-graph\">{\"@context\":\"https:\\\/\\\/schema.org\",\"@graph\":[{\"@type\":\"Article\",\"@id\":\"https:\\\/\\\/www.planetel.it\\\/en\\\/2025\\\/09\\\/planetel-partner-museo-degli-alpini-di-lugagnano\\\/#article\",\"isPartOf\":{\"@id\":\"https:\\\/\\\/www.planetel.it\\\/en\\\/2025\\\/09\\\/planetel-partner-museo-degli-alpini-di-lugagnano\\\/\"},\"author\":{\"name\":\"Andrea Brumana\",\"@id\":\"https:\\\/\\\/www.planetel.it\\\/en\\\/#\\\/schema\\\/person\\\/8e74703d23ff222042246a845bb004fa\"},\"headline\":\"Planetel partner tecnologico del Museo degli Alpini di Lugagnano di Sona\",\"datePublished\":\"2025-09-15T14:34:47+00:00\",\"dateModified\":\"2025-09-15T14:34:48+00:00\",\"mainEntityOfPage\":{\"@id\":\"https:\\\/\\\/www.planetel.it\\\/en\\\/2025\\\/09\\\/planetel-partner-museo-degli-alpini-di-lugagnano\\\/\"},\"wordCount\":398,\"publisher\":{\"@id\":\"https:\\\/\\\/www.planetel.it\\\/en\\\/#organization\"},\"image\":{\"@id\":\"https:\\\/\\\/www.planetel.it\\\/en\\\/2025\\\/09\\\/planetel-partner-museo-degli-alpini-di-lugagnano\\\/#primaryimage\"},\"thumbnailUrl\":\"https:\\\/\\\/www.planetel.it\\\/wp-content\\\/uploads\\\/2025\\\/09\\\/Sponsor-Museo-Alpini_2025.png\",\"keywords\":[\"Lugagnano\",\"Museo Alpini\",\"Planetel\"],\"articleSection\":[\"Telecomunicazioni\",\"Planetel\",\"Sponsorizzazioni\"],\"inLanguage\":\"en-US\"},{\"@type\":\"WebPage\",\"@id\":\"https:\\\/\\\/www.planetel.it\\\/en\\\/2025\\\/09\\\/planetel-partner-museo-degli-alpini-di-lugagnano\\\/\",\"url\":\"https:\\\/\\\/www.planetel.it\\\/en\\\/2025\\\/09\\\/planetel-partner-museo-degli-alpini-di-lugagnano\\\/\",\"name\":\"Planetel partner tecnologico del Museo degli Alpini di Lugagnano\",\"isPartOf\":{\"@id\":\"https:\\\/\\\/www.planetel.it\\\/en\\\/#website\"},\"primaryImageOfPage\":{\"@id\":\"https:\\\/\\\/www.planetel.it\\\/en\\\/2025\\\/09\\\/planetel-partner-museo-degli-alpini-di-lugagnano\\\/#primaryimage\"},\"image\":{\"@id\":\"https:\\\/\\\/www.planetel.it\\\/en\\\/2025\\\/09\\\/planetel-partner-museo-degli-alpini-di-lugagnano\\\/#primaryimage\"},\"thumbnailUrl\":\"https:\\\/\\\/www.planetel.it\\\/wp-content\\\/uploads\\\/2025\\\/09\\\/Sponsor-Museo-Alpini_2025.png\",\"datePublished\":\"2025-09-15T14:34:47+00:00\",\"dateModified\":\"2025-09-15T14:34:48+00:00\",\"description\":\"Planetel sostiene il Museo degli Alpini di Lugagnano come partner tecnologico per la connettivit\u00e0, rafforzando l\u2019impegno ESG sul territorio.\",\"breadcrumb\":{\"@id\":\"https:\\\/\\\/www.planetel.it\\\/en\\\/2025\\\/09\\\/planetel-partner-museo-degli-alpini-di-lugagnano\\\/#breadcrumb\"},\"inLanguage\":\"en-US\",\"potentialAction\":[{\"@type\":\"ReadAction\",\"target\":[\"https:\\\/\\\/www.planetel.it\\\/en\\\/2025\\\/09\\\/planetel-partner-museo-degli-alpini-di-lugagnano\\\/\"]}]},{\"@type\":\"ImageObject\",\"inLanguage\":\"en-US\",\"@id\":\"https:\\\/\\\/www.planetel.it\\\/en\\\/2025\\\/09\\\/planetel-partner-museo-degli-alpini-di-lugagnano\\\/#primaryimage\",\"url\":\"https:\\\/\\\/www.planetel.it\\\/wp-content\\\/uploads\\\/2025\\\/09\\\/Sponsor-Museo-Alpini_2025.png\",\"contentUrl\":\"https:\\\/\\\/www.planetel.it\\\/wp-content\\\/uploads\\\/2025\\\/09\\\/Sponsor-Museo-Alpini_2025.png\",\"width\":1200,\"height\":630,\"caption\":\"Museo Alpini\"},{\"@type\":\"BreadcrumbList\",\"@id\":\"https:\\\/\\\/www.planetel.it\\\/en\\\/2025\\\/09\\\/planetel-partner-museo-degli-alpini-di-lugagnano\\\/#breadcrumb\",\"itemListElement\":[{\"@type\":\"ListItem\",\"position\":1,\"name\":\"Home\",\"item\":\"https:\\\/\\\/www.planetel.it\\\/en\\\/\"},{\"@type\":\"ListItem\",\"position\":2,\"name\":\"Azienda\",\"item\":\"https:\\\/\\\/www.planetel.it\\\/news\\\/blog\\\/categoria\\\/azienda\\\/\"},{\"@type\":\"ListItem\",\"position\":3,\"name\":\"Sponsorizzazioni\",\"item\":\"https:\\\/\\\/www.planetel.it\\\/news\\\/blog\\\/categoria\\\/sponsorizzazioni\\\/\"},{\"@type\":\"ListItem\",\"position\":4,\"name\":\"Planetel partner tecnologico del Museo degli Alpini di Lugagnano di Sona\"}]},{\"@type\":\"WebSite\",\"@id\":\"https:\\\/\\\/www.planetel.it\\\/en\\\/#website\",\"url\":\"https:\\\/\\\/www.planetel.it\\\/en\\\/\",\"name\":\"Planetel\",\"description\":\"Pi\u00f9 che una connessione\",\"publisher\":{\"@id\":\"https:\\\/\\\/www.planetel.it\\\/en\\\/#organization\"},\"potentialAction\":[{\"@type\":\"SearchAction\",\"target\":{\"@type\":\"EntryPoint\",\"urlTemplate\":\"https:\\\/\\\/www.planetel.it\\\/en\\\/?s={search_term_string}\"},\"query-input\":{\"@type\":\"PropertyValueSpecification\",\"valueRequired\":true,\"valueName\":\"search_term_string\"}}],\"inLanguage\":\"en-US\"},{\"@type\":\"Organization\",\"@id\":\"https:\\\/\\\/www.planetel.it\\\/en\\\/#organization\",\"name\":\"Planetel S.p.A.\",\"url\":\"https:\\\/\\\/www.planetel.it\\\/en\\\/\",\"logo\":{\"@type\":\"ImageObject\",\"inLanguage\":\"en-US\",\"@id\":\"https:\\\/\\\/www.planetel.it\\\/en\\\/#\\\/schema\\\/logo\\\/image\\\/\",\"url\":\"https:\\\/\\\/www.planetel.it\\\/wp-content\\\/uploads\\\/2024\\\/04\\\/logo-group-planetel.svg\",\"contentUrl\":\"https:\\\/\\\/www.planetel.it\\\/wp-content\\\/uploads\\\/2024\\\/04\\\/logo-group-planetel.svg\",\"width\":1,\"height\":1,\"caption\":\"Planetel S.p.A.\"},\"image\":{\"@id\":\"https:\\\/\\\/www.planetel.it\\\/en\\\/#\\\/schema\\\/logo\\\/image\\\/\"},\"sameAs\":[\"https:\\\/\\\/www.facebook.com\\\/planetelspa\",\"https:\\\/\\\/www.linkedin.com\\\/company\\\/planetel\",\"https:\\\/\\\/www.instagram.com\\\/planetelspa\"]},{\"@type\":\"Person\",\"@id\":\"https:\\\/\\\/www.planetel.it\\\/en\\\/#\\\/schema\\\/person\\\/8e74703d23ff222042246a845bb004fa\",\"name\":\"Andrea Brumana\",\"image\":{\"@type\":\"ImageObject\",\"inLanguage\":\"en-US\",\"@id\":\"https:\\\/\\\/secure.gravatar.com\\\/avatar\\\/9a839884f24513d8bf063a907c74d8d2483fb1c4bbbf7cf7222c3e08581e4219?s=96&d=mm&r=g\",\"url\":\"https:\\\/\\\/secure.gravatar.com\\\/avatar\\\/9a839884f24513d8bf063a907c74d8d2483fb1c4bbbf7cf7222c3e08581e4219?s=96&d=mm&r=g\",\"contentUrl\":\"https:\\\/\\\/secure.gravatar.com\\\/avatar\\\/9a839884f24513d8bf063a907c74d8d2483fb1c4bbbf7cf7222c3e08581e4219?s=96&d=mm&r=g\",\"caption\":\"Andrea Brumana\"},\"url\":\"https:\\\/\\\/www.planetel.it\\\/en\\\/author\\\/a-brumana\\\/\"}]}<\/script>\n<!-- \/ Yoast SEO plugin. -->","yoast_head_json":{"title":"Planetel partner tecnologico del Museo degli Alpini di Lugagnano","description":"Planetel sostiene il Museo degli Alpini di Lugagnano come partner tecnologico per la connettivit\u00e0, rafforzando l\u2019impegno ESG sul territorio.","robots":{"index":"index","follow":"follow","max-snippet":"max-snippet:-1","max-image-preview":"max-image-preview:large","max-video-preview":"max-video-preview:-1"},"canonical":"https:\/\/www.planetel.it\/en\/2025\/09\/planetel-partner-museo-degli-alpini-di-lugagnano\/","og_locale":"en_US","og_type":"article","og_title":"Planetel partner tecnologico del Museo degli Alpini di Lugagnano","og_description":"Planetel sostiene il Museo degli Alpini di Lugagnano come partner tecnologico per la connettivit\u00e0, rafforzando l\u2019impegno ESG sul territorio.","og_url":"https:\/\/www.planetel.it\/en\/2025\/09\/planetel-partner-museo-degli-alpini-di-lugagnano\/","og_site_name":"Planetel","article_publisher":"https:\/\/www.facebook.com\/planetelspa","article_published_time":"2025-09-15T14:34:47+00:00","article_modified_time":"2025-09-15T14:34:48+00:00","og_image":[{"width":1200,"height":630,"url":"https:\/\/www.planetel.it\/wp-content\/uploads\/2025\/09\/Sponsor-Museo-Alpini_2025.png","type":"image\/png"}],"twitter_card":"summary_large_image","twitter_misc":{"Written by":"Andrea Brumana","Est. reading time":"3 minutes"},"schema":{"@context":"https:\/\/schema.org","@graph":[{"@type":"Article","@id":"https:\/\/www.planetel.it\/en\/2025\/09\/planetel-partner-museo-degli-alpini-di-lugagnano\/#article","isPartOf":{"@id":"https:\/\/www.planetel.it\/en\/2025\/09\/planetel-partner-museo-degli-alpini-di-lugagnano\/"},"author":{"name":"Andrea Brumana","@id":"https:\/\/www.planetel.it\/en\/#\/schema\/person\/8e74703d23ff222042246a845bb004fa"},"headline":"Planetel partner tecnologico del Museo degli Alpini di Lugagnano di Sona","datePublished":"2025-09-15T14:34:47+00:00","dateModified":"2025-09-15T14:34:48+00:00","mainEntityOfPage":{"@id":"https:\/\/www.planetel.it\/en\/2025\/09\/planetel-partner-museo-degli-alpini-di-lugagnano\/"},"wordCount":398,"publisher":{"@id":"https:\/\/www.planetel.it\/en\/#organization"},"image":{"@id":"https:\/\/www.planetel.it\/en\/2025\/09\/planetel-partner-museo-degli-alpini-di-lugagnano\/#primaryimage"},"thumbnailUrl":"https:\/\/www.planetel.it\/wp-content\/uploads\/2025\/09\/Sponsor-Museo-Alpini_2025.png","keywords":["Lugagnano","Museo Alpini","Planetel"],"articleSection":["Telecomunicazioni","Planetel","Sponsorizzazioni"],"inLanguage":"en-US"},{"@type":"WebPage","@id":"https:\/\/www.planetel.it\/en\/2025\/09\/planetel-partner-museo-degli-alpini-di-lugagnano\/","url":"https:\/\/www.planetel.it\/en\/2025\/09\/planetel-partner-museo-degli-alpini-di-lugagnano\/","name":"Planetel partner tecnologico del Museo degli Alpini di Lugagnano","isPartOf":{"@id":"https:\/\/www.planetel.it\/en\/#website"},"primaryImageOfPage":{"@id":"https:\/\/www.planetel.it\/en\/2025\/09\/planetel-partner-museo-degli-alpini-di-lugagnano\/#primaryimage"},"image":{"@id":"https:\/\/www.planetel.it\/en\/2025\/09\/planetel-partner-museo-degli-alpini-di-lugagnano\/#primaryimage"},"thumbnailUrl":"https:\/\/www.planetel.it\/wp-content\/uploads\/2025\/09\/Sponsor-Museo-Alpini_2025.png","datePublished":"2025-09-15T14:34:47+00:00","dateModified":"2025-09-15T14:34:48+00:00","description":"Planetel sostiene il Museo degli Alpini di Lugagnano come partner tecnologico per la connettivit\u00e0, rafforzando l\u2019impegno ESG sul territorio.","breadcrumb":{"@id":"https:\/\/www.planetel.it\/en\/2025\/09\/planetel-partner-museo-degli-alpini-di-lugagnano\/#breadcrumb"},"inLanguage":"en-US","potentialAction":[{"@type":"ReadAction","target":["https:\/\/www.planetel.it\/en\/2025\/09\/planetel-partner-museo-degli-alpini-di-lugagnano\/"]}]},{"@type":"ImageObject","inLanguage":"en-US","@id":"https:\/\/www.planetel.it\/en\/2025\/09\/planetel-partner-museo-degli-alpini-di-lugagnano\/#primaryimage","url":"https:\/\/www.planetel.it\/wp-content\/uploads\/2025\/09\/Sponsor-Museo-Alpini_2025.png","contentUrl":"https:\/\/www.planetel.it\/wp-content\/uploads\/2025\/09\/Sponsor-Museo-Alpini_2025.png","width":1200,"height":630,"caption":"Museo Alpini"},{"@type":"BreadcrumbList","@id":"https:\/\/www.planetel.it\/en\/2025\/09\/planetel-partner-museo-degli-alpini-di-lugagnano\/#breadcrumb","itemListElement":[{"@type":"ListItem","position":1,"name":"Home","item":"https:\/\/www.planetel.it\/en\/"},{"@type":"ListItem","position":2,"name":"Azienda","item":"https:\/\/www.planetel.it\/news\/blog\/categoria\/azienda\/"},{"@type":"ListItem","position":3,"name":"Sponsorizzazioni","item":"https:\/\/www.planetel.it\/news\/blog\/categoria\/sponsorizzazioni\/"},{"@type":"ListItem","position":4,"name":"Planetel partner tecnologico del Museo degli Alpini di Lugagnano di Sona"}]},{"@type":"WebSite","@id":"https:\/\/www.planetel.it\/en\/#website","url":"https:\/\/www.planetel.it\/en\/","name":"Planetel","description":"Pi\u00f9 che una connessione","publisher":{"@id":"https:\/\/www.planetel.it\/en\/#organization"},"potentialAction":[{"@type":"SearchAction","target":{"@type":"EntryPoint","urlTemplate":"https:\/\/www.planetel.it\/en\/?s={search_term_string}"},"query-input":{"@type":"PropertyValueSpecification","valueRequired":true,"valueName":"search_term_string"}}],"inLanguage":"en-US"},{"@type":"Organization","@id":"https:\/\/www.planetel.it\/en\/#organization","name":"Planetel S.p.A.","url":"https:\/\/www.planetel.it\/en\/","logo":{"@type":"ImageObject","inLanguage":"en-US","@id":"https:\/\/www.planetel.it\/en\/#\/schema\/logo\/image\/","url":"https:\/\/www.planetel.it\/wp-content\/uploads\/2024\/04\/logo-group-planetel.svg","contentUrl":"https:\/\/www.planetel.it\/wp-content\/uploads\/2024\/04\/logo-group-planetel.svg","width":1,"height":1,"caption":"Planetel S.p.A."},"image":{"@id":"https:\/\/www.planetel.it\/en\/#\/schema\/logo\/image\/"},"sameAs":["https:\/\/www.facebook.com\/planetelspa","https:\/\/www.linkedin.com\/company\/planetel","https:\/\/www.instagram.com\/planetelspa"]},{"@type":"Person","@id":"https:\/\/www.planetel.it\/en\/#\/schema\/person\/8e74703d23ff222042246a845bb004fa","name":"Andrea Brumana","image":{"@type":"ImageObject","inLanguage":"en-US","@id":"https:\/\/secure.gravatar.com\/avatar\/9a839884f24513d8bf063a907c74d8d2483fb1c4bbbf7cf7222c3e08581e4219?s=96&d=mm&r=g","url":"https:\/\/secure.gravatar.com\/avatar\/9a839884f24513d8bf063a907c74d8d2483fb1c4bbbf7cf7222c3e08581e4219?s=96&d=mm&r=g","contentUrl":"https:\/\/secure.gravatar.com\/avatar\/9a839884f24513d8bf063a907c74d8d2483fb1c4bbbf7cf7222c3e08581e4219?s=96&d=mm&r=g","caption":"Andrea Brumana"},"url":"https:\/\/www.planetel.it\/en\/author\/a-brumana\/"}]}},"_links":{"self":[{"href":"https:\/\/www.planetel.it\/en\/wp-json\/wp\/v2\/posts\/70811","targetHints":{"allow":["GET"]}}],"collection":[{"href":"https:\/\/www.planetel.it\/en\/wp-json\/wp\/v2\/posts"}],"about":[{"href":"https:\/\/www.planetel.it\/en\/wp-json\/wp\/v2\/types\/post"}],"author":[{"embeddable":true,"href":"https:\/\/www.planetel.it\/en\/wp-json\/wp\/v2\/users\/4"}],"replies":[{"embeddable":true,"href":"https:\/\/www.planetel.it\/en\/wp-json\/wp\/v2\/comments?post=70811"}],"version-history":[{"count":1,"href":"https:\/\/www.planetel.it\/en\/wp-json\/wp\/v2\/posts\/70811\/revisions"}],"predecessor-version":[{"id":70813,"href":"https:\/\/www.planetel.it\/en\/wp-json\/wp\/v2\/posts\/70811\/revisions\/70813"}],"wp:featuredmedia":[{"embeddable":true,"href":"https:\/\/www.planetel.it\/en\/wp-json\/wp\/v2\/media\/70812"}],"wp:attachment":[{"href":"https:\/\/www.planetel.it\/en\/wp-json\/wp\/v2\/media?parent=70811"}],"wp:term":[{"taxonomy":"category","embeddable":true,"href":"https:\/\/www.planetel.it\/en\/wp-json\/wp\/v2\/categories?post=70811"},{"taxonomy":"post_tag","embeddable":true,"href":"https:\/\/www.planetel.it\/en\/wp-json\/wp\/v2\/tags?post=70811"},{"taxonomy":"service_category","embeddable":true,"href":"https:\/\/www.planetel.it\/en\/wp-json\/wp\/v2\/service_category?post=70811"}],"curies":[{"name":"wp","href":"https:\/\/api.w.org\/{rel}","templated":true}]}}