{"id":71155,"date":"2025-09-26T08:30:00","date_gmt":"2025-09-26T06:30:00","guid":{"rendered":"https:\/\/www.planetel.it\/?p=71155"},"modified":"2025-09-22T09:42:57","modified_gmt":"2025-09-22T07:42:57","slug":"planetel-al-days-to-connect-2025-innovazione-e-cloud-al-centro","status":"publish","type":"post","link":"https:\/\/www.planetel.it\/en\/2025\/09\/planetel-al-days-to-connect-2025-innovazione-e-cloud-al-centro\/","title":{"rendered":"Planetel al Days to Connect 2025: innovazione e cloud al centro"},"content":{"rendered":"\n<p>Dal <strong>30 settembre al 1\u00b0 ottobre 2025<\/strong> torna a Nola (NA) la <strong>4\u00aa edizione del <a href=\"https:\/\/daystoconnect.com\/\" target=\"_blank\" rel=\"noreferrer noopener\">Days to Connect<\/a><\/strong>, l\u2019appuntamento che riunisce aziende, professionisti e leader del digitale per confrontarsi su temi chiave come <strong>digital transformation, e-commerce, cloud, AI e networking<\/strong>.<\/p>\n\n\n\n<p>Due giorni intensi di speech, casi di successo e incontri one-to-one che offrono alle imprese l\u2019opportunit\u00e0 di scoprire nuove tecnologie e stringere relazioni strategiche e sinergiche.<\/p>\n\n\n\n<div style=\"height:50px\" aria-hidden=\"true\" class=\"wp-block-spacer\"><\/div>\n\n\n<h2 class=\"wp-block-heading\" id=\"days-to-connect-planetel-presente-con-le-soluzioni-planetelcloud\">Days to Connect: Planetel presente con le soluzioni Planetel.Cloud <\/h2>\n\n\n<p>Anche noi diPlanetel parteciperemo al <strong>Days to Connect 2025<\/strong> con i nostri esperti, pronti a dialogare con partner, imprese e professionisti del settore. Sar\u00e0 l\u2019occasione per presentare la visione del gruppo e confrontarci sulle <a href=\"https:\/\/www.planetel.it\/servizi\/servizi-it-cloud\/\" target=\"_blank\" rel=\"noreferrer noopener\">soluzioni<\/a> che proponiamo per la trasformazione digitale di realt\u00e0 di qualsiasi dimensione.<\/p>\n\n\n\n<div style=\"height:50px\" aria-hidden=\"true\" class=\"wp-block-spacer\"><\/div>\n\n\n<h3 class=\"wp-block-heading\" id=\"le-soluzioni-avanzate-di-planetelcloud-al-days-to-connect\">Le soluzioni avanzate di Planetel.Cloud al Days to Connect<\/h3>\n\n\n<p>Durante l\u2019evento, illustreremo la qualit\u00e0 e le potenzialit\u00e0 della nostra divisione <strong>Planetel.Cloud<\/strong>, che mette a disposizione delle aziende un ampio portafoglio di soluzioni:<\/p>\n\n\n\n<ul class=\"wp-block-list\">\n<li><strong>Servizi cloud<\/strong> scalabili e sicuri;<\/li>\n\n\n\n<li><strong>Cybersecurity <\/strong>con sistemi evoluti per la continuit\u00e0 operativa, attraverso l\u2019esperienza di <a href=\"https:\/\/www.orazerogroup.com\/\" target=\"_blank\" rel=\"noreferrer noopener\">Orazero<\/a>, nuova dipartimento del gruppo Planetel specializzato in soluzioni avanzate di sicurezza informatica.<\/li>\n\n\n\n<li><strong>Servizi IT<\/strong> di supporto, monitoraggio e gestione delle infrastrutture;<\/li>\n\n\n\n<li><strong>Data center e backup<\/strong> affidabili, per garantire performance e sicurezza costanti.<\/li>\n<\/ul>\n\n\n\n<p>Questa presenza \u00e8 un modo per mostrare concretamente come le <strong>soluzioni Planetel<\/strong> possano supportare la crescita e l\u2019innovazione delle imprese.<\/p>\n\n\n\n<div style=\"height:50px\" aria-hidden=\"true\" class=\"wp-block-spacer\"><\/div>\n\n\n<h2 class=\"wp-block-heading\" id=\"perche-il-days-to-connect-e-importante-per-planetel\">Perch\u00e9 il Days to Connect \u00e8 importante per Planetel<\/h2>\n\n\n<p>Partecipare a un contesto che vede presenti realt\u00e0 importanti di caratura nazionale e globale consente a Planetel di posizionarsi tra i protagonisti della trasformazione digitale. \u00c8 un momento per <strong>rafforzare le relazioni<\/strong>, presentare le nostre competenze e consolidare il brand come operatore nazionale di riferimento nelle telecomunicazioni e nei servizi digitali.<\/p>\n\n\n\n<div style=\"height:50px\" aria-hidden=\"true\" class=\"wp-block-spacer\"><\/div>\n\n\n<h3 class=\"wp-block-heading\" id=\"un-legame-con-il-territorio-grazie-a-enjoip\">Un legame con il territorio grazie a EnjoIP<\/h3>\n\n\n<p>La scelta di partecipare a una manifestazione sita a Nola, in provincia di Napoli, non \u00e8 casuale: Planetel ha un rapporto diretto con il territorio campano grazie alla controllata <strong>EnjoIP Srl<\/strong>, realt\u00e0 che opera da anni fornendo servizi digitali e di connettivit\u00e0 nell\u2019area. Questo radicamento locale rende la nostra partecipazione ancora pi\u00f9 significativa, perch\u00e9 ci consente di essere vicini a imprese e comunit\u00e0 del Sud Italia, valorizzando il binomio tra presenza nazionale e prossimit\u00e0 territoriale.<\/p>\n","protected":false},"excerpt":{"rendered":"<p>Dal 30 settembre al 1\u00b0 ottobre 2025 torna a Nola (NA) la 4\u00aa edizione del Days to Connect, l\u2019appuntamento che riunisce aziende, professionisti e leader del digitale per confrontarsi su temi chiave come digital transformation, e-commerce, cloud, AI e networking. Due giorni intensi di speech, casi di successo e incontri one-to-one che offrono alle imprese [&hellip;]<\/p>\n","protected":false},"author":4,"featured_media":71164,"comment_status":"closed","ping_status":"closed","sticky":false,"template":"","format":"standard","meta":{"_acf_changed":false,"footnotes":""},"categories":[698,702,717,718,719,723],"tags":[364,891,963,964,965,358],"service_category":[313],"class_list":["post-71155","post","type-post","status-publish","format-standard","has-post-thumbnail","hentry","category-servizi-it-cloud","category-cybersecurity","category-attivita-commerciali","category-medie-e-grandi-imprese","category-pubblica-amministrazione","category-il-gruppo","tag-cloud","tag-evento-2","tag-days-to-connect","tag-nola","tag-cybersecuirty","tag-planetel","service_category-servizi-it-cloud"],"acf":[],"yoast_head":"<!-- This site is optimized with the Yoast SEO plugin v27.3 - https:\/\/yoast.com\/product\/yoast-seo-wordpress\/ -->\n<title>Planetel al Days to Connect 2025 con le Soluzioni Planetel.Cloud<\/title>\n<meta name=\"description\" content=\"Planetel parteciper\u00e0 al Days to Connect 2025 a Nola. Un\u2019occasione per parlare di Cloud, IT, Cybersecurity e trasformazione digitale.\" \/>\n<meta name=\"robots\" content=\"index, follow, max-snippet:-1, max-image-preview:large, max-video-preview:-1\" \/>\n<link rel=\"canonical\" href=\"https:\/\/www.planetel.it\/en\/2025\/09\/planetel-al-days-to-connect-2025-innovazione-e-cloud-al-centro\/\" \/>\n<meta property=\"og:locale\" content=\"en_US\" \/>\n<meta property=\"og:type\" content=\"article\" \/>\n<meta property=\"og:title\" content=\"Planetel al Days to Connect 2025 con le Soluzioni Planetel.Cloud\" \/>\n<meta property=\"og:description\" content=\"Planetel parteciper\u00e0 al Days to Connect 2025 a Nola. Un\u2019occasione per parlare di Cloud, IT, Cybersecurity e trasformazione digitale.\" \/>\n<meta property=\"og:url\" content=\"https:\/\/www.planetel.it\/en\/2025\/09\/planetel-al-days-to-connect-2025-innovazione-e-cloud-al-centro\/\" \/>\n<meta property=\"og:site_name\" content=\"Planetel\" \/>\n<meta property=\"article:publisher\" content=\"https:\/\/www.facebook.com\/planetelspa\" \/>\n<meta property=\"article:published_time\" content=\"2025-09-26T06:30:00+00:00\" \/>\n<meta property=\"og:image\" content=\"https:\/\/www.planetel.it\/wp-content\/uploads\/2025\/09\/20250926_Daystoconnect.png\" \/>\n\t<meta property=\"og:image:width\" content=\"1200\" \/>\n\t<meta property=\"og:image:height\" content=\"630\" \/>\n\t<meta property=\"og:image:type\" content=\"image\/png\" \/>\n<meta name=\"twitter:card\" content=\"summary_large_image\" \/>\n<meta name=\"twitter:label1\" content=\"Written by\" \/>\n\t<meta name=\"twitter:data1\" content=\"Andrea Brumana\" \/>\n\t<meta name=\"twitter:label2\" content=\"Est. reading time\" \/>\n\t<meta name=\"twitter:data2\" content=\"3 minutes\" \/>\n<script type=\"application\/ld+json\" class=\"yoast-schema-graph\">{\"@context\":\"https:\\\/\\\/schema.org\",\"@graph\":[{\"@type\":\"Article\",\"@id\":\"https:\\\/\\\/www.planetel.it\\\/en\\\/2025\\\/09\\\/planetel-al-days-to-connect-2025-innovazione-e-cloud-al-centro\\\/#article\",\"isPartOf\":{\"@id\":\"https:\\\/\\\/www.planetel.it\\\/en\\\/2025\\\/09\\\/planetel-al-days-to-connect-2025-innovazione-e-cloud-al-centro\\\/\"},\"author\":{\"name\":\"Andrea Brumana\",\"@id\":\"https:\\\/\\\/www.planetel.it\\\/en\\\/#\\\/schema\\\/person\\\/8e74703d23ff222042246a845bb004fa\"},\"headline\":\"Planetel al Days to Connect 2025: innovazione e cloud al centro\",\"datePublished\":\"2025-09-26T06:30:00+00:00\",\"mainEntityOfPage\":{\"@id\":\"https:\\\/\\\/www.planetel.it\\\/en\\\/2025\\\/09\\\/planetel-al-days-to-connect-2025-innovazione-e-cloud-al-centro\\\/\"},\"wordCount\":376,\"publisher\":{\"@id\":\"https:\\\/\\\/www.planetel.it\\\/en\\\/#organization\"},\"image\":{\"@id\":\"https:\\\/\\\/www.planetel.it\\\/en\\\/2025\\\/09\\\/planetel-al-days-to-connect-2025-innovazione-e-cloud-al-centro\\\/#primaryimage\"},\"thumbnailUrl\":\"https:\\\/\\\/www.planetel.it\\\/wp-content\\\/uploads\\\/2025\\\/09\\\/20250926_Daystoconnect.png\",\"keywords\":[\"cloud\",\"Evento\",\"Days to Connect\",\"Nola\",\"Cybersecuirty\",\"Planetel\"],\"articleSection\":[\"Servizi IT &amp; Cloud\",\"Cybersecurity\",\"Attivit\u00e0 commerciali\",\"Medie e grandi Imprese\",\"Pubblica Amministrazione\",\"Il gruppo\"],\"inLanguage\":\"en-US\"},{\"@type\":\"WebPage\",\"@id\":\"https:\\\/\\\/www.planetel.it\\\/en\\\/2025\\\/09\\\/planetel-al-days-to-connect-2025-innovazione-e-cloud-al-centro\\\/\",\"url\":\"https:\\\/\\\/www.planetel.it\\\/en\\\/2025\\\/09\\\/planetel-al-days-to-connect-2025-innovazione-e-cloud-al-centro\\\/\",\"name\":\"Planetel al Days to Connect 2025 con le Soluzioni Planetel.Cloud\",\"isPartOf\":{\"@id\":\"https:\\\/\\\/www.planetel.it\\\/en\\\/#website\"},\"primaryImageOfPage\":{\"@id\":\"https:\\\/\\\/www.planetel.it\\\/en\\\/2025\\\/09\\\/planetel-al-days-to-connect-2025-innovazione-e-cloud-al-centro\\\/#primaryimage\"},\"image\":{\"@id\":\"https:\\\/\\\/www.planetel.it\\\/en\\\/2025\\\/09\\\/planetel-al-days-to-connect-2025-innovazione-e-cloud-al-centro\\\/#primaryimage\"},\"thumbnailUrl\":\"https:\\\/\\\/www.planetel.it\\\/wp-content\\\/uploads\\\/2025\\\/09\\\/20250926_Daystoconnect.png\",\"datePublished\":\"2025-09-26T06:30:00+00:00\",\"description\":\"Planetel parteciper\u00e0 al Days to Connect 2025 a Nola. Un\u2019occasione per parlare di Cloud, IT, Cybersecurity e trasformazione digitale.\",\"breadcrumb\":{\"@id\":\"https:\\\/\\\/www.planetel.it\\\/en\\\/2025\\\/09\\\/planetel-al-days-to-connect-2025-innovazione-e-cloud-al-centro\\\/#breadcrumb\"},\"inLanguage\":\"en-US\",\"potentialAction\":[{\"@type\":\"ReadAction\",\"target\":[\"https:\\\/\\\/www.planetel.it\\\/en\\\/2025\\\/09\\\/planetel-al-days-to-connect-2025-innovazione-e-cloud-al-centro\\\/\"]}]},{\"@type\":\"ImageObject\",\"inLanguage\":\"en-US\",\"@id\":\"https:\\\/\\\/www.planetel.it\\\/en\\\/2025\\\/09\\\/planetel-al-days-to-connect-2025-innovazione-e-cloud-al-centro\\\/#primaryimage\",\"url\":\"https:\\\/\\\/www.planetel.it\\\/wp-content\\\/uploads\\\/2025\\\/09\\\/20250926_Daystoconnect.png\",\"contentUrl\":\"https:\\\/\\\/www.planetel.it\\\/wp-content\\\/uploads\\\/2025\\\/09\\\/20250926_Daystoconnect.png\",\"width\":1200,\"height\":630,\"caption\":\"Days to Connect\"},{\"@type\":\"BreadcrumbList\",\"@id\":\"https:\\\/\\\/www.planetel.it\\\/en\\\/2025\\\/09\\\/planetel-al-days-to-connect-2025-innovazione-e-cloud-al-centro\\\/#breadcrumb\",\"itemListElement\":[{\"@type\":\"ListItem\",\"position\":1,\"name\":\"Home\",\"item\":\"https:\\\/\\\/www.planetel.it\\\/en\\\/\"},{\"@type\":\"ListItem\",\"position\":2,\"name\":\"Servizi\",\"item\":\"https:\\\/\\\/www.planetel.it\\\/news\\\/blog\\\/categoria\\\/servizi\\\/\"},{\"@type\":\"ListItem\",\"position\":3,\"name\":\"Servizi IT &amp; Cloud\",\"item\":\"https:\\\/\\\/www.planetel.it\\\/news\\\/blog\\\/categoria\\\/servizi-it-cloud\\\/\"},{\"@type\":\"ListItem\",\"position\":4,\"name\":\"Planetel al Days to Connect 2025: innovazione e cloud al centro\"}]},{\"@type\":\"WebSite\",\"@id\":\"https:\\\/\\\/www.planetel.it\\\/en\\\/#website\",\"url\":\"https:\\\/\\\/www.planetel.it\\\/en\\\/\",\"name\":\"Planetel\",\"description\":\"Pi\u00f9 che una connessione\",\"publisher\":{\"@id\":\"https:\\\/\\\/www.planetel.it\\\/en\\\/#organization\"},\"potentialAction\":[{\"@type\":\"SearchAction\",\"target\":{\"@type\":\"EntryPoint\",\"urlTemplate\":\"https:\\\/\\\/www.planetel.it\\\/en\\\/?s={search_term_string}\"},\"query-input\":{\"@type\":\"PropertyValueSpecification\",\"valueRequired\":true,\"valueName\":\"search_term_string\"}}],\"inLanguage\":\"en-US\"},{\"@type\":\"Organization\",\"@id\":\"https:\\\/\\\/www.planetel.it\\\/en\\\/#organization\",\"name\":\"Planetel S.p.A.\",\"url\":\"https:\\\/\\\/www.planetel.it\\\/en\\\/\",\"logo\":{\"@type\":\"ImageObject\",\"inLanguage\":\"en-US\",\"@id\":\"https:\\\/\\\/www.planetel.it\\\/en\\\/#\\\/schema\\\/logo\\\/image\\\/\",\"url\":\"https:\\\/\\\/www.planetel.it\\\/wp-content\\\/uploads\\\/2024\\\/04\\\/logo-group-planetel.svg\",\"contentUrl\":\"https:\\\/\\\/www.planetel.it\\\/wp-content\\\/uploads\\\/2024\\\/04\\\/logo-group-planetel.svg\",\"width\":1,\"height\":1,\"caption\":\"Planetel S.p.A.\"},\"image\":{\"@id\":\"https:\\\/\\\/www.planetel.it\\\/en\\\/#\\\/schema\\\/logo\\\/image\\\/\"},\"sameAs\":[\"https:\\\/\\\/www.facebook.com\\\/planetelspa\",\"https:\\\/\\\/www.linkedin.com\\\/company\\\/planetel\",\"https:\\\/\\\/www.instagram.com\\\/planetelspa\"]},{\"@type\":\"Person\",\"@id\":\"https:\\\/\\\/www.planetel.it\\\/en\\\/#\\\/schema\\\/person\\\/8e74703d23ff222042246a845bb004fa\",\"name\":\"Andrea Brumana\",\"image\":{\"@type\":\"ImageObject\",\"inLanguage\":\"en-US\",\"@id\":\"https:\\\/\\\/secure.gravatar.com\\\/avatar\\\/9a839884f24513d8bf063a907c74d8d2483fb1c4bbbf7cf7222c3e08581e4219?s=96&d=mm&r=g\",\"url\":\"https:\\\/\\\/secure.gravatar.com\\\/avatar\\\/9a839884f24513d8bf063a907c74d8d2483fb1c4bbbf7cf7222c3e08581e4219?s=96&d=mm&r=g\",\"contentUrl\":\"https:\\\/\\\/secure.gravatar.com\\\/avatar\\\/9a839884f24513d8bf063a907c74d8d2483fb1c4bbbf7cf7222c3e08581e4219?s=96&d=mm&r=g\",\"caption\":\"Andrea Brumana\"},\"url\":\"https:\\\/\\\/www.planetel.it\\\/en\\\/author\\\/a-brumana\\\/\"}]}<\/script>\n<!-- \/ Yoast SEO plugin. -->","yoast_head_json":{"title":"Planetel al Days to Connect 2025 con le Soluzioni Planetel.Cloud","description":"Planetel parteciper\u00e0 al Days to Connect 2025 a Nola. Un\u2019occasione per parlare di Cloud, IT, Cybersecurity e trasformazione digitale.","robots":{"index":"index","follow":"follow","max-snippet":"max-snippet:-1","max-image-preview":"max-image-preview:large","max-video-preview":"max-video-preview:-1"},"canonical":"https:\/\/www.planetel.it\/en\/2025\/09\/planetel-al-days-to-connect-2025-innovazione-e-cloud-al-centro\/","og_locale":"en_US","og_type":"article","og_title":"Planetel al Days to Connect 2025 con le Soluzioni Planetel.Cloud","og_description":"Planetel parteciper\u00e0 al Days to Connect 2025 a Nola. Un\u2019occasione per parlare di Cloud, IT, Cybersecurity e trasformazione digitale.","og_url":"https:\/\/www.planetel.it\/en\/2025\/09\/planetel-al-days-to-connect-2025-innovazione-e-cloud-al-centro\/","og_site_name":"Planetel","article_publisher":"https:\/\/www.facebook.com\/planetelspa","article_published_time":"2025-09-26T06:30:00+00:00","og_image":[{"width":1200,"height":630,"url":"https:\/\/www.planetel.it\/wp-content\/uploads\/2025\/09\/20250926_Daystoconnect.png","type":"image\/png"}],"twitter_card":"summary_large_image","twitter_misc":{"Written by":"Andrea Brumana","Est. reading time":"3 minutes"},"schema":{"@context":"https:\/\/schema.org","@graph":[{"@type":"Article","@id":"https:\/\/www.planetel.it\/en\/2025\/09\/planetel-al-days-to-connect-2025-innovazione-e-cloud-al-centro\/#article","isPartOf":{"@id":"https:\/\/www.planetel.it\/en\/2025\/09\/planetel-al-days-to-connect-2025-innovazione-e-cloud-al-centro\/"},"author":{"name":"Andrea Brumana","@id":"https:\/\/www.planetel.it\/en\/#\/schema\/person\/8e74703d23ff222042246a845bb004fa"},"headline":"Planetel al Days to Connect 2025: innovazione e cloud al centro","datePublished":"2025-09-26T06:30:00+00:00","mainEntityOfPage":{"@id":"https:\/\/www.planetel.it\/en\/2025\/09\/planetel-al-days-to-connect-2025-innovazione-e-cloud-al-centro\/"},"wordCount":376,"publisher":{"@id":"https:\/\/www.planetel.it\/en\/#organization"},"image":{"@id":"https:\/\/www.planetel.it\/en\/2025\/09\/planetel-al-days-to-connect-2025-innovazione-e-cloud-al-centro\/#primaryimage"},"thumbnailUrl":"https:\/\/www.planetel.it\/wp-content\/uploads\/2025\/09\/20250926_Daystoconnect.png","keywords":["cloud","Evento","Days to Connect","Nola","Cybersecuirty","Planetel"],"articleSection":["Servizi IT &amp; Cloud","Cybersecurity","Attivit\u00e0 commerciali","Medie e grandi Imprese","Pubblica Amministrazione","Il gruppo"],"inLanguage":"en-US"},{"@type":"WebPage","@id":"https:\/\/www.planetel.it\/en\/2025\/09\/planetel-al-days-to-connect-2025-innovazione-e-cloud-al-centro\/","url":"https:\/\/www.planetel.it\/en\/2025\/09\/planetel-al-days-to-connect-2025-innovazione-e-cloud-al-centro\/","name":"Planetel al Days to Connect 2025 con le Soluzioni Planetel.Cloud","isPartOf":{"@id":"https:\/\/www.planetel.it\/en\/#website"},"primaryImageOfPage":{"@id":"https:\/\/www.planetel.it\/en\/2025\/09\/planetel-al-days-to-connect-2025-innovazione-e-cloud-al-centro\/#primaryimage"},"image":{"@id":"https:\/\/www.planetel.it\/en\/2025\/09\/planetel-al-days-to-connect-2025-innovazione-e-cloud-al-centro\/#primaryimage"},"thumbnailUrl":"https:\/\/www.planetel.it\/wp-content\/uploads\/2025\/09\/20250926_Daystoconnect.png","datePublished":"2025-09-26T06:30:00+00:00","description":"Planetel parteciper\u00e0 al Days to Connect 2025 a Nola. Un\u2019occasione per parlare di Cloud, IT, Cybersecurity e trasformazione digitale.","breadcrumb":{"@id":"https:\/\/www.planetel.it\/en\/2025\/09\/planetel-al-days-to-connect-2025-innovazione-e-cloud-al-centro\/#breadcrumb"},"inLanguage":"en-US","potentialAction":[{"@type":"ReadAction","target":["https:\/\/www.planetel.it\/en\/2025\/09\/planetel-al-days-to-connect-2025-innovazione-e-cloud-al-centro\/"]}]},{"@type":"ImageObject","inLanguage":"en-US","@id":"https:\/\/www.planetel.it\/en\/2025\/09\/planetel-al-days-to-connect-2025-innovazione-e-cloud-al-centro\/#primaryimage","url":"https:\/\/www.planetel.it\/wp-content\/uploads\/2025\/09\/20250926_Daystoconnect.png","contentUrl":"https:\/\/www.planetel.it\/wp-content\/uploads\/2025\/09\/20250926_Daystoconnect.png","width":1200,"height":630,"caption":"Days to Connect"},{"@type":"BreadcrumbList","@id":"https:\/\/www.planetel.it\/en\/2025\/09\/planetel-al-days-to-connect-2025-innovazione-e-cloud-al-centro\/#breadcrumb","itemListElement":[{"@type":"ListItem","position":1,"name":"Home","item":"https:\/\/www.planetel.it\/en\/"},{"@type":"ListItem","position":2,"name":"Servizi","item":"https:\/\/www.planetel.it\/news\/blog\/categoria\/servizi\/"},{"@type":"ListItem","position":3,"name":"Servizi IT &amp; Cloud","item":"https:\/\/www.planetel.it\/news\/blog\/categoria\/servizi-it-cloud\/"},{"@type":"ListItem","position":4,"name":"Planetel al Days to Connect 2025: innovazione e cloud al centro"}]},{"@type":"WebSite","@id":"https:\/\/www.planetel.it\/en\/#website","url":"https:\/\/www.planetel.it\/en\/","name":"Planetel","description":"Pi\u00f9 che una connessione","publisher":{"@id":"https:\/\/www.planetel.it\/en\/#organization"},"potentialAction":[{"@type":"SearchAction","target":{"@type":"EntryPoint","urlTemplate":"https:\/\/www.planetel.it\/en\/?s={search_term_string}"},"query-input":{"@type":"PropertyValueSpecification","valueRequired":true,"valueName":"search_term_string"}}],"inLanguage":"en-US"},{"@type":"Organization","@id":"https:\/\/www.planetel.it\/en\/#organization","name":"Planetel S.p.A.","url":"https:\/\/www.planetel.it\/en\/","logo":{"@type":"ImageObject","inLanguage":"en-US","@id":"https:\/\/www.planetel.it\/en\/#\/schema\/logo\/image\/","url":"https:\/\/www.planetel.it\/wp-content\/uploads\/2024\/04\/logo-group-planetel.svg","contentUrl":"https:\/\/www.planetel.it\/wp-content\/uploads\/2024\/04\/logo-group-planetel.svg","width":1,"height":1,"caption":"Planetel S.p.A."},"image":{"@id":"https:\/\/www.planetel.it\/en\/#\/schema\/logo\/image\/"},"sameAs":["https:\/\/www.facebook.com\/planetelspa","https:\/\/www.linkedin.com\/company\/planetel","https:\/\/www.instagram.com\/planetelspa"]},{"@type":"Person","@id":"https:\/\/www.planetel.it\/en\/#\/schema\/person\/8e74703d23ff222042246a845bb004fa","name":"Andrea Brumana","image":{"@type":"ImageObject","inLanguage":"en-US","@id":"https:\/\/secure.gravatar.com\/avatar\/9a839884f24513d8bf063a907c74d8d2483fb1c4bbbf7cf7222c3e08581e4219?s=96&d=mm&r=g","url":"https:\/\/secure.gravatar.com\/avatar\/9a839884f24513d8bf063a907c74d8d2483fb1c4bbbf7cf7222c3e08581e4219?s=96&d=mm&r=g","contentUrl":"https:\/\/secure.gravatar.com\/avatar\/9a839884f24513d8bf063a907c74d8d2483fb1c4bbbf7cf7222c3e08581e4219?s=96&d=mm&r=g","caption":"Andrea Brumana"},"url":"https:\/\/www.planetel.it\/en\/author\/a-brumana\/"}]}},"_links":{"self":[{"href":"https:\/\/www.planetel.it\/en\/wp-json\/wp\/v2\/posts\/71155","targetHints":{"allow":["GET"]}}],"collection":[{"href":"https:\/\/www.planetel.it\/en\/wp-json\/wp\/v2\/posts"}],"about":[{"href":"https:\/\/www.planetel.it\/en\/wp-json\/wp\/v2\/types\/post"}],"author":[{"embeddable":true,"href":"https:\/\/www.planetel.it\/en\/wp-json\/wp\/v2\/users\/4"}],"replies":[{"embeddable":true,"href":"https:\/\/www.planetel.it\/en\/wp-json\/wp\/v2\/comments?post=71155"}],"version-history":[{"count":1,"href":"https:\/\/www.planetel.it\/en\/wp-json\/wp\/v2\/posts\/71155\/revisions"}],"predecessor-version":[{"id":71156,"href":"https:\/\/www.planetel.it\/en\/wp-json\/wp\/v2\/posts\/71155\/revisions\/71156"}],"wp:featuredmedia":[{"embeddable":true,"href":"https:\/\/www.planetel.it\/en\/wp-json\/wp\/v2\/media\/71164"}],"wp:attachment":[{"href":"https:\/\/www.planetel.it\/en\/wp-json\/wp\/v2\/media?parent=71155"}],"wp:term":[{"taxonomy":"category","embeddable":true,"href":"https:\/\/www.planetel.it\/en\/wp-json\/wp\/v2\/categories?post=71155"},{"taxonomy":"post_tag","embeddable":true,"href":"https:\/\/www.planetel.it\/en\/wp-json\/wp\/v2\/tags?post=71155"},{"taxonomy":"service_category","embeddable":true,"href":"https:\/\/www.planetel.it\/en\/wp-json\/wp\/v2\/service_category?post=71155"}],"curies":[{"name":"wp","href":"https:\/\/api.w.org\/{rel}","templated":true}]}}