{"id":71593,"date":"2025-10-03T08:00:00","date_gmt":"2025-10-03T06:00:00","guid":{"rendered":"https:\/\/www.planetel.it\/?p=71593"},"modified":"2025-09-30T10:50:10","modified_gmt":"2025-09-30T08:50:10","slug":"planetel-sponsor-ufficiale-di-ac-monza-per-la-stagione-2025-2026","status":"publish","type":"post","link":"https:\/\/www.planetel.it\/en\/2025\/10\/planetel-sponsor-ufficiale-di-ac-monza-per-la-stagione-2025-2026\/","title":{"rendered":"Planetel sponsor ufficiale dell\u2019A.C. Monza per la stagione 2025\/2026"},"content":{"rendered":"\n<p>La nuova stagione calcistica porta con s\u00e9 una conferma importante: <strong>Planetel sar\u00e0 sponsor ufficiale dell\u2019AC Monza per il campionato 2025\/2026<\/strong>. Un impegno che ci rende orgogliosi e che rafforza ulteriormente il legame tra il <a href=\"https:\/\/www.planetel.it\/chi-siamo\/il-gruppo-planetel\/\" target=\"_blank\" rel=\"noreferrer noopener\">nostro Gruppo<\/a> e una delle realt\u00e0 sportive pi\u00f9 significative del panorama lombardo.<\/p>\n\n\n\n<p>Questa collaborazione nasce come naturale prosecuzione di un percorso gi\u00e0 avviato negli anni scorsi da <strong>Net-Admin Srl<\/strong>, entrata a far parte del Gruppo Planetel attraverso un processo di acquisizione e successiva fusione. Oggi raccogliamo quell\u2019eredit\u00e0 con entusiasmo e la rilanciamo sotto il segno Planetel, confermando il nostro sostegno a una squadra che rappresenta energia, passione e spirito di comunit\u00e0.<\/p>\n\n\n\n<div style=\"height:50px\" aria-hidden=\"true\" class=\"wp-block-spacer\"><\/div>\n\n\n<h2 class=\"wp-block-heading\" id=\"planetel-e-ac-monza-un-legame-con-il-territorio\">Planetel e A.C. Monza: un legame con il territorio<\/h2>\n\n\n<p>Essere al fianco dell\u2019A.C. Monza significa per noi molto pi\u00f9 che apparire su cartelloni e led: \u00e8 un segnale concreto di <strong>vicinanza al territorio e alle sue eccellenze sportive<\/strong>.<br>Il calcio e lo sport, cos\u00ec come le nostre soluzioni, uniscono persone, storie e comunit\u00e0. Per questo crediamo che il <a href=\"https:\/\/www.planetel.it\/il-nostro-impegno\/\" target=\"_blank\" rel=\"noreferrer noopener\">nostro impegno<\/a> al fianco del Monza rifletta appieno i valori che da sempre guidano Planetel: <strong>investire nelle relazioni, creare connessioni solide e generare valore condiviso<\/strong>.<\/p>\n\n\n\n<p>Sostenere una realt\u00e0 come l\u2019A.C. Monza significa accompagnare da vicino la crescita di una squadra che negli ultimi anni ha saputo conquistare traguardi prestigiosi, diventando punto di riferimento non solo sportivo ma anche sociale per la citt\u00e0 e la provincia.<\/p>\n\n\n\n<div style=\"height:50px\" aria-hidden=\"true\" class=\"wp-block-spacer\"><\/div>\n\n\n<h2 class=\"wp-block-heading\" id=\"opportunita-speciali-per-clienti-e-collaboratori\">Opportunit\u00e0 speciali per clienti e collaboratori<\/h2>\n\n\n<p>Questa sponsorizzazione non sar\u00e0 soltanto un\u2019occasione di visibilit\u00e0, ma anche un\u2019opportunit\u00e0 da condividere. Nel corso della stagione, infatti, <strong>metteremo a disposizione dei biglietti per assistere alle partite casalinghe del Monza<\/strong>, dedicati sia ai nostri clienti sia ai nostri collaboratori.<\/p>\n\n\n\n<p>Un modo concreto per vivere insieme la passione sportiva, rafforzando quel senso di comunit\u00e0 che \u00e8 al centro della nostra identit\u00e0 aziendale.<\/p>\n\n\n\n<p>Con questa rinnovata collaborazione vogliamo ribadire il nostro impegno nel <strong>sostenere lo sport, la cultura e le persone del territorio<\/strong>, continuando a essere non solo un provider tecnologico ma un partner attento alla vita delle comunit\u00e0 locali.<\/p>\n","protected":false},"excerpt":{"rendered":"<p>La nuova stagione calcistica porta con s\u00e9 una conferma importante: Planetel sar\u00e0 sponsor ufficiale dell\u2019AC Monza per il campionato 2025\/2026. Un impegno che ci rende orgogliosi e che rafforza ulteriormente il legame tra il nostro Gruppo e una delle realt\u00e0 sportive pi\u00f9 significative del panorama lombardo. Questa collaborazione nasce come naturale prosecuzione di un percorso [&hellip;]<\/p>\n","protected":false},"author":4,"featured_media":71594,"comment_status":"closed","ping_status":"closed","sticky":false,"template":"","format":"standard","meta":{"_acf_changed":false,"footnotes":""},"categories":[672,729],"tags":[358,922,968],"service_category":[],"class_list":["post-71593","post","type-post","status-publish","format-standard","has-post-thumbnail","hentry","category-planetel","category-sponsorizzazioni","tag-planetel","tag-sponsorizzazioni","tag-a-c-monza"],"acf":[],"yoast_head":"<!-- This site is optimized with the Yoast SEO plugin v27.3 - https:\/\/yoast.com\/product\/yoast-seo-wordpress\/ -->\n<title>Planetel sponsor ufficiale dell\u2019A.C. Monza 2025\/2026<\/title>\n<meta name=\"description\" content=\"Il Gruppo Planetel rinnova la sponsorizzazione con l\u2019A.C. Monza per la stagione 2025\/2026: visibilit\u00e0 e sostegno al territorio.\" \/>\n<meta name=\"robots\" content=\"index, follow, max-snippet:-1, max-image-preview:large, max-video-preview:-1\" \/>\n<link rel=\"canonical\" href=\"https:\/\/www.planetel.it\/en\/2025\/10\/planetel-sponsor-ufficiale-di-ac-monza-per-la-stagione-2025-2026\/\" \/>\n<meta property=\"og:locale\" content=\"en_US\" \/>\n<meta property=\"og:type\" content=\"article\" \/>\n<meta property=\"og:title\" content=\"Planetel sponsor ufficiale dell\u2019A.C. Monza 2025\/2026\" \/>\n<meta property=\"og:description\" content=\"Il Gruppo Planetel rinnova la sponsorizzazione con l\u2019A.C. Monza per la stagione 2025\/2026: visibilit\u00e0 e sostegno al territorio.\" \/>\n<meta property=\"og:url\" content=\"https:\/\/www.planetel.it\/en\/2025\/10\/planetel-sponsor-ufficiale-di-ac-monza-per-la-stagione-2025-2026\/\" \/>\n<meta property=\"og:site_name\" content=\"Planetel\" \/>\n<meta property=\"article:publisher\" content=\"https:\/\/www.facebook.com\/planetelspa\" \/>\n<meta property=\"article:published_time\" content=\"2025-10-03T06:00:00+00:00\" \/>\n<meta property=\"og:image\" content=\"https:\/\/www.planetel.it\/wp-content\/uploads\/2025\/09\/Sponsor-Monza-Calcio-2025-26.png\" \/>\n\t<meta property=\"og:image:width\" content=\"1200\" \/>\n\t<meta property=\"og:image:height\" content=\"630\" \/>\n\t<meta property=\"og:image:type\" content=\"image\/png\" \/>\n<meta name=\"twitter:card\" content=\"summary_large_image\" \/>\n<meta name=\"twitter:label1\" content=\"Written by\" \/>\n\t<meta name=\"twitter:data1\" content=\"Andrea Brumana\" \/>\n\t<meta name=\"twitter:label2\" content=\"Est. reading time\" \/>\n\t<meta name=\"twitter:data2\" content=\"2 minutes\" \/>\n<script type=\"application\/ld+json\" class=\"yoast-schema-graph\">{\"@context\":\"https:\\\/\\\/schema.org\",\"@graph\":[{\"@type\":\"Article\",\"@id\":\"https:\\\/\\\/www.planetel.it\\\/en\\\/2025\\\/10\\\/planetel-sponsor-ufficiale-di-ac-monza-per-la-stagione-2025-2026\\\/#article\",\"isPartOf\":{\"@id\":\"https:\\\/\\\/www.planetel.it\\\/en\\\/2025\\\/10\\\/planetel-sponsor-ufficiale-di-ac-monza-per-la-stagione-2025-2026\\\/\"},\"author\":{\"name\":\"Andrea Brumana\",\"@id\":\"https:\\\/\\\/www.planetel.it\\\/en\\\/#\\\/schema\\\/person\\\/8e74703d23ff222042246a845bb004fa\"},\"headline\":\"Planetel sponsor ufficiale dell\u2019A.C. Monza per la stagione 2025\\\/2026\",\"datePublished\":\"2025-10-03T06:00:00+00:00\",\"mainEntityOfPage\":{\"@id\":\"https:\\\/\\\/www.planetel.it\\\/en\\\/2025\\\/10\\\/planetel-sponsor-ufficiale-di-ac-monza-per-la-stagione-2025-2026\\\/\"},\"wordCount\":348,\"publisher\":{\"@id\":\"https:\\\/\\\/www.planetel.it\\\/en\\\/#organization\"},\"image\":{\"@id\":\"https:\\\/\\\/www.planetel.it\\\/en\\\/2025\\\/10\\\/planetel-sponsor-ufficiale-di-ac-monza-per-la-stagione-2025-2026\\\/#primaryimage\"},\"thumbnailUrl\":\"https:\\\/\\\/www.planetel.it\\\/wp-content\\\/uploads\\\/2025\\\/09\\\/Sponsor-Monza-Calcio-2025-26.png\",\"keywords\":[\"Planetel\",\"Sponsorizzazioni\",\"A.C. Monza\"],\"articleSection\":[\"Planetel\",\"Sponsorizzazioni\"],\"inLanguage\":\"en-US\"},{\"@type\":\"WebPage\",\"@id\":\"https:\\\/\\\/www.planetel.it\\\/en\\\/2025\\\/10\\\/planetel-sponsor-ufficiale-di-ac-monza-per-la-stagione-2025-2026\\\/\",\"url\":\"https:\\\/\\\/www.planetel.it\\\/en\\\/2025\\\/10\\\/planetel-sponsor-ufficiale-di-ac-monza-per-la-stagione-2025-2026\\\/\",\"name\":\"Planetel sponsor ufficiale dell\u2019A.C. Monza 2025\\\/2026\",\"isPartOf\":{\"@id\":\"https:\\\/\\\/www.planetel.it\\\/en\\\/#website\"},\"primaryImageOfPage\":{\"@id\":\"https:\\\/\\\/www.planetel.it\\\/en\\\/2025\\\/10\\\/planetel-sponsor-ufficiale-di-ac-monza-per-la-stagione-2025-2026\\\/#primaryimage\"},\"image\":{\"@id\":\"https:\\\/\\\/www.planetel.it\\\/en\\\/2025\\\/10\\\/planetel-sponsor-ufficiale-di-ac-monza-per-la-stagione-2025-2026\\\/#primaryimage\"},\"thumbnailUrl\":\"https:\\\/\\\/www.planetel.it\\\/wp-content\\\/uploads\\\/2025\\\/09\\\/Sponsor-Monza-Calcio-2025-26.png\",\"datePublished\":\"2025-10-03T06:00:00+00:00\",\"description\":\"Il Gruppo Planetel rinnova la sponsorizzazione con l\u2019A.C. Monza per la stagione 2025\\\/2026: visibilit\u00e0 e sostegno al territorio.\",\"breadcrumb\":{\"@id\":\"https:\\\/\\\/www.planetel.it\\\/en\\\/2025\\\/10\\\/planetel-sponsor-ufficiale-di-ac-monza-per-la-stagione-2025-2026\\\/#breadcrumb\"},\"inLanguage\":\"en-US\",\"potentialAction\":[{\"@type\":\"ReadAction\",\"target\":[\"https:\\\/\\\/www.planetel.it\\\/en\\\/2025\\\/10\\\/planetel-sponsor-ufficiale-di-ac-monza-per-la-stagione-2025-2026\\\/\"]}]},{\"@type\":\"ImageObject\",\"inLanguage\":\"en-US\",\"@id\":\"https:\\\/\\\/www.planetel.it\\\/en\\\/2025\\\/10\\\/planetel-sponsor-ufficiale-di-ac-monza-per-la-stagione-2025-2026\\\/#primaryimage\",\"url\":\"https:\\\/\\\/www.planetel.it\\\/wp-content\\\/uploads\\\/2025\\\/09\\\/Sponsor-Monza-Calcio-2025-26.png\",\"contentUrl\":\"https:\\\/\\\/www.planetel.it\\\/wp-content\\\/uploads\\\/2025\\\/09\\\/Sponsor-Monza-Calcio-2025-26.png\",\"width\":1200,\"height\":630,\"caption\":\"A.C. Monza\"},{\"@type\":\"BreadcrumbList\",\"@id\":\"https:\\\/\\\/www.planetel.it\\\/en\\\/2025\\\/10\\\/planetel-sponsor-ufficiale-di-ac-monza-per-la-stagione-2025-2026\\\/#breadcrumb\",\"itemListElement\":[{\"@type\":\"ListItem\",\"position\":1,\"name\":\"Home\",\"item\":\"https:\\\/\\\/www.planetel.it\\\/en\\\/\"},{\"@type\":\"ListItem\",\"position\":2,\"name\":\"Azienda\",\"item\":\"https:\\\/\\\/www.planetel.it\\\/news\\\/blog\\\/categoria\\\/azienda\\\/\"},{\"@type\":\"ListItem\",\"position\":3,\"name\":\"Sponsorizzazioni\",\"item\":\"https:\\\/\\\/www.planetel.it\\\/news\\\/blog\\\/categoria\\\/sponsorizzazioni\\\/\"},{\"@type\":\"ListItem\",\"position\":4,\"name\":\"Planetel sponsor ufficiale dell\u2019A.C. Monza per la stagione 2025\\\/2026\"}]},{\"@type\":\"WebSite\",\"@id\":\"https:\\\/\\\/www.planetel.it\\\/en\\\/#website\",\"url\":\"https:\\\/\\\/www.planetel.it\\\/en\\\/\",\"name\":\"Planetel\",\"description\":\"Pi\u00f9 che una connessione\",\"publisher\":{\"@id\":\"https:\\\/\\\/www.planetel.it\\\/en\\\/#organization\"},\"potentialAction\":[{\"@type\":\"SearchAction\",\"target\":{\"@type\":\"EntryPoint\",\"urlTemplate\":\"https:\\\/\\\/www.planetel.it\\\/en\\\/?s={search_term_string}\"},\"query-input\":{\"@type\":\"PropertyValueSpecification\",\"valueRequired\":true,\"valueName\":\"search_term_string\"}}],\"inLanguage\":\"en-US\"},{\"@type\":\"Organization\",\"@id\":\"https:\\\/\\\/www.planetel.it\\\/en\\\/#organization\",\"name\":\"Planetel S.p.A.\",\"url\":\"https:\\\/\\\/www.planetel.it\\\/en\\\/\",\"logo\":{\"@type\":\"ImageObject\",\"inLanguage\":\"en-US\",\"@id\":\"https:\\\/\\\/www.planetel.it\\\/en\\\/#\\\/schema\\\/logo\\\/image\\\/\",\"url\":\"https:\\\/\\\/www.planetel.it\\\/wp-content\\\/uploads\\\/2024\\\/04\\\/logo-group-planetel.svg\",\"contentUrl\":\"https:\\\/\\\/www.planetel.it\\\/wp-content\\\/uploads\\\/2024\\\/04\\\/logo-group-planetel.svg\",\"width\":1,\"height\":1,\"caption\":\"Planetel S.p.A.\"},\"image\":{\"@id\":\"https:\\\/\\\/www.planetel.it\\\/en\\\/#\\\/schema\\\/logo\\\/image\\\/\"},\"sameAs\":[\"https:\\\/\\\/www.facebook.com\\\/planetelspa\",\"https:\\\/\\\/www.linkedin.com\\\/company\\\/planetel\",\"https:\\\/\\\/www.instagram.com\\\/planetelspa\"]},{\"@type\":\"Person\",\"@id\":\"https:\\\/\\\/www.planetel.it\\\/en\\\/#\\\/schema\\\/person\\\/8e74703d23ff222042246a845bb004fa\",\"name\":\"Andrea Brumana\",\"image\":{\"@type\":\"ImageObject\",\"inLanguage\":\"en-US\",\"@id\":\"https:\\\/\\\/secure.gravatar.com\\\/avatar\\\/9a839884f24513d8bf063a907c74d8d2483fb1c4bbbf7cf7222c3e08581e4219?s=96&d=mm&r=g\",\"url\":\"https:\\\/\\\/secure.gravatar.com\\\/avatar\\\/9a839884f24513d8bf063a907c74d8d2483fb1c4bbbf7cf7222c3e08581e4219?s=96&d=mm&r=g\",\"contentUrl\":\"https:\\\/\\\/secure.gravatar.com\\\/avatar\\\/9a839884f24513d8bf063a907c74d8d2483fb1c4bbbf7cf7222c3e08581e4219?s=96&d=mm&r=g\",\"caption\":\"Andrea Brumana\"},\"url\":\"https:\\\/\\\/www.planetel.it\\\/en\\\/author\\\/a-brumana\\\/\"}]}<\/script>\n<!-- \/ Yoast SEO plugin. -->","yoast_head_json":{"title":"Planetel sponsor ufficiale dell\u2019A.C. Monza 2025\/2026","description":"Il Gruppo Planetel rinnova la sponsorizzazione con l\u2019A.C. Monza per la stagione 2025\/2026: visibilit\u00e0 e sostegno al territorio.","robots":{"index":"index","follow":"follow","max-snippet":"max-snippet:-1","max-image-preview":"max-image-preview:large","max-video-preview":"max-video-preview:-1"},"canonical":"https:\/\/www.planetel.it\/en\/2025\/10\/planetel-sponsor-ufficiale-di-ac-monza-per-la-stagione-2025-2026\/","og_locale":"en_US","og_type":"article","og_title":"Planetel sponsor ufficiale dell\u2019A.C. Monza 2025\/2026","og_description":"Il Gruppo Planetel rinnova la sponsorizzazione con l\u2019A.C. Monza per la stagione 2025\/2026: visibilit\u00e0 e sostegno al territorio.","og_url":"https:\/\/www.planetel.it\/en\/2025\/10\/planetel-sponsor-ufficiale-di-ac-monza-per-la-stagione-2025-2026\/","og_site_name":"Planetel","article_publisher":"https:\/\/www.facebook.com\/planetelspa","article_published_time":"2025-10-03T06:00:00+00:00","og_image":[{"width":1200,"height":630,"url":"https:\/\/www.planetel.it\/wp-content\/uploads\/2025\/09\/Sponsor-Monza-Calcio-2025-26.png","type":"image\/png"}],"twitter_card":"summary_large_image","twitter_misc":{"Written by":"Andrea Brumana","Est. reading time":"2 minutes"},"schema":{"@context":"https:\/\/schema.org","@graph":[{"@type":"Article","@id":"https:\/\/www.planetel.it\/en\/2025\/10\/planetel-sponsor-ufficiale-di-ac-monza-per-la-stagione-2025-2026\/#article","isPartOf":{"@id":"https:\/\/www.planetel.it\/en\/2025\/10\/planetel-sponsor-ufficiale-di-ac-monza-per-la-stagione-2025-2026\/"},"author":{"name":"Andrea Brumana","@id":"https:\/\/www.planetel.it\/en\/#\/schema\/person\/8e74703d23ff222042246a845bb004fa"},"headline":"Planetel sponsor ufficiale dell\u2019A.C. Monza per la stagione 2025\/2026","datePublished":"2025-10-03T06:00:00+00:00","mainEntityOfPage":{"@id":"https:\/\/www.planetel.it\/en\/2025\/10\/planetel-sponsor-ufficiale-di-ac-monza-per-la-stagione-2025-2026\/"},"wordCount":348,"publisher":{"@id":"https:\/\/www.planetel.it\/en\/#organization"},"image":{"@id":"https:\/\/www.planetel.it\/en\/2025\/10\/planetel-sponsor-ufficiale-di-ac-monza-per-la-stagione-2025-2026\/#primaryimage"},"thumbnailUrl":"https:\/\/www.planetel.it\/wp-content\/uploads\/2025\/09\/Sponsor-Monza-Calcio-2025-26.png","keywords":["Planetel","Sponsorizzazioni","A.C. Monza"],"articleSection":["Planetel","Sponsorizzazioni"],"inLanguage":"en-US"},{"@type":"WebPage","@id":"https:\/\/www.planetel.it\/en\/2025\/10\/planetel-sponsor-ufficiale-di-ac-monza-per-la-stagione-2025-2026\/","url":"https:\/\/www.planetel.it\/en\/2025\/10\/planetel-sponsor-ufficiale-di-ac-monza-per-la-stagione-2025-2026\/","name":"Planetel sponsor ufficiale dell\u2019A.C. Monza 2025\/2026","isPartOf":{"@id":"https:\/\/www.planetel.it\/en\/#website"},"primaryImageOfPage":{"@id":"https:\/\/www.planetel.it\/en\/2025\/10\/planetel-sponsor-ufficiale-di-ac-monza-per-la-stagione-2025-2026\/#primaryimage"},"image":{"@id":"https:\/\/www.planetel.it\/en\/2025\/10\/planetel-sponsor-ufficiale-di-ac-monza-per-la-stagione-2025-2026\/#primaryimage"},"thumbnailUrl":"https:\/\/www.planetel.it\/wp-content\/uploads\/2025\/09\/Sponsor-Monza-Calcio-2025-26.png","datePublished":"2025-10-03T06:00:00+00:00","description":"Il Gruppo Planetel rinnova la sponsorizzazione con l\u2019A.C. Monza per la stagione 2025\/2026: visibilit\u00e0 e sostegno al territorio.","breadcrumb":{"@id":"https:\/\/www.planetel.it\/en\/2025\/10\/planetel-sponsor-ufficiale-di-ac-monza-per-la-stagione-2025-2026\/#breadcrumb"},"inLanguage":"en-US","potentialAction":[{"@type":"ReadAction","target":["https:\/\/www.planetel.it\/en\/2025\/10\/planetel-sponsor-ufficiale-di-ac-monza-per-la-stagione-2025-2026\/"]}]},{"@type":"ImageObject","inLanguage":"en-US","@id":"https:\/\/www.planetel.it\/en\/2025\/10\/planetel-sponsor-ufficiale-di-ac-monza-per-la-stagione-2025-2026\/#primaryimage","url":"https:\/\/www.planetel.it\/wp-content\/uploads\/2025\/09\/Sponsor-Monza-Calcio-2025-26.png","contentUrl":"https:\/\/www.planetel.it\/wp-content\/uploads\/2025\/09\/Sponsor-Monza-Calcio-2025-26.png","width":1200,"height":630,"caption":"A.C. Monza"},{"@type":"BreadcrumbList","@id":"https:\/\/www.planetel.it\/en\/2025\/10\/planetel-sponsor-ufficiale-di-ac-monza-per-la-stagione-2025-2026\/#breadcrumb","itemListElement":[{"@type":"ListItem","position":1,"name":"Home","item":"https:\/\/www.planetel.it\/en\/"},{"@type":"ListItem","position":2,"name":"Azienda","item":"https:\/\/www.planetel.it\/news\/blog\/categoria\/azienda\/"},{"@type":"ListItem","position":3,"name":"Sponsorizzazioni","item":"https:\/\/www.planetel.it\/news\/blog\/categoria\/sponsorizzazioni\/"},{"@type":"ListItem","position":4,"name":"Planetel sponsor ufficiale dell\u2019A.C. Monza per la stagione 2025\/2026"}]},{"@type":"WebSite","@id":"https:\/\/www.planetel.it\/en\/#website","url":"https:\/\/www.planetel.it\/en\/","name":"Planetel","description":"Pi\u00f9 che una connessione","publisher":{"@id":"https:\/\/www.planetel.it\/en\/#organization"},"potentialAction":[{"@type":"SearchAction","target":{"@type":"EntryPoint","urlTemplate":"https:\/\/www.planetel.it\/en\/?s={search_term_string}"},"query-input":{"@type":"PropertyValueSpecification","valueRequired":true,"valueName":"search_term_string"}}],"inLanguage":"en-US"},{"@type":"Organization","@id":"https:\/\/www.planetel.it\/en\/#organization","name":"Planetel S.p.A.","url":"https:\/\/www.planetel.it\/en\/","logo":{"@type":"ImageObject","inLanguage":"en-US","@id":"https:\/\/www.planetel.it\/en\/#\/schema\/logo\/image\/","url":"https:\/\/www.planetel.it\/wp-content\/uploads\/2024\/04\/logo-group-planetel.svg","contentUrl":"https:\/\/www.planetel.it\/wp-content\/uploads\/2024\/04\/logo-group-planetel.svg","width":1,"height":1,"caption":"Planetel S.p.A."},"image":{"@id":"https:\/\/www.planetel.it\/en\/#\/schema\/logo\/image\/"},"sameAs":["https:\/\/www.facebook.com\/planetelspa","https:\/\/www.linkedin.com\/company\/planetel","https:\/\/www.instagram.com\/planetelspa"]},{"@type":"Person","@id":"https:\/\/www.planetel.it\/en\/#\/schema\/person\/8e74703d23ff222042246a845bb004fa","name":"Andrea Brumana","image":{"@type":"ImageObject","inLanguage":"en-US","@id":"https:\/\/secure.gravatar.com\/avatar\/9a839884f24513d8bf063a907c74d8d2483fb1c4bbbf7cf7222c3e08581e4219?s=96&d=mm&r=g","url":"https:\/\/secure.gravatar.com\/avatar\/9a839884f24513d8bf063a907c74d8d2483fb1c4bbbf7cf7222c3e08581e4219?s=96&d=mm&r=g","contentUrl":"https:\/\/secure.gravatar.com\/avatar\/9a839884f24513d8bf063a907c74d8d2483fb1c4bbbf7cf7222c3e08581e4219?s=96&d=mm&r=g","caption":"Andrea Brumana"},"url":"https:\/\/www.planetel.it\/en\/author\/a-brumana\/"}]}},"_links":{"self":[{"href":"https:\/\/www.planetel.it\/en\/wp-json\/wp\/v2\/posts\/71593","targetHints":{"allow":["GET"]}}],"collection":[{"href":"https:\/\/www.planetel.it\/en\/wp-json\/wp\/v2\/posts"}],"about":[{"href":"https:\/\/www.planetel.it\/en\/wp-json\/wp\/v2\/types\/post"}],"author":[{"embeddable":true,"href":"https:\/\/www.planetel.it\/en\/wp-json\/wp\/v2\/users\/4"}],"replies":[{"embeddable":true,"href":"https:\/\/www.planetel.it\/en\/wp-json\/wp\/v2\/comments?post=71593"}],"version-history":[{"count":1,"href":"https:\/\/www.planetel.it\/en\/wp-json\/wp\/v2\/posts\/71593\/revisions"}],"predecessor-version":[{"id":71595,"href":"https:\/\/www.planetel.it\/en\/wp-json\/wp\/v2\/posts\/71593\/revisions\/71595"}],"wp:featuredmedia":[{"embeddable":true,"href":"https:\/\/www.planetel.it\/en\/wp-json\/wp\/v2\/media\/71594"}],"wp:attachment":[{"href":"https:\/\/www.planetel.it\/en\/wp-json\/wp\/v2\/media?parent=71593"}],"wp:term":[{"taxonomy":"category","embeddable":true,"href":"https:\/\/www.planetel.it\/en\/wp-json\/wp\/v2\/categories?post=71593"},{"taxonomy":"post_tag","embeddable":true,"href":"https:\/\/www.planetel.it\/en\/wp-json\/wp\/v2\/tags?post=71593"},{"taxonomy":"service_category","embeddable":true,"href":"https:\/\/www.planetel.it\/en\/wp-json\/wp\/v2\/service_category?post=71593"}],"curies":[{"name":"wp","href":"https:\/\/api.w.org\/{rel}","templated":true}]}}